{"id":17626,"date":"2019-07-10T08:30:56","date_gmt":"2019-07-10T06:30:56","guid":{"rendered":"https:\/\/www.immobilienbusiness.ch\/?p=17626"},"modified":"2019-07-10T08:30:56","modified_gmt":"2019-07-10T06:30:56","slug":"kapitalerhoehung-fuer-den-hsc-fonds-im-herbst","status":"publish","type":"post","link":"https:\/\/www.immobilienbusiness.ch\/en\/unternehmen\/2019-07-10\/kapitalerhoehung-fuer-den-hsc-fonds-im-herbst\/","title":{"rendered":"Capital increase for the HSC fund in the fall"},"content":{"rendered":"<figure id=\"attachment_9957\" aria-describedby=\"caption-attachment-9957\" style=\"width: 680px\" class=\"wp-caption alignnone\"><img loading=\"lazy\" decoding=\"async\" class=\"size-medium wp-image-9957\" src=\"https:\/\/www.immobilienbusiness.ch\/wp-content\/uploads\/2017\/11\/IB-News-20171106-Kapitalerh\u00f6hung-Axa-Immovation-Commercial.jpg\" alt=\"\" width=\"680\" height=\"453\" \/><figcaption id=\"caption-attachment-9957\" class=\"wp-caption-text\">The Helvetica Swiss Commercial HSC real estate fund is carrying out a capital increase in the fall (Image: Pixabay)<\/figcaption><\/figure>\n<p>Helvetica Property has announced that the proceeds from the capital increase will be used to finance further acquisitions for Helvetica Swiss Commercial (HSC).<\/p>\n<p>The listing of HSC on the SIX Swiss Exchange is planned for the fourth quarter of 2019. Until then, the fund will continue to be traded over the counter through Banque Cantonale Vaudoise, according to the fund management company. <em>(ah)<\/em><\/p>","protected":false},"excerpt":{"rendered":"<p>Helvetica Property intends to carry out the last capital increase for the Helvetica Swiss Commercial (HSC) real estate fund before its stock market listing in the fall. <\/p>","protected":false},"author":3,"featured_media":9957,"comment_status":"closed","ping_status":"open","sticky":false,"template":"","format":"standard","meta":{"_acf_changed":false,"_yoast_wpseo_focuskw":"HSC","_yoast_wpseo_title":"","_yoast_wpseo_metadesc":"Helvetica Property will im Herbst die letzte Kapitalerh\u00f6hung f\u00fcr den Immobilienfonds Helvetica Swiss Commercial (HSC) vor seiner Kotierung durchf\u00fchren.","_yoast_wpseo_linkdex":44,"pgc_sgb_lightbox_settings":"","footnotes":""},"categories":[988],"tags":[1298,1344,1412],"class_list":["post-17626","post","type-post","status-publish","format-standard","has-post-thumbnail","hentry","category-unternehmen","tag-helvetica-property-investors","tag-immobilienfonds","tag-kapitalerhoehung"],"acf":[],"yoast_head":"<!-- This site is optimized with the Yoast SEO plugin v27.5 - https:\/\/yoast.com\/product\/yoast-seo-wordpress\/ -->\n<title>Kapitalerh\u00f6hung f\u00fcr den HSC-Fonds im Herbst - IMMOBILIEN Business<\/title>\n<meta name=\"description\" content=\"Helvetica Property will im Herbst die letzte Kapitalerh\u00f6hung f\u00fcr den Immobilienfonds Helvetica Swiss Commercial (HSC) vor seiner Kotierung durchf\u00fchren.\" \/>\n<meta name=\"robots\" content=\"index, follow, max-snippet:-1, max-image-preview:large, max-video-preview:-1\" \/>\n<link rel=\"canonical\" href=\"https:\/\/www.immobilienbusiness.ch\/en\/unternehmen\/2019-07-10\/kapitalerhoehung-fuer-den-hsc-fonds-im-herbst\/\" \/>\n<meta property=\"og:locale\" content=\"en_US\" \/>\n<meta property=\"og:type\" content=\"article\" \/>\n<meta property=\"og:title\" content=\"Kapitalerh\u00f6hung f\u00fcr den HSC-Fonds im Herbst - IMMOBILIEN Business\" \/>\n<meta property=\"og:description\" content=\"Helvetica Property will im Herbst die letzte Kapitalerh\u00f6hung f\u00fcr den Immobilienfonds Helvetica Swiss Commercial (HSC) vor seiner Kotierung durchf\u00fchren.\" \/>\n<meta property=\"og:url\" content=\"https:\/\/www.immobilienbusiness.ch\/en\/unternehmen\/2019-07-10\/kapitalerhoehung-fuer-den-hsc-fonds-im-herbst\/\" \/>\n<meta property=\"og:site_name\" content=\"IMMOBILIEN Business\" \/>\n<meta property=\"article:publisher\" content=\"https:\/\/www.facebook.com\/immobilienbusiness\/\" \/>\n<meta property=\"article:published_time\" content=\"2019-07-10T06:30:56+00:00\" \/>\n<meta property=\"og:image\" content=\"https:\/\/www.immobilienbusiness.ch\/wp-content\/uploads\/2017\/11\/IB-News-20171106-Kapitalerhoehung-Axa-Immovation-Commercial.jpg\" \/>\n\t<meta property=\"og:image:width\" content=\"680\" \/>\n\t<meta property=\"og:image:height\" content=\"453\" \/>\n\t<meta property=\"og:image:type\" content=\"image\/jpeg\" \/>\n<meta name=\"author\" content=\"anja.hall\" \/>\n<meta name=\"twitter:card\" content=\"summary_large_image\" \/>\n<meta name=\"twitter:image\" content=\"https:\/\/www.immobilienbusiness.ch\/wp-content\/uploads\/2017\/11\/IB-News-20171106-Kapitalerh\u00f6hung-Axa-Immovation-Commercial.jpg\" \/>\n<script type=\"application\/ld+json\" class=\"yoast-schema-graph\">{\"@context\":\"https:\\\/\\\/schema.org\",\"@graph\":[{\"@type\":\"Article\",\"@id\":\"https:\\\/\\\/www.immobilienbusiness.ch\\\/unternehmen\\\/2019-07-10\\\/kapitalerhoehung-fuer-den-hsc-fonds-im-herbst\\\/#article\",\"isPartOf\":{\"@id\":\"https:\\\/\\\/www.immobilienbusiness.ch\\\/unternehmen\\\/2019-07-10\\\/kapitalerhoehung-fuer-den-hsc-fonds-im-herbst\\\/\"},\"author\":{\"name\":\"anja.hall\",\"@id\":\"https:\\\/\\\/www.immobilienbusiness.ch\\\/#\\\/schema\\\/person\\\/3fc036297b10b9f42d6db5ee932af8c8\"},\"headline\":\"Kapitalerh\u00f6hung f\u00fcr den HSC-Fonds im Herbst\",\"datePublished\":\"2019-07-10T06:30:56+00:00\",\"mainEntityOfPage\":{\"@id\":\"https:\\\/\\\/www.immobilienbusiness.ch\\\/unternehmen\\\/2019-07-10\\\/kapitalerhoehung-fuer-den-hsc-fonds-im-herbst\\\/\"},\"wordCount\":90,\"publisher\":{\"@id\":\"https:\\\/\\\/www.immobilienbusiness.ch\\\/#organization\"},\"image\":{\"@id\":\"https:\\\/\\\/www.immobilienbusiness.ch\\\/unternehmen\\\/2019-07-10\\\/kapitalerhoehung-fuer-den-hsc-fonds-im-herbst\\\/#primaryimage\"},\"thumbnailUrl\":\"https:\\\/\\\/www.immobilienbusiness.ch\\\/wp-content\\\/uploads\\\/2017\\\/11\\\/IB-News-20171106-Kapitalerhoehung-Axa-Immovation-Commercial.jpg\",\"keywords\":[\"Helvetica Property Investors\",\"Immobilienfonds\",\"Kapitalerh\u00f6hung\"],\"articleSection\":[\"UNTERNEHMEN\"],\"inLanguage\":\"en-US\"},{\"@type\":\"WebPage\",\"@id\":\"https:\\\/\\\/www.immobilienbusiness.ch\\\/unternehmen\\\/2019-07-10\\\/kapitalerhoehung-fuer-den-hsc-fonds-im-herbst\\\/\",\"url\":\"https:\\\/\\\/www.immobilienbusiness.ch\\\/unternehmen\\\/2019-07-10\\\/kapitalerhoehung-fuer-den-hsc-fonds-im-herbst\\\/\",\"name\":\"Kapitalerh\u00f6hung f\u00fcr den HSC-Fonds im Herbst - IMMOBILIEN Business\",\"isPartOf\":{\"@id\":\"https:\\\/\\\/www.immobilienbusiness.ch\\\/#website\"},\"primaryImageOfPage\":{\"@id\":\"https:\\\/\\\/www.immobilienbusiness.ch\\\/unternehmen\\\/2019-07-10\\\/kapitalerhoehung-fuer-den-hsc-fonds-im-herbst\\\/#primaryimage\"},\"image\":{\"@id\":\"https:\\\/\\\/www.immobilienbusiness.ch\\\/unternehmen\\\/2019-07-10\\\/kapitalerhoehung-fuer-den-hsc-fonds-im-herbst\\\/#primaryimage\"},\"thumbnailUrl\":\"https:\\\/\\\/www.immobilienbusiness.ch\\\/wp-content\\\/uploads\\\/2017\\\/11\\\/IB-News-20171106-Kapitalerhoehung-Axa-Immovation-Commercial.jpg\",\"datePublished\":\"2019-07-10T06:30:56+00:00\",\"description\":\"Helvetica Property will im Herbst die letzte Kapitalerh\u00f6hung f\u00fcr den Immobilienfonds Helvetica Swiss Commercial (HSC) vor seiner Kotierung durchf\u00fchren.\",\"breadcrumb\":{\"@id\":\"https:\\\/\\\/www.immobilienbusiness.ch\\\/unternehmen\\\/2019-07-10\\\/kapitalerhoehung-fuer-den-hsc-fonds-im-herbst\\\/#breadcrumb\"},\"inLanguage\":\"en-US\",\"potentialAction\":[{\"@type\":\"ReadAction\",\"target\":[\"https:\\\/\\\/www.immobilienbusiness.ch\\\/unternehmen\\\/2019-07-10\\\/kapitalerhoehung-fuer-den-hsc-fonds-im-herbst\\\/\"]}]},{\"@type\":\"ImageObject\",\"inLanguage\":\"en-US\",\"@id\":\"https:\\\/\\\/www.immobilienbusiness.ch\\\/unternehmen\\\/2019-07-10\\\/kapitalerhoehung-fuer-den-hsc-fonds-im-herbst\\\/#primaryimage\",\"url\":\"https:\\\/\\\/www.immobilienbusiness.ch\\\/wp-content\\\/uploads\\\/2017\\\/11\\\/IB-News-20171106-Kapitalerhoehung-Axa-Immovation-Commercial.jpg\",\"contentUrl\":\"https:\\\/\\\/www.immobilienbusiness.ch\\\/wp-content\\\/uploads\\\/2017\\\/11\\\/IB-News-20171106-Kapitalerhoehung-Axa-Immovation-Commercial.jpg\",\"width\":680,\"height\":453,\"caption\":\"Baloise sucht frisches Kapital f\u00fcr weiteres Wachstum des Swiss Property Fund (Bild: Pixabay)\"},{\"@type\":\"BreadcrumbList\",\"@id\":\"https:\\\/\\\/www.immobilienbusiness.ch\\\/unternehmen\\\/2019-07-10\\\/kapitalerhoehung-fuer-den-hsc-fonds-im-herbst\\\/#breadcrumb\",\"itemListElement\":[{\"@type\":\"ListItem\",\"position\":1,\"name\":\"Home\",\"item\":\"https:\\\/\\\/www.immobilienbusiness.ch\\\/\"},{\"@type\":\"ListItem\",\"position\":2,\"name\":\"Kapitalerh\u00f6hung f\u00fcr den HSC-Fonds im Herbst\"}]},{\"@type\":\"WebSite\",\"@id\":\"https:\\\/\\\/www.immobilienbusiness.ch\\\/#website\",\"url\":\"https:\\\/\\\/www.immobilienbusiness.ch\\\/\",\"name\":\"IMMOBILIEN Business\",\"description\":\"Unabh\u00e4ngiges Schweizer Wirtschaftsmagazin mit Fokus auf Immobilien, Architektur- und Bau sowie Investment- und Finanzierung.\",\"publisher\":{\"@id\":\"https:\\\/\\\/www.immobilienbusiness.ch\\\/#organization\"},\"potentialAction\":[{\"@type\":\"SearchAction\",\"target\":{\"@type\":\"EntryPoint\",\"urlTemplate\":\"https:\\\/\\\/www.immobilienbusiness.ch\\\/?s={search_term_string}\"},\"query-input\":{\"@type\":\"PropertyValueSpecification\",\"valueRequired\":true,\"valueName\":\"search_term_string\"}}],\"inLanguage\":\"en-US\"},{\"@type\":\"Organization\",\"@id\":\"https:\\\/\\\/www.immobilienbusiness.ch\\\/#organization\",\"name\":\"IMMOBILIEN Business\",\"url\":\"https:\\\/\\\/www.immobilienbusiness.ch\\\/\",\"logo\":{\"@type\":\"ImageObject\",\"inLanguage\":\"en-US\",\"@id\":\"https:\\\/\\\/www.immobilienbusiness.ch\\\/#\\\/schema\\\/logo\\\/image\\\/\",\"url\":\"https:\\\/\\\/www.immobilienbusiness.ch\\\/wp-content\\\/uploads\\\/2021\\\/07\\\/logo_ib.png\",\"contentUrl\":\"https:\\\/\\\/www.immobilienbusiness.ch\\\/wp-content\\\/uploads\\\/2021\\\/07\\\/logo_ib.png\",\"width\":800,\"height\":181,\"caption\":\"IMMOBILIEN Business\"},\"image\":{\"@id\":\"https:\\\/\\\/www.immobilienbusiness.ch\\\/#\\\/schema\\\/logo\\\/image\\\/\"},\"sameAs\":[\"https:\\\/\\\/www.facebook.com\\\/immobilienbusiness\\\/\"]},{\"@type\":\"Person\",\"@id\":\"https:\\\/\\\/www.immobilienbusiness.ch\\\/#\\\/schema\\\/person\\\/3fc036297b10b9f42d6db5ee932af8c8\",\"name\":\"anja.hall\",\"image\":{\"@type\":\"ImageObject\",\"inLanguage\":\"en-US\",\"@id\":\"https:\\\/\\\/secure.gravatar.com\\\/avatar\\\/066b5a0d447013502c71a5782f4f3469f03cfe595cc2329fb94652fe47511bfb?s=96&d=mm&r=g\",\"url\":\"https:\\\/\\\/secure.gravatar.com\\\/avatar\\\/066b5a0d447013502c71a5782f4f3469f03cfe595cc2329fb94652fe47511bfb?s=96&d=mm&r=g\",\"contentUrl\":\"https:\\\/\\\/secure.gravatar.com\\\/avatar\\\/066b5a0d447013502c71a5782f4f3469f03cfe595cc2329fb94652fe47511bfb?s=96&d=mm&r=g\",\"caption\":\"anja.hall\"},\"url\":\"https:\\\/\\\/www.immobilienbusiness.ch\\\/en\\\/author\\\/anja-hall\\\/\"}]}<\/script>\n<!-- \/ Yoast SEO plugin. -->","yoast_head_json":{"title":"Kapitalerh\u00f6hung f\u00fcr den HSC-Fonds im Herbst - IMMOBILIEN Business","description":"Helvetica Property will im Herbst die letzte Kapitalerh\u00f6hung f\u00fcr den Immobilienfonds Helvetica Swiss Commercial (HSC) vor seiner Kotierung durchf\u00fchren.","robots":{"index":"index","follow":"follow","max-snippet":"max-snippet:-1","max-image-preview":"max-image-preview:large","max-video-preview":"max-video-preview:-1"},"canonical":"https:\/\/www.immobilienbusiness.ch\/en\/unternehmen\/2019-07-10\/kapitalerhoehung-fuer-den-hsc-fonds-im-herbst\/","og_locale":"en_US","og_type":"article","og_title":"Kapitalerh\u00f6hung f\u00fcr den HSC-Fonds im Herbst - IMMOBILIEN Business","og_description":"Helvetica Property will im Herbst die letzte Kapitalerh\u00f6hung f\u00fcr den Immobilienfonds Helvetica Swiss Commercial (HSC) vor seiner Kotierung durchf\u00fchren.","og_url":"https:\/\/www.immobilienbusiness.ch\/en\/unternehmen\/2019-07-10\/kapitalerhoehung-fuer-den-hsc-fonds-im-herbst\/","og_site_name":"IMMOBILIEN Business","article_publisher":"https:\/\/www.facebook.com\/immobilienbusiness\/","article_published_time":"2019-07-10T06:30:56+00:00","og_image":[{"width":680,"height":453,"url":"https:\/\/www.immobilienbusiness.ch\/wp-content\/uploads\/2017\/11\/IB-News-20171106-Kapitalerhoehung-Axa-Immovation-Commercial.jpg","type":"image\/jpeg"}],"author":"anja.hall","twitter_card":"summary_large_image","twitter_image":"https:\/\/www.immobilienbusiness.ch\/wp-content\/uploads\/2017\/11\/IB-News-20171106-Kapitalerh\u00f6hung-Axa-Immovation-Commercial.jpg","schema":{"@context":"https:\/\/schema.org","@graph":[{"@type":"Article","@id":"https:\/\/www.immobilienbusiness.ch\/unternehmen\/2019-07-10\/kapitalerhoehung-fuer-den-hsc-fonds-im-herbst\/#article","isPartOf":{"@id":"https:\/\/www.immobilienbusiness.ch\/unternehmen\/2019-07-10\/kapitalerhoehung-fuer-den-hsc-fonds-im-herbst\/"},"author":{"name":"anja.hall","@id":"https:\/\/www.immobilienbusiness.ch\/#\/schema\/person\/3fc036297b10b9f42d6db5ee932af8c8"},"headline":"Kapitalerh\u00f6hung f\u00fcr den HSC-Fonds im Herbst","datePublished":"2019-07-10T06:30:56+00:00","mainEntityOfPage":{"@id":"https:\/\/www.immobilienbusiness.ch\/unternehmen\/2019-07-10\/kapitalerhoehung-fuer-den-hsc-fonds-im-herbst\/"},"wordCount":90,"publisher":{"@id":"https:\/\/www.immobilienbusiness.ch\/#organization"},"image":{"@id":"https:\/\/www.immobilienbusiness.ch\/unternehmen\/2019-07-10\/kapitalerhoehung-fuer-den-hsc-fonds-im-herbst\/#primaryimage"},"thumbnailUrl":"https:\/\/www.immobilienbusiness.ch\/wp-content\/uploads\/2017\/11\/IB-News-20171106-Kapitalerhoehung-Axa-Immovation-Commercial.jpg","keywords":["Helvetica Property Investors","Immobilienfonds","Kapitalerh\u00f6hung"],"articleSection":["UNTERNEHMEN"],"inLanguage":"en-US"},{"@type":"WebPage","@id":"https:\/\/www.immobilienbusiness.ch\/unternehmen\/2019-07-10\/kapitalerhoehung-fuer-den-hsc-fonds-im-herbst\/","url":"https:\/\/www.immobilienbusiness.ch\/unternehmen\/2019-07-10\/kapitalerhoehung-fuer-den-hsc-fonds-im-herbst\/","name":"Kapitalerh\u00f6hung f\u00fcr den HSC-Fonds im Herbst - IMMOBILIEN Business","isPartOf":{"@id":"https:\/\/www.immobilienbusiness.ch\/#website"},"primaryImageOfPage":{"@id":"https:\/\/www.immobilienbusiness.ch\/unternehmen\/2019-07-10\/kapitalerhoehung-fuer-den-hsc-fonds-im-herbst\/#primaryimage"},"image":{"@id":"https:\/\/www.immobilienbusiness.ch\/unternehmen\/2019-07-10\/kapitalerhoehung-fuer-den-hsc-fonds-im-herbst\/#primaryimage"},"thumbnailUrl":"https:\/\/www.immobilienbusiness.ch\/wp-content\/uploads\/2017\/11\/IB-News-20171106-Kapitalerhoehung-Axa-Immovation-Commercial.jpg","datePublished":"2019-07-10T06:30:56+00:00","description":"Helvetica Property will im Herbst die letzte Kapitalerh\u00f6hung f\u00fcr den Immobilienfonds Helvetica Swiss Commercial (HSC) vor seiner Kotierung durchf\u00fchren.","breadcrumb":{"@id":"https:\/\/www.immobilienbusiness.ch\/unternehmen\/2019-07-10\/kapitalerhoehung-fuer-den-hsc-fonds-im-herbst\/#breadcrumb"},"inLanguage":"en-US","potentialAction":[{"@type":"ReadAction","target":["https:\/\/www.immobilienbusiness.ch\/unternehmen\/2019-07-10\/kapitalerhoehung-fuer-den-hsc-fonds-im-herbst\/"]}]},{"@type":"ImageObject","inLanguage":"en-US","@id":"https:\/\/www.immobilienbusiness.ch\/unternehmen\/2019-07-10\/kapitalerhoehung-fuer-den-hsc-fonds-im-herbst\/#primaryimage","url":"https:\/\/www.immobilienbusiness.ch\/wp-content\/uploads\/2017\/11\/IB-News-20171106-Kapitalerhoehung-Axa-Immovation-Commercial.jpg","contentUrl":"https:\/\/www.immobilienbusiness.ch\/wp-content\/uploads\/2017\/11\/IB-News-20171106-Kapitalerhoehung-Axa-Immovation-Commercial.jpg","width":680,"height":453,"caption":"Baloise sucht frisches Kapital f\u00fcr weiteres Wachstum des Swiss Property Fund (Bild: Pixabay)"},{"@type":"BreadcrumbList","@id":"https:\/\/www.immobilienbusiness.ch\/unternehmen\/2019-07-10\/kapitalerhoehung-fuer-den-hsc-fonds-im-herbst\/#breadcrumb","itemListElement":[{"@type":"ListItem","position":1,"name":"Home","item":"https:\/\/www.immobilienbusiness.ch\/"},{"@type":"ListItem","position":2,"name":"Kapitalerh\u00f6hung f\u00fcr den HSC-Fonds im Herbst"}]},{"@type":"WebSite","@id":"https:\/\/www.immobilienbusiness.ch\/#website","url":"https:\/\/www.immobilienbusiness.ch\/","name":"REAL ESTATE Business","description":"Independent Swiss business magazine focusing on real estate, architecture and construction as well as investment and financing.","publisher":{"@id":"https:\/\/www.immobilienbusiness.ch\/#organization"},"potentialAction":[{"@type":"SearchAction","target":{"@type":"EntryPoint","urlTemplate":"https:\/\/www.immobilienbusiness.ch\/?s={search_term_string}"},"query-input":{"@type":"PropertyValueSpecification","valueRequired":true,"valueName":"search_term_string"}}],"inLanguage":"en-US"},{"@type":"Organization","@id":"https:\/\/www.immobilienbusiness.ch\/#organization","name":"REAL ESTATE Business","url":"https:\/\/www.immobilienbusiness.ch\/","logo":{"@type":"ImageObject","inLanguage":"en-US","@id":"https:\/\/www.immobilienbusiness.ch\/#\/schema\/logo\/image\/","url":"https:\/\/www.immobilienbusiness.ch\/wp-content\/uploads\/2021\/07\/logo_ib.png","contentUrl":"https:\/\/www.immobilienbusiness.ch\/wp-content\/uploads\/2021\/07\/logo_ib.png","width":800,"height":181,"caption":"IMMOBILIEN Business"},"image":{"@id":"https:\/\/www.immobilienbusiness.ch\/#\/schema\/logo\/image\/"},"sameAs":["https:\/\/www.facebook.com\/immobilienbusiness\/"]},{"@type":"Person","@id":"https:\/\/www.immobilienbusiness.ch\/#\/schema\/person\/3fc036297b10b9f42d6db5ee932af8c8","name":"anja.hall","image":{"@type":"ImageObject","inLanguage":"en-US","@id":"https:\/\/secure.gravatar.com\/avatar\/066b5a0d447013502c71a5782f4f3469f03cfe595cc2329fb94652fe47511bfb?s=96&d=mm&r=g","url":"https:\/\/secure.gravatar.com\/avatar\/066b5a0d447013502c71a5782f4f3469f03cfe595cc2329fb94652fe47511bfb?s=96&d=mm&r=g","contentUrl":"https:\/\/secure.gravatar.com\/avatar\/066b5a0d447013502c71a5782f4f3469f03cfe595cc2329fb94652fe47511bfb?s=96&d=mm&r=g","caption":"anja.hall"},"url":"https:\/\/www.immobilienbusiness.ch\/en\/author\/anja-hall\/"}]}},"_links":{"self":[{"href":"https:\/\/www.immobilienbusiness.ch\/en\/wp-json\/wp\/v2\/posts\/17626","targetHints":{"allow":["GET"]}}],"collection":[{"href":"https:\/\/www.immobilienbusiness.ch\/en\/wp-json\/wp\/v2\/posts"}],"about":[{"href":"https:\/\/www.immobilienbusiness.ch\/en\/wp-json\/wp\/v2\/types\/post"}],"author":[{"embeddable":true,"href":"https:\/\/www.immobilienbusiness.ch\/en\/wp-json\/wp\/v2\/users\/3"}],"replies":[{"embeddable":true,"href":"https:\/\/www.immobilienbusiness.ch\/en\/wp-json\/wp\/v2\/comments?post=17626"}],"version-history":[{"count":0,"href":"https:\/\/www.immobilienbusiness.ch\/en\/wp-json\/wp\/v2\/posts\/17626\/revisions"}],"wp:featuredmedia":[{"embeddable":true,"href":"https:\/\/www.immobilienbusiness.ch\/en\/wp-json\/wp\/v2\/media\/9957"}],"wp:attachment":[{"href":"https:\/\/www.immobilienbusiness.ch\/en\/wp-json\/wp\/v2\/media?parent=17626"}],"wp:term":[{"taxonomy":"category","embeddable":true,"href":"https:\/\/www.immobilienbusiness.ch\/en\/wp-json\/wp\/v2\/categories?post=17626"},{"taxonomy":"post_tag","embeddable":true,"href":"https:\/\/www.immobilienbusiness.ch\/en\/wp-json\/wp\/v2\/tags?post=17626"}],"curies":[{"name":"wp","href":"https:\/\/api.w.org\/{rel}","templated":true}]}}