{"id":16765,"date":"2019-04-26T08:14:24","date_gmt":"2019-04-26T06:14:24","guid":{"rendered":"https:\/\/www.immobilienbusiness.ch\/?p=16765"},"modified":"2019-04-26T08:14:24","modified_gmt":"2019-04-26T06:14:24","slug":"zuerich-grossvermietung-in-der-bahnhofstrasse","status":"publish","type":"post","link":"https:\/\/www.immobilienbusiness.ch\/en\/regionen\/2019-04-26\/zuerich-grossvermietung-in-der-bahnhofstrasse\/","title":{"rendered":"Zurich: Large-scale letting in Bahnhofstrasse"},"content":{"rendered":"<figure id=\"attachment_4559\" aria-describedby=\"caption-attachment-4559\" style=\"width: 680px\" class=\"wp-caption alignnone\"><img loading=\"lazy\" decoding=\"async\" class=\"size-medium wp-image-4559\" src=\"https:\/\/www.immobilienbusiness.ch\/wp-content\/uploads\/2015\/07\/Dolce-Gabbana-kommt-an-die-Bahnhofstrasse-immobilien-business.jpg\" alt=\"\" width=\"680\" height=\"436\" srcset=\"https:\/\/www.immobilienbusiness.ch\/wp-content\/uploads\/2015\/07\/Dolce-Gabbana-kommt-an-die-Bahnhofstrasse-immobilien-business.jpg 2560w, https:\/\/www.immobilienbusiness.ch\/wp-content\/uploads\/2015\/07\/Dolce-Gabbana-kommt-an-die-Bahnhofstrasse-immobilien-business-300x193.jpg 300w, https:\/\/www.immobilienbusiness.ch\/wp-content\/uploads\/2015\/07\/Dolce-Gabbana-kommt-an-die-Bahnhofstrasse-immobilien-business-1024x657.jpg 1024w, https:\/\/www.immobilienbusiness.ch\/wp-content\/uploads\/2015\/07\/Dolce-Gabbana-kommt-an-die-Bahnhofstrasse-immobilien-business-768x493.jpg 768w, https:\/\/www.immobilienbusiness.ch\/wp-content\/uploads\/2015\/07\/Dolce-Gabbana-kommt-an-die-Bahnhofstrasse-immobilien-business-1536x986.jpg 1536w, https:\/\/www.immobilienbusiness.ch\/wp-content\/uploads\/2015\/07\/Dolce-Gabbana-kommt-an-die-Bahnhofstrasse-immobilien-business-2048x1314.jpg 2048w, https:\/\/www.immobilienbusiness.ch\/wp-content\/uploads\/2015\/07\/Dolce-Gabbana-kommt-an-die-Bahnhofstrasse-immobilien-business-16x10.jpg 16w, https:\/\/www.immobilienbusiness.ch\/wp-content\/uploads\/2015\/07\/Dolce-Gabbana-kommt-an-die-Bahnhofstrasse-immobilien-business-273x175.jpg 273w, https:\/\/www.immobilienbusiness.ch\/wp-content\/uploads\/2015\/07\/Dolce-Gabbana-kommt-an-die-Bahnhofstrasse-immobilien-business-545x350.jpg 545w, https:\/\/www.immobilienbusiness.ch\/wp-content\/uploads\/2015\/07\/Dolce-Gabbana-kommt-an-die-Bahnhofstrasse-immobilien-business-1247x800.jpg 1247w, https:\/\/www.immobilienbusiness.ch\/wp-content\/uploads\/2015\/07\/Dolce-Gabbana-kommt-an-die-Bahnhofstrasse-immobilien-business-920x590.jpg 920w, https:\/\/www.immobilienbusiness.ch\/wp-content\/uploads\/2015\/07\/Dolce-Gabbana-kommt-an-die-Bahnhofstrasse-immobilien-business-1400x898.jpg 1400w\" sizes=\"auto, (max-width: 680px) 100vw, 680px\" \/><figcaption id=\"caption-attachment-4559\" class=\"wp-caption-text\">The Bahnhofstrasse in Zurich (\u00a9 Wanda-Multimedia GmbH, Bruno Jakob)<\/figcaption><\/figure>\n<p>The real estate service provider was commissioned by the owner of the property at Bahnhofstrasse 13\/17, Swiss Life, to find new tenants for the historic building with a total of around 2,500 sqm of leasable space.<\/p>\n<p>Having already leased more than 1,000 sqm, the media company, which is moving from its previous Zurich location, has been awarded a further 800 sqm on the 1st floor.<\/p>\n<p>In the property, which has been modernized with the finest materials, only the 3rd floor with around 620 sqm is now available, says Gabriela Brandenberg, Head Office and Retail at SPG Intercity Zurich. <em>(bw)<\/em><\/p>","protected":false},"excerpt":{"rendered":"<p>On Zurich's Bahnhofstrasse, SPG Intercity leased 800 sqm of office space to an internationally renowned media company in April. <\/p>","protected":false},"author":3,"featured_media":4559,"comment_status":"closed","ping_status":"open","sticky":false,"template":"","format":"standard","meta":{"_acf_changed":false,"_yoast_wpseo_focuskw":"Bahnhofstrasse","_yoast_wpseo_title":"","_yoast_wpseo_metadesc":"An der Z\u00fcrcher Bahnhofstrasse hat SPG Intercity im April 800 qm B\u00fcrofl\u00e4che an ein international renommiertes Medienunternehmen vermietet.","_yoast_wpseo_linkdex":44,"pgc_sgb_lightbox_settings":"","footnotes":""},"categories":[985],"tags":[1119,1717,1756,1832,1888],"class_list":["post-16765","post","type-post","status-publish","format-standard","has-post-thumbnail","hentry","category-regionen","tag-bueroimmobilien","tag-spg-intercity","tag-swiss-life","tag-vermietung","tag-zuerich"],"acf":[],"yoast_head":"<!-- This site is optimized with the Yoast SEO plugin v27.5 - https:\/\/yoast.com\/product\/yoast-seo-wordpress\/ -->\n<title>Z\u00fcrich: Grossvermietung in der Bahnhofstrasse - IMMOBILIEN Business<\/title>\n<meta name=\"description\" content=\"An der Z\u00fcrcher Bahnhofstrasse hat SPG Intercity im April 800 qm B\u00fcrofl\u00e4che an ein international renommiertes Medienunternehmen vermietet.\" \/>\n<meta name=\"robots\" content=\"index, follow, max-snippet:-1, max-image-preview:large, max-video-preview:-1\" \/>\n<link rel=\"canonical\" href=\"https:\/\/www.immobilienbusiness.ch\/en\/regionen\/2019-04-26\/zuerich-grossvermietung-in-der-bahnhofstrasse\/\" \/>\n<meta property=\"og:locale\" content=\"en_US\" \/>\n<meta property=\"og:type\" content=\"article\" \/>\n<meta property=\"og:title\" content=\"Z\u00fcrich: Grossvermietung in der Bahnhofstrasse - IMMOBILIEN Business\" \/>\n<meta property=\"og:description\" content=\"An der Z\u00fcrcher Bahnhofstrasse hat SPG Intercity im April 800 qm B\u00fcrofl\u00e4che an ein international renommiertes Medienunternehmen vermietet.\" \/>\n<meta property=\"og:url\" content=\"https:\/\/www.immobilienbusiness.ch\/en\/regionen\/2019-04-26\/zuerich-grossvermietung-in-der-bahnhofstrasse\/\" \/>\n<meta property=\"og:site_name\" content=\"IMMOBILIEN Business\" \/>\n<meta property=\"article:publisher\" content=\"https:\/\/www.facebook.com\/immobilienbusiness\/\" \/>\n<meta property=\"article:published_time\" content=\"2019-04-26T06:14:24+00:00\" \/>\n<meta property=\"og:image\" content=\"https:\/\/www.immobilienbusiness.ch\/wp-content\/uploads\/2015\/07\/Dolce-Gabbana-kommt-an-die-Bahnhofstrasse-immobilien-business-1024x657.jpg\" \/>\n\t<meta property=\"og:image:width\" content=\"1024\" \/>\n\t<meta property=\"og:image:height\" content=\"657\" \/>\n\t<meta property=\"og:image:type\" content=\"image\/jpeg\" \/>\n<meta name=\"author\" content=\"anja.hall\" \/>\n<meta name=\"twitter:card\" content=\"summary_large_image\" \/>\n<meta name=\"twitter:image\" content=\"https:\/\/www.immobilienbusiness.ch\/wp-content\/uploads\/2015\/07\/Dolce-Gabbana-kommt-an-die-Bahnhofstrasse-immobilien-business.jpg\" \/>\n<script type=\"application\/ld+json\" class=\"yoast-schema-graph\">{\"@context\":\"https:\\\/\\\/schema.org\",\"@graph\":[{\"@type\":\"Article\",\"@id\":\"https:\\\/\\\/www.immobilienbusiness.ch\\\/de\\\/regionen\\\/2019-04-26\\\/zuerich-grossvermietung-in-der-bahnhofstrasse\\\/#article\",\"isPartOf\":{\"@id\":\"https:\\\/\\\/www.immobilienbusiness.ch\\\/de\\\/regionen\\\/2019-04-26\\\/zuerich-grossvermietung-in-der-bahnhofstrasse\\\/\"},\"author\":{\"name\":\"anja.hall\",\"@id\":\"https:\\\/\\\/www.immobilienbusiness.ch\\\/#\\\/schema\\\/person\\\/3fc036297b10b9f42d6db5ee932af8c8\"},\"headline\":\"Z\u00fcrich: Grossvermietung in der Bahnhofstrasse\",\"datePublished\":\"2019-04-26T06:14:24+00:00\",\"mainEntityOfPage\":{\"@id\":\"https:\\\/\\\/www.immobilienbusiness.ch\\\/de\\\/regionen\\\/2019-04-26\\\/zuerich-grossvermietung-in-der-bahnhofstrasse\\\/\"},\"wordCount\":110,\"publisher\":{\"@id\":\"https:\\\/\\\/www.immobilienbusiness.ch\\\/#organization\"},\"image\":{\"@id\":\"https:\\\/\\\/www.immobilienbusiness.ch\\\/de\\\/regionen\\\/2019-04-26\\\/zuerich-grossvermietung-in-der-bahnhofstrasse\\\/#primaryimage\"},\"thumbnailUrl\":\"https:\\\/\\\/www.immobilienbusiness.ch\\\/wp-content\\\/uploads\\\/2015\\\/07\\\/Dolce-Gabbana-kommt-an-die-Bahnhofstrasse-immobilien-business.jpg\",\"keywords\":[\"B\u00fcroimmobilien\",\"SPG Intercity\",\"Swiss Life\",\"Vermietung\",\"Z\u00fcrich\"],\"articleSection\":[\"REGIONEN\"],\"inLanguage\":\"en-US\"},{\"@type\":\"WebPage\",\"@id\":\"https:\\\/\\\/www.immobilienbusiness.ch\\\/de\\\/regionen\\\/2019-04-26\\\/zuerich-grossvermietung-in-der-bahnhofstrasse\\\/\",\"url\":\"https:\\\/\\\/www.immobilienbusiness.ch\\\/de\\\/regionen\\\/2019-04-26\\\/zuerich-grossvermietung-in-der-bahnhofstrasse\\\/\",\"name\":\"Z\u00fcrich: Grossvermietung in der Bahnhofstrasse - IMMOBILIEN Business\",\"isPartOf\":{\"@id\":\"https:\\\/\\\/www.immobilienbusiness.ch\\\/#website\"},\"primaryImageOfPage\":{\"@id\":\"https:\\\/\\\/www.immobilienbusiness.ch\\\/de\\\/regionen\\\/2019-04-26\\\/zuerich-grossvermietung-in-der-bahnhofstrasse\\\/#primaryimage\"},\"image\":{\"@id\":\"https:\\\/\\\/www.immobilienbusiness.ch\\\/de\\\/regionen\\\/2019-04-26\\\/zuerich-grossvermietung-in-der-bahnhofstrasse\\\/#primaryimage\"},\"thumbnailUrl\":\"https:\\\/\\\/www.immobilienbusiness.ch\\\/wp-content\\\/uploads\\\/2015\\\/07\\\/Dolce-Gabbana-kommt-an-die-Bahnhofstrasse-immobilien-business.jpg\",\"datePublished\":\"2019-04-26T06:14:24+00:00\",\"description\":\"An der Z\u00fcrcher Bahnhofstrasse hat SPG Intercity im April 800 qm B\u00fcrofl\u00e4che an ein international renommiertes Medienunternehmen vermietet.\",\"breadcrumb\":{\"@id\":\"https:\\\/\\\/www.immobilienbusiness.ch\\\/de\\\/regionen\\\/2019-04-26\\\/zuerich-grossvermietung-in-der-bahnhofstrasse\\\/#breadcrumb\"},\"inLanguage\":\"en-US\",\"potentialAction\":[{\"@type\":\"ReadAction\",\"target\":[\"https:\\\/\\\/www.immobilienbusiness.ch\\\/de\\\/regionen\\\/2019-04-26\\\/zuerich-grossvermietung-in-der-bahnhofstrasse\\\/\"]}]},{\"@type\":\"ImageObject\",\"inLanguage\":\"en-US\",\"@id\":\"https:\\\/\\\/www.immobilienbusiness.ch\\\/de\\\/regionen\\\/2019-04-26\\\/zuerich-grossvermietung-in-der-bahnhofstrasse\\\/#primaryimage\",\"url\":\"https:\\\/\\\/www.immobilienbusiness.ch\\\/wp-content\\\/uploads\\\/2015\\\/07\\\/Dolce-Gabbana-kommt-an-die-Bahnhofstrasse-immobilien-business.jpg\",\"contentUrl\":\"https:\\\/\\\/www.immobilienbusiness.ch\\\/wp-content\\\/uploads\\\/2015\\\/07\\\/Dolce-Gabbana-kommt-an-die-Bahnhofstrasse-immobilien-business.jpg\",\"width\":2560,\"height\":1643,\"caption\":\"Obere Bahnhofstrasse (\u00a9 Wanda-Multimedia GmbH, Bruno Jakob)\"},{\"@type\":\"BreadcrumbList\",\"@id\":\"https:\\\/\\\/www.immobilienbusiness.ch\\\/de\\\/regionen\\\/2019-04-26\\\/zuerich-grossvermietung-in-der-bahnhofstrasse\\\/#breadcrumb\",\"itemListElement\":[{\"@type\":\"ListItem\",\"position\":1,\"name\":\"Home\",\"item\":\"https:\\\/\\\/www.immobilienbusiness.ch\\\/\"},{\"@type\":\"ListItem\",\"position\":2,\"name\":\"Z\u00fcrich: Grossvermietung in der Bahnhofstrasse\"}]},{\"@type\":\"WebSite\",\"@id\":\"https:\\\/\\\/www.immobilienbusiness.ch\\\/#website\",\"url\":\"https:\\\/\\\/www.immobilienbusiness.ch\\\/\",\"name\":\"IMMOBILIEN Business\",\"description\":\"Unabh\u00e4ngiges Schweizer Wirtschaftsmagazin mit Fokus auf Immobilien, Architektur- und Bau sowie Investment- und Finanzierung.\",\"publisher\":{\"@id\":\"https:\\\/\\\/www.immobilienbusiness.ch\\\/#organization\"},\"potentialAction\":[{\"@type\":\"SearchAction\",\"target\":{\"@type\":\"EntryPoint\",\"urlTemplate\":\"https:\\\/\\\/www.immobilienbusiness.ch\\\/?s={search_term_string}\"},\"query-input\":{\"@type\":\"PropertyValueSpecification\",\"valueRequired\":true,\"valueName\":\"search_term_string\"}}],\"inLanguage\":\"en-US\"},{\"@type\":\"Organization\",\"@id\":\"https:\\\/\\\/www.immobilienbusiness.ch\\\/#organization\",\"name\":\"IMMOBILIEN Business\",\"url\":\"https:\\\/\\\/www.immobilienbusiness.ch\\\/\",\"logo\":{\"@type\":\"ImageObject\",\"inLanguage\":\"en-US\",\"@id\":\"https:\\\/\\\/www.immobilienbusiness.ch\\\/#\\\/schema\\\/logo\\\/image\\\/\",\"url\":\"https:\\\/\\\/www.immobilienbusiness.ch\\\/wp-content\\\/uploads\\\/2021\\\/07\\\/logo_ib.png\",\"contentUrl\":\"https:\\\/\\\/www.immobilienbusiness.ch\\\/wp-content\\\/uploads\\\/2021\\\/07\\\/logo_ib.png\",\"width\":800,\"height\":181,\"caption\":\"IMMOBILIEN Business\"},\"image\":{\"@id\":\"https:\\\/\\\/www.immobilienbusiness.ch\\\/#\\\/schema\\\/logo\\\/image\\\/\"},\"sameAs\":[\"https:\\\/\\\/www.facebook.com\\\/immobilienbusiness\\\/\"]},{\"@type\":\"Person\",\"@id\":\"https:\\\/\\\/www.immobilienbusiness.ch\\\/#\\\/schema\\\/person\\\/3fc036297b10b9f42d6db5ee932af8c8\",\"name\":\"anja.hall\",\"image\":{\"@type\":\"ImageObject\",\"inLanguage\":\"en-US\",\"@id\":\"https:\\\/\\\/secure.gravatar.com\\\/avatar\\\/066b5a0d447013502c71a5782f4f3469f03cfe595cc2329fb94652fe47511bfb?s=96&d=mm&r=g\",\"url\":\"https:\\\/\\\/secure.gravatar.com\\\/avatar\\\/066b5a0d447013502c71a5782f4f3469f03cfe595cc2329fb94652fe47511bfb?s=96&d=mm&r=g\",\"contentUrl\":\"https:\\\/\\\/secure.gravatar.com\\\/avatar\\\/066b5a0d447013502c71a5782f4f3469f03cfe595cc2329fb94652fe47511bfb?s=96&d=mm&r=g\",\"caption\":\"anja.hall\"},\"url\":\"https:\\\/\\\/www.immobilienbusiness.ch\\\/en\\\/author\\\/anja-hall\\\/\"}]}<\/script>\n<!-- \/ Yoast SEO plugin. -->","yoast_head_json":{"title":"Z\u00fcrich: Grossvermietung in der Bahnhofstrasse - IMMOBILIEN Business","description":"On Zurich's Bahnhofstrasse, SPG Intercity leased 800 sqm of office space to an internationally renowned media company in April.","robots":{"index":"index","follow":"follow","max-snippet":"max-snippet:-1","max-image-preview":"max-image-preview:large","max-video-preview":"max-video-preview:-1"},"canonical":"https:\/\/www.immobilienbusiness.ch\/en\/regionen\/2019-04-26\/zuerich-grossvermietung-in-der-bahnhofstrasse\/","og_locale":"en_US","og_type":"article","og_title":"Z\u00fcrich: Grossvermietung in der Bahnhofstrasse - IMMOBILIEN Business","og_description":"An der Z\u00fcrcher Bahnhofstrasse hat SPG Intercity im April 800 qm B\u00fcrofl\u00e4che an ein international renommiertes Medienunternehmen vermietet.","og_url":"https:\/\/www.immobilienbusiness.ch\/en\/regionen\/2019-04-26\/zuerich-grossvermietung-in-der-bahnhofstrasse\/","og_site_name":"IMMOBILIEN Business","article_publisher":"https:\/\/www.facebook.com\/immobilienbusiness\/","article_published_time":"2019-04-26T06:14:24+00:00","og_image":[{"width":1024,"height":657,"url":"https:\/\/www.immobilienbusiness.ch\/wp-content\/uploads\/2015\/07\/Dolce-Gabbana-kommt-an-die-Bahnhofstrasse-immobilien-business-1024x657.jpg","type":"image\/jpeg"}],"author":"anja.hall","twitter_card":"summary_large_image","twitter_image":"https:\/\/www.immobilienbusiness.ch\/wp-content\/uploads\/2015\/07\/Dolce-Gabbana-kommt-an-die-Bahnhofstrasse-immobilien-business.jpg","schema":{"@context":"https:\/\/schema.org","@graph":[{"@type":"Article","@id":"https:\/\/www.immobilienbusiness.ch\/de\/regionen\/2019-04-26\/zuerich-grossvermietung-in-der-bahnhofstrasse\/#article","isPartOf":{"@id":"https:\/\/www.immobilienbusiness.ch\/de\/regionen\/2019-04-26\/zuerich-grossvermietung-in-der-bahnhofstrasse\/"},"author":{"name":"anja.hall","@id":"https:\/\/www.immobilienbusiness.ch\/#\/schema\/person\/3fc036297b10b9f42d6db5ee932af8c8"},"headline":"Z\u00fcrich: Grossvermietung in der Bahnhofstrasse","datePublished":"2019-04-26T06:14:24+00:00","mainEntityOfPage":{"@id":"https:\/\/www.immobilienbusiness.ch\/de\/regionen\/2019-04-26\/zuerich-grossvermietung-in-der-bahnhofstrasse\/"},"wordCount":110,"publisher":{"@id":"https:\/\/www.immobilienbusiness.ch\/#organization"},"image":{"@id":"https:\/\/www.immobilienbusiness.ch\/de\/regionen\/2019-04-26\/zuerich-grossvermietung-in-der-bahnhofstrasse\/#primaryimage"},"thumbnailUrl":"https:\/\/www.immobilienbusiness.ch\/wp-content\/uploads\/2015\/07\/Dolce-Gabbana-kommt-an-die-Bahnhofstrasse-immobilien-business.jpg","keywords":["B\u00fcroimmobilien","SPG Intercity","Swiss Life","Vermietung","Z\u00fcrich"],"articleSection":["REGIONEN"],"inLanguage":"en-US"},{"@type":"WebPage","@id":"https:\/\/www.immobilienbusiness.ch\/de\/regionen\/2019-04-26\/zuerich-grossvermietung-in-der-bahnhofstrasse\/","url":"https:\/\/www.immobilienbusiness.ch\/de\/regionen\/2019-04-26\/zuerich-grossvermietung-in-der-bahnhofstrasse\/","name":"Z\u00fcrich: Grossvermietung in der Bahnhofstrasse - IMMOBILIEN Business","isPartOf":{"@id":"https:\/\/www.immobilienbusiness.ch\/#website"},"primaryImageOfPage":{"@id":"https:\/\/www.immobilienbusiness.ch\/de\/regionen\/2019-04-26\/zuerich-grossvermietung-in-der-bahnhofstrasse\/#primaryimage"},"image":{"@id":"https:\/\/www.immobilienbusiness.ch\/de\/regionen\/2019-04-26\/zuerich-grossvermietung-in-der-bahnhofstrasse\/#primaryimage"},"thumbnailUrl":"https:\/\/www.immobilienbusiness.ch\/wp-content\/uploads\/2015\/07\/Dolce-Gabbana-kommt-an-die-Bahnhofstrasse-immobilien-business.jpg","datePublished":"2019-04-26T06:14:24+00:00","description":"On Zurich's Bahnhofstrasse, SPG Intercity leased 800 sqm of office space to an internationally renowned media company in April.","breadcrumb":{"@id":"https:\/\/www.immobilienbusiness.ch\/de\/regionen\/2019-04-26\/zuerich-grossvermietung-in-der-bahnhofstrasse\/#breadcrumb"},"inLanguage":"en-US","potentialAction":[{"@type":"ReadAction","target":["https:\/\/www.immobilienbusiness.ch\/de\/regionen\/2019-04-26\/zuerich-grossvermietung-in-der-bahnhofstrasse\/"]}]},{"@type":"ImageObject","inLanguage":"en-US","@id":"https:\/\/www.immobilienbusiness.ch\/de\/regionen\/2019-04-26\/zuerich-grossvermietung-in-der-bahnhofstrasse\/#primaryimage","url":"https:\/\/www.immobilienbusiness.ch\/wp-content\/uploads\/2015\/07\/Dolce-Gabbana-kommt-an-die-Bahnhofstrasse-immobilien-business.jpg","contentUrl":"https:\/\/www.immobilienbusiness.ch\/wp-content\/uploads\/2015\/07\/Dolce-Gabbana-kommt-an-die-Bahnhofstrasse-immobilien-business.jpg","width":2560,"height":1643,"caption":"Obere Bahnhofstrasse (\u00a9 Wanda-Multimedia GmbH, Bruno Jakob)"},{"@type":"BreadcrumbList","@id":"https:\/\/www.immobilienbusiness.ch\/de\/regionen\/2019-04-26\/zuerich-grossvermietung-in-der-bahnhofstrasse\/#breadcrumb","itemListElement":[{"@type":"ListItem","position":1,"name":"Home","item":"https:\/\/www.immobilienbusiness.ch\/"},{"@type":"ListItem","position":2,"name":"Z\u00fcrich: Grossvermietung in der Bahnhofstrasse"}]},{"@type":"WebSite","@id":"https:\/\/www.immobilienbusiness.ch\/#website","url":"https:\/\/www.immobilienbusiness.ch\/","name":"REAL ESTATE Business","description":"Independent Swiss business magazine focusing on real estate, architecture and construction as well as investment and financing.","publisher":{"@id":"https:\/\/www.immobilienbusiness.ch\/#organization"},"potentialAction":[{"@type":"SearchAction","target":{"@type":"EntryPoint","urlTemplate":"https:\/\/www.immobilienbusiness.ch\/?s={search_term_string}"},"query-input":{"@type":"PropertyValueSpecification","valueRequired":true,"valueName":"search_term_string"}}],"inLanguage":"en-US"},{"@type":"Organization","@id":"https:\/\/www.immobilienbusiness.ch\/#organization","name":"REAL ESTATE Business","url":"https:\/\/www.immobilienbusiness.ch\/","logo":{"@type":"ImageObject","inLanguage":"en-US","@id":"https:\/\/www.immobilienbusiness.ch\/#\/schema\/logo\/image\/","url":"https:\/\/www.immobilienbusiness.ch\/wp-content\/uploads\/2021\/07\/logo_ib.png","contentUrl":"https:\/\/www.immobilienbusiness.ch\/wp-content\/uploads\/2021\/07\/logo_ib.png","width":800,"height":181,"caption":"IMMOBILIEN Business"},"image":{"@id":"https:\/\/www.immobilienbusiness.ch\/#\/schema\/logo\/image\/"},"sameAs":["https:\/\/www.facebook.com\/immobilienbusiness\/"]},{"@type":"Person","@id":"https:\/\/www.immobilienbusiness.ch\/#\/schema\/person\/3fc036297b10b9f42d6db5ee932af8c8","name":"anja.hall","image":{"@type":"ImageObject","inLanguage":"en-US","@id":"https:\/\/secure.gravatar.com\/avatar\/066b5a0d447013502c71a5782f4f3469f03cfe595cc2329fb94652fe47511bfb?s=96&d=mm&r=g","url":"https:\/\/secure.gravatar.com\/avatar\/066b5a0d447013502c71a5782f4f3469f03cfe595cc2329fb94652fe47511bfb?s=96&d=mm&r=g","contentUrl":"https:\/\/secure.gravatar.com\/avatar\/066b5a0d447013502c71a5782f4f3469f03cfe595cc2329fb94652fe47511bfb?s=96&d=mm&r=g","caption":"anja.hall"},"url":"https:\/\/www.immobilienbusiness.ch\/en\/author\/anja-hall\/"}]}},"_links":{"self":[{"href":"https:\/\/www.immobilienbusiness.ch\/en\/wp-json\/wp\/v2\/posts\/16765","targetHints":{"allow":["GET"]}}],"collection":[{"href":"https:\/\/www.immobilienbusiness.ch\/en\/wp-json\/wp\/v2\/posts"}],"about":[{"href":"https:\/\/www.immobilienbusiness.ch\/en\/wp-json\/wp\/v2\/types\/post"}],"author":[{"embeddable":true,"href":"https:\/\/www.immobilienbusiness.ch\/en\/wp-json\/wp\/v2\/users\/3"}],"replies":[{"embeddable":true,"href":"https:\/\/www.immobilienbusiness.ch\/en\/wp-json\/wp\/v2\/comments?post=16765"}],"version-history":[{"count":0,"href":"https:\/\/www.immobilienbusiness.ch\/en\/wp-json\/wp\/v2\/posts\/16765\/revisions"}],"wp:featuredmedia":[{"embeddable":true,"href":"https:\/\/www.immobilienbusiness.ch\/en\/wp-json\/wp\/v2\/media\/4559"}],"wp:attachment":[{"href":"https:\/\/www.immobilienbusiness.ch\/en\/wp-json\/wp\/v2\/media?parent=16765"}],"wp:term":[{"taxonomy":"category","embeddable":true,"href":"https:\/\/www.immobilienbusiness.ch\/en\/wp-json\/wp\/v2\/categories?post=16765"},{"taxonomy":"post_tag","embeddable":true,"href":"https:\/\/www.immobilienbusiness.ch\/en\/wp-json\/wp\/v2\/tags?post=16765"}],"curies":[{"name":"wp","href":"https:\/\/api.w.org\/{rel}","templated":true}]}}