{"id":16032,"date":"2019-02-28T08:39:35","date_gmt":"2019-02-28T07:39:35","guid":{"rendered":"https:\/\/www.immobilienbusiness.ch\/?p=16032"},"modified":"2019-02-28T08:39:35","modified_gmt":"2019-02-28T07:39:35","slug":"basel-gruenes-licht-fuer-ueberbauung-auf-dem-bruderholz","status":"publish","type":"post","link":"https:\/\/www.immobilienbusiness.ch\/en\/regionen\/2019-02-28\/basel-gruenes-licht-fuer-ueberbauung-auf-dem-bruderholz\/","title":{"rendered":"Basel: Green light for overdevelopment on Bruderholz"},"content":{"rendered":"<figure id=\"attachment_13266\" aria-describedby=\"caption-attachment-13266\" style=\"width: 680px\" class=\"wp-caption alignnone\"><img loading=\"lazy\" decoding=\"async\" class=\"size-medium wp-image-13266\" src=\"https:\/\/www.immobilienbusiness.ch\/wp-content\/uploads\/2018\/07\/Depositphotos_10731714_m-2015.jpg\" alt=\"\" width=\"680\" height=\"454\" srcset=\"https:\/\/www.immobilienbusiness.ch\/wp-content\/uploads\/2018\/07\/Depositphotos_10731714_m-2015.jpg 1000w, https:\/\/www.immobilienbusiness.ch\/wp-content\/uploads\/2018\/07\/Depositphotos_10731714_m-2015-300x200.jpg 300w, https:\/\/www.immobilienbusiness.ch\/wp-content\/uploads\/2018\/07\/Depositphotos_10731714_m-2015-768x512.jpg 768w, https:\/\/www.immobilienbusiness.ch\/wp-content\/uploads\/2018\/07\/Depositphotos_10731714_m-2015-16x12.jpg 16w, https:\/\/www.immobilienbusiness.ch\/wp-content\/uploads\/2018\/07\/Depositphotos_10731714_m-2015-262x175.jpg 262w, https:\/\/www.immobilienbusiness.ch\/wp-content\/uploads\/2018\/07\/Depositphotos_10731714_m-2015-525x350.jpg 525w, https:\/\/www.immobilienbusiness.ch\/wp-content\/uploads\/2018\/07\/Depositphotos_10731714_m-2015-920x614.jpg 920w\" sizes=\"auto, (max-width: 680px) 100vw, 680px\" \/><figcaption id=\"caption-attachment-13266\" class=\"wp-caption-text\">The SRF site on the Bruderholz is to be built over (Image: pressmaster - depositphotos)<\/figcaption><\/figure>\n<p>The Radio- und Fernsehgenossenschaft Basel (RFB), as landowner, wants to realize residential space on the vacant, approximately 11,000 sqm site in the area of Marignanostrasse, Novarastrasse and Sch\u00e4ublinstrasse on Bruderholz. To this end, the existing buildings are to be demolished and replaced by new buildings. Plans for the development already exist, drawn up by the Basel-based architectural firm Morger Partner and Fontana Landschaftsarchitektur. The project envisages 48 spacious 3.5- to 5.5-room apartments and a large open and green space.<\/p>\n<p>The necessary zone change, the establishment of a development plan, the change of the residential portion as well as the change of building lines in the area have been approved by the Grand Council in the meantime. It is still unclear whether the RFB will sell the site, transfer it in building rights or develop it itself. The Building and Spatial Planning Commission has included a residency requirement in the bill in the event that condominium ownership is created: At least one resident should reside in the respective condominium. <em>(ah)<\/em><\/p>","protected":false},"excerpt":{"rendered":"<p>The Studio Basel Bruderholz site, where the SRF studio is currently located, is to be redeveloped with apartments after the radio studio moves to the Meret Oppenheim high-rise. The Grand Council has approved the plans.<\/p>","protected":false},"author":3,"featured_media":13266,"comment_status":"closed","ping_status":"open","sticky":false,"template":"","format":"standard","meta":{"_acf_changed":false,"_yoast_wpseo_focuskw":"Bruderholz","_yoast_wpseo_title":"","_yoast_wpseo_metadesc":"Das Areal Studio Basel Bruderholz, wo sich derzeit noch das SRF-Studio befindet, soll mit Wohnungen \u00fcberbaut werden.","_yoast_wpseo_linkdex":60,"pgc_sgb_lightbox_settings":"","footnotes":""},"categories":[985],"tags":[1069,1600,1863],"class_list":["post-16032","post","type-post","status-publish","format-standard","has-post-thumbnail","hentry","category-regionen","tag-basel","tag-projekt-in-planung","tag-wohnimmobilien"],"acf":[],"yoast_head":"<!-- This site is optimized with the Yoast SEO plugin v27.4 - https:\/\/yoast.com\/product\/yoast-seo-wordpress\/ -->\n<title>Basel: Gr\u00fcnes Licht f\u00fcr \u00dcberbauung auf dem Bruderholz - IMMOBILIEN Business<\/title>\n<meta name=\"description\" content=\"Das Areal Studio Basel Bruderholz, wo sich derzeit noch das SRF-Studio befindet, soll mit Wohnungen \u00fcberbaut werden.\" \/>\n<meta name=\"robots\" content=\"index, follow, max-snippet:-1, max-image-preview:large, max-video-preview:-1\" \/>\n<link rel=\"canonical\" href=\"https:\/\/www.immobilienbusiness.ch\/en\/regionen\/2019-02-28\/basel-gruenes-licht-fuer-ueberbauung-auf-dem-bruderholz\/\" \/>\n<meta property=\"og:locale\" content=\"en_US\" \/>\n<meta property=\"og:type\" content=\"article\" \/>\n<meta property=\"og:title\" content=\"Basel: Gr\u00fcnes Licht f\u00fcr \u00dcberbauung auf dem Bruderholz - IMMOBILIEN Business\" \/>\n<meta property=\"og:description\" content=\"Das Areal Studio Basel Bruderholz, wo sich derzeit noch das SRF-Studio befindet, soll mit Wohnungen \u00fcberbaut werden.\" \/>\n<meta property=\"og:url\" content=\"https:\/\/www.immobilienbusiness.ch\/en\/regionen\/2019-02-28\/basel-gruenes-licht-fuer-ueberbauung-auf-dem-bruderholz\/\" \/>\n<meta property=\"og:site_name\" content=\"IMMOBILIEN Business\" \/>\n<meta property=\"article:publisher\" content=\"https:\/\/www.facebook.com\/immobilienbusiness\/\" \/>\n<meta property=\"article:published_time\" content=\"2019-02-28T07:39:35+00:00\" \/>\n<meta property=\"og:image\" content=\"https:\/\/www.immobilienbusiness.ch\/wp-content\/uploads\/2018\/07\/Depositphotos_10731714_m-2015.jpg\" \/>\n\t<meta property=\"og:image:width\" content=\"1000\" \/>\n\t<meta property=\"og:image:height\" content=\"667\" \/>\n\t<meta property=\"og:image:type\" content=\"image\/jpeg\" \/>\n<meta name=\"author\" content=\"anja.hall\" \/>\n<meta name=\"twitter:card\" content=\"summary_large_image\" \/>\n<meta name=\"twitter:image\" content=\"https:\/\/www.immobilienbusiness.ch\/wp-content\/uploads\/2018\/07\/Depositphotos_10731714_m-2015.jpg\" \/>\n<script type=\"application\/ld+json\" class=\"yoast-schema-graph\">{\"@context\":\"https:\\\/\\\/schema.org\",\"@graph\":[{\"@type\":\"Article\",\"@id\":\"https:\\\/\\\/www.immobilienbusiness.ch\\\/de\\\/regionen\\\/2019-02-28\\\/basel-gruenes-licht-fuer-ueberbauung-auf-dem-bruderholz\\\/#article\",\"isPartOf\":{\"@id\":\"https:\\\/\\\/www.immobilienbusiness.ch\\\/de\\\/regionen\\\/2019-02-28\\\/basel-gruenes-licht-fuer-ueberbauung-auf-dem-bruderholz\\\/\"},\"author\":{\"name\":\"anja.hall\",\"@id\":\"https:\\\/\\\/www.immobilienbusiness.ch\\\/#\\\/schema\\\/person\\\/3fc036297b10b9f42d6db5ee932af8c8\"},\"headline\":\"Basel: Gr\u00fcnes Licht f\u00fcr \u00dcberbauung auf dem Bruderholz\",\"datePublished\":\"2019-02-28T07:39:35+00:00\",\"mainEntityOfPage\":{\"@id\":\"https:\\\/\\\/www.immobilienbusiness.ch\\\/de\\\/regionen\\\/2019-02-28\\\/basel-gruenes-licht-fuer-ueberbauung-auf-dem-bruderholz\\\/\"},\"wordCount\":178,\"publisher\":{\"@id\":\"https:\\\/\\\/www.immobilienbusiness.ch\\\/#organization\"},\"image\":{\"@id\":\"https:\\\/\\\/www.immobilienbusiness.ch\\\/de\\\/regionen\\\/2019-02-28\\\/basel-gruenes-licht-fuer-ueberbauung-auf-dem-bruderholz\\\/#primaryimage\"},\"thumbnailUrl\":\"https:\\\/\\\/www.immobilienbusiness.ch\\\/wp-content\\\/uploads\\\/2018\\\/07\\\/Depositphotos_10731714_m-2015.jpg\",\"keywords\":[\"Basel\",\"Projekt in Planung\",\"Wohnimmobilien\"],\"articleSection\":[\"REGIONEN\"],\"inLanguage\":\"en-US\"},{\"@type\":\"WebPage\",\"@id\":\"https:\\\/\\\/www.immobilienbusiness.ch\\\/de\\\/regionen\\\/2019-02-28\\\/basel-gruenes-licht-fuer-ueberbauung-auf-dem-bruderholz\\\/\",\"url\":\"https:\\\/\\\/www.immobilienbusiness.ch\\\/de\\\/regionen\\\/2019-02-28\\\/basel-gruenes-licht-fuer-ueberbauung-auf-dem-bruderholz\\\/\",\"name\":\"Basel: Gr\u00fcnes Licht f\u00fcr \u00dcberbauung auf dem Bruderholz - IMMOBILIEN Business\",\"isPartOf\":{\"@id\":\"https:\\\/\\\/www.immobilienbusiness.ch\\\/#website\"},\"primaryImageOfPage\":{\"@id\":\"https:\\\/\\\/www.immobilienbusiness.ch\\\/de\\\/regionen\\\/2019-02-28\\\/basel-gruenes-licht-fuer-ueberbauung-auf-dem-bruderholz\\\/#primaryimage\"},\"image\":{\"@id\":\"https:\\\/\\\/www.immobilienbusiness.ch\\\/de\\\/regionen\\\/2019-02-28\\\/basel-gruenes-licht-fuer-ueberbauung-auf-dem-bruderholz\\\/#primaryimage\"},\"thumbnailUrl\":\"https:\\\/\\\/www.immobilienbusiness.ch\\\/wp-content\\\/uploads\\\/2018\\\/07\\\/Depositphotos_10731714_m-2015.jpg\",\"datePublished\":\"2019-02-28T07:39:35+00:00\",\"description\":\"Das Areal Studio Basel Bruderholz, wo sich derzeit noch das SRF-Studio befindet, soll mit Wohnungen \u00fcberbaut werden.\",\"breadcrumb\":{\"@id\":\"https:\\\/\\\/www.immobilienbusiness.ch\\\/de\\\/regionen\\\/2019-02-28\\\/basel-gruenes-licht-fuer-ueberbauung-auf-dem-bruderholz\\\/#breadcrumb\"},\"inLanguage\":\"en-US\",\"potentialAction\":[{\"@type\":\"ReadAction\",\"target\":[\"https:\\\/\\\/www.immobilienbusiness.ch\\\/de\\\/regionen\\\/2019-02-28\\\/basel-gruenes-licht-fuer-ueberbauung-auf-dem-bruderholz\\\/\"]}]},{\"@type\":\"ImageObject\",\"inLanguage\":\"en-US\",\"@id\":\"https:\\\/\\\/www.immobilienbusiness.ch\\\/de\\\/regionen\\\/2019-02-28\\\/basel-gruenes-licht-fuer-ueberbauung-auf-dem-bruderholz\\\/#primaryimage\",\"url\":\"https:\\\/\\\/www.immobilienbusiness.ch\\\/wp-content\\\/uploads\\\/2018\\\/07\\\/Depositphotos_10731714_m-2015.jpg\",\"contentUrl\":\"https:\\\/\\\/www.immobilienbusiness.ch\\\/wp-content\\\/uploads\\\/2018\\\/07\\\/Depositphotos_10731714_m-2015.jpg\",\"width\":1000,\"height\":667,\"caption\":\"(Bild: pressmaster - depositphotos)\"},{\"@type\":\"BreadcrumbList\",\"@id\":\"https:\\\/\\\/www.immobilienbusiness.ch\\\/de\\\/regionen\\\/2019-02-28\\\/basel-gruenes-licht-fuer-ueberbauung-auf-dem-bruderholz\\\/#breadcrumb\",\"itemListElement\":[{\"@type\":\"ListItem\",\"position\":1,\"name\":\"Home\",\"item\":\"https:\\\/\\\/www.immobilienbusiness.ch\\\/\"},{\"@type\":\"ListItem\",\"position\":2,\"name\":\"Basel: Gr\u00fcnes Licht f\u00fcr \u00dcberbauung auf dem Bruderholz\"}]},{\"@type\":\"WebSite\",\"@id\":\"https:\\\/\\\/www.immobilienbusiness.ch\\\/#website\",\"url\":\"https:\\\/\\\/www.immobilienbusiness.ch\\\/\",\"name\":\"IMMOBILIEN Business\",\"description\":\"Unabh\u00e4ngiges Schweizer Wirtschaftsmagazin mit Fokus auf Immobilien, Architektur- und Bau sowie Investment- und Finanzierung.\",\"publisher\":{\"@id\":\"https:\\\/\\\/www.immobilienbusiness.ch\\\/#organization\"},\"potentialAction\":[{\"@type\":\"SearchAction\",\"target\":{\"@type\":\"EntryPoint\",\"urlTemplate\":\"https:\\\/\\\/www.immobilienbusiness.ch\\\/?s={search_term_string}\"},\"query-input\":{\"@type\":\"PropertyValueSpecification\",\"valueRequired\":true,\"valueName\":\"search_term_string\"}}],\"inLanguage\":\"en-US\"},{\"@type\":\"Organization\",\"@id\":\"https:\\\/\\\/www.immobilienbusiness.ch\\\/#organization\",\"name\":\"IMMOBILIEN Business\",\"url\":\"https:\\\/\\\/www.immobilienbusiness.ch\\\/\",\"logo\":{\"@type\":\"ImageObject\",\"inLanguage\":\"en-US\",\"@id\":\"https:\\\/\\\/www.immobilienbusiness.ch\\\/#\\\/schema\\\/logo\\\/image\\\/\",\"url\":\"https:\\\/\\\/www.immobilienbusiness.ch\\\/wp-content\\\/uploads\\\/2021\\\/07\\\/logo_ib.png\",\"contentUrl\":\"https:\\\/\\\/www.immobilienbusiness.ch\\\/wp-content\\\/uploads\\\/2021\\\/07\\\/logo_ib.png\",\"width\":800,\"height\":181,\"caption\":\"IMMOBILIEN Business\"},\"image\":{\"@id\":\"https:\\\/\\\/www.immobilienbusiness.ch\\\/#\\\/schema\\\/logo\\\/image\\\/\"},\"sameAs\":[\"https:\\\/\\\/www.facebook.com\\\/immobilienbusiness\\\/\"]},{\"@type\":\"Person\",\"@id\":\"https:\\\/\\\/www.immobilienbusiness.ch\\\/#\\\/schema\\\/person\\\/3fc036297b10b9f42d6db5ee932af8c8\",\"name\":\"anja.hall\",\"image\":{\"@type\":\"ImageObject\",\"inLanguage\":\"en-US\",\"@id\":\"https:\\\/\\\/secure.gravatar.com\\\/avatar\\\/066b5a0d447013502c71a5782f4f3469f03cfe595cc2329fb94652fe47511bfb?s=96&d=mm&r=g\",\"url\":\"https:\\\/\\\/secure.gravatar.com\\\/avatar\\\/066b5a0d447013502c71a5782f4f3469f03cfe595cc2329fb94652fe47511bfb?s=96&d=mm&r=g\",\"contentUrl\":\"https:\\\/\\\/secure.gravatar.com\\\/avatar\\\/066b5a0d447013502c71a5782f4f3469f03cfe595cc2329fb94652fe47511bfb?s=96&d=mm&r=g\",\"caption\":\"anja.hall\"},\"url\":\"https:\\\/\\\/www.immobilienbusiness.ch\\\/en\\\/author\\\/anja-hall\\\/\"}]}<\/script>\n<!-- \/ Yoast SEO plugin. -->","yoast_head_json":{"title":"Basel: Gr\u00fcnes Licht f\u00fcr \u00dcberbauung auf dem Bruderholz - IMMOBILIEN Business","description":"Das Areal Studio Basel Bruderholz, wo sich derzeit noch das SRF-Studio befindet, soll mit Wohnungen \u00fcberbaut werden.","robots":{"index":"index","follow":"follow","max-snippet":"max-snippet:-1","max-image-preview":"max-image-preview:large","max-video-preview":"max-video-preview:-1"},"canonical":"https:\/\/www.immobilienbusiness.ch\/en\/regionen\/2019-02-28\/basel-gruenes-licht-fuer-ueberbauung-auf-dem-bruderholz\/","og_locale":"en_US","og_type":"article","og_title":"Basel: Gr\u00fcnes Licht f\u00fcr \u00dcberbauung auf dem Bruderholz - IMMOBILIEN Business","og_description":"Das Areal Studio Basel Bruderholz, wo sich derzeit noch das SRF-Studio befindet, soll mit Wohnungen \u00fcberbaut werden.","og_url":"https:\/\/www.immobilienbusiness.ch\/en\/regionen\/2019-02-28\/basel-gruenes-licht-fuer-ueberbauung-auf-dem-bruderholz\/","og_site_name":"IMMOBILIEN Business","article_publisher":"https:\/\/www.facebook.com\/immobilienbusiness\/","article_published_time":"2019-02-28T07:39:35+00:00","og_image":[{"width":1000,"height":667,"url":"https:\/\/www.immobilienbusiness.ch\/wp-content\/uploads\/2018\/07\/Depositphotos_10731714_m-2015.jpg","type":"image\/jpeg"}],"author":"anja.hall","twitter_card":"summary_large_image","twitter_image":"https:\/\/www.immobilienbusiness.ch\/wp-content\/uploads\/2018\/07\/Depositphotos_10731714_m-2015.jpg","schema":{"@context":"https:\/\/schema.org","@graph":[{"@type":"Article","@id":"https:\/\/www.immobilienbusiness.ch\/de\/regionen\/2019-02-28\/basel-gruenes-licht-fuer-ueberbauung-auf-dem-bruderholz\/#article","isPartOf":{"@id":"https:\/\/www.immobilienbusiness.ch\/de\/regionen\/2019-02-28\/basel-gruenes-licht-fuer-ueberbauung-auf-dem-bruderholz\/"},"author":{"name":"anja.hall","@id":"https:\/\/www.immobilienbusiness.ch\/#\/schema\/person\/3fc036297b10b9f42d6db5ee932af8c8"},"headline":"Basel: Gr\u00fcnes Licht f\u00fcr \u00dcberbauung auf dem Bruderholz","datePublished":"2019-02-28T07:39:35+00:00","mainEntityOfPage":{"@id":"https:\/\/www.immobilienbusiness.ch\/de\/regionen\/2019-02-28\/basel-gruenes-licht-fuer-ueberbauung-auf-dem-bruderholz\/"},"wordCount":178,"publisher":{"@id":"https:\/\/www.immobilienbusiness.ch\/#organization"},"image":{"@id":"https:\/\/www.immobilienbusiness.ch\/de\/regionen\/2019-02-28\/basel-gruenes-licht-fuer-ueberbauung-auf-dem-bruderholz\/#primaryimage"},"thumbnailUrl":"https:\/\/www.immobilienbusiness.ch\/wp-content\/uploads\/2018\/07\/Depositphotos_10731714_m-2015.jpg","keywords":["Basel","Projekt in Planung","Wohnimmobilien"],"articleSection":["REGIONEN"],"inLanguage":"en-US"},{"@type":"WebPage","@id":"https:\/\/www.immobilienbusiness.ch\/de\/regionen\/2019-02-28\/basel-gruenes-licht-fuer-ueberbauung-auf-dem-bruderholz\/","url":"https:\/\/www.immobilienbusiness.ch\/de\/regionen\/2019-02-28\/basel-gruenes-licht-fuer-ueberbauung-auf-dem-bruderholz\/","name":"Basel: Gr\u00fcnes Licht f\u00fcr \u00dcberbauung auf dem Bruderholz - IMMOBILIEN Business","isPartOf":{"@id":"https:\/\/www.immobilienbusiness.ch\/#website"},"primaryImageOfPage":{"@id":"https:\/\/www.immobilienbusiness.ch\/de\/regionen\/2019-02-28\/basel-gruenes-licht-fuer-ueberbauung-auf-dem-bruderholz\/#primaryimage"},"image":{"@id":"https:\/\/www.immobilienbusiness.ch\/de\/regionen\/2019-02-28\/basel-gruenes-licht-fuer-ueberbauung-auf-dem-bruderholz\/#primaryimage"},"thumbnailUrl":"https:\/\/www.immobilienbusiness.ch\/wp-content\/uploads\/2018\/07\/Depositphotos_10731714_m-2015.jpg","datePublished":"2019-02-28T07:39:35+00:00","description":"Das Areal Studio Basel Bruderholz, wo sich derzeit noch das SRF-Studio befindet, soll mit Wohnungen \u00fcberbaut werden.","breadcrumb":{"@id":"https:\/\/www.immobilienbusiness.ch\/de\/regionen\/2019-02-28\/basel-gruenes-licht-fuer-ueberbauung-auf-dem-bruderholz\/#breadcrumb"},"inLanguage":"en-US","potentialAction":[{"@type":"ReadAction","target":["https:\/\/www.immobilienbusiness.ch\/de\/regionen\/2019-02-28\/basel-gruenes-licht-fuer-ueberbauung-auf-dem-bruderholz\/"]}]},{"@type":"ImageObject","inLanguage":"en-US","@id":"https:\/\/www.immobilienbusiness.ch\/de\/regionen\/2019-02-28\/basel-gruenes-licht-fuer-ueberbauung-auf-dem-bruderholz\/#primaryimage","url":"https:\/\/www.immobilienbusiness.ch\/wp-content\/uploads\/2018\/07\/Depositphotos_10731714_m-2015.jpg","contentUrl":"https:\/\/www.immobilienbusiness.ch\/wp-content\/uploads\/2018\/07\/Depositphotos_10731714_m-2015.jpg","width":1000,"height":667,"caption":"(Bild: pressmaster - depositphotos)"},{"@type":"BreadcrumbList","@id":"https:\/\/www.immobilienbusiness.ch\/de\/regionen\/2019-02-28\/basel-gruenes-licht-fuer-ueberbauung-auf-dem-bruderholz\/#breadcrumb","itemListElement":[{"@type":"ListItem","position":1,"name":"Home","item":"https:\/\/www.immobilienbusiness.ch\/"},{"@type":"ListItem","position":2,"name":"Basel: Gr\u00fcnes Licht f\u00fcr \u00dcberbauung auf dem Bruderholz"}]},{"@type":"WebSite","@id":"https:\/\/www.immobilienbusiness.ch\/#website","url":"https:\/\/www.immobilienbusiness.ch\/","name":"REAL ESTATE Business","description":"Independent Swiss business magazine focusing on real estate, architecture and construction as well as investment and financing.","publisher":{"@id":"https:\/\/www.immobilienbusiness.ch\/#organization"},"potentialAction":[{"@type":"SearchAction","target":{"@type":"EntryPoint","urlTemplate":"https:\/\/www.immobilienbusiness.ch\/?s={search_term_string}"},"query-input":{"@type":"PropertyValueSpecification","valueRequired":true,"valueName":"search_term_string"}}],"inLanguage":"en-US"},{"@type":"Organization","@id":"https:\/\/www.immobilienbusiness.ch\/#organization","name":"REAL ESTATE Business","url":"https:\/\/www.immobilienbusiness.ch\/","logo":{"@type":"ImageObject","inLanguage":"en-US","@id":"https:\/\/www.immobilienbusiness.ch\/#\/schema\/logo\/image\/","url":"https:\/\/www.immobilienbusiness.ch\/wp-content\/uploads\/2021\/07\/logo_ib.png","contentUrl":"https:\/\/www.immobilienbusiness.ch\/wp-content\/uploads\/2021\/07\/logo_ib.png","width":800,"height":181,"caption":"IMMOBILIEN Business"},"image":{"@id":"https:\/\/www.immobilienbusiness.ch\/#\/schema\/logo\/image\/"},"sameAs":["https:\/\/www.facebook.com\/immobilienbusiness\/"]},{"@type":"Person","@id":"https:\/\/www.immobilienbusiness.ch\/#\/schema\/person\/3fc036297b10b9f42d6db5ee932af8c8","name":"anja.hall","image":{"@type":"ImageObject","inLanguage":"en-US","@id":"https:\/\/secure.gravatar.com\/avatar\/066b5a0d447013502c71a5782f4f3469f03cfe595cc2329fb94652fe47511bfb?s=96&d=mm&r=g","url":"https:\/\/secure.gravatar.com\/avatar\/066b5a0d447013502c71a5782f4f3469f03cfe595cc2329fb94652fe47511bfb?s=96&d=mm&r=g","contentUrl":"https:\/\/secure.gravatar.com\/avatar\/066b5a0d447013502c71a5782f4f3469f03cfe595cc2329fb94652fe47511bfb?s=96&d=mm&r=g","caption":"anja.hall"},"url":"https:\/\/www.immobilienbusiness.ch\/en\/author\/anja-hall\/"}]}},"_links":{"self":[{"href":"https:\/\/www.immobilienbusiness.ch\/en\/wp-json\/wp\/v2\/posts\/16032","targetHints":{"allow":["GET"]}}],"collection":[{"href":"https:\/\/www.immobilienbusiness.ch\/en\/wp-json\/wp\/v2\/posts"}],"about":[{"href":"https:\/\/www.immobilienbusiness.ch\/en\/wp-json\/wp\/v2\/types\/post"}],"author":[{"embeddable":true,"href":"https:\/\/www.immobilienbusiness.ch\/en\/wp-json\/wp\/v2\/users\/3"}],"replies":[{"embeddable":true,"href":"https:\/\/www.immobilienbusiness.ch\/en\/wp-json\/wp\/v2\/comments?post=16032"}],"version-history":[{"count":0,"href":"https:\/\/www.immobilienbusiness.ch\/en\/wp-json\/wp\/v2\/posts\/16032\/revisions"}],"wp:featuredmedia":[{"embeddable":true,"href":"https:\/\/www.immobilienbusiness.ch\/en\/wp-json\/wp\/v2\/media\/13266"}],"wp:attachment":[{"href":"https:\/\/www.immobilienbusiness.ch\/en\/wp-json\/wp\/v2\/media?parent=16032"}],"wp:term":[{"taxonomy":"category","embeddable":true,"href":"https:\/\/www.immobilienbusiness.ch\/en\/wp-json\/wp\/v2\/categories?post=16032"},{"taxonomy":"post_tag","embeddable":true,"href":"https:\/\/www.immobilienbusiness.ch\/en\/wp-json\/wp\/v2\/tags?post=16032"}],"curies":[{"name":"wp","href":"https:\/\/api.w.org\/{rel}","templated":true}]}}