{"id":15887,"date":"2019-02-13T17:51:14","date_gmt":"2019-02-13T16:51:14","guid":{"rendered":"https:\/\/www.immobilienbusiness.ch\/?p=15887"},"modified":"2019-02-13T17:51:14","modified_gmt":"2019-02-13T16:51:14","slug":"ckw-conex-daniel-zbinden-wird-neuer-leiter-technics","status":"publish","type":"post","link":"https:\/\/www.immobilienbusiness.ch\/en\/unternehmen\/2019-02-13\/ckw-conex-daniel-zbinden-wird-neuer-leiter-technics\/","title":{"rendered":"CKW Conex: Daniel Zbinden becomes new Head of Technics"},"content":{"rendered":"<figure id=\"attachment_15897\" aria-describedby=\"caption-attachment-15897\" style=\"width: 680px\" class=\"wp-caption alignnone\"><img loading=\"lazy\" decoding=\"async\" class=\"size-medium wp-image-15897\" src=\"https:\/\/www.immobilienbusiness.ch\/wp-content\/uploads\/2019\/02\/CKW-Daniel-Zbinden.jpg\" alt=\"\" width=\"680\" height=\"680\" srcset=\"https:\/\/www.immobilienbusiness.ch\/wp-content\/uploads\/2019\/02\/CKW-Daniel-Zbinden.jpg 2298w, https:\/\/www.immobilienbusiness.ch\/wp-content\/uploads\/2019\/02\/CKW-Daniel-Zbinden-300x300.jpg 300w, https:\/\/www.immobilienbusiness.ch\/wp-content\/uploads\/2019\/02\/CKW-Daniel-Zbinden-1024x1024.jpg 1024w, https:\/\/www.immobilienbusiness.ch\/wp-content\/uploads\/2019\/02\/CKW-Daniel-Zbinden-150x150.jpg 150w, https:\/\/www.immobilienbusiness.ch\/wp-content\/uploads\/2019\/02\/CKW-Daniel-Zbinden-768x768.jpg 768w, https:\/\/www.immobilienbusiness.ch\/wp-content\/uploads\/2019\/02\/CKW-Daniel-Zbinden-1536x1536.jpg 1536w, https:\/\/www.immobilienbusiness.ch\/wp-content\/uploads\/2019\/02\/CKW-Daniel-Zbinden-2048x2048.jpg 2048w, https:\/\/www.immobilienbusiness.ch\/wp-content\/uploads\/2019\/02\/CKW-Daniel-Zbinden-12x12.jpg 12w, https:\/\/www.immobilienbusiness.ch\/wp-content\/uploads\/2019\/02\/CKW-Daniel-Zbinden-175x175.jpg 175w, https:\/\/www.immobilienbusiness.ch\/wp-content\/uploads\/2019\/02\/CKW-Daniel-Zbinden-350x350.jpg 350w, https:\/\/www.immobilienbusiness.ch\/wp-content\/uploads\/2019\/02\/CKW-Daniel-Zbinden-800x800.jpg 800w, https:\/\/www.immobilienbusiness.ch\/wp-content\/uploads\/2019\/02\/CKW-Daniel-Zbinden-920x920.jpg 920w, https:\/\/www.immobilienbusiness.ch\/wp-content\/uploads\/2019\/02\/CKW-Daniel-Zbinden-1400x1400.jpg 1400w, https:\/\/www.immobilienbusiness.ch\/wp-content\/uploads\/2019\/02\/CKW-Daniel-Zbinden-250x250.jpg 250w, https:\/\/www.immobilienbusiness.ch\/wp-content\/uploads\/2019\/02\/CKW-Daniel-Zbinden-100x100.jpg 100w\" sizes=\"auto, (max-width: 680px) 100vw, 680px\" \/><figcaption id=\"caption-attachment-15897\" class=\"wp-caption-text\">Daniel Zbinden (Source: CKW Conex AG)<\/figcaption><\/figure>\n<p>Daniel Zbinden (51) studied at the HSLU Horw and holds a degree in HVAC engineering. He also earned an executive MBA, among other qualifications. According to CKW Conex, Zbinden brings with him a wealth of experience from several management positions in the energy and building technology industry; among other things, he was Managing Director at H\u00e4lg Facility Management AG and most recently Head of Energy Contracting and Managing Director of EKZ Contracting AG at Elektrizit\u00e4tswerke des Kantons Z\u00fcrich.<\/p>\n<p>\"In Daniel Zbinden, we have been able to attract an entrepreneurial leader with broad technical and commercial knowledge,\" says a delighted Felix Landert, Head of CKW's Building Technology Division. The Technics division of CKW Conex comprises the solar and heating technology, electromobility, building automation, IT &amp; communication and security sectors. <em>(bw)<\/em><\/p>","protected":false},"excerpt":{"rendered":"<p> Daniel Zbinden will take over as Head of Technics in CKW's Building Services business unit from April 1, 2019, and become a member of the Executive Board of CKW Conex AG. <\/p>","protected":false},"author":3,"featured_media":15897,"comment_status":"closed","ping_status":"open","sticky":false,"template":"","format":"standard","meta":{"_acf_changed":false,"_yoast_wpseo_focuskw":"CKW Conex","_yoast_wpseo_title":"","_yoast_wpseo_metadesc":"Daniel Zbinden wird neuer Leiter des Bereichs Technics im Gesch\u00e4ftsbereich Geb\u00e4udetechnik von CKW und Mitglied der Gesch\u00e4ftsleitung der CKW Conex AG.","_yoast_wpseo_linkdex":63,"pgc_sgb_lightbox_settings":"","footnotes":""},"categories":[988],"tags":[1563,1807],"class_list":["post-15887","post","type-post","status-publish","format-standard","has-post-thumbnail","hentry","category-unternehmen","tag-personalia","tag-unternehmen"],"acf":[],"yoast_head":"<!-- This site is optimized with the Yoast SEO plugin v27.4 - https:\/\/yoast.com\/product\/yoast-seo-wordpress\/ -->\n<title>CKW Conex: Daniel Zbinden wird neuer Leiter Technics - IMMOBILIEN Business<\/title>\n<meta name=\"description\" content=\"Daniel Zbinden wird neuer Leiter des Bereichs Technics im Gesch\u00e4ftsbereich Geb\u00e4udetechnik von CKW und Mitglied der Gesch\u00e4ftsleitung der CKW Conex AG.\" \/>\n<meta name=\"robots\" content=\"index, follow, max-snippet:-1, max-image-preview:large, max-video-preview:-1\" \/>\n<link rel=\"canonical\" href=\"https:\/\/www.immobilienbusiness.ch\/en\/unternehmen\/2019-02-13\/ckw-conex-daniel-zbinden-wird-neuer-leiter-technics\/\" \/>\n<meta property=\"og:locale\" content=\"en_US\" \/>\n<meta property=\"og:type\" content=\"article\" \/>\n<meta property=\"og:title\" content=\"CKW Conex: Daniel Zbinden wird neuer Leiter Technics - IMMOBILIEN Business\" \/>\n<meta property=\"og:description\" content=\"Daniel Zbinden wird neuer Leiter des Bereichs Technics im Gesch\u00e4ftsbereich Geb\u00e4udetechnik von CKW und Mitglied der Gesch\u00e4ftsleitung der CKW Conex AG.\" \/>\n<meta property=\"og:url\" content=\"https:\/\/www.immobilienbusiness.ch\/en\/unternehmen\/2019-02-13\/ckw-conex-daniel-zbinden-wird-neuer-leiter-technics\/\" \/>\n<meta property=\"og:site_name\" content=\"IMMOBILIEN Business\" \/>\n<meta property=\"article:publisher\" content=\"https:\/\/www.facebook.com\/immobilienbusiness\/\" \/>\n<meta property=\"article:published_time\" content=\"2019-02-13T16:51:14+00:00\" \/>\n<meta property=\"og:image\" content=\"https:\/\/www.immobilienbusiness.ch\/wp-content\/uploads\/2019\/02\/CKW-Daniel-Zbinden.jpg\" \/>\n\t<meta property=\"og:image:width\" content=\"2298\" \/>\n\t<meta property=\"og:image:height\" content=\"2298\" \/>\n\t<meta property=\"og:image:type\" content=\"image\/jpeg\" \/>\n<meta name=\"author\" content=\"anja.hall\" \/>\n<meta name=\"twitter:card\" content=\"summary_large_image\" \/>\n<meta name=\"twitter:image\" content=\"https:\/\/www.immobilienbusiness.ch\/wp-content\/uploads\/2019\/02\/CKW-Daniel-Zbinden.jpg\" \/>\n<script type=\"application\/ld+json\" class=\"yoast-schema-graph\">{\"@context\":\"https:\\\/\\\/schema.org\",\"@graph\":[{\"@type\":\"Article\",\"@id\":\"https:\\\/\\\/www.immobilienbusiness.ch\\\/de\\\/unternehmen\\\/2019-02-13\\\/ckw-conex-daniel-zbinden-wird-neuer-leiter-technics\\\/#article\",\"isPartOf\":{\"@id\":\"https:\\\/\\\/www.immobilienbusiness.ch\\\/de\\\/unternehmen\\\/2019-02-13\\\/ckw-conex-daniel-zbinden-wird-neuer-leiter-technics\\\/\"},\"author\":{\"name\":\"anja.hall\",\"@id\":\"https:\\\/\\\/www.immobilienbusiness.ch\\\/#\\\/schema\\\/person\\\/3fc036297b10b9f42d6db5ee932af8c8\"},\"headline\":\"CKW Conex: Daniel Zbinden wird neuer Leiter Technics\",\"datePublished\":\"2019-02-13T16:51:14+00:00\",\"mainEntityOfPage\":{\"@id\":\"https:\\\/\\\/www.immobilienbusiness.ch\\\/de\\\/unternehmen\\\/2019-02-13\\\/ckw-conex-daniel-zbinden-wird-neuer-leiter-technics\\\/\"},\"wordCount\":155,\"publisher\":{\"@id\":\"https:\\\/\\\/www.immobilienbusiness.ch\\\/#organization\"},\"image\":{\"@id\":\"https:\\\/\\\/www.immobilienbusiness.ch\\\/de\\\/unternehmen\\\/2019-02-13\\\/ckw-conex-daniel-zbinden-wird-neuer-leiter-technics\\\/#primaryimage\"},\"thumbnailUrl\":\"https:\\\/\\\/www.immobilienbusiness.ch\\\/wp-content\\\/uploads\\\/2019\\\/02\\\/CKW-Daniel-Zbinden.jpg\",\"keywords\":[\"Personalia\",\"Unternehmen\"],\"articleSection\":[\"UNTERNEHMEN\"],\"inLanguage\":\"en-US\"},{\"@type\":\"WebPage\",\"@id\":\"https:\\\/\\\/www.immobilienbusiness.ch\\\/de\\\/unternehmen\\\/2019-02-13\\\/ckw-conex-daniel-zbinden-wird-neuer-leiter-technics\\\/\",\"url\":\"https:\\\/\\\/www.immobilienbusiness.ch\\\/de\\\/unternehmen\\\/2019-02-13\\\/ckw-conex-daniel-zbinden-wird-neuer-leiter-technics\\\/\",\"name\":\"CKW Conex: Daniel Zbinden wird neuer Leiter Technics - IMMOBILIEN Business\",\"isPartOf\":{\"@id\":\"https:\\\/\\\/www.immobilienbusiness.ch\\\/#website\"},\"primaryImageOfPage\":{\"@id\":\"https:\\\/\\\/www.immobilienbusiness.ch\\\/de\\\/unternehmen\\\/2019-02-13\\\/ckw-conex-daniel-zbinden-wird-neuer-leiter-technics\\\/#primaryimage\"},\"image\":{\"@id\":\"https:\\\/\\\/www.immobilienbusiness.ch\\\/de\\\/unternehmen\\\/2019-02-13\\\/ckw-conex-daniel-zbinden-wird-neuer-leiter-technics\\\/#primaryimage\"},\"thumbnailUrl\":\"https:\\\/\\\/www.immobilienbusiness.ch\\\/wp-content\\\/uploads\\\/2019\\\/02\\\/CKW-Daniel-Zbinden.jpg\",\"datePublished\":\"2019-02-13T16:51:14+00:00\",\"description\":\"Daniel Zbinden wird neuer Leiter des Bereichs Technics im Gesch\u00e4ftsbereich Geb\u00e4udetechnik von CKW und Mitglied der Gesch\u00e4ftsleitung der CKW Conex AG.\",\"breadcrumb\":{\"@id\":\"https:\\\/\\\/www.immobilienbusiness.ch\\\/de\\\/unternehmen\\\/2019-02-13\\\/ckw-conex-daniel-zbinden-wird-neuer-leiter-technics\\\/#breadcrumb\"},\"inLanguage\":\"en-US\",\"potentialAction\":[{\"@type\":\"ReadAction\",\"target\":[\"https:\\\/\\\/www.immobilienbusiness.ch\\\/de\\\/unternehmen\\\/2019-02-13\\\/ckw-conex-daniel-zbinden-wird-neuer-leiter-technics\\\/\"]}]},{\"@type\":\"ImageObject\",\"inLanguage\":\"en-US\",\"@id\":\"https:\\\/\\\/www.immobilienbusiness.ch\\\/de\\\/unternehmen\\\/2019-02-13\\\/ckw-conex-daniel-zbinden-wird-neuer-leiter-technics\\\/#primaryimage\",\"url\":\"https:\\\/\\\/www.immobilienbusiness.ch\\\/wp-content\\\/uploads\\\/2019\\\/02\\\/CKW-Daniel-Zbinden.jpg\",\"contentUrl\":\"https:\\\/\\\/www.immobilienbusiness.ch\\\/wp-content\\\/uploads\\\/2019\\\/02\\\/CKW-Daniel-Zbinden.jpg\",\"width\":2298,\"height\":2298,\"caption\":\"Daniel Zbinden (Quelle: CKW Conex AG)\"},{\"@type\":\"BreadcrumbList\",\"@id\":\"https:\\\/\\\/www.immobilienbusiness.ch\\\/de\\\/unternehmen\\\/2019-02-13\\\/ckw-conex-daniel-zbinden-wird-neuer-leiter-technics\\\/#breadcrumb\",\"itemListElement\":[{\"@type\":\"ListItem\",\"position\":1,\"name\":\"Home\",\"item\":\"https:\\\/\\\/www.immobilienbusiness.ch\\\/\"},{\"@type\":\"ListItem\",\"position\":2,\"name\":\"CKW Conex: Daniel Zbinden wird neuer Leiter Technics\"}]},{\"@type\":\"WebSite\",\"@id\":\"https:\\\/\\\/www.immobilienbusiness.ch\\\/#website\",\"url\":\"https:\\\/\\\/www.immobilienbusiness.ch\\\/\",\"name\":\"IMMOBILIEN Business\",\"description\":\"Unabh\u00e4ngiges Schweizer Wirtschaftsmagazin mit Fokus auf Immobilien, Architektur- und Bau sowie Investment- und Finanzierung.\",\"publisher\":{\"@id\":\"https:\\\/\\\/www.immobilienbusiness.ch\\\/#organization\"},\"potentialAction\":[{\"@type\":\"SearchAction\",\"target\":{\"@type\":\"EntryPoint\",\"urlTemplate\":\"https:\\\/\\\/www.immobilienbusiness.ch\\\/?s={search_term_string}\"},\"query-input\":{\"@type\":\"PropertyValueSpecification\",\"valueRequired\":true,\"valueName\":\"search_term_string\"}}],\"inLanguage\":\"en-US\"},{\"@type\":\"Organization\",\"@id\":\"https:\\\/\\\/www.immobilienbusiness.ch\\\/#organization\",\"name\":\"IMMOBILIEN Business\",\"url\":\"https:\\\/\\\/www.immobilienbusiness.ch\\\/\",\"logo\":{\"@type\":\"ImageObject\",\"inLanguage\":\"en-US\",\"@id\":\"https:\\\/\\\/www.immobilienbusiness.ch\\\/#\\\/schema\\\/logo\\\/image\\\/\",\"url\":\"https:\\\/\\\/www.immobilienbusiness.ch\\\/wp-content\\\/uploads\\\/2021\\\/07\\\/logo_ib.png\",\"contentUrl\":\"https:\\\/\\\/www.immobilienbusiness.ch\\\/wp-content\\\/uploads\\\/2021\\\/07\\\/logo_ib.png\",\"width\":800,\"height\":181,\"caption\":\"IMMOBILIEN Business\"},\"image\":{\"@id\":\"https:\\\/\\\/www.immobilienbusiness.ch\\\/#\\\/schema\\\/logo\\\/image\\\/\"},\"sameAs\":[\"https:\\\/\\\/www.facebook.com\\\/immobilienbusiness\\\/\"]},{\"@type\":\"Person\",\"@id\":\"https:\\\/\\\/www.immobilienbusiness.ch\\\/#\\\/schema\\\/person\\\/3fc036297b10b9f42d6db5ee932af8c8\",\"name\":\"anja.hall\",\"image\":{\"@type\":\"ImageObject\",\"inLanguage\":\"en-US\",\"@id\":\"https:\\\/\\\/secure.gravatar.com\\\/avatar\\\/066b5a0d447013502c71a5782f4f3469f03cfe595cc2329fb94652fe47511bfb?s=96&d=mm&r=g\",\"url\":\"https:\\\/\\\/secure.gravatar.com\\\/avatar\\\/066b5a0d447013502c71a5782f4f3469f03cfe595cc2329fb94652fe47511bfb?s=96&d=mm&r=g\",\"contentUrl\":\"https:\\\/\\\/secure.gravatar.com\\\/avatar\\\/066b5a0d447013502c71a5782f4f3469f03cfe595cc2329fb94652fe47511bfb?s=96&d=mm&r=g\",\"caption\":\"anja.hall\"},\"url\":\"https:\\\/\\\/www.immobilienbusiness.ch\\\/en\\\/author\\\/anja-hall\\\/\"}]}<\/script>\n<!-- \/ Yoast SEO plugin. -->","yoast_head_json":{"title":"CKW Conex: Daniel Zbinden wird neuer Leiter Technics - IMMOBILIEN Business","description":"Daniel Zbinden wird neuer Leiter des Bereichs Technics im Gesch\u00e4ftsbereich Geb\u00e4udetechnik von CKW und Mitglied der Gesch\u00e4ftsleitung der CKW Conex AG.","robots":{"index":"index","follow":"follow","max-snippet":"max-snippet:-1","max-image-preview":"max-image-preview:large","max-video-preview":"max-video-preview:-1"},"canonical":"https:\/\/www.immobilienbusiness.ch\/en\/unternehmen\/2019-02-13\/ckw-conex-daniel-zbinden-wird-neuer-leiter-technics\/","og_locale":"en_US","og_type":"article","og_title":"CKW Conex: Daniel Zbinden wird neuer Leiter Technics - IMMOBILIEN Business","og_description":"Daniel Zbinden wird neuer Leiter des Bereichs Technics im Gesch\u00e4ftsbereich Geb\u00e4udetechnik von CKW und Mitglied der Gesch\u00e4ftsleitung der CKW Conex AG.","og_url":"https:\/\/www.immobilienbusiness.ch\/en\/unternehmen\/2019-02-13\/ckw-conex-daniel-zbinden-wird-neuer-leiter-technics\/","og_site_name":"IMMOBILIEN Business","article_publisher":"https:\/\/www.facebook.com\/immobilienbusiness\/","article_published_time":"2019-02-13T16:51:14+00:00","og_image":[{"width":2298,"height":2298,"url":"https:\/\/www.immobilienbusiness.ch\/wp-content\/uploads\/2019\/02\/CKW-Daniel-Zbinden.jpg","type":"image\/jpeg"}],"author":"anja.hall","twitter_card":"summary_large_image","twitter_image":"https:\/\/www.immobilienbusiness.ch\/wp-content\/uploads\/2019\/02\/CKW-Daniel-Zbinden.jpg","schema":{"@context":"https:\/\/schema.org","@graph":[{"@type":"Article","@id":"https:\/\/www.immobilienbusiness.ch\/de\/unternehmen\/2019-02-13\/ckw-conex-daniel-zbinden-wird-neuer-leiter-technics\/#article","isPartOf":{"@id":"https:\/\/www.immobilienbusiness.ch\/de\/unternehmen\/2019-02-13\/ckw-conex-daniel-zbinden-wird-neuer-leiter-technics\/"},"author":{"name":"anja.hall","@id":"https:\/\/www.immobilienbusiness.ch\/#\/schema\/person\/3fc036297b10b9f42d6db5ee932af8c8"},"headline":"CKW Conex: Daniel Zbinden wird neuer Leiter Technics","datePublished":"2019-02-13T16:51:14+00:00","mainEntityOfPage":{"@id":"https:\/\/www.immobilienbusiness.ch\/de\/unternehmen\/2019-02-13\/ckw-conex-daniel-zbinden-wird-neuer-leiter-technics\/"},"wordCount":155,"publisher":{"@id":"https:\/\/www.immobilienbusiness.ch\/#organization"},"image":{"@id":"https:\/\/www.immobilienbusiness.ch\/de\/unternehmen\/2019-02-13\/ckw-conex-daniel-zbinden-wird-neuer-leiter-technics\/#primaryimage"},"thumbnailUrl":"https:\/\/www.immobilienbusiness.ch\/wp-content\/uploads\/2019\/02\/CKW-Daniel-Zbinden.jpg","keywords":["Personalia","Unternehmen"],"articleSection":["UNTERNEHMEN"],"inLanguage":"en-US"},{"@type":"WebPage","@id":"https:\/\/www.immobilienbusiness.ch\/de\/unternehmen\/2019-02-13\/ckw-conex-daniel-zbinden-wird-neuer-leiter-technics\/","url":"https:\/\/www.immobilienbusiness.ch\/de\/unternehmen\/2019-02-13\/ckw-conex-daniel-zbinden-wird-neuer-leiter-technics\/","name":"CKW Conex: Daniel Zbinden wird neuer Leiter Technics - IMMOBILIEN Business","isPartOf":{"@id":"https:\/\/www.immobilienbusiness.ch\/#website"},"primaryImageOfPage":{"@id":"https:\/\/www.immobilienbusiness.ch\/de\/unternehmen\/2019-02-13\/ckw-conex-daniel-zbinden-wird-neuer-leiter-technics\/#primaryimage"},"image":{"@id":"https:\/\/www.immobilienbusiness.ch\/de\/unternehmen\/2019-02-13\/ckw-conex-daniel-zbinden-wird-neuer-leiter-technics\/#primaryimage"},"thumbnailUrl":"https:\/\/www.immobilienbusiness.ch\/wp-content\/uploads\/2019\/02\/CKW-Daniel-Zbinden.jpg","datePublished":"2019-02-13T16:51:14+00:00","description":"Daniel Zbinden wird neuer Leiter des Bereichs Technics im Gesch\u00e4ftsbereich Geb\u00e4udetechnik von CKW und Mitglied der Gesch\u00e4ftsleitung der CKW Conex AG.","breadcrumb":{"@id":"https:\/\/www.immobilienbusiness.ch\/de\/unternehmen\/2019-02-13\/ckw-conex-daniel-zbinden-wird-neuer-leiter-technics\/#breadcrumb"},"inLanguage":"en-US","potentialAction":[{"@type":"ReadAction","target":["https:\/\/www.immobilienbusiness.ch\/de\/unternehmen\/2019-02-13\/ckw-conex-daniel-zbinden-wird-neuer-leiter-technics\/"]}]},{"@type":"ImageObject","inLanguage":"en-US","@id":"https:\/\/www.immobilienbusiness.ch\/de\/unternehmen\/2019-02-13\/ckw-conex-daniel-zbinden-wird-neuer-leiter-technics\/#primaryimage","url":"https:\/\/www.immobilienbusiness.ch\/wp-content\/uploads\/2019\/02\/CKW-Daniel-Zbinden.jpg","contentUrl":"https:\/\/www.immobilienbusiness.ch\/wp-content\/uploads\/2019\/02\/CKW-Daniel-Zbinden.jpg","width":2298,"height":2298,"caption":"Daniel Zbinden (Quelle: CKW Conex AG)"},{"@type":"BreadcrumbList","@id":"https:\/\/www.immobilienbusiness.ch\/de\/unternehmen\/2019-02-13\/ckw-conex-daniel-zbinden-wird-neuer-leiter-technics\/#breadcrumb","itemListElement":[{"@type":"ListItem","position":1,"name":"Home","item":"https:\/\/www.immobilienbusiness.ch\/"},{"@type":"ListItem","position":2,"name":"CKW Conex: Daniel Zbinden wird neuer Leiter Technics"}]},{"@type":"WebSite","@id":"https:\/\/www.immobilienbusiness.ch\/#website","url":"https:\/\/www.immobilienbusiness.ch\/","name":"REAL ESTATE Business","description":"Independent Swiss business magazine focusing on real estate, architecture and construction as well as investment and financing.","publisher":{"@id":"https:\/\/www.immobilienbusiness.ch\/#organization"},"potentialAction":[{"@type":"SearchAction","target":{"@type":"EntryPoint","urlTemplate":"https:\/\/www.immobilienbusiness.ch\/?s={search_term_string}"},"query-input":{"@type":"PropertyValueSpecification","valueRequired":true,"valueName":"search_term_string"}}],"inLanguage":"en-US"},{"@type":"Organization","@id":"https:\/\/www.immobilienbusiness.ch\/#organization","name":"REAL ESTATE Business","url":"https:\/\/www.immobilienbusiness.ch\/","logo":{"@type":"ImageObject","inLanguage":"en-US","@id":"https:\/\/www.immobilienbusiness.ch\/#\/schema\/logo\/image\/","url":"https:\/\/www.immobilienbusiness.ch\/wp-content\/uploads\/2021\/07\/logo_ib.png","contentUrl":"https:\/\/www.immobilienbusiness.ch\/wp-content\/uploads\/2021\/07\/logo_ib.png","width":800,"height":181,"caption":"IMMOBILIEN Business"},"image":{"@id":"https:\/\/www.immobilienbusiness.ch\/#\/schema\/logo\/image\/"},"sameAs":["https:\/\/www.facebook.com\/immobilienbusiness\/"]},{"@type":"Person","@id":"https:\/\/www.immobilienbusiness.ch\/#\/schema\/person\/3fc036297b10b9f42d6db5ee932af8c8","name":"anja.hall","image":{"@type":"ImageObject","inLanguage":"en-US","@id":"https:\/\/secure.gravatar.com\/avatar\/066b5a0d447013502c71a5782f4f3469f03cfe595cc2329fb94652fe47511bfb?s=96&d=mm&r=g","url":"https:\/\/secure.gravatar.com\/avatar\/066b5a0d447013502c71a5782f4f3469f03cfe595cc2329fb94652fe47511bfb?s=96&d=mm&r=g","contentUrl":"https:\/\/secure.gravatar.com\/avatar\/066b5a0d447013502c71a5782f4f3469f03cfe595cc2329fb94652fe47511bfb?s=96&d=mm&r=g","caption":"anja.hall"},"url":"https:\/\/www.immobilienbusiness.ch\/en\/author\/anja-hall\/"}]}},"_links":{"self":[{"href":"https:\/\/www.immobilienbusiness.ch\/en\/wp-json\/wp\/v2\/posts\/15887","targetHints":{"allow":["GET"]}}],"collection":[{"href":"https:\/\/www.immobilienbusiness.ch\/en\/wp-json\/wp\/v2\/posts"}],"about":[{"href":"https:\/\/www.immobilienbusiness.ch\/en\/wp-json\/wp\/v2\/types\/post"}],"author":[{"embeddable":true,"href":"https:\/\/www.immobilienbusiness.ch\/en\/wp-json\/wp\/v2\/users\/3"}],"replies":[{"embeddable":true,"href":"https:\/\/www.immobilienbusiness.ch\/en\/wp-json\/wp\/v2\/comments?post=15887"}],"version-history":[{"count":0,"href":"https:\/\/www.immobilienbusiness.ch\/en\/wp-json\/wp\/v2\/posts\/15887\/revisions"}],"wp:featuredmedia":[{"embeddable":true,"href":"https:\/\/www.immobilienbusiness.ch\/en\/wp-json\/wp\/v2\/media\/15897"}],"wp:attachment":[{"href":"https:\/\/www.immobilienbusiness.ch\/en\/wp-json\/wp\/v2\/media?parent=15887"}],"wp:term":[{"taxonomy":"category","embeddable":true,"href":"https:\/\/www.immobilienbusiness.ch\/en\/wp-json\/wp\/v2\/categories?post=15887"},{"taxonomy":"post_tag","embeddable":true,"href":"https:\/\/www.immobilienbusiness.ch\/en\/wp-json\/wp\/v2\/tags?post=15887"}],"curies":[{"name":"wp","href":"https:\/\/api.w.org\/{rel}","templated":true}]}}