{"id":14789,"date":"2018-11-07T08:12:17","date_gmt":"2018-11-07T07:12:17","guid":{"rendered":"https:\/\/www.immobilienbusiness.ch\/?p=14789"},"modified":"2018-11-07T08:12:17","modified_gmt":"2018-11-07T07:12:17","slug":"basel-regus-eroeffnet-im-stuecki-park","status":"publish","type":"post","link":"https:\/\/www.immobilienbusiness.ch\/en\/regionen\/2018-11-07\/basel-regus-eroeffnet-im-stuecki-park\/","title":{"rendered":"Basel: Regus becomes tenant in St\u00fccki Park"},"content":{"rendered":"<figure id=\"attachment_10133\" aria-describedby=\"caption-attachment-10133\" style=\"width: 464px\" class=\"wp-caption alignnone\"><img loading=\"lazy\" decoding=\"async\" class=\"size-full wp-image-10133\" src=\"https:\/\/www.immobilienbusiness.ch\/wp-content\/uploads\/2017\/11\/IB-News-20171115-St\u00fccki-Park-Basel-Neubauten-c-Swiss-Prime-Site-Immobilien.png\" alt=\"\" width=\"464\" height=\"309\" \/><figcaption id=\"caption-attachment-10133\" class=\"wp-caption-text\">Four new buildings with office and laboratory space are planned at St\u00fccki in Basel (Visualization: Swiss Prime Site Immobilien)<\/figcaption><\/figure>\n<p>According to Regus, the new center will house around 160 workstations on a good 1,000 square meters from March 2019. Flexible offices and coworking workplaces for small, medium and large companies are planned.<\/p>\n<p><a href=\"https:\/\/www.immobilienbusiness.ch\/en\/sps-stuecki-park-plaene\/\">St\u00fccki Park in the north of Basel will be redesigned and expanded by 2023:<\/a> The already<br \/>\nexisting buildings will be connected to one another, and four additional<br \/>\nbuilding complexes. The new St\u00fccki Park will then include a hotel, cinemas, a shopping mall, restaurants and offices.<\/p>\n<p>With the new Basel center, Regus will operate 41 locations in Switzerland from next spring. The company is already represented in Basel with the Clarahuus Center and the City Center. Regus was supported by CBRE Zurich in this project. <em>(ah)<\/em><\/p>","protected":false},"excerpt":{"rendered":"<p>Regus plans to open a location in St\u00fccki Park next spring. It will be the business center operator's third location in Basel. <\/p>","protected":false},"author":3,"featured_media":10133,"comment_status":"open","ping_status":"open","sticky":false,"template":"","format":"standard","meta":{"_acf_changed":false,"_yoast_wpseo_focuskw":"St\u00fccki","_yoast_wpseo_title":"","_yoast_wpseo_metadesc":"Regus will im kommenden Fr\u00fchling einen Standort im St\u00fccki Park er\u00f6ffnen. Es wird der dritte Standort der Business-Center-Betreibers in Basel sein.","_yoast_wpseo_linkdex":62,"pgc_sgb_lightbox_settings":"","footnotes":""},"categories":[985],"tags":[1069,1119,1739,1832],"class_list":["post-14789","post","type-post","status-publish","format-standard","has-post-thumbnail","hentry","category-regionen","tag-basel","tag-bueroimmobilien","tag-stuecki","tag-vermietung"],"acf":[],"yoast_head":"<!-- This site is optimized with the Yoast SEO plugin v27.5 - https:\/\/yoast.com\/product\/yoast-seo-wordpress\/ -->\n<title>Basel: Regus wird Mieter im St\u00fccki Park - IMMOBILIEN Business<\/title>\n<meta name=\"description\" content=\"Regus will im kommenden Fr\u00fchling einen Standort im St\u00fccki Park er\u00f6ffnen. Es wird der dritte Standort der Business-Center-Betreibers in Basel sein.\" \/>\n<meta name=\"robots\" content=\"index, follow, max-snippet:-1, max-image-preview:large, max-video-preview:-1\" \/>\n<link rel=\"canonical\" href=\"https:\/\/www.immobilienbusiness.ch\/en\/regionen\/2018-11-07\/basel-regus-eroeffnet-im-stuecki-park\/\" \/>\n<meta property=\"og:locale\" content=\"en_US\" \/>\n<meta property=\"og:type\" content=\"article\" \/>\n<meta property=\"og:title\" content=\"Basel: Regus wird Mieter im St\u00fccki Park - IMMOBILIEN Business\" \/>\n<meta property=\"og:description\" content=\"Regus will im kommenden Fr\u00fchling einen Standort im St\u00fccki Park er\u00f6ffnen. Es wird der dritte Standort der Business-Center-Betreibers in Basel sein.\" \/>\n<meta property=\"og:url\" content=\"https:\/\/www.immobilienbusiness.ch\/en\/regionen\/2018-11-07\/basel-regus-eroeffnet-im-stuecki-park\/\" \/>\n<meta property=\"og:site_name\" content=\"IMMOBILIEN Business\" \/>\n<meta property=\"article:publisher\" content=\"https:\/\/www.facebook.com\/immobilienbusiness\/\" \/>\n<meta property=\"article:published_time\" content=\"2018-11-07T07:12:17+00:00\" \/>\n<meta property=\"og:image\" content=\"https:\/\/www.immobilienbusiness.ch\/wp-content\/uploads\/2017\/11\/IB-News-20171115-Stuecki-Park-Basel-Neubauten-c-Swiss-Prime-Site-Immobilien.png\" \/>\n\t<meta property=\"og:image:width\" content=\"464\" \/>\n\t<meta property=\"og:image:height\" content=\"309\" \/>\n\t<meta property=\"og:image:type\" content=\"image\/png\" \/>\n<meta name=\"author\" content=\"anja.hall\" \/>\n<meta name=\"twitter:card\" content=\"summary_large_image\" \/>\n<meta name=\"twitter:image\" content=\"https:\/\/www.immobilienbusiness.ch\/wp-content\/uploads\/2017\/11\/IB-News-20171115-St\u00fccki-Park-Basel-Neubauten-c-Swiss-Prime-Site-Immobilien.png\" \/>\n<script type=\"application\/ld+json\" class=\"yoast-schema-graph\">{\"@context\":\"https:\\\/\\\/schema.org\",\"@graph\":[{\"@type\":\"Article\",\"@id\":\"https:\\\/\\\/www.immobilienbusiness.ch\\\/en\\\/regionen\\\/2018-11-07\\\/basel-regus-eroeffnet-im-stuecki-park\\\/#article\",\"isPartOf\":{\"@id\":\"https:\\\/\\\/www.immobilienbusiness.ch\\\/en\\\/regionen\\\/2018-11-07\\\/basel-regus-eroeffnet-im-stuecki-park\\\/\"},\"author\":{\"name\":\"anja.hall\",\"@id\":\"https:\\\/\\\/www.immobilienbusiness.ch\\\/#\\\/schema\\\/person\\\/3fc036297b10b9f42d6db5ee932af8c8\"},\"headline\":\"Basel: Regus wird Mieter im St\u00fccki Park\",\"datePublished\":\"2018-11-07T07:12:17+00:00\",\"mainEntityOfPage\":{\"@id\":\"https:\\\/\\\/www.immobilienbusiness.ch\\\/en\\\/regionen\\\/2018-11-07\\\/basel-regus-eroeffnet-im-stuecki-park\\\/\"},\"wordCount\":160,\"commentCount\":0,\"publisher\":{\"@id\":\"https:\\\/\\\/www.immobilienbusiness.ch\\\/#organization\"},\"image\":{\"@id\":\"https:\\\/\\\/www.immobilienbusiness.ch\\\/en\\\/regionen\\\/2018-11-07\\\/basel-regus-eroeffnet-im-stuecki-park\\\/#primaryimage\"},\"thumbnailUrl\":\"https:\\\/\\\/www.immobilienbusiness.ch\\\/wp-content\\\/uploads\\\/2017\\\/11\\\/IB-News-20171115-Stuecki-Park-Basel-Neubauten-c-Swiss-Prime-Site-Immobilien.png\",\"keywords\":[\"Basel\",\"B\u00fcroimmobilien\",\"St\u00fccki\",\"Vermietung\"],\"articleSection\":[\"REGIONEN\"],\"inLanguage\":\"en-US\"},{\"@type\":\"WebPage\",\"@id\":\"https:\\\/\\\/www.immobilienbusiness.ch\\\/en\\\/regionen\\\/2018-11-07\\\/basel-regus-eroeffnet-im-stuecki-park\\\/\",\"url\":\"https:\\\/\\\/www.immobilienbusiness.ch\\\/en\\\/regionen\\\/2018-11-07\\\/basel-regus-eroeffnet-im-stuecki-park\\\/\",\"name\":\"Basel: Regus wird Mieter im St\u00fccki Park - IMMOBILIEN Business\",\"isPartOf\":{\"@id\":\"https:\\\/\\\/www.immobilienbusiness.ch\\\/#website\"},\"primaryImageOfPage\":{\"@id\":\"https:\\\/\\\/www.immobilienbusiness.ch\\\/en\\\/regionen\\\/2018-11-07\\\/basel-regus-eroeffnet-im-stuecki-park\\\/#primaryimage\"},\"image\":{\"@id\":\"https:\\\/\\\/www.immobilienbusiness.ch\\\/en\\\/regionen\\\/2018-11-07\\\/basel-regus-eroeffnet-im-stuecki-park\\\/#primaryimage\"},\"thumbnailUrl\":\"https:\\\/\\\/www.immobilienbusiness.ch\\\/wp-content\\\/uploads\\\/2017\\\/11\\\/IB-News-20171115-Stuecki-Park-Basel-Neubauten-c-Swiss-Prime-Site-Immobilien.png\",\"datePublished\":\"2018-11-07T07:12:17+00:00\",\"description\":\"Regus will im kommenden Fr\u00fchling einen Standort im St\u00fccki Park er\u00f6ffnen. Es wird der dritte Standort der Business-Center-Betreibers in Basel sein.\",\"breadcrumb\":{\"@id\":\"https:\\\/\\\/www.immobilienbusiness.ch\\\/en\\\/regionen\\\/2018-11-07\\\/basel-regus-eroeffnet-im-stuecki-park\\\/#breadcrumb\"},\"inLanguage\":\"en-US\",\"potentialAction\":[{\"@type\":\"ReadAction\",\"target\":[\"https:\\\/\\\/www.immobilienbusiness.ch\\\/en\\\/regionen\\\/2018-11-07\\\/basel-regus-eroeffnet-im-stuecki-park\\\/\"]}]},{\"@type\":\"ImageObject\",\"inLanguage\":\"en-US\",\"@id\":\"https:\\\/\\\/www.immobilienbusiness.ch\\\/en\\\/regionen\\\/2018-11-07\\\/basel-regus-eroeffnet-im-stuecki-park\\\/#primaryimage\",\"url\":\"https:\\\/\\\/www.immobilienbusiness.ch\\\/wp-content\\\/uploads\\\/2017\\\/11\\\/IB-News-20171115-Stuecki-Park-Basel-Neubauten-c-Swiss-Prime-Site-Immobilien.png\",\"contentUrl\":\"https:\\\/\\\/www.immobilienbusiness.ch\\\/wp-content\\\/uploads\\\/2017\\\/11\\\/IB-News-20171115-Stuecki-Park-Basel-Neubauten-c-Swiss-Prime-Site-Immobilien.png\",\"width\":464,\"height\":309,\"caption\":\"Vier neue Geb\u00e4ude mit B\u00fcro- und Laborfl\u00e4chen sind am St\u00fccki in Basel geplant (Visualisierung: Swiss Prime Site Immobilien)\"},{\"@type\":\"BreadcrumbList\",\"@id\":\"https:\\\/\\\/www.immobilienbusiness.ch\\\/en\\\/regionen\\\/2018-11-07\\\/basel-regus-eroeffnet-im-stuecki-park\\\/#breadcrumb\",\"itemListElement\":[{\"@type\":\"ListItem\",\"position\":1,\"name\":\"Home\",\"item\":\"https:\\\/\\\/www.immobilienbusiness.ch\\\/\"},{\"@type\":\"ListItem\",\"position\":2,\"name\":\"Basel: Regus wird Mieter im St\u00fccki Park\"}]},{\"@type\":\"WebSite\",\"@id\":\"https:\\\/\\\/www.immobilienbusiness.ch\\\/#website\",\"url\":\"https:\\\/\\\/www.immobilienbusiness.ch\\\/\",\"name\":\"IMMOBILIEN Business\",\"description\":\"Unabh\u00e4ngiges Schweizer Wirtschaftsmagazin mit Fokus auf Immobilien, Architektur- und Bau sowie Investment- und Finanzierung.\",\"publisher\":{\"@id\":\"https:\\\/\\\/www.immobilienbusiness.ch\\\/#organization\"},\"potentialAction\":[{\"@type\":\"SearchAction\",\"target\":{\"@type\":\"EntryPoint\",\"urlTemplate\":\"https:\\\/\\\/www.immobilienbusiness.ch\\\/?s={search_term_string}\"},\"query-input\":{\"@type\":\"PropertyValueSpecification\",\"valueRequired\":true,\"valueName\":\"search_term_string\"}}],\"inLanguage\":\"en-US\"},{\"@type\":\"Organization\",\"@id\":\"https:\\\/\\\/www.immobilienbusiness.ch\\\/#organization\",\"name\":\"IMMOBILIEN Business\",\"url\":\"https:\\\/\\\/www.immobilienbusiness.ch\\\/\",\"logo\":{\"@type\":\"ImageObject\",\"inLanguage\":\"en-US\",\"@id\":\"https:\\\/\\\/www.immobilienbusiness.ch\\\/#\\\/schema\\\/logo\\\/image\\\/\",\"url\":\"https:\\\/\\\/www.immobilienbusiness.ch\\\/wp-content\\\/uploads\\\/2021\\\/07\\\/logo_ib.png\",\"contentUrl\":\"https:\\\/\\\/www.immobilienbusiness.ch\\\/wp-content\\\/uploads\\\/2021\\\/07\\\/logo_ib.png\",\"width\":800,\"height\":181,\"caption\":\"IMMOBILIEN Business\"},\"image\":{\"@id\":\"https:\\\/\\\/www.immobilienbusiness.ch\\\/#\\\/schema\\\/logo\\\/image\\\/\"},\"sameAs\":[\"https:\\\/\\\/www.facebook.com\\\/immobilienbusiness\\\/\"]},{\"@type\":\"Person\",\"@id\":\"https:\\\/\\\/www.immobilienbusiness.ch\\\/#\\\/schema\\\/person\\\/3fc036297b10b9f42d6db5ee932af8c8\",\"name\":\"anja.hall\",\"image\":{\"@type\":\"ImageObject\",\"inLanguage\":\"en-US\",\"@id\":\"https:\\\/\\\/secure.gravatar.com\\\/avatar\\\/066b5a0d447013502c71a5782f4f3469f03cfe595cc2329fb94652fe47511bfb?s=96&d=mm&r=g\",\"url\":\"https:\\\/\\\/secure.gravatar.com\\\/avatar\\\/066b5a0d447013502c71a5782f4f3469f03cfe595cc2329fb94652fe47511bfb?s=96&d=mm&r=g\",\"contentUrl\":\"https:\\\/\\\/secure.gravatar.com\\\/avatar\\\/066b5a0d447013502c71a5782f4f3469f03cfe595cc2329fb94652fe47511bfb?s=96&d=mm&r=g\",\"caption\":\"anja.hall\"},\"url\":\"https:\\\/\\\/www.immobilienbusiness.ch\\\/en\\\/author\\\/anja-hall\\\/\"}]}<\/script>\n<!-- \/ Yoast SEO plugin. -->","yoast_head_json":{"title":"Basel: Regus becomes tenant in St\u00fccki Park - IMMOBILIEN Business","description":"Regus plans to open a location in St\u00fccki Park next spring. It will be the business center operator's third location in Basel.","robots":{"index":"index","follow":"follow","max-snippet":"max-snippet:-1","max-image-preview":"max-image-preview:large","max-video-preview":"max-video-preview:-1"},"canonical":"https:\/\/www.immobilienbusiness.ch\/en\/regionen\/2018-11-07\/basel-regus-eroeffnet-im-stuecki-park\/","og_locale":"en_US","og_type":"article","og_title":"Basel: Regus wird Mieter im St\u00fccki Park - IMMOBILIEN Business","og_description":"Regus will im kommenden Fr\u00fchling einen Standort im St\u00fccki Park er\u00f6ffnen. Es wird der dritte Standort der Business-Center-Betreibers in Basel sein.","og_url":"https:\/\/www.immobilienbusiness.ch\/en\/regionen\/2018-11-07\/basel-regus-eroeffnet-im-stuecki-park\/","og_site_name":"IMMOBILIEN Business","article_publisher":"https:\/\/www.facebook.com\/immobilienbusiness\/","article_published_time":"2018-11-07T07:12:17+00:00","og_image":[{"width":464,"height":309,"url":"https:\/\/www.immobilienbusiness.ch\/wp-content\/uploads\/2017\/11\/IB-News-20171115-Stuecki-Park-Basel-Neubauten-c-Swiss-Prime-Site-Immobilien.png","type":"image\/png"}],"author":"anja.hall","twitter_card":"summary_large_image","twitter_image":"https:\/\/www.immobilienbusiness.ch\/wp-content\/uploads\/2017\/11\/IB-News-20171115-St\u00fccki-Park-Basel-Neubauten-c-Swiss-Prime-Site-Immobilien.png","schema":{"@context":"https:\/\/schema.org","@graph":[{"@type":"Article","@id":"https:\/\/www.immobilienbusiness.ch\/en\/regionen\/2018-11-07\/basel-regus-eroeffnet-im-stuecki-park\/#article","isPartOf":{"@id":"https:\/\/www.immobilienbusiness.ch\/en\/regionen\/2018-11-07\/basel-regus-eroeffnet-im-stuecki-park\/"},"author":{"name":"anja.hall","@id":"https:\/\/www.immobilienbusiness.ch\/#\/schema\/person\/3fc036297b10b9f42d6db5ee932af8c8"},"headline":"Basel: Regus wird Mieter im St\u00fccki Park","datePublished":"2018-11-07T07:12:17+00:00","mainEntityOfPage":{"@id":"https:\/\/www.immobilienbusiness.ch\/en\/regionen\/2018-11-07\/basel-regus-eroeffnet-im-stuecki-park\/"},"wordCount":160,"commentCount":0,"publisher":{"@id":"https:\/\/www.immobilienbusiness.ch\/#organization"},"image":{"@id":"https:\/\/www.immobilienbusiness.ch\/en\/regionen\/2018-11-07\/basel-regus-eroeffnet-im-stuecki-park\/#primaryimage"},"thumbnailUrl":"https:\/\/www.immobilienbusiness.ch\/wp-content\/uploads\/2017\/11\/IB-News-20171115-Stuecki-Park-Basel-Neubauten-c-Swiss-Prime-Site-Immobilien.png","keywords":["Basel","B\u00fcroimmobilien","St\u00fccki","Vermietung"],"articleSection":["REGIONEN"],"inLanguage":"en-US"},{"@type":"WebPage","@id":"https:\/\/www.immobilienbusiness.ch\/en\/regionen\/2018-11-07\/basel-regus-eroeffnet-im-stuecki-park\/","url":"https:\/\/www.immobilienbusiness.ch\/en\/regionen\/2018-11-07\/basel-regus-eroeffnet-im-stuecki-park\/","name":"Basel: Regus becomes tenant in St\u00fccki Park - IMMOBILIEN Business","isPartOf":{"@id":"https:\/\/www.immobilienbusiness.ch\/#website"},"primaryImageOfPage":{"@id":"https:\/\/www.immobilienbusiness.ch\/en\/regionen\/2018-11-07\/basel-regus-eroeffnet-im-stuecki-park\/#primaryimage"},"image":{"@id":"https:\/\/www.immobilienbusiness.ch\/en\/regionen\/2018-11-07\/basel-regus-eroeffnet-im-stuecki-park\/#primaryimage"},"thumbnailUrl":"https:\/\/www.immobilienbusiness.ch\/wp-content\/uploads\/2017\/11\/IB-News-20171115-Stuecki-Park-Basel-Neubauten-c-Swiss-Prime-Site-Immobilien.png","datePublished":"2018-11-07T07:12:17+00:00","description":"Regus plans to open a location in St\u00fccki Park next spring. It will be the business center operator's third location in Basel.","breadcrumb":{"@id":"https:\/\/www.immobilienbusiness.ch\/en\/regionen\/2018-11-07\/basel-regus-eroeffnet-im-stuecki-park\/#breadcrumb"},"inLanguage":"en-US","potentialAction":[{"@type":"ReadAction","target":["https:\/\/www.immobilienbusiness.ch\/en\/regionen\/2018-11-07\/basel-regus-eroeffnet-im-stuecki-park\/"]}]},{"@type":"ImageObject","inLanguage":"en-US","@id":"https:\/\/www.immobilienbusiness.ch\/en\/regionen\/2018-11-07\/basel-regus-eroeffnet-im-stuecki-park\/#primaryimage","url":"https:\/\/www.immobilienbusiness.ch\/wp-content\/uploads\/2017\/11\/IB-News-20171115-Stuecki-Park-Basel-Neubauten-c-Swiss-Prime-Site-Immobilien.png","contentUrl":"https:\/\/www.immobilienbusiness.ch\/wp-content\/uploads\/2017\/11\/IB-News-20171115-Stuecki-Park-Basel-Neubauten-c-Swiss-Prime-Site-Immobilien.png","width":464,"height":309,"caption":"Vier neue Geb\u00e4ude mit B\u00fcro- und Laborfl\u00e4chen sind am St\u00fccki in Basel geplant (Visualisierung: Swiss Prime Site Immobilien)"},{"@type":"BreadcrumbList","@id":"https:\/\/www.immobilienbusiness.ch\/en\/regionen\/2018-11-07\/basel-regus-eroeffnet-im-stuecki-park\/#breadcrumb","itemListElement":[{"@type":"ListItem","position":1,"name":"Home","item":"https:\/\/www.immobilienbusiness.ch\/"},{"@type":"ListItem","position":2,"name":"Basel: Regus wird Mieter im St\u00fccki Park"}]},{"@type":"WebSite","@id":"https:\/\/www.immobilienbusiness.ch\/#website","url":"https:\/\/www.immobilienbusiness.ch\/","name":"REAL ESTATE Business","description":"Independent Swiss business magazine focusing on real estate, architecture and construction as well as investment and financing.","publisher":{"@id":"https:\/\/www.immobilienbusiness.ch\/#organization"},"potentialAction":[{"@type":"SearchAction","target":{"@type":"EntryPoint","urlTemplate":"https:\/\/www.immobilienbusiness.ch\/?s={search_term_string}"},"query-input":{"@type":"PropertyValueSpecification","valueRequired":true,"valueName":"search_term_string"}}],"inLanguage":"en-US"},{"@type":"Organization","@id":"https:\/\/www.immobilienbusiness.ch\/#organization","name":"REAL ESTATE Business","url":"https:\/\/www.immobilienbusiness.ch\/","logo":{"@type":"ImageObject","inLanguage":"en-US","@id":"https:\/\/www.immobilienbusiness.ch\/#\/schema\/logo\/image\/","url":"https:\/\/www.immobilienbusiness.ch\/wp-content\/uploads\/2021\/07\/logo_ib.png","contentUrl":"https:\/\/www.immobilienbusiness.ch\/wp-content\/uploads\/2021\/07\/logo_ib.png","width":800,"height":181,"caption":"IMMOBILIEN Business"},"image":{"@id":"https:\/\/www.immobilienbusiness.ch\/#\/schema\/logo\/image\/"},"sameAs":["https:\/\/www.facebook.com\/immobilienbusiness\/"]},{"@type":"Person","@id":"https:\/\/www.immobilienbusiness.ch\/#\/schema\/person\/3fc036297b10b9f42d6db5ee932af8c8","name":"anja.hall","image":{"@type":"ImageObject","inLanguage":"en-US","@id":"https:\/\/secure.gravatar.com\/avatar\/066b5a0d447013502c71a5782f4f3469f03cfe595cc2329fb94652fe47511bfb?s=96&d=mm&r=g","url":"https:\/\/secure.gravatar.com\/avatar\/066b5a0d447013502c71a5782f4f3469f03cfe595cc2329fb94652fe47511bfb?s=96&d=mm&r=g","contentUrl":"https:\/\/secure.gravatar.com\/avatar\/066b5a0d447013502c71a5782f4f3469f03cfe595cc2329fb94652fe47511bfb?s=96&d=mm&r=g","caption":"anja.hall"},"url":"https:\/\/www.immobilienbusiness.ch\/en\/author\/anja-hall\/"}]}},"_links":{"self":[{"href":"https:\/\/www.immobilienbusiness.ch\/en\/wp-json\/wp\/v2\/posts\/14789","targetHints":{"allow":["GET"]}}],"collection":[{"href":"https:\/\/www.immobilienbusiness.ch\/en\/wp-json\/wp\/v2\/posts"}],"about":[{"href":"https:\/\/www.immobilienbusiness.ch\/en\/wp-json\/wp\/v2\/types\/post"}],"author":[{"embeddable":true,"href":"https:\/\/www.immobilienbusiness.ch\/en\/wp-json\/wp\/v2\/users\/3"}],"replies":[{"embeddable":true,"href":"https:\/\/www.immobilienbusiness.ch\/en\/wp-json\/wp\/v2\/comments?post=14789"}],"version-history":[{"count":0,"href":"https:\/\/www.immobilienbusiness.ch\/en\/wp-json\/wp\/v2\/posts\/14789\/revisions"}],"wp:featuredmedia":[{"embeddable":true,"href":"https:\/\/www.immobilienbusiness.ch\/en\/wp-json\/wp\/v2\/media\/10133"}],"wp:attachment":[{"href":"https:\/\/www.immobilienbusiness.ch\/en\/wp-json\/wp\/v2\/media?parent=14789"}],"wp:term":[{"taxonomy":"category","embeddable":true,"href":"https:\/\/www.immobilienbusiness.ch\/en\/wp-json\/wp\/v2\/categories?post=14789"},{"taxonomy":"post_tag","embeddable":true,"href":"https:\/\/www.immobilienbusiness.ch\/en\/wp-json\/wp\/v2\/tags?post=14789"}],"curies":[{"name":"wp","href":"https:\/\/api.w.org\/{rel}","templated":true}]}}