{"id":14193,"date":"2018-09-25T08:33:45","date_gmt":"2018-09-25T06:33:45","guid":{"rendered":"https:\/\/www.immobilienbusiness.ch\/?p=14193"},"modified":"2018-09-25T08:33:45","modified_gmt":"2018-09-25T06:33:45","slug":"steiner-plant-gewerbegebaeude-zowo-in-zollikofen","status":"publish","type":"post","link":"https:\/\/www.immobilienbusiness.ch\/en\/regionen\/2018-09-25\/steiner-plant-gewerbegebaeude-zowo-in-zollikofen\/","title":{"rendered":"Steiner plans commercial building Zowo in Zollikofen"},"content":{"rendered":"<figure id=\"attachment_14194\" aria-describedby=\"caption-attachment-14194\" style=\"width: 680px\" class=\"wp-caption alignnone\"><img loading=\"lazy\" decoding=\"async\" class=\"size-medium wp-image-14194\" src=\"https:\/\/www.immobilienbusiness.ch\/wp-content\/uploads\/2018\/09\/csm_ZOWO_Aussen_5fc6a0576f.jpg\" alt=\"\" width=\"680\" height=\"510\" srcset=\"https:\/\/www.immobilienbusiness.ch\/wp-content\/uploads\/2018\/09\/csm_ZOWO_Aussen_5fc6a0576f.jpg 800w, https:\/\/www.immobilienbusiness.ch\/wp-content\/uploads\/2018\/09\/csm_ZOWO_Aussen_5fc6a0576f-300x225.jpg 300w, https:\/\/www.immobilienbusiness.ch\/wp-content\/uploads\/2018\/09\/csm_ZOWO_Aussen_5fc6a0576f-768x576.jpg 768w, https:\/\/www.immobilienbusiness.ch\/wp-content\/uploads\/2018\/09\/csm_ZOWO_Aussen_5fc6a0576f-16x12.jpg 16w, https:\/\/www.immobilienbusiness.ch\/wp-content\/uploads\/2018\/09\/csm_ZOWO_Aussen_5fc6a0576f-233x175.jpg 233w, https:\/\/www.immobilienbusiness.ch\/wp-content\/uploads\/2018\/09\/csm_ZOWO_Aussen_5fc6a0576f-467x350.jpg 467w\" sizes=\"auto, (max-width: 680px) 100vw, 680px\" \/><figcaption id=\"caption-attachment-14194\" class=\"wp-caption-text\">Visualization of the commercial building Zowo in Zollikofen (Image: Steiner AG)<\/figcaption><\/figure>\n<p>The Zollikofen Work (Zowo) project will include about 8,000 square meters for office and commercial uses and will be built in the business district of the community of 10,000 residents. Negotiations with anchor tenants and investors are currently underway, Steiner informs. The go-ahead for the building's realization is expected in 2019, with completion scheduled for 2021, he adds.<\/p>\n<p>The Zowo is well connected to the transport network, emphasizes Steiner: the Zollikofen train station is just a few minutes' walk away, and by car it takes around five minutes to reach the A1 freeway or just over ten minutes to Bern. In the immediate vicinity of the planned development, there are also opportunities for eating and shopping, and a walk in the forest is \"virtually possible right on the doorstep,\" says Steiner. <em>(ah)<\/em><\/p>","protected":false},"excerpt":{"rendered":"<p>Steiner AG is to construct the Zowo commercial building in Zollikofen near Bern. The building permit has now become legally binding, and construction is scheduled to start next year.<\/p>","protected":false},"author":3,"featured_media":14194,"comment_status":"open","ping_status":"open","sticky":false,"template":"","format":"standard","meta":{"_acf_changed":false,"_yoast_wpseo_focuskw":"Zollikofen","_yoast_wpseo_title":"","_yoast_wpseo_metadesc":"Die Steiner AG wird in Zollikofen bei Bern das Gewerbegeb\u00e4ude Zowo errichten. Die Baubewilligung ist inzwischen rechtskr\u00e4ftig, Baustart soll 2019 sein.","_yoast_wpseo_linkdex":69,"pgc_sgb_lightbox_settings":"","footnotes":""},"categories":[985],"tags":[1091,1119,1205,1600,1731],"class_list":["post-14193","post","type-post","status-publish","format-standard","has-post-thumbnail","hentry","category-regionen","tag-bern","tag-bueroimmobilien","tag-espace-mittelland","tag-projekt-in-planung","tag-steiner-ag"],"acf":[],"yoast_head":"<!-- This site is optimized with the Yoast SEO plugin v27.5 - https:\/\/yoast.com\/product\/yoast-seo-wordpress\/ -->\n<title>Steiner plant Gewerbegeb\u00e4ude Zowo in Zollikofen - IMMOBILIEN Business<\/title>\n<meta name=\"description\" content=\"Die Steiner AG wird in Zollikofen bei Bern das Gewerbegeb\u00e4ude Zowo errichten. Die Baubewilligung ist inzwischen rechtskr\u00e4ftig, Baustart soll 2019 sein.\" \/>\n<meta name=\"robots\" content=\"index, follow, max-snippet:-1, max-image-preview:large, max-video-preview:-1\" \/>\n<link rel=\"canonical\" href=\"https:\/\/www.immobilienbusiness.ch\/en\/regionen\/2018-09-25\/steiner-plant-gewerbegebaeude-zowo-in-zollikofen\/\" \/>\n<meta property=\"og:locale\" content=\"en_US\" \/>\n<meta property=\"og:type\" content=\"article\" \/>\n<meta property=\"og:title\" content=\"Steiner plant Gewerbegeb\u00e4ude Zowo in Zollikofen - IMMOBILIEN Business\" \/>\n<meta property=\"og:description\" content=\"Die Steiner AG wird in Zollikofen bei Bern das Gewerbegeb\u00e4ude Zowo errichten. Die Baubewilligung ist inzwischen rechtskr\u00e4ftig, Baustart soll 2019 sein.\" \/>\n<meta property=\"og:url\" content=\"https:\/\/www.immobilienbusiness.ch\/en\/regionen\/2018-09-25\/steiner-plant-gewerbegebaeude-zowo-in-zollikofen\/\" \/>\n<meta property=\"og:site_name\" content=\"IMMOBILIEN Business\" \/>\n<meta property=\"article:publisher\" content=\"https:\/\/www.facebook.com\/immobilienbusiness\/\" \/>\n<meta property=\"article:published_time\" content=\"2018-09-25T06:33:45+00:00\" \/>\n<meta property=\"og:image\" content=\"https:\/\/www.immobilienbusiness.ch\/wp-content\/uploads\/2018\/09\/csm_ZOWO_Aussen_5fc6a0576f.jpg\" \/>\n\t<meta property=\"og:image:width\" content=\"800\" \/>\n\t<meta property=\"og:image:height\" content=\"600\" \/>\n\t<meta property=\"og:image:type\" content=\"image\/jpeg\" \/>\n<meta name=\"author\" content=\"anja.hall\" \/>\n<meta name=\"twitter:card\" content=\"summary_large_image\" \/>\n<meta name=\"twitter:image\" content=\"https:\/\/www.immobilienbusiness.ch\/wp-content\/uploads\/2018\/09\/csm_ZOWO_Aussen_5fc6a0576f.jpg\" \/>\n<script type=\"application\/ld+json\" class=\"yoast-schema-graph\">{\"@context\":\"https:\\\/\\\/schema.org\",\"@graph\":[{\"@type\":\"Article\",\"@id\":\"https:\\\/\\\/www.immobilienbusiness.ch\\\/regionen\\\/2018-09-25\\\/steiner-plant-gewerbegebaeude-zowo-in-zollikofen\\\/#article\",\"isPartOf\":{\"@id\":\"https:\\\/\\\/www.immobilienbusiness.ch\\\/regionen\\\/2018-09-25\\\/steiner-plant-gewerbegebaeude-zowo-in-zollikofen\\\/\"},\"author\":{\"name\":\"anja.hall\",\"@id\":\"https:\\\/\\\/www.immobilienbusiness.ch\\\/#\\\/schema\\\/person\\\/3fc036297b10b9f42d6db5ee932af8c8\"},\"headline\":\"Steiner plant Gewerbegeb\u00e4ude Zowo in Zollikofen\",\"datePublished\":\"2018-09-25T06:33:45+00:00\",\"mainEntityOfPage\":{\"@id\":\"https:\\\/\\\/www.immobilienbusiness.ch\\\/regionen\\\/2018-09-25\\\/steiner-plant-gewerbegebaeude-zowo-in-zollikofen\\\/\"},\"wordCount\":150,\"commentCount\":0,\"publisher\":{\"@id\":\"https:\\\/\\\/www.immobilienbusiness.ch\\\/#organization\"},\"image\":{\"@id\":\"https:\\\/\\\/www.immobilienbusiness.ch\\\/regionen\\\/2018-09-25\\\/steiner-plant-gewerbegebaeude-zowo-in-zollikofen\\\/#primaryimage\"},\"thumbnailUrl\":\"https:\\\/\\\/www.immobilienbusiness.ch\\\/wp-content\\\/uploads\\\/2018\\\/09\\\/csm_ZOWO_Aussen_5fc6a0576f.jpg\",\"keywords\":[\"Bern\",\"B\u00fcroimmobilien\",\"Espace Mittelland\",\"Projekt in Planung\",\"Steiner AG\"],\"articleSection\":[\"REGIONEN\"],\"inLanguage\":\"en-US\"},{\"@type\":\"WebPage\",\"@id\":\"https:\\\/\\\/www.immobilienbusiness.ch\\\/regionen\\\/2018-09-25\\\/steiner-plant-gewerbegebaeude-zowo-in-zollikofen\\\/\",\"url\":\"https:\\\/\\\/www.immobilienbusiness.ch\\\/regionen\\\/2018-09-25\\\/steiner-plant-gewerbegebaeude-zowo-in-zollikofen\\\/\",\"name\":\"Steiner plant Gewerbegeb\u00e4ude Zowo in Zollikofen - IMMOBILIEN Business\",\"isPartOf\":{\"@id\":\"https:\\\/\\\/www.immobilienbusiness.ch\\\/#website\"},\"primaryImageOfPage\":{\"@id\":\"https:\\\/\\\/www.immobilienbusiness.ch\\\/regionen\\\/2018-09-25\\\/steiner-plant-gewerbegebaeude-zowo-in-zollikofen\\\/#primaryimage\"},\"image\":{\"@id\":\"https:\\\/\\\/www.immobilienbusiness.ch\\\/regionen\\\/2018-09-25\\\/steiner-plant-gewerbegebaeude-zowo-in-zollikofen\\\/#primaryimage\"},\"thumbnailUrl\":\"https:\\\/\\\/www.immobilienbusiness.ch\\\/wp-content\\\/uploads\\\/2018\\\/09\\\/csm_ZOWO_Aussen_5fc6a0576f.jpg\",\"datePublished\":\"2018-09-25T06:33:45+00:00\",\"description\":\"Die Steiner AG wird in Zollikofen bei Bern das Gewerbegeb\u00e4ude Zowo errichten. Die Baubewilligung ist inzwischen rechtskr\u00e4ftig, Baustart soll 2019 sein.\",\"breadcrumb\":{\"@id\":\"https:\\\/\\\/www.immobilienbusiness.ch\\\/regionen\\\/2018-09-25\\\/steiner-plant-gewerbegebaeude-zowo-in-zollikofen\\\/#breadcrumb\"},\"inLanguage\":\"en-US\",\"potentialAction\":[{\"@type\":\"ReadAction\",\"target\":[\"https:\\\/\\\/www.immobilienbusiness.ch\\\/regionen\\\/2018-09-25\\\/steiner-plant-gewerbegebaeude-zowo-in-zollikofen\\\/\"]}]},{\"@type\":\"ImageObject\",\"inLanguage\":\"en-US\",\"@id\":\"https:\\\/\\\/www.immobilienbusiness.ch\\\/regionen\\\/2018-09-25\\\/steiner-plant-gewerbegebaeude-zowo-in-zollikofen\\\/#primaryimage\",\"url\":\"https:\\\/\\\/www.immobilienbusiness.ch\\\/wp-content\\\/uploads\\\/2018\\\/09\\\/csm_ZOWO_Aussen_5fc6a0576f.jpg\",\"contentUrl\":\"https:\\\/\\\/www.immobilienbusiness.ch\\\/wp-content\\\/uploads\\\/2018\\\/09\\\/csm_ZOWO_Aussen_5fc6a0576f.jpg\",\"width\":800,\"height\":600,\"caption\":\"(Bild: Steiner AG)\"},{\"@type\":\"BreadcrumbList\",\"@id\":\"https:\\\/\\\/www.immobilienbusiness.ch\\\/regionen\\\/2018-09-25\\\/steiner-plant-gewerbegebaeude-zowo-in-zollikofen\\\/#breadcrumb\",\"itemListElement\":[{\"@type\":\"ListItem\",\"position\":1,\"name\":\"Home\",\"item\":\"https:\\\/\\\/www.immobilienbusiness.ch\\\/\"},{\"@type\":\"ListItem\",\"position\":2,\"name\":\"Steiner plant Gewerbegeb\u00e4ude Zowo in Zollikofen\"}]},{\"@type\":\"WebSite\",\"@id\":\"https:\\\/\\\/www.immobilienbusiness.ch\\\/#website\",\"url\":\"https:\\\/\\\/www.immobilienbusiness.ch\\\/\",\"name\":\"IMMOBILIEN Business\",\"description\":\"Unabh\u00e4ngiges Schweizer Wirtschaftsmagazin mit Fokus auf Immobilien, Architektur- und Bau sowie Investment- und Finanzierung.\",\"publisher\":{\"@id\":\"https:\\\/\\\/www.immobilienbusiness.ch\\\/#organization\"},\"potentialAction\":[{\"@type\":\"SearchAction\",\"target\":{\"@type\":\"EntryPoint\",\"urlTemplate\":\"https:\\\/\\\/www.immobilienbusiness.ch\\\/?s={search_term_string}\"},\"query-input\":{\"@type\":\"PropertyValueSpecification\",\"valueRequired\":true,\"valueName\":\"search_term_string\"}}],\"inLanguage\":\"en-US\"},{\"@type\":\"Organization\",\"@id\":\"https:\\\/\\\/www.immobilienbusiness.ch\\\/#organization\",\"name\":\"IMMOBILIEN Business\",\"url\":\"https:\\\/\\\/www.immobilienbusiness.ch\\\/\",\"logo\":{\"@type\":\"ImageObject\",\"inLanguage\":\"en-US\",\"@id\":\"https:\\\/\\\/www.immobilienbusiness.ch\\\/#\\\/schema\\\/logo\\\/image\\\/\",\"url\":\"https:\\\/\\\/www.immobilienbusiness.ch\\\/wp-content\\\/uploads\\\/2021\\\/07\\\/logo_ib.png\",\"contentUrl\":\"https:\\\/\\\/www.immobilienbusiness.ch\\\/wp-content\\\/uploads\\\/2021\\\/07\\\/logo_ib.png\",\"width\":800,\"height\":181,\"caption\":\"IMMOBILIEN Business\"},\"image\":{\"@id\":\"https:\\\/\\\/www.immobilienbusiness.ch\\\/#\\\/schema\\\/logo\\\/image\\\/\"},\"sameAs\":[\"https:\\\/\\\/www.facebook.com\\\/immobilienbusiness\\\/\"]},{\"@type\":\"Person\",\"@id\":\"https:\\\/\\\/www.immobilienbusiness.ch\\\/#\\\/schema\\\/person\\\/3fc036297b10b9f42d6db5ee932af8c8\",\"name\":\"anja.hall\",\"image\":{\"@type\":\"ImageObject\",\"inLanguage\":\"en-US\",\"@id\":\"https:\\\/\\\/secure.gravatar.com\\\/avatar\\\/066b5a0d447013502c71a5782f4f3469f03cfe595cc2329fb94652fe47511bfb?s=96&d=mm&r=g\",\"url\":\"https:\\\/\\\/secure.gravatar.com\\\/avatar\\\/066b5a0d447013502c71a5782f4f3469f03cfe595cc2329fb94652fe47511bfb?s=96&d=mm&r=g\",\"contentUrl\":\"https:\\\/\\\/secure.gravatar.com\\\/avatar\\\/066b5a0d447013502c71a5782f4f3469f03cfe595cc2329fb94652fe47511bfb?s=96&d=mm&r=g\",\"caption\":\"anja.hall\"},\"url\":\"https:\\\/\\\/www.immobilienbusiness.ch\\\/en\\\/author\\\/anja-hall\\\/\"}]}<\/script>\n<!-- \/ Yoast SEO plugin. -->","yoast_head_json":{"title":"Steiner plant Gewerbegeb\u00e4ude Zowo in Zollikofen - IMMOBILIEN Business","description":"Die Steiner AG wird in Zollikofen bei Bern das Gewerbegeb\u00e4ude Zowo errichten. Die Baubewilligung ist inzwischen rechtskr\u00e4ftig, Baustart soll 2019 sein.","robots":{"index":"index","follow":"follow","max-snippet":"max-snippet:-1","max-image-preview":"max-image-preview:large","max-video-preview":"max-video-preview:-1"},"canonical":"https:\/\/www.immobilienbusiness.ch\/en\/regionen\/2018-09-25\/steiner-plant-gewerbegebaeude-zowo-in-zollikofen\/","og_locale":"en_US","og_type":"article","og_title":"Steiner plant Gewerbegeb\u00e4ude Zowo in Zollikofen - IMMOBILIEN Business","og_description":"Die Steiner AG wird in Zollikofen bei Bern das Gewerbegeb\u00e4ude Zowo errichten. Die Baubewilligung ist inzwischen rechtskr\u00e4ftig, Baustart soll 2019 sein.","og_url":"https:\/\/www.immobilienbusiness.ch\/en\/regionen\/2018-09-25\/steiner-plant-gewerbegebaeude-zowo-in-zollikofen\/","og_site_name":"IMMOBILIEN Business","article_publisher":"https:\/\/www.facebook.com\/immobilienbusiness\/","article_published_time":"2018-09-25T06:33:45+00:00","og_image":[{"width":800,"height":600,"url":"https:\/\/www.immobilienbusiness.ch\/wp-content\/uploads\/2018\/09\/csm_ZOWO_Aussen_5fc6a0576f.jpg","type":"image\/jpeg"}],"author":"anja.hall","twitter_card":"summary_large_image","twitter_image":"https:\/\/www.immobilienbusiness.ch\/wp-content\/uploads\/2018\/09\/csm_ZOWO_Aussen_5fc6a0576f.jpg","schema":{"@context":"https:\/\/schema.org","@graph":[{"@type":"Article","@id":"https:\/\/www.immobilienbusiness.ch\/regionen\/2018-09-25\/steiner-plant-gewerbegebaeude-zowo-in-zollikofen\/#article","isPartOf":{"@id":"https:\/\/www.immobilienbusiness.ch\/regionen\/2018-09-25\/steiner-plant-gewerbegebaeude-zowo-in-zollikofen\/"},"author":{"name":"anja.hall","@id":"https:\/\/www.immobilienbusiness.ch\/#\/schema\/person\/3fc036297b10b9f42d6db5ee932af8c8"},"headline":"Steiner plant Gewerbegeb\u00e4ude Zowo in Zollikofen","datePublished":"2018-09-25T06:33:45+00:00","mainEntityOfPage":{"@id":"https:\/\/www.immobilienbusiness.ch\/regionen\/2018-09-25\/steiner-plant-gewerbegebaeude-zowo-in-zollikofen\/"},"wordCount":150,"commentCount":0,"publisher":{"@id":"https:\/\/www.immobilienbusiness.ch\/#organization"},"image":{"@id":"https:\/\/www.immobilienbusiness.ch\/regionen\/2018-09-25\/steiner-plant-gewerbegebaeude-zowo-in-zollikofen\/#primaryimage"},"thumbnailUrl":"https:\/\/www.immobilienbusiness.ch\/wp-content\/uploads\/2018\/09\/csm_ZOWO_Aussen_5fc6a0576f.jpg","keywords":["Bern","B\u00fcroimmobilien","Espace Mittelland","Projekt in Planung","Steiner AG"],"articleSection":["REGIONEN"],"inLanguage":"en-US"},{"@type":"WebPage","@id":"https:\/\/www.immobilienbusiness.ch\/regionen\/2018-09-25\/steiner-plant-gewerbegebaeude-zowo-in-zollikofen\/","url":"https:\/\/www.immobilienbusiness.ch\/regionen\/2018-09-25\/steiner-plant-gewerbegebaeude-zowo-in-zollikofen\/","name":"Steiner plant Gewerbegeb\u00e4ude Zowo in Zollikofen - IMMOBILIEN Business","isPartOf":{"@id":"https:\/\/www.immobilienbusiness.ch\/#website"},"primaryImageOfPage":{"@id":"https:\/\/www.immobilienbusiness.ch\/regionen\/2018-09-25\/steiner-plant-gewerbegebaeude-zowo-in-zollikofen\/#primaryimage"},"image":{"@id":"https:\/\/www.immobilienbusiness.ch\/regionen\/2018-09-25\/steiner-plant-gewerbegebaeude-zowo-in-zollikofen\/#primaryimage"},"thumbnailUrl":"https:\/\/www.immobilienbusiness.ch\/wp-content\/uploads\/2018\/09\/csm_ZOWO_Aussen_5fc6a0576f.jpg","datePublished":"2018-09-25T06:33:45+00:00","description":"Die Steiner AG wird in Zollikofen bei Bern das Gewerbegeb\u00e4ude Zowo errichten. Die Baubewilligung ist inzwischen rechtskr\u00e4ftig, Baustart soll 2019 sein.","breadcrumb":{"@id":"https:\/\/www.immobilienbusiness.ch\/regionen\/2018-09-25\/steiner-plant-gewerbegebaeude-zowo-in-zollikofen\/#breadcrumb"},"inLanguage":"en-US","potentialAction":[{"@type":"ReadAction","target":["https:\/\/www.immobilienbusiness.ch\/regionen\/2018-09-25\/steiner-plant-gewerbegebaeude-zowo-in-zollikofen\/"]}]},{"@type":"ImageObject","inLanguage":"en-US","@id":"https:\/\/www.immobilienbusiness.ch\/regionen\/2018-09-25\/steiner-plant-gewerbegebaeude-zowo-in-zollikofen\/#primaryimage","url":"https:\/\/www.immobilienbusiness.ch\/wp-content\/uploads\/2018\/09\/csm_ZOWO_Aussen_5fc6a0576f.jpg","contentUrl":"https:\/\/www.immobilienbusiness.ch\/wp-content\/uploads\/2018\/09\/csm_ZOWO_Aussen_5fc6a0576f.jpg","width":800,"height":600,"caption":"(Bild: Steiner AG)"},{"@type":"BreadcrumbList","@id":"https:\/\/www.immobilienbusiness.ch\/regionen\/2018-09-25\/steiner-plant-gewerbegebaeude-zowo-in-zollikofen\/#breadcrumb","itemListElement":[{"@type":"ListItem","position":1,"name":"Home","item":"https:\/\/www.immobilienbusiness.ch\/"},{"@type":"ListItem","position":2,"name":"Steiner plant Gewerbegeb\u00e4ude Zowo in Zollikofen"}]},{"@type":"WebSite","@id":"https:\/\/www.immobilienbusiness.ch\/#website","url":"https:\/\/www.immobilienbusiness.ch\/","name":"REAL ESTATE Business","description":"Independent Swiss business magazine focusing on real estate, architecture and construction as well as investment and financing.","publisher":{"@id":"https:\/\/www.immobilienbusiness.ch\/#organization"},"potentialAction":[{"@type":"SearchAction","target":{"@type":"EntryPoint","urlTemplate":"https:\/\/www.immobilienbusiness.ch\/?s={search_term_string}"},"query-input":{"@type":"PropertyValueSpecification","valueRequired":true,"valueName":"search_term_string"}}],"inLanguage":"en-US"},{"@type":"Organization","@id":"https:\/\/www.immobilienbusiness.ch\/#organization","name":"REAL ESTATE Business","url":"https:\/\/www.immobilienbusiness.ch\/","logo":{"@type":"ImageObject","inLanguage":"en-US","@id":"https:\/\/www.immobilienbusiness.ch\/#\/schema\/logo\/image\/","url":"https:\/\/www.immobilienbusiness.ch\/wp-content\/uploads\/2021\/07\/logo_ib.png","contentUrl":"https:\/\/www.immobilienbusiness.ch\/wp-content\/uploads\/2021\/07\/logo_ib.png","width":800,"height":181,"caption":"IMMOBILIEN Business"},"image":{"@id":"https:\/\/www.immobilienbusiness.ch\/#\/schema\/logo\/image\/"},"sameAs":["https:\/\/www.facebook.com\/immobilienbusiness\/"]},{"@type":"Person","@id":"https:\/\/www.immobilienbusiness.ch\/#\/schema\/person\/3fc036297b10b9f42d6db5ee932af8c8","name":"anja.hall","image":{"@type":"ImageObject","inLanguage":"en-US","@id":"https:\/\/secure.gravatar.com\/avatar\/066b5a0d447013502c71a5782f4f3469f03cfe595cc2329fb94652fe47511bfb?s=96&d=mm&r=g","url":"https:\/\/secure.gravatar.com\/avatar\/066b5a0d447013502c71a5782f4f3469f03cfe595cc2329fb94652fe47511bfb?s=96&d=mm&r=g","contentUrl":"https:\/\/secure.gravatar.com\/avatar\/066b5a0d447013502c71a5782f4f3469f03cfe595cc2329fb94652fe47511bfb?s=96&d=mm&r=g","caption":"anja.hall"},"url":"https:\/\/www.immobilienbusiness.ch\/en\/author\/anja-hall\/"}]}},"_links":{"self":[{"href":"https:\/\/www.immobilienbusiness.ch\/en\/wp-json\/wp\/v2\/posts\/14193","targetHints":{"allow":["GET"]}}],"collection":[{"href":"https:\/\/www.immobilienbusiness.ch\/en\/wp-json\/wp\/v2\/posts"}],"about":[{"href":"https:\/\/www.immobilienbusiness.ch\/en\/wp-json\/wp\/v2\/types\/post"}],"author":[{"embeddable":true,"href":"https:\/\/www.immobilienbusiness.ch\/en\/wp-json\/wp\/v2\/users\/3"}],"replies":[{"embeddable":true,"href":"https:\/\/www.immobilienbusiness.ch\/en\/wp-json\/wp\/v2\/comments?post=14193"}],"version-history":[{"count":0,"href":"https:\/\/www.immobilienbusiness.ch\/en\/wp-json\/wp\/v2\/posts\/14193\/revisions"}],"wp:featuredmedia":[{"embeddable":true,"href":"https:\/\/www.immobilienbusiness.ch\/en\/wp-json\/wp\/v2\/media\/14194"}],"wp:attachment":[{"href":"https:\/\/www.immobilienbusiness.ch\/en\/wp-json\/wp\/v2\/media?parent=14193"}],"wp:term":[{"taxonomy":"category","embeddable":true,"href":"https:\/\/www.immobilienbusiness.ch\/en\/wp-json\/wp\/v2\/categories?post=14193"},{"taxonomy":"post_tag","embeddable":true,"href":"https:\/\/www.immobilienbusiness.ch\/en\/wp-json\/wp\/v2\/tags?post=14193"}],"curies":[{"name":"wp","href":"https:\/\/api.w.org\/{rel}","templated":true}]}}