{"id":14038,"date":"2018-09-13T08:04:28","date_gmt":"2018-09-13T06:04:28","guid":{"rendered":"https:\/\/www.immobilienbusiness.ch\/?p=14038"},"modified":"2018-09-13T08:04:28","modified_gmt":"2018-09-13T06:04:28","slug":"akara-diversity-pk-plant-neue-kapitalerhoehung","status":"publish","type":"post","link":"https:\/\/www.immobilienbusiness.ch\/en\/unternehmen\/2018-09-13\/akara-diversity-pk-plant-neue-kapitalerhoehung\/","title":{"rendered":"Akara Diversity PK plans new capital increase"},"content":{"rendered":"<figure id=\"attachment_12759\" aria-describedby=\"caption-attachment-12759\" style=\"width: 680px\" class=\"wp-caption alignnone\"><img loading=\"lazy\" decoding=\"async\" class=\"size-medium wp-image-12759\" src=\"https:\/\/www.immobilienbusiness.ch\/wp-content\/uploads\/2018\/05\/Depositphotos_58636529_m-2015.jpg\" alt=\"\" width=\"680\" height=\"454\" srcset=\"https:\/\/www.immobilienbusiness.ch\/wp-content\/uploads\/2018\/05\/Depositphotos_58636529_m-2015.jpg 1000w, https:\/\/www.immobilienbusiness.ch\/wp-content\/uploads\/2018\/05\/Depositphotos_58636529_m-2015-300x200.jpg 300w, https:\/\/www.immobilienbusiness.ch\/wp-content\/uploads\/2018\/05\/Depositphotos_58636529_m-2015-768x512.jpg 768w, https:\/\/www.immobilienbusiness.ch\/wp-content\/uploads\/2018\/05\/Depositphotos_58636529_m-2015-16x12.jpg 16w, https:\/\/www.immobilienbusiness.ch\/wp-content\/uploads\/2018\/05\/Depositphotos_58636529_m-2015-262x175.jpg 262w, https:\/\/www.immobilienbusiness.ch\/wp-content\/uploads\/2018\/05\/Depositphotos_58636529_m-2015-525x350.jpg 525w, https:\/\/www.immobilienbusiness.ch\/wp-content\/uploads\/2018\/05\/Depositphotos_58636529_m-2015-920x614.jpg 920w\" sizes=\"auto, (max-width: 680px) 100vw, 680px\" \/><figcaption id=\"caption-attachment-12759\" class=\"wp-caption-text\">The Akara Diversity PK seeks fresh capital (wirojsid - despositphotos)<\/figcaption><\/figure>\n<p>The next capital increase is expected to reach a volume of 200 to 250 million, Akara Funds announces. These funds will be fully invested from the beginning, as properties have been purchased since the balance sheet date and the Akara Diversity PF already shows a leverage of around 25 percent, which will continue to increase until the next capital increase with short-term mortgages is paid.<\/p>\n<p>As of June 30, 2018, the Akara Diversity PK included 52 deeded properties and one committed property, of which 48 are owned with a total value of 579.14 million. After the balance sheet date, one property with a value of 12.98 million and one development project with an approved design plan with a value of 64.48 million had been transferred to the Fund's ownership. In total, the Akara Diversity PK thus currently includes properties and development projects worth 656.6 million.<span class=\"Apple-converted-space\">\u00a0<\/span><\/p>\n<p>As of the balance sheet date, the vacancy rate of the portfolio properties was 6.46 percent. Adjusted for properties under initial occupancy and under construction, the figure is 5.15 percent.<\/p>\n<p>After completion of the buildings, the target rental income will consist of 49 percent residential use and 51 percent commercial use. The goal of a balanced distribution of use between residential and commercial will thus be achieved in the near future, Akara Funds informs.<\/p>\n<p>In the first half of the year, the Fund generated income of 15.52 million, of which rental income accounted for 9.26 million. After deduction of expenses, net income amounted to 12.72 million. The investment return is put at 3.27 percent (annualized 6.58%). <em>(ah)<\/em><\/p>","protected":false},"excerpt":{"rendered":"<p>Akara Funds AG announces a capital increase for the real estate fund Akara Diversity PK in the fourth quarter. The funds from the issue in June are already fully invested.<\/p>","protected":false},"author":3,"featured_media":12759,"comment_status":"open","ping_status":"open","sticky":false,"template":"","format":"standard","meta":{"_acf_changed":false,"_yoast_wpseo_focuskw":"Akara","_yoast_wpseo_title":"","_yoast_wpseo_metadesc":"Die Akara Funds AG k\u00fcndigt f\u00fcr den Immobilienfonds Akara Diversity PK eine Kapitalerh\u00f6hung im vierten Quartal an.","_yoast_wpseo_linkdex":70,"pgc_sgb_lightbox_settings":"","footnotes":""},"categories":[988],"tags":[1009,1266,1344,1412],"class_list":["post-14038","post","type-post","status-publish","format-standard","has-post-thumbnail","hentry","category-unternehmen","tag-akara-funds","tag-geschaeftszahlen","tag-immobilienfonds","tag-kapitalerhoehung"],"acf":[],"yoast_head":"<!-- This site is optimized with the Yoast SEO plugin v27.4 - https:\/\/yoast.com\/product\/yoast-seo-wordpress\/ -->\n<title>Akara Diversity PK plant neue Kapitalerh\u00f6hung - IMMOBILIEN Business<\/title>\n<meta name=\"description\" content=\"Die Akara Funds AG k\u00fcndigt f\u00fcr den Immobilienfonds Akara Diversity PK eine Kapitalerh\u00f6hung im vierten Quartal an.\" \/>\n<meta name=\"robots\" content=\"index, follow, max-snippet:-1, max-image-preview:large, max-video-preview:-1\" \/>\n<link rel=\"canonical\" href=\"https:\/\/www.immobilienbusiness.ch\/en\/unternehmen\/2018-09-13\/akara-diversity-pk-plant-neue-kapitalerhoehung\/\" \/>\n<meta property=\"og:locale\" content=\"en_US\" \/>\n<meta property=\"og:type\" content=\"article\" \/>\n<meta property=\"og:title\" content=\"Akara Diversity PK plant neue Kapitalerh\u00f6hung - IMMOBILIEN Business\" \/>\n<meta property=\"og:description\" content=\"Die Akara Funds AG k\u00fcndigt f\u00fcr den Immobilienfonds Akara Diversity PK eine Kapitalerh\u00f6hung im vierten Quartal an.\" \/>\n<meta property=\"og:url\" content=\"https:\/\/www.immobilienbusiness.ch\/en\/unternehmen\/2018-09-13\/akara-diversity-pk-plant-neue-kapitalerhoehung\/\" \/>\n<meta property=\"og:site_name\" content=\"IMMOBILIEN Business\" \/>\n<meta property=\"article:publisher\" content=\"https:\/\/www.facebook.com\/immobilienbusiness\/\" \/>\n<meta property=\"article:published_time\" content=\"2018-09-13T06:04:28+00:00\" \/>\n<meta property=\"og:image\" content=\"https:\/\/www.immobilienbusiness.ch\/wp-content\/uploads\/2018\/05\/Depositphotos_58636529_m-2015.jpg\" \/>\n\t<meta property=\"og:image:width\" content=\"1000\" \/>\n\t<meta property=\"og:image:height\" content=\"667\" \/>\n\t<meta property=\"og:image:type\" content=\"image\/jpeg\" \/>\n<meta name=\"author\" content=\"anja.hall\" \/>\n<meta name=\"twitter:card\" content=\"summary_large_image\" \/>\n<script type=\"application\/ld+json\" class=\"yoast-schema-graph\">{\"@context\":\"https:\\\/\\\/schema.org\",\"@graph\":[{\"@type\":\"Article\",\"@id\":\"https:\\\/\\\/www.immobilienbusiness.ch\\\/en\\\/unternehmen\\\/2018-09-13\\\/akara-diversity-pk-plant-neue-kapitalerhoehung\\\/#article\",\"isPartOf\":{\"@id\":\"https:\\\/\\\/www.immobilienbusiness.ch\\\/en\\\/unternehmen\\\/2018-09-13\\\/akara-diversity-pk-plant-neue-kapitalerhoehung\\\/\"},\"author\":{\"name\":\"anja.hall\",\"@id\":\"https:\\\/\\\/www.immobilienbusiness.ch\\\/#\\\/schema\\\/person\\\/3fc036297b10b9f42d6db5ee932af8c8\"},\"headline\":\"Akara Diversity PK plant neue Kapitalerh\u00f6hung\",\"datePublished\":\"2018-09-13T06:04:28+00:00\",\"mainEntityOfPage\":{\"@id\":\"https:\\\/\\\/www.immobilienbusiness.ch\\\/en\\\/unternehmen\\\/2018-09-13\\\/akara-diversity-pk-plant-neue-kapitalerhoehung\\\/\"},\"wordCount\":240,\"commentCount\":0,\"publisher\":{\"@id\":\"https:\\\/\\\/www.immobilienbusiness.ch\\\/#organization\"},\"image\":{\"@id\":\"https:\\\/\\\/www.immobilienbusiness.ch\\\/en\\\/unternehmen\\\/2018-09-13\\\/akara-diversity-pk-plant-neue-kapitalerhoehung\\\/#primaryimage\"},\"thumbnailUrl\":\"https:\\\/\\\/www.immobilienbusiness.ch\\\/wp-content\\\/uploads\\\/2018\\\/05\\\/Depositphotos_58636529_m-2015.jpg\",\"keywords\":[\"Akara Funds\",\"Gesch\u00e4ftszahlen\",\"Immobilienfonds\",\"Kapitalerh\u00f6hung\"],\"articleSection\":[\"UNTERNEHMEN\"],\"inLanguage\":\"en-US\"},{\"@type\":\"WebPage\",\"@id\":\"https:\\\/\\\/www.immobilienbusiness.ch\\\/en\\\/unternehmen\\\/2018-09-13\\\/akara-diversity-pk-plant-neue-kapitalerhoehung\\\/\",\"url\":\"https:\\\/\\\/www.immobilienbusiness.ch\\\/en\\\/unternehmen\\\/2018-09-13\\\/akara-diversity-pk-plant-neue-kapitalerhoehung\\\/\",\"name\":\"Akara Diversity PK plant neue Kapitalerh\u00f6hung - IMMOBILIEN Business\",\"isPartOf\":{\"@id\":\"https:\\\/\\\/www.immobilienbusiness.ch\\\/#website\"},\"primaryImageOfPage\":{\"@id\":\"https:\\\/\\\/www.immobilienbusiness.ch\\\/en\\\/unternehmen\\\/2018-09-13\\\/akara-diversity-pk-plant-neue-kapitalerhoehung\\\/#primaryimage\"},\"image\":{\"@id\":\"https:\\\/\\\/www.immobilienbusiness.ch\\\/en\\\/unternehmen\\\/2018-09-13\\\/akara-diversity-pk-plant-neue-kapitalerhoehung\\\/#primaryimage\"},\"thumbnailUrl\":\"https:\\\/\\\/www.immobilienbusiness.ch\\\/wp-content\\\/uploads\\\/2018\\\/05\\\/Depositphotos_58636529_m-2015.jpg\",\"datePublished\":\"2018-09-13T06:04:28+00:00\",\"description\":\"Die Akara Funds AG k\u00fcndigt f\u00fcr den Immobilienfonds Akara Diversity PK eine Kapitalerh\u00f6hung im vierten Quartal an.\",\"breadcrumb\":{\"@id\":\"https:\\\/\\\/www.immobilienbusiness.ch\\\/en\\\/unternehmen\\\/2018-09-13\\\/akara-diversity-pk-plant-neue-kapitalerhoehung\\\/#breadcrumb\"},\"inLanguage\":\"en-US\",\"potentialAction\":[{\"@type\":\"ReadAction\",\"target\":[\"https:\\\/\\\/www.immobilienbusiness.ch\\\/en\\\/unternehmen\\\/2018-09-13\\\/akara-diversity-pk-plant-neue-kapitalerhoehung\\\/\"]}]},{\"@type\":\"ImageObject\",\"inLanguage\":\"en-US\",\"@id\":\"https:\\\/\\\/www.immobilienbusiness.ch\\\/en\\\/unternehmen\\\/2018-09-13\\\/akara-diversity-pk-plant-neue-kapitalerhoehung\\\/#primaryimage\",\"url\":\"https:\\\/\\\/www.immobilienbusiness.ch\\\/wp-content\\\/uploads\\\/2018\\\/05\\\/Depositphotos_58636529_m-2015.jpg\",\"contentUrl\":\"https:\\\/\\\/www.immobilienbusiness.ch\\\/wp-content\\\/uploads\\\/2018\\\/05\\\/Depositphotos_58636529_m-2015.jpg\",\"width\":1000,\"height\":667,\"caption\":\"(wirojsid - despositphotos)\"},{\"@type\":\"BreadcrumbList\",\"@id\":\"https:\\\/\\\/www.immobilienbusiness.ch\\\/en\\\/unternehmen\\\/2018-09-13\\\/akara-diversity-pk-plant-neue-kapitalerhoehung\\\/#breadcrumb\",\"itemListElement\":[{\"@type\":\"ListItem\",\"position\":1,\"name\":\"Home\",\"item\":\"https:\\\/\\\/www.immobilienbusiness.ch\\\/\"},{\"@type\":\"ListItem\",\"position\":2,\"name\":\"Akara Diversity PK plant neue Kapitalerh\u00f6hung\"}]},{\"@type\":\"WebSite\",\"@id\":\"https:\\\/\\\/www.immobilienbusiness.ch\\\/#website\",\"url\":\"https:\\\/\\\/www.immobilienbusiness.ch\\\/\",\"name\":\"IMMOBILIEN Business\",\"description\":\"Unabh\u00e4ngiges Schweizer Wirtschaftsmagazin mit Fokus auf Immobilien, Architektur- und Bau sowie Investment- und Finanzierung.\",\"publisher\":{\"@id\":\"https:\\\/\\\/www.immobilienbusiness.ch\\\/#organization\"},\"potentialAction\":[{\"@type\":\"SearchAction\",\"target\":{\"@type\":\"EntryPoint\",\"urlTemplate\":\"https:\\\/\\\/www.immobilienbusiness.ch\\\/?s={search_term_string}\"},\"query-input\":{\"@type\":\"PropertyValueSpecification\",\"valueRequired\":true,\"valueName\":\"search_term_string\"}}],\"inLanguage\":\"en-US\"},{\"@type\":\"Organization\",\"@id\":\"https:\\\/\\\/www.immobilienbusiness.ch\\\/#organization\",\"name\":\"IMMOBILIEN Business\",\"url\":\"https:\\\/\\\/www.immobilienbusiness.ch\\\/\",\"logo\":{\"@type\":\"ImageObject\",\"inLanguage\":\"en-US\",\"@id\":\"https:\\\/\\\/www.immobilienbusiness.ch\\\/#\\\/schema\\\/logo\\\/image\\\/\",\"url\":\"https:\\\/\\\/www.immobilienbusiness.ch\\\/wp-content\\\/uploads\\\/2021\\\/07\\\/logo_ib.png\",\"contentUrl\":\"https:\\\/\\\/www.immobilienbusiness.ch\\\/wp-content\\\/uploads\\\/2021\\\/07\\\/logo_ib.png\",\"width\":800,\"height\":181,\"caption\":\"IMMOBILIEN Business\"},\"image\":{\"@id\":\"https:\\\/\\\/www.immobilienbusiness.ch\\\/#\\\/schema\\\/logo\\\/image\\\/\"},\"sameAs\":[\"https:\\\/\\\/www.facebook.com\\\/immobilienbusiness\\\/\"]},{\"@type\":\"Person\",\"@id\":\"https:\\\/\\\/www.immobilienbusiness.ch\\\/#\\\/schema\\\/person\\\/3fc036297b10b9f42d6db5ee932af8c8\",\"name\":\"anja.hall\",\"image\":{\"@type\":\"ImageObject\",\"inLanguage\":\"en-US\",\"@id\":\"https:\\\/\\\/secure.gravatar.com\\\/avatar\\\/066b5a0d447013502c71a5782f4f3469f03cfe595cc2329fb94652fe47511bfb?s=96&d=mm&r=g\",\"url\":\"https:\\\/\\\/secure.gravatar.com\\\/avatar\\\/066b5a0d447013502c71a5782f4f3469f03cfe595cc2329fb94652fe47511bfb?s=96&d=mm&r=g\",\"contentUrl\":\"https:\\\/\\\/secure.gravatar.com\\\/avatar\\\/066b5a0d447013502c71a5782f4f3469f03cfe595cc2329fb94652fe47511bfb?s=96&d=mm&r=g\",\"caption\":\"anja.hall\"},\"url\":\"https:\\\/\\\/www.immobilienbusiness.ch\\\/en\\\/author\\\/anja-hall\\\/\"}]}<\/script>\n<!-- \/ Yoast SEO plugin. -->","yoast_head_json":{"title":"Akara Diversity PK plant neue Kapitalerh\u00f6hung - IMMOBILIEN Business","description":"Die Akara Funds AG k\u00fcndigt f\u00fcr den Immobilienfonds Akara Diversity PK eine Kapitalerh\u00f6hung im vierten Quartal an.","robots":{"index":"index","follow":"follow","max-snippet":"max-snippet:-1","max-image-preview":"max-image-preview:large","max-video-preview":"max-video-preview:-1"},"canonical":"https:\/\/www.immobilienbusiness.ch\/en\/unternehmen\/2018-09-13\/akara-diversity-pk-plant-neue-kapitalerhoehung\/","og_locale":"en_US","og_type":"article","og_title":"Akara Diversity PK plant neue Kapitalerh\u00f6hung - IMMOBILIEN Business","og_description":"Die Akara Funds AG k\u00fcndigt f\u00fcr den Immobilienfonds Akara Diversity PK eine Kapitalerh\u00f6hung im vierten Quartal an.","og_url":"https:\/\/www.immobilienbusiness.ch\/en\/unternehmen\/2018-09-13\/akara-diversity-pk-plant-neue-kapitalerhoehung\/","og_site_name":"IMMOBILIEN Business","article_publisher":"https:\/\/www.facebook.com\/immobilienbusiness\/","article_published_time":"2018-09-13T06:04:28+00:00","og_image":[{"width":1000,"height":667,"url":"https:\/\/www.immobilienbusiness.ch\/wp-content\/uploads\/2018\/05\/Depositphotos_58636529_m-2015.jpg","type":"image\/jpeg"}],"author":"anja.hall","twitter_card":"summary_large_image","schema":{"@context":"https:\/\/schema.org","@graph":[{"@type":"Article","@id":"https:\/\/www.immobilienbusiness.ch\/en\/unternehmen\/2018-09-13\/akara-diversity-pk-plant-neue-kapitalerhoehung\/#article","isPartOf":{"@id":"https:\/\/www.immobilienbusiness.ch\/en\/unternehmen\/2018-09-13\/akara-diversity-pk-plant-neue-kapitalerhoehung\/"},"author":{"name":"anja.hall","@id":"https:\/\/www.immobilienbusiness.ch\/#\/schema\/person\/3fc036297b10b9f42d6db5ee932af8c8"},"headline":"Akara Diversity PK plant neue Kapitalerh\u00f6hung","datePublished":"2018-09-13T06:04:28+00:00","mainEntityOfPage":{"@id":"https:\/\/www.immobilienbusiness.ch\/en\/unternehmen\/2018-09-13\/akara-diversity-pk-plant-neue-kapitalerhoehung\/"},"wordCount":240,"commentCount":0,"publisher":{"@id":"https:\/\/www.immobilienbusiness.ch\/#organization"},"image":{"@id":"https:\/\/www.immobilienbusiness.ch\/en\/unternehmen\/2018-09-13\/akara-diversity-pk-plant-neue-kapitalerhoehung\/#primaryimage"},"thumbnailUrl":"https:\/\/www.immobilienbusiness.ch\/wp-content\/uploads\/2018\/05\/Depositphotos_58636529_m-2015.jpg","keywords":["Akara Funds","Gesch\u00e4ftszahlen","Immobilienfonds","Kapitalerh\u00f6hung"],"articleSection":["UNTERNEHMEN"],"inLanguage":"en-US"},{"@type":"WebPage","@id":"https:\/\/www.immobilienbusiness.ch\/en\/unternehmen\/2018-09-13\/akara-diversity-pk-plant-neue-kapitalerhoehung\/","url":"https:\/\/www.immobilienbusiness.ch\/en\/unternehmen\/2018-09-13\/akara-diversity-pk-plant-neue-kapitalerhoehung\/","name":"Akara Diversity PK plant neue Kapitalerh\u00f6hung - IMMOBILIEN Business","isPartOf":{"@id":"https:\/\/www.immobilienbusiness.ch\/#website"},"primaryImageOfPage":{"@id":"https:\/\/www.immobilienbusiness.ch\/en\/unternehmen\/2018-09-13\/akara-diversity-pk-plant-neue-kapitalerhoehung\/#primaryimage"},"image":{"@id":"https:\/\/www.immobilienbusiness.ch\/en\/unternehmen\/2018-09-13\/akara-diversity-pk-plant-neue-kapitalerhoehung\/#primaryimage"},"thumbnailUrl":"https:\/\/www.immobilienbusiness.ch\/wp-content\/uploads\/2018\/05\/Depositphotos_58636529_m-2015.jpg","datePublished":"2018-09-13T06:04:28+00:00","description":"Die Akara Funds AG k\u00fcndigt f\u00fcr den Immobilienfonds Akara Diversity PK eine Kapitalerh\u00f6hung im vierten Quartal an.","breadcrumb":{"@id":"https:\/\/www.immobilienbusiness.ch\/en\/unternehmen\/2018-09-13\/akara-diversity-pk-plant-neue-kapitalerhoehung\/#breadcrumb"},"inLanguage":"en-US","potentialAction":[{"@type":"ReadAction","target":["https:\/\/www.immobilienbusiness.ch\/en\/unternehmen\/2018-09-13\/akara-diversity-pk-plant-neue-kapitalerhoehung\/"]}]},{"@type":"ImageObject","inLanguage":"en-US","@id":"https:\/\/www.immobilienbusiness.ch\/en\/unternehmen\/2018-09-13\/akara-diversity-pk-plant-neue-kapitalerhoehung\/#primaryimage","url":"https:\/\/www.immobilienbusiness.ch\/wp-content\/uploads\/2018\/05\/Depositphotos_58636529_m-2015.jpg","contentUrl":"https:\/\/www.immobilienbusiness.ch\/wp-content\/uploads\/2018\/05\/Depositphotos_58636529_m-2015.jpg","width":1000,"height":667,"caption":"(wirojsid - despositphotos)"},{"@type":"BreadcrumbList","@id":"https:\/\/www.immobilienbusiness.ch\/en\/unternehmen\/2018-09-13\/akara-diversity-pk-plant-neue-kapitalerhoehung\/#breadcrumb","itemListElement":[{"@type":"ListItem","position":1,"name":"Home","item":"https:\/\/www.immobilienbusiness.ch\/"},{"@type":"ListItem","position":2,"name":"Akara Diversity PK plant neue Kapitalerh\u00f6hung"}]},{"@type":"WebSite","@id":"https:\/\/www.immobilienbusiness.ch\/#website","url":"https:\/\/www.immobilienbusiness.ch\/","name":"REAL ESTATE Business","description":"Independent Swiss business magazine focusing on real estate, architecture and construction as well as investment and financing.","publisher":{"@id":"https:\/\/www.immobilienbusiness.ch\/#organization"},"potentialAction":[{"@type":"SearchAction","target":{"@type":"EntryPoint","urlTemplate":"https:\/\/www.immobilienbusiness.ch\/?s={search_term_string}"},"query-input":{"@type":"PropertyValueSpecification","valueRequired":true,"valueName":"search_term_string"}}],"inLanguage":"en-US"},{"@type":"Organization","@id":"https:\/\/www.immobilienbusiness.ch\/#organization","name":"REAL ESTATE Business","url":"https:\/\/www.immobilienbusiness.ch\/","logo":{"@type":"ImageObject","inLanguage":"en-US","@id":"https:\/\/www.immobilienbusiness.ch\/#\/schema\/logo\/image\/","url":"https:\/\/www.immobilienbusiness.ch\/wp-content\/uploads\/2021\/07\/logo_ib.png","contentUrl":"https:\/\/www.immobilienbusiness.ch\/wp-content\/uploads\/2021\/07\/logo_ib.png","width":800,"height":181,"caption":"IMMOBILIEN Business"},"image":{"@id":"https:\/\/www.immobilienbusiness.ch\/#\/schema\/logo\/image\/"},"sameAs":["https:\/\/www.facebook.com\/immobilienbusiness\/"]},{"@type":"Person","@id":"https:\/\/www.immobilienbusiness.ch\/#\/schema\/person\/3fc036297b10b9f42d6db5ee932af8c8","name":"anja.hall","image":{"@type":"ImageObject","inLanguage":"en-US","@id":"https:\/\/secure.gravatar.com\/avatar\/066b5a0d447013502c71a5782f4f3469f03cfe595cc2329fb94652fe47511bfb?s=96&d=mm&r=g","url":"https:\/\/secure.gravatar.com\/avatar\/066b5a0d447013502c71a5782f4f3469f03cfe595cc2329fb94652fe47511bfb?s=96&d=mm&r=g","contentUrl":"https:\/\/secure.gravatar.com\/avatar\/066b5a0d447013502c71a5782f4f3469f03cfe595cc2329fb94652fe47511bfb?s=96&d=mm&r=g","caption":"anja.hall"},"url":"https:\/\/www.immobilienbusiness.ch\/en\/author\/anja-hall\/"}]}},"_links":{"self":[{"href":"https:\/\/www.immobilienbusiness.ch\/en\/wp-json\/wp\/v2\/posts\/14038","targetHints":{"allow":["GET"]}}],"collection":[{"href":"https:\/\/www.immobilienbusiness.ch\/en\/wp-json\/wp\/v2\/posts"}],"about":[{"href":"https:\/\/www.immobilienbusiness.ch\/en\/wp-json\/wp\/v2\/types\/post"}],"author":[{"embeddable":true,"href":"https:\/\/www.immobilienbusiness.ch\/en\/wp-json\/wp\/v2\/users\/3"}],"replies":[{"embeddable":true,"href":"https:\/\/www.immobilienbusiness.ch\/en\/wp-json\/wp\/v2\/comments?post=14038"}],"version-history":[{"count":0,"href":"https:\/\/www.immobilienbusiness.ch\/en\/wp-json\/wp\/v2\/posts\/14038\/revisions"}],"wp:featuredmedia":[{"embeddable":true,"href":"https:\/\/www.immobilienbusiness.ch\/en\/wp-json\/wp\/v2\/media\/12759"}],"wp:attachment":[{"href":"https:\/\/www.immobilienbusiness.ch\/en\/wp-json\/wp\/v2\/media?parent=14038"}],"wp:term":[{"taxonomy":"category","embeddable":true,"href":"https:\/\/www.immobilienbusiness.ch\/en\/wp-json\/wp\/v2\/categories?post=14038"},{"taxonomy":"post_tag","embeddable":true,"href":"https:\/\/www.immobilienbusiness.ch\/en\/wp-json\/wp\/v2\/tags?post=14038"}],"curies":[{"name":"wp","href":"https:\/\/api.w.org\/{rel}","templated":true}]}}