{"id":1381,"date":"2016-10-31T09:13:44","date_gmt":"2016-10-31T08:13:44","guid":{"rendered":"http:\/\/dev.immobilienbusiness.ch\/?p=1381"},"modified":"2016-10-31T09:13:44","modified_gmt":"2016-10-31T08:13:44","slug":"valres-kapitalerhoehung-fuer-valres-swiss-residential-fund","status":"publish","type":"post","link":"https:\/\/www.immobilienbusiness.ch\/en\/unternehmen\/2016-10-31\/valres-kapitalerhoehung-fuer-valres-swiss-residential-fund\/","title":{"rendered":"Valres: Capital increase for Valres Swiss Residential Fund"},"content":{"rendered":"<figure id=\"attachment_1385\" aria-describedby=\"caption-attachment-1385\" style=\"width: 680px\" class=\"wp-caption alignnone\"><img loading=\"lazy\" decoding=\"async\" class=\"size-medium wp-image-1385\" src=\"https:\/\/immobilienbusiness.ch\/wp-content\/uploads\/2016\/12\/Valres-Kapitalerh\u00f6hung-f\u00fcr-Valres-Swiss-Residential-Fund-immobilien-business.jpg\" alt=\"Kapitalerh\u00f6hung f\u00fcr den Valres Swiss Residential (Foto: Pixabay)\" width=\"680\" height=\"504\" \/><figcaption id=\"caption-attachment-1385\" class=\"wp-caption-text\">Capital increase for the Valres Swiss Residential (Photo: Pixabay)<\/figcaption><\/figure>\n<p>Detailed information on the transaction such as volume, issue price and subscription ratio are not yet known. The capital increase will be carried out in compliance with the subscription rights of existing shareholders, Valres says. The issue proceeds are to be used for the further expansion of the real estate portfolio. (ah)<\/p>","protected":false},"excerpt":{"rendered":"<p>Valres Fund Management AG intends to conduct an issue for the Valres Swiss Residential Fund in November 2016.<\/p>","protected":false},"author":1,"featured_media":1385,"comment_status":"open","ping_status":"open","sticky":false,"template":"","format":"standard","meta":{"_acf_changed":false,"_yoast_wpseo_focuskw":"Kapitalerh\u00f6hung","_yoast_wpseo_title":"","_yoast_wpseo_metadesc":"Kapitalerh\u00f6hung: Die Valres Fund Management AG will im November 2016 eine Emission f\u00fcr den Valres Swiss Residential Fund durchf\u00fchren.","_yoast_wpseo_linkdex":57,"pgc_sgb_lightbox_settings":"","footnotes":""},"categories":[988],"tags":[1222,1807],"class_list":["post-1381","post","type-post","status-publish","format-standard","has-post-thumbnail","hentry","category-unternehmen","tag-finanzierung","tag-unternehmen"],"acf":[],"yoast_head":"<!-- This site is optimized with the Yoast SEO plugin v27.5 - https:\/\/yoast.com\/product\/yoast-seo-wordpress\/ -->\n<title>Valres: Kapitalerh\u00f6hung f\u00fcr Valres Swiss Residential Fund - IMMOBILIEN Business<\/title>\n<meta name=\"description\" content=\"Kapitalerh\u00f6hung: Die Valres Fund Management AG will im November 2016 eine Emission f\u00fcr den Valres Swiss Residential Fund durchf\u00fchren.\" \/>\n<meta name=\"robots\" content=\"index, follow, max-snippet:-1, max-image-preview:large, max-video-preview:-1\" \/>\n<link rel=\"canonical\" href=\"https:\/\/www.immobilienbusiness.ch\/en\/unternehmen\/2016-10-31\/valres-kapitalerhoehung-fuer-valres-swiss-residential-fund\/\" \/>\n<meta property=\"og:locale\" content=\"en_US\" \/>\n<meta property=\"og:type\" content=\"article\" \/>\n<meta property=\"og:title\" content=\"Valres: Kapitalerh\u00f6hung f\u00fcr Valres Swiss Residential Fund\" \/>\n<meta property=\"og:description\" content=\"Die Valres Fund Management AG will im November 2016 eine Emission f\u00fcr den Valres Swiss Residential Fund durchf\u00fchren.\" \/>\n<meta property=\"og:url\" content=\"https:\/\/www.immobilienbusiness.ch\/en\/unternehmen\/2016-10-31\/valres-kapitalerhoehung-fuer-valres-swiss-residential-fund\/\" \/>\n<meta property=\"og:site_name\" content=\"IMMOBILIEN Business\" \/>\n<meta property=\"article:publisher\" content=\"https:\/\/www.facebook.com\/immobilienbusiness\/\" \/>\n<meta property=\"article:published_time\" content=\"2016-10-31T08:13:44+00:00\" \/>\n<meta name=\"author\" content=\"Redaktion\" \/>\n<meta name=\"twitter:card\" content=\"summary_large_image\" \/>\n<meta name=\"twitter:image\" content=\"https:\/\/www.immobilienbusiness.ch\/wp-content\/uploads\/2016\/12\/Valres-Kapitalerhoehung-fuer-Valres-Swiss-Residential-Fund-immobilien-business.jpg\" \/>\n<script type=\"application\/ld+json\" class=\"yoast-schema-graph\">{\"@context\":\"https:\\\/\\\/schema.org\",\"@graph\":[{\"@type\":\"Article\",\"@id\":\"https:\\\/\\\/www.immobilienbusiness.ch\\\/unternehmen\\\/2016-10-31\\\/valres-kapitalerhoehung-fuer-valres-swiss-residential-fund\\\/#article\",\"isPartOf\":{\"@id\":\"https:\\\/\\\/www.immobilienbusiness.ch\\\/unternehmen\\\/2016-10-31\\\/valres-kapitalerhoehung-fuer-valres-swiss-residential-fund\\\/\"},\"author\":{\"name\":\"Redaktion\",\"@id\":\"https:\\\/\\\/www.immobilienbusiness.ch\\\/#\\\/schema\\\/person\\\/aa2bace6c5c5aad60102004a50c4eb1c\"},\"headline\":\"Valres: Kapitalerh\u00f6hung f\u00fcr Valres Swiss Residential Fund\",\"datePublished\":\"2016-10-31T08:13:44+00:00\",\"mainEntityOfPage\":{\"@id\":\"https:\\\/\\\/www.immobilienbusiness.ch\\\/unternehmen\\\/2016-10-31\\\/valres-kapitalerhoehung-fuer-valres-swiss-residential-fund\\\/\"},\"wordCount\":69,\"commentCount\":0,\"publisher\":{\"@id\":\"https:\\\/\\\/www.immobilienbusiness.ch\\\/#organization\"},\"image\":{\"@id\":\"https:\\\/\\\/www.immobilienbusiness.ch\\\/unternehmen\\\/2016-10-31\\\/valres-kapitalerhoehung-fuer-valres-swiss-residential-fund\\\/#primaryimage\"},\"thumbnailUrl\":\"https:\\\/\\\/www.immobilienbusiness.ch\\\/wp-content\\\/uploads\\\/2016\\\/12\\\/Valres-Kapitalerhoehung-fuer-Valres-Swiss-Residential-Fund-immobilien-business.jpg\",\"keywords\":[\"Finanzierung\",\"Unternehmen\"],\"articleSection\":[\"UNTERNEHMEN\"],\"inLanguage\":\"en-US\"},{\"@type\":\"WebPage\",\"@id\":\"https:\\\/\\\/www.immobilienbusiness.ch\\\/unternehmen\\\/2016-10-31\\\/valres-kapitalerhoehung-fuer-valres-swiss-residential-fund\\\/\",\"url\":\"https:\\\/\\\/www.immobilienbusiness.ch\\\/unternehmen\\\/2016-10-31\\\/valres-kapitalerhoehung-fuer-valres-swiss-residential-fund\\\/\",\"name\":\"Valres: Kapitalerh\u00f6hung f\u00fcr Valres Swiss Residential Fund - IMMOBILIEN Business\",\"isPartOf\":{\"@id\":\"https:\\\/\\\/www.immobilienbusiness.ch\\\/#website\"},\"primaryImageOfPage\":{\"@id\":\"https:\\\/\\\/www.immobilienbusiness.ch\\\/unternehmen\\\/2016-10-31\\\/valres-kapitalerhoehung-fuer-valres-swiss-residential-fund\\\/#primaryimage\"},\"image\":{\"@id\":\"https:\\\/\\\/www.immobilienbusiness.ch\\\/unternehmen\\\/2016-10-31\\\/valres-kapitalerhoehung-fuer-valres-swiss-residential-fund\\\/#primaryimage\"},\"thumbnailUrl\":\"https:\\\/\\\/www.immobilienbusiness.ch\\\/wp-content\\\/uploads\\\/2016\\\/12\\\/Valres-Kapitalerhoehung-fuer-Valres-Swiss-Residential-Fund-immobilien-business.jpg\",\"datePublished\":\"2016-10-31T08:13:44+00:00\",\"description\":\"Kapitalerh\u00f6hung: Die Valres Fund Management AG will im November 2016 eine Emission f\u00fcr den Valres Swiss Residential Fund durchf\u00fchren.\",\"breadcrumb\":{\"@id\":\"https:\\\/\\\/www.immobilienbusiness.ch\\\/unternehmen\\\/2016-10-31\\\/valres-kapitalerhoehung-fuer-valres-swiss-residential-fund\\\/#breadcrumb\"},\"inLanguage\":\"en-US\",\"potentialAction\":[{\"@type\":\"ReadAction\",\"target\":[\"https:\\\/\\\/www.immobilienbusiness.ch\\\/unternehmen\\\/2016-10-31\\\/valres-kapitalerhoehung-fuer-valres-swiss-residential-fund\\\/\"]}]},{\"@type\":\"ImageObject\",\"inLanguage\":\"en-US\",\"@id\":\"https:\\\/\\\/www.immobilienbusiness.ch\\\/unternehmen\\\/2016-10-31\\\/valres-kapitalerhoehung-fuer-valres-swiss-residential-fund\\\/#primaryimage\",\"url\":\"https:\\\/\\\/www.immobilienbusiness.ch\\\/wp-content\\\/uploads\\\/2016\\\/12\\\/Valres-Kapitalerhoehung-fuer-Valres-Swiss-Residential-Fund-immobilien-business.jpg\",\"contentUrl\":\"https:\\\/\\\/www.immobilienbusiness.ch\\\/wp-content\\\/uploads\\\/2016\\\/12\\\/Valres-Kapitalerhoehung-fuer-Valres-Swiss-Residential-Fund-immobilien-business.jpg\",\"width\":1280,\"height\":949,\"caption\":\"Edmond de Rothschild plant eine Kapitalaufnahme f\u00fcr ein Teilverm\u00f6gen seiner Immobilien-Sicav Fonds (Foto: Pixabay)\"},{\"@type\":\"BreadcrumbList\",\"@id\":\"https:\\\/\\\/www.immobilienbusiness.ch\\\/unternehmen\\\/2016-10-31\\\/valres-kapitalerhoehung-fuer-valres-swiss-residential-fund\\\/#breadcrumb\",\"itemListElement\":[{\"@type\":\"ListItem\",\"position\":1,\"name\":\"Home\",\"item\":\"https:\\\/\\\/www.immobilienbusiness.ch\\\/\"},{\"@type\":\"ListItem\",\"position\":2,\"name\":\"Valres: Kapitalerh\u00f6hung f\u00fcr Valres Swiss Residential Fund\"}]},{\"@type\":\"WebSite\",\"@id\":\"https:\\\/\\\/www.immobilienbusiness.ch\\\/#website\",\"url\":\"https:\\\/\\\/www.immobilienbusiness.ch\\\/\",\"name\":\"IMMOBILIEN Business\",\"description\":\"Unabh\u00e4ngiges Schweizer Wirtschaftsmagazin mit Fokus auf Immobilien, Architektur- und Bau sowie Investment- und Finanzierung.\",\"publisher\":{\"@id\":\"https:\\\/\\\/www.immobilienbusiness.ch\\\/#organization\"},\"potentialAction\":[{\"@type\":\"SearchAction\",\"target\":{\"@type\":\"EntryPoint\",\"urlTemplate\":\"https:\\\/\\\/www.immobilienbusiness.ch\\\/?s={search_term_string}\"},\"query-input\":{\"@type\":\"PropertyValueSpecification\",\"valueRequired\":true,\"valueName\":\"search_term_string\"}}],\"inLanguage\":\"en-US\"},{\"@type\":\"Organization\",\"@id\":\"https:\\\/\\\/www.immobilienbusiness.ch\\\/#organization\",\"name\":\"IMMOBILIEN Business\",\"url\":\"https:\\\/\\\/www.immobilienbusiness.ch\\\/\",\"logo\":{\"@type\":\"ImageObject\",\"inLanguage\":\"en-US\",\"@id\":\"https:\\\/\\\/www.immobilienbusiness.ch\\\/#\\\/schema\\\/logo\\\/image\\\/\",\"url\":\"https:\\\/\\\/www.immobilienbusiness.ch\\\/wp-content\\\/uploads\\\/2021\\\/07\\\/logo_ib.png\",\"contentUrl\":\"https:\\\/\\\/www.immobilienbusiness.ch\\\/wp-content\\\/uploads\\\/2021\\\/07\\\/logo_ib.png\",\"width\":800,\"height\":181,\"caption\":\"IMMOBILIEN Business\"},\"image\":{\"@id\":\"https:\\\/\\\/www.immobilienbusiness.ch\\\/#\\\/schema\\\/logo\\\/image\\\/\"},\"sameAs\":[\"https:\\\/\\\/www.facebook.com\\\/immobilienbusiness\\\/\"]},{\"@type\":\"Person\",\"@id\":\"https:\\\/\\\/www.immobilienbusiness.ch\\\/#\\\/schema\\\/person\\\/aa2bace6c5c5aad60102004a50c4eb1c\",\"name\":\"Redaktion\",\"image\":{\"@type\":\"ImageObject\",\"inLanguage\":\"en-US\",\"@id\":\"https:\\\/\\\/secure.gravatar.com\\\/avatar\\\/ae2f4d718e6c49043e314ce431e7e645d646302a24a5ef5a8bc8e3f5a032e319?s=96&d=mm&r=g\",\"url\":\"https:\\\/\\\/secure.gravatar.com\\\/avatar\\\/ae2f4d718e6c49043e314ce431e7e645d646302a24a5ef5a8bc8e3f5a032e319?s=96&d=mm&r=g\",\"contentUrl\":\"https:\\\/\\\/secure.gravatar.com\\\/avatar\\\/ae2f4d718e6c49043e314ce431e7e645d646302a24a5ef5a8bc8e3f5a032e319?s=96&d=mm&r=g\",\"caption\":\"Redaktion\"},\"sameAs\":[\"http:\\\/\\\/develop.organisator.galledia.ch\"],\"url\":\"https:\\\/\\\/www.immobilienbusiness.ch\\\/en\\\/author\\\/admin\\\/\"}]}<\/script>\n<!-- \/ Yoast SEO plugin. -->","yoast_head_json":{"title":"Valres: Capital increase for Valres Swiss Residential Fund - IMMOBILIEN Business","description":"Capital increase: Valres Fund Management AG intends to carry out an issue for the Valres Swiss Residential Fund in November 2016.","robots":{"index":"index","follow":"follow","max-snippet":"max-snippet:-1","max-image-preview":"max-image-preview:large","max-video-preview":"max-video-preview:-1"},"canonical":"https:\/\/www.immobilienbusiness.ch\/en\/unternehmen\/2016-10-31\/valres-kapitalerhoehung-fuer-valres-swiss-residential-fund\/","og_locale":"en_US","og_type":"article","og_title":"Valres: Kapitalerh\u00f6hung f\u00fcr Valres Swiss Residential Fund","og_description":"Die Valres Fund Management AG will im November 2016 eine Emission f\u00fcr den Valres Swiss Residential Fund durchf\u00fchren.","og_url":"https:\/\/www.immobilienbusiness.ch\/en\/unternehmen\/2016-10-31\/valres-kapitalerhoehung-fuer-valres-swiss-residential-fund\/","og_site_name":"IMMOBILIEN Business","article_publisher":"https:\/\/www.facebook.com\/immobilienbusiness\/","article_published_time":"2016-10-31T08:13:44+00:00","author":"Redaktion","twitter_card":"summary_large_image","twitter_image":"https:\/\/www.immobilienbusiness.ch\/wp-content\/uploads\/2016\/12\/Valres-Kapitalerhoehung-fuer-Valres-Swiss-Residential-Fund-immobilien-business.jpg","schema":{"@context":"https:\/\/schema.org","@graph":[{"@type":"Article","@id":"https:\/\/www.immobilienbusiness.ch\/unternehmen\/2016-10-31\/valres-kapitalerhoehung-fuer-valres-swiss-residential-fund\/#article","isPartOf":{"@id":"https:\/\/www.immobilienbusiness.ch\/unternehmen\/2016-10-31\/valres-kapitalerhoehung-fuer-valres-swiss-residential-fund\/"},"author":{"name":"Redaktion","@id":"https:\/\/www.immobilienbusiness.ch\/#\/schema\/person\/aa2bace6c5c5aad60102004a50c4eb1c"},"headline":"Valres: Kapitalerh\u00f6hung f\u00fcr Valres Swiss Residential Fund","datePublished":"2016-10-31T08:13:44+00:00","mainEntityOfPage":{"@id":"https:\/\/www.immobilienbusiness.ch\/unternehmen\/2016-10-31\/valres-kapitalerhoehung-fuer-valres-swiss-residential-fund\/"},"wordCount":69,"commentCount":0,"publisher":{"@id":"https:\/\/www.immobilienbusiness.ch\/#organization"},"image":{"@id":"https:\/\/www.immobilienbusiness.ch\/unternehmen\/2016-10-31\/valres-kapitalerhoehung-fuer-valres-swiss-residential-fund\/#primaryimage"},"thumbnailUrl":"https:\/\/www.immobilienbusiness.ch\/wp-content\/uploads\/2016\/12\/Valres-Kapitalerhoehung-fuer-Valres-Swiss-Residential-Fund-immobilien-business.jpg","keywords":["Finanzierung","Unternehmen"],"articleSection":["UNTERNEHMEN"],"inLanguage":"en-US"},{"@type":"WebPage","@id":"https:\/\/www.immobilienbusiness.ch\/unternehmen\/2016-10-31\/valres-kapitalerhoehung-fuer-valres-swiss-residential-fund\/","url":"https:\/\/www.immobilienbusiness.ch\/unternehmen\/2016-10-31\/valres-kapitalerhoehung-fuer-valres-swiss-residential-fund\/","name":"Valres: Capital increase for Valres Swiss Residential Fund - IMMOBILIEN Business","isPartOf":{"@id":"https:\/\/www.immobilienbusiness.ch\/#website"},"primaryImageOfPage":{"@id":"https:\/\/www.immobilienbusiness.ch\/unternehmen\/2016-10-31\/valres-kapitalerhoehung-fuer-valres-swiss-residential-fund\/#primaryimage"},"image":{"@id":"https:\/\/www.immobilienbusiness.ch\/unternehmen\/2016-10-31\/valres-kapitalerhoehung-fuer-valres-swiss-residential-fund\/#primaryimage"},"thumbnailUrl":"https:\/\/www.immobilienbusiness.ch\/wp-content\/uploads\/2016\/12\/Valres-Kapitalerhoehung-fuer-Valres-Swiss-Residential-Fund-immobilien-business.jpg","datePublished":"2016-10-31T08:13:44+00:00","description":"Capital increase: Valres Fund Management AG intends to carry out an issue for the Valres Swiss Residential Fund in November 2016.","breadcrumb":{"@id":"https:\/\/www.immobilienbusiness.ch\/unternehmen\/2016-10-31\/valres-kapitalerhoehung-fuer-valres-swiss-residential-fund\/#breadcrumb"},"inLanguage":"en-US","potentialAction":[{"@type":"ReadAction","target":["https:\/\/www.immobilienbusiness.ch\/unternehmen\/2016-10-31\/valres-kapitalerhoehung-fuer-valres-swiss-residential-fund\/"]}]},{"@type":"ImageObject","inLanguage":"en-US","@id":"https:\/\/www.immobilienbusiness.ch\/unternehmen\/2016-10-31\/valres-kapitalerhoehung-fuer-valres-swiss-residential-fund\/#primaryimage","url":"https:\/\/www.immobilienbusiness.ch\/wp-content\/uploads\/2016\/12\/Valres-Kapitalerhoehung-fuer-Valres-Swiss-Residential-Fund-immobilien-business.jpg","contentUrl":"https:\/\/www.immobilienbusiness.ch\/wp-content\/uploads\/2016\/12\/Valres-Kapitalerhoehung-fuer-Valres-Swiss-Residential-Fund-immobilien-business.jpg","width":1280,"height":949,"caption":"Edmond de Rothschild plant eine Kapitalaufnahme f\u00fcr ein Teilverm\u00f6gen seiner Immobilien-Sicav Fonds (Foto: Pixabay)"},{"@type":"BreadcrumbList","@id":"https:\/\/www.immobilienbusiness.ch\/unternehmen\/2016-10-31\/valres-kapitalerhoehung-fuer-valres-swiss-residential-fund\/#breadcrumb","itemListElement":[{"@type":"ListItem","position":1,"name":"Home","item":"https:\/\/www.immobilienbusiness.ch\/"},{"@type":"ListItem","position":2,"name":"Valres: Kapitalerh\u00f6hung f\u00fcr Valres Swiss Residential Fund"}]},{"@type":"WebSite","@id":"https:\/\/www.immobilienbusiness.ch\/#website","url":"https:\/\/www.immobilienbusiness.ch\/","name":"REAL ESTATE Business","description":"Independent Swiss business magazine focusing on real estate, architecture and construction as well as investment and financing.","publisher":{"@id":"https:\/\/www.immobilienbusiness.ch\/#organization"},"potentialAction":[{"@type":"SearchAction","target":{"@type":"EntryPoint","urlTemplate":"https:\/\/www.immobilienbusiness.ch\/?s={search_term_string}"},"query-input":{"@type":"PropertyValueSpecification","valueRequired":true,"valueName":"search_term_string"}}],"inLanguage":"en-US"},{"@type":"Organization","@id":"https:\/\/www.immobilienbusiness.ch\/#organization","name":"REAL ESTATE Business","url":"https:\/\/www.immobilienbusiness.ch\/","logo":{"@type":"ImageObject","inLanguage":"en-US","@id":"https:\/\/www.immobilienbusiness.ch\/#\/schema\/logo\/image\/","url":"https:\/\/www.immobilienbusiness.ch\/wp-content\/uploads\/2021\/07\/logo_ib.png","contentUrl":"https:\/\/www.immobilienbusiness.ch\/wp-content\/uploads\/2021\/07\/logo_ib.png","width":800,"height":181,"caption":"IMMOBILIEN Business"},"image":{"@id":"https:\/\/www.immobilienbusiness.ch\/#\/schema\/logo\/image\/"},"sameAs":["https:\/\/www.facebook.com\/immobilienbusiness\/"]},{"@type":"Person","@id":"https:\/\/www.immobilienbusiness.ch\/#\/schema\/person\/aa2bace6c5c5aad60102004a50c4eb1c","name":"Editorial","image":{"@type":"ImageObject","inLanguage":"en-US","@id":"https:\/\/secure.gravatar.com\/avatar\/ae2f4d718e6c49043e314ce431e7e645d646302a24a5ef5a8bc8e3f5a032e319?s=96&d=mm&r=g","url":"https:\/\/secure.gravatar.com\/avatar\/ae2f4d718e6c49043e314ce431e7e645d646302a24a5ef5a8bc8e3f5a032e319?s=96&d=mm&r=g","contentUrl":"https:\/\/secure.gravatar.com\/avatar\/ae2f4d718e6c49043e314ce431e7e645d646302a24a5ef5a8bc8e3f5a032e319?s=96&d=mm&r=g","caption":"Redaktion"},"sameAs":["http:\/\/develop.organisator.galledia.ch"],"url":"https:\/\/www.immobilienbusiness.ch\/en\/author\/admin\/"}]}},"_links":{"self":[{"href":"https:\/\/www.immobilienbusiness.ch\/en\/wp-json\/wp\/v2\/posts\/1381","targetHints":{"allow":["GET"]}}],"collection":[{"href":"https:\/\/www.immobilienbusiness.ch\/en\/wp-json\/wp\/v2\/posts"}],"about":[{"href":"https:\/\/www.immobilienbusiness.ch\/en\/wp-json\/wp\/v2\/types\/post"}],"author":[{"embeddable":true,"href":"https:\/\/www.immobilienbusiness.ch\/en\/wp-json\/wp\/v2\/users\/1"}],"replies":[{"embeddable":true,"href":"https:\/\/www.immobilienbusiness.ch\/en\/wp-json\/wp\/v2\/comments?post=1381"}],"version-history":[{"count":0,"href":"https:\/\/www.immobilienbusiness.ch\/en\/wp-json\/wp\/v2\/posts\/1381\/revisions"}],"wp:featuredmedia":[{"embeddable":true,"href":"https:\/\/www.immobilienbusiness.ch\/en\/wp-json\/wp\/v2\/media\/1385"}],"wp:attachment":[{"href":"https:\/\/www.immobilienbusiness.ch\/en\/wp-json\/wp\/v2\/media?parent=1381"}],"wp:term":[{"taxonomy":"category","embeddable":true,"href":"https:\/\/www.immobilienbusiness.ch\/en\/wp-json\/wp\/v2\/categories?post=1381"},{"taxonomy":"post_tag","embeddable":true,"href":"https:\/\/www.immobilienbusiness.ch\/en\/wp-json\/wp\/v2\/tags?post=1381"}],"curies":[{"name":"wp","href":"https:\/\/api.w.org\/{rel}","templated":true}]}}