{"id":1373,"date":"2015-11-03T09:50:21","date_gmt":"2015-11-03T08:50:21","guid":{"rendered":"http:\/\/dev.immobilienbusiness.ch\/?p=1373"},"modified":"2015-11-03T09:50:21","modified_gmt":"2015-11-03T08:50:21","slug":"basel-wohnungen-statt-hotel-fuer-erlenmattquartier","status":"publish","type":"post","link":"https:\/\/www.immobilienbusiness.ch\/en\/residential\/2015-11-03\/basel-wohnungen-statt-hotel-fuer-erlenmattquartier\/","title":{"rendered":"Basel: Apartments instead of hotel for Erlenmatt district"},"content":{"rendered":"<figure id=\"attachment_1374\" aria-describedby=\"caption-attachment-1374\" style=\"width: 680px\" class=\"wp-caption alignnone\"><img loading=\"lazy\" decoding=\"async\" class=\"size-medium wp-image-1374\" src=\"https:\/\/immobilienbusiness.ch\/wp-content\/uploads\/2016\/12\/Basel-Wohnungen-statt-Hotel-f\u00fcr-Erlenmattquartier-immobilien-business.jpg\" alt=\"Erlenmattquartier (Visualisierung: Losinger Marazzi AG)\" width=\"680\" height=\"449\" \/><figcaption id=\"caption-attachment-1374\" class=\"wp-caption-text\">Erlenmatt Quarter (visualization: Losinger Marazzi AG)<\/figcaption><\/figure>\n<p>The reason for the change in plans, according to a report by the <em>DailyWeek<\/em> the rising demand for rental apartments in Basel. About 95 percent of the 570 apartments in the western part of the Erlenmatt-Galerie have already been rented out, he said. Now, 300 apartments are to be built on construction site A instead of just 200. These should be ready for occupancy by 2018.<\/p>\n<p>The Erlenmatt quarter has been projected for seven years and has been repeatedly rescheduled during this time. Socimbal AG is behind Galerie Erlenmatt AG. Losinger Marazzi has been commissioned with the development of the 11,000 sqm construction site A, which is located at the site entrance. (ah)<\/p>","protected":false},"excerpt":{"rendered":"<p>Contrary to initial plans, the Erlenmatt Quarter in Basel will not be getting a hotel after all. Only retail and office space and rental apartments are planned on a gross floor area of around 44,000 square meters.<\/p>","protected":false},"author":1,"featured_media":1374,"comment_status":"open","ping_status":"open","sticky":false,"template":"","format":"standard","meta":{"_acf_changed":false,"_yoast_wpseo_focuskw":"Wohnungen Erlenmattquartier","_yoast_wpseo_title":"Wohnungen Erlenmattquartier: Mehr Platz f\u00fcr Basel","_yoast_wpseo_metadesc":"Angesichts steigender Nachfrage werden im Erlenmattquartier in Basel k\u00fcnftig 300 Wohnungen realisiert, um den Bedarf zu decken.","_yoast_wpseo_linkdex":57,"pgc_sgb_lightbox_settings":"","footnotes":""},"categories":[986],"tags":[1069,1639,1862],"class_list":["post-1373","post","type-post","status-publish","format-standard","has-post-thumbnail","hentry","category-residential","tag-basel","tag-residential","tag-wohnen"],"acf":[],"yoast_head":"<!-- This site is optimized with the Yoast SEO plugin v27.4 - https:\/\/yoast.com\/product\/yoast-seo-wordpress\/ -->\n<title>Wohnungen Erlenmattquartier: Mehr Platz f\u00fcr Basel<\/title>\n<meta name=\"description\" content=\"Angesichts steigender Nachfrage werden im Erlenmattquartier in Basel k\u00fcnftig 300 Wohnungen realisiert, um den Bedarf zu decken.\" \/>\n<meta name=\"robots\" content=\"index, follow, max-snippet:-1, max-image-preview:large, max-video-preview:-1\" \/>\n<link rel=\"canonical\" href=\"https:\/\/www.immobilienbusiness.ch\/en\/residential\/2015-11-03\/basel-wohnungen-statt-hotel-fuer-erlenmattquartier\/\" \/>\n<meta property=\"og:locale\" content=\"en_US\" \/>\n<meta property=\"og:type\" content=\"article\" \/>\n<meta property=\"og:title\" content=\"Basel: Wohnungen statt Hotel f\u00fcr Erlenmattquartier\" \/>\n<meta property=\"og:description\" content=\"Das Erlenmattquartier in Basel wird \u2013 anders als zun\u00e4chst geplant \u2013 doch kein Hotel bekommen. Vorgesehen sind auf einer Bruttogeschossfl\u00e4che von rund 44.000 qm nur noch Verkaufs- und B\u00fcrofl\u00e4chen sowie Mietwohnungen.\" \/>\n<meta property=\"og:url\" content=\"https:\/\/www.immobilienbusiness.ch\/en\/residential\/2015-11-03\/basel-wohnungen-statt-hotel-fuer-erlenmattquartier\/\" \/>\n<meta property=\"og:site_name\" content=\"IMMOBILIEN Business\" \/>\n<meta property=\"article:publisher\" content=\"https:\/\/www.facebook.com\/immobilienbusiness\/\" \/>\n<meta property=\"article:published_time\" content=\"2015-11-03T08:50:21+00:00\" \/>\n<meta name=\"author\" content=\"Redaktion\" \/>\n<meta name=\"twitter:card\" content=\"summary_large_image\" \/>\n<meta name=\"twitter:image\" content=\"https:\/\/www.immobilienbusiness.ch\/wp-content\/uploads\/2016\/12\/Basel-Wohnungen-statt-Hotel-fuer-Erlenmattquartier-immobilien-business.jpg\" \/>\n<script type=\"application\/ld+json\" class=\"yoast-schema-graph\">{\"@context\":\"https:\\\/\\\/schema.org\",\"@graph\":[{\"@type\":\"Article\",\"@id\":\"https:\\\/\\\/www.immobilienbusiness.ch\\\/residential\\\/2015-11-03\\\/basel-wohnungen-statt-hotel-fuer-erlenmattquartier\\\/#article\",\"isPartOf\":{\"@id\":\"https:\\\/\\\/www.immobilienbusiness.ch\\\/residential\\\/2015-11-03\\\/basel-wohnungen-statt-hotel-fuer-erlenmattquartier\\\/\"},\"author\":{\"name\":\"Redaktion\",\"@id\":\"https:\\\/\\\/www.immobilienbusiness.ch\\\/#\\\/schema\\\/person\\\/aa2bace6c5c5aad60102004a50c4eb1c\"},\"headline\":\"Basel: Wohnungen statt Hotel f\u00fcr Erlenmattquartier\",\"datePublished\":\"2015-11-03T08:50:21+00:00\",\"mainEntityOfPage\":{\"@id\":\"https:\\\/\\\/www.immobilienbusiness.ch\\\/residential\\\/2015-11-03\\\/basel-wohnungen-statt-hotel-fuer-erlenmattquartier\\\/\"},\"wordCount\":108,\"commentCount\":0,\"publisher\":{\"@id\":\"https:\\\/\\\/www.immobilienbusiness.ch\\\/#organization\"},\"image\":{\"@id\":\"https:\\\/\\\/www.immobilienbusiness.ch\\\/residential\\\/2015-11-03\\\/basel-wohnungen-statt-hotel-fuer-erlenmattquartier\\\/#primaryimage\"},\"thumbnailUrl\":\"https:\\\/\\\/www.immobilienbusiness.ch\\\/wp-content\\\/uploads\\\/2016\\\/12\\\/Basel-Wohnungen-statt-Hotel-fuer-Erlenmattquartier-immobilien-business.jpg\",\"keywords\":[\"Basel\",\"Residential\",\"Wohnen\"],\"articleSection\":[\"RESIDENTIAL\"],\"inLanguage\":\"en-US\"},{\"@type\":\"WebPage\",\"@id\":\"https:\\\/\\\/www.immobilienbusiness.ch\\\/residential\\\/2015-11-03\\\/basel-wohnungen-statt-hotel-fuer-erlenmattquartier\\\/\",\"url\":\"https:\\\/\\\/www.immobilienbusiness.ch\\\/residential\\\/2015-11-03\\\/basel-wohnungen-statt-hotel-fuer-erlenmattquartier\\\/\",\"name\":\"Wohnungen Erlenmattquartier: Mehr Platz f\u00fcr Basel\",\"isPartOf\":{\"@id\":\"https:\\\/\\\/www.immobilienbusiness.ch\\\/#website\"},\"primaryImageOfPage\":{\"@id\":\"https:\\\/\\\/www.immobilienbusiness.ch\\\/residential\\\/2015-11-03\\\/basel-wohnungen-statt-hotel-fuer-erlenmattquartier\\\/#primaryimage\"},\"image\":{\"@id\":\"https:\\\/\\\/www.immobilienbusiness.ch\\\/residential\\\/2015-11-03\\\/basel-wohnungen-statt-hotel-fuer-erlenmattquartier\\\/#primaryimage\"},\"thumbnailUrl\":\"https:\\\/\\\/www.immobilienbusiness.ch\\\/wp-content\\\/uploads\\\/2016\\\/12\\\/Basel-Wohnungen-statt-Hotel-fuer-Erlenmattquartier-immobilien-business.jpg\",\"datePublished\":\"2015-11-03T08:50:21+00:00\",\"description\":\"Angesichts steigender Nachfrage werden im Erlenmattquartier in Basel k\u00fcnftig 300 Wohnungen realisiert, um den Bedarf zu decken.\",\"breadcrumb\":{\"@id\":\"https:\\\/\\\/www.immobilienbusiness.ch\\\/residential\\\/2015-11-03\\\/basel-wohnungen-statt-hotel-fuer-erlenmattquartier\\\/#breadcrumb\"},\"inLanguage\":\"en-US\",\"potentialAction\":[{\"@type\":\"ReadAction\",\"target\":[\"https:\\\/\\\/www.immobilienbusiness.ch\\\/residential\\\/2015-11-03\\\/basel-wohnungen-statt-hotel-fuer-erlenmattquartier\\\/\"]}]},{\"@type\":\"ImageObject\",\"inLanguage\":\"en-US\",\"@id\":\"https:\\\/\\\/www.immobilienbusiness.ch\\\/residential\\\/2015-11-03\\\/basel-wohnungen-statt-hotel-fuer-erlenmattquartier\\\/#primaryimage\",\"url\":\"https:\\\/\\\/www.immobilienbusiness.ch\\\/wp-content\\\/uploads\\\/2016\\\/12\\\/Basel-Wohnungen-statt-Hotel-fuer-Erlenmattquartier-immobilien-business.jpg\",\"contentUrl\":\"https:\\\/\\\/www.immobilienbusiness.ch\\\/wp-content\\\/uploads\\\/2016\\\/12\\\/Basel-Wohnungen-statt-Hotel-fuer-Erlenmattquartier-immobilien-business.jpg\",\"width\":1000,\"height\":660,\"caption\":\"Erlenmattquartier (Visualisierung: Losinger Marazzi AG)\"},{\"@type\":\"BreadcrumbList\",\"@id\":\"https:\\\/\\\/www.immobilienbusiness.ch\\\/residential\\\/2015-11-03\\\/basel-wohnungen-statt-hotel-fuer-erlenmattquartier\\\/#breadcrumb\",\"itemListElement\":[{\"@type\":\"ListItem\",\"position\":1,\"name\":\"Home\",\"item\":\"https:\\\/\\\/www.immobilienbusiness.ch\\\/\"},{\"@type\":\"ListItem\",\"position\":2,\"name\":\"Basel: Wohnungen statt Hotel f\u00fcr Erlenmattquartier\"}]},{\"@type\":\"WebSite\",\"@id\":\"https:\\\/\\\/www.immobilienbusiness.ch\\\/#website\",\"url\":\"https:\\\/\\\/www.immobilienbusiness.ch\\\/\",\"name\":\"IMMOBILIEN Business\",\"description\":\"Unabh\u00e4ngiges Schweizer Wirtschaftsmagazin mit Fokus auf Immobilien, Architektur- und Bau sowie Investment- und Finanzierung.\",\"publisher\":{\"@id\":\"https:\\\/\\\/www.immobilienbusiness.ch\\\/#organization\"},\"potentialAction\":[{\"@type\":\"SearchAction\",\"target\":{\"@type\":\"EntryPoint\",\"urlTemplate\":\"https:\\\/\\\/www.immobilienbusiness.ch\\\/?s={search_term_string}\"},\"query-input\":{\"@type\":\"PropertyValueSpecification\",\"valueRequired\":true,\"valueName\":\"search_term_string\"}}],\"inLanguage\":\"en-US\"},{\"@type\":\"Organization\",\"@id\":\"https:\\\/\\\/www.immobilienbusiness.ch\\\/#organization\",\"name\":\"IMMOBILIEN Business\",\"url\":\"https:\\\/\\\/www.immobilienbusiness.ch\\\/\",\"logo\":{\"@type\":\"ImageObject\",\"inLanguage\":\"en-US\",\"@id\":\"https:\\\/\\\/www.immobilienbusiness.ch\\\/#\\\/schema\\\/logo\\\/image\\\/\",\"url\":\"https:\\\/\\\/www.immobilienbusiness.ch\\\/wp-content\\\/uploads\\\/2021\\\/07\\\/logo_ib.png\",\"contentUrl\":\"https:\\\/\\\/www.immobilienbusiness.ch\\\/wp-content\\\/uploads\\\/2021\\\/07\\\/logo_ib.png\",\"width\":800,\"height\":181,\"caption\":\"IMMOBILIEN Business\"},\"image\":{\"@id\":\"https:\\\/\\\/www.immobilienbusiness.ch\\\/#\\\/schema\\\/logo\\\/image\\\/\"},\"sameAs\":[\"https:\\\/\\\/www.facebook.com\\\/immobilienbusiness\\\/\"]},{\"@type\":\"Person\",\"@id\":\"https:\\\/\\\/www.immobilienbusiness.ch\\\/#\\\/schema\\\/person\\\/aa2bace6c5c5aad60102004a50c4eb1c\",\"name\":\"Redaktion\",\"image\":{\"@type\":\"ImageObject\",\"inLanguage\":\"en-US\",\"@id\":\"https:\\\/\\\/secure.gravatar.com\\\/avatar\\\/ae2f4d718e6c49043e314ce431e7e645d646302a24a5ef5a8bc8e3f5a032e319?s=96&d=mm&r=g\",\"url\":\"https:\\\/\\\/secure.gravatar.com\\\/avatar\\\/ae2f4d718e6c49043e314ce431e7e645d646302a24a5ef5a8bc8e3f5a032e319?s=96&d=mm&r=g\",\"contentUrl\":\"https:\\\/\\\/secure.gravatar.com\\\/avatar\\\/ae2f4d718e6c49043e314ce431e7e645d646302a24a5ef5a8bc8e3f5a032e319?s=96&d=mm&r=g\",\"caption\":\"Redaktion\"},\"sameAs\":[\"http:\\\/\\\/develop.organisator.galledia.ch\"],\"url\":\"https:\\\/\\\/www.immobilienbusiness.ch\\\/en\\\/author\\\/admin\\\/\"}]}<\/script>\n<!-- \/ Yoast SEO plugin. -->","yoast_head_json":{"title":"Wohnungen Erlenmattquartier: Mehr Platz f\u00fcr Basel","description":"Angesichts steigender Nachfrage werden im Erlenmattquartier in Basel k\u00fcnftig 300 Wohnungen realisiert, um den Bedarf zu decken.","robots":{"index":"index","follow":"follow","max-snippet":"max-snippet:-1","max-image-preview":"max-image-preview:large","max-video-preview":"max-video-preview:-1"},"canonical":"https:\/\/www.immobilienbusiness.ch\/en\/residential\/2015-11-03\/basel-wohnungen-statt-hotel-fuer-erlenmattquartier\/","og_locale":"en_US","og_type":"article","og_title":"Basel: Wohnungen statt Hotel f\u00fcr Erlenmattquartier","og_description":"Das Erlenmattquartier in Basel wird \u2013 anders als zun\u00e4chst geplant \u2013 doch kein Hotel bekommen. Vorgesehen sind auf einer Bruttogeschossfl\u00e4che von rund 44.000 qm nur noch Verkaufs- und B\u00fcrofl\u00e4chen sowie Mietwohnungen.","og_url":"https:\/\/www.immobilienbusiness.ch\/en\/residential\/2015-11-03\/basel-wohnungen-statt-hotel-fuer-erlenmattquartier\/","og_site_name":"IMMOBILIEN Business","article_publisher":"https:\/\/www.facebook.com\/immobilienbusiness\/","article_published_time":"2015-11-03T08:50:21+00:00","author":"Redaktion","twitter_card":"summary_large_image","twitter_image":"https:\/\/www.immobilienbusiness.ch\/wp-content\/uploads\/2016\/12\/Basel-Wohnungen-statt-Hotel-fuer-Erlenmattquartier-immobilien-business.jpg","schema":{"@context":"https:\/\/schema.org","@graph":[{"@type":"Article","@id":"https:\/\/www.immobilienbusiness.ch\/residential\/2015-11-03\/basel-wohnungen-statt-hotel-fuer-erlenmattquartier\/#article","isPartOf":{"@id":"https:\/\/www.immobilienbusiness.ch\/residential\/2015-11-03\/basel-wohnungen-statt-hotel-fuer-erlenmattquartier\/"},"author":{"name":"Redaktion","@id":"https:\/\/www.immobilienbusiness.ch\/#\/schema\/person\/aa2bace6c5c5aad60102004a50c4eb1c"},"headline":"Basel: Wohnungen statt Hotel f\u00fcr Erlenmattquartier","datePublished":"2015-11-03T08:50:21+00:00","mainEntityOfPage":{"@id":"https:\/\/www.immobilienbusiness.ch\/residential\/2015-11-03\/basel-wohnungen-statt-hotel-fuer-erlenmattquartier\/"},"wordCount":108,"commentCount":0,"publisher":{"@id":"https:\/\/www.immobilienbusiness.ch\/#organization"},"image":{"@id":"https:\/\/www.immobilienbusiness.ch\/residential\/2015-11-03\/basel-wohnungen-statt-hotel-fuer-erlenmattquartier\/#primaryimage"},"thumbnailUrl":"https:\/\/www.immobilienbusiness.ch\/wp-content\/uploads\/2016\/12\/Basel-Wohnungen-statt-Hotel-fuer-Erlenmattquartier-immobilien-business.jpg","keywords":["Basel","Residential","Wohnen"],"articleSection":["RESIDENTIAL"],"inLanguage":"en-US"},{"@type":"WebPage","@id":"https:\/\/www.immobilienbusiness.ch\/residential\/2015-11-03\/basel-wohnungen-statt-hotel-fuer-erlenmattquartier\/","url":"https:\/\/www.immobilienbusiness.ch\/residential\/2015-11-03\/basel-wohnungen-statt-hotel-fuer-erlenmattquartier\/","name":"Wohnungen Erlenmattquartier: Mehr Platz f\u00fcr Basel","isPartOf":{"@id":"https:\/\/www.immobilienbusiness.ch\/#website"},"primaryImageOfPage":{"@id":"https:\/\/www.immobilienbusiness.ch\/residential\/2015-11-03\/basel-wohnungen-statt-hotel-fuer-erlenmattquartier\/#primaryimage"},"image":{"@id":"https:\/\/www.immobilienbusiness.ch\/residential\/2015-11-03\/basel-wohnungen-statt-hotel-fuer-erlenmattquartier\/#primaryimage"},"thumbnailUrl":"https:\/\/www.immobilienbusiness.ch\/wp-content\/uploads\/2016\/12\/Basel-Wohnungen-statt-Hotel-fuer-Erlenmattquartier-immobilien-business.jpg","datePublished":"2015-11-03T08:50:21+00:00","description":"Angesichts steigender Nachfrage werden im Erlenmattquartier in Basel k\u00fcnftig 300 Wohnungen realisiert, um den Bedarf zu decken.","breadcrumb":{"@id":"https:\/\/www.immobilienbusiness.ch\/residential\/2015-11-03\/basel-wohnungen-statt-hotel-fuer-erlenmattquartier\/#breadcrumb"},"inLanguage":"en-US","potentialAction":[{"@type":"ReadAction","target":["https:\/\/www.immobilienbusiness.ch\/residential\/2015-11-03\/basel-wohnungen-statt-hotel-fuer-erlenmattquartier\/"]}]},{"@type":"ImageObject","inLanguage":"en-US","@id":"https:\/\/www.immobilienbusiness.ch\/residential\/2015-11-03\/basel-wohnungen-statt-hotel-fuer-erlenmattquartier\/#primaryimage","url":"https:\/\/www.immobilienbusiness.ch\/wp-content\/uploads\/2016\/12\/Basel-Wohnungen-statt-Hotel-fuer-Erlenmattquartier-immobilien-business.jpg","contentUrl":"https:\/\/www.immobilienbusiness.ch\/wp-content\/uploads\/2016\/12\/Basel-Wohnungen-statt-Hotel-fuer-Erlenmattquartier-immobilien-business.jpg","width":1000,"height":660,"caption":"Erlenmattquartier (Visualisierung: Losinger Marazzi AG)"},{"@type":"BreadcrumbList","@id":"https:\/\/www.immobilienbusiness.ch\/residential\/2015-11-03\/basel-wohnungen-statt-hotel-fuer-erlenmattquartier\/#breadcrumb","itemListElement":[{"@type":"ListItem","position":1,"name":"Home","item":"https:\/\/www.immobilienbusiness.ch\/"},{"@type":"ListItem","position":2,"name":"Basel: Wohnungen statt Hotel f\u00fcr Erlenmattquartier"}]},{"@type":"WebSite","@id":"https:\/\/www.immobilienbusiness.ch\/#website","url":"https:\/\/www.immobilienbusiness.ch\/","name":"REAL ESTATE Business","description":"Independent Swiss business magazine focusing on real estate, architecture and construction as well as investment and financing.","publisher":{"@id":"https:\/\/www.immobilienbusiness.ch\/#organization"},"potentialAction":[{"@type":"SearchAction","target":{"@type":"EntryPoint","urlTemplate":"https:\/\/www.immobilienbusiness.ch\/?s={search_term_string}"},"query-input":{"@type":"PropertyValueSpecification","valueRequired":true,"valueName":"search_term_string"}}],"inLanguage":"en-US"},{"@type":"Organization","@id":"https:\/\/www.immobilienbusiness.ch\/#organization","name":"REAL ESTATE Business","url":"https:\/\/www.immobilienbusiness.ch\/","logo":{"@type":"ImageObject","inLanguage":"en-US","@id":"https:\/\/www.immobilienbusiness.ch\/#\/schema\/logo\/image\/","url":"https:\/\/www.immobilienbusiness.ch\/wp-content\/uploads\/2021\/07\/logo_ib.png","contentUrl":"https:\/\/www.immobilienbusiness.ch\/wp-content\/uploads\/2021\/07\/logo_ib.png","width":800,"height":181,"caption":"IMMOBILIEN Business"},"image":{"@id":"https:\/\/www.immobilienbusiness.ch\/#\/schema\/logo\/image\/"},"sameAs":["https:\/\/www.facebook.com\/immobilienbusiness\/"]},{"@type":"Person","@id":"https:\/\/www.immobilienbusiness.ch\/#\/schema\/person\/aa2bace6c5c5aad60102004a50c4eb1c","name":"Editorial","image":{"@type":"ImageObject","inLanguage":"en-US","@id":"https:\/\/secure.gravatar.com\/avatar\/ae2f4d718e6c49043e314ce431e7e645d646302a24a5ef5a8bc8e3f5a032e319?s=96&d=mm&r=g","url":"https:\/\/secure.gravatar.com\/avatar\/ae2f4d718e6c49043e314ce431e7e645d646302a24a5ef5a8bc8e3f5a032e319?s=96&d=mm&r=g","contentUrl":"https:\/\/secure.gravatar.com\/avatar\/ae2f4d718e6c49043e314ce431e7e645d646302a24a5ef5a8bc8e3f5a032e319?s=96&d=mm&r=g","caption":"Redaktion"},"sameAs":["http:\/\/develop.organisator.galledia.ch"],"url":"https:\/\/www.immobilienbusiness.ch\/en\/author\/admin\/"}]}},"_links":{"self":[{"href":"https:\/\/www.immobilienbusiness.ch\/en\/wp-json\/wp\/v2\/posts\/1373","targetHints":{"allow":["GET"]}}],"collection":[{"href":"https:\/\/www.immobilienbusiness.ch\/en\/wp-json\/wp\/v2\/posts"}],"about":[{"href":"https:\/\/www.immobilienbusiness.ch\/en\/wp-json\/wp\/v2\/types\/post"}],"author":[{"embeddable":true,"href":"https:\/\/www.immobilienbusiness.ch\/en\/wp-json\/wp\/v2\/users\/1"}],"replies":[{"embeddable":true,"href":"https:\/\/www.immobilienbusiness.ch\/en\/wp-json\/wp\/v2\/comments?post=1373"}],"version-history":[{"count":0,"href":"https:\/\/www.immobilienbusiness.ch\/en\/wp-json\/wp\/v2\/posts\/1373\/revisions"}],"wp:featuredmedia":[{"embeddable":true,"href":"https:\/\/www.immobilienbusiness.ch\/en\/wp-json\/wp\/v2\/media\/1374"}],"wp:attachment":[{"href":"https:\/\/www.immobilienbusiness.ch\/en\/wp-json\/wp\/v2\/media?parent=1373"}],"wp:term":[{"taxonomy":"category","embeddable":true,"href":"https:\/\/www.immobilienbusiness.ch\/en\/wp-json\/wp\/v2\/categories?post=1373"},{"taxonomy":"post_tag","embeddable":true,"href":"https:\/\/www.immobilienbusiness.ch\/en\/wp-json\/wp\/v2\/tags?post=1373"}],"curies":[{"name":"wp","href":"https:\/\/api.w.org\/{rel}","templated":true}]}}