{"id":13008,"date":"2018-06-20T08:31:19","date_gmt":"2018-06-20T06:31:19","guid":{"rendered":"https:\/\/www.immobilienbusiness.ch\/?p=13008"},"modified":"2023-07-23T21:12:39","modified_gmt":"2023-07-23T19:12:39","slug":"wincasa-erweitert-mixed-use-site-management","status":"publish","type":"post","link":"https:\/\/www.immobilienbusiness.ch\/en\/unternehmen\/2018-06-20\/wincasa-erweitert-mixed-use-site-management\/","title":{"rendered":"Wincasa expands Mixed-Use Site Management"},"content":{"rendered":"<figure id=\"attachment_13021\" aria-describedby=\"caption-attachment-13021\" style=\"width: 300px\" class=\"wp-caption alignnone\"><img loading=\"lazy\" decoding=\"async\" class=\"wp-image-13021 size-medium\" src=\"https:\/\/www.immobilienbusiness.ch\/wp-content\/uploads\/2018\/06\/Wincasa_YvanMeyer_032_CMYK-300x200.jpg\" alt=\"Mixed-Use Site Management\" width=\"300\" height=\"200\" srcset=\"https:\/\/www.immobilienbusiness.ch\/wp-content\/uploads\/2018\/06\/Wincasa_YvanMeyer_032_CMYK-300x200.jpg 300w, https:\/\/www.immobilienbusiness.ch\/wp-content\/uploads\/2018\/06\/Wincasa_YvanMeyer_032_CMYK-1024x682.jpg 1024w, https:\/\/www.immobilienbusiness.ch\/wp-content\/uploads\/2018\/06\/Wincasa_YvanMeyer_032_CMYK-768x511.jpg 768w, https:\/\/www.immobilienbusiness.ch\/wp-content\/uploads\/2018\/06\/Wincasa_YvanMeyer_032_CMYK-1536x1022.jpg 1536w, https:\/\/www.immobilienbusiness.ch\/wp-content\/uploads\/2018\/06\/Wincasa_YvanMeyer_032_CMYK-2048x1363.jpg 2048w, https:\/\/www.immobilienbusiness.ch\/wp-content\/uploads\/2018\/06\/Wincasa_YvanMeyer_032_CMYK-16x12.jpg 16w, https:\/\/www.immobilienbusiness.ch\/wp-content\/uploads\/2018\/06\/Wincasa_YvanMeyer_032_CMYK-263x175.jpg 263w, https:\/\/www.immobilienbusiness.ch\/wp-content\/uploads\/2018\/06\/Wincasa_YvanMeyer_032_CMYK-526x350.jpg 526w, https:\/\/www.immobilienbusiness.ch\/wp-content\/uploads\/2018\/06\/Wincasa_YvanMeyer_032_CMYK-1202x800.jpg 1202w, https:\/\/www.immobilienbusiness.ch\/wp-content\/uploads\/2018\/06\/Wincasa_YvanMeyer_032_CMYK-920x612.jpg 920w, https:\/\/www.immobilienbusiness.ch\/wp-content\/uploads\/2018\/06\/Wincasa_YvanMeyer_032_CMYK-1400x932.jpg 1400w\" sizes=\"auto, (max-width: 300px) 100vw, 300px\" \/><figcaption id=\"caption-attachment-13021\" class=\"wp-caption-text\">Yvan Meyer, designated head of mixed-use site management in Geneva (Photo: Clara Tuma)<\/figcaption><\/figure>\n<p>In January 2017, Wincasa launched the Mixed-Use Site Management department in Zurich, and the team now manages nine projects across Switzerland, including in French-speaking Switzerland. \"We see great potential for development in the Swiss market in the future and expect to add one or two more locations soon,\" says Philipp Schoch, Head of Center &amp; Mixed-Use Site Management.<\/p>\n<p>In Zurich, the division now has eleven employees and is headed by Thomas Hinderling. In June, the team will move into a new, larger location on the Maag site in Zurich West. The employees in Zurich currently look after the Maag site, YOND (Siemens site) in Albisrieden, the NZZ site in Schlieren, Toro in Oerlikon and the Rotes Turm in Winterthur.<\/p>\n<p>As of July this year, Wincasa is opening a new hub with four people in Geneva. Head of Mixed-Use Site Management there will be Yvan Meyer, previously Head of Center Management La Praille &amp; Hub and with Wincasa since 2010. The team will move into offices in the Centre administratif La Praille and start with three existing projects in the Geneva region: Geneva Business Terminal and Riantbosson Centre in Meyrin as well as Espace Tourbillon in Plan-les-Ouates (Geneva). With the Pont-Rouge in Lancy, an additional mandate already won will be added from 2020, Wincasa informs.<\/p>","protected":false},"excerpt":{"rendered":"<p>Wincasa now provides services for mixed-use sites from two locations: In addition to Zurich, Geneva will also have a team for mixed-use site management in the future.<\/p>","protected":false},"author":3,"featured_media":13021,"comment_status":"closed","ping_status":"closed","sticky":false,"template":"","format":"standard","meta":{"_acf_changed":false,"_yoast_wpseo_focuskw":"Mixed-Use Site Management","_yoast_wpseo_title":"","_yoast_wpseo_metadesc":"","_yoast_wpseo_linkdex":46,"pgc_sgb_lightbox_settings":"","footnotes":""},"categories":[988],"tags":[1260,1563,1807,1852,1857],"class_list":["post-13008","post","type-post","status-publish","format-standard","has-post-thumbnail","hentry","category-unternehmen","tag-genf","tag-personalia","tag-unternehmen","tag-west-schweiz","tag-wincasa"],"acf":[],"yoast_head":"<!-- This site is optimized with the Yoast SEO plugin v27.5 - https:\/\/yoast.com\/product\/yoast-seo-wordpress\/ -->\n<title>Wincasa erweitert Mixed-Use Site Management - IMMOBILIEN Business<\/title>\n<meta name=\"robots\" content=\"index, follow, max-snippet:-1, max-image-preview:large, max-video-preview:-1\" \/>\n<link rel=\"canonical\" href=\"https:\/\/www.immobilienbusiness.ch\/en\/unternehmen\/2018-06-20\/wincasa-erweitert-mixed-use-site-management\/\" \/>\n<meta property=\"og:locale\" content=\"en_US\" \/>\n<meta property=\"og:type\" content=\"article\" \/>\n<meta property=\"og:title\" content=\"Wincasa erweitert Mixed-Use Site Management - IMMOBILIEN Business\" \/>\n<meta property=\"og:description\" content=\"Wincasa erbringt Dienstleistungen f\u00fcr gemischt genutzt Areale nun von zwei Standorten aus: Neben Z\u00fcrich hat k\u00fcnftig auch Genf ein Team f\u00fcr das Mixed-Use Site Management.\" \/>\n<meta property=\"og:url\" content=\"https:\/\/www.immobilienbusiness.ch\/en\/unternehmen\/2018-06-20\/wincasa-erweitert-mixed-use-site-management\/\" \/>\n<meta property=\"og:site_name\" content=\"IMMOBILIEN Business\" \/>\n<meta property=\"article:publisher\" content=\"https:\/\/www.facebook.com\/immobilienbusiness\/\" \/>\n<meta property=\"article:published_time\" content=\"2018-06-20T06:31:19+00:00\" \/>\n<meta property=\"article:modified_time\" content=\"2023-07-23T19:12:39+00:00\" \/>\n<meta property=\"og:image\" content=\"https:\/\/www.immobilienbusiness.ch\/wp-content\/uploads\/2018\/06\/Wincasa_YvanMeyer_032_CMYK.jpg\" \/>\n\t<meta property=\"og:image:width\" content=\"2327\" \/>\n\t<meta property=\"og:image:height\" content=\"1549\" \/>\n\t<meta property=\"og:image:type\" content=\"image\/jpeg\" \/>\n<meta name=\"author\" content=\"anja.hall\" \/>\n<meta name=\"twitter:card\" content=\"summary_large_image\" \/>\n<script type=\"application\/ld+json\" class=\"yoast-schema-graph\">{\"@context\":\"https:\\\/\\\/schema.org\",\"@graph\":[{\"@type\":\"Article\",\"@id\":\"https:\\\/\\\/www.immobilienbusiness.ch\\\/unternehmen\\\/2018-06-20\\\/wincasa-erweitert-mixed-use-site-management\\\/#article\",\"isPartOf\":{\"@id\":\"https:\\\/\\\/www.immobilienbusiness.ch\\\/unternehmen\\\/2018-06-20\\\/wincasa-erweitert-mixed-use-site-management\\\/\"},\"author\":{\"name\":\"anja.hall\",\"@id\":\"https:\\\/\\\/www.immobilienbusiness.ch\\\/#\\\/schema\\\/person\\\/3fc036297b10b9f42d6db5ee932af8c8\"},\"headline\":\"Wincasa erweitert Mixed-Use Site Management\",\"datePublished\":\"2018-06-20T06:31:19+00:00\",\"dateModified\":\"2023-07-23T19:12:39+00:00\",\"mainEntityOfPage\":{\"@id\":\"https:\\\/\\\/www.immobilienbusiness.ch\\\/unternehmen\\\/2018-06-20\\\/wincasa-erweitert-mixed-use-site-management\\\/\"},\"wordCount\":233,\"publisher\":{\"@id\":\"https:\\\/\\\/www.immobilienbusiness.ch\\\/#organization\"},\"image\":{\"@id\":\"https:\\\/\\\/www.immobilienbusiness.ch\\\/unternehmen\\\/2018-06-20\\\/wincasa-erweitert-mixed-use-site-management\\\/#primaryimage\"},\"thumbnailUrl\":\"https:\\\/\\\/www.immobilienbusiness.ch\\\/wp-content\\\/uploads\\\/2018\\\/06\\\/Wincasa_YvanMeyer_032_CMYK.jpg\",\"keywords\":[\"Genf\",\"Personalia\",\"Unternehmen\",\"West-Schweiz\",\"Wincasa\"],\"articleSection\":[\"UNTERNEHMEN\"],\"inLanguage\":\"en-US\"},{\"@type\":\"WebPage\",\"@id\":\"https:\\\/\\\/www.immobilienbusiness.ch\\\/unternehmen\\\/2018-06-20\\\/wincasa-erweitert-mixed-use-site-management\\\/\",\"url\":\"https:\\\/\\\/www.immobilienbusiness.ch\\\/unternehmen\\\/2018-06-20\\\/wincasa-erweitert-mixed-use-site-management\\\/\",\"name\":\"Wincasa erweitert Mixed-Use Site Management - IMMOBILIEN Business\",\"isPartOf\":{\"@id\":\"https:\\\/\\\/www.immobilienbusiness.ch\\\/#website\"},\"primaryImageOfPage\":{\"@id\":\"https:\\\/\\\/www.immobilienbusiness.ch\\\/unternehmen\\\/2018-06-20\\\/wincasa-erweitert-mixed-use-site-management\\\/#primaryimage\"},\"image\":{\"@id\":\"https:\\\/\\\/www.immobilienbusiness.ch\\\/unternehmen\\\/2018-06-20\\\/wincasa-erweitert-mixed-use-site-management\\\/#primaryimage\"},\"thumbnailUrl\":\"https:\\\/\\\/www.immobilienbusiness.ch\\\/wp-content\\\/uploads\\\/2018\\\/06\\\/Wincasa_YvanMeyer_032_CMYK.jpg\",\"datePublished\":\"2018-06-20T06:31:19+00:00\",\"dateModified\":\"2023-07-23T19:12:39+00:00\",\"breadcrumb\":{\"@id\":\"https:\\\/\\\/www.immobilienbusiness.ch\\\/unternehmen\\\/2018-06-20\\\/wincasa-erweitert-mixed-use-site-management\\\/#breadcrumb\"},\"inLanguage\":\"en-US\",\"potentialAction\":[{\"@type\":\"ReadAction\",\"target\":[\"https:\\\/\\\/www.immobilienbusiness.ch\\\/unternehmen\\\/2018-06-20\\\/wincasa-erweitert-mixed-use-site-management\\\/\"]}]},{\"@type\":\"ImageObject\",\"inLanguage\":\"en-US\",\"@id\":\"https:\\\/\\\/www.immobilienbusiness.ch\\\/unternehmen\\\/2018-06-20\\\/wincasa-erweitert-mixed-use-site-management\\\/#primaryimage\",\"url\":\"https:\\\/\\\/www.immobilienbusiness.ch\\\/wp-content\\\/uploads\\\/2018\\\/06\\\/Wincasa_YvanMeyer_032_CMYK.jpg\",\"contentUrl\":\"https:\\\/\\\/www.immobilienbusiness.ch\\\/wp-content\\\/uploads\\\/2018\\\/06\\\/Wincasa_YvanMeyer_032_CMYK.jpg\",\"width\":2327,\"height\":1549,\"caption\":\"Yvan Meyer, designierter Leiter des Mixed-Use Site Management in Genf (Foto: Clara Tuna)\"},{\"@type\":\"BreadcrumbList\",\"@id\":\"https:\\\/\\\/www.immobilienbusiness.ch\\\/unternehmen\\\/2018-06-20\\\/wincasa-erweitert-mixed-use-site-management\\\/#breadcrumb\",\"itemListElement\":[{\"@type\":\"ListItem\",\"position\":1,\"name\":\"Home\",\"item\":\"https:\\\/\\\/www.immobilienbusiness.ch\\\/\"},{\"@type\":\"ListItem\",\"position\":2,\"name\":\"Wincasa erweitert Mixed-Use Site Management\"}]},{\"@type\":\"WebSite\",\"@id\":\"https:\\\/\\\/www.immobilienbusiness.ch\\\/#website\",\"url\":\"https:\\\/\\\/www.immobilienbusiness.ch\\\/\",\"name\":\"IMMOBILIEN Business\",\"description\":\"Unabh\u00e4ngiges Schweizer Wirtschaftsmagazin mit Fokus auf Immobilien, Architektur- und Bau sowie Investment- und Finanzierung.\",\"publisher\":{\"@id\":\"https:\\\/\\\/www.immobilienbusiness.ch\\\/#organization\"},\"potentialAction\":[{\"@type\":\"SearchAction\",\"target\":{\"@type\":\"EntryPoint\",\"urlTemplate\":\"https:\\\/\\\/www.immobilienbusiness.ch\\\/?s={search_term_string}\"},\"query-input\":{\"@type\":\"PropertyValueSpecification\",\"valueRequired\":true,\"valueName\":\"search_term_string\"}}],\"inLanguage\":\"en-US\"},{\"@type\":\"Organization\",\"@id\":\"https:\\\/\\\/www.immobilienbusiness.ch\\\/#organization\",\"name\":\"IMMOBILIEN Business\",\"url\":\"https:\\\/\\\/www.immobilienbusiness.ch\\\/\",\"logo\":{\"@type\":\"ImageObject\",\"inLanguage\":\"en-US\",\"@id\":\"https:\\\/\\\/www.immobilienbusiness.ch\\\/#\\\/schema\\\/logo\\\/image\\\/\",\"url\":\"https:\\\/\\\/www.immobilienbusiness.ch\\\/wp-content\\\/uploads\\\/2021\\\/07\\\/logo_ib.png\",\"contentUrl\":\"https:\\\/\\\/www.immobilienbusiness.ch\\\/wp-content\\\/uploads\\\/2021\\\/07\\\/logo_ib.png\",\"width\":800,\"height\":181,\"caption\":\"IMMOBILIEN Business\"},\"image\":{\"@id\":\"https:\\\/\\\/www.immobilienbusiness.ch\\\/#\\\/schema\\\/logo\\\/image\\\/\"},\"sameAs\":[\"https:\\\/\\\/www.facebook.com\\\/immobilienbusiness\\\/\"]},{\"@type\":\"Person\",\"@id\":\"https:\\\/\\\/www.immobilienbusiness.ch\\\/#\\\/schema\\\/person\\\/3fc036297b10b9f42d6db5ee932af8c8\",\"name\":\"anja.hall\",\"image\":{\"@type\":\"ImageObject\",\"inLanguage\":\"en-US\",\"@id\":\"https:\\\/\\\/secure.gravatar.com\\\/avatar\\\/066b5a0d447013502c71a5782f4f3469f03cfe595cc2329fb94652fe47511bfb?s=96&d=mm&r=g\",\"url\":\"https:\\\/\\\/secure.gravatar.com\\\/avatar\\\/066b5a0d447013502c71a5782f4f3469f03cfe595cc2329fb94652fe47511bfb?s=96&d=mm&r=g\",\"contentUrl\":\"https:\\\/\\\/secure.gravatar.com\\\/avatar\\\/066b5a0d447013502c71a5782f4f3469f03cfe595cc2329fb94652fe47511bfb?s=96&d=mm&r=g\",\"caption\":\"anja.hall\"},\"url\":\"https:\\\/\\\/www.immobilienbusiness.ch\\\/en\\\/author\\\/anja-hall\\\/\"}]}<\/script>\n<!-- \/ Yoast SEO plugin. -->","yoast_head_json":{"title":"Wincasa erweitert Mixed-Use Site Management - IMMOBILIEN Business","robots":{"index":"index","follow":"follow","max-snippet":"max-snippet:-1","max-image-preview":"max-image-preview:large","max-video-preview":"max-video-preview:-1"},"canonical":"https:\/\/www.immobilienbusiness.ch\/en\/unternehmen\/2018-06-20\/wincasa-erweitert-mixed-use-site-management\/","og_locale":"en_US","og_type":"article","og_title":"Wincasa erweitert Mixed-Use Site Management - IMMOBILIEN Business","og_description":"Wincasa erbringt Dienstleistungen f\u00fcr gemischt genutzt Areale nun von zwei Standorten aus: Neben Z\u00fcrich hat k\u00fcnftig auch Genf ein Team f\u00fcr das Mixed-Use Site Management.","og_url":"https:\/\/www.immobilienbusiness.ch\/en\/unternehmen\/2018-06-20\/wincasa-erweitert-mixed-use-site-management\/","og_site_name":"IMMOBILIEN Business","article_publisher":"https:\/\/www.facebook.com\/immobilienbusiness\/","article_published_time":"2018-06-20T06:31:19+00:00","article_modified_time":"2023-07-23T19:12:39+00:00","og_image":[{"width":2327,"height":1549,"url":"https:\/\/www.immobilienbusiness.ch\/wp-content\/uploads\/2018\/06\/Wincasa_YvanMeyer_032_CMYK.jpg","type":"image\/jpeg"}],"author":"anja.hall","twitter_card":"summary_large_image","schema":{"@context":"https:\/\/schema.org","@graph":[{"@type":"Article","@id":"https:\/\/www.immobilienbusiness.ch\/unternehmen\/2018-06-20\/wincasa-erweitert-mixed-use-site-management\/#article","isPartOf":{"@id":"https:\/\/www.immobilienbusiness.ch\/unternehmen\/2018-06-20\/wincasa-erweitert-mixed-use-site-management\/"},"author":{"name":"anja.hall","@id":"https:\/\/www.immobilienbusiness.ch\/#\/schema\/person\/3fc036297b10b9f42d6db5ee932af8c8"},"headline":"Wincasa erweitert Mixed-Use Site Management","datePublished":"2018-06-20T06:31:19+00:00","dateModified":"2023-07-23T19:12:39+00:00","mainEntityOfPage":{"@id":"https:\/\/www.immobilienbusiness.ch\/unternehmen\/2018-06-20\/wincasa-erweitert-mixed-use-site-management\/"},"wordCount":233,"publisher":{"@id":"https:\/\/www.immobilienbusiness.ch\/#organization"},"image":{"@id":"https:\/\/www.immobilienbusiness.ch\/unternehmen\/2018-06-20\/wincasa-erweitert-mixed-use-site-management\/#primaryimage"},"thumbnailUrl":"https:\/\/www.immobilienbusiness.ch\/wp-content\/uploads\/2018\/06\/Wincasa_YvanMeyer_032_CMYK.jpg","keywords":["Genf","Personalia","Unternehmen","West-Schweiz","Wincasa"],"articleSection":["UNTERNEHMEN"],"inLanguage":"en-US"},{"@type":"WebPage","@id":"https:\/\/www.immobilienbusiness.ch\/unternehmen\/2018-06-20\/wincasa-erweitert-mixed-use-site-management\/","url":"https:\/\/www.immobilienbusiness.ch\/unternehmen\/2018-06-20\/wincasa-erweitert-mixed-use-site-management\/","name":"Wincasa erweitert Mixed-Use Site Management - IMMOBILIEN Business","isPartOf":{"@id":"https:\/\/www.immobilienbusiness.ch\/#website"},"primaryImageOfPage":{"@id":"https:\/\/www.immobilienbusiness.ch\/unternehmen\/2018-06-20\/wincasa-erweitert-mixed-use-site-management\/#primaryimage"},"image":{"@id":"https:\/\/www.immobilienbusiness.ch\/unternehmen\/2018-06-20\/wincasa-erweitert-mixed-use-site-management\/#primaryimage"},"thumbnailUrl":"https:\/\/www.immobilienbusiness.ch\/wp-content\/uploads\/2018\/06\/Wincasa_YvanMeyer_032_CMYK.jpg","datePublished":"2018-06-20T06:31:19+00:00","dateModified":"2023-07-23T19:12:39+00:00","breadcrumb":{"@id":"https:\/\/www.immobilienbusiness.ch\/unternehmen\/2018-06-20\/wincasa-erweitert-mixed-use-site-management\/#breadcrumb"},"inLanguage":"en-US","potentialAction":[{"@type":"ReadAction","target":["https:\/\/www.immobilienbusiness.ch\/unternehmen\/2018-06-20\/wincasa-erweitert-mixed-use-site-management\/"]}]},{"@type":"ImageObject","inLanguage":"en-US","@id":"https:\/\/www.immobilienbusiness.ch\/unternehmen\/2018-06-20\/wincasa-erweitert-mixed-use-site-management\/#primaryimage","url":"https:\/\/www.immobilienbusiness.ch\/wp-content\/uploads\/2018\/06\/Wincasa_YvanMeyer_032_CMYK.jpg","contentUrl":"https:\/\/www.immobilienbusiness.ch\/wp-content\/uploads\/2018\/06\/Wincasa_YvanMeyer_032_CMYK.jpg","width":2327,"height":1549,"caption":"Yvan Meyer, designierter Leiter des Mixed-Use Site Management in Genf (Foto: Clara Tuna)"},{"@type":"BreadcrumbList","@id":"https:\/\/www.immobilienbusiness.ch\/unternehmen\/2018-06-20\/wincasa-erweitert-mixed-use-site-management\/#breadcrumb","itemListElement":[{"@type":"ListItem","position":1,"name":"Home","item":"https:\/\/www.immobilienbusiness.ch\/"},{"@type":"ListItem","position":2,"name":"Wincasa erweitert Mixed-Use Site Management"}]},{"@type":"WebSite","@id":"https:\/\/www.immobilienbusiness.ch\/#website","url":"https:\/\/www.immobilienbusiness.ch\/","name":"REAL ESTATE Business","description":"Independent Swiss business magazine focusing on real estate, architecture and construction as well as investment and financing.","publisher":{"@id":"https:\/\/www.immobilienbusiness.ch\/#organization"},"potentialAction":[{"@type":"SearchAction","target":{"@type":"EntryPoint","urlTemplate":"https:\/\/www.immobilienbusiness.ch\/?s={search_term_string}"},"query-input":{"@type":"PropertyValueSpecification","valueRequired":true,"valueName":"search_term_string"}}],"inLanguage":"en-US"},{"@type":"Organization","@id":"https:\/\/www.immobilienbusiness.ch\/#organization","name":"REAL ESTATE Business","url":"https:\/\/www.immobilienbusiness.ch\/","logo":{"@type":"ImageObject","inLanguage":"en-US","@id":"https:\/\/www.immobilienbusiness.ch\/#\/schema\/logo\/image\/","url":"https:\/\/www.immobilienbusiness.ch\/wp-content\/uploads\/2021\/07\/logo_ib.png","contentUrl":"https:\/\/www.immobilienbusiness.ch\/wp-content\/uploads\/2021\/07\/logo_ib.png","width":800,"height":181,"caption":"IMMOBILIEN Business"},"image":{"@id":"https:\/\/www.immobilienbusiness.ch\/#\/schema\/logo\/image\/"},"sameAs":["https:\/\/www.facebook.com\/immobilienbusiness\/"]},{"@type":"Person","@id":"https:\/\/www.immobilienbusiness.ch\/#\/schema\/person\/3fc036297b10b9f42d6db5ee932af8c8","name":"anja.hall","image":{"@type":"ImageObject","inLanguage":"en-US","@id":"https:\/\/secure.gravatar.com\/avatar\/066b5a0d447013502c71a5782f4f3469f03cfe595cc2329fb94652fe47511bfb?s=96&d=mm&r=g","url":"https:\/\/secure.gravatar.com\/avatar\/066b5a0d447013502c71a5782f4f3469f03cfe595cc2329fb94652fe47511bfb?s=96&d=mm&r=g","contentUrl":"https:\/\/secure.gravatar.com\/avatar\/066b5a0d447013502c71a5782f4f3469f03cfe595cc2329fb94652fe47511bfb?s=96&d=mm&r=g","caption":"anja.hall"},"url":"https:\/\/www.immobilienbusiness.ch\/en\/author\/anja-hall\/"}]}},"_links":{"self":[{"href":"https:\/\/www.immobilienbusiness.ch\/en\/wp-json\/wp\/v2\/posts\/13008","targetHints":{"allow":["GET"]}}],"collection":[{"href":"https:\/\/www.immobilienbusiness.ch\/en\/wp-json\/wp\/v2\/posts"}],"about":[{"href":"https:\/\/www.immobilienbusiness.ch\/en\/wp-json\/wp\/v2\/types\/post"}],"author":[{"embeddable":true,"href":"https:\/\/www.immobilienbusiness.ch\/en\/wp-json\/wp\/v2\/users\/3"}],"replies":[{"embeddable":true,"href":"https:\/\/www.immobilienbusiness.ch\/en\/wp-json\/wp\/v2\/comments?post=13008"}],"version-history":[{"count":2,"href":"https:\/\/www.immobilienbusiness.ch\/en\/wp-json\/wp\/v2\/posts\/13008\/revisions"}],"predecessor-version":[{"id":51370,"href":"https:\/\/www.immobilienbusiness.ch\/en\/wp-json\/wp\/v2\/posts\/13008\/revisions\/51370"}],"wp:featuredmedia":[{"embeddable":true,"href":"https:\/\/www.immobilienbusiness.ch\/en\/wp-json\/wp\/v2\/media\/13021"}],"wp:attachment":[{"href":"https:\/\/www.immobilienbusiness.ch\/en\/wp-json\/wp\/v2\/media?parent=13008"}],"wp:term":[{"taxonomy":"category","embeddable":true,"href":"https:\/\/www.immobilienbusiness.ch\/en\/wp-json\/wp\/v2\/categories?post=13008"},{"taxonomy":"post_tag","embeddable":true,"href":"https:\/\/www.immobilienbusiness.ch\/en\/wp-json\/wp\/v2\/tags?post=13008"}],"curies":[{"name":"wp","href":"https:\/\/api.w.org\/{rel}","templated":true}]}}