{"id":1268,"date":"2016-05-10T09:11:26","date_gmt":"2016-05-10T07:11:26","guid":{"rendered":"http:\/\/dev.immobilienbusiness.ch\/?p=1268"},"modified":"2016-05-10T09:11:26","modified_gmt":"2016-05-10T07:11:26","slug":"helvetica-property-investors-erweitert-geschaeftsleitung","status":"publish","type":"post","link":"https:\/\/www.immobilienbusiness.ch\/en\/allgemein\/2016-05-10\/helvetica-property-investors-erweitert-geschaeftsleitung\/","title":{"rendered":"Helvetica Property Investors expands management"},"content":{"rendered":"<figure id=\"attachment_1269\" aria-describedby=\"caption-attachment-1269\" style=\"width: 680px\" class=\"wp-caption alignnone\"><img loading=\"lazy\" decoding=\"async\" class=\"size-medium wp-image-1269\" src=\"https:\/\/immobilienbusiness.ch\/wp-content\/uploads\/2016\/12\/Helvetica-Property-Investors-erweitert-Gesch\u00e4ftsleitung-immobilien-business.png\" alt=\"Neuzugang in der Gesch\u00e4ftsleitung von Helvetica Property (Grafik: Pixabay)\" width=\"680\" height=\"465\" \/><figcaption id=\"caption-attachment-1269\" class=\"wp-caption-text\">New addition to the management of Helvetica Property (Graphic: Pixabay)<\/figcaption><\/figure>\n<p>Until now, Frederic K\u00f6nigsegg (47) was Managing Director of Jargonnant Partners, responsible for the purchase of European investment properties. As a Director of Valartis Asset Management, he previously had overall responsibility for two Luxembourg-based investment companies. K\u00f6nigsegg holds a master's degree in economics from the University of St. Gallen (HSG).<\/p>\n<p>Helvetica Property expects K\u00f6nigsegg to strengthen the company's expertise and network of relationships. His signing \"underlines the determination to become one of the leading investment companies in real estate,\" Helvetica Property said in a media release. (ah)<\/p>","protected":false},"excerpt":{"rendered":"<p>Helvetica Property Investors AG brings Frederic K\u00f6nigsegg on board. K\u00f6nigsegg will take over the Investment division as of June 1, 2016 and will be responsible for the purchase and sale of properties as a member of the Executive Board.<\/p>","protected":false},"author":1,"featured_media":1269,"comment_status":"open","ping_status":"open","sticky":false,"template":"","format":"standard","meta":{"_acf_changed":false,"_yoast_wpseo_focuskw":"Helvetica Property Investoren","_yoast_wpseo_title":"Helvetica Property Investoren: Gesch\u00e4ftsleitung erweitert","_yoast_wpseo_metadesc":"Helvetica Property erweitert die Gesch\u00e4ftsleitung mit Frederic Koenigsegg, um die Position als f\u00fchrende Investmentgesellschaft im Immobilienbereich zu st\u00e4rken.","_yoast_wpseo_linkdex":46,"pgc_sgb_lightbox_settings":"","footnotes":""},"categories":[1],"tags":[1563],"class_list":["post-1268","post","type-post","status-publish","format-standard","has-post-thumbnail","hentry","category-allgemein","tag-personalia"],"acf":[],"yoast_head":"<!-- This site is optimized with the Yoast SEO plugin v27.4 - https:\/\/yoast.com\/product\/yoast-seo-wordpress\/ -->\n<title>Helvetica Property Investoren: Gesch\u00e4ftsleitung erweitert<\/title>\n<meta name=\"description\" content=\"Helvetica Property erweitert die Gesch\u00e4ftsleitung mit Frederic Koenigsegg, um die Position als f\u00fchrende Investmentgesellschaft im Immobilienbereich zu st\u00e4rken.\" \/>\n<meta name=\"robots\" content=\"index, follow, max-snippet:-1, max-image-preview:large, max-video-preview:-1\" \/>\n<link rel=\"canonical\" href=\"https:\/\/www.immobilienbusiness.ch\/en\/allgemein\/2016-05-10\/helvetica-property-investors-erweitert-geschaeftsleitung\/\" \/>\n<meta property=\"og:locale\" content=\"en_US\" \/>\n<meta property=\"og:type\" content=\"article\" \/>\n<meta property=\"og:title\" content=\"Helvetica Property Investors erweitert Gesch\u00e4ftsleitung\" \/>\n<meta property=\"og:description\" content=\"Die Helvetica Property Investors AG holt Frederic K\u00f6nigsegg an Bord. K\u00f6nigsegg \u00fcbernimmt per 1. Juni 2016 die Sparte Investment und wird als Mitglied der Gesch\u00e4ftsleitung f\u00fcr den Ein- und Verkauf von Liegenschaften verantwortlich zeichnen.\" \/>\n<meta property=\"og:url\" content=\"https:\/\/www.immobilienbusiness.ch\/en\/allgemein\/2016-05-10\/helvetica-property-investors-erweitert-geschaeftsleitung\/\" \/>\n<meta property=\"og:site_name\" content=\"IMMOBILIEN Business\" \/>\n<meta property=\"article:publisher\" content=\"https:\/\/www.facebook.com\/immobilienbusiness\/\" \/>\n<meta property=\"article:published_time\" content=\"2016-05-10T07:11:26+00:00\" \/>\n<meta name=\"author\" content=\"Redaktion\" \/>\n<meta name=\"twitter:card\" content=\"summary_large_image\" \/>\n<script type=\"application\/ld+json\" class=\"yoast-schema-graph\">{\"@context\":\"https:\\\/\\\/schema.org\",\"@graph\":[{\"@type\":\"Article\",\"@id\":\"https:\\\/\\\/www.immobilienbusiness.ch\\\/allgemein\\\/2016-05-10\\\/helvetica-property-investors-erweitert-geschaeftsleitung\\\/#article\",\"isPartOf\":{\"@id\":\"https:\\\/\\\/www.immobilienbusiness.ch\\\/allgemein\\\/2016-05-10\\\/helvetica-property-investors-erweitert-geschaeftsleitung\\\/\"},\"author\":{\"name\":\"Redaktion\",\"@id\":\"https:\\\/\\\/www.immobilienbusiness.ch\\\/#\\\/schema\\\/person\\\/aa2bace6c5c5aad60102004a50c4eb1c\"},\"headline\":\"Helvetica Property Investors erweitert Gesch\u00e4ftsleitung\",\"datePublished\":\"2016-05-10T07:11:26+00:00\",\"mainEntityOfPage\":{\"@id\":\"https:\\\/\\\/www.immobilienbusiness.ch\\\/allgemein\\\/2016-05-10\\\/helvetica-property-investors-erweitert-geschaeftsleitung\\\/\"},\"wordCount\":114,\"commentCount\":0,\"publisher\":{\"@id\":\"https:\\\/\\\/www.immobilienbusiness.ch\\\/#organization\"},\"image\":{\"@id\":\"https:\\\/\\\/www.immobilienbusiness.ch\\\/allgemein\\\/2016-05-10\\\/helvetica-property-investors-erweitert-geschaeftsleitung\\\/#primaryimage\"},\"thumbnailUrl\":\"\",\"keywords\":[\"Personalia\"],\"articleSection\":[\"Allgemein\"],\"inLanguage\":\"en-US\"},{\"@type\":\"WebPage\",\"@id\":\"https:\\\/\\\/www.immobilienbusiness.ch\\\/allgemein\\\/2016-05-10\\\/helvetica-property-investors-erweitert-geschaeftsleitung\\\/\",\"url\":\"https:\\\/\\\/www.immobilienbusiness.ch\\\/allgemein\\\/2016-05-10\\\/helvetica-property-investors-erweitert-geschaeftsleitung\\\/\",\"name\":\"Helvetica Property Investoren: Gesch\u00e4ftsleitung erweitert\",\"isPartOf\":{\"@id\":\"https:\\\/\\\/www.immobilienbusiness.ch\\\/#website\"},\"primaryImageOfPage\":{\"@id\":\"https:\\\/\\\/www.immobilienbusiness.ch\\\/allgemein\\\/2016-05-10\\\/helvetica-property-investors-erweitert-geschaeftsleitung\\\/#primaryimage\"},\"image\":{\"@id\":\"https:\\\/\\\/www.immobilienbusiness.ch\\\/allgemein\\\/2016-05-10\\\/helvetica-property-investors-erweitert-geschaeftsleitung\\\/#primaryimage\"},\"thumbnailUrl\":\"\",\"datePublished\":\"2016-05-10T07:11:26+00:00\",\"description\":\"Helvetica Property erweitert die Gesch\u00e4ftsleitung mit Frederic Koenigsegg, um die Position als f\u00fchrende Investmentgesellschaft im Immobilienbereich zu st\u00e4rken.\",\"breadcrumb\":{\"@id\":\"https:\\\/\\\/www.immobilienbusiness.ch\\\/allgemein\\\/2016-05-10\\\/helvetica-property-investors-erweitert-geschaeftsleitung\\\/#breadcrumb\"},\"inLanguage\":\"en-US\",\"potentialAction\":[{\"@type\":\"ReadAction\",\"target\":[\"https:\\\/\\\/www.immobilienbusiness.ch\\\/allgemein\\\/2016-05-10\\\/helvetica-property-investors-erweitert-geschaeftsleitung\\\/\"]}]},{\"@type\":\"ImageObject\",\"inLanguage\":\"en-US\",\"@id\":\"https:\\\/\\\/www.immobilienbusiness.ch\\\/allgemein\\\/2016-05-10\\\/helvetica-property-investors-erweitert-geschaeftsleitung\\\/#primaryimage\",\"url\":\"\",\"contentUrl\":\"\"},{\"@type\":\"BreadcrumbList\",\"@id\":\"https:\\\/\\\/www.immobilienbusiness.ch\\\/allgemein\\\/2016-05-10\\\/helvetica-property-investors-erweitert-geschaeftsleitung\\\/#breadcrumb\",\"itemListElement\":[{\"@type\":\"ListItem\",\"position\":1,\"name\":\"Home\",\"item\":\"https:\\\/\\\/www.immobilienbusiness.ch\\\/\"},{\"@type\":\"ListItem\",\"position\":2,\"name\":\"Helvetica Property Investors erweitert Gesch\u00e4ftsleitung\"}]},{\"@type\":\"WebSite\",\"@id\":\"https:\\\/\\\/www.immobilienbusiness.ch\\\/#website\",\"url\":\"https:\\\/\\\/www.immobilienbusiness.ch\\\/\",\"name\":\"IMMOBILIEN Business\",\"description\":\"Unabh\u00e4ngiges Schweizer Wirtschaftsmagazin mit Fokus auf Immobilien, Architektur- und Bau sowie Investment- und Finanzierung.\",\"publisher\":{\"@id\":\"https:\\\/\\\/www.immobilienbusiness.ch\\\/#organization\"},\"potentialAction\":[{\"@type\":\"SearchAction\",\"target\":{\"@type\":\"EntryPoint\",\"urlTemplate\":\"https:\\\/\\\/www.immobilienbusiness.ch\\\/?s={search_term_string}\"},\"query-input\":{\"@type\":\"PropertyValueSpecification\",\"valueRequired\":true,\"valueName\":\"search_term_string\"}}],\"inLanguage\":\"en-US\"},{\"@type\":\"Organization\",\"@id\":\"https:\\\/\\\/www.immobilienbusiness.ch\\\/#organization\",\"name\":\"IMMOBILIEN Business\",\"url\":\"https:\\\/\\\/www.immobilienbusiness.ch\\\/\",\"logo\":{\"@type\":\"ImageObject\",\"inLanguage\":\"en-US\",\"@id\":\"https:\\\/\\\/www.immobilienbusiness.ch\\\/#\\\/schema\\\/logo\\\/image\\\/\",\"url\":\"https:\\\/\\\/www.immobilienbusiness.ch\\\/wp-content\\\/uploads\\\/2021\\\/07\\\/logo_ib.png\",\"contentUrl\":\"https:\\\/\\\/www.immobilienbusiness.ch\\\/wp-content\\\/uploads\\\/2021\\\/07\\\/logo_ib.png\",\"width\":800,\"height\":181,\"caption\":\"IMMOBILIEN Business\"},\"image\":{\"@id\":\"https:\\\/\\\/www.immobilienbusiness.ch\\\/#\\\/schema\\\/logo\\\/image\\\/\"},\"sameAs\":[\"https:\\\/\\\/www.facebook.com\\\/immobilienbusiness\\\/\"]},{\"@type\":\"Person\",\"@id\":\"https:\\\/\\\/www.immobilienbusiness.ch\\\/#\\\/schema\\\/person\\\/aa2bace6c5c5aad60102004a50c4eb1c\",\"name\":\"Redaktion\",\"image\":{\"@type\":\"ImageObject\",\"inLanguage\":\"en-US\",\"@id\":\"https:\\\/\\\/secure.gravatar.com\\\/avatar\\\/ae2f4d718e6c49043e314ce431e7e645d646302a24a5ef5a8bc8e3f5a032e319?s=96&d=mm&r=g\",\"url\":\"https:\\\/\\\/secure.gravatar.com\\\/avatar\\\/ae2f4d718e6c49043e314ce431e7e645d646302a24a5ef5a8bc8e3f5a032e319?s=96&d=mm&r=g\",\"contentUrl\":\"https:\\\/\\\/secure.gravatar.com\\\/avatar\\\/ae2f4d718e6c49043e314ce431e7e645d646302a24a5ef5a8bc8e3f5a032e319?s=96&d=mm&r=g\",\"caption\":\"Redaktion\"},\"sameAs\":[\"http:\\\/\\\/develop.organisator.galledia.ch\"],\"url\":\"https:\\\/\\\/www.immobilienbusiness.ch\\\/en\\\/author\\\/admin\\\/\"}]}<\/script>\n<!-- \/ Yoast SEO plugin. -->","yoast_head_json":{"title":"Helvetica Property Investoren: Gesch\u00e4ftsleitung erweitert","description":"Helvetica Property erweitert die Gesch\u00e4ftsleitung mit Frederic Koenigsegg, um die Position als f\u00fchrende Investmentgesellschaft im Immobilienbereich zu st\u00e4rken.","robots":{"index":"index","follow":"follow","max-snippet":"max-snippet:-1","max-image-preview":"max-image-preview:large","max-video-preview":"max-video-preview:-1"},"canonical":"https:\/\/www.immobilienbusiness.ch\/en\/allgemein\/2016-05-10\/helvetica-property-investors-erweitert-geschaeftsleitung\/","og_locale":"en_US","og_type":"article","og_title":"Helvetica Property Investors erweitert Gesch\u00e4ftsleitung","og_description":"Die Helvetica Property Investors AG holt Frederic K\u00f6nigsegg an Bord. K\u00f6nigsegg \u00fcbernimmt per 1. Juni 2016 die Sparte Investment und wird als Mitglied der Gesch\u00e4ftsleitung f\u00fcr den Ein- und Verkauf von Liegenschaften verantwortlich zeichnen.","og_url":"https:\/\/www.immobilienbusiness.ch\/en\/allgemein\/2016-05-10\/helvetica-property-investors-erweitert-geschaeftsleitung\/","og_site_name":"IMMOBILIEN Business","article_publisher":"https:\/\/www.facebook.com\/immobilienbusiness\/","article_published_time":"2016-05-10T07:11:26+00:00","author":"Redaktion","twitter_card":"summary_large_image","schema":{"@context":"https:\/\/schema.org","@graph":[{"@type":"Article","@id":"https:\/\/www.immobilienbusiness.ch\/allgemein\/2016-05-10\/helvetica-property-investors-erweitert-geschaeftsleitung\/#article","isPartOf":{"@id":"https:\/\/www.immobilienbusiness.ch\/allgemein\/2016-05-10\/helvetica-property-investors-erweitert-geschaeftsleitung\/"},"author":{"name":"Redaktion","@id":"https:\/\/www.immobilienbusiness.ch\/#\/schema\/person\/aa2bace6c5c5aad60102004a50c4eb1c"},"headline":"Helvetica Property Investors erweitert Gesch\u00e4ftsleitung","datePublished":"2016-05-10T07:11:26+00:00","mainEntityOfPage":{"@id":"https:\/\/www.immobilienbusiness.ch\/allgemein\/2016-05-10\/helvetica-property-investors-erweitert-geschaeftsleitung\/"},"wordCount":114,"commentCount":0,"publisher":{"@id":"https:\/\/www.immobilienbusiness.ch\/#organization"},"image":{"@id":"https:\/\/www.immobilienbusiness.ch\/allgemein\/2016-05-10\/helvetica-property-investors-erweitert-geschaeftsleitung\/#primaryimage"},"thumbnailUrl":"","keywords":["Personalia"],"articleSection":["Allgemein"],"inLanguage":"en-US"},{"@type":"WebPage","@id":"https:\/\/www.immobilienbusiness.ch\/allgemein\/2016-05-10\/helvetica-property-investors-erweitert-geschaeftsleitung\/","url":"https:\/\/www.immobilienbusiness.ch\/allgemein\/2016-05-10\/helvetica-property-investors-erweitert-geschaeftsleitung\/","name":"Helvetica Property Investoren: Gesch\u00e4ftsleitung erweitert","isPartOf":{"@id":"https:\/\/www.immobilienbusiness.ch\/#website"},"primaryImageOfPage":{"@id":"https:\/\/www.immobilienbusiness.ch\/allgemein\/2016-05-10\/helvetica-property-investors-erweitert-geschaeftsleitung\/#primaryimage"},"image":{"@id":"https:\/\/www.immobilienbusiness.ch\/allgemein\/2016-05-10\/helvetica-property-investors-erweitert-geschaeftsleitung\/#primaryimage"},"thumbnailUrl":"","datePublished":"2016-05-10T07:11:26+00:00","description":"Helvetica Property erweitert die Gesch\u00e4ftsleitung mit Frederic Koenigsegg, um die Position als f\u00fchrende Investmentgesellschaft im Immobilienbereich zu st\u00e4rken.","breadcrumb":{"@id":"https:\/\/www.immobilienbusiness.ch\/allgemein\/2016-05-10\/helvetica-property-investors-erweitert-geschaeftsleitung\/#breadcrumb"},"inLanguage":"en-US","potentialAction":[{"@type":"ReadAction","target":["https:\/\/www.immobilienbusiness.ch\/allgemein\/2016-05-10\/helvetica-property-investors-erweitert-geschaeftsleitung\/"]}]},{"@type":"ImageObject","inLanguage":"en-US","@id":"https:\/\/www.immobilienbusiness.ch\/allgemein\/2016-05-10\/helvetica-property-investors-erweitert-geschaeftsleitung\/#primaryimage","url":"","contentUrl":""},{"@type":"BreadcrumbList","@id":"https:\/\/www.immobilienbusiness.ch\/allgemein\/2016-05-10\/helvetica-property-investors-erweitert-geschaeftsleitung\/#breadcrumb","itemListElement":[{"@type":"ListItem","position":1,"name":"Home","item":"https:\/\/www.immobilienbusiness.ch\/"},{"@type":"ListItem","position":2,"name":"Helvetica Property Investors erweitert Gesch\u00e4ftsleitung"}]},{"@type":"WebSite","@id":"https:\/\/www.immobilienbusiness.ch\/#website","url":"https:\/\/www.immobilienbusiness.ch\/","name":"REAL ESTATE Business","description":"Independent Swiss business magazine focusing on real estate, architecture and construction as well as investment and financing.","publisher":{"@id":"https:\/\/www.immobilienbusiness.ch\/#organization"},"potentialAction":[{"@type":"SearchAction","target":{"@type":"EntryPoint","urlTemplate":"https:\/\/www.immobilienbusiness.ch\/?s={search_term_string}"},"query-input":{"@type":"PropertyValueSpecification","valueRequired":true,"valueName":"search_term_string"}}],"inLanguage":"en-US"},{"@type":"Organization","@id":"https:\/\/www.immobilienbusiness.ch\/#organization","name":"REAL ESTATE Business","url":"https:\/\/www.immobilienbusiness.ch\/","logo":{"@type":"ImageObject","inLanguage":"en-US","@id":"https:\/\/www.immobilienbusiness.ch\/#\/schema\/logo\/image\/","url":"https:\/\/www.immobilienbusiness.ch\/wp-content\/uploads\/2021\/07\/logo_ib.png","contentUrl":"https:\/\/www.immobilienbusiness.ch\/wp-content\/uploads\/2021\/07\/logo_ib.png","width":800,"height":181,"caption":"IMMOBILIEN Business"},"image":{"@id":"https:\/\/www.immobilienbusiness.ch\/#\/schema\/logo\/image\/"},"sameAs":["https:\/\/www.facebook.com\/immobilienbusiness\/"]},{"@type":"Person","@id":"https:\/\/www.immobilienbusiness.ch\/#\/schema\/person\/aa2bace6c5c5aad60102004a50c4eb1c","name":"Editorial","image":{"@type":"ImageObject","inLanguage":"en-US","@id":"https:\/\/secure.gravatar.com\/avatar\/ae2f4d718e6c49043e314ce431e7e645d646302a24a5ef5a8bc8e3f5a032e319?s=96&d=mm&r=g","url":"https:\/\/secure.gravatar.com\/avatar\/ae2f4d718e6c49043e314ce431e7e645d646302a24a5ef5a8bc8e3f5a032e319?s=96&d=mm&r=g","contentUrl":"https:\/\/secure.gravatar.com\/avatar\/ae2f4d718e6c49043e314ce431e7e645d646302a24a5ef5a8bc8e3f5a032e319?s=96&d=mm&r=g","caption":"Redaktion"},"sameAs":["http:\/\/develop.organisator.galledia.ch"],"url":"https:\/\/www.immobilienbusiness.ch\/en\/author\/admin\/"}]}},"_links":{"self":[{"href":"https:\/\/www.immobilienbusiness.ch\/en\/wp-json\/wp\/v2\/posts\/1268","targetHints":{"allow":["GET"]}}],"collection":[{"href":"https:\/\/www.immobilienbusiness.ch\/en\/wp-json\/wp\/v2\/posts"}],"about":[{"href":"https:\/\/www.immobilienbusiness.ch\/en\/wp-json\/wp\/v2\/types\/post"}],"author":[{"embeddable":true,"href":"https:\/\/www.immobilienbusiness.ch\/en\/wp-json\/wp\/v2\/users\/1"}],"replies":[{"embeddable":true,"href":"https:\/\/www.immobilienbusiness.ch\/en\/wp-json\/wp\/v2\/comments?post=1268"}],"version-history":[{"count":0,"href":"https:\/\/www.immobilienbusiness.ch\/en\/wp-json\/wp\/v2\/posts\/1268\/revisions"}],"wp:featuredmedia":[{"embeddable":true,"href":"https:\/\/www.immobilienbusiness.ch\/en\/wp-json\/wp\/v2\/posts\/1269"}],"wp:attachment":[{"href":"https:\/\/www.immobilienbusiness.ch\/en\/wp-json\/wp\/v2\/media?parent=1268"}],"wp:term":[{"taxonomy":"category","embeddable":true,"href":"https:\/\/www.immobilienbusiness.ch\/en\/wp-json\/wp\/v2\/categories?post=1268"},{"taxonomy":"post_tag","embeddable":true,"href":"https:\/\/www.immobilienbusiness.ch\/en\/wp-json\/wp\/v2\/tags?post=1268"}],"curies":[{"name":"wp","href":"https:\/\/api.w.org\/{rel}","templated":true}]}}