{"id":12212,"date":"2018-04-24T08:15:43","date_gmt":"2018-04-24T06:15:43","guid":{"rendered":"https:\/\/www.immobilienbusiness.ch\/?p=12212"},"modified":"2018-04-24T08:15:43","modified_gmt":"2018-04-24T06:15:43","slug":"basel-aufrichte-meret-oppenheim-hochhaus","status":"publish","type":"post","link":"https:\/\/www.immobilienbusiness.ch\/en\/residential\/2018-04-24\/basel-aufrichte-meret-oppenheim-hochhaus\/","title":{"rendered":"Basel: Topping-out ceremony for Meret Oppenheim high-rise building"},"content":{"rendered":"<figure id=\"attachment_4456\" aria-describedby=\"caption-attachment-4456\" style=\"width: 680px\" class=\"wp-caption alignnone\"><img loading=\"lazy\" decoding=\"async\" class=\"size-medium wp-image-4456\" src=\"https:\/\/www.immobilienbusiness.ch\/wp-content\/uploads\/2016\/12\/Basel-Grundsteinlegung-f\u00fcr-Meret-Oppenheim-Hochhaus-immobilien-business.jpg\" alt=\"\" width=\"680\" height=\"962\" \/><figcaption id=\"caption-attachment-4456\" class=\"wp-caption-text\">The topping-out ceremony for the Meret Oppenheim high-rise was celebrated (Visualization: \u00a9 SBB CFF FFS)<\/figcaption><\/figure>\n<p>Construction of the Meret Oppenheim Hochhaus (MOH) on site B of Basel's S\u00fcdPark is progressing. The shell of the 25-story building has been completed, and the topping-out ceremony was celebrated on April 19. Now the interior work will follow. The 80-meter-high building, designed by Herzog &amp; de Meuron, should be ready for occupancy from February 2019.<\/p>\n<p>The more than 25,200 square meters of usable space are divided into 153 apartments as well as office and restaurant space. SRF has leased the first to third floors and parts of the first floor for its Studio Basel. Another tenant on the first floor is the vegan-vegetarian restaurant tibits. According to SBB, various office spaces are still available on the fourth and fifth floors of the MOH, as are many of the apartments on the upper floors. The marketer for the office space is SPG Intercity Basel, while Intercity Basel AG is responsible for the residential space.<\/p>\n<p>The MOH is being built right next to Basel SBB station. It is to become a defining feature of the neighborhood and enhance the rear of the station, according to the SBB. The square and street adjacent to the MOH were also named after the renowned Swiss-German artist Meret Oppenheim. The square will be thoroughly renovated and landscaped by spring 2019, and numerous trees will screen it from Meret-Oppenheim-Strasse. The central element is a round fountain with a diameter of 19 meters and a reproduction of Meret Oppenheim's sculpture \"Spiral (the Course of Nature)\" in the middle.<\/p>","protected":false},"excerpt":{"rendered":"<p>In Basel, the topping-out ceremony has now been celebrated for the Meret Oppenheim high-rise (MOH), which SBB is having built at Basel SBB station.<\/p>","protected":false},"author":3,"featured_media":4456,"comment_status":"open","ping_status":"open","sticky":false,"template":"","format":"standard","meta":{"_acf_changed":false,"_yoast_wpseo_focuskw":"Meret Oppenheim","_yoast_wpseo_title":"","_yoast_wpseo_metadesc":"In Basel wurde am 19. April die Aufrichte f\u00fcr das Meret Oppenheim Hochhaus (MOH) gefeiert, das die SBB beim Bahnhof Basel SBB errichten l\u00e4sst.","_yoast_wpseo_linkdex":82,"pgc_sgb_lightbox_settings":"","footnotes":""},"categories":[986],"tags":[1069,1119,1371,1599,1666,1717,1863],"class_list":["post-12212","post","type-post","status-publish","format-standard","has-post-thumbnail","hentry","category-residential","tag-basel","tag-bueroimmobilien","tag-intercity-group","tag-projekt-in-bau","tag-sbb","tag-spg-intercity","tag-wohnimmobilien"],"acf":[],"yoast_head":"<!-- This site is optimized with the Yoast SEO plugin v27.4 - https:\/\/yoast.com\/product\/yoast-seo-wordpress\/ -->\n<title>Basel: Aufrichte f\u00fcr Meret Oppenheim Hochhaus - IMMOBILIEN Business<\/title>\n<meta name=\"description\" content=\"In Basel wurde am 19. April die Aufrichte f\u00fcr das Meret Oppenheim Hochhaus (MOH) gefeiert, das die SBB beim Bahnhof Basel SBB errichten l\u00e4sst.\" \/>\n<meta name=\"robots\" content=\"index, follow, max-snippet:-1, max-image-preview:large, max-video-preview:-1\" \/>\n<link rel=\"canonical\" href=\"https:\/\/www.immobilienbusiness.ch\/en\/residential\/2018-04-24\/basel-aufrichte-meret-oppenheim-hochhaus\/\" \/>\n<meta property=\"og:locale\" content=\"en_US\" \/>\n<meta property=\"og:type\" content=\"article\" \/>\n<meta property=\"og:title\" content=\"Basel: Aufrichte f\u00fcr Meret Oppenheim Hochhaus - IMMOBILIEN Business\" \/>\n<meta property=\"og:description\" content=\"In Basel wurde am 19. April die Aufrichte f\u00fcr das Meret Oppenheim Hochhaus (MOH) gefeiert, das die SBB beim Bahnhof Basel SBB errichten l\u00e4sst.\" \/>\n<meta property=\"og:url\" content=\"https:\/\/www.immobilienbusiness.ch\/en\/residential\/2018-04-24\/basel-aufrichte-meret-oppenheim-hochhaus\/\" \/>\n<meta property=\"og:site_name\" content=\"IMMOBILIEN Business\" \/>\n<meta property=\"article:publisher\" content=\"https:\/\/www.facebook.com\/immobilienbusiness\/\" \/>\n<meta property=\"article:published_time\" content=\"2018-04-24T06:15:43+00:00\" \/>\n<meta property=\"og:image\" content=\"https:\/\/www.immobilienbusiness.ch\/wp-content\/uploads\/2016\/12\/Basel-Grundsteinlegung-fuer-Meret-Oppenheim-Hochhaus-immobilien-business.jpg\" \/>\n\t<meta property=\"og:image:width\" content=\"905\" \/>\n\t<meta property=\"og:image:height\" content=\"1280\" \/>\n\t<meta property=\"og:image:type\" content=\"image\/jpeg\" \/>\n<meta name=\"author\" content=\"anja.hall\" \/>\n<meta name=\"twitter:card\" content=\"summary_large_image\" \/>\n<meta name=\"twitter:image\" content=\"https:\/\/www.immobilienbusiness.ch\/wp-content\/uploads\/2016\/12\/Basel-Grundsteinlegung-f\u00fcr-Meret-Oppenheim-Hochhaus-immobilien-business.jpg\" \/>\n<script type=\"application\/ld+json\" class=\"yoast-schema-graph\">{\"@context\":\"https:\\\/\\\/schema.org\",\"@graph\":[{\"@type\":\"Article\",\"@id\":\"https:\\\/\\\/www.immobilienbusiness.ch\\\/it\\\/residential\\\/2018-04-24\\\/basel-aufrichte-meret-oppenheim-hochhaus\\\/#article\",\"isPartOf\":{\"@id\":\"https:\\\/\\\/www.immobilienbusiness.ch\\\/it\\\/residential\\\/2018-04-24\\\/basel-aufrichte-meret-oppenheim-hochhaus\\\/\"},\"author\":{\"name\":\"anja.hall\",\"@id\":\"https:\\\/\\\/www.immobilienbusiness.ch\\\/#\\\/schema\\\/person\\\/3fc036297b10b9f42d6db5ee932af8c8\"},\"headline\":\"Basel: Aufrichte f\u00fcr Meret Oppenheim Hochhaus\",\"datePublished\":\"2018-04-24T06:15:43+00:00\",\"mainEntityOfPage\":{\"@id\":\"https:\\\/\\\/www.immobilienbusiness.ch\\\/it\\\/residential\\\/2018-04-24\\\/basel-aufrichte-meret-oppenheim-hochhaus\\\/\"},\"wordCount\":268,\"commentCount\":0,\"publisher\":{\"@id\":\"https:\\\/\\\/www.immobilienbusiness.ch\\\/#organization\"},\"image\":{\"@id\":\"https:\\\/\\\/www.immobilienbusiness.ch\\\/it\\\/residential\\\/2018-04-24\\\/basel-aufrichte-meret-oppenheim-hochhaus\\\/#primaryimage\"},\"thumbnailUrl\":\"https:\\\/\\\/www.immobilienbusiness.ch\\\/wp-content\\\/uploads\\\/2016\\\/12\\\/Basel-Grundsteinlegung-fuer-Meret-Oppenheim-Hochhaus-immobilien-business.jpg\",\"keywords\":[\"Basel\",\"B\u00fcroimmobilien\",\"Intercity Group\",\"Projekt in Bau\",\"SBB\",\"SPG Intercity\",\"Wohnimmobilien\"],\"articleSection\":[\"RESIDENTIAL\"],\"inLanguage\":\"en-US\"},{\"@type\":\"WebPage\",\"@id\":\"https:\\\/\\\/www.immobilienbusiness.ch\\\/it\\\/residential\\\/2018-04-24\\\/basel-aufrichte-meret-oppenheim-hochhaus\\\/\",\"url\":\"https:\\\/\\\/www.immobilienbusiness.ch\\\/it\\\/residential\\\/2018-04-24\\\/basel-aufrichte-meret-oppenheim-hochhaus\\\/\",\"name\":\"Basel: Aufrichte f\u00fcr Meret Oppenheim Hochhaus - IMMOBILIEN Business\",\"isPartOf\":{\"@id\":\"https:\\\/\\\/www.immobilienbusiness.ch\\\/#website\"},\"primaryImageOfPage\":{\"@id\":\"https:\\\/\\\/www.immobilienbusiness.ch\\\/it\\\/residential\\\/2018-04-24\\\/basel-aufrichte-meret-oppenheim-hochhaus\\\/#primaryimage\"},\"image\":{\"@id\":\"https:\\\/\\\/www.immobilienbusiness.ch\\\/it\\\/residential\\\/2018-04-24\\\/basel-aufrichte-meret-oppenheim-hochhaus\\\/#primaryimage\"},\"thumbnailUrl\":\"https:\\\/\\\/www.immobilienbusiness.ch\\\/wp-content\\\/uploads\\\/2016\\\/12\\\/Basel-Grundsteinlegung-fuer-Meret-Oppenheim-Hochhaus-immobilien-business.jpg\",\"datePublished\":\"2018-04-24T06:15:43+00:00\",\"description\":\"In Basel wurde am 19. April die Aufrichte f\u00fcr das Meret Oppenheim Hochhaus (MOH) gefeiert, das die SBB beim Bahnhof Basel SBB errichten l\u00e4sst.\",\"breadcrumb\":{\"@id\":\"https:\\\/\\\/www.immobilienbusiness.ch\\\/it\\\/residential\\\/2018-04-24\\\/basel-aufrichte-meret-oppenheim-hochhaus\\\/#breadcrumb\"},\"inLanguage\":\"en-US\",\"potentialAction\":[{\"@type\":\"ReadAction\",\"target\":[\"https:\\\/\\\/www.immobilienbusiness.ch\\\/it\\\/residential\\\/2018-04-24\\\/basel-aufrichte-meret-oppenheim-hochhaus\\\/\"]}]},{\"@type\":\"ImageObject\",\"inLanguage\":\"en-US\",\"@id\":\"https:\\\/\\\/www.immobilienbusiness.ch\\\/it\\\/residential\\\/2018-04-24\\\/basel-aufrichte-meret-oppenheim-hochhaus\\\/#primaryimage\",\"url\":\"https:\\\/\\\/www.immobilienbusiness.ch\\\/wp-content\\\/uploads\\\/2016\\\/12\\\/Basel-Grundsteinlegung-fuer-Meret-Oppenheim-Hochhaus-immobilien-business.jpg\",\"contentUrl\":\"https:\\\/\\\/www.immobilienbusiness.ch\\\/wp-content\\\/uploads\\\/2016\\\/12\\\/Basel-Grundsteinlegung-fuer-Meret-Oppenheim-Hochhaus-immobilien-business.jpg\",\"width\":905,\"height\":1280,\"caption\":\"Grundsteinlegung f\u00fcr das Meret-Oppenheim-Hochhaus (Visualisierung: \u00a9 SBB CFF FFS)\"},{\"@type\":\"BreadcrumbList\",\"@id\":\"https:\\\/\\\/www.immobilienbusiness.ch\\\/it\\\/residential\\\/2018-04-24\\\/basel-aufrichte-meret-oppenheim-hochhaus\\\/#breadcrumb\",\"itemListElement\":[{\"@type\":\"ListItem\",\"position\":1,\"name\":\"Home\",\"item\":\"https:\\\/\\\/www.immobilienbusiness.ch\\\/\"},{\"@type\":\"ListItem\",\"position\":2,\"name\":\"Basel: Aufrichte f\u00fcr Meret Oppenheim Hochhaus\"}]},{\"@type\":\"WebSite\",\"@id\":\"https:\\\/\\\/www.immobilienbusiness.ch\\\/#website\",\"url\":\"https:\\\/\\\/www.immobilienbusiness.ch\\\/\",\"name\":\"IMMOBILIEN Business\",\"description\":\"Unabh\u00e4ngiges Schweizer Wirtschaftsmagazin mit Fokus auf Immobilien, Architektur- und Bau sowie Investment- und Finanzierung.\",\"publisher\":{\"@id\":\"https:\\\/\\\/www.immobilienbusiness.ch\\\/#organization\"},\"potentialAction\":[{\"@type\":\"SearchAction\",\"target\":{\"@type\":\"EntryPoint\",\"urlTemplate\":\"https:\\\/\\\/www.immobilienbusiness.ch\\\/?s={search_term_string}\"},\"query-input\":{\"@type\":\"PropertyValueSpecification\",\"valueRequired\":true,\"valueName\":\"search_term_string\"}}],\"inLanguage\":\"en-US\"},{\"@type\":\"Organization\",\"@id\":\"https:\\\/\\\/www.immobilienbusiness.ch\\\/#organization\",\"name\":\"IMMOBILIEN Business\",\"url\":\"https:\\\/\\\/www.immobilienbusiness.ch\\\/\",\"logo\":{\"@type\":\"ImageObject\",\"inLanguage\":\"en-US\",\"@id\":\"https:\\\/\\\/www.immobilienbusiness.ch\\\/#\\\/schema\\\/logo\\\/image\\\/\",\"url\":\"https:\\\/\\\/www.immobilienbusiness.ch\\\/wp-content\\\/uploads\\\/2021\\\/07\\\/logo_ib.png\",\"contentUrl\":\"https:\\\/\\\/www.immobilienbusiness.ch\\\/wp-content\\\/uploads\\\/2021\\\/07\\\/logo_ib.png\",\"width\":800,\"height\":181,\"caption\":\"IMMOBILIEN Business\"},\"image\":{\"@id\":\"https:\\\/\\\/www.immobilienbusiness.ch\\\/#\\\/schema\\\/logo\\\/image\\\/\"},\"sameAs\":[\"https:\\\/\\\/www.facebook.com\\\/immobilienbusiness\\\/\"]},{\"@type\":\"Person\",\"@id\":\"https:\\\/\\\/www.immobilienbusiness.ch\\\/#\\\/schema\\\/person\\\/3fc036297b10b9f42d6db5ee932af8c8\",\"name\":\"anja.hall\",\"image\":{\"@type\":\"ImageObject\",\"inLanguage\":\"en-US\",\"@id\":\"https:\\\/\\\/secure.gravatar.com\\\/avatar\\\/066b5a0d447013502c71a5782f4f3469f03cfe595cc2329fb94652fe47511bfb?s=96&d=mm&r=g\",\"url\":\"https:\\\/\\\/secure.gravatar.com\\\/avatar\\\/066b5a0d447013502c71a5782f4f3469f03cfe595cc2329fb94652fe47511bfb?s=96&d=mm&r=g\",\"contentUrl\":\"https:\\\/\\\/secure.gravatar.com\\\/avatar\\\/066b5a0d447013502c71a5782f4f3469f03cfe595cc2329fb94652fe47511bfb?s=96&d=mm&r=g\",\"caption\":\"anja.hall\"},\"url\":\"https:\\\/\\\/www.immobilienbusiness.ch\\\/en\\\/author\\\/anja-hall\\\/\"}]}<\/script>\n<!-- \/ Yoast SEO plugin. -->","yoast_head_json":{"title":"Basel: Aufrichte f\u00fcr Meret Oppenheim Hochhaus - IMMOBILIEN Business","description":"In Basel wurde am 19. April die Aufrichte f\u00fcr das Meret Oppenheim Hochhaus (MOH) gefeiert, das die SBB beim Bahnhof Basel SBB errichten l\u00e4sst.","robots":{"index":"index","follow":"follow","max-snippet":"max-snippet:-1","max-image-preview":"max-image-preview:large","max-video-preview":"max-video-preview:-1"},"canonical":"https:\/\/www.immobilienbusiness.ch\/en\/residential\/2018-04-24\/basel-aufrichte-meret-oppenheim-hochhaus\/","og_locale":"en_US","og_type":"article","og_title":"Basel: Aufrichte f\u00fcr Meret Oppenheim Hochhaus - IMMOBILIEN Business","og_description":"In Basel wurde am 19. April die Aufrichte f\u00fcr das Meret Oppenheim Hochhaus (MOH) gefeiert, das die SBB beim Bahnhof Basel SBB errichten l\u00e4sst.","og_url":"https:\/\/www.immobilienbusiness.ch\/en\/residential\/2018-04-24\/basel-aufrichte-meret-oppenheim-hochhaus\/","og_site_name":"IMMOBILIEN Business","article_publisher":"https:\/\/www.facebook.com\/immobilienbusiness\/","article_published_time":"2018-04-24T06:15:43+00:00","og_image":[{"width":905,"height":1280,"url":"https:\/\/www.immobilienbusiness.ch\/wp-content\/uploads\/2016\/12\/Basel-Grundsteinlegung-fuer-Meret-Oppenheim-Hochhaus-immobilien-business.jpg","type":"image\/jpeg"}],"author":"anja.hall","twitter_card":"summary_large_image","twitter_image":"https:\/\/www.immobilienbusiness.ch\/wp-content\/uploads\/2016\/12\/Basel-Grundsteinlegung-f\u00fcr-Meret-Oppenheim-Hochhaus-immobilien-business.jpg","schema":{"@context":"https:\/\/schema.org","@graph":[{"@type":"Article","@id":"https:\/\/www.immobilienbusiness.ch\/it\/residential\/2018-04-24\/basel-aufrichte-meret-oppenheim-hochhaus\/#article","isPartOf":{"@id":"https:\/\/www.immobilienbusiness.ch\/it\/residential\/2018-04-24\/basel-aufrichte-meret-oppenheim-hochhaus\/"},"author":{"name":"anja.hall","@id":"https:\/\/www.immobilienbusiness.ch\/#\/schema\/person\/3fc036297b10b9f42d6db5ee932af8c8"},"headline":"Basel: Aufrichte f\u00fcr Meret Oppenheim Hochhaus","datePublished":"2018-04-24T06:15:43+00:00","mainEntityOfPage":{"@id":"https:\/\/www.immobilienbusiness.ch\/it\/residential\/2018-04-24\/basel-aufrichte-meret-oppenheim-hochhaus\/"},"wordCount":268,"commentCount":0,"publisher":{"@id":"https:\/\/www.immobilienbusiness.ch\/#organization"},"image":{"@id":"https:\/\/www.immobilienbusiness.ch\/it\/residential\/2018-04-24\/basel-aufrichte-meret-oppenheim-hochhaus\/#primaryimage"},"thumbnailUrl":"https:\/\/www.immobilienbusiness.ch\/wp-content\/uploads\/2016\/12\/Basel-Grundsteinlegung-fuer-Meret-Oppenheim-Hochhaus-immobilien-business.jpg","keywords":["Basel","B\u00fcroimmobilien","Intercity Group","Projekt in Bau","SBB","SPG Intercity","Wohnimmobilien"],"articleSection":["RESIDENTIAL"],"inLanguage":"en-US"},{"@type":"WebPage","@id":"https:\/\/www.immobilienbusiness.ch\/it\/residential\/2018-04-24\/basel-aufrichte-meret-oppenheim-hochhaus\/","url":"https:\/\/www.immobilienbusiness.ch\/it\/residential\/2018-04-24\/basel-aufrichte-meret-oppenheim-hochhaus\/","name":"Basel: Aufrichte f\u00fcr Meret Oppenheim Hochhaus - IMMOBILIEN Business","isPartOf":{"@id":"https:\/\/www.immobilienbusiness.ch\/#website"},"primaryImageOfPage":{"@id":"https:\/\/www.immobilienbusiness.ch\/it\/residential\/2018-04-24\/basel-aufrichte-meret-oppenheim-hochhaus\/#primaryimage"},"image":{"@id":"https:\/\/www.immobilienbusiness.ch\/it\/residential\/2018-04-24\/basel-aufrichte-meret-oppenheim-hochhaus\/#primaryimage"},"thumbnailUrl":"https:\/\/www.immobilienbusiness.ch\/wp-content\/uploads\/2016\/12\/Basel-Grundsteinlegung-fuer-Meret-Oppenheim-Hochhaus-immobilien-business.jpg","datePublished":"2018-04-24T06:15:43+00:00","description":"In Basel wurde am 19. April die Aufrichte f\u00fcr das Meret Oppenheim Hochhaus (MOH) gefeiert, das die SBB beim Bahnhof Basel SBB errichten l\u00e4sst.","breadcrumb":{"@id":"https:\/\/www.immobilienbusiness.ch\/it\/residential\/2018-04-24\/basel-aufrichte-meret-oppenheim-hochhaus\/#breadcrumb"},"inLanguage":"en-US","potentialAction":[{"@type":"ReadAction","target":["https:\/\/www.immobilienbusiness.ch\/it\/residential\/2018-04-24\/basel-aufrichte-meret-oppenheim-hochhaus\/"]}]},{"@type":"ImageObject","inLanguage":"en-US","@id":"https:\/\/www.immobilienbusiness.ch\/it\/residential\/2018-04-24\/basel-aufrichte-meret-oppenheim-hochhaus\/#primaryimage","url":"https:\/\/www.immobilienbusiness.ch\/wp-content\/uploads\/2016\/12\/Basel-Grundsteinlegung-fuer-Meret-Oppenheim-Hochhaus-immobilien-business.jpg","contentUrl":"https:\/\/www.immobilienbusiness.ch\/wp-content\/uploads\/2016\/12\/Basel-Grundsteinlegung-fuer-Meret-Oppenheim-Hochhaus-immobilien-business.jpg","width":905,"height":1280,"caption":"Grundsteinlegung f\u00fcr das Meret-Oppenheim-Hochhaus (Visualisierung: \u00a9 SBB CFF FFS)"},{"@type":"BreadcrumbList","@id":"https:\/\/www.immobilienbusiness.ch\/it\/residential\/2018-04-24\/basel-aufrichte-meret-oppenheim-hochhaus\/#breadcrumb","itemListElement":[{"@type":"ListItem","position":1,"name":"Home","item":"https:\/\/www.immobilienbusiness.ch\/"},{"@type":"ListItem","position":2,"name":"Basel: Aufrichte f\u00fcr Meret Oppenheim Hochhaus"}]},{"@type":"WebSite","@id":"https:\/\/www.immobilienbusiness.ch\/#website","url":"https:\/\/www.immobilienbusiness.ch\/","name":"REAL ESTATE Business","description":"Independent Swiss business magazine focusing on real estate, architecture and construction as well as investment and financing.","publisher":{"@id":"https:\/\/www.immobilienbusiness.ch\/#organization"},"potentialAction":[{"@type":"SearchAction","target":{"@type":"EntryPoint","urlTemplate":"https:\/\/www.immobilienbusiness.ch\/?s={search_term_string}"},"query-input":{"@type":"PropertyValueSpecification","valueRequired":true,"valueName":"search_term_string"}}],"inLanguage":"en-US"},{"@type":"Organization","@id":"https:\/\/www.immobilienbusiness.ch\/#organization","name":"REAL ESTATE Business","url":"https:\/\/www.immobilienbusiness.ch\/","logo":{"@type":"ImageObject","inLanguage":"en-US","@id":"https:\/\/www.immobilienbusiness.ch\/#\/schema\/logo\/image\/","url":"https:\/\/www.immobilienbusiness.ch\/wp-content\/uploads\/2021\/07\/logo_ib.png","contentUrl":"https:\/\/www.immobilienbusiness.ch\/wp-content\/uploads\/2021\/07\/logo_ib.png","width":800,"height":181,"caption":"IMMOBILIEN Business"},"image":{"@id":"https:\/\/www.immobilienbusiness.ch\/#\/schema\/logo\/image\/"},"sameAs":["https:\/\/www.facebook.com\/immobilienbusiness\/"]},{"@type":"Person","@id":"https:\/\/www.immobilienbusiness.ch\/#\/schema\/person\/3fc036297b10b9f42d6db5ee932af8c8","name":"anja.hall","image":{"@type":"ImageObject","inLanguage":"en-US","@id":"https:\/\/secure.gravatar.com\/avatar\/066b5a0d447013502c71a5782f4f3469f03cfe595cc2329fb94652fe47511bfb?s=96&d=mm&r=g","url":"https:\/\/secure.gravatar.com\/avatar\/066b5a0d447013502c71a5782f4f3469f03cfe595cc2329fb94652fe47511bfb?s=96&d=mm&r=g","contentUrl":"https:\/\/secure.gravatar.com\/avatar\/066b5a0d447013502c71a5782f4f3469f03cfe595cc2329fb94652fe47511bfb?s=96&d=mm&r=g","caption":"anja.hall"},"url":"https:\/\/www.immobilienbusiness.ch\/en\/author\/anja-hall\/"}]}},"_links":{"self":[{"href":"https:\/\/www.immobilienbusiness.ch\/en\/wp-json\/wp\/v2\/posts\/12212","targetHints":{"allow":["GET"]}}],"collection":[{"href":"https:\/\/www.immobilienbusiness.ch\/en\/wp-json\/wp\/v2\/posts"}],"about":[{"href":"https:\/\/www.immobilienbusiness.ch\/en\/wp-json\/wp\/v2\/types\/post"}],"author":[{"embeddable":true,"href":"https:\/\/www.immobilienbusiness.ch\/en\/wp-json\/wp\/v2\/users\/3"}],"replies":[{"embeddable":true,"href":"https:\/\/www.immobilienbusiness.ch\/en\/wp-json\/wp\/v2\/comments?post=12212"}],"version-history":[{"count":0,"href":"https:\/\/www.immobilienbusiness.ch\/en\/wp-json\/wp\/v2\/posts\/12212\/revisions"}],"wp:featuredmedia":[{"embeddable":true,"href":"https:\/\/www.immobilienbusiness.ch\/en\/wp-json\/wp\/v2\/media\/4456"}],"wp:attachment":[{"href":"https:\/\/www.immobilienbusiness.ch\/en\/wp-json\/wp\/v2\/media?parent=12212"}],"wp:term":[{"taxonomy":"category","embeddable":true,"href":"https:\/\/www.immobilienbusiness.ch\/en\/wp-json\/wp\/v2\/categories?post=12212"},{"taxonomy":"post_tag","embeddable":true,"href":"https:\/\/www.immobilienbusiness.ch\/en\/wp-json\/wp\/v2\/tags?post=12212"}],"curies":[{"name":"wp","href":"https:\/\/api.w.org\/{rel}","templated":true}]}}