{"id":11936,"date":"2018-04-03T10:02:42","date_gmt":"2018-04-03T08:02:42","guid":{"rendered":"https:\/\/www.immobilienbusiness.ch\/?p=11936"},"modified":"2018-04-03T10:02:42","modified_gmt":"2018-04-03T08:02:42","slug":"mobimo-ceo-caviezel-gibt-amt-2019-auf","status":"publish","type":"post","link":"https:\/\/www.immobilienbusiness.ch\/en\/unternehmen\/2018-04-03\/mobimo-ceo-caviezel-gibt-amt-2019-auf\/","title":{"rendered":"Mobimo CEO Caviezel to step down in 2019"},"content":{"rendered":"<figure id=\"attachment_6230\" aria-describedby=\"caption-attachment-6230\" style=\"width: 624px\" class=\"wp-caption alignnone\"><img loading=\"lazy\" decoding=\"async\" class=\"size-full wp-image-6230\" src=\"https:\/\/www.immobilienbusiness.ch\/wp-content\/uploads\/2017\/02\/Eataly-w\u00e4hlt-Flon-Quartier-als-ersten-Schweizer-Standort-immobilien-business-680x454.jpg\" alt=\"\" width=\"624\" height=\"417\" \/><figcaption id=\"caption-attachment-6230\" class=\"wp-caption-text\">One of Mobimo's major projects: the Flon district in Lausanne (Image: Mobimo)<\/figcaption><\/figure>\n<p>Christoph Caviezel has been at the helm of Mobimo Holding for more than ten years and plans to hand over operational management of the company in spring 2019. The search for a new CEO will be initiated promptly, according to a Mobimo statement.<\/p>\n<p>Georges Theiler, Chairman of the Board of Directors, also announced at the Annual General Meeting that he and his Board colleague Wilhelm Hansen will not stand for re-election in 2019. Peter Schaub is to be proposed as the new Chairman of the Board of Directors, and Christoph Caviezel is also to be elected to the Board.<\/p>\n<p>At the 18th Annual General Meeting of Mobimo Holding, 61.75 percent of the voting share capital was represented, with a total of 183 shareholders attending. All proposals of the Board of Directors were approved, including the payment of an unchanged dividend of CHF 10.00\/share.<\/p>","protected":false},"excerpt":{"rendered":"<p>Personnel changes were announced at the Annual General Meeting of Mobimo Holding. Next spring, long-time CEO Christoph Caviezel plans to give up his post and move to the Board of Directors.<\/p>","protected":false},"author":3,"featured_media":6230,"comment_status":"open","ping_status":"open","sticky":false,"template":"","format":"standard","meta":{"_acf_changed":false,"_yoast_wpseo_focuskw":"Caviezel","_yoast_wpseo_title":"","_yoast_wpseo_metadesc":"Bei der Generalversammlung der Mobimo Holding wurden personelle Ver\u00e4nderungen angek\u00fcndigt. Im kommenden Fr\u00fchjahr will der langj\u00e4hrige CEO Christoph Caviezel sein Amt aufgeben und in den Verwaltungsrat wechseln.","_yoast_wpseo_linkdex":69,"pgc_sgb_lightbox_settings":"","footnotes":""},"categories":[988],"tags":[1503,1563,1807],"class_list":["post-11936","post","type-post","status-publish","format-standard","has-post-thumbnail","hentry","category-unternehmen","tag-mobimo","tag-personalia","tag-unternehmen"],"acf":[],"yoast_head":"<!-- This site is optimized with the Yoast SEO plugin v27.4 - https:\/\/yoast.com\/product\/yoast-seo-wordpress\/ -->\n<title>Mobimo-CEO Caviezel gibt sein Amt 2019 auf - IMMOBILIEN Business<\/title>\n<meta name=\"description\" content=\"Bei der Generalversammlung der Mobimo Holding wurden personelle Ver\u00e4nderungen angek\u00fcndigt. Im kommenden Fr\u00fchjahr will der langj\u00e4hrige CEO Christoph Caviezel sein Amt aufgeben und in den Verwaltungsrat wechseln.\" \/>\n<meta name=\"robots\" content=\"index, follow, max-snippet:-1, max-image-preview:large, max-video-preview:-1\" \/>\n<link rel=\"canonical\" href=\"https:\/\/www.immobilienbusiness.ch\/en\/unternehmen\/2018-04-03\/mobimo-ceo-caviezel-gibt-amt-2019-auf\/\" \/>\n<meta property=\"og:locale\" content=\"en_US\" \/>\n<meta property=\"og:type\" content=\"article\" \/>\n<meta property=\"og:title\" content=\"Mobimo-CEO Caviezel gibt sein Amt 2019 auf - IMMOBILIEN Business\" \/>\n<meta property=\"og:description\" content=\"Bei der Generalversammlung der Mobimo Holding wurden personelle Ver\u00e4nderungen angek\u00fcndigt. Im kommenden Fr\u00fchjahr will der langj\u00e4hrige CEO Christoph Caviezel sein Amt aufgeben und in den Verwaltungsrat wechseln.\" \/>\n<meta property=\"og:url\" content=\"https:\/\/www.immobilienbusiness.ch\/en\/unternehmen\/2018-04-03\/mobimo-ceo-caviezel-gibt-amt-2019-auf\/\" \/>\n<meta property=\"og:site_name\" content=\"IMMOBILIEN Business\" \/>\n<meta property=\"article:publisher\" content=\"https:\/\/www.facebook.com\/immobilienbusiness\/\" \/>\n<meta property=\"article:published_time\" content=\"2018-04-03T08:02:42+00:00\" \/>\n<meta name=\"author\" content=\"anja.hall\" \/>\n<meta name=\"twitter:card\" content=\"summary_large_image\" \/>\n<meta name=\"twitter:image\" content=\"https:\/\/www.immobilienbusiness.ch\/wp-content\/uploads\/2017\/02\/Eataly-w\u00e4hlt-Flon-Quartier-als-ersten-Schweizer-Standort-immobilien-business-680x454-624x417.jpg\" \/>\n<script type=\"application\/ld+json\" class=\"yoast-schema-graph\">{\"@context\":\"https:\\\/\\\/schema.org\",\"@graph\":[{\"@type\":\"Article\",\"@id\":\"https:\\\/\\\/www.immobilienbusiness.ch\\\/en\\\/unternehmen\\\/2018-04-03\\\/mobimo-ceo-caviezel-gibt-amt-2019-auf\\\/#article\",\"isPartOf\":{\"@id\":\"https:\\\/\\\/www.immobilienbusiness.ch\\\/en\\\/unternehmen\\\/2018-04-03\\\/mobimo-ceo-caviezel-gibt-amt-2019-auf\\\/\"},\"author\":{\"name\":\"anja.hall\",\"@id\":\"https:\\\/\\\/www.immobilienbusiness.ch\\\/#\\\/schema\\\/person\\\/3fc036297b10b9f42d6db5ee932af8c8\"},\"headline\":\"Mobimo-CEO Caviezel gibt sein Amt 2019 auf\",\"datePublished\":\"2018-04-03T08:02:42+00:00\",\"mainEntityOfPage\":{\"@id\":\"https:\\\/\\\/www.immobilienbusiness.ch\\\/en\\\/unternehmen\\\/2018-04-03\\\/mobimo-ceo-caviezel-gibt-amt-2019-auf\\\/\"},\"wordCount\":153,\"commentCount\":0,\"publisher\":{\"@id\":\"https:\\\/\\\/www.immobilienbusiness.ch\\\/#organization\"},\"image\":{\"@id\":\"https:\\\/\\\/www.immobilienbusiness.ch\\\/en\\\/unternehmen\\\/2018-04-03\\\/mobimo-ceo-caviezel-gibt-amt-2019-auf\\\/#primaryimage\"},\"thumbnailUrl\":\"https:\\\/\\\/www.immobilienbusiness.ch\\\/wp-content\\\/uploads\\\/2017\\\/02\\\/Eataly-waehlt-Flon-Quartier-als-ersten-Schweizer-Standort-immobilien-business-680x454-624x417-1.jpg\",\"keywords\":[\"Mobimo\",\"Personalia\",\"Unternehmen\"],\"articleSection\":[\"UNTERNEHMEN\"],\"inLanguage\":\"en-US\"},{\"@type\":\"WebPage\",\"@id\":\"https:\\\/\\\/www.immobilienbusiness.ch\\\/en\\\/unternehmen\\\/2018-04-03\\\/mobimo-ceo-caviezel-gibt-amt-2019-auf\\\/\",\"url\":\"https:\\\/\\\/www.immobilienbusiness.ch\\\/en\\\/unternehmen\\\/2018-04-03\\\/mobimo-ceo-caviezel-gibt-amt-2019-auf\\\/\",\"name\":\"Mobimo-CEO Caviezel gibt sein Amt 2019 auf - IMMOBILIEN Business\",\"isPartOf\":{\"@id\":\"https:\\\/\\\/www.immobilienbusiness.ch\\\/#website\"},\"primaryImageOfPage\":{\"@id\":\"https:\\\/\\\/www.immobilienbusiness.ch\\\/en\\\/unternehmen\\\/2018-04-03\\\/mobimo-ceo-caviezel-gibt-amt-2019-auf\\\/#primaryimage\"},\"image\":{\"@id\":\"https:\\\/\\\/www.immobilienbusiness.ch\\\/en\\\/unternehmen\\\/2018-04-03\\\/mobimo-ceo-caviezel-gibt-amt-2019-auf\\\/#primaryimage\"},\"thumbnailUrl\":\"https:\\\/\\\/www.immobilienbusiness.ch\\\/wp-content\\\/uploads\\\/2017\\\/02\\\/Eataly-waehlt-Flon-Quartier-als-ersten-Schweizer-Standort-immobilien-business-680x454-624x417-1.jpg\",\"datePublished\":\"2018-04-03T08:02:42+00:00\",\"description\":\"Bei der Generalversammlung der Mobimo Holding wurden personelle Ver\u00e4nderungen angek\u00fcndigt. Im kommenden Fr\u00fchjahr will der langj\u00e4hrige CEO Christoph Caviezel sein Amt aufgeben und in den Verwaltungsrat wechseln.\",\"breadcrumb\":{\"@id\":\"https:\\\/\\\/www.immobilienbusiness.ch\\\/en\\\/unternehmen\\\/2018-04-03\\\/mobimo-ceo-caviezel-gibt-amt-2019-auf\\\/#breadcrumb\"},\"inLanguage\":\"en-US\",\"potentialAction\":[{\"@type\":\"ReadAction\",\"target\":[\"https:\\\/\\\/www.immobilienbusiness.ch\\\/en\\\/unternehmen\\\/2018-04-03\\\/mobimo-ceo-caviezel-gibt-amt-2019-auf\\\/\"]}]},{\"@type\":\"ImageObject\",\"inLanguage\":\"en-US\",\"@id\":\"https:\\\/\\\/www.immobilienbusiness.ch\\\/en\\\/unternehmen\\\/2018-04-03\\\/mobimo-ceo-caviezel-gibt-amt-2019-auf\\\/#primaryimage\",\"url\":\"https:\\\/\\\/www.immobilienbusiness.ch\\\/wp-content\\\/uploads\\\/2017\\\/02\\\/Eataly-waehlt-Flon-Quartier-als-ersten-Schweizer-Standort-immobilien-business-680x454-624x417-1.jpg\",\"contentUrl\":\"https:\\\/\\\/www.immobilienbusiness.ch\\\/wp-content\\\/uploads\\\/2017\\\/02\\\/Eataly-waehlt-Flon-Quartier-als-ersten-Schweizer-Standort-immobilien-business-680x454-624x417-1.jpg\",\"width\":624,\"height\":417,\"caption\":\"Mobimos Grossprojekt, das Flon-Quartier in Lausanne (Bild: Mobimo)\"},{\"@type\":\"BreadcrumbList\",\"@id\":\"https:\\\/\\\/www.immobilienbusiness.ch\\\/en\\\/unternehmen\\\/2018-04-03\\\/mobimo-ceo-caviezel-gibt-amt-2019-auf\\\/#breadcrumb\",\"itemListElement\":[{\"@type\":\"ListItem\",\"position\":1,\"name\":\"Home\",\"item\":\"https:\\\/\\\/www.immobilienbusiness.ch\\\/\"},{\"@type\":\"ListItem\",\"position\":2,\"name\":\"Mobimo-CEO Caviezel gibt sein Amt 2019 auf\"}]},{\"@type\":\"WebSite\",\"@id\":\"https:\\\/\\\/www.immobilienbusiness.ch\\\/#website\",\"url\":\"https:\\\/\\\/www.immobilienbusiness.ch\\\/\",\"name\":\"IMMOBILIEN Business\",\"description\":\"Unabh\u00e4ngiges Schweizer Wirtschaftsmagazin mit Fokus auf Immobilien, Architektur- und Bau sowie Investment- und Finanzierung.\",\"publisher\":{\"@id\":\"https:\\\/\\\/www.immobilienbusiness.ch\\\/#organization\"},\"potentialAction\":[{\"@type\":\"SearchAction\",\"target\":{\"@type\":\"EntryPoint\",\"urlTemplate\":\"https:\\\/\\\/www.immobilienbusiness.ch\\\/?s={search_term_string}\"},\"query-input\":{\"@type\":\"PropertyValueSpecification\",\"valueRequired\":true,\"valueName\":\"search_term_string\"}}],\"inLanguage\":\"en-US\"},{\"@type\":\"Organization\",\"@id\":\"https:\\\/\\\/www.immobilienbusiness.ch\\\/#organization\",\"name\":\"IMMOBILIEN Business\",\"url\":\"https:\\\/\\\/www.immobilienbusiness.ch\\\/\",\"logo\":{\"@type\":\"ImageObject\",\"inLanguage\":\"en-US\",\"@id\":\"https:\\\/\\\/www.immobilienbusiness.ch\\\/#\\\/schema\\\/logo\\\/image\\\/\",\"url\":\"https:\\\/\\\/www.immobilienbusiness.ch\\\/wp-content\\\/uploads\\\/2021\\\/07\\\/logo_ib.png\",\"contentUrl\":\"https:\\\/\\\/www.immobilienbusiness.ch\\\/wp-content\\\/uploads\\\/2021\\\/07\\\/logo_ib.png\",\"width\":800,\"height\":181,\"caption\":\"IMMOBILIEN Business\"},\"image\":{\"@id\":\"https:\\\/\\\/www.immobilienbusiness.ch\\\/#\\\/schema\\\/logo\\\/image\\\/\"},\"sameAs\":[\"https:\\\/\\\/www.facebook.com\\\/immobilienbusiness\\\/\"]},{\"@type\":\"Person\",\"@id\":\"https:\\\/\\\/www.immobilienbusiness.ch\\\/#\\\/schema\\\/person\\\/3fc036297b10b9f42d6db5ee932af8c8\",\"name\":\"anja.hall\",\"image\":{\"@type\":\"ImageObject\",\"inLanguage\":\"en-US\",\"@id\":\"https:\\\/\\\/secure.gravatar.com\\\/avatar\\\/066b5a0d447013502c71a5782f4f3469f03cfe595cc2329fb94652fe47511bfb?s=96&d=mm&r=g\",\"url\":\"https:\\\/\\\/secure.gravatar.com\\\/avatar\\\/066b5a0d447013502c71a5782f4f3469f03cfe595cc2329fb94652fe47511bfb?s=96&d=mm&r=g\",\"contentUrl\":\"https:\\\/\\\/secure.gravatar.com\\\/avatar\\\/066b5a0d447013502c71a5782f4f3469f03cfe595cc2329fb94652fe47511bfb?s=96&d=mm&r=g\",\"caption\":\"anja.hall\"},\"url\":\"https:\\\/\\\/www.immobilienbusiness.ch\\\/en\\\/author\\\/anja-hall\\\/\"}]}<\/script>\n<!-- \/ Yoast SEO plugin. -->","yoast_head_json":{"title":"Mobimo-CEO Caviezel gibt sein Amt 2019 auf - IMMOBILIEN Business","description":"Personnel changes were announced at the Annual General Meeting of Mobimo Holding. Next spring, long-time CEO Christoph Caviezel plans to give up his post and move to the Board of Directors.","robots":{"index":"index","follow":"follow","max-snippet":"max-snippet:-1","max-image-preview":"max-image-preview:large","max-video-preview":"max-video-preview:-1"},"canonical":"https:\/\/www.immobilienbusiness.ch\/en\/unternehmen\/2018-04-03\/mobimo-ceo-caviezel-gibt-amt-2019-auf\/","og_locale":"en_US","og_type":"article","og_title":"Mobimo-CEO Caviezel gibt sein Amt 2019 auf - IMMOBILIEN Business","og_description":"Bei der Generalversammlung der Mobimo Holding wurden personelle Ver\u00e4nderungen angek\u00fcndigt. Im kommenden Fr\u00fchjahr will der langj\u00e4hrige CEO Christoph Caviezel sein Amt aufgeben und in den Verwaltungsrat wechseln.","og_url":"https:\/\/www.immobilienbusiness.ch\/en\/unternehmen\/2018-04-03\/mobimo-ceo-caviezel-gibt-amt-2019-auf\/","og_site_name":"IMMOBILIEN Business","article_publisher":"https:\/\/www.facebook.com\/immobilienbusiness\/","article_published_time":"2018-04-03T08:02:42+00:00","author":"anja.hall","twitter_card":"summary_large_image","twitter_image":"https:\/\/www.immobilienbusiness.ch\/wp-content\/uploads\/2017\/02\/Eataly-w\u00e4hlt-Flon-Quartier-als-ersten-Schweizer-Standort-immobilien-business-680x454-624x417.jpg","schema":{"@context":"https:\/\/schema.org","@graph":[{"@type":"Article","@id":"https:\/\/www.immobilienbusiness.ch\/en\/unternehmen\/2018-04-03\/mobimo-ceo-caviezel-gibt-amt-2019-auf\/#article","isPartOf":{"@id":"https:\/\/www.immobilienbusiness.ch\/en\/unternehmen\/2018-04-03\/mobimo-ceo-caviezel-gibt-amt-2019-auf\/"},"author":{"name":"anja.hall","@id":"https:\/\/www.immobilienbusiness.ch\/#\/schema\/person\/3fc036297b10b9f42d6db5ee932af8c8"},"headline":"Mobimo-CEO Caviezel gibt sein Amt 2019 auf","datePublished":"2018-04-03T08:02:42+00:00","mainEntityOfPage":{"@id":"https:\/\/www.immobilienbusiness.ch\/en\/unternehmen\/2018-04-03\/mobimo-ceo-caviezel-gibt-amt-2019-auf\/"},"wordCount":153,"commentCount":0,"publisher":{"@id":"https:\/\/www.immobilienbusiness.ch\/#organization"},"image":{"@id":"https:\/\/www.immobilienbusiness.ch\/en\/unternehmen\/2018-04-03\/mobimo-ceo-caviezel-gibt-amt-2019-auf\/#primaryimage"},"thumbnailUrl":"https:\/\/www.immobilienbusiness.ch\/wp-content\/uploads\/2017\/02\/Eataly-waehlt-Flon-Quartier-als-ersten-Schweizer-Standort-immobilien-business-680x454-624x417-1.jpg","keywords":["Mobimo","Personalia","Unternehmen"],"articleSection":["UNTERNEHMEN"],"inLanguage":"en-US"},{"@type":"WebPage","@id":"https:\/\/www.immobilienbusiness.ch\/en\/unternehmen\/2018-04-03\/mobimo-ceo-caviezel-gibt-amt-2019-auf\/","url":"https:\/\/www.immobilienbusiness.ch\/en\/unternehmen\/2018-04-03\/mobimo-ceo-caviezel-gibt-amt-2019-auf\/","name":"Mobimo-CEO Caviezel gibt sein Amt 2019 auf - IMMOBILIEN Business","isPartOf":{"@id":"https:\/\/www.immobilienbusiness.ch\/#website"},"primaryImageOfPage":{"@id":"https:\/\/www.immobilienbusiness.ch\/en\/unternehmen\/2018-04-03\/mobimo-ceo-caviezel-gibt-amt-2019-auf\/#primaryimage"},"image":{"@id":"https:\/\/www.immobilienbusiness.ch\/en\/unternehmen\/2018-04-03\/mobimo-ceo-caviezel-gibt-amt-2019-auf\/#primaryimage"},"thumbnailUrl":"https:\/\/www.immobilienbusiness.ch\/wp-content\/uploads\/2017\/02\/Eataly-waehlt-Flon-Quartier-als-ersten-Schweizer-Standort-immobilien-business-680x454-624x417-1.jpg","datePublished":"2018-04-03T08:02:42+00:00","description":"Personnel changes were announced at the Annual General Meeting of Mobimo Holding. Next spring, long-time CEO Christoph Caviezel plans to give up his post and move to the Board of Directors.","breadcrumb":{"@id":"https:\/\/www.immobilienbusiness.ch\/en\/unternehmen\/2018-04-03\/mobimo-ceo-caviezel-gibt-amt-2019-auf\/#breadcrumb"},"inLanguage":"en-US","potentialAction":[{"@type":"ReadAction","target":["https:\/\/www.immobilienbusiness.ch\/en\/unternehmen\/2018-04-03\/mobimo-ceo-caviezel-gibt-amt-2019-auf\/"]}]},{"@type":"ImageObject","inLanguage":"en-US","@id":"https:\/\/www.immobilienbusiness.ch\/en\/unternehmen\/2018-04-03\/mobimo-ceo-caviezel-gibt-amt-2019-auf\/#primaryimage","url":"https:\/\/www.immobilienbusiness.ch\/wp-content\/uploads\/2017\/02\/Eataly-waehlt-Flon-Quartier-als-ersten-Schweizer-Standort-immobilien-business-680x454-624x417-1.jpg","contentUrl":"https:\/\/www.immobilienbusiness.ch\/wp-content\/uploads\/2017\/02\/Eataly-waehlt-Flon-Quartier-als-ersten-Schweizer-Standort-immobilien-business-680x454-624x417-1.jpg","width":624,"height":417,"caption":"Mobimos Grossprojekt, das Flon-Quartier in Lausanne (Bild: Mobimo)"},{"@type":"BreadcrumbList","@id":"https:\/\/www.immobilienbusiness.ch\/en\/unternehmen\/2018-04-03\/mobimo-ceo-caviezel-gibt-amt-2019-auf\/#breadcrumb","itemListElement":[{"@type":"ListItem","position":1,"name":"Home","item":"https:\/\/www.immobilienbusiness.ch\/"},{"@type":"ListItem","position":2,"name":"Mobimo-CEO Caviezel gibt sein Amt 2019 auf"}]},{"@type":"WebSite","@id":"https:\/\/www.immobilienbusiness.ch\/#website","url":"https:\/\/www.immobilienbusiness.ch\/","name":"REAL ESTATE Business","description":"Independent Swiss business magazine focusing on real estate, architecture and construction as well as investment and financing.","publisher":{"@id":"https:\/\/www.immobilienbusiness.ch\/#organization"},"potentialAction":[{"@type":"SearchAction","target":{"@type":"EntryPoint","urlTemplate":"https:\/\/www.immobilienbusiness.ch\/?s={search_term_string}"},"query-input":{"@type":"PropertyValueSpecification","valueRequired":true,"valueName":"search_term_string"}}],"inLanguage":"en-US"},{"@type":"Organization","@id":"https:\/\/www.immobilienbusiness.ch\/#organization","name":"REAL ESTATE Business","url":"https:\/\/www.immobilienbusiness.ch\/","logo":{"@type":"ImageObject","inLanguage":"en-US","@id":"https:\/\/www.immobilienbusiness.ch\/#\/schema\/logo\/image\/","url":"https:\/\/www.immobilienbusiness.ch\/wp-content\/uploads\/2021\/07\/logo_ib.png","contentUrl":"https:\/\/www.immobilienbusiness.ch\/wp-content\/uploads\/2021\/07\/logo_ib.png","width":800,"height":181,"caption":"IMMOBILIEN Business"},"image":{"@id":"https:\/\/www.immobilienbusiness.ch\/#\/schema\/logo\/image\/"},"sameAs":["https:\/\/www.facebook.com\/immobilienbusiness\/"]},{"@type":"Person","@id":"https:\/\/www.immobilienbusiness.ch\/#\/schema\/person\/3fc036297b10b9f42d6db5ee932af8c8","name":"anja.hall","image":{"@type":"ImageObject","inLanguage":"en-US","@id":"https:\/\/secure.gravatar.com\/avatar\/066b5a0d447013502c71a5782f4f3469f03cfe595cc2329fb94652fe47511bfb?s=96&d=mm&r=g","url":"https:\/\/secure.gravatar.com\/avatar\/066b5a0d447013502c71a5782f4f3469f03cfe595cc2329fb94652fe47511bfb?s=96&d=mm&r=g","contentUrl":"https:\/\/secure.gravatar.com\/avatar\/066b5a0d447013502c71a5782f4f3469f03cfe595cc2329fb94652fe47511bfb?s=96&d=mm&r=g","caption":"anja.hall"},"url":"https:\/\/www.immobilienbusiness.ch\/en\/author\/anja-hall\/"}]}},"_links":{"self":[{"href":"https:\/\/www.immobilienbusiness.ch\/en\/wp-json\/wp\/v2\/posts\/11936","targetHints":{"allow":["GET"]}}],"collection":[{"href":"https:\/\/www.immobilienbusiness.ch\/en\/wp-json\/wp\/v2\/posts"}],"about":[{"href":"https:\/\/www.immobilienbusiness.ch\/en\/wp-json\/wp\/v2\/types\/post"}],"author":[{"embeddable":true,"href":"https:\/\/www.immobilienbusiness.ch\/en\/wp-json\/wp\/v2\/users\/3"}],"replies":[{"embeddable":true,"href":"https:\/\/www.immobilienbusiness.ch\/en\/wp-json\/wp\/v2\/comments?post=11936"}],"version-history":[{"count":0,"href":"https:\/\/www.immobilienbusiness.ch\/en\/wp-json\/wp\/v2\/posts\/11936\/revisions"}],"wp:featuredmedia":[{"embeddable":true,"href":"https:\/\/www.immobilienbusiness.ch\/en\/wp-json\/wp\/v2\/media\/6230"}],"wp:attachment":[{"href":"https:\/\/www.immobilienbusiness.ch\/en\/wp-json\/wp\/v2\/media?parent=11936"}],"wp:term":[{"taxonomy":"category","embeddable":true,"href":"https:\/\/www.immobilienbusiness.ch\/en\/wp-json\/wp\/v2\/categories?post=11936"},{"taxonomy":"post_tag","embeddable":true,"href":"https:\/\/www.immobilienbusiness.ch\/en\/wp-json\/wp\/v2\/tags?post=11936"}],"curies":[{"name":"wp","href":"https:\/\/api.w.org\/{rel}","templated":true}]}}