{"id":11459,"date":"2018-02-23T08:43:21","date_gmt":"2018-02-23T07:43:21","guid":{"rendered":"https:\/\/www.immobilienbusiness.ch\/?p=11459"},"modified":"2018-02-23T08:43:21","modified_gmt":"2018-02-23T07:43:21","slug":"suurstoffi-grundsteinlegung-fuer-campus-der-hslu","status":"publish","type":"post","link":"https:\/\/www.immobilienbusiness.ch\/en\/regionen\/2018-02-23\/suurstoffi-grundsteinlegung-fuer-campus-der-hslu\/","title":{"rendered":"Suurstoffi: Laying of the foundation stone for HSLU campus"},"content":{"rendered":"<figure id=\"attachment_11460\" aria-describedby=\"caption-attachment-11460\" style=\"width: 680px\" class=\"wp-caption alignnone\"><img loading=\"lazy\" decoding=\"async\" class=\"size-medium wp-image-11460\" src=\"https:\/\/www.immobilienbusiness.ch\/wp-content\/uploads\/2018\/02\/vl.-Tobias-Achermann-Simon-Businger-Christine-B\u00f6ckelmann-Ren\u00e9-H\u00fcsler-Peter-Hausherr4.jpg\" alt=\"\" width=\"680\" height=\"454\" \/><figcaption id=\"caption-attachment-11460\" class=\"wp-caption-text\">Tobias Achermann, Simon Businger, Christine B\u00f6ckelmann, Ren\u00e9 H\u00fcsler, Peter Hausherr (from left to right, source: Zug Estates)<\/figcaption><\/figure>\n<p>The building permit for the new campus of the Lucerne University of Applied Sciences and Arts (HSLU) was issued in July last year, and since then work has been underway on the project on the Suurstoffi site in Risch Rotkreuz, which has now reached another milestone with the laying of the foundation stone.<\/p>\n<p>The Lucerne School of Business will relocate the Institute of Financial Services IFZ from Zug to Rotkreuz in fall 2019. The Lucerne University of Applied Sciences and Arts - Computer Science has already been located on the Suurstoffi site since fall 2016. It is rented in different buildings until it moves into the definitive premises. With the move, Rotkreuz will become the HSLU's IT and finance campus.<\/p>\n<p>The entire construction project directly at Rotkreuz train station comprises three buildings with a total of 26,000 square meters of rentable office and commercial space; the investment volume amounts to CHF 185 million. Two of the three buildings are being constructed using the wood-hybrid construction method. Around 70 percent of the space has been leased to HSLU for 30 years. The new premises should be ready for occupation by fall 2019. The second stage of this construction field with additional commercial space will be completed by summer 2020.<\/p>\n<p>On the Suurstoffi site, Zug Estates is building a mixed-use quarter right next to Rotkreuz station that will provide space for around 1,500 residents, 2,000 students and over 2,500 jobs. When completed, the new high-rise building on the Suurstoffi site will be the tallest wooden building in Switzerland at 60 meters. The current record holder is the S22 high-rise, which is also located on the site.<\/p>","protected":false},"excerpt":{"rendered":"<p>On February 22, 2018, the foundation stone for the new campus of the Lucerne University of Applied Sciences and Arts (HSLU) was laid on the Suurstoffi site in Risch Rotkreuz.<\/p>","protected":false},"author":3,"featured_media":11460,"comment_status":"open","ping_status":"open","sticky":false,"template":"","format":"standard","meta":{"_acf_changed":false,"_yoast_wpseo_focuskw":"Suurstoffi","_yoast_wpseo_title":"","_yoast_wpseo_metadesc":"Am 22. Februar 2018 wurde auf dem Suurstoffi-Areal in Risch Rotkreuz der Grundstein f\u00fcr den neuen Campus der Hochschule Luzern (HSLU) gelegt.","_yoast_wpseo_linkdex":65,"pgc_sgb_lightbox_settings":"","footnotes":""},"categories":[985],"tags":[1599,1629,1747,1884,1885],"class_list":["post-11459","post","type-post","status-publish","format-standard","has-post-thumbnail","hentry","category-regionen","tag-projekt-in-bau","tag-regionen","tag-suurstoffi","tag-zug","tag-zug-estates"],"acf":[],"yoast_head":"<!-- This site is optimized with the Yoast SEO plugin v27.4 - https:\/\/yoast.com\/product\/yoast-seo-wordpress\/ -->\n<title>Suurstoffi: Grundsteinlegung f\u00fcr Campus der HSLU - IMMOBILIEN Business<\/title>\n<meta name=\"description\" content=\"Am 22. Februar 2018 wurde auf dem Suurstoffi-Areal in Risch Rotkreuz der Grundstein f\u00fcr den neuen Campus der Hochschule Luzern (HSLU) gelegt.\" \/>\n<meta name=\"robots\" content=\"index, follow, max-snippet:-1, max-image-preview:large, max-video-preview:-1\" \/>\n<link rel=\"canonical\" href=\"https:\/\/www.immobilienbusiness.ch\/en\/regionen\/2018-02-23\/suurstoffi-grundsteinlegung-fuer-campus-der-hslu\/\" \/>\n<meta property=\"og:locale\" content=\"en_US\" \/>\n<meta property=\"og:type\" content=\"article\" \/>\n<meta property=\"og:title\" content=\"Suurstoffi: Grundsteinlegung f\u00fcr Campus der HSLU - IMMOBILIEN Business\" \/>\n<meta property=\"og:description\" content=\"Am 22. Februar 2018 wurde auf dem Suurstoffi-Areal in Risch Rotkreuz der Grundstein f\u00fcr den neuen Campus der Hochschule Luzern (HSLU) gelegt.\" \/>\n<meta property=\"og:url\" content=\"https:\/\/www.immobilienbusiness.ch\/en\/regionen\/2018-02-23\/suurstoffi-grundsteinlegung-fuer-campus-der-hslu\/\" \/>\n<meta property=\"og:site_name\" content=\"IMMOBILIEN Business\" \/>\n<meta property=\"article:publisher\" content=\"https:\/\/www.facebook.com\/immobilienbusiness\/\" \/>\n<meta property=\"article:published_time\" content=\"2018-02-23T07:43:21+00:00\" \/>\n<meta property=\"og:image\" content=\"https:\/\/www.immobilienbusiness.ch\/wp-content\/uploads\/2018\/02\/vl.-Tobias-Achermann-Simon-Businger-Christine-Boeckelmann-Rene-Huesler-Peter-Hausherr4-1024x684.jpg\" \/>\n\t<meta property=\"og:image:width\" content=\"1024\" \/>\n\t<meta property=\"og:image:height\" content=\"684\" \/>\n\t<meta property=\"og:image:type\" content=\"image\/jpeg\" \/>\n<meta name=\"author\" content=\"anja.hall\" \/>\n<meta name=\"twitter:card\" content=\"summary_large_image\" \/>\n<meta name=\"twitter:image\" content=\"https:\/\/www.immobilienbusiness.ch\/wp-content\/uploads\/2018\/02\/vl.-Tobias-Achermann-Simon-Businger-Christine-B\u00f6ckelmann-Ren\u00e9-H\u00fcsler-Peter-Hausherr4.jpg\" \/>\n<script type=\"application\/ld+json\" class=\"yoast-schema-graph\">{\"@context\":\"https:\\\/\\\/schema.org\",\"@graph\":[{\"@type\":\"Article\",\"@id\":\"https:\\\/\\\/www.immobilienbusiness.ch\\\/en\\\/regionen\\\/2018-02-23\\\/suurstoffi-grundsteinlegung-fuer-campus-der-hslu\\\/#article\",\"isPartOf\":{\"@id\":\"https:\\\/\\\/www.immobilienbusiness.ch\\\/en\\\/regionen\\\/2018-02-23\\\/suurstoffi-grundsteinlegung-fuer-campus-der-hslu\\\/\"},\"author\":{\"name\":\"anja.hall\",\"@id\":\"https:\\\/\\\/www.immobilienbusiness.ch\\\/#\\\/schema\\\/person\\\/3fc036297b10b9f42d6db5ee932af8c8\"},\"headline\":\"Suurstoffi: Grundsteinlegung f\u00fcr Campus der HSLU\",\"datePublished\":\"2018-02-23T07:43:21+00:00\",\"mainEntityOfPage\":{\"@id\":\"https:\\\/\\\/www.immobilienbusiness.ch\\\/en\\\/regionen\\\/2018-02-23\\\/suurstoffi-grundsteinlegung-fuer-campus-der-hslu\\\/\"},\"wordCount\":260,\"commentCount\":0,\"publisher\":{\"@id\":\"https:\\\/\\\/www.immobilienbusiness.ch\\\/#organization\"},\"image\":{\"@id\":\"https:\\\/\\\/www.immobilienbusiness.ch\\\/en\\\/regionen\\\/2018-02-23\\\/suurstoffi-grundsteinlegung-fuer-campus-der-hslu\\\/#primaryimage\"},\"thumbnailUrl\":\"https:\\\/\\\/www.immobilienbusiness.ch\\\/wp-content\\\/uploads\\\/2018\\\/02\\\/vl.-Tobias-Achermann-Simon-Businger-Christine-Boeckelmann-Rene-Huesler-Peter-Hausherr4.jpg\",\"keywords\":[\"Projekt in Bau\",\"Regionen\",\"Suurstoffi\",\"Zug\",\"Zug Estates\"],\"articleSection\":[\"REGIONEN\"],\"inLanguage\":\"en-US\"},{\"@type\":\"WebPage\",\"@id\":\"https:\\\/\\\/www.immobilienbusiness.ch\\\/en\\\/regionen\\\/2018-02-23\\\/suurstoffi-grundsteinlegung-fuer-campus-der-hslu\\\/\",\"url\":\"https:\\\/\\\/www.immobilienbusiness.ch\\\/en\\\/regionen\\\/2018-02-23\\\/suurstoffi-grundsteinlegung-fuer-campus-der-hslu\\\/\",\"name\":\"Suurstoffi: Grundsteinlegung f\u00fcr Campus der HSLU - IMMOBILIEN Business\",\"isPartOf\":{\"@id\":\"https:\\\/\\\/www.immobilienbusiness.ch\\\/#website\"},\"primaryImageOfPage\":{\"@id\":\"https:\\\/\\\/www.immobilienbusiness.ch\\\/en\\\/regionen\\\/2018-02-23\\\/suurstoffi-grundsteinlegung-fuer-campus-der-hslu\\\/#primaryimage\"},\"image\":{\"@id\":\"https:\\\/\\\/www.immobilienbusiness.ch\\\/en\\\/regionen\\\/2018-02-23\\\/suurstoffi-grundsteinlegung-fuer-campus-der-hslu\\\/#primaryimage\"},\"thumbnailUrl\":\"https:\\\/\\\/www.immobilienbusiness.ch\\\/wp-content\\\/uploads\\\/2018\\\/02\\\/vl.-Tobias-Achermann-Simon-Businger-Christine-Boeckelmann-Rene-Huesler-Peter-Hausherr4.jpg\",\"datePublished\":\"2018-02-23T07:43:21+00:00\",\"description\":\"Am 22. Februar 2018 wurde auf dem Suurstoffi-Areal in Risch Rotkreuz der Grundstein f\u00fcr den neuen Campus der Hochschule Luzern (HSLU) gelegt.\",\"breadcrumb\":{\"@id\":\"https:\\\/\\\/www.immobilienbusiness.ch\\\/en\\\/regionen\\\/2018-02-23\\\/suurstoffi-grundsteinlegung-fuer-campus-der-hslu\\\/#breadcrumb\"},\"inLanguage\":\"en-US\",\"potentialAction\":[{\"@type\":\"ReadAction\",\"target\":[\"https:\\\/\\\/www.immobilienbusiness.ch\\\/en\\\/regionen\\\/2018-02-23\\\/suurstoffi-grundsteinlegung-fuer-campus-der-hslu\\\/\"]}]},{\"@type\":\"ImageObject\",\"inLanguage\":\"en-US\",\"@id\":\"https:\\\/\\\/www.immobilienbusiness.ch\\\/en\\\/regionen\\\/2018-02-23\\\/suurstoffi-grundsteinlegung-fuer-campus-der-hslu\\\/#primaryimage\",\"url\":\"https:\\\/\\\/www.immobilienbusiness.ch\\\/wp-content\\\/uploads\\\/2018\\\/02\\\/vl.-Tobias-Achermann-Simon-Businger-Christine-Boeckelmann-Rene-Huesler-Peter-Hausherr4.jpg\",\"contentUrl\":\"https:\\\/\\\/www.immobilienbusiness.ch\\\/wp-content\\\/uploads\\\/2018\\\/02\\\/vl.-Tobias-Achermann-Simon-Businger-Christine-Boeckelmann-Rene-Huesler-Peter-Hausherr4.jpg\",\"width\":2560,\"height\":1709,\"caption\":\"Tobias Achermann, Simon Businger, Christine B\u00f6ckelmann, Ren\u00e9 H\u00fcsler, Peter Hausherr (v.l.n.r., Quelle: Zug Estates)\"},{\"@type\":\"BreadcrumbList\",\"@id\":\"https:\\\/\\\/www.immobilienbusiness.ch\\\/en\\\/regionen\\\/2018-02-23\\\/suurstoffi-grundsteinlegung-fuer-campus-der-hslu\\\/#breadcrumb\",\"itemListElement\":[{\"@type\":\"ListItem\",\"position\":1,\"name\":\"Home\",\"item\":\"https:\\\/\\\/www.immobilienbusiness.ch\\\/\"},{\"@type\":\"ListItem\",\"position\":2,\"name\":\"Suurstoffi: Grundsteinlegung f\u00fcr Campus der HSLU\"}]},{\"@type\":\"WebSite\",\"@id\":\"https:\\\/\\\/www.immobilienbusiness.ch\\\/#website\",\"url\":\"https:\\\/\\\/www.immobilienbusiness.ch\\\/\",\"name\":\"IMMOBILIEN Business\",\"description\":\"Unabh\u00e4ngiges Schweizer Wirtschaftsmagazin mit Fokus auf Immobilien, Architektur- und Bau sowie Investment- und Finanzierung.\",\"publisher\":{\"@id\":\"https:\\\/\\\/www.immobilienbusiness.ch\\\/#organization\"},\"potentialAction\":[{\"@type\":\"SearchAction\",\"target\":{\"@type\":\"EntryPoint\",\"urlTemplate\":\"https:\\\/\\\/www.immobilienbusiness.ch\\\/?s={search_term_string}\"},\"query-input\":{\"@type\":\"PropertyValueSpecification\",\"valueRequired\":true,\"valueName\":\"search_term_string\"}}],\"inLanguage\":\"en-US\"},{\"@type\":\"Organization\",\"@id\":\"https:\\\/\\\/www.immobilienbusiness.ch\\\/#organization\",\"name\":\"IMMOBILIEN Business\",\"url\":\"https:\\\/\\\/www.immobilienbusiness.ch\\\/\",\"logo\":{\"@type\":\"ImageObject\",\"inLanguage\":\"en-US\",\"@id\":\"https:\\\/\\\/www.immobilienbusiness.ch\\\/#\\\/schema\\\/logo\\\/image\\\/\",\"url\":\"https:\\\/\\\/www.immobilienbusiness.ch\\\/wp-content\\\/uploads\\\/2021\\\/07\\\/logo_ib.png\",\"contentUrl\":\"https:\\\/\\\/www.immobilienbusiness.ch\\\/wp-content\\\/uploads\\\/2021\\\/07\\\/logo_ib.png\",\"width\":800,\"height\":181,\"caption\":\"IMMOBILIEN Business\"},\"image\":{\"@id\":\"https:\\\/\\\/www.immobilienbusiness.ch\\\/#\\\/schema\\\/logo\\\/image\\\/\"},\"sameAs\":[\"https:\\\/\\\/www.facebook.com\\\/immobilienbusiness\\\/\"]},{\"@type\":\"Person\",\"@id\":\"https:\\\/\\\/www.immobilienbusiness.ch\\\/#\\\/schema\\\/person\\\/3fc036297b10b9f42d6db5ee932af8c8\",\"name\":\"anja.hall\",\"image\":{\"@type\":\"ImageObject\",\"inLanguage\":\"en-US\",\"@id\":\"https:\\\/\\\/secure.gravatar.com\\\/avatar\\\/066b5a0d447013502c71a5782f4f3469f03cfe595cc2329fb94652fe47511bfb?s=96&d=mm&r=g\",\"url\":\"https:\\\/\\\/secure.gravatar.com\\\/avatar\\\/066b5a0d447013502c71a5782f4f3469f03cfe595cc2329fb94652fe47511bfb?s=96&d=mm&r=g\",\"contentUrl\":\"https:\\\/\\\/secure.gravatar.com\\\/avatar\\\/066b5a0d447013502c71a5782f4f3469f03cfe595cc2329fb94652fe47511bfb?s=96&d=mm&r=g\",\"caption\":\"anja.hall\"},\"url\":\"https:\\\/\\\/www.immobilienbusiness.ch\\\/en\\\/author\\\/anja-hall\\\/\"}]}<\/script>\n<!-- \/ Yoast SEO plugin. -->","yoast_head_json":{"title":"Suurstoffi: Foundation stone laid for HSLU campus - IMMOBILIEN Business","description":"On February 22, 2018, the foundation stone for the new campus of the Lucerne University of Applied Sciences and Arts (HSLU) was laid on the Suurstoffi site in Risch Rotkreuz.","robots":{"index":"index","follow":"follow","max-snippet":"max-snippet:-1","max-image-preview":"max-image-preview:large","max-video-preview":"max-video-preview:-1"},"canonical":"https:\/\/www.immobilienbusiness.ch\/en\/regionen\/2018-02-23\/suurstoffi-grundsteinlegung-fuer-campus-der-hslu\/","og_locale":"en_US","og_type":"article","og_title":"Suurstoffi: Grundsteinlegung f\u00fcr Campus der HSLU - IMMOBILIEN Business","og_description":"Am 22. Februar 2018 wurde auf dem Suurstoffi-Areal in Risch Rotkreuz der Grundstein f\u00fcr den neuen Campus der Hochschule Luzern (HSLU) gelegt.","og_url":"https:\/\/www.immobilienbusiness.ch\/en\/regionen\/2018-02-23\/suurstoffi-grundsteinlegung-fuer-campus-der-hslu\/","og_site_name":"IMMOBILIEN Business","article_publisher":"https:\/\/www.facebook.com\/immobilienbusiness\/","article_published_time":"2018-02-23T07:43:21+00:00","og_image":[{"width":1024,"height":684,"url":"https:\/\/www.immobilienbusiness.ch\/wp-content\/uploads\/2018\/02\/vl.-Tobias-Achermann-Simon-Businger-Christine-Boeckelmann-Rene-Huesler-Peter-Hausherr4-1024x684.jpg","type":"image\/jpeg"}],"author":"anja.hall","twitter_card":"summary_large_image","twitter_image":"https:\/\/www.immobilienbusiness.ch\/wp-content\/uploads\/2018\/02\/vl.-Tobias-Achermann-Simon-Businger-Christine-B\u00f6ckelmann-Ren\u00e9-H\u00fcsler-Peter-Hausherr4.jpg","schema":{"@context":"https:\/\/schema.org","@graph":[{"@type":"Article","@id":"https:\/\/www.immobilienbusiness.ch\/en\/regionen\/2018-02-23\/suurstoffi-grundsteinlegung-fuer-campus-der-hslu\/#article","isPartOf":{"@id":"https:\/\/www.immobilienbusiness.ch\/en\/regionen\/2018-02-23\/suurstoffi-grundsteinlegung-fuer-campus-der-hslu\/"},"author":{"name":"anja.hall","@id":"https:\/\/www.immobilienbusiness.ch\/#\/schema\/person\/3fc036297b10b9f42d6db5ee932af8c8"},"headline":"Suurstoffi: Grundsteinlegung f\u00fcr Campus der HSLU","datePublished":"2018-02-23T07:43:21+00:00","mainEntityOfPage":{"@id":"https:\/\/www.immobilienbusiness.ch\/en\/regionen\/2018-02-23\/suurstoffi-grundsteinlegung-fuer-campus-der-hslu\/"},"wordCount":260,"commentCount":0,"publisher":{"@id":"https:\/\/www.immobilienbusiness.ch\/#organization"},"image":{"@id":"https:\/\/www.immobilienbusiness.ch\/en\/regionen\/2018-02-23\/suurstoffi-grundsteinlegung-fuer-campus-der-hslu\/#primaryimage"},"thumbnailUrl":"https:\/\/www.immobilienbusiness.ch\/wp-content\/uploads\/2018\/02\/vl.-Tobias-Achermann-Simon-Businger-Christine-Boeckelmann-Rene-Huesler-Peter-Hausherr4.jpg","keywords":["Projekt in Bau","Regionen","Suurstoffi","Zug","Zug Estates"],"articleSection":["REGIONEN"],"inLanguage":"en-US"},{"@type":"WebPage","@id":"https:\/\/www.immobilienbusiness.ch\/en\/regionen\/2018-02-23\/suurstoffi-grundsteinlegung-fuer-campus-der-hslu\/","url":"https:\/\/www.immobilienbusiness.ch\/en\/regionen\/2018-02-23\/suurstoffi-grundsteinlegung-fuer-campus-der-hslu\/","name":"Suurstoffi: Foundation stone laid for HSLU campus - IMMOBILIEN Business","isPartOf":{"@id":"https:\/\/www.immobilienbusiness.ch\/#website"},"primaryImageOfPage":{"@id":"https:\/\/www.immobilienbusiness.ch\/en\/regionen\/2018-02-23\/suurstoffi-grundsteinlegung-fuer-campus-der-hslu\/#primaryimage"},"image":{"@id":"https:\/\/www.immobilienbusiness.ch\/en\/regionen\/2018-02-23\/suurstoffi-grundsteinlegung-fuer-campus-der-hslu\/#primaryimage"},"thumbnailUrl":"https:\/\/www.immobilienbusiness.ch\/wp-content\/uploads\/2018\/02\/vl.-Tobias-Achermann-Simon-Businger-Christine-Boeckelmann-Rene-Huesler-Peter-Hausherr4.jpg","datePublished":"2018-02-23T07:43:21+00:00","description":"On February 22, 2018, the foundation stone for the new campus of the Lucerne University of Applied Sciences and Arts (HSLU) was laid on the Suurstoffi site in Risch Rotkreuz.","breadcrumb":{"@id":"https:\/\/www.immobilienbusiness.ch\/en\/regionen\/2018-02-23\/suurstoffi-grundsteinlegung-fuer-campus-der-hslu\/#breadcrumb"},"inLanguage":"en-US","potentialAction":[{"@type":"ReadAction","target":["https:\/\/www.immobilienbusiness.ch\/en\/regionen\/2018-02-23\/suurstoffi-grundsteinlegung-fuer-campus-der-hslu\/"]}]},{"@type":"ImageObject","inLanguage":"en-US","@id":"https:\/\/www.immobilienbusiness.ch\/en\/regionen\/2018-02-23\/suurstoffi-grundsteinlegung-fuer-campus-der-hslu\/#primaryimage","url":"https:\/\/www.immobilienbusiness.ch\/wp-content\/uploads\/2018\/02\/vl.-Tobias-Achermann-Simon-Businger-Christine-Boeckelmann-Rene-Huesler-Peter-Hausherr4.jpg","contentUrl":"https:\/\/www.immobilienbusiness.ch\/wp-content\/uploads\/2018\/02\/vl.-Tobias-Achermann-Simon-Businger-Christine-Boeckelmann-Rene-Huesler-Peter-Hausherr4.jpg","width":2560,"height":1709,"caption":"Tobias Achermann, Simon Businger, Christine B\u00f6ckelmann, Ren\u00e9 H\u00fcsler, Peter Hausherr (v.l.n.r., Quelle: Zug Estates)"},{"@type":"BreadcrumbList","@id":"https:\/\/www.immobilienbusiness.ch\/en\/regionen\/2018-02-23\/suurstoffi-grundsteinlegung-fuer-campus-der-hslu\/#breadcrumb","itemListElement":[{"@type":"ListItem","position":1,"name":"Home","item":"https:\/\/www.immobilienbusiness.ch\/"},{"@type":"ListItem","position":2,"name":"Suurstoffi: Grundsteinlegung f\u00fcr Campus der HSLU"}]},{"@type":"WebSite","@id":"https:\/\/www.immobilienbusiness.ch\/#website","url":"https:\/\/www.immobilienbusiness.ch\/","name":"REAL ESTATE Business","description":"Independent Swiss business magazine focusing on real estate, architecture and construction as well as investment and financing.","publisher":{"@id":"https:\/\/www.immobilienbusiness.ch\/#organization"},"potentialAction":[{"@type":"SearchAction","target":{"@type":"EntryPoint","urlTemplate":"https:\/\/www.immobilienbusiness.ch\/?s={search_term_string}"},"query-input":{"@type":"PropertyValueSpecification","valueRequired":true,"valueName":"search_term_string"}}],"inLanguage":"en-US"},{"@type":"Organization","@id":"https:\/\/www.immobilienbusiness.ch\/#organization","name":"REAL ESTATE Business","url":"https:\/\/www.immobilienbusiness.ch\/","logo":{"@type":"ImageObject","inLanguage":"en-US","@id":"https:\/\/www.immobilienbusiness.ch\/#\/schema\/logo\/image\/","url":"https:\/\/www.immobilienbusiness.ch\/wp-content\/uploads\/2021\/07\/logo_ib.png","contentUrl":"https:\/\/www.immobilienbusiness.ch\/wp-content\/uploads\/2021\/07\/logo_ib.png","width":800,"height":181,"caption":"IMMOBILIEN Business"},"image":{"@id":"https:\/\/www.immobilienbusiness.ch\/#\/schema\/logo\/image\/"},"sameAs":["https:\/\/www.facebook.com\/immobilienbusiness\/"]},{"@type":"Person","@id":"https:\/\/www.immobilienbusiness.ch\/#\/schema\/person\/3fc036297b10b9f42d6db5ee932af8c8","name":"anja.hall","image":{"@type":"ImageObject","inLanguage":"en-US","@id":"https:\/\/secure.gravatar.com\/avatar\/066b5a0d447013502c71a5782f4f3469f03cfe595cc2329fb94652fe47511bfb?s=96&d=mm&r=g","url":"https:\/\/secure.gravatar.com\/avatar\/066b5a0d447013502c71a5782f4f3469f03cfe595cc2329fb94652fe47511bfb?s=96&d=mm&r=g","contentUrl":"https:\/\/secure.gravatar.com\/avatar\/066b5a0d447013502c71a5782f4f3469f03cfe595cc2329fb94652fe47511bfb?s=96&d=mm&r=g","caption":"anja.hall"},"url":"https:\/\/www.immobilienbusiness.ch\/en\/author\/anja-hall\/"}]}},"_links":{"self":[{"href":"https:\/\/www.immobilienbusiness.ch\/en\/wp-json\/wp\/v2\/posts\/11459","targetHints":{"allow":["GET"]}}],"collection":[{"href":"https:\/\/www.immobilienbusiness.ch\/en\/wp-json\/wp\/v2\/posts"}],"about":[{"href":"https:\/\/www.immobilienbusiness.ch\/en\/wp-json\/wp\/v2\/types\/post"}],"author":[{"embeddable":true,"href":"https:\/\/www.immobilienbusiness.ch\/en\/wp-json\/wp\/v2\/users\/3"}],"replies":[{"embeddable":true,"href":"https:\/\/www.immobilienbusiness.ch\/en\/wp-json\/wp\/v2\/comments?post=11459"}],"version-history":[{"count":0,"href":"https:\/\/www.immobilienbusiness.ch\/en\/wp-json\/wp\/v2\/posts\/11459\/revisions"}],"wp:featuredmedia":[{"embeddable":true,"href":"https:\/\/www.immobilienbusiness.ch\/en\/wp-json\/wp\/v2\/media\/11460"}],"wp:attachment":[{"href":"https:\/\/www.immobilienbusiness.ch\/en\/wp-json\/wp\/v2\/media?parent=11459"}],"wp:term":[{"taxonomy":"category","embeddable":true,"href":"https:\/\/www.immobilienbusiness.ch\/en\/wp-json\/wp\/v2\/categories?post=11459"},{"taxonomy":"post_tag","embeddable":true,"href":"https:\/\/www.immobilienbusiness.ch\/en\/wp-json\/wp\/v2\/tags?post=11459"}],"curies":[{"name":"wp","href":"https:\/\/api.w.org\/{rel}","templated":true}]}}