{"id":113,"date":"2015-07-21T09:39:24","date_gmt":"2015-07-21T07:39:24","guid":{"rendered":"http:\/\/dev.immobilienbusiness.ch\/?p=113"},"modified":"2024-11-19T14:51:33","modified_gmt":"2024-11-19T13:51:33","slug":"detailhandel-umsaetze-sinken","status":"publish","type":"post","link":"https:\/\/www.immobilienbusiness.ch\/en\/retail\/2015-07-21\/detailhandel-umsaetze-sinken\/","title":{"rendered":"Retail trade: sales decline"},"content":{"rendered":"<p><img loading=\"lazy\" decoding=\"async\" class=\"alignnone size-thumbnail wp-image-114\" src=\"https:\/\/immobilienbusiness.ch\/wp-content\/uploads\/2016\/12\/Detailhandel-Ums\u00e4tze-sinken-Immobilien-Business.jpg\" alt=\"detailhandel-umsaetze-sinken-immobilien-business\" width=\"220\" height=\"220\" \/><\/p>\n<p>Retail trade in food, beverages and tobacco recorded a decrease of 0.5 percent compared with May 2014 (nominal -1.5%), while the non-food sector (excluding fuels) posted a real decline of 2.2 percent (nominal -4.9%). Compared to April 2015, the retail sector registered a real sales decline of 1.5 percent in May 2015 (nominal -1.8%). (ah)<\/p>","protected":false},"excerpt":{"rendered":"<p>Sales in the Swiss retail trade fell in May 2015 compared with the same month of the previous year. Adjusted for sales and holiday effects, the retail trade (excluding fuel) recorded a 1.6 percent decline in real sales in May 2015 compared with May 2014 (nominal -3.4%), according to a media release from the Federal Statistical Office.<\/p>","protected":false},"author":6,"featured_media":114,"comment_status":"closed","ping_status":"closed","sticky":false,"template":"","format":"standard","meta":{"_acf_changed":false,"_yoast_wpseo_focuskw":"Detailhandel Umsatzeinbruch","_yoast_wpseo_title":"Detailhandel Umsatzeinbruch: Zahlen f\u00fcr Mai 2015","_yoast_wpseo_metadesc":"Neue Zahlen belegen den R\u00fcckgang im Detailhandel mit Nahrungsmitteln und Nicht-Nahrungsmitteln im Mai 2015. Ums\u00e4tze sinken deutlich.","_yoast_wpseo_linkdex":49,"pgc_sgb_lightbox_settings":"","footnotes":""},"categories":[987],"tags":[1165,4025,4026,4027,4024],"class_list":["post-113","post","type-post","status-publish","format-standard","has-post-thumbnail","hentry","category-retail","tag-detailhandel","tag-mai-2015","tag-nahrungsmittel","tag-nicht-nahrungsmittel","tag-umsatzrueckgang"],"acf":[],"yoast_head":"<!-- This site is optimized with the Yoast SEO plugin v27.5 - https:\/\/yoast.com\/product\/yoast-seo-wordpress\/ -->\n<title>Detailhandel Umsatzeinbruch: Zahlen f\u00fcr Mai 2015<\/title>\n<meta name=\"description\" content=\"Neue Zahlen belegen den R\u00fcckgang im Detailhandel mit Nahrungsmitteln und Nicht-Nahrungsmitteln im Mai 2015. Ums\u00e4tze sinken deutlich.\" \/>\n<meta name=\"robots\" content=\"index, follow, max-snippet:-1, max-image-preview:large, max-video-preview:-1\" \/>\n<link rel=\"canonical\" href=\"https:\/\/www.immobilienbusiness.ch\/en\/retail\/2015-07-21\/detailhandel-umsaetze-sinken\/\" \/>\n<meta property=\"og:locale\" content=\"en_US\" \/>\n<meta property=\"og:type\" content=\"article\" \/>\n<meta property=\"og:title\" content=\"Detailhandel: Ums\u00e4tze sinken\" \/>\n<meta property=\"og:description\" content=\"Die Ums\u00e4tze im Schweizer Detailhandel sind im Mai 2015 gegen\u00fcber dem Vorjahresmonat gesunken. Bereinigt um Verkaufs- und Feiertagseffekte verzeichnete der Detailhandel (ohne Treibstoffe) laut einer Medienmitteilung des Bundesamts f\u00fcr Statistik im Mai 2015 einen R\u00fcckgang des realen Umsatzes von 1,6 Prozent gegen\u00fcber Mai 2014 (nominal -3,4%).\" \/>\n<meta property=\"og:url\" content=\"https:\/\/www.immobilienbusiness.ch\/en\/retail\/2015-07-21\/detailhandel-umsaetze-sinken\/\" \/>\n<meta property=\"og:site_name\" content=\"IMMOBILIEN Business\" \/>\n<meta property=\"article:publisher\" content=\"https:\/\/www.facebook.com\/immobilienbusiness\/\" \/>\n<meta property=\"article:published_time\" content=\"2015-07-21T07:39:24+00:00\" \/>\n<meta property=\"article:modified_time\" content=\"2024-11-19T13:51:33+00:00\" \/>\n<meta name=\"author\" content=\"galledia\" \/>\n<meta name=\"twitter:card\" content=\"summary_large_image\" \/>\n<meta name=\"twitter:title\" content=\"Detailhandel: Ums\u00e4tze sinken\" \/>\n<meta name=\"twitter:description\" content=\"Die Ums\u00e4tze im Schweizer Detailhandel sind im Mai 2015 gegen\u00fcber dem Vorjahresmonat gesunken. Bereinigt um Verkaufs- und Feiertagseffekte verzeichnete der Detailhandel (ohne Treibstoffe) laut einer Medienmitteilung des Bundesamts f\u00fcr Statistik im Mai 2015 einen R\u00fcckgang des realen Umsatzes von 1,6 Prozent gegen\u00fcber Mai 2014 (nominal -3,4%).\" \/>\n<meta name=\"twitter:image\" content=\"http:\/\/dev.immobilienbusiness.ch\/wp-content\/uploads\/2016\/12\/Detailhandel-Ums\u00e4tze-sinken-Immobilien-Business.jpg\" \/>\n<script type=\"application\/ld+json\" class=\"yoast-schema-graph\">{\"@context\":\"https:\\\/\\\/schema.org\",\"@graph\":[{\"@type\":\"Article\",\"@id\":\"https:\\\/\\\/www.immobilienbusiness.ch\\\/de\\\/retail\\\/2015-07-21\\\/detailhandel-umsaetze-sinken\\\/#article\",\"isPartOf\":{\"@id\":\"https:\\\/\\\/www.immobilienbusiness.ch\\\/de\\\/retail\\\/2015-07-21\\\/detailhandel-umsaetze-sinken\\\/\"},\"author\":{\"name\":\"galledia\",\"@id\":\"https:\\\/\\\/www.immobilienbusiness.ch\\\/#\\\/schema\\\/person\\\/92ab48f1f614a7730a86f4fd946983ca\"},\"headline\":\"Detailhandel: Ums\u00e4tze sinken\",\"datePublished\":\"2015-07-21T07:39:24+00:00\",\"dateModified\":\"2024-11-19T13:51:33+00:00\",\"mainEntityOfPage\":{\"@id\":\"https:\\\/\\\/www.immobilienbusiness.ch\\\/de\\\/retail\\\/2015-07-21\\\/detailhandel-umsaetze-sinken\\\/\"},\"wordCount\":54,\"publisher\":{\"@id\":\"https:\\\/\\\/www.immobilienbusiness.ch\\\/#organization\"},\"image\":{\"@id\":\"https:\\\/\\\/www.immobilienbusiness.ch\\\/de\\\/retail\\\/2015-07-21\\\/detailhandel-umsaetze-sinken\\\/#primaryimage\"},\"thumbnailUrl\":\"https:\\\/\\\/www.immobilienbusiness.ch\\\/wp-content\\\/uploads\\\/2016\\\/12\\\/Detailhandel-Umsaetze-sinken-Immobilien-Business.jpg\",\"keywords\":[\"Detailhandel\",\"Mai 2015\",\"Nahrungsmittel\",\"Nicht-Nahrungsmittel\",\"Umsatzr\u00fcckgang\"],\"articleSection\":[\"RETAIL\"],\"inLanguage\":\"en-US\"},{\"@type\":\"WebPage\",\"@id\":\"https:\\\/\\\/www.immobilienbusiness.ch\\\/de\\\/retail\\\/2015-07-21\\\/detailhandel-umsaetze-sinken\\\/\",\"url\":\"https:\\\/\\\/www.immobilienbusiness.ch\\\/de\\\/retail\\\/2015-07-21\\\/detailhandel-umsaetze-sinken\\\/\",\"name\":\"Detailhandel Umsatzeinbruch: Zahlen f\u00fcr Mai 2015\",\"isPartOf\":{\"@id\":\"https:\\\/\\\/www.immobilienbusiness.ch\\\/#website\"},\"primaryImageOfPage\":{\"@id\":\"https:\\\/\\\/www.immobilienbusiness.ch\\\/de\\\/retail\\\/2015-07-21\\\/detailhandel-umsaetze-sinken\\\/#primaryimage\"},\"image\":{\"@id\":\"https:\\\/\\\/www.immobilienbusiness.ch\\\/de\\\/retail\\\/2015-07-21\\\/detailhandel-umsaetze-sinken\\\/#primaryimage\"},\"thumbnailUrl\":\"https:\\\/\\\/www.immobilienbusiness.ch\\\/wp-content\\\/uploads\\\/2016\\\/12\\\/Detailhandel-Umsaetze-sinken-Immobilien-Business.jpg\",\"datePublished\":\"2015-07-21T07:39:24+00:00\",\"dateModified\":\"2024-11-19T13:51:33+00:00\",\"description\":\"Neue Zahlen belegen den R\u00fcckgang im Detailhandel mit Nahrungsmitteln und Nicht-Nahrungsmitteln im Mai 2015. Ums\u00e4tze sinken deutlich.\",\"breadcrumb\":{\"@id\":\"https:\\\/\\\/www.immobilienbusiness.ch\\\/de\\\/retail\\\/2015-07-21\\\/detailhandel-umsaetze-sinken\\\/#breadcrumb\"},\"inLanguage\":\"en-US\",\"potentialAction\":[{\"@type\":\"ReadAction\",\"target\":[\"https:\\\/\\\/www.immobilienbusiness.ch\\\/de\\\/retail\\\/2015-07-21\\\/detailhandel-umsaetze-sinken\\\/\"]}]},{\"@type\":\"ImageObject\",\"inLanguage\":\"en-US\",\"@id\":\"https:\\\/\\\/www.immobilienbusiness.ch\\\/de\\\/retail\\\/2015-07-21\\\/detailhandel-umsaetze-sinken\\\/#primaryimage\",\"url\":\"https:\\\/\\\/www.immobilienbusiness.ch\\\/wp-content\\\/uploads\\\/2016\\\/12\\\/Detailhandel-Umsaetze-sinken-Immobilien-Business.jpg\",\"contentUrl\":\"https:\\\/\\\/www.immobilienbusiness.ch\\\/wp-content\\\/uploads\\\/2016\\\/12\\\/Detailhandel-Umsaetze-sinken-Immobilien-Business.jpg\",\"width\":1280,\"height\":1188},{\"@type\":\"BreadcrumbList\",\"@id\":\"https:\\\/\\\/www.immobilienbusiness.ch\\\/de\\\/retail\\\/2015-07-21\\\/detailhandel-umsaetze-sinken\\\/#breadcrumb\",\"itemListElement\":[{\"@type\":\"ListItem\",\"position\":1,\"name\":\"Home\",\"item\":\"https:\\\/\\\/www.immobilienbusiness.ch\\\/\"},{\"@type\":\"ListItem\",\"position\":2,\"name\":\"Detailhandel: Ums\u00e4tze sinken\"}]},{\"@type\":\"WebSite\",\"@id\":\"https:\\\/\\\/www.immobilienbusiness.ch\\\/#website\",\"url\":\"https:\\\/\\\/www.immobilienbusiness.ch\\\/\",\"name\":\"IMMOBILIEN Business\",\"description\":\"Unabh\u00e4ngiges Schweizer Wirtschaftsmagazin mit Fokus auf Immobilien, Architektur- und Bau sowie Investment- und Finanzierung.\",\"publisher\":{\"@id\":\"https:\\\/\\\/www.immobilienbusiness.ch\\\/#organization\"},\"potentialAction\":[{\"@type\":\"SearchAction\",\"target\":{\"@type\":\"EntryPoint\",\"urlTemplate\":\"https:\\\/\\\/www.immobilienbusiness.ch\\\/?s={search_term_string}\"},\"query-input\":{\"@type\":\"PropertyValueSpecification\",\"valueRequired\":true,\"valueName\":\"search_term_string\"}}],\"inLanguage\":\"en-US\"},{\"@type\":\"Organization\",\"@id\":\"https:\\\/\\\/www.immobilienbusiness.ch\\\/#organization\",\"name\":\"IMMOBILIEN Business\",\"url\":\"https:\\\/\\\/www.immobilienbusiness.ch\\\/\",\"logo\":{\"@type\":\"ImageObject\",\"inLanguage\":\"en-US\",\"@id\":\"https:\\\/\\\/www.immobilienbusiness.ch\\\/#\\\/schema\\\/logo\\\/image\\\/\",\"url\":\"https:\\\/\\\/www.immobilienbusiness.ch\\\/wp-content\\\/uploads\\\/2021\\\/07\\\/logo_ib.png\",\"contentUrl\":\"https:\\\/\\\/www.immobilienbusiness.ch\\\/wp-content\\\/uploads\\\/2021\\\/07\\\/logo_ib.png\",\"width\":800,\"height\":181,\"caption\":\"IMMOBILIEN Business\"},\"image\":{\"@id\":\"https:\\\/\\\/www.immobilienbusiness.ch\\\/#\\\/schema\\\/logo\\\/image\\\/\"},\"sameAs\":[\"https:\\\/\\\/www.facebook.com\\\/immobilienbusiness\\\/\"]},{\"@type\":\"Person\",\"@id\":\"https:\\\/\\\/www.immobilienbusiness.ch\\\/#\\\/schema\\\/person\\\/92ab48f1f614a7730a86f4fd946983ca\",\"name\":\"galledia\",\"image\":{\"@type\":\"ImageObject\",\"inLanguage\":\"en-US\",\"@id\":\"https:\\\/\\\/secure.gravatar.com\\\/avatar\\\/?s=96&d=mm&r=g\",\"url\":\"https:\\\/\\\/secure.gravatar.com\\\/avatar\\\/?s=96&d=mm&r=g\",\"contentUrl\":\"https:\\\/\\\/secure.gravatar.com\\\/avatar\\\/?s=96&d=mm&r=g\",\"caption\":\"galledia\"},\"url\":\"https:\\\/\\\/www.immobilienbusiness.ch\\\/en\\\/author\\\/galledia\\\/\"}]}<\/script>\n<!-- \/ Yoast SEO plugin. -->","yoast_head_json":{"title":"Detailhandel Umsatzeinbruch: Zahlen f\u00fcr Mai 2015","description":"Neue Zahlen belegen den R\u00fcckgang im Detailhandel mit Nahrungsmitteln und Nicht-Nahrungsmitteln im Mai 2015. Ums\u00e4tze sinken deutlich.","robots":{"index":"index","follow":"follow","max-snippet":"max-snippet:-1","max-image-preview":"max-image-preview:large","max-video-preview":"max-video-preview:-1"},"canonical":"https:\/\/www.immobilienbusiness.ch\/en\/retail\/2015-07-21\/detailhandel-umsaetze-sinken\/","og_locale":"en_US","og_type":"article","og_title":"Detailhandel: Ums\u00e4tze sinken","og_description":"Die Ums\u00e4tze im Schweizer Detailhandel sind im Mai 2015 gegen\u00fcber dem Vorjahresmonat gesunken. Bereinigt um Verkaufs- und Feiertagseffekte verzeichnete der Detailhandel (ohne Treibstoffe) laut einer Medienmitteilung des Bundesamts f\u00fcr Statistik im Mai 2015 einen R\u00fcckgang des realen Umsatzes von 1,6 Prozent gegen\u00fcber Mai 2014 (nominal -3,4%).","og_url":"https:\/\/www.immobilienbusiness.ch\/en\/retail\/2015-07-21\/detailhandel-umsaetze-sinken\/","og_site_name":"IMMOBILIEN Business","article_publisher":"https:\/\/www.facebook.com\/immobilienbusiness\/","article_published_time":"2015-07-21T07:39:24+00:00","article_modified_time":"2024-11-19T13:51:33+00:00","author":"galledia","twitter_card":"summary_large_image","twitter_title":"Detailhandel: Ums\u00e4tze sinken","twitter_description":"Die Ums\u00e4tze im Schweizer Detailhandel sind im Mai 2015 gegen\u00fcber dem Vorjahresmonat gesunken. Bereinigt um Verkaufs- und Feiertagseffekte verzeichnete der Detailhandel (ohne Treibstoffe) laut einer Medienmitteilung des Bundesamts f\u00fcr Statistik im Mai 2015 einen R\u00fcckgang des realen Umsatzes von 1,6 Prozent gegen\u00fcber Mai 2014 (nominal -3,4%).","twitter_image":"http:\/\/dev.immobilienbusiness.ch\/wp-content\/uploads\/2016\/12\/Detailhandel-Ums\u00e4tze-sinken-Immobilien-Business.jpg","schema":{"@context":"https:\/\/schema.org","@graph":[{"@type":"Article","@id":"https:\/\/www.immobilienbusiness.ch\/de\/retail\/2015-07-21\/detailhandel-umsaetze-sinken\/#article","isPartOf":{"@id":"https:\/\/www.immobilienbusiness.ch\/de\/retail\/2015-07-21\/detailhandel-umsaetze-sinken\/"},"author":{"name":"galledia","@id":"https:\/\/www.immobilienbusiness.ch\/#\/schema\/person\/92ab48f1f614a7730a86f4fd946983ca"},"headline":"Detailhandel: Ums\u00e4tze sinken","datePublished":"2015-07-21T07:39:24+00:00","dateModified":"2024-11-19T13:51:33+00:00","mainEntityOfPage":{"@id":"https:\/\/www.immobilienbusiness.ch\/de\/retail\/2015-07-21\/detailhandel-umsaetze-sinken\/"},"wordCount":54,"publisher":{"@id":"https:\/\/www.immobilienbusiness.ch\/#organization"},"image":{"@id":"https:\/\/www.immobilienbusiness.ch\/de\/retail\/2015-07-21\/detailhandel-umsaetze-sinken\/#primaryimage"},"thumbnailUrl":"https:\/\/www.immobilienbusiness.ch\/wp-content\/uploads\/2016\/12\/Detailhandel-Umsaetze-sinken-Immobilien-Business.jpg","keywords":["Detailhandel","Mai 2015","Nahrungsmittel","Nicht-Nahrungsmittel","Umsatzr\u00fcckgang"],"articleSection":["RETAIL"],"inLanguage":"en-US"},{"@type":"WebPage","@id":"https:\/\/www.immobilienbusiness.ch\/de\/retail\/2015-07-21\/detailhandel-umsaetze-sinken\/","url":"https:\/\/www.immobilienbusiness.ch\/de\/retail\/2015-07-21\/detailhandel-umsaetze-sinken\/","name":"Detailhandel Umsatzeinbruch: Zahlen f\u00fcr Mai 2015","isPartOf":{"@id":"https:\/\/www.immobilienbusiness.ch\/#website"},"primaryImageOfPage":{"@id":"https:\/\/www.immobilienbusiness.ch\/de\/retail\/2015-07-21\/detailhandel-umsaetze-sinken\/#primaryimage"},"image":{"@id":"https:\/\/www.immobilienbusiness.ch\/de\/retail\/2015-07-21\/detailhandel-umsaetze-sinken\/#primaryimage"},"thumbnailUrl":"https:\/\/www.immobilienbusiness.ch\/wp-content\/uploads\/2016\/12\/Detailhandel-Umsaetze-sinken-Immobilien-Business.jpg","datePublished":"2015-07-21T07:39:24+00:00","dateModified":"2024-11-19T13:51:33+00:00","description":"Neue Zahlen belegen den R\u00fcckgang im Detailhandel mit Nahrungsmitteln und Nicht-Nahrungsmitteln im Mai 2015. Ums\u00e4tze sinken deutlich.","breadcrumb":{"@id":"https:\/\/www.immobilienbusiness.ch\/de\/retail\/2015-07-21\/detailhandel-umsaetze-sinken\/#breadcrumb"},"inLanguage":"en-US","potentialAction":[{"@type":"ReadAction","target":["https:\/\/www.immobilienbusiness.ch\/de\/retail\/2015-07-21\/detailhandel-umsaetze-sinken\/"]}]},{"@type":"ImageObject","inLanguage":"en-US","@id":"https:\/\/www.immobilienbusiness.ch\/de\/retail\/2015-07-21\/detailhandel-umsaetze-sinken\/#primaryimage","url":"https:\/\/www.immobilienbusiness.ch\/wp-content\/uploads\/2016\/12\/Detailhandel-Umsaetze-sinken-Immobilien-Business.jpg","contentUrl":"https:\/\/www.immobilienbusiness.ch\/wp-content\/uploads\/2016\/12\/Detailhandel-Umsaetze-sinken-Immobilien-Business.jpg","width":1280,"height":1188},{"@type":"BreadcrumbList","@id":"https:\/\/www.immobilienbusiness.ch\/de\/retail\/2015-07-21\/detailhandel-umsaetze-sinken\/#breadcrumb","itemListElement":[{"@type":"ListItem","position":1,"name":"Home","item":"https:\/\/www.immobilienbusiness.ch\/"},{"@type":"ListItem","position":2,"name":"Detailhandel: Ums\u00e4tze sinken"}]},{"@type":"WebSite","@id":"https:\/\/www.immobilienbusiness.ch\/#website","url":"https:\/\/www.immobilienbusiness.ch\/","name":"REAL ESTATE Business","description":"Independent Swiss business magazine focusing on real estate, architecture and construction as well as investment and financing.","publisher":{"@id":"https:\/\/www.immobilienbusiness.ch\/#organization"},"potentialAction":[{"@type":"SearchAction","target":{"@type":"EntryPoint","urlTemplate":"https:\/\/www.immobilienbusiness.ch\/?s={search_term_string}"},"query-input":{"@type":"PropertyValueSpecification","valueRequired":true,"valueName":"search_term_string"}}],"inLanguage":"en-US"},{"@type":"Organization","@id":"https:\/\/www.immobilienbusiness.ch\/#organization","name":"REAL ESTATE Business","url":"https:\/\/www.immobilienbusiness.ch\/","logo":{"@type":"ImageObject","inLanguage":"en-US","@id":"https:\/\/www.immobilienbusiness.ch\/#\/schema\/logo\/image\/","url":"https:\/\/www.immobilienbusiness.ch\/wp-content\/uploads\/2021\/07\/logo_ib.png","contentUrl":"https:\/\/www.immobilienbusiness.ch\/wp-content\/uploads\/2021\/07\/logo_ib.png","width":800,"height":181,"caption":"IMMOBILIEN Business"},"image":{"@id":"https:\/\/www.immobilienbusiness.ch\/#\/schema\/logo\/image\/"},"sameAs":["https:\/\/www.facebook.com\/immobilienbusiness\/"]},{"@type":"Person","@id":"https:\/\/www.immobilienbusiness.ch\/#\/schema\/person\/92ab48f1f614a7730a86f4fd946983ca","name":"galledia","image":{"@type":"ImageObject","inLanguage":"en-US","@id":"https:\/\/secure.gravatar.com\/avatar\/?s=96&d=mm&r=g","url":"https:\/\/secure.gravatar.com\/avatar\/?s=96&d=mm&r=g","contentUrl":"https:\/\/secure.gravatar.com\/avatar\/?s=96&d=mm&r=g","caption":"galledia"},"url":"https:\/\/www.immobilienbusiness.ch\/en\/author\/galledia\/"}]}},"_links":{"self":[{"href":"https:\/\/www.immobilienbusiness.ch\/en\/wp-json\/wp\/v2\/posts\/113","targetHints":{"allow":["GET"]}}],"collection":[{"href":"https:\/\/www.immobilienbusiness.ch\/en\/wp-json\/wp\/v2\/posts"}],"about":[{"href":"https:\/\/www.immobilienbusiness.ch\/en\/wp-json\/wp\/v2\/types\/post"}],"author":[{"embeddable":true,"href":"https:\/\/www.immobilienbusiness.ch\/en\/wp-json\/wp\/v2\/users\/6"}],"replies":[{"embeddable":true,"href":"https:\/\/www.immobilienbusiness.ch\/en\/wp-json\/wp\/v2\/comments?post=113"}],"version-history":[{"count":1,"href":"https:\/\/www.immobilienbusiness.ch\/en\/wp-json\/wp\/v2\/posts\/113\/revisions"}],"predecessor-version":[{"id":61450,"href":"https:\/\/www.immobilienbusiness.ch\/en\/wp-json\/wp\/v2\/posts\/113\/revisions\/61450"}],"wp:featuredmedia":[{"embeddable":true,"href":"https:\/\/www.immobilienbusiness.ch\/en\/wp-json\/wp\/v2\/media\/114"}],"wp:attachment":[{"href":"https:\/\/www.immobilienbusiness.ch\/en\/wp-json\/wp\/v2\/media?parent=113"}],"wp:term":[{"taxonomy":"category","embeddable":true,"href":"https:\/\/www.immobilienbusiness.ch\/en\/wp-json\/wp\/v2\/categories?post=113"},{"taxonomy":"post_tag","embeddable":true,"href":"https:\/\/www.immobilienbusiness.ch\/en\/wp-json\/wp\/v2\/tags?post=113"}],"curies":[{"name":"wp","href":"https:\/\/api.w.org\/{rel}","templated":true}]}}