{"id":11199,"date":"2018-02-02T08:04:46","date_gmt":"2018-02-02T07:04:46","guid":{"rendered":"https:\/\/www.immobilienbusiness.ch\/?p=11199"},"modified":"2018-02-02T08:04:46","modified_gmt":"2018-02-02T07:04:46","slug":"fundamente-erweitert-geschaeftsleitung","status":"publish","type":"post","link":"https:\/\/www.immobilienbusiness.ch\/en\/unternehmen\/2018-02-02\/fundamente-erweitert-geschaeftsleitung\/","title":{"rendered":"Fundamenta expands management"},"content":{"rendered":"<figure id=\"attachment_6721\" aria-describedby=\"caption-attachment-6721\" style=\"width: 680px\" class=\"wp-caption alignnone\"><img loading=\"lazy\" decoding=\"async\" class=\"size-medium wp-image-6721\" src=\"https:\/\/www.immobilienbusiness.ch\/wp-content\/uploads\/2017\/03\/Depositphotos_52453617_l-2015.jpg\" alt=\"\" width=\"680\" height=\"440\" srcset=\"https:\/\/www.immobilienbusiness.ch\/wp-content\/uploads\/2017\/03\/Depositphotos_52453617_l-2015.jpg 2000w, https:\/\/www.immobilienbusiness.ch\/wp-content\/uploads\/2017\/03\/Depositphotos_52453617_l-2015-300x194.jpg 300w, https:\/\/www.immobilienbusiness.ch\/wp-content\/uploads\/2017\/03\/Depositphotos_52453617_l-2015-1024x662.jpg 1024w, https:\/\/www.immobilienbusiness.ch\/wp-content\/uploads\/2017\/03\/Depositphotos_52453617_l-2015-768x497.jpg 768w, https:\/\/www.immobilienbusiness.ch\/wp-content\/uploads\/2017\/03\/Depositphotos_52453617_l-2015-1536x993.jpg 1536w, https:\/\/www.immobilienbusiness.ch\/wp-content\/uploads\/2017\/03\/Depositphotos_52453617_l-2015-16x10.jpg 16w, https:\/\/www.immobilienbusiness.ch\/wp-content\/uploads\/2017\/03\/Depositphotos_52453617_l-2015-271x175.jpg 271w, https:\/\/www.immobilienbusiness.ch\/wp-content\/uploads\/2017\/03\/Depositphotos_52453617_l-2015-541x350.jpg 541w, https:\/\/www.immobilienbusiness.ch\/wp-content\/uploads\/2017\/03\/Depositphotos_52453617_l-2015-1237x800.jpg 1237w, https:\/\/www.immobilienbusiness.ch\/wp-content\/uploads\/2017\/03\/Depositphotos_52453617_l-2015-920x595.jpg 920w, https:\/\/www.immobilienbusiness.ch\/wp-content\/uploads\/2017\/03\/Depositphotos_52453617_l-2015-1400x905.jpg 1400w\" sizes=\"auto, (max-width: 680px) 100vw, 680px\" \/><figcaption id=\"caption-attachment-6721\" class=\"wp-caption-text\">Riccardo Ferreira joins the Fundamenta Group management team (Photo: Rawpixel - depositphotos)<\/figcaption><\/figure>\n<p>With immediate effect, Ricardo Ferreira assumes overall responsibility for the \"Investment Management\" division at Fundamenta and also joins the company's management team. The division comprises portfolio, portfolio and transaction management. Ferreira has worked for the company since 2009. He holds a Master's degree in Real Estate Management (HSLU\/FHZ).<\/p>\n<p>Benjamin B\u00fcecheler has been appointed Head of Investment Management. He has been working for the company in this area for more than three years. In his new role, he will be responsible for the operational management of the \"Portfolio Management\" department. B\u00fcecheler is a federally certified real estate fiduciary, a real estate appraiser with a federal diploma and a real estate manager with a federal diploma.<\/p>\n<p>\"We are convinced that these appointments will set a course that will positively influence the further development of our company,\" says Daniel Kuster, CEO of Fundamenta Group.<\/p>","protected":false},"excerpt":{"rendered":"<p>Ricardo Ferreira joins the Fundamenta Group management team.<\/p>","protected":false},"author":3,"featured_media":6721,"comment_status":"open","ping_status":"open","sticky":false,"template":"","format":"standard","meta":{"_acf_changed":false,"_yoast_wpseo_focuskw":"Fundamenta","_yoast_wpseo_title":"","_yoast_wpseo_metadesc":"Ricardo Ferreira zieht in die Gesch\u00e4ftsleitung der Fundamenta Group ein. Er \u00fcbernimmt auch die Verantwortung f\u00fcr den Bereich Investment Management.","_yoast_wpseo_linkdex":58,"pgc_sgb_lightbox_settings":"","footnotes":""},"categories":[988],"tags":[1563,1807],"class_list":["post-11199","post","type-post","status-publish","format-standard","has-post-thumbnail","hentry","category-unternehmen","tag-personalia","tag-unternehmen"],"acf":[],"yoast_head":"<!-- This site is optimized with the Yoast SEO plugin v27.4 - https:\/\/yoast.com\/product\/yoast-seo-wordpress\/ -->\n<title>Fundamenta erweitert Gesch\u00e4ftsleitung - IMMOBILIEN Business<\/title>\n<meta name=\"description\" content=\"Ricardo Ferreira zieht in die Gesch\u00e4ftsleitung der Fundamenta Group ein. Er \u00fcbernimmt auch die Verantwortung f\u00fcr den Bereich Investment Management.\" \/>\n<meta name=\"robots\" content=\"index, follow, max-snippet:-1, max-image-preview:large, max-video-preview:-1\" \/>\n<link rel=\"canonical\" href=\"https:\/\/www.immobilienbusiness.ch\/en\/unternehmen\/2018-02-02\/fundamente-erweitert-geschaeftsleitung\/\" \/>\n<meta property=\"og:locale\" content=\"en_US\" \/>\n<meta property=\"og:type\" content=\"article\" \/>\n<meta property=\"og:title\" content=\"Fundamenta erweitert Gesch\u00e4ftsleitung\" \/>\n<meta property=\"og:description\" content=\"Ricardo Ferreira zieht in die Gesch\u00e4ftsleitung der Fundamenta Group ein. Er \u00fcbernimmt auch die Verantwortung f\u00fcr den Bereich Investment Management.\" \/>\n<meta property=\"og:url\" content=\"https:\/\/www.immobilienbusiness.ch\/en\/unternehmen\/2018-02-02\/fundamente-erweitert-geschaeftsleitung\/\" \/>\n<meta property=\"og:site_name\" content=\"IMMOBILIEN Business\" \/>\n<meta property=\"article:publisher\" content=\"https:\/\/www.facebook.com\/immobilienbusiness\/\" \/>\n<meta property=\"article:published_time\" content=\"2018-02-02T07:04:46+00:00\" \/>\n<meta property=\"og:image\" content=\"https:\/\/www.immobilienbusiness.ch\/wp-content\/uploads\/2017\/03\/Depositphotos_52453617_l-2015-1024x662.jpg\" \/>\n\t<meta property=\"og:image:width\" content=\"1024\" \/>\n\t<meta property=\"og:image:height\" content=\"662\" \/>\n\t<meta property=\"og:image:type\" content=\"image\/jpeg\" \/>\n<meta name=\"author\" content=\"anja.hall\" \/>\n<meta name=\"twitter:card\" content=\"summary_large_image\" \/>\n<meta name=\"twitter:title\" content=\"Fundamenta erweitert Gesch\u00e4ftsleitung\" \/>\n<meta name=\"twitter:image\" content=\"https:\/\/www.immobilienbusiness.ch\/wp-content\/uploads\/2017\/03\/Depositphotos_52453617_l-2015.jpg\" \/>\n<script type=\"application\/ld+json\" class=\"yoast-schema-graph\">{\"@context\":\"https:\\\/\\\/schema.org\",\"@graph\":[{\"@type\":\"Article\",\"@id\":\"https:\\\/\\\/www.immobilienbusiness.ch\\\/unternehmen\\\/2018-02-02\\\/fundamente-erweitert-geschaeftsleitung\\\/#article\",\"isPartOf\":{\"@id\":\"https:\\\/\\\/www.immobilienbusiness.ch\\\/unternehmen\\\/2018-02-02\\\/fundamente-erweitert-geschaeftsleitung\\\/\"},\"author\":{\"name\":\"anja.hall\",\"@id\":\"https:\\\/\\\/www.immobilienbusiness.ch\\\/#\\\/schema\\\/person\\\/3fc036297b10b9f42d6db5ee932af8c8\"},\"headline\":\"Fundamenta erweitert Gesch\u00e4ftsleitung\",\"datePublished\":\"2018-02-02T07:04:46+00:00\",\"mainEntityOfPage\":{\"@id\":\"https:\\\/\\\/www.immobilienbusiness.ch\\\/unternehmen\\\/2018-02-02\\\/fundamente-erweitert-geschaeftsleitung\\\/\"},\"wordCount\":156,\"commentCount\":0,\"publisher\":{\"@id\":\"https:\\\/\\\/www.immobilienbusiness.ch\\\/#organization\"},\"image\":{\"@id\":\"https:\\\/\\\/www.immobilienbusiness.ch\\\/unternehmen\\\/2018-02-02\\\/fundamente-erweitert-geschaeftsleitung\\\/#primaryimage\"},\"thumbnailUrl\":\"https:\\\/\\\/www.immobilienbusiness.ch\\\/wp-content\\\/uploads\\\/2017\\\/03\\\/Depositphotos_52453617_l-2015.jpg\",\"keywords\":[\"Personalia\",\"Unternehmen\"],\"articleSection\":[\"UNTERNEHMEN\"],\"inLanguage\":\"en-US\"},{\"@type\":\"WebPage\",\"@id\":\"https:\\\/\\\/www.immobilienbusiness.ch\\\/unternehmen\\\/2018-02-02\\\/fundamente-erweitert-geschaeftsleitung\\\/\",\"url\":\"https:\\\/\\\/www.immobilienbusiness.ch\\\/unternehmen\\\/2018-02-02\\\/fundamente-erweitert-geschaeftsleitung\\\/\",\"name\":\"Fundamenta erweitert Gesch\u00e4ftsleitung - IMMOBILIEN Business\",\"isPartOf\":{\"@id\":\"https:\\\/\\\/www.immobilienbusiness.ch\\\/#website\"},\"primaryImageOfPage\":{\"@id\":\"https:\\\/\\\/www.immobilienbusiness.ch\\\/unternehmen\\\/2018-02-02\\\/fundamente-erweitert-geschaeftsleitung\\\/#primaryimage\"},\"image\":{\"@id\":\"https:\\\/\\\/www.immobilienbusiness.ch\\\/unternehmen\\\/2018-02-02\\\/fundamente-erweitert-geschaeftsleitung\\\/#primaryimage\"},\"thumbnailUrl\":\"https:\\\/\\\/www.immobilienbusiness.ch\\\/wp-content\\\/uploads\\\/2017\\\/03\\\/Depositphotos_52453617_l-2015.jpg\",\"datePublished\":\"2018-02-02T07:04:46+00:00\",\"description\":\"Ricardo Ferreira zieht in die Gesch\u00e4ftsleitung der Fundamenta Group ein. Er \u00fcbernimmt auch die Verantwortung f\u00fcr den Bereich Investment Management.\",\"breadcrumb\":{\"@id\":\"https:\\\/\\\/www.immobilienbusiness.ch\\\/unternehmen\\\/2018-02-02\\\/fundamente-erweitert-geschaeftsleitung\\\/#breadcrumb\"},\"inLanguage\":\"en-US\",\"potentialAction\":[{\"@type\":\"ReadAction\",\"target\":[\"https:\\\/\\\/www.immobilienbusiness.ch\\\/unternehmen\\\/2018-02-02\\\/fundamente-erweitert-geschaeftsleitung\\\/\"]}]},{\"@type\":\"ImageObject\",\"inLanguage\":\"en-US\",\"@id\":\"https:\\\/\\\/www.immobilienbusiness.ch\\\/unternehmen\\\/2018-02-02\\\/fundamente-erweitert-geschaeftsleitung\\\/#primaryimage\",\"url\":\"https:\\\/\\\/www.immobilienbusiness.ch\\\/wp-content\\\/uploads\\\/2017\\\/03\\\/Depositphotos_52453617_l-2015.jpg\",\"contentUrl\":\"https:\\\/\\\/www.immobilienbusiness.ch\\\/wp-content\\\/uploads\\\/2017\\\/03\\\/Depositphotos_52453617_l-2015.jpg\",\"width\":2000,\"height\":1293,\"caption\":\"Dominic\u00e9 vermeldet einen Neuzugang im Immobilienbereich (Foto: Rawpixel - depositphotos)\"},{\"@type\":\"BreadcrumbList\",\"@id\":\"https:\\\/\\\/www.immobilienbusiness.ch\\\/unternehmen\\\/2018-02-02\\\/fundamente-erweitert-geschaeftsleitung\\\/#breadcrumb\",\"itemListElement\":[{\"@type\":\"ListItem\",\"position\":1,\"name\":\"Home\",\"item\":\"https:\\\/\\\/www.immobilienbusiness.ch\\\/\"},{\"@type\":\"ListItem\",\"position\":2,\"name\":\"Fundamenta erweitert Gesch\u00e4ftsleitung\"}]},{\"@type\":\"WebSite\",\"@id\":\"https:\\\/\\\/www.immobilienbusiness.ch\\\/#website\",\"url\":\"https:\\\/\\\/www.immobilienbusiness.ch\\\/\",\"name\":\"IMMOBILIEN Business\",\"description\":\"Unabh\u00e4ngiges Schweizer Wirtschaftsmagazin mit Fokus auf Immobilien, Architektur- und Bau sowie Investment- und Finanzierung.\",\"publisher\":{\"@id\":\"https:\\\/\\\/www.immobilienbusiness.ch\\\/#organization\"},\"potentialAction\":[{\"@type\":\"SearchAction\",\"target\":{\"@type\":\"EntryPoint\",\"urlTemplate\":\"https:\\\/\\\/www.immobilienbusiness.ch\\\/?s={search_term_string}\"},\"query-input\":{\"@type\":\"PropertyValueSpecification\",\"valueRequired\":true,\"valueName\":\"search_term_string\"}}],\"inLanguage\":\"en-US\"},{\"@type\":\"Organization\",\"@id\":\"https:\\\/\\\/www.immobilienbusiness.ch\\\/#organization\",\"name\":\"IMMOBILIEN Business\",\"url\":\"https:\\\/\\\/www.immobilienbusiness.ch\\\/\",\"logo\":{\"@type\":\"ImageObject\",\"inLanguage\":\"en-US\",\"@id\":\"https:\\\/\\\/www.immobilienbusiness.ch\\\/#\\\/schema\\\/logo\\\/image\\\/\",\"url\":\"https:\\\/\\\/www.immobilienbusiness.ch\\\/wp-content\\\/uploads\\\/2021\\\/07\\\/logo_ib.png\",\"contentUrl\":\"https:\\\/\\\/www.immobilienbusiness.ch\\\/wp-content\\\/uploads\\\/2021\\\/07\\\/logo_ib.png\",\"width\":800,\"height\":181,\"caption\":\"IMMOBILIEN Business\"},\"image\":{\"@id\":\"https:\\\/\\\/www.immobilienbusiness.ch\\\/#\\\/schema\\\/logo\\\/image\\\/\"},\"sameAs\":[\"https:\\\/\\\/www.facebook.com\\\/immobilienbusiness\\\/\"]},{\"@type\":\"Person\",\"@id\":\"https:\\\/\\\/www.immobilienbusiness.ch\\\/#\\\/schema\\\/person\\\/3fc036297b10b9f42d6db5ee932af8c8\",\"name\":\"anja.hall\",\"image\":{\"@type\":\"ImageObject\",\"inLanguage\":\"en-US\",\"@id\":\"https:\\\/\\\/secure.gravatar.com\\\/avatar\\\/066b5a0d447013502c71a5782f4f3469f03cfe595cc2329fb94652fe47511bfb?s=96&d=mm&r=g\",\"url\":\"https:\\\/\\\/secure.gravatar.com\\\/avatar\\\/066b5a0d447013502c71a5782f4f3469f03cfe595cc2329fb94652fe47511bfb?s=96&d=mm&r=g\",\"contentUrl\":\"https:\\\/\\\/secure.gravatar.com\\\/avatar\\\/066b5a0d447013502c71a5782f4f3469f03cfe595cc2329fb94652fe47511bfb?s=96&d=mm&r=g\",\"caption\":\"anja.hall\"},\"url\":\"https:\\\/\\\/www.immobilienbusiness.ch\\\/en\\\/author\\\/anja-hall\\\/\"}]}<\/script>\n<!-- \/ Yoast SEO plugin. -->","yoast_head_json":{"title":"Fundamenta erweitert Gesch\u00e4ftsleitung - IMMOBILIEN Business","description":"Ricardo Ferreira zieht in die Gesch\u00e4ftsleitung der Fundamenta Group ein. Er \u00fcbernimmt auch die Verantwortung f\u00fcr den Bereich Investment Management.","robots":{"index":"index","follow":"follow","max-snippet":"max-snippet:-1","max-image-preview":"max-image-preview:large","max-video-preview":"max-video-preview:-1"},"canonical":"https:\/\/www.immobilienbusiness.ch\/en\/unternehmen\/2018-02-02\/fundamente-erweitert-geschaeftsleitung\/","og_locale":"en_US","og_type":"article","og_title":"Fundamenta erweitert Gesch\u00e4ftsleitung","og_description":"Ricardo Ferreira zieht in die Gesch\u00e4ftsleitung der Fundamenta Group ein. Er \u00fcbernimmt auch die Verantwortung f\u00fcr den Bereich Investment Management.","og_url":"https:\/\/www.immobilienbusiness.ch\/en\/unternehmen\/2018-02-02\/fundamente-erweitert-geschaeftsleitung\/","og_site_name":"IMMOBILIEN Business","article_publisher":"https:\/\/www.facebook.com\/immobilienbusiness\/","article_published_time":"2018-02-02T07:04:46+00:00","og_image":[{"width":1024,"height":662,"url":"https:\/\/www.immobilienbusiness.ch\/wp-content\/uploads\/2017\/03\/Depositphotos_52453617_l-2015-1024x662.jpg","type":"image\/jpeg"}],"author":"anja.hall","twitter_card":"summary_large_image","twitter_title":"Fundamenta erweitert Gesch\u00e4ftsleitung","twitter_image":"https:\/\/www.immobilienbusiness.ch\/wp-content\/uploads\/2017\/03\/Depositphotos_52453617_l-2015.jpg","schema":{"@context":"https:\/\/schema.org","@graph":[{"@type":"Article","@id":"https:\/\/www.immobilienbusiness.ch\/unternehmen\/2018-02-02\/fundamente-erweitert-geschaeftsleitung\/#article","isPartOf":{"@id":"https:\/\/www.immobilienbusiness.ch\/unternehmen\/2018-02-02\/fundamente-erweitert-geschaeftsleitung\/"},"author":{"name":"anja.hall","@id":"https:\/\/www.immobilienbusiness.ch\/#\/schema\/person\/3fc036297b10b9f42d6db5ee932af8c8"},"headline":"Fundamenta erweitert Gesch\u00e4ftsleitung","datePublished":"2018-02-02T07:04:46+00:00","mainEntityOfPage":{"@id":"https:\/\/www.immobilienbusiness.ch\/unternehmen\/2018-02-02\/fundamente-erweitert-geschaeftsleitung\/"},"wordCount":156,"commentCount":0,"publisher":{"@id":"https:\/\/www.immobilienbusiness.ch\/#organization"},"image":{"@id":"https:\/\/www.immobilienbusiness.ch\/unternehmen\/2018-02-02\/fundamente-erweitert-geschaeftsleitung\/#primaryimage"},"thumbnailUrl":"https:\/\/www.immobilienbusiness.ch\/wp-content\/uploads\/2017\/03\/Depositphotos_52453617_l-2015.jpg","keywords":["Personalia","Unternehmen"],"articleSection":["UNTERNEHMEN"],"inLanguage":"en-US"},{"@type":"WebPage","@id":"https:\/\/www.immobilienbusiness.ch\/unternehmen\/2018-02-02\/fundamente-erweitert-geschaeftsleitung\/","url":"https:\/\/www.immobilienbusiness.ch\/unternehmen\/2018-02-02\/fundamente-erweitert-geschaeftsleitung\/","name":"Fundamenta erweitert Gesch\u00e4ftsleitung - IMMOBILIEN Business","isPartOf":{"@id":"https:\/\/www.immobilienbusiness.ch\/#website"},"primaryImageOfPage":{"@id":"https:\/\/www.immobilienbusiness.ch\/unternehmen\/2018-02-02\/fundamente-erweitert-geschaeftsleitung\/#primaryimage"},"image":{"@id":"https:\/\/www.immobilienbusiness.ch\/unternehmen\/2018-02-02\/fundamente-erweitert-geschaeftsleitung\/#primaryimage"},"thumbnailUrl":"https:\/\/www.immobilienbusiness.ch\/wp-content\/uploads\/2017\/03\/Depositphotos_52453617_l-2015.jpg","datePublished":"2018-02-02T07:04:46+00:00","description":"Ricardo Ferreira zieht in die Gesch\u00e4ftsleitung der Fundamenta Group ein. Er \u00fcbernimmt auch die Verantwortung f\u00fcr den Bereich Investment Management.","breadcrumb":{"@id":"https:\/\/www.immobilienbusiness.ch\/unternehmen\/2018-02-02\/fundamente-erweitert-geschaeftsleitung\/#breadcrumb"},"inLanguage":"en-US","potentialAction":[{"@type":"ReadAction","target":["https:\/\/www.immobilienbusiness.ch\/unternehmen\/2018-02-02\/fundamente-erweitert-geschaeftsleitung\/"]}]},{"@type":"ImageObject","inLanguage":"en-US","@id":"https:\/\/www.immobilienbusiness.ch\/unternehmen\/2018-02-02\/fundamente-erweitert-geschaeftsleitung\/#primaryimage","url":"https:\/\/www.immobilienbusiness.ch\/wp-content\/uploads\/2017\/03\/Depositphotos_52453617_l-2015.jpg","contentUrl":"https:\/\/www.immobilienbusiness.ch\/wp-content\/uploads\/2017\/03\/Depositphotos_52453617_l-2015.jpg","width":2000,"height":1293,"caption":"Dominic\u00e9 vermeldet einen Neuzugang im Immobilienbereich (Foto: Rawpixel - depositphotos)"},{"@type":"BreadcrumbList","@id":"https:\/\/www.immobilienbusiness.ch\/unternehmen\/2018-02-02\/fundamente-erweitert-geschaeftsleitung\/#breadcrumb","itemListElement":[{"@type":"ListItem","position":1,"name":"Home","item":"https:\/\/www.immobilienbusiness.ch\/"},{"@type":"ListItem","position":2,"name":"Fundamenta erweitert Gesch\u00e4ftsleitung"}]},{"@type":"WebSite","@id":"https:\/\/www.immobilienbusiness.ch\/#website","url":"https:\/\/www.immobilienbusiness.ch\/","name":"REAL ESTATE Business","description":"Independent Swiss business magazine focusing on real estate, architecture and construction as well as investment and financing.","publisher":{"@id":"https:\/\/www.immobilienbusiness.ch\/#organization"},"potentialAction":[{"@type":"SearchAction","target":{"@type":"EntryPoint","urlTemplate":"https:\/\/www.immobilienbusiness.ch\/?s={search_term_string}"},"query-input":{"@type":"PropertyValueSpecification","valueRequired":true,"valueName":"search_term_string"}}],"inLanguage":"en-US"},{"@type":"Organization","@id":"https:\/\/www.immobilienbusiness.ch\/#organization","name":"REAL ESTATE Business","url":"https:\/\/www.immobilienbusiness.ch\/","logo":{"@type":"ImageObject","inLanguage":"en-US","@id":"https:\/\/www.immobilienbusiness.ch\/#\/schema\/logo\/image\/","url":"https:\/\/www.immobilienbusiness.ch\/wp-content\/uploads\/2021\/07\/logo_ib.png","contentUrl":"https:\/\/www.immobilienbusiness.ch\/wp-content\/uploads\/2021\/07\/logo_ib.png","width":800,"height":181,"caption":"IMMOBILIEN Business"},"image":{"@id":"https:\/\/www.immobilienbusiness.ch\/#\/schema\/logo\/image\/"},"sameAs":["https:\/\/www.facebook.com\/immobilienbusiness\/"]},{"@type":"Person","@id":"https:\/\/www.immobilienbusiness.ch\/#\/schema\/person\/3fc036297b10b9f42d6db5ee932af8c8","name":"anja.hall","image":{"@type":"ImageObject","inLanguage":"en-US","@id":"https:\/\/secure.gravatar.com\/avatar\/066b5a0d447013502c71a5782f4f3469f03cfe595cc2329fb94652fe47511bfb?s=96&d=mm&r=g","url":"https:\/\/secure.gravatar.com\/avatar\/066b5a0d447013502c71a5782f4f3469f03cfe595cc2329fb94652fe47511bfb?s=96&d=mm&r=g","contentUrl":"https:\/\/secure.gravatar.com\/avatar\/066b5a0d447013502c71a5782f4f3469f03cfe595cc2329fb94652fe47511bfb?s=96&d=mm&r=g","caption":"anja.hall"},"url":"https:\/\/www.immobilienbusiness.ch\/en\/author\/anja-hall\/"}]}},"_links":{"self":[{"href":"https:\/\/www.immobilienbusiness.ch\/en\/wp-json\/wp\/v2\/posts\/11199","targetHints":{"allow":["GET"]}}],"collection":[{"href":"https:\/\/www.immobilienbusiness.ch\/en\/wp-json\/wp\/v2\/posts"}],"about":[{"href":"https:\/\/www.immobilienbusiness.ch\/en\/wp-json\/wp\/v2\/types\/post"}],"author":[{"embeddable":true,"href":"https:\/\/www.immobilienbusiness.ch\/en\/wp-json\/wp\/v2\/users\/3"}],"replies":[{"embeddable":true,"href":"https:\/\/www.immobilienbusiness.ch\/en\/wp-json\/wp\/v2\/comments?post=11199"}],"version-history":[{"count":0,"href":"https:\/\/www.immobilienbusiness.ch\/en\/wp-json\/wp\/v2\/posts\/11199\/revisions"}],"wp:featuredmedia":[{"embeddable":true,"href":"https:\/\/www.immobilienbusiness.ch\/en\/wp-json\/wp\/v2\/media\/6721"}],"wp:attachment":[{"href":"https:\/\/www.immobilienbusiness.ch\/en\/wp-json\/wp\/v2\/media?parent=11199"}],"wp:term":[{"taxonomy":"category","embeddable":true,"href":"https:\/\/www.immobilienbusiness.ch\/en\/wp-json\/wp\/v2\/categories?post=11199"},{"taxonomy":"post_tag","embeddable":true,"href":"https:\/\/www.immobilienbusiness.ch\/en\/wp-json\/wp\/v2\/tags?post=11199"}],"curies":[{"name":"wp","href":"https:\/\/api.w.org\/{rel}","templated":true}]}}