{"id":1087,"date":"2016-11-09T09:26:05","date_gmt":"2016-11-09T08:26:05","guid":{"rendered":"http:\/\/dev.immobilienbusiness.ch\/?p=1087"},"modified":"2016-11-09T09:26:05","modified_gmt":"2016-11-09T08:26:05","slug":"zuerich-grundsteinlegung-fuer-kunsthaus-erweiterung","status":"publish","type":"post","link":"https:\/\/www.immobilienbusiness.ch\/en\/allgemein\/2016-11-09\/zuerich-grundsteinlegung-fuer-kunsthaus-erweiterung\/","title":{"rendered":"Zurich: Laying of the foundation stone for Kunsthaus extension"},"content":{"rendered":"<figure id=\"attachment_5146\" aria-describedby=\"caption-attachment-5146\" style=\"width: 680px\" class=\"wp-caption alignnone\"><img loading=\"lazy\" decoding=\"async\" class=\"wp-image-5146 size-medium\" src=\"https:\/\/immobilienbusiness.ch\/wp-content\/uploads\/2016\/11\/Z\u00fcrich-Grundsteinlegung-f\u00fcr-Kunsthaus-Erweiterung-immobilien-business.jpg\" width=\"680\" height=\"454\" \/><figcaption id=\"caption-attachment-5146\" class=\"wp-caption-text\">Extension Kunsthaus Z\u00fcrich: The excavation pit with a view over Heimplatz in September 2016 (\u00a9 Juliet Haller)<\/figcaption><\/figure>\n<p>The New Kunsthaus not only offers more exhibition space, but also contributes to the strengthening of Zurich as a city of culture and to the development of Heimplatz as a place of culture, according to EGKE. The new building and the associated Garden of Art will also offer attractive recreational and leisure opportunities for the public. The building, designed by David Chipperfield, is also a key project for Zurich in terms of urban development - the new Kunsthaus marks the gateway to the university area - and architecture.<\/p>\n<p>The client is satisfied with the project status: The costs are within budget and the deadlines are on track. The opening is planned for 2020. The Kunsthaus extension will be financed by contributions of CHF 88 million each from the Z\u00fcrcher Kunstgesellschaft (ZKG) and the city of Zurich. The canton is contributing 30 million from the lottery fund. In addition, the canton is granting the Z\u00fcrcher Kunsthaus Foundation (SZK) an interest-free, permanent building lease on the property. The total contribution of CHF 206 million is based on the target costs of CHF 180 million and reserves. (ah)<\/p>","protected":false},"excerpt":{"rendered":"<p>On November 8, 2016, the foundation stone was laid for the Kunsthaus extension on Heimplatz. The building owners - the City of Zurich, the Z\u00fcrcher Kunstgesellschaft and the Stiftung Z\u00fcrcher Kunsthaus, united in the Einfache Gesellschaft Kunsthaus-Erweiterung (EGKE) - consider the occasion a milestone for the major project.<\/p>","protected":false},"author":1,"featured_media":5146,"comment_status":"open","ping_status":"open","sticky":false,"template":"","format":"standard","meta":{"_acf_changed":false,"_yoast_wpseo_focuskw":"Grundsteinlegung","_yoast_wpseo_title":"","_yoast_wpseo_metadesc":"Der Grundstein f\u00fcr den Erweiterungsbau des Kunsthauses am Heimplatz wurde gelegt.","_yoast_wpseo_linkdex":46,"pgc_sgb_lightbox_settings":"","footnotes":""},"categories":[1],"tags":[1888],"class_list":["post-1087","post","type-post","status-publish","format-standard","has-post-thumbnail","hentry","category-allgemein","tag-zuerich"],"acf":[],"yoast_head":"<!-- This site is optimized with the Yoast SEO plugin v27.5 - https:\/\/yoast.com\/product\/yoast-seo-wordpress\/ -->\n<title>Z\u00fcrich: Grundsteinlegung f\u00fcr Kunsthaus-Erweiterung - IMMOBILIEN Business<\/title>\n<meta name=\"description\" content=\"Der Grundstein f\u00fcr den Erweiterungsbau des Kunsthauses am Heimplatz wurde gelegt.\" \/>\n<meta name=\"robots\" content=\"index, follow, max-snippet:-1, max-image-preview:large, max-video-preview:-1\" \/>\n<link rel=\"canonical\" href=\"https:\/\/www.immobilienbusiness.ch\/en\/allgemein\/2016-11-09\/zuerich-grundsteinlegung-fuer-kunsthaus-erweiterung\/\" \/>\n<meta property=\"og:locale\" content=\"en_US\" \/>\n<meta property=\"og:type\" content=\"article\" \/>\n<meta property=\"og:title\" content=\"Z\u00fcrich: Grundsteinlegung f\u00fcr Kunsthaus-Erweiterung\" \/>\n<meta property=\"og:description\" content=\"Am 8. November 2016 wurde der Grundstein f\u00fcr den Erweiterungsbau des Kunsthauses am Heimplatz gelegt. Die Bauherrschaft \u2013 die Stadt Z\u00fcrich, die Z\u00fcrcher Kunstgesellschaft und die Stiftung Z\u00fcrcher Kunsthaus, zusammengeschlossen in der Einfachen Gesellschaft Kunsthaus-Erweiterung (EGKE) \u2013 betrachtet den Anlass als Meilenstein f\u00fcr das Grossprojekt.\" \/>\n<meta property=\"og:url\" content=\"https:\/\/www.immobilienbusiness.ch\/en\/allgemein\/2016-11-09\/zuerich-grundsteinlegung-fuer-kunsthaus-erweiterung\/\" \/>\n<meta property=\"og:site_name\" content=\"IMMOBILIEN Business\" \/>\n<meta property=\"article:publisher\" content=\"https:\/\/www.facebook.com\/immobilienbusiness\/\" \/>\n<meta property=\"article:published_time\" content=\"2016-11-09T08:26:05+00:00\" \/>\n<meta name=\"author\" content=\"Redaktion\" \/>\n<meta name=\"twitter:card\" content=\"summary_large_image\" \/>\n<meta name=\"twitter:image\" content=\"https:\/\/www.immobilienbusiness.ch\/wp-content\/uploads\/2016\/11\/Zuerich-Grundsteinlegung-fuer-Kunsthaus-Erweiterung-immobilien-business.jpg\" \/>\n<script type=\"application\/ld+json\" class=\"yoast-schema-graph\">{\"@context\":\"https:\\\/\\\/schema.org\",\"@graph\":[{\"@type\":\"Article\",\"@id\":\"https:\\\/\\\/www.immobilienbusiness.ch\\\/en\\\/allgemein\\\/2016-11-09\\\/zuerich-grundsteinlegung-fuer-kunsthaus-erweiterung\\\/#article\",\"isPartOf\":{\"@id\":\"https:\\\/\\\/www.immobilienbusiness.ch\\\/en\\\/allgemein\\\/2016-11-09\\\/zuerich-grundsteinlegung-fuer-kunsthaus-erweiterung\\\/\"},\"author\":{\"name\":\"Redaktion\",\"@id\":\"https:\\\/\\\/www.immobilienbusiness.ch\\\/#\\\/schema\\\/person\\\/aa2bace6c5c5aad60102004a50c4eb1c\"},\"headline\":\"Z\u00fcrich: Grundsteinlegung f\u00fcr Kunsthaus-Erweiterung\",\"datePublished\":\"2016-11-09T08:26:05+00:00\",\"mainEntityOfPage\":{\"@id\":\"https:\\\/\\\/www.immobilienbusiness.ch\\\/en\\\/allgemein\\\/2016-11-09\\\/zuerich-grundsteinlegung-fuer-kunsthaus-erweiterung\\\/\"},\"wordCount\":210,\"commentCount\":0,\"publisher\":{\"@id\":\"https:\\\/\\\/www.immobilienbusiness.ch\\\/#organization\"},\"image\":{\"@id\":\"https:\\\/\\\/www.immobilienbusiness.ch\\\/en\\\/allgemein\\\/2016-11-09\\\/zuerich-grundsteinlegung-fuer-kunsthaus-erweiterung\\\/#primaryimage\"},\"thumbnailUrl\":\"https:\\\/\\\/www.immobilienbusiness.ch\\\/wp-content\\\/uploads\\\/2016\\\/11\\\/Zuerich-Grundsteinlegung-fuer-Kunsthaus-Erweiterung-immobilien-business.jpg\",\"keywords\":[\"Z\u00fcrich\"],\"articleSection\":[\"Allgemein\"],\"inLanguage\":\"en-US\"},{\"@type\":\"WebPage\",\"@id\":\"https:\\\/\\\/www.immobilienbusiness.ch\\\/en\\\/allgemein\\\/2016-11-09\\\/zuerich-grundsteinlegung-fuer-kunsthaus-erweiterung\\\/\",\"url\":\"https:\\\/\\\/www.immobilienbusiness.ch\\\/en\\\/allgemein\\\/2016-11-09\\\/zuerich-grundsteinlegung-fuer-kunsthaus-erweiterung\\\/\",\"name\":\"Z\u00fcrich: Grundsteinlegung f\u00fcr Kunsthaus-Erweiterung - IMMOBILIEN Business\",\"isPartOf\":{\"@id\":\"https:\\\/\\\/www.immobilienbusiness.ch\\\/#website\"},\"primaryImageOfPage\":{\"@id\":\"https:\\\/\\\/www.immobilienbusiness.ch\\\/en\\\/allgemein\\\/2016-11-09\\\/zuerich-grundsteinlegung-fuer-kunsthaus-erweiterung\\\/#primaryimage\"},\"image\":{\"@id\":\"https:\\\/\\\/www.immobilienbusiness.ch\\\/en\\\/allgemein\\\/2016-11-09\\\/zuerich-grundsteinlegung-fuer-kunsthaus-erweiterung\\\/#primaryimage\"},\"thumbnailUrl\":\"https:\\\/\\\/www.immobilienbusiness.ch\\\/wp-content\\\/uploads\\\/2016\\\/11\\\/Zuerich-Grundsteinlegung-fuer-Kunsthaus-Erweiterung-immobilien-business.jpg\",\"datePublished\":\"2016-11-09T08:26:05+00:00\",\"description\":\"Der Grundstein f\u00fcr den Erweiterungsbau des Kunsthauses am Heimplatz wurde gelegt.\",\"breadcrumb\":{\"@id\":\"https:\\\/\\\/www.immobilienbusiness.ch\\\/en\\\/allgemein\\\/2016-11-09\\\/zuerich-grundsteinlegung-fuer-kunsthaus-erweiterung\\\/#breadcrumb\"},\"inLanguage\":\"en-US\",\"potentialAction\":[{\"@type\":\"ReadAction\",\"target\":[\"https:\\\/\\\/www.immobilienbusiness.ch\\\/en\\\/allgemein\\\/2016-11-09\\\/zuerich-grundsteinlegung-fuer-kunsthaus-erweiterung\\\/\"]}]},{\"@type\":\"ImageObject\",\"inLanguage\":\"en-US\",\"@id\":\"https:\\\/\\\/www.immobilienbusiness.ch\\\/en\\\/allgemein\\\/2016-11-09\\\/zuerich-grundsteinlegung-fuer-kunsthaus-erweiterung\\\/#primaryimage\",\"url\":\"https:\\\/\\\/www.immobilienbusiness.ch\\\/wp-content\\\/uploads\\\/2016\\\/11\\\/Zuerich-Grundsteinlegung-fuer-Kunsthaus-Erweiterung-immobilien-business.jpg\",\"contentUrl\":\"https:\\\/\\\/www.immobilienbusiness.ch\\\/wp-content\\\/uploads\\\/2016\\\/11\\\/Zuerich-Grundsteinlegung-fuer-Kunsthaus-Erweiterung-immobilien-business.jpg\",\"width\":1772,\"height\":1182,\"caption\":\"Erweiterung Kunsthaus Z\u00fcrich: Die Baugrube mit Blick \u00fcber den Heimplatz im September 2016 (\u00a9 Juliet Haller)\"},{\"@type\":\"BreadcrumbList\",\"@id\":\"https:\\\/\\\/www.immobilienbusiness.ch\\\/en\\\/allgemein\\\/2016-11-09\\\/zuerich-grundsteinlegung-fuer-kunsthaus-erweiterung\\\/#breadcrumb\",\"itemListElement\":[{\"@type\":\"ListItem\",\"position\":1,\"name\":\"Home\",\"item\":\"https:\\\/\\\/www.immobilienbusiness.ch\\\/\"},{\"@type\":\"ListItem\",\"position\":2,\"name\":\"Z\u00fcrich: Grundsteinlegung f\u00fcr Kunsthaus-Erweiterung\"}]},{\"@type\":\"WebSite\",\"@id\":\"https:\\\/\\\/www.immobilienbusiness.ch\\\/#website\",\"url\":\"https:\\\/\\\/www.immobilienbusiness.ch\\\/\",\"name\":\"IMMOBILIEN Business\",\"description\":\"Unabh\u00e4ngiges Schweizer Wirtschaftsmagazin mit Fokus auf Immobilien, Architektur- und Bau sowie Investment- und Finanzierung.\",\"publisher\":{\"@id\":\"https:\\\/\\\/www.immobilienbusiness.ch\\\/#organization\"},\"potentialAction\":[{\"@type\":\"SearchAction\",\"target\":{\"@type\":\"EntryPoint\",\"urlTemplate\":\"https:\\\/\\\/www.immobilienbusiness.ch\\\/?s={search_term_string}\"},\"query-input\":{\"@type\":\"PropertyValueSpecification\",\"valueRequired\":true,\"valueName\":\"search_term_string\"}}],\"inLanguage\":\"en-US\"},{\"@type\":\"Organization\",\"@id\":\"https:\\\/\\\/www.immobilienbusiness.ch\\\/#organization\",\"name\":\"IMMOBILIEN Business\",\"url\":\"https:\\\/\\\/www.immobilienbusiness.ch\\\/\",\"logo\":{\"@type\":\"ImageObject\",\"inLanguage\":\"en-US\",\"@id\":\"https:\\\/\\\/www.immobilienbusiness.ch\\\/#\\\/schema\\\/logo\\\/image\\\/\",\"url\":\"https:\\\/\\\/www.immobilienbusiness.ch\\\/wp-content\\\/uploads\\\/2021\\\/07\\\/logo_ib.png\",\"contentUrl\":\"https:\\\/\\\/www.immobilienbusiness.ch\\\/wp-content\\\/uploads\\\/2021\\\/07\\\/logo_ib.png\",\"width\":800,\"height\":181,\"caption\":\"IMMOBILIEN Business\"},\"image\":{\"@id\":\"https:\\\/\\\/www.immobilienbusiness.ch\\\/#\\\/schema\\\/logo\\\/image\\\/\"},\"sameAs\":[\"https:\\\/\\\/www.facebook.com\\\/immobilienbusiness\\\/\"]},{\"@type\":\"Person\",\"@id\":\"https:\\\/\\\/www.immobilienbusiness.ch\\\/#\\\/schema\\\/person\\\/aa2bace6c5c5aad60102004a50c4eb1c\",\"name\":\"Redaktion\",\"image\":{\"@type\":\"ImageObject\",\"inLanguage\":\"en-US\",\"@id\":\"https:\\\/\\\/secure.gravatar.com\\\/avatar\\\/ae2f4d718e6c49043e314ce431e7e645d646302a24a5ef5a8bc8e3f5a032e319?s=96&d=mm&r=g\",\"url\":\"https:\\\/\\\/secure.gravatar.com\\\/avatar\\\/ae2f4d718e6c49043e314ce431e7e645d646302a24a5ef5a8bc8e3f5a032e319?s=96&d=mm&r=g\",\"contentUrl\":\"https:\\\/\\\/secure.gravatar.com\\\/avatar\\\/ae2f4d718e6c49043e314ce431e7e645d646302a24a5ef5a8bc8e3f5a032e319?s=96&d=mm&r=g\",\"caption\":\"Redaktion\"},\"sameAs\":[\"http:\\\/\\\/develop.organisator.galledia.ch\"],\"url\":\"https:\\\/\\\/www.immobilienbusiness.ch\\\/en\\\/author\\\/admin\\\/\"}]}<\/script>\n<!-- \/ Yoast SEO plugin. -->","yoast_head_json":{"title":"Z\u00fcrich: Grundsteinlegung f\u00fcr Kunsthaus-Erweiterung - IMMOBILIEN Business","description":"Der Grundstein f\u00fcr den Erweiterungsbau des Kunsthauses am Heimplatz wurde gelegt.","robots":{"index":"index","follow":"follow","max-snippet":"max-snippet:-1","max-image-preview":"max-image-preview:large","max-video-preview":"max-video-preview:-1"},"canonical":"https:\/\/www.immobilienbusiness.ch\/en\/allgemein\/2016-11-09\/zuerich-grundsteinlegung-fuer-kunsthaus-erweiterung\/","og_locale":"en_US","og_type":"article","og_title":"Z\u00fcrich: Grundsteinlegung f\u00fcr Kunsthaus-Erweiterung","og_description":"Am 8. November 2016 wurde der Grundstein f\u00fcr den Erweiterungsbau des Kunsthauses am Heimplatz gelegt. Die Bauherrschaft \u2013 die Stadt Z\u00fcrich, die Z\u00fcrcher Kunstgesellschaft und die Stiftung Z\u00fcrcher Kunsthaus, zusammengeschlossen in der Einfachen Gesellschaft Kunsthaus-Erweiterung (EGKE) \u2013 betrachtet den Anlass als Meilenstein f\u00fcr das Grossprojekt.","og_url":"https:\/\/www.immobilienbusiness.ch\/en\/allgemein\/2016-11-09\/zuerich-grundsteinlegung-fuer-kunsthaus-erweiterung\/","og_site_name":"IMMOBILIEN Business","article_publisher":"https:\/\/www.facebook.com\/immobilienbusiness\/","article_published_time":"2016-11-09T08:26:05+00:00","author":"Redaktion","twitter_card":"summary_large_image","twitter_image":"https:\/\/www.immobilienbusiness.ch\/wp-content\/uploads\/2016\/11\/Zuerich-Grundsteinlegung-fuer-Kunsthaus-Erweiterung-immobilien-business.jpg","schema":{"@context":"https:\/\/schema.org","@graph":[{"@type":"Article","@id":"https:\/\/www.immobilienbusiness.ch\/en\/allgemein\/2016-11-09\/zuerich-grundsteinlegung-fuer-kunsthaus-erweiterung\/#article","isPartOf":{"@id":"https:\/\/www.immobilienbusiness.ch\/en\/allgemein\/2016-11-09\/zuerich-grundsteinlegung-fuer-kunsthaus-erweiterung\/"},"author":{"name":"Redaktion","@id":"https:\/\/www.immobilienbusiness.ch\/#\/schema\/person\/aa2bace6c5c5aad60102004a50c4eb1c"},"headline":"Z\u00fcrich: Grundsteinlegung f\u00fcr Kunsthaus-Erweiterung","datePublished":"2016-11-09T08:26:05+00:00","mainEntityOfPage":{"@id":"https:\/\/www.immobilienbusiness.ch\/en\/allgemein\/2016-11-09\/zuerich-grundsteinlegung-fuer-kunsthaus-erweiterung\/"},"wordCount":210,"commentCount":0,"publisher":{"@id":"https:\/\/www.immobilienbusiness.ch\/#organization"},"image":{"@id":"https:\/\/www.immobilienbusiness.ch\/en\/allgemein\/2016-11-09\/zuerich-grundsteinlegung-fuer-kunsthaus-erweiterung\/#primaryimage"},"thumbnailUrl":"https:\/\/www.immobilienbusiness.ch\/wp-content\/uploads\/2016\/11\/Zuerich-Grundsteinlegung-fuer-Kunsthaus-Erweiterung-immobilien-business.jpg","keywords":["Z\u00fcrich"],"articleSection":["Allgemein"],"inLanguage":"en-US"},{"@type":"WebPage","@id":"https:\/\/www.immobilienbusiness.ch\/en\/allgemein\/2016-11-09\/zuerich-grundsteinlegung-fuer-kunsthaus-erweiterung\/","url":"https:\/\/www.immobilienbusiness.ch\/en\/allgemein\/2016-11-09\/zuerich-grundsteinlegung-fuer-kunsthaus-erweiterung\/","name":"Z\u00fcrich: Grundsteinlegung f\u00fcr Kunsthaus-Erweiterung - IMMOBILIEN Business","isPartOf":{"@id":"https:\/\/www.immobilienbusiness.ch\/#website"},"primaryImageOfPage":{"@id":"https:\/\/www.immobilienbusiness.ch\/en\/allgemein\/2016-11-09\/zuerich-grundsteinlegung-fuer-kunsthaus-erweiterung\/#primaryimage"},"image":{"@id":"https:\/\/www.immobilienbusiness.ch\/en\/allgemein\/2016-11-09\/zuerich-grundsteinlegung-fuer-kunsthaus-erweiterung\/#primaryimage"},"thumbnailUrl":"https:\/\/www.immobilienbusiness.ch\/wp-content\/uploads\/2016\/11\/Zuerich-Grundsteinlegung-fuer-Kunsthaus-Erweiterung-immobilien-business.jpg","datePublished":"2016-11-09T08:26:05+00:00","description":"Der Grundstein f\u00fcr den Erweiterungsbau des Kunsthauses am Heimplatz wurde gelegt.","breadcrumb":{"@id":"https:\/\/www.immobilienbusiness.ch\/en\/allgemein\/2016-11-09\/zuerich-grundsteinlegung-fuer-kunsthaus-erweiterung\/#breadcrumb"},"inLanguage":"en-US","potentialAction":[{"@type":"ReadAction","target":["https:\/\/www.immobilienbusiness.ch\/en\/allgemein\/2016-11-09\/zuerich-grundsteinlegung-fuer-kunsthaus-erweiterung\/"]}]},{"@type":"ImageObject","inLanguage":"en-US","@id":"https:\/\/www.immobilienbusiness.ch\/en\/allgemein\/2016-11-09\/zuerich-grundsteinlegung-fuer-kunsthaus-erweiterung\/#primaryimage","url":"https:\/\/www.immobilienbusiness.ch\/wp-content\/uploads\/2016\/11\/Zuerich-Grundsteinlegung-fuer-Kunsthaus-Erweiterung-immobilien-business.jpg","contentUrl":"https:\/\/www.immobilienbusiness.ch\/wp-content\/uploads\/2016\/11\/Zuerich-Grundsteinlegung-fuer-Kunsthaus-Erweiterung-immobilien-business.jpg","width":1772,"height":1182,"caption":"Erweiterung Kunsthaus Z\u00fcrich: Die Baugrube mit Blick \u00fcber den Heimplatz im September 2016 (\u00a9 Juliet Haller)"},{"@type":"BreadcrumbList","@id":"https:\/\/www.immobilienbusiness.ch\/en\/allgemein\/2016-11-09\/zuerich-grundsteinlegung-fuer-kunsthaus-erweiterung\/#breadcrumb","itemListElement":[{"@type":"ListItem","position":1,"name":"Home","item":"https:\/\/www.immobilienbusiness.ch\/"},{"@type":"ListItem","position":2,"name":"Z\u00fcrich: Grundsteinlegung f\u00fcr Kunsthaus-Erweiterung"}]},{"@type":"WebSite","@id":"https:\/\/www.immobilienbusiness.ch\/#website","url":"https:\/\/www.immobilienbusiness.ch\/","name":"REAL ESTATE Business","description":"Independent Swiss business magazine focusing on real estate, architecture and construction as well as investment and financing.","publisher":{"@id":"https:\/\/www.immobilienbusiness.ch\/#organization"},"potentialAction":[{"@type":"SearchAction","target":{"@type":"EntryPoint","urlTemplate":"https:\/\/www.immobilienbusiness.ch\/?s={search_term_string}"},"query-input":{"@type":"PropertyValueSpecification","valueRequired":true,"valueName":"search_term_string"}}],"inLanguage":"en-US"},{"@type":"Organization","@id":"https:\/\/www.immobilienbusiness.ch\/#organization","name":"REAL ESTATE Business","url":"https:\/\/www.immobilienbusiness.ch\/","logo":{"@type":"ImageObject","inLanguage":"en-US","@id":"https:\/\/www.immobilienbusiness.ch\/#\/schema\/logo\/image\/","url":"https:\/\/www.immobilienbusiness.ch\/wp-content\/uploads\/2021\/07\/logo_ib.png","contentUrl":"https:\/\/www.immobilienbusiness.ch\/wp-content\/uploads\/2021\/07\/logo_ib.png","width":800,"height":181,"caption":"IMMOBILIEN Business"},"image":{"@id":"https:\/\/www.immobilienbusiness.ch\/#\/schema\/logo\/image\/"},"sameAs":["https:\/\/www.facebook.com\/immobilienbusiness\/"]},{"@type":"Person","@id":"https:\/\/www.immobilienbusiness.ch\/#\/schema\/person\/aa2bace6c5c5aad60102004a50c4eb1c","name":"Editorial","image":{"@type":"ImageObject","inLanguage":"en-US","@id":"https:\/\/secure.gravatar.com\/avatar\/ae2f4d718e6c49043e314ce431e7e645d646302a24a5ef5a8bc8e3f5a032e319?s=96&d=mm&r=g","url":"https:\/\/secure.gravatar.com\/avatar\/ae2f4d718e6c49043e314ce431e7e645d646302a24a5ef5a8bc8e3f5a032e319?s=96&d=mm&r=g","contentUrl":"https:\/\/secure.gravatar.com\/avatar\/ae2f4d718e6c49043e314ce431e7e645d646302a24a5ef5a8bc8e3f5a032e319?s=96&d=mm&r=g","caption":"Redaktion"},"sameAs":["http:\/\/develop.organisator.galledia.ch"],"url":"https:\/\/www.immobilienbusiness.ch\/en\/author\/admin\/"}]}},"_links":{"self":[{"href":"https:\/\/www.immobilienbusiness.ch\/en\/wp-json\/wp\/v2\/posts\/1087","targetHints":{"allow":["GET"]}}],"collection":[{"href":"https:\/\/www.immobilienbusiness.ch\/en\/wp-json\/wp\/v2\/posts"}],"about":[{"href":"https:\/\/www.immobilienbusiness.ch\/en\/wp-json\/wp\/v2\/types\/post"}],"author":[{"embeddable":true,"href":"https:\/\/www.immobilienbusiness.ch\/en\/wp-json\/wp\/v2\/users\/1"}],"replies":[{"embeddable":true,"href":"https:\/\/www.immobilienbusiness.ch\/en\/wp-json\/wp\/v2\/comments?post=1087"}],"version-history":[{"count":0,"href":"https:\/\/www.immobilienbusiness.ch\/en\/wp-json\/wp\/v2\/posts\/1087\/revisions"}],"wp:featuredmedia":[{"embeddable":true,"href":"https:\/\/www.immobilienbusiness.ch\/en\/wp-json\/wp\/v2\/media\/5146"}],"wp:attachment":[{"href":"https:\/\/www.immobilienbusiness.ch\/en\/wp-json\/wp\/v2\/media?parent=1087"}],"wp:term":[{"taxonomy":"category","embeddable":true,"href":"https:\/\/www.immobilienbusiness.ch\/en\/wp-json\/wp\/v2\/categories?post=1087"},{"taxonomy":"post_tag","embeddable":true,"href":"https:\/\/www.immobilienbusiness.ch\/en\/wp-json\/wp\/v2\/tags?post=1087"}],"curies":[{"name":"wp","href":"https:\/\/api.w.org\/{rel}","templated":true}]}}