{"id":1019,"date":"2016-11-10T09:14:05","date_gmt":"2016-11-10T08:14:05","guid":{"rendered":"http:\/\/dev.immobilienbusiness.ch\/?p=1019"},"modified":"2016-11-10T09:14:05","modified_gmt":"2016-11-10T08:14:05","slug":"basel-sbb-und-kanton-planen-neues-stadtquartier","status":"publish","type":"post","link":"https:\/\/www.immobilienbusiness.ch\/en\/residential\/2016-11-10\/basel-sbb-und-kanton-planen-neues-stadtquartier\/","title":{"rendered":"Basel: SBB and canton plan new city quarter"},"content":{"rendered":"<p><img loading=\"lazy\" decoding=\"async\" class=\"size-medium wp-image-5138\" src=\"https:\/\/immobilienbusiness.ch\/wp-content\/uploads\/2016\/11\/Basel-SBB-und-Kanton-planen-neues-Stadtquartier-immobilien-business-1.jpg\" alt=\"\" width=\"680\" height=\"431\" srcset=\"https:\/\/www.immobilienbusiness.ch\/wp-content\/uploads\/2016\/11\/Basel-SBB-und-Kanton-planen-neues-Stadtquartier-immobilien-business-1.jpg 2560w, https:\/\/www.immobilienbusiness.ch\/wp-content\/uploads\/2016\/11\/Basel-SBB-und-Kanton-planen-neues-Stadtquartier-immobilien-business-1-300x190.jpg 300w, https:\/\/www.immobilienbusiness.ch\/wp-content\/uploads\/2016\/11\/Basel-SBB-und-Kanton-planen-neues-Stadtquartier-immobilien-business-1-1024x649.jpg 1024w, https:\/\/www.immobilienbusiness.ch\/wp-content\/uploads\/2016\/11\/Basel-SBB-und-Kanton-planen-neues-Stadtquartier-immobilien-business-1-768x487.jpg 768w, https:\/\/www.immobilienbusiness.ch\/wp-content\/uploads\/2016\/11\/Basel-SBB-und-Kanton-planen-neues-Stadtquartier-immobilien-business-1-1536x973.jpg 1536w, https:\/\/www.immobilienbusiness.ch\/wp-content\/uploads\/2016\/11\/Basel-SBB-und-Kanton-planen-neues-Stadtquartier-immobilien-business-1-2048x1298.jpg 2048w, https:\/\/www.immobilienbusiness.ch\/wp-content\/uploads\/2016\/11\/Basel-SBB-und-Kanton-planen-neues-Stadtquartier-immobilien-business-1-16x10.jpg 16w, https:\/\/www.immobilienbusiness.ch\/wp-content\/uploads\/2016\/11\/Basel-SBB-und-Kanton-planen-neues-Stadtquartier-immobilien-business-1-276x175.jpg 276w, https:\/\/www.immobilienbusiness.ch\/wp-content\/uploads\/2016\/11\/Basel-SBB-und-Kanton-planen-neues-Stadtquartier-immobilien-business-1-552x350.jpg 552w, https:\/\/www.immobilienbusiness.ch\/wp-content\/uploads\/2016\/11\/Basel-SBB-und-Kanton-planen-neues-Stadtquartier-immobilien-business-1-1262x800.jpg 1262w, https:\/\/www.immobilienbusiness.ch\/wp-content\/uploads\/2016\/11\/Basel-SBB-und-Kanton-planen-neues-Stadtquartier-immobilien-business-1-920x583.jpg 920w, https:\/\/www.immobilienbusiness.ch\/wp-content\/uploads\/2016\/11\/Basel-SBB-und-Kanton-planen-neues-Stadtquartier-immobilien-business-1-1400x887.jpg 1400w\" sizes=\"auto, (max-width: 680px) 100vw, 680px\" \/><\/p>\n<p>The Wolf planning area covers around 16 hectares (Photo: Canton Basel-Stadt)<\/p>\n<p>&nbsp;<\/p>\n<p>The site between Gellertdreieck and the SBB track field covers around 16 hectares and is currently home to rail facilities and logistics operations such as Freiverlad, City-Logistik and a container terminal. Since it is becoming apparent that certain uses can be relocated, the SBB and the canton want to use the freed-up space for urban development and integrate the Wolf site into the urban fabric of Basel.<\/p>\n<p>An urban planning study commissioning process with several teams is therefore to start in spring 2017. Statements are expected in particular on the potential for use and the possible mix of uses.<\/p>\n<p>A vision developed by SBB and the canton for the Wolf site envisages a dense urban quarter with a variety of uses as part of a phased development under the title \"work smart - live urban\". Accordingly, logistics uses traditionally anchored in the Wolf site are to have their place just as much as office or service areas, residential space, gastronomy and green spaces.<\/p>\n<p>The target concept states as a framework condition that the existing buildings, some of which are worthy of protection, are to be treated with care. Great attention is also paid to a sensible traffic development of the site: Individual parts of the site should be low-car and well connected with the neighboring quarters.<\/p>\n<p>According to the information provided, events are planned in the coming weeks with the current tenants on the site as well as with neighborhood organizations and interest groups in order to find out their needs. The results of these events will be incorporated into the planning process.<\/p>\n<p>The study commissioning process is expected to last about one year. The results of the planning teams will serve as the basis for feasibility studies. Subsequently, SBB and the canton of Basel-Stadt intend to decide on the future development of the Wolf site in an urban development framework agreement. (ah)<\/p>","protected":false},"excerpt":{"rendered":"<p>A new urban quarter is to be created in the northern part of the Wolf freight station in Basel between the Gundeldingen and St. Alban districts. SBB, as the landowner, and the canton of Basel-Stadt want to clarify how the area could be used in the future in a study commission process starting in spring 2017.<\/p>","protected":false},"author":1,"featured_media":5138,"comment_status":"open","ping_status":"open","sticky":false,"template":"","format":"standard","meta":{"_acf_changed":false,"_yoast_wpseo_focuskw":"Basel","_yoast_wpseo_title":"","_yoast_wpseo_metadesc":"Basel: Im n\u00f6rdlichen Teil des G\u00fcterbahnhofs Wolf soll zwischen den Quartieren Gundeldingen und St.Alban soll ein neues Stadtquartier entstehen.","_yoast_wpseo_linkdex":78,"pgc_sgb_lightbox_settings":"","footnotes":""},"categories":[986],"tags":[1069,1118,1639,1862],"class_list":["post-1019","post","type-post","status-publish","format-standard","has-post-thumbnail","hentry","category-residential","tag-basel","tag-buero","tag-residential","tag-wohnen"],"acf":[],"yoast_head":"<!-- This site is optimized with the Yoast SEO plugin v27.4 - https:\/\/yoast.com\/product\/yoast-seo-wordpress\/ -->\n<title>Basel: SBB und Kanton planen neues Stadtquartier - IMMOBILIEN Business<\/title>\n<meta name=\"description\" content=\"Basel: Im n\u00f6rdlichen Teil des G\u00fcterbahnhofs Wolf soll zwischen den Quartieren Gundeldingen und St.Alban soll ein neues Stadtquartier entstehen.\" \/>\n<meta name=\"robots\" content=\"index, follow, max-snippet:-1, max-image-preview:large, max-video-preview:-1\" \/>\n<link rel=\"canonical\" href=\"https:\/\/www.immobilienbusiness.ch\/en\/residential\/2016-11-10\/basel-sbb-und-kanton-planen-neues-stadtquartier\/\" \/>\n<meta property=\"og:locale\" content=\"en_US\" \/>\n<meta property=\"og:type\" content=\"article\" \/>\n<meta property=\"og:title\" content=\"Basel: SBB und Kanton planen neues Stadtquartier\" \/>\n<meta property=\"og:description\" content=\"Im n\u00f6rdlichen Teil des G\u00fcterbahnhofs Wolf in Basel soll zwischen den Quartieren Gundeldingen und St. Alban ein neues Stadtquartier entstehen. Die SBB als Grundeigent\u00fcmerin und der Kanton Basel-Stadt wollen ab Fr\u00fchjahr 2017 in einem Studienauftragsverfahren kl\u00e4ren, wie das Areal in Zukunft genutzt werden k\u00f6nnte.\" \/>\n<meta property=\"og:url\" content=\"https:\/\/www.immobilienbusiness.ch\/en\/residential\/2016-11-10\/basel-sbb-und-kanton-planen-neues-stadtquartier\/\" \/>\n<meta property=\"og:site_name\" content=\"IMMOBILIEN Business\" \/>\n<meta property=\"article:publisher\" content=\"https:\/\/www.facebook.com\/immobilienbusiness\/\" \/>\n<meta property=\"article:published_time\" content=\"2016-11-10T08:14:05+00:00\" \/>\n<meta name=\"author\" content=\"Redaktion\" \/>\n<meta name=\"twitter:card\" content=\"summary_large_image\" \/>\n<meta name=\"twitter:image\" content=\"https:\/\/www.immobilienbusiness.ch\/wp-content\/uploads\/2016\/11\/Basel-SBB-und-Kanton-planen-neues-Stadtquartier-immobilien-business-1.jpg\" \/>\n<script type=\"application\/ld+json\" class=\"yoast-schema-graph\">{\"@context\":\"https:\\\/\\\/schema.org\",\"@graph\":[{\"@type\":\"Article\",\"@id\":\"https:\\\/\\\/www.immobilienbusiness.ch\\\/residential\\\/2016-11-10\\\/basel-sbb-und-kanton-planen-neues-stadtquartier\\\/#article\",\"isPartOf\":{\"@id\":\"https:\\\/\\\/www.immobilienbusiness.ch\\\/residential\\\/2016-11-10\\\/basel-sbb-und-kanton-planen-neues-stadtquartier\\\/\"},\"author\":{\"name\":\"Redaktion\",\"@id\":\"https:\\\/\\\/www.immobilienbusiness.ch\\\/#\\\/schema\\\/person\\\/aa2bace6c5c5aad60102004a50c4eb1c\"},\"headline\":\"Basel: SBB und Kanton planen neues Stadtquartier\",\"datePublished\":\"2016-11-10T08:14:05+00:00\",\"mainEntityOfPage\":{\"@id\":\"https:\\\/\\\/www.immobilienbusiness.ch\\\/residential\\\/2016-11-10\\\/basel-sbb-und-kanton-planen-neues-stadtquartier\\\/\"},\"wordCount\":278,\"commentCount\":0,\"publisher\":{\"@id\":\"https:\\\/\\\/www.immobilienbusiness.ch\\\/#organization\"},\"image\":{\"@id\":\"https:\\\/\\\/www.immobilienbusiness.ch\\\/residential\\\/2016-11-10\\\/basel-sbb-und-kanton-planen-neues-stadtquartier\\\/#primaryimage\"},\"thumbnailUrl\":\"https:\\\/\\\/www.immobilienbusiness.ch\\\/wp-content\\\/uploads\\\/2016\\\/11\\\/Basel-SBB-und-Kanton-planen-neues-Stadtquartier-immobilien-business-1.jpg\",\"keywords\":[\"Basel\",\"B\u00fcro\",\"Residential\",\"Wohnen\"],\"articleSection\":[\"RESIDENTIAL\"],\"inLanguage\":\"en-US\"},{\"@type\":\"WebPage\",\"@id\":\"https:\\\/\\\/www.immobilienbusiness.ch\\\/residential\\\/2016-11-10\\\/basel-sbb-und-kanton-planen-neues-stadtquartier\\\/\",\"url\":\"https:\\\/\\\/www.immobilienbusiness.ch\\\/residential\\\/2016-11-10\\\/basel-sbb-und-kanton-planen-neues-stadtquartier\\\/\",\"name\":\"Basel: SBB und Kanton planen neues Stadtquartier - IMMOBILIEN Business\",\"isPartOf\":{\"@id\":\"https:\\\/\\\/www.immobilienbusiness.ch\\\/#website\"},\"primaryImageOfPage\":{\"@id\":\"https:\\\/\\\/www.immobilienbusiness.ch\\\/residential\\\/2016-11-10\\\/basel-sbb-und-kanton-planen-neues-stadtquartier\\\/#primaryimage\"},\"image\":{\"@id\":\"https:\\\/\\\/www.immobilienbusiness.ch\\\/residential\\\/2016-11-10\\\/basel-sbb-und-kanton-planen-neues-stadtquartier\\\/#primaryimage\"},\"thumbnailUrl\":\"https:\\\/\\\/www.immobilienbusiness.ch\\\/wp-content\\\/uploads\\\/2016\\\/11\\\/Basel-SBB-und-Kanton-planen-neues-Stadtquartier-immobilien-business-1.jpg\",\"datePublished\":\"2016-11-10T08:14:05+00:00\",\"description\":\"Basel: Im n\u00f6rdlichen Teil des G\u00fcterbahnhofs Wolf soll zwischen den Quartieren Gundeldingen und St.Alban soll ein neues Stadtquartier entstehen.\",\"breadcrumb\":{\"@id\":\"https:\\\/\\\/www.immobilienbusiness.ch\\\/residential\\\/2016-11-10\\\/basel-sbb-und-kanton-planen-neues-stadtquartier\\\/#breadcrumb\"},\"inLanguage\":\"en-US\",\"potentialAction\":[{\"@type\":\"ReadAction\",\"target\":[\"https:\\\/\\\/www.immobilienbusiness.ch\\\/residential\\\/2016-11-10\\\/basel-sbb-und-kanton-planen-neues-stadtquartier\\\/\"]}]},{\"@type\":\"ImageObject\",\"inLanguage\":\"en-US\",\"@id\":\"https:\\\/\\\/www.immobilienbusiness.ch\\\/residential\\\/2016-11-10\\\/basel-sbb-und-kanton-planen-neues-stadtquartier\\\/#primaryimage\",\"url\":\"https:\\\/\\\/www.immobilienbusiness.ch\\\/wp-content\\\/uploads\\\/2016\\\/11\\\/Basel-SBB-und-Kanton-planen-neues-Stadtquartier-immobilien-business-1.jpg\",\"contentUrl\":\"https:\\\/\\\/www.immobilienbusiness.ch\\\/wp-content\\\/uploads\\\/2016\\\/11\\\/Basel-SBB-und-Kanton-planen-neues-Stadtquartier-immobilien-business-1.jpg\",\"width\":2560,\"height\":1622,\"caption\":\"Das Planungsgebiet Wolf umfasst rund 16 Hektaren (Foto: Kanton Basel-Stadt)\"},{\"@type\":\"BreadcrumbList\",\"@id\":\"https:\\\/\\\/www.immobilienbusiness.ch\\\/residential\\\/2016-11-10\\\/basel-sbb-und-kanton-planen-neues-stadtquartier\\\/#breadcrumb\",\"itemListElement\":[{\"@type\":\"ListItem\",\"position\":1,\"name\":\"Home\",\"item\":\"https:\\\/\\\/www.immobilienbusiness.ch\\\/\"},{\"@type\":\"ListItem\",\"position\":2,\"name\":\"Basel: SBB und Kanton planen neues Stadtquartier\"}]},{\"@type\":\"WebSite\",\"@id\":\"https:\\\/\\\/www.immobilienbusiness.ch\\\/#website\",\"url\":\"https:\\\/\\\/www.immobilienbusiness.ch\\\/\",\"name\":\"IMMOBILIEN Business\",\"description\":\"Unabh\u00e4ngiges Schweizer Wirtschaftsmagazin mit Fokus auf Immobilien, Architektur- und Bau sowie Investment- und Finanzierung.\",\"publisher\":{\"@id\":\"https:\\\/\\\/www.immobilienbusiness.ch\\\/#organization\"},\"potentialAction\":[{\"@type\":\"SearchAction\",\"target\":{\"@type\":\"EntryPoint\",\"urlTemplate\":\"https:\\\/\\\/www.immobilienbusiness.ch\\\/?s={search_term_string}\"},\"query-input\":{\"@type\":\"PropertyValueSpecification\",\"valueRequired\":true,\"valueName\":\"search_term_string\"}}],\"inLanguage\":\"en-US\"},{\"@type\":\"Organization\",\"@id\":\"https:\\\/\\\/www.immobilienbusiness.ch\\\/#organization\",\"name\":\"IMMOBILIEN Business\",\"url\":\"https:\\\/\\\/www.immobilienbusiness.ch\\\/\",\"logo\":{\"@type\":\"ImageObject\",\"inLanguage\":\"en-US\",\"@id\":\"https:\\\/\\\/www.immobilienbusiness.ch\\\/#\\\/schema\\\/logo\\\/image\\\/\",\"url\":\"https:\\\/\\\/www.immobilienbusiness.ch\\\/wp-content\\\/uploads\\\/2021\\\/07\\\/logo_ib.png\",\"contentUrl\":\"https:\\\/\\\/www.immobilienbusiness.ch\\\/wp-content\\\/uploads\\\/2021\\\/07\\\/logo_ib.png\",\"width\":800,\"height\":181,\"caption\":\"IMMOBILIEN Business\"},\"image\":{\"@id\":\"https:\\\/\\\/www.immobilienbusiness.ch\\\/#\\\/schema\\\/logo\\\/image\\\/\"},\"sameAs\":[\"https:\\\/\\\/www.facebook.com\\\/immobilienbusiness\\\/\"]},{\"@type\":\"Person\",\"@id\":\"https:\\\/\\\/www.immobilienbusiness.ch\\\/#\\\/schema\\\/person\\\/aa2bace6c5c5aad60102004a50c4eb1c\",\"name\":\"Redaktion\",\"image\":{\"@type\":\"ImageObject\",\"inLanguage\":\"en-US\",\"@id\":\"https:\\\/\\\/secure.gravatar.com\\\/avatar\\\/ae2f4d718e6c49043e314ce431e7e645d646302a24a5ef5a8bc8e3f5a032e319?s=96&d=mm&r=g\",\"url\":\"https:\\\/\\\/secure.gravatar.com\\\/avatar\\\/ae2f4d718e6c49043e314ce431e7e645d646302a24a5ef5a8bc8e3f5a032e319?s=96&d=mm&r=g\",\"contentUrl\":\"https:\\\/\\\/secure.gravatar.com\\\/avatar\\\/ae2f4d718e6c49043e314ce431e7e645d646302a24a5ef5a8bc8e3f5a032e319?s=96&d=mm&r=g\",\"caption\":\"Redaktion\"},\"sameAs\":[\"http:\\\/\\\/develop.organisator.galledia.ch\"],\"url\":\"https:\\\/\\\/www.immobilienbusiness.ch\\\/en\\\/author\\\/admin\\\/\"}]}<\/script>\n<!-- \/ Yoast SEO plugin. -->","yoast_head_json":{"title":"Basel: SBB und Kanton planen neues Stadtquartier - IMMOBILIEN Business","description":"Basel: Im n\u00f6rdlichen Teil des G\u00fcterbahnhofs Wolf soll zwischen den Quartieren Gundeldingen und St.Alban soll ein neues Stadtquartier entstehen.","robots":{"index":"index","follow":"follow","max-snippet":"max-snippet:-1","max-image-preview":"max-image-preview:large","max-video-preview":"max-video-preview:-1"},"canonical":"https:\/\/www.immobilienbusiness.ch\/en\/residential\/2016-11-10\/basel-sbb-und-kanton-planen-neues-stadtquartier\/","og_locale":"en_US","og_type":"article","og_title":"Basel: SBB und Kanton planen neues Stadtquartier","og_description":"Im n\u00f6rdlichen Teil des G\u00fcterbahnhofs Wolf in Basel soll zwischen den Quartieren Gundeldingen und St. Alban ein neues Stadtquartier entstehen. Die SBB als Grundeigent\u00fcmerin und der Kanton Basel-Stadt wollen ab Fr\u00fchjahr 2017 in einem Studienauftragsverfahren kl\u00e4ren, wie das Areal in Zukunft genutzt werden k\u00f6nnte.","og_url":"https:\/\/www.immobilienbusiness.ch\/en\/residential\/2016-11-10\/basel-sbb-und-kanton-planen-neues-stadtquartier\/","og_site_name":"IMMOBILIEN Business","article_publisher":"https:\/\/www.facebook.com\/immobilienbusiness\/","article_published_time":"2016-11-10T08:14:05+00:00","author":"Redaktion","twitter_card":"summary_large_image","twitter_image":"https:\/\/www.immobilienbusiness.ch\/wp-content\/uploads\/2016\/11\/Basel-SBB-und-Kanton-planen-neues-Stadtquartier-immobilien-business-1.jpg","schema":{"@context":"https:\/\/schema.org","@graph":[{"@type":"Article","@id":"https:\/\/www.immobilienbusiness.ch\/residential\/2016-11-10\/basel-sbb-und-kanton-planen-neues-stadtquartier\/#article","isPartOf":{"@id":"https:\/\/www.immobilienbusiness.ch\/residential\/2016-11-10\/basel-sbb-und-kanton-planen-neues-stadtquartier\/"},"author":{"name":"Redaktion","@id":"https:\/\/www.immobilienbusiness.ch\/#\/schema\/person\/aa2bace6c5c5aad60102004a50c4eb1c"},"headline":"Basel: SBB und Kanton planen neues Stadtquartier","datePublished":"2016-11-10T08:14:05+00:00","mainEntityOfPage":{"@id":"https:\/\/www.immobilienbusiness.ch\/residential\/2016-11-10\/basel-sbb-und-kanton-planen-neues-stadtquartier\/"},"wordCount":278,"commentCount":0,"publisher":{"@id":"https:\/\/www.immobilienbusiness.ch\/#organization"},"image":{"@id":"https:\/\/www.immobilienbusiness.ch\/residential\/2016-11-10\/basel-sbb-und-kanton-planen-neues-stadtquartier\/#primaryimage"},"thumbnailUrl":"https:\/\/www.immobilienbusiness.ch\/wp-content\/uploads\/2016\/11\/Basel-SBB-und-Kanton-planen-neues-Stadtquartier-immobilien-business-1.jpg","keywords":["Basel","B\u00fcro","Residential","Wohnen"],"articleSection":["RESIDENTIAL"],"inLanguage":"en-US"},{"@type":"WebPage","@id":"https:\/\/www.immobilienbusiness.ch\/residential\/2016-11-10\/basel-sbb-und-kanton-planen-neues-stadtquartier\/","url":"https:\/\/www.immobilienbusiness.ch\/residential\/2016-11-10\/basel-sbb-und-kanton-planen-neues-stadtquartier\/","name":"Basel: SBB und Kanton planen neues Stadtquartier - IMMOBILIEN Business","isPartOf":{"@id":"https:\/\/www.immobilienbusiness.ch\/#website"},"primaryImageOfPage":{"@id":"https:\/\/www.immobilienbusiness.ch\/residential\/2016-11-10\/basel-sbb-und-kanton-planen-neues-stadtquartier\/#primaryimage"},"image":{"@id":"https:\/\/www.immobilienbusiness.ch\/residential\/2016-11-10\/basel-sbb-und-kanton-planen-neues-stadtquartier\/#primaryimage"},"thumbnailUrl":"https:\/\/www.immobilienbusiness.ch\/wp-content\/uploads\/2016\/11\/Basel-SBB-und-Kanton-planen-neues-Stadtquartier-immobilien-business-1.jpg","datePublished":"2016-11-10T08:14:05+00:00","description":"Basel: Im n\u00f6rdlichen Teil des G\u00fcterbahnhofs Wolf soll zwischen den Quartieren Gundeldingen und St.Alban soll ein neues Stadtquartier entstehen.","breadcrumb":{"@id":"https:\/\/www.immobilienbusiness.ch\/residential\/2016-11-10\/basel-sbb-und-kanton-planen-neues-stadtquartier\/#breadcrumb"},"inLanguage":"en-US","potentialAction":[{"@type":"ReadAction","target":["https:\/\/www.immobilienbusiness.ch\/residential\/2016-11-10\/basel-sbb-und-kanton-planen-neues-stadtquartier\/"]}]},{"@type":"ImageObject","inLanguage":"en-US","@id":"https:\/\/www.immobilienbusiness.ch\/residential\/2016-11-10\/basel-sbb-und-kanton-planen-neues-stadtquartier\/#primaryimage","url":"https:\/\/www.immobilienbusiness.ch\/wp-content\/uploads\/2016\/11\/Basel-SBB-und-Kanton-planen-neues-Stadtquartier-immobilien-business-1.jpg","contentUrl":"https:\/\/www.immobilienbusiness.ch\/wp-content\/uploads\/2016\/11\/Basel-SBB-und-Kanton-planen-neues-Stadtquartier-immobilien-business-1.jpg","width":2560,"height":1622,"caption":"Das Planungsgebiet Wolf umfasst rund 16 Hektaren (Foto: Kanton Basel-Stadt)"},{"@type":"BreadcrumbList","@id":"https:\/\/www.immobilienbusiness.ch\/residential\/2016-11-10\/basel-sbb-und-kanton-planen-neues-stadtquartier\/#breadcrumb","itemListElement":[{"@type":"ListItem","position":1,"name":"Home","item":"https:\/\/www.immobilienbusiness.ch\/"},{"@type":"ListItem","position":2,"name":"Basel: SBB und Kanton planen neues Stadtquartier"}]},{"@type":"WebSite","@id":"https:\/\/www.immobilienbusiness.ch\/#website","url":"https:\/\/www.immobilienbusiness.ch\/","name":"REAL ESTATE Business","description":"Independent Swiss business magazine focusing on real estate, architecture and construction as well as investment and financing.","publisher":{"@id":"https:\/\/www.immobilienbusiness.ch\/#organization"},"potentialAction":[{"@type":"SearchAction","target":{"@type":"EntryPoint","urlTemplate":"https:\/\/www.immobilienbusiness.ch\/?s={search_term_string}"},"query-input":{"@type":"PropertyValueSpecification","valueRequired":true,"valueName":"search_term_string"}}],"inLanguage":"en-US"},{"@type":"Organization","@id":"https:\/\/www.immobilienbusiness.ch\/#organization","name":"REAL ESTATE Business","url":"https:\/\/www.immobilienbusiness.ch\/","logo":{"@type":"ImageObject","inLanguage":"en-US","@id":"https:\/\/www.immobilienbusiness.ch\/#\/schema\/logo\/image\/","url":"https:\/\/www.immobilienbusiness.ch\/wp-content\/uploads\/2021\/07\/logo_ib.png","contentUrl":"https:\/\/www.immobilienbusiness.ch\/wp-content\/uploads\/2021\/07\/logo_ib.png","width":800,"height":181,"caption":"IMMOBILIEN Business"},"image":{"@id":"https:\/\/www.immobilienbusiness.ch\/#\/schema\/logo\/image\/"},"sameAs":["https:\/\/www.facebook.com\/immobilienbusiness\/"]},{"@type":"Person","@id":"https:\/\/www.immobilienbusiness.ch\/#\/schema\/person\/aa2bace6c5c5aad60102004a50c4eb1c","name":"Editorial","image":{"@type":"ImageObject","inLanguage":"en-US","@id":"https:\/\/secure.gravatar.com\/avatar\/ae2f4d718e6c49043e314ce431e7e645d646302a24a5ef5a8bc8e3f5a032e319?s=96&d=mm&r=g","url":"https:\/\/secure.gravatar.com\/avatar\/ae2f4d718e6c49043e314ce431e7e645d646302a24a5ef5a8bc8e3f5a032e319?s=96&d=mm&r=g","contentUrl":"https:\/\/secure.gravatar.com\/avatar\/ae2f4d718e6c49043e314ce431e7e645d646302a24a5ef5a8bc8e3f5a032e319?s=96&d=mm&r=g","caption":"Redaktion"},"sameAs":["http:\/\/develop.organisator.galledia.ch"],"url":"https:\/\/www.immobilienbusiness.ch\/en\/author\/admin\/"}]}},"_links":{"self":[{"href":"https:\/\/www.immobilienbusiness.ch\/en\/wp-json\/wp\/v2\/posts\/1019","targetHints":{"allow":["GET"]}}],"collection":[{"href":"https:\/\/www.immobilienbusiness.ch\/en\/wp-json\/wp\/v2\/posts"}],"about":[{"href":"https:\/\/www.immobilienbusiness.ch\/en\/wp-json\/wp\/v2\/types\/post"}],"author":[{"embeddable":true,"href":"https:\/\/www.immobilienbusiness.ch\/en\/wp-json\/wp\/v2\/users\/1"}],"replies":[{"embeddable":true,"href":"https:\/\/www.immobilienbusiness.ch\/en\/wp-json\/wp\/v2\/comments?post=1019"}],"version-history":[{"count":0,"href":"https:\/\/www.immobilienbusiness.ch\/en\/wp-json\/wp\/v2\/posts\/1019\/revisions"}],"wp:featuredmedia":[{"embeddable":true,"href":"https:\/\/www.immobilienbusiness.ch\/en\/wp-json\/wp\/v2\/media\/5138"}],"wp:attachment":[{"href":"https:\/\/www.immobilienbusiness.ch\/en\/wp-json\/wp\/v2\/media?parent=1019"}],"wp:term":[{"taxonomy":"category","embeddable":true,"href":"https:\/\/www.immobilienbusiness.ch\/en\/wp-json\/wp\/v2\/categories?post=1019"},{"taxonomy":"post_tag","embeddable":true,"href":"https:\/\/www.immobilienbusiness.ch\/en\/wp-json\/wp\/v2\/tags?post=1019"}],"curies":[{"name":"wp","href":"https:\/\/api.w.org\/{rel}","templated":true}]}}