{"id":9677,"date":"2017-10-20T07:58:50","date_gmt":"2017-10-20T05:58:50","guid":{"rendered":"https:\/\/www.immobilienbusiness.ch\/?p=9677"},"modified":"2017-10-20T07:58:50","modified_gmt":"2017-10-20T05:58:50","slug":"steiner-ag-baustart-fuer-wohnprojekt-weidsicht","status":"publish","type":"post","link":"https:\/\/www.immobilienbusiness.ch\/de\/residential\/2017-10-20\/steiner-ag-baustart-fuer-wohnprojekt-weidsicht\/","title":{"rendered":"Steiner AG: Baustart f\u00fcr Wohnprojekt Weidsicht"},"content":{"rendered":"<figure id=\"attachment_9679\" aria-describedby=\"caption-attachment-9679\" style=\"width: 800px\" class=\"wp-caption alignnone\"><img loading=\"lazy\" decoding=\"async\" class=\"size-full wp-image-9679\" src=\"https:\/\/www.immobilienbusiness.ch\/wp-content\/uploads\/2017\/10\/IB-News-20171019-Projekt-Weidsicht-Pf\u00e4ffikon-Vogelperspektive-See.jpg\" alt=\"\" width=\"800\" height=\"560\" \/><figcaption id=\"caption-attachment-9679\" class=\"wp-caption-text\">Das Projekt Weidsicht (Bildmitte) nahe dem Pf\u00e4ffikersee aus der Vogelperspektive (Visualisierung: Steiner AG)<\/figcaption><\/figure>\n<p>Das vom ausf\u00fchrenden Totalunternehmer Steiner AG entwickelte Projekt umfasst sechs Mehrfamilienh\u00e4user mit insgesamt 38 Eigentumswohnungen im gehobenen Segment. Der Abschluss der Bauarbeiten ist auf das zweite Quartal 2019 geplant.<\/p>\n<p>Vor Baubeginn konnten bereits mehr als 80 Prozent aller Wohnungen (2 \u00bd bis 5 \u00bd Zimmer) verkauft werden, teilt Steiner mit. \u00abWie kubische Dorfvillen\u00bb seien die sechs Mehrfamilienh\u00e4user in die Topografie des Z\u00fcrcher Oberlandes mit leichter Hanglage eingebettet.<\/p>\n<p>Das Projekt Weidsicht wird k\u00fcnftig dar\u00fcber hinaus eine unterirdische Tiefgarage mit 61 Parkpl\u00e4tzen bieten, die f\u00fcr alle H\u00e4user direkt und behinderteng\u00e4ngig erschlossen sein wird. Der Pf\u00e4ffikersee und der Bahnhof von Pf\u00e4ffikon sind von der neuen Wohn\u00fcberbauung Weidsicht gut zehn Gehminuten entfernt.<\/p>\n<p><a href=\"https:\/\/www.immobilienbusiness.ch\/steiner-investment-foundation-neue-anlagegruppe-kauft-zu\/\">Die Projektentwicklung war wie im Mai 2017 berichtet von der Anlagegruppe \u00abSwiss Development Residential\u00bb der Steiner Investment Foundation erworben worden.<\/a><\/p>\n","protected":false},"excerpt":{"rendered":"<p>In Pf\u00e4ffikon (ZH) ist am 19. Oktober 2017 der offizielle Spatenstich der Wohn\u00fcberbauung Weidsicht gefeiert worden. Der Baustart war bereits Mitte September erfolgt.<\/p>\n","protected":false},"author":4,"featured_media":9679,"comment_status":"open","ping_status":"open","sticky":false,"template":"","format":"standard","meta":{"_acf_changed":false,"_yoast_wpseo_focuskw":"Weidsicht","_yoast_wpseo_title":"","_yoast_wpseo_metadesc":"In Pf\u00e4ffikon (ZH) ist am 19. Oktober 2017 der Spatenstich der Wohn\u00fcberbauung Weidsicht gefeiert worden. Der Baustart war bereits am 18. September erfolgt.","_yoast_wpseo_linkdex":73,"pgc_sgb_lightbox_settings":"","footnotes":""},"categories":[986],"tags":[1028,1569,1599,1601,1731,1862,1888],"class_list":["post-9677","post","type-post","status-publish","format-standard","has-post-thumbnail","hentry","category-residential","tag-anlagegruppe","tag-pfaeffikon","tag-projekt-in-bau","tag-projektentwicklung","tag-steiner-ag","tag-wohnen","tag-zuerich"],"acf":[],"yoast_head":"<!-- This site is optimized with the Yoast SEO plugin v27.4 - https:\/\/yoast.com\/product\/yoast-seo-wordpress\/ -->\n<title>Steiner AG: Baustart f\u00fcr Wohnprojekt Weidsicht - IMMOBILIEN Business<\/title>\n<meta name=\"description\" content=\"In Pf\u00e4ffikon (ZH) ist am 19. Oktober 2017 der Spatenstich der Wohn\u00fcberbauung Weidsicht gefeiert worden. Der Baustart war bereits am 18. September erfolgt.\" \/>\n<meta name=\"robots\" content=\"index, follow, max-snippet:-1, max-image-preview:large, max-video-preview:-1\" \/>\n<link rel=\"canonical\" href=\"https:\/\/www.immobilienbusiness.ch\/de\/residential\/2017-10-20\/steiner-ag-baustart-fuer-wohnprojekt-weidsicht\/\" \/>\n<meta property=\"og:locale\" content=\"de_DE\" \/>\n<meta property=\"og:type\" content=\"article\" \/>\n<meta property=\"og:title\" content=\"Steiner AG: Baustart f\u00fcr Wohnprojekt Weidsicht\" \/>\n<meta property=\"og:description\" content=\"In Pf\u00e4ffikon (ZH) ist am 19. Oktober 2017 der Spatenstich der Wohn\u00fcberbauung Weidsicht gefeiert worden. Der Baustart war bereits am 18. September erfolgt.\" \/>\n<meta property=\"og:url\" content=\"https:\/\/www.immobilienbusiness.ch\/de\/residential\/2017-10-20\/steiner-ag-baustart-fuer-wohnprojekt-weidsicht\/\" \/>\n<meta property=\"og:site_name\" content=\"IMMOBILIEN Business\" \/>\n<meta property=\"article:publisher\" content=\"https:\/\/www.facebook.com\/immobilienbusiness\/\" \/>\n<meta property=\"article:published_time\" content=\"2017-10-20T05:58:50+00:00\" \/>\n<meta property=\"og:image\" content=\"https:\/\/www.immobilienbusiness.ch\/wp-content\/uploads\/2017\/10\/IB-News-20171019-Projekt-Weidsicht-Pfaeffikon-Vogelperspektive-See.jpg\" \/>\n\t<meta property=\"og:image:width\" content=\"800\" \/>\n\t<meta property=\"og:image:height\" content=\"560\" \/>\n\t<meta property=\"og:image:type\" content=\"image\/jpeg\" \/>\n<meta name=\"author\" content=\"mathias.rinka\" \/>\n<meta name=\"twitter:card\" content=\"summary_large_image\" \/>\n<meta name=\"twitter:title\" content=\"Steiner AG: Baustart f\u00fcr Wohnprojekt Weidsicht\" \/>\n<meta name=\"twitter:description\" content=\"In Pf\u00e4ffikon (ZH) ist am 19. Oktober 2017 der Spatenstich der Wohn\u00fcberbauung Weidsicht gefeiert worden. Der Baustart war bereits am 18. September erfolgt.\" \/>\n<script type=\"application\/ld+json\" class=\"yoast-schema-graph\">{\"@context\":\"https:\\\/\\\/schema.org\",\"@graph\":[{\"@type\":\"Article\",\"@id\":\"https:\\\/\\\/www.immobilienbusiness.ch\\\/residential\\\/2017-10-20\\\/steiner-ag-baustart-fuer-wohnprojekt-weidsicht\\\/#article\",\"isPartOf\":{\"@id\":\"https:\\\/\\\/www.immobilienbusiness.ch\\\/residential\\\/2017-10-20\\\/steiner-ag-baustart-fuer-wohnprojekt-weidsicht\\\/\"},\"author\":{\"name\":\"mathias.rinka\",\"@id\":\"https:\\\/\\\/www.immobilienbusiness.ch\\\/#\\\/schema\\\/person\\\/31be7383261ea656cfe52cad71fdc211\"},\"headline\":\"Steiner AG: Baustart f\u00fcr Wohnprojekt Weidsicht\",\"datePublished\":\"2017-10-20T05:58:50+00:00\",\"mainEntityOfPage\":{\"@id\":\"https:\\\/\\\/www.immobilienbusiness.ch\\\/residential\\\/2017-10-20\\\/steiner-ag-baustart-fuer-wohnprojekt-weidsicht\\\/\"},\"wordCount\":160,\"commentCount\":0,\"publisher\":{\"@id\":\"https:\\\/\\\/www.immobilienbusiness.ch\\\/#organization\"},\"image\":{\"@id\":\"https:\\\/\\\/www.immobilienbusiness.ch\\\/residential\\\/2017-10-20\\\/steiner-ag-baustart-fuer-wohnprojekt-weidsicht\\\/#primaryimage\"},\"thumbnailUrl\":\"https:\\\/\\\/www.immobilienbusiness.ch\\\/wp-content\\\/uploads\\\/2017\\\/10\\\/IB-News-20171019-Projekt-Weidsicht-Pfaeffikon-Vogelperspektive-See.jpg\",\"keywords\":[\"Anlagegruppe\",\"Pf\u00e4ffikon\",\"Projekt in Bau\",\"Projektentwicklung\",\"Steiner AG\",\"Wohnen\",\"Z\u00fcrich\"],\"articleSection\":[\"RESIDENTIAL\"],\"inLanguage\":\"de\"},{\"@type\":\"WebPage\",\"@id\":\"https:\\\/\\\/www.immobilienbusiness.ch\\\/residential\\\/2017-10-20\\\/steiner-ag-baustart-fuer-wohnprojekt-weidsicht\\\/\",\"url\":\"https:\\\/\\\/www.immobilienbusiness.ch\\\/residential\\\/2017-10-20\\\/steiner-ag-baustart-fuer-wohnprojekt-weidsicht\\\/\",\"name\":\"Steiner AG: Baustart f\u00fcr Wohnprojekt Weidsicht - IMMOBILIEN Business\",\"isPartOf\":{\"@id\":\"https:\\\/\\\/www.immobilienbusiness.ch\\\/#website\"},\"primaryImageOfPage\":{\"@id\":\"https:\\\/\\\/www.immobilienbusiness.ch\\\/residential\\\/2017-10-20\\\/steiner-ag-baustart-fuer-wohnprojekt-weidsicht\\\/#primaryimage\"},\"image\":{\"@id\":\"https:\\\/\\\/www.immobilienbusiness.ch\\\/residential\\\/2017-10-20\\\/steiner-ag-baustart-fuer-wohnprojekt-weidsicht\\\/#primaryimage\"},\"thumbnailUrl\":\"https:\\\/\\\/www.immobilienbusiness.ch\\\/wp-content\\\/uploads\\\/2017\\\/10\\\/IB-News-20171019-Projekt-Weidsicht-Pfaeffikon-Vogelperspektive-See.jpg\",\"datePublished\":\"2017-10-20T05:58:50+00:00\",\"description\":\"In Pf\u00e4ffikon (ZH) ist am 19. Oktober 2017 der Spatenstich der Wohn\u00fcberbauung Weidsicht gefeiert worden. Der Baustart war bereits am 18. September erfolgt.\",\"breadcrumb\":{\"@id\":\"https:\\\/\\\/www.immobilienbusiness.ch\\\/residential\\\/2017-10-20\\\/steiner-ag-baustart-fuer-wohnprojekt-weidsicht\\\/#breadcrumb\"},\"inLanguage\":\"de\",\"potentialAction\":[{\"@type\":\"ReadAction\",\"target\":[\"https:\\\/\\\/www.immobilienbusiness.ch\\\/residential\\\/2017-10-20\\\/steiner-ag-baustart-fuer-wohnprojekt-weidsicht\\\/\"]}]},{\"@type\":\"ImageObject\",\"inLanguage\":\"de\",\"@id\":\"https:\\\/\\\/www.immobilienbusiness.ch\\\/residential\\\/2017-10-20\\\/steiner-ag-baustart-fuer-wohnprojekt-weidsicht\\\/#primaryimage\",\"url\":\"https:\\\/\\\/www.immobilienbusiness.ch\\\/wp-content\\\/uploads\\\/2017\\\/10\\\/IB-News-20171019-Projekt-Weidsicht-Pfaeffikon-Vogelperspektive-See.jpg\",\"contentUrl\":\"https:\\\/\\\/www.immobilienbusiness.ch\\\/wp-content\\\/uploads\\\/2017\\\/10\\\/IB-News-20171019-Projekt-Weidsicht-Pfaeffikon-Vogelperspektive-See.jpg\",\"width\":800,\"height\":560,\"caption\":\"Das Projekt Weidsicht nahe dem Pf\u00e4ffikersee aus der Vogelperspektive (Visualisierung: Steiner AG)\"},{\"@type\":\"BreadcrumbList\",\"@id\":\"https:\\\/\\\/www.immobilienbusiness.ch\\\/residential\\\/2017-10-20\\\/steiner-ag-baustart-fuer-wohnprojekt-weidsicht\\\/#breadcrumb\",\"itemListElement\":[{\"@type\":\"ListItem\",\"position\":1,\"name\":\"Home\",\"item\":\"https:\\\/\\\/www.immobilienbusiness.ch\\\/\"},{\"@type\":\"ListItem\",\"position\":2,\"name\":\"Steiner AG: Baustart f\u00fcr Wohnprojekt Weidsicht\"}]},{\"@type\":\"WebSite\",\"@id\":\"https:\\\/\\\/www.immobilienbusiness.ch\\\/#website\",\"url\":\"https:\\\/\\\/www.immobilienbusiness.ch\\\/\",\"name\":\"IMMOBILIEN Business\",\"description\":\"Unabh\u00e4ngiges Schweizer Wirtschaftsmagazin mit Fokus auf Immobilien, Architektur- und Bau sowie Investment- und Finanzierung.\",\"publisher\":{\"@id\":\"https:\\\/\\\/www.immobilienbusiness.ch\\\/#organization\"},\"potentialAction\":[{\"@type\":\"SearchAction\",\"target\":{\"@type\":\"EntryPoint\",\"urlTemplate\":\"https:\\\/\\\/www.immobilienbusiness.ch\\\/?s={search_term_string}\"},\"query-input\":{\"@type\":\"PropertyValueSpecification\",\"valueRequired\":true,\"valueName\":\"search_term_string\"}}],\"inLanguage\":\"de\"},{\"@type\":\"Organization\",\"@id\":\"https:\\\/\\\/www.immobilienbusiness.ch\\\/#organization\",\"name\":\"IMMOBILIEN Business\",\"url\":\"https:\\\/\\\/www.immobilienbusiness.ch\\\/\",\"logo\":{\"@type\":\"ImageObject\",\"inLanguage\":\"de\",\"@id\":\"https:\\\/\\\/www.immobilienbusiness.ch\\\/#\\\/schema\\\/logo\\\/image\\\/\",\"url\":\"https:\\\/\\\/www.immobilienbusiness.ch\\\/wp-content\\\/uploads\\\/2021\\\/07\\\/logo_ib.png\",\"contentUrl\":\"https:\\\/\\\/www.immobilienbusiness.ch\\\/wp-content\\\/uploads\\\/2021\\\/07\\\/logo_ib.png\",\"width\":800,\"height\":181,\"caption\":\"IMMOBILIEN Business\"},\"image\":{\"@id\":\"https:\\\/\\\/www.immobilienbusiness.ch\\\/#\\\/schema\\\/logo\\\/image\\\/\"},\"sameAs\":[\"https:\\\/\\\/www.facebook.com\\\/immobilienbusiness\\\/\"]},{\"@type\":\"Person\",\"@id\":\"https:\\\/\\\/www.immobilienbusiness.ch\\\/#\\\/schema\\\/person\\\/31be7383261ea656cfe52cad71fdc211\",\"name\":\"mathias.rinka\",\"image\":{\"@type\":\"ImageObject\",\"inLanguage\":\"de\",\"@id\":\"https:\\\/\\\/secure.gravatar.com\\\/avatar\\\/?s=96&d=mm&r=g\",\"url\":\"https:\\\/\\\/secure.gravatar.com\\\/avatar\\\/?s=96&d=mm&r=g\",\"contentUrl\":\"https:\\\/\\\/secure.gravatar.com\\\/avatar\\\/?s=96&d=mm&r=g\",\"caption\":\"mathias.rinka\"},\"url\":\"https:\\\/\\\/www.immobilienbusiness.ch\\\/de\\\/author\\\/mathias-rinka\\\/\"}]}<\/script>\n<!-- \/ Yoast SEO plugin. -->","yoast_head_json":{"title":"Steiner AG: Baustart f\u00fcr Wohnprojekt Weidsicht - IMMOBILIEN Business","description":"In Pf\u00e4ffikon (ZH) ist am 19. Oktober 2017 der Spatenstich der Wohn\u00fcberbauung Weidsicht gefeiert worden. Der Baustart war bereits am 18. September erfolgt.","robots":{"index":"index","follow":"follow","max-snippet":"max-snippet:-1","max-image-preview":"max-image-preview:large","max-video-preview":"max-video-preview:-1"},"canonical":"https:\/\/www.immobilienbusiness.ch\/de\/residential\/2017-10-20\/steiner-ag-baustart-fuer-wohnprojekt-weidsicht\/","og_locale":"de_DE","og_type":"article","og_title":"Steiner AG: Baustart f\u00fcr Wohnprojekt Weidsicht","og_description":"In Pf\u00e4ffikon (ZH) ist am 19. Oktober 2017 der Spatenstich der Wohn\u00fcberbauung Weidsicht gefeiert worden. Der Baustart war bereits am 18. September erfolgt.","og_url":"https:\/\/www.immobilienbusiness.ch\/de\/residential\/2017-10-20\/steiner-ag-baustart-fuer-wohnprojekt-weidsicht\/","og_site_name":"IMMOBILIEN Business","article_publisher":"https:\/\/www.facebook.com\/immobilienbusiness\/","article_published_time":"2017-10-20T05:58:50+00:00","og_image":[{"width":800,"height":560,"url":"https:\/\/www.immobilienbusiness.ch\/wp-content\/uploads\/2017\/10\/IB-News-20171019-Projekt-Weidsicht-Pfaeffikon-Vogelperspektive-See.jpg","type":"image\/jpeg"}],"author":"mathias.rinka","twitter_card":"summary_large_image","twitter_title":"Steiner AG: Baustart f\u00fcr Wohnprojekt Weidsicht","twitter_description":"In Pf\u00e4ffikon (ZH) ist am 19. Oktober 2017 der Spatenstich der Wohn\u00fcberbauung Weidsicht gefeiert worden. Der Baustart war bereits am 18. September erfolgt.","schema":{"@context":"https:\/\/schema.org","@graph":[{"@type":"Article","@id":"https:\/\/www.immobilienbusiness.ch\/residential\/2017-10-20\/steiner-ag-baustart-fuer-wohnprojekt-weidsicht\/#article","isPartOf":{"@id":"https:\/\/www.immobilienbusiness.ch\/residential\/2017-10-20\/steiner-ag-baustart-fuer-wohnprojekt-weidsicht\/"},"author":{"name":"mathias.rinka","@id":"https:\/\/www.immobilienbusiness.ch\/#\/schema\/person\/31be7383261ea656cfe52cad71fdc211"},"headline":"Steiner AG: Baustart f\u00fcr Wohnprojekt Weidsicht","datePublished":"2017-10-20T05:58:50+00:00","mainEntityOfPage":{"@id":"https:\/\/www.immobilienbusiness.ch\/residential\/2017-10-20\/steiner-ag-baustart-fuer-wohnprojekt-weidsicht\/"},"wordCount":160,"commentCount":0,"publisher":{"@id":"https:\/\/www.immobilienbusiness.ch\/#organization"},"image":{"@id":"https:\/\/www.immobilienbusiness.ch\/residential\/2017-10-20\/steiner-ag-baustart-fuer-wohnprojekt-weidsicht\/#primaryimage"},"thumbnailUrl":"https:\/\/www.immobilienbusiness.ch\/wp-content\/uploads\/2017\/10\/IB-News-20171019-Projekt-Weidsicht-Pfaeffikon-Vogelperspektive-See.jpg","keywords":["Anlagegruppe","Pf\u00e4ffikon","Projekt in Bau","Projektentwicklung","Steiner AG","Wohnen","Z\u00fcrich"],"articleSection":["RESIDENTIAL"],"inLanguage":"de"},{"@type":"WebPage","@id":"https:\/\/www.immobilienbusiness.ch\/residential\/2017-10-20\/steiner-ag-baustart-fuer-wohnprojekt-weidsicht\/","url":"https:\/\/www.immobilienbusiness.ch\/residential\/2017-10-20\/steiner-ag-baustart-fuer-wohnprojekt-weidsicht\/","name":"Steiner AG: Baustart f\u00fcr Wohnprojekt Weidsicht - IMMOBILIEN Business","isPartOf":{"@id":"https:\/\/www.immobilienbusiness.ch\/#website"},"primaryImageOfPage":{"@id":"https:\/\/www.immobilienbusiness.ch\/residential\/2017-10-20\/steiner-ag-baustart-fuer-wohnprojekt-weidsicht\/#primaryimage"},"image":{"@id":"https:\/\/www.immobilienbusiness.ch\/residential\/2017-10-20\/steiner-ag-baustart-fuer-wohnprojekt-weidsicht\/#primaryimage"},"thumbnailUrl":"https:\/\/www.immobilienbusiness.ch\/wp-content\/uploads\/2017\/10\/IB-News-20171019-Projekt-Weidsicht-Pfaeffikon-Vogelperspektive-See.jpg","datePublished":"2017-10-20T05:58:50+00:00","description":"In Pf\u00e4ffikon (ZH) ist am 19. Oktober 2017 der Spatenstich der Wohn\u00fcberbauung Weidsicht gefeiert worden. Der Baustart war bereits am 18. September erfolgt.","breadcrumb":{"@id":"https:\/\/www.immobilienbusiness.ch\/residential\/2017-10-20\/steiner-ag-baustart-fuer-wohnprojekt-weidsicht\/#breadcrumb"},"inLanguage":"de","potentialAction":[{"@type":"ReadAction","target":["https:\/\/www.immobilienbusiness.ch\/residential\/2017-10-20\/steiner-ag-baustart-fuer-wohnprojekt-weidsicht\/"]}]},{"@type":"ImageObject","inLanguage":"de","@id":"https:\/\/www.immobilienbusiness.ch\/residential\/2017-10-20\/steiner-ag-baustart-fuer-wohnprojekt-weidsicht\/#primaryimage","url":"https:\/\/www.immobilienbusiness.ch\/wp-content\/uploads\/2017\/10\/IB-News-20171019-Projekt-Weidsicht-Pfaeffikon-Vogelperspektive-See.jpg","contentUrl":"https:\/\/www.immobilienbusiness.ch\/wp-content\/uploads\/2017\/10\/IB-News-20171019-Projekt-Weidsicht-Pfaeffikon-Vogelperspektive-See.jpg","width":800,"height":560,"caption":"Das Projekt Weidsicht nahe dem Pf\u00e4ffikersee aus der Vogelperspektive (Visualisierung: Steiner AG)"},{"@type":"BreadcrumbList","@id":"https:\/\/www.immobilienbusiness.ch\/residential\/2017-10-20\/steiner-ag-baustart-fuer-wohnprojekt-weidsicht\/#breadcrumb","itemListElement":[{"@type":"ListItem","position":1,"name":"Home","item":"https:\/\/www.immobilienbusiness.ch\/"},{"@type":"ListItem","position":2,"name":"Steiner AG: Baustart f\u00fcr Wohnprojekt Weidsicht"}]},{"@type":"WebSite","@id":"https:\/\/www.immobilienbusiness.ch\/#website","url":"https:\/\/www.immobilienbusiness.ch\/","name":"IMMOBILIEN Business","description":"Unabh\u00e4ngiges Schweizer Wirtschaftsmagazin mit Fokus auf Immobilien, Architektur- und Bau sowie Investment- und Finanzierung.","publisher":{"@id":"https:\/\/www.immobilienbusiness.ch\/#organization"},"potentialAction":[{"@type":"SearchAction","target":{"@type":"EntryPoint","urlTemplate":"https:\/\/www.immobilienbusiness.ch\/?s={search_term_string}"},"query-input":{"@type":"PropertyValueSpecification","valueRequired":true,"valueName":"search_term_string"}}],"inLanguage":"de"},{"@type":"Organization","@id":"https:\/\/www.immobilienbusiness.ch\/#organization","name":"IMMOBILIEN Business","url":"https:\/\/www.immobilienbusiness.ch\/","logo":{"@type":"ImageObject","inLanguage":"de","@id":"https:\/\/www.immobilienbusiness.ch\/#\/schema\/logo\/image\/","url":"https:\/\/www.immobilienbusiness.ch\/wp-content\/uploads\/2021\/07\/logo_ib.png","contentUrl":"https:\/\/www.immobilienbusiness.ch\/wp-content\/uploads\/2021\/07\/logo_ib.png","width":800,"height":181,"caption":"IMMOBILIEN Business"},"image":{"@id":"https:\/\/www.immobilienbusiness.ch\/#\/schema\/logo\/image\/"},"sameAs":["https:\/\/www.facebook.com\/immobilienbusiness\/"]},{"@type":"Person","@id":"https:\/\/www.immobilienbusiness.ch\/#\/schema\/person\/31be7383261ea656cfe52cad71fdc211","name":"mathias.rinka","image":{"@type":"ImageObject","inLanguage":"de","@id":"https:\/\/secure.gravatar.com\/avatar\/?s=96&d=mm&r=g","url":"https:\/\/secure.gravatar.com\/avatar\/?s=96&d=mm&r=g","contentUrl":"https:\/\/secure.gravatar.com\/avatar\/?s=96&d=mm&r=g","caption":"mathias.rinka"},"url":"https:\/\/www.immobilienbusiness.ch\/de\/author\/mathias-rinka\/"}]}},"_links":{"self":[{"href":"https:\/\/www.immobilienbusiness.ch\/de\/wp-json\/wp\/v2\/posts\/9677","targetHints":{"allow":["GET"]}}],"collection":[{"href":"https:\/\/www.immobilienbusiness.ch\/de\/wp-json\/wp\/v2\/posts"}],"about":[{"href":"https:\/\/www.immobilienbusiness.ch\/de\/wp-json\/wp\/v2\/types\/post"}],"author":[{"embeddable":true,"href":"https:\/\/www.immobilienbusiness.ch\/de\/wp-json\/wp\/v2\/users\/4"}],"replies":[{"embeddable":true,"href":"https:\/\/www.immobilienbusiness.ch\/de\/wp-json\/wp\/v2\/comments?post=9677"}],"version-history":[{"count":0,"href":"https:\/\/www.immobilienbusiness.ch\/de\/wp-json\/wp\/v2\/posts\/9677\/revisions"}],"wp:featuredmedia":[{"embeddable":true,"href":"https:\/\/www.immobilienbusiness.ch\/de\/wp-json\/wp\/v2\/media\/9679"}],"wp:attachment":[{"href":"https:\/\/www.immobilienbusiness.ch\/de\/wp-json\/wp\/v2\/media?parent=9677"}],"wp:term":[{"taxonomy":"category","embeddable":true,"href":"https:\/\/www.immobilienbusiness.ch\/de\/wp-json\/wp\/v2\/categories?post=9677"},{"taxonomy":"post_tag","embeddable":true,"href":"https:\/\/www.immobilienbusiness.ch\/de\/wp-json\/wp\/v2\/tags?post=9677"}],"curies":[{"name":"wp","href":"https:\/\/api.w.org\/{rel}","templated":true}]}}