{"id":9633,"date":"2017-10-19T09:30:38","date_gmt":"2017-10-19T07:30:38","guid":{"rendered":"https:\/\/www.immobilienbusiness.ch\/?p=9633"},"modified":"2017-10-19T09:30:38","modified_gmt":"2017-10-19T07:30:38","slug":"sf-commercial-properties-fund-kapitalerhoehung","status":"publish","type":"post","link":"https:\/\/www.immobilienbusiness.ch\/de\/unternehmen\/2017-10-19\/sf-commercial-properties-fund-kapitalerhoehung\/","title":{"rendered":"SF Commercial Properties Fund: Kapitalerh\u00f6hung im Visier"},"content":{"rendered":"<figure id=\"attachment_9635\" aria-describedby=\"caption-attachment-9635\" style=\"width: 680px\" class=\"wp-caption alignnone\"><img loading=\"lazy\" decoding=\"async\" class=\"size-full wp-image-9635\" src=\"https:\/\/www.immobilienbusiness.ch\/wp-content\/uploads\/2017\/10\/IB-News-20171019-Kapitalerh\u00f6hung-Swiss-Commercial-Properties-Fund.jpg\" alt=\"\" width=\"680\" height=\"492\" \/><figcaption id=\"caption-attachment-9635\" class=\"wp-caption-text\">Der SF Commercial Properties Fund erw\u00e4gt eine Kapitalerh\u00f6hung noch im November (Bild: Rangizzz \u2013 depositphotos)<\/figcaption><\/figure>\n<p>Wie die Unternehmung am 17. Oktober mitteilte, erw\u00e4gt die Fondsleitung eine Kapitalerh\u00f6hung im November 2017 \u00fcber maximal 120 Millionen CHF mit anschliessender Kotierung. Der SF Commercial Properties Fund beabsichtige \u00abdurch gezielte Zuk\u00e4ufe in den R\u00e4umen Z\u00fcrich, Aargau, St. Gallen und Tessin, die Mietertr\u00e4ge des Fonds nachhaltig zu steigern\u00bb.<\/p>\n<p>\u00dcber weitere Einzelheiten werde die Gesellschaft \u00abzu gegebenem Zeitpunkt orientieren\u00bb, heisst es weiter.<\/p>\n<p>Der SF Commercial Properties Fund investiert in Immobilien mit Fokus auf Industrie, Logistik, Gewerbe und Verkauf in der ganzen Schweiz. Das Immobilienportfolio kann auch Spezialliegenschaften wie Parkh\u00e4user, Einkaufszentren sowie B\u00fcro- und Gewerbeliegenschaften an zentralen Standorten und mit langfristigen Mietvertr\u00e4gen beinhalten.<\/p>\n<p>Aktuell umfasst das Fondsportfolio acht Liegenschaften in den Gemeinden Bubendorf, Dietikon, Frankendorf, Langenthal, Lyss, Spreitenbach, Thal und Weinfelden.<\/p>\n","protected":false},"excerpt":{"rendered":"<p>Die Swiss Finance &#038; Property AG pr\u00fcft eine Kapitalerh\u00f6hung f\u00fcr ihren SF Commercial Properties Fund, um weitere Immobilienakquisitionen durchf\u00fchren zu k\u00f6nnen.<\/p>\n","protected":false},"author":4,"featured_media":9635,"comment_status":"open","ping_status":"open","sticky":false,"template":"","format":"standard","meta":{"_acf_changed":false,"_yoast_wpseo_focuskw":"SF Commercial Properties Fund","_yoast_wpseo_title":"","_yoast_wpseo_metadesc":"Swiss Finance & Property pr\u00fcft eine Kapitalerh\u00f6hung f\u00fcr ihren SF Commercial Properties Fund, um weitere Immobilienakquisitionen durchf\u00fchren zu k\u00f6nnen.","_yoast_wpseo_linkdex":66,"pgc_sgb_lightbox_settings":"","footnotes":""},"categories":[988],"tags":[993,1272,1344,1363,1412,1451,1643,1722,1775,1888],"class_list":["post-9633","post","type-post","status-publish","format-standard","has-post-thumbnail","hentry","category-unternehmen","tag-aargau","tag-gewerbeimmobilien","tag-immobilienfonds","tag-industrie-immobilien","tag-kapitalerhoehung","tag-logistik","tag-retail","tag-st-gallen","tag-tessin","tag-zuerich"],"acf":[],"yoast_head":"<!-- This site is optimized with the Yoast SEO plugin v27.4 - https:\/\/yoast.com\/product\/yoast-seo-wordpress\/ -->\n<title>SF Commercial Properties Fund: Kapitalerh\u00f6hung im Visier - IMMOBILIEN Business<\/title>\n<meta name=\"description\" content=\"Swiss Finance &amp; Property pr\u00fcft eine Kapitalerh\u00f6hung f\u00fcr ihren SF Commercial Properties Fund, um weitere Immobilienakquisitionen durchf\u00fchren zu k\u00f6nnen.\" \/>\n<meta name=\"robots\" content=\"index, follow, max-snippet:-1, max-image-preview:large, max-video-preview:-1\" \/>\n<link rel=\"canonical\" href=\"https:\/\/www.immobilienbusiness.ch\/de\/unternehmen\/2017-10-19\/sf-commercial-properties-fund-kapitalerhoehung\/\" \/>\n<meta property=\"og:locale\" content=\"de_DE\" \/>\n<meta property=\"og:type\" content=\"article\" \/>\n<meta property=\"og:title\" content=\"SF Commercial Properties Fund: Kapitalerh\u00f6hung im Visier\" \/>\n<meta property=\"og:description\" content=\"Swiss Finance &amp; Property pr\u00fcft eine Kapitalerh\u00f6hung f\u00fcr ihren SF Commercial Properties Fund, um weitere Immobilienakquisitionen durchf\u00fchren zu k\u00f6nnen.\" \/>\n<meta property=\"og:url\" content=\"https:\/\/www.immobilienbusiness.ch\/de\/unternehmen\/2017-10-19\/sf-commercial-properties-fund-kapitalerhoehung\/\" \/>\n<meta property=\"og:site_name\" content=\"IMMOBILIEN Business\" \/>\n<meta property=\"article:publisher\" content=\"https:\/\/www.facebook.com\/immobilienbusiness\/\" \/>\n<meta property=\"article:published_time\" content=\"2017-10-19T07:30:38+00:00\" \/>\n<meta property=\"og:image\" content=\"https:\/\/www.immobilienbusiness.ch\/wp-content\/uploads\/2017\/10\/IB-News-20171019-Kapitalerhoehung-Swiss-Commercial-Properties-Fund-e1637933228234.jpg\" \/>\n\t<meta property=\"og:image:width\" content=\"680\" \/>\n\t<meta property=\"og:image:height\" content=\"450\" \/>\n\t<meta property=\"og:image:type\" content=\"image\/jpeg\" \/>\n<meta name=\"author\" content=\"mathias.rinka\" \/>\n<meta name=\"twitter:card\" content=\"summary_large_image\" \/>\n<meta name=\"twitter:title\" content=\"SF Commercial Properties Fund: Kapitalerh\u00f6hung im Visier\" \/>\n<meta name=\"twitter:description\" content=\"Swiss Finance &amp; Property pr\u00fcft eine Kapitalerh\u00f6hung f\u00fcr ihren SF Commercial Properties Fund, um weitere Immobilienakquisitionen durchf\u00fchren zu k\u00f6nnen.\" \/>\n<script type=\"application\/ld+json\" class=\"yoast-schema-graph\">{\"@context\":\"https:\\\/\\\/schema.org\",\"@graph\":[{\"@type\":\"Article\",\"@id\":\"https:\\\/\\\/www.immobilienbusiness.ch\\\/en\\\/unternehmen\\\/2017-10-19\\\/sf-commercial-properties-fund-kapitalerhoehung\\\/#article\",\"isPartOf\":{\"@id\":\"https:\\\/\\\/www.immobilienbusiness.ch\\\/en\\\/unternehmen\\\/2017-10-19\\\/sf-commercial-properties-fund-kapitalerhoehung\\\/\"},\"author\":{\"name\":\"mathias.rinka\",\"@id\":\"https:\\\/\\\/www.immobilienbusiness.ch\\\/#\\\/schema\\\/person\\\/31be7383261ea656cfe52cad71fdc211\"},\"headline\":\"SF Commercial Properties Fund: Kapitalerh\u00f6hung im Visier\",\"datePublished\":\"2017-10-19T07:30:38+00:00\",\"mainEntityOfPage\":{\"@id\":\"https:\\\/\\\/www.immobilienbusiness.ch\\\/en\\\/unternehmen\\\/2017-10-19\\\/sf-commercial-properties-fund-kapitalerhoehung\\\/\"},\"wordCount\":156,\"commentCount\":0,\"publisher\":{\"@id\":\"https:\\\/\\\/www.immobilienbusiness.ch\\\/#organization\"},\"image\":{\"@id\":\"https:\\\/\\\/www.immobilienbusiness.ch\\\/en\\\/unternehmen\\\/2017-10-19\\\/sf-commercial-properties-fund-kapitalerhoehung\\\/#primaryimage\"},\"thumbnailUrl\":\"https:\\\/\\\/www.immobilienbusiness.ch\\\/wp-content\\\/uploads\\\/2017\\\/10\\\/IB-News-20171019-Kapitalerhoehung-Swiss-Commercial-Properties-Fund-e1637933228234.jpg\",\"keywords\":[\"Aargau\",\"Gewerbeimmobilien\",\"Immobilienfonds\",\"Industrie-Immobilien\",\"Kapitalerh\u00f6hung\",\"Logistik\",\"Retail\",\"St. Gallen\",\"Tessin\",\"Z\u00fcrich\"],\"articleSection\":[\"UNTERNEHMEN\"],\"inLanguage\":\"de\"},{\"@type\":\"WebPage\",\"@id\":\"https:\\\/\\\/www.immobilienbusiness.ch\\\/en\\\/unternehmen\\\/2017-10-19\\\/sf-commercial-properties-fund-kapitalerhoehung\\\/\",\"url\":\"https:\\\/\\\/www.immobilienbusiness.ch\\\/en\\\/unternehmen\\\/2017-10-19\\\/sf-commercial-properties-fund-kapitalerhoehung\\\/\",\"name\":\"SF Commercial Properties Fund: Kapitalerh\u00f6hung im Visier - IMMOBILIEN Business\",\"isPartOf\":{\"@id\":\"https:\\\/\\\/www.immobilienbusiness.ch\\\/#website\"},\"primaryImageOfPage\":{\"@id\":\"https:\\\/\\\/www.immobilienbusiness.ch\\\/en\\\/unternehmen\\\/2017-10-19\\\/sf-commercial-properties-fund-kapitalerhoehung\\\/#primaryimage\"},\"image\":{\"@id\":\"https:\\\/\\\/www.immobilienbusiness.ch\\\/en\\\/unternehmen\\\/2017-10-19\\\/sf-commercial-properties-fund-kapitalerhoehung\\\/#primaryimage\"},\"thumbnailUrl\":\"https:\\\/\\\/www.immobilienbusiness.ch\\\/wp-content\\\/uploads\\\/2017\\\/10\\\/IB-News-20171019-Kapitalerhoehung-Swiss-Commercial-Properties-Fund-e1637933228234.jpg\",\"datePublished\":\"2017-10-19T07:30:38+00:00\",\"description\":\"Swiss Finance & Property pr\u00fcft eine Kapitalerh\u00f6hung f\u00fcr ihren SF Commercial Properties Fund, um weitere Immobilienakquisitionen durchf\u00fchren zu k\u00f6nnen.\",\"breadcrumb\":{\"@id\":\"https:\\\/\\\/www.immobilienbusiness.ch\\\/en\\\/unternehmen\\\/2017-10-19\\\/sf-commercial-properties-fund-kapitalerhoehung\\\/#breadcrumb\"},\"inLanguage\":\"de\",\"potentialAction\":[{\"@type\":\"ReadAction\",\"target\":[\"https:\\\/\\\/www.immobilienbusiness.ch\\\/en\\\/unternehmen\\\/2017-10-19\\\/sf-commercial-properties-fund-kapitalerhoehung\\\/\"]}]},{\"@type\":\"ImageObject\",\"inLanguage\":\"de\",\"@id\":\"https:\\\/\\\/www.immobilienbusiness.ch\\\/en\\\/unternehmen\\\/2017-10-19\\\/sf-commercial-properties-fund-kapitalerhoehung\\\/#primaryimage\",\"url\":\"https:\\\/\\\/www.immobilienbusiness.ch\\\/wp-content\\\/uploads\\\/2017\\\/10\\\/IB-News-20171019-Kapitalerhoehung-Swiss-Commercial-Properties-Fund-e1637933228234.jpg\",\"contentUrl\":\"https:\\\/\\\/www.immobilienbusiness.ch\\\/wp-content\\\/uploads\\\/2017\\\/10\\\/IB-News-20171019-Kapitalerhoehung-Swiss-Commercial-Properties-Fund-e1637933228234.jpg\",\"width\":680,\"height\":450,\"caption\":\"Frisches Kapital (Bild: Rangizzz \u2013 depositphotos)\"},{\"@type\":\"BreadcrumbList\",\"@id\":\"https:\\\/\\\/www.immobilienbusiness.ch\\\/en\\\/unternehmen\\\/2017-10-19\\\/sf-commercial-properties-fund-kapitalerhoehung\\\/#breadcrumb\",\"itemListElement\":[{\"@type\":\"ListItem\",\"position\":1,\"name\":\"Home\",\"item\":\"https:\\\/\\\/www.immobilienbusiness.ch\\\/\"},{\"@type\":\"ListItem\",\"position\":2,\"name\":\"SF Commercial Properties Fund: Kapitalerh\u00f6hung im Visier\"}]},{\"@type\":\"WebSite\",\"@id\":\"https:\\\/\\\/www.immobilienbusiness.ch\\\/#website\",\"url\":\"https:\\\/\\\/www.immobilienbusiness.ch\\\/\",\"name\":\"IMMOBILIEN Business\",\"description\":\"Unabh\u00e4ngiges Schweizer Wirtschaftsmagazin mit Fokus auf Immobilien, Architektur- und Bau sowie Investment- und Finanzierung.\",\"publisher\":{\"@id\":\"https:\\\/\\\/www.immobilienbusiness.ch\\\/#organization\"},\"potentialAction\":[{\"@type\":\"SearchAction\",\"target\":{\"@type\":\"EntryPoint\",\"urlTemplate\":\"https:\\\/\\\/www.immobilienbusiness.ch\\\/?s={search_term_string}\"},\"query-input\":{\"@type\":\"PropertyValueSpecification\",\"valueRequired\":true,\"valueName\":\"search_term_string\"}}],\"inLanguage\":\"de\"},{\"@type\":\"Organization\",\"@id\":\"https:\\\/\\\/www.immobilienbusiness.ch\\\/#organization\",\"name\":\"IMMOBILIEN Business\",\"url\":\"https:\\\/\\\/www.immobilienbusiness.ch\\\/\",\"logo\":{\"@type\":\"ImageObject\",\"inLanguage\":\"de\",\"@id\":\"https:\\\/\\\/www.immobilienbusiness.ch\\\/#\\\/schema\\\/logo\\\/image\\\/\",\"url\":\"https:\\\/\\\/www.immobilienbusiness.ch\\\/wp-content\\\/uploads\\\/2021\\\/07\\\/logo_ib.png\",\"contentUrl\":\"https:\\\/\\\/www.immobilienbusiness.ch\\\/wp-content\\\/uploads\\\/2021\\\/07\\\/logo_ib.png\",\"width\":800,\"height\":181,\"caption\":\"IMMOBILIEN Business\"},\"image\":{\"@id\":\"https:\\\/\\\/www.immobilienbusiness.ch\\\/#\\\/schema\\\/logo\\\/image\\\/\"},\"sameAs\":[\"https:\\\/\\\/www.facebook.com\\\/immobilienbusiness\\\/\"]},{\"@type\":\"Person\",\"@id\":\"https:\\\/\\\/www.immobilienbusiness.ch\\\/#\\\/schema\\\/person\\\/31be7383261ea656cfe52cad71fdc211\",\"name\":\"mathias.rinka\",\"image\":{\"@type\":\"ImageObject\",\"inLanguage\":\"de\",\"@id\":\"https:\\\/\\\/secure.gravatar.com\\\/avatar\\\/?s=96&d=mm&r=g\",\"url\":\"https:\\\/\\\/secure.gravatar.com\\\/avatar\\\/?s=96&d=mm&r=g\",\"contentUrl\":\"https:\\\/\\\/secure.gravatar.com\\\/avatar\\\/?s=96&d=mm&r=g\",\"caption\":\"mathias.rinka\"},\"url\":\"https:\\\/\\\/www.immobilienbusiness.ch\\\/de\\\/author\\\/mathias-rinka\\\/\"}]}<\/script>\n<!-- \/ Yoast SEO plugin. -->","yoast_head_json":{"title":"SF Commercial Properties Fund: Kapitalerh\u00f6hung im Visier - IMMOBILIEN Business","description":"Swiss Finance & Property pr\u00fcft eine Kapitalerh\u00f6hung f\u00fcr ihren SF Commercial Properties Fund, um weitere Immobilienakquisitionen durchf\u00fchren zu k\u00f6nnen.","robots":{"index":"index","follow":"follow","max-snippet":"max-snippet:-1","max-image-preview":"max-image-preview:large","max-video-preview":"max-video-preview:-1"},"canonical":"https:\/\/www.immobilienbusiness.ch\/de\/unternehmen\/2017-10-19\/sf-commercial-properties-fund-kapitalerhoehung\/","og_locale":"de_DE","og_type":"article","og_title":"SF Commercial Properties Fund: Kapitalerh\u00f6hung im Visier","og_description":"Swiss Finance & Property pr\u00fcft eine Kapitalerh\u00f6hung f\u00fcr ihren SF Commercial Properties Fund, um weitere Immobilienakquisitionen durchf\u00fchren zu k\u00f6nnen.","og_url":"https:\/\/www.immobilienbusiness.ch\/de\/unternehmen\/2017-10-19\/sf-commercial-properties-fund-kapitalerhoehung\/","og_site_name":"IMMOBILIEN Business","article_publisher":"https:\/\/www.facebook.com\/immobilienbusiness\/","article_published_time":"2017-10-19T07:30:38+00:00","og_image":[{"width":680,"height":450,"url":"https:\/\/www.immobilienbusiness.ch\/wp-content\/uploads\/2017\/10\/IB-News-20171019-Kapitalerhoehung-Swiss-Commercial-Properties-Fund-e1637933228234.jpg","type":"image\/jpeg"}],"author":"mathias.rinka","twitter_card":"summary_large_image","twitter_title":"SF Commercial Properties Fund: Kapitalerh\u00f6hung im Visier","twitter_description":"Swiss Finance & Property pr\u00fcft eine Kapitalerh\u00f6hung f\u00fcr ihren SF Commercial Properties Fund, um weitere Immobilienakquisitionen durchf\u00fchren zu k\u00f6nnen.","schema":{"@context":"https:\/\/schema.org","@graph":[{"@type":"Article","@id":"https:\/\/www.immobilienbusiness.ch\/en\/unternehmen\/2017-10-19\/sf-commercial-properties-fund-kapitalerhoehung\/#article","isPartOf":{"@id":"https:\/\/www.immobilienbusiness.ch\/en\/unternehmen\/2017-10-19\/sf-commercial-properties-fund-kapitalerhoehung\/"},"author":{"name":"mathias.rinka","@id":"https:\/\/www.immobilienbusiness.ch\/#\/schema\/person\/31be7383261ea656cfe52cad71fdc211"},"headline":"SF Commercial Properties Fund: Kapitalerh\u00f6hung im Visier","datePublished":"2017-10-19T07:30:38+00:00","mainEntityOfPage":{"@id":"https:\/\/www.immobilienbusiness.ch\/en\/unternehmen\/2017-10-19\/sf-commercial-properties-fund-kapitalerhoehung\/"},"wordCount":156,"commentCount":0,"publisher":{"@id":"https:\/\/www.immobilienbusiness.ch\/#organization"},"image":{"@id":"https:\/\/www.immobilienbusiness.ch\/en\/unternehmen\/2017-10-19\/sf-commercial-properties-fund-kapitalerhoehung\/#primaryimage"},"thumbnailUrl":"https:\/\/www.immobilienbusiness.ch\/wp-content\/uploads\/2017\/10\/IB-News-20171019-Kapitalerhoehung-Swiss-Commercial-Properties-Fund-e1637933228234.jpg","keywords":["Aargau","Gewerbeimmobilien","Immobilienfonds","Industrie-Immobilien","Kapitalerh\u00f6hung","Logistik","Retail","St. Gallen","Tessin","Z\u00fcrich"],"articleSection":["UNTERNEHMEN"],"inLanguage":"de"},{"@type":"WebPage","@id":"https:\/\/www.immobilienbusiness.ch\/en\/unternehmen\/2017-10-19\/sf-commercial-properties-fund-kapitalerhoehung\/","url":"https:\/\/www.immobilienbusiness.ch\/en\/unternehmen\/2017-10-19\/sf-commercial-properties-fund-kapitalerhoehung\/","name":"SF Commercial Properties Fund: Kapitalerh\u00f6hung im Visier - IMMOBILIEN Business","isPartOf":{"@id":"https:\/\/www.immobilienbusiness.ch\/#website"},"primaryImageOfPage":{"@id":"https:\/\/www.immobilienbusiness.ch\/en\/unternehmen\/2017-10-19\/sf-commercial-properties-fund-kapitalerhoehung\/#primaryimage"},"image":{"@id":"https:\/\/www.immobilienbusiness.ch\/en\/unternehmen\/2017-10-19\/sf-commercial-properties-fund-kapitalerhoehung\/#primaryimage"},"thumbnailUrl":"https:\/\/www.immobilienbusiness.ch\/wp-content\/uploads\/2017\/10\/IB-News-20171019-Kapitalerhoehung-Swiss-Commercial-Properties-Fund-e1637933228234.jpg","datePublished":"2017-10-19T07:30:38+00:00","description":"Swiss Finance & Property pr\u00fcft eine Kapitalerh\u00f6hung f\u00fcr ihren SF Commercial Properties Fund, um weitere Immobilienakquisitionen durchf\u00fchren zu k\u00f6nnen.","breadcrumb":{"@id":"https:\/\/www.immobilienbusiness.ch\/en\/unternehmen\/2017-10-19\/sf-commercial-properties-fund-kapitalerhoehung\/#breadcrumb"},"inLanguage":"de","potentialAction":[{"@type":"ReadAction","target":["https:\/\/www.immobilienbusiness.ch\/en\/unternehmen\/2017-10-19\/sf-commercial-properties-fund-kapitalerhoehung\/"]}]},{"@type":"ImageObject","inLanguage":"de","@id":"https:\/\/www.immobilienbusiness.ch\/en\/unternehmen\/2017-10-19\/sf-commercial-properties-fund-kapitalerhoehung\/#primaryimage","url":"https:\/\/www.immobilienbusiness.ch\/wp-content\/uploads\/2017\/10\/IB-News-20171019-Kapitalerhoehung-Swiss-Commercial-Properties-Fund-e1637933228234.jpg","contentUrl":"https:\/\/www.immobilienbusiness.ch\/wp-content\/uploads\/2017\/10\/IB-News-20171019-Kapitalerhoehung-Swiss-Commercial-Properties-Fund-e1637933228234.jpg","width":680,"height":450,"caption":"Frisches Kapital (Bild: Rangizzz \u2013 depositphotos)"},{"@type":"BreadcrumbList","@id":"https:\/\/www.immobilienbusiness.ch\/en\/unternehmen\/2017-10-19\/sf-commercial-properties-fund-kapitalerhoehung\/#breadcrumb","itemListElement":[{"@type":"ListItem","position":1,"name":"Home","item":"https:\/\/www.immobilienbusiness.ch\/"},{"@type":"ListItem","position":2,"name":"SF Commercial Properties Fund: Kapitalerh\u00f6hung im Visier"}]},{"@type":"WebSite","@id":"https:\/\/www.immobilienbusiness.ch\/#website","url":"https:\/\/www.immobilienbusiness.ch\/","name":"IMMOBILIEN Business","description":"Unabh\u00e4ngiges Schweizer Wirtschaftsmagazin mit Fokus auf Immobilien, Architektur- und Bau sowie Investment- und Finanzierung.","publisher":{"@id":"https:\/\/www.immobilienbusiness.ch\/#organization"},"potentialAction":[{"@type":"SearchAction","target":{"@type":"EntryPoint","urlTemplate":"https:\/\/www.immobilienbusiness.ch\/?s={search_term_string}"},"query-input":{"@type":"PropertyValueSpecification","valueRequired":true,"valueName":"search_term_string"}}],"inLanguage":"de"},{"@type":"Organization","@id":"https:\/\/www.immobilienbusiness.ch\/#organization","name":"IMMOBILIEN Business","url":"https:\/\/www.immobilienbusiness.ch\/","logo":{"@type":"ImageObject","inLanguage":"de","@id":"https:\/\/www.immobilienbusiness.ch\/#\/schema\/logo\/image\/","url":"https:\/\/www.immobilienbusiness.ch\/wp-content\/uploads\/2021\/07\/logo_ib.png","contentUrl":"https:\/\/www.immobilienbusiness.ch\/wp-content\/uploads\/2021\/07\/logo_ib.png","width":800,"height":181,"caption":"IMMOBILIEN Business"},"image":{"@id":"https:\/\/www.immobilienbusiness.ch\/#\/schema\/logo\/image\/"},"sameAs":["https:\/\/www.facebook.com\/immobilienbusiness\/"]},{"@type":"Person","@id":"https:\/\/www.immobilienbusiness.ch\/#\/schema\/person\/31be7383261ea656cfe52cad71fdc211","name":"mathias.rinka","image":{"@type":"ImageObject","inLanguage":"de","@id":"https:\/\/secure.gravatar.com\/avatar\/?s=96&d=mm&r=g","url":"https:\/\/secure.gravatar.com\/avatar\/?s=96&d=mm&r=g","contentUrl":"https:\/\/secure.gravatar.com\/avatar\/?s=96&d=mm&r=g","caption":"mathias.rinka"},"url":"https:\/\/www.immobilienbusiness.ch\/de\/author\/mathias-rinka\/"}]}},"_links":{"self":[{"href":"https:\/\/www.immobilienbusiness.ch\/de\/wp-json\/wp\/v2\/posts\/9633","targetHints":{"allow":["GET"]}}],"collection":[{"href":"https:\/\/www.immobilienbusiness.ch\/de\/wp-json\/wp\/v2\/posts"}],"about":[{"href":"https:\/\/www.immobilienbusiness.ch\/de\/wp-json\/wp\/v2\/types\/post"}],"author":[{"embeddable":true,"href":"https:\/\/www.immobilienbusiness.ch\/de\/wp-json\/wp\/v2\/users\/4"}],"replies":[{"embeddable":true,"href":"https:\/\/www.immobilienbusiness.ch\/de\/wp-json\/wp\/v2\/comments?post=9633"}],"version-history":[{"count":0,"href":"https:\/\/www.immobilienbusiness.ch\/de\/wp-json\/wp\/v2\/posts\/9633\/revisions"}],"wp:featuredmedia":[{"embeddable":true,"href":"https:\/\/www.immobilienbusiness.ch\/de\/wp-json\/wp\/v2\/media\/9635"}],"wp:attachment":[{"href":"https:\/\/www.immobilienbusiness.ch\/de\/wp-json\/wp\/v2\/media?parent=9633"}],"wp:term":[{"taxonomy":"category","embeddable":true,"href":"https:\/\/www.immobilienbusiness.ch\/de\/wp-json\/wp\/v2\/categories?post=9633"},{"taxonomy":"post_tag","embeddable":true,"href":"https:\/\/www.immobilienbusiness.ch\/de\/wp-json\/wp\/v2\/tags?post=9633"}],"curies":[{"name":"wp","href":"https:\/\/api.w.org\/{rel}","templated":true}]}}