{"id":9603,"date":"2017-10-17T08:56:54","date_gmt":"2017-10-17T06:56:54","guid":{"rendered":"https:\/\/www.immobilienbusiness.ch\/?p=9603"},"modified":"2017-10-17T08:56:54","modified_gmt":"2017-10-17T06:56:54","slug":"valres-fonds-strebt-an-die-boerse","status":"publish","type":"post","link":"https:\/\/www.immobilienbusiness.ch\/de\/unternehmen\/2017-10-17\/valres-fonds-strebt-an-die-boerse\/","title":{"rendered":"Valres-Fonds strebt an die B\u00f6rse"},"content":{"rendered":"<figure id=\"attachment_9223\" aria-describedby=\"caption-attachment-9223\" style=\"width: 869px\" class=\"wp-caption alignnone\"><img loading=\"lazy\" decoding=\"async\" class=\"wp-image-9223 size-full\" src=\"https:\/\/www.immobilienbusiness.ch\/wp-content\/uploads\/2017\/09\/IB-News-20170919-Peach-Property-begibt-Wandelanleihe_c-B\u00f6rse-SIX-Exchange-Hardturmstrasse-Z\u00fcrich-Kopie.jpg\" alt=\"\" width=\"869\" height=\"580\" \/><figcaption id=\"caption-attachment-9223\" class=\"wp-caption-text\">Der Immobilienfonds Valres Swiss Residential soll noch in diesem Jahr an die B\u00f6rse (Foto: SIX Swiss Exchange)<\/figcaption><\/figure>\n<p>Die Valres Fund Management teilt mit, dass der\u00a0Valres Swiss Residential Fund (VSRF) noch in diesem Jahr an die B\u00f6rse gehen soll. Die Erstnotiz ist f\u00fcr Mitte Dezember geplant. Die FINMA muss\u00a0die entsprechenden \u00c4nderungen des Fondsvertrages noch genehmigen, ebenfalls steht die Genehmigung des Kotierungsgesuches durch die B\u00f6rse noch aus.<\/p>\n<p>Zudem plant das Fondsmanagement eine\u00a0Kapitalerh\u00f6hung f\u00fcr den Fonds. Mit dem Erl\u00f6s sollen Zuk\u00e4ufe in urbanen Hauptzentren der franz\u00f6sischsprachigen Schweiz finanziert werden, teilt das Unternehmen mit.<\/p>\n","protected":false},"excerpt":{"rendered":"<p>Der Valres Swiss Residential Fund plant f\u00fcr Mitte Dezember die Kotierung an der\u00a0SIX Swiss Exchange.\u00a0<\/p>\n","protected":false},"author":3,"featured_media":9223,"comment_status":"open","ping_status":"open","sticky":false,"template":"","format":"standard","meta":{"_acf_changed":false,"_yoast_wpseo_focuskw":"Valres","_yoast_wpseo_title":"","_yoast_wpseo_metadesc":"Der Valres Swiss Residential Fund plant f\u00fcr Mitte Dezember die Kodierung an der\u00a0SIX Swiss Exchange.\u00a0Auch eine Kapitalerh\u00f6hung soll durchgef\u00fchrt werden.","_yoast_wpseo_linkdex":51,"pgc_sgb_lightbox_settings":"","footnotes":""},"categories":[988],"tags":[1108,1332,1412],"class_list":["post-9603","post","type-post","status-publish","format-standard","has-post-thumbnail","hentry","category-unternehmen","tag-boersengang","tag-immobilien-fonds","tag-kapitalerhoehung"],"acf":[],"yoast_head":"<!-- This site is optimized with the Yoast SEO plugin v27.5 - https:\/\/yoast.com\/product\/yoast-seo-wordpress\/ -->\n<title>Valres-Fonds strebt an die B\u00f6rse - IMMOBILIEN Business<\/title>\n<meta name=\"description\" content=\"Der Valres Swiss Residential Fund plant f\u00fcr Mitte Dezember die Kodierung an der\u00a0SIX Swiss Exchange.\u00a0Auch eine Kapitalerh\u00f6hung soll durchgef\u00fchrt werden.\" \/>\n<meta name=\"robots\" content=\"index, follow, max-snippet:-1, max-image-preview:large, max-video-preview:-1\" \/>\n<link rel=\"canonical\" href=\"https:\/\/www.immobilienbusiness.ch\/de\/unternehmen\/2017-10-17\/valres-fonds-strebt-an-die-boerse\/\" \/>\n<meta property=\"og:locale\" content=\"de_DE\" \/>\n<meta property=\"og:type\" content=\"article\" \/>\n<meta property=\"og:title\" content=\"Valres-Fonds strebt an die B\u00f6rse\" \/>\n<meta property=\"og:description\" content=\"Der Valres Swiss Residential Fund plant f\u00fcr Mitte Dezember die Kodierung an der\u00a0SIX Swiss Exchange.\u00a0Auch eine Kapitalerh\u00f6hung soll durchgef\u00fchrt werden.\" \/>\n<meta property=\"og:url\" content=\"https:\/\/www.immobilienbusiness.ch\/de\/unternehmen\/2017-10-17\/valres-fonds-strebt-an-die-boerse\/\" \/>\n<meta property=\"og:site_name\" content=\"IMMOBILIEN Business\" \/>\n<meta property=\"article:publisher\" content=\"https:\/\/www.facebook.com\/immobilienbusiness\/\" \/>\n<meta property=\"article:published_time\" content=\"2017-10-17T06:56:54+00:00\" \/>\n<meta property=\"og:image\" content=\"https:\/\/www.immobilienbusiness.ch\/wp-content\/uploads\/2016\/12\/Boersengang-von-Investis-immobilien-business.jpg\" \/>\n\t<meta property=\"og:image:width\" content=\"1890\" \/>\n\t<meta property=\"og:image:height\" content=\"1241\" \/>\n\t<meta property=\"og:image:type\" content=\"image\/jpeg\" \/>\n<meta name=\"author\" content=\"anja.hall\" \/>\n<meta name=\"twitter:card\" content=\"summary_large_image\" \/>\n<meta name=\"twitter:title\" content=\"Valres-Fonds strebt an die B\u00f6rse\" \/>\n<meta name=\"twitter:description\" content=\"Der Valres Swiss Residential Fund plant f\u00fcr Mitte Dezember die Kodierung an der\u00a0SIX Swiss Exchange.\u00a0Auch eine Kapitalerh\u00f6hung soll durchgef\u00fchrt werden.\" \/>\n<meta name=\"twitter:image\" content=\"https:\/\/www.immobilienbusiness.ch\/wp-content\/uploads\/2016\/12\/B\u00f6rsengang-von-Investis-immobilien-business.jpg\" \/>\n<script type=\"application\/ld+json\" class=\"yoast-schema-graph\">{\"@context\":\"https:\\\/\\\/schema.org\",\"@graph\":[{\"@type\":\"Article\",\"@id\":\"https:\\\/\\\/www.immobilienbusiness.ch\\\/en\\\/unternehmen\\\/2017-10-17\\\/valres-fonds-strebt-an-die-boerse\\\/#article\",\"isPartOf\":{\"@id\":\"https:\\\/\\\/www.immobilienbusiness.ch\\\/en\\\/unternehmen\\\/2017-10-17\\\/valres-fonds-strebt-an-die-boerse\\\/\"},\"author\":{\"name\":\"anja.hall\",\"@id\":\"https:\\\/\\\/www.immobilienbusiness.ch\\\/#\\\/schema\\\/person\\\/3fc036297b10b9f42d6db5ee932af8c8\"},\"headline\":\"Valres-Fonds strebt an die B\u00f6rse\",\"datePublished\":\"2017-10-17T06:56:54+00:00\",\"mainEntityOfPage\":{\"@id\":\"https:\\\/\\\/www.immobilienbusiness.ch\\\/en\\\/unternehmen\\\/2017-10-17\\\/valres-fonds-strebt-an-die-boerse\\\/\"},\"wordCount\":115,\"commentCount\":0,\"publisher\":{\"@id\":\"https:\\\/\\\/www.immobilienbusiness.ch\\\/#organization\"},\"image\":{\"@id\":\"https:\\\/\\\/www.immobilienbusiness.ch\\\/en\\\/unternehmen\\\/2017-10-17\\\/valres-fonds-strebt-an-die-boerse\\\/#primaryimage\"},\"thumbnailUrl\":\"https:\\\/\\\/www.immobilienbusiness.ch\\\/wp-content\\\/uploads\\\/2017\\\/09\\\/IB-News-20170919-Peach-Property-begibt-Wandelanleihe_c-Boerse-SIX-Exchange-Hardturmstrasse-Zuerich-Kopie.jpg\",\"keywords\":[\"B\u00f6rsengang\",\"Immobilien-Fonds\",\"Kapitalerh\u00f6hung\"],\"articleSection\":[\"UNTERNEHMEN\"],\"inLanguage\":\"de\"},{\"@type\":\"WebPage\",\"@id\":\"https:\\\/\\\/www.immobilienbusiness.ch\\\/en\\\/unternehmen\\\/2017-10-17\\\/valres-fonds-strebt-an-die-boerse\\\/\",\"url\":\"https:\\\/\\\/www.immobilienbusiness.ch\\\/en\\\/unternehmen\\\/2017-10-17\\\/valres-fonds-strebt-an-die-boerse\\\/\",\"name\":\"Valres-Fonds strebt an die B\u00f6rse - IMMOBILIEN Business\",\"isPartOf\":{\"@id\":\"https:\\\/\\\/www.immobilienbusiness.ch\\\/#website\"},\"primaryImageOfPage\":{\"@id\":\"https:\\\/\\\/www.immobilienbusiness.ch\\\/en\\\/unternehmen\\\/2017-10-17\\\/valres-fonds-strebt-an-die-boerse\\\/#primaryimage\"},\"image\":{\"@id\":\"https:\\\/\\\/www.immobilienbusiness.ch\\\/en\\\/unternehmen\\\/2017-10-17\\\/valres-fonds-strebt-an-die-boerse\\\/#primaryimage\"},\"thumbnailUrl\":\"https:\\\/\\\/www.immobilienbusiness.ch\\\/wp-content\\\/uploads\\\/2017\\\/09\\\/IB-News-20170919-Peach-Property-begibt-Wandelanleihe_c-Boerse-SIX-Exchange-Hardturmstrasse-Zuerich-Kopie.jpg\",\"datePublished\":\"2017-10-17T06:56:54+00:00\",\"description\":\"Der Valres Swiss Residential Fund plant f\u00fcr Mitte Dezember die Kodierung an der\u00a0SIX Swiss Exchange.\u00a0Auch eine Kapitalerh\u00f6hung soll durchgef\u00fchrt werden.\",\"breadcrumb\":{\"@id\":\"https:\\\/\\\/www.immobilienbusiness.ch\\\/en\\\/unternehmen\\\/2017-10-17\\\/valres-fonds-strebt-an-die-boerse\\\/#breadcrumb\"},\"inLanguage\":\"de\",\"potentialAction\":[{\"@type\":\"ReadAction\",\"target\":[\"https:\\\/\\\/www.immobilienbusiness.ch\\\/en\\\/unternehmen\\\/2017-10-17\\\/valres-fonds-strebt-an-die-boerse\\\/\"]}]},{\"@type\":\"ImageObject\",\"inLanguage\":\"de\",\"@id\":\"https:\\\/\\\/www.immobilienbusiness.ch\\\/en\\\/unternehmen\\\/2017-10-17\\\/valres-fonds-strebt-an-die-boerse\\\/#primaryimage\",\"url\":\"https:\\\/\\\/www.immobilienbusiness.ch\\\/wp-content\\\/uploads\\\/2017\\\/09\\\/IB-News-20170919-Peach-Property-begibt-Wandelanleihe_c-Boerse-SIX-Exchange-Hardturmstrasse-Zuerich-Kopie.jpg\",\"contentUrl\":\"https:\\\/\\\/www.immobilienbusiness.ch\\\/wp-content\\\/uploads\\\/2017\\\/09\\\/IB-News-20170919-Peach-Property-begibt-Wandelanleihe_c-Boerse-SIX-Exchange-Hardturmstrasse-Zuerich-Kopie.jpg\",\"width\":869,\"height\":580,\"caption\":\"Der Immobilienfonds Valses Swiss Residential soll noch in diesem Jahr an die B\u00f6rse (Foto: SIX Swiss Exchange)\"},{\"@type\":\"BreadcrumbList\",\"@id\":\"https:\\\/\\\/www.immobilienbusiness.ch\\\/en\\\/unternehmen\\\/2017-10-17\\\/valres-fonds-strebt-an-die-boerse\\\/#breadcrumb\",\"itemListElement\":[{\"@type\":\"ListItem\",\"position\":1,\"name\":\"Home\",\"item\":\"https:\\\/\\\/www.immobilienbusiness.ch\\\/\"},{\"@type\":\"ListItem\",\"position\":2,\"name\":\"Valres-Fonds strebt an die B\u00f6rse\"}]},{\"@type\":\"WebSite\",\"@id\":\"https:\\\/\\\/www.immobilienbusiness.ch\\\/#website\",\"url\":\"https:\\\/\\\/www.immobilienbusiness.ch\\\/\",\"name\":\"IMMOBILIEN Business\",\"description\":\"Unabh\u00e4ngiges Schweizer Wirtschaftsmagazin mit Fokus auf Immobilien, Architektur- und Bau sowie Investment- und Finanzierung.\",\"publisher\":{\"@id\":\"https:\\\/\\\/www.immobilienbusiness.ch\\\/#organization\"},\"potentialAction\":[{\"@type\":\"SearchAction\",\"target\":{\"@type\":\"EntryPoint\",\"urlTemplate\":\"https:\\\/\\\/www.immobilienbusiness.ch\\\/?s={search_term_string}\"},\"query-input\":{\"@type\":\"PropertyValueSpecification\",\"valueRequired\":true,\"valueName\":\"search_term_string\"}}],\"inLanguage\":\"de\"},{\"@type\":\"Organization\",\"@id\":\"https:\\\/\\\/www.immobilienbusiness.ch\\\/#organization\",\"name\":\"IMMOBILIEN Business\",\"url\":\"https:\\\/\\\/www.immobilienbusiness.ch\\\/\",\"logo\":{\"@type\":\"ImageObject\",\"inLanguage\":\"de\",\"@id\":\"https:\\\/\\\/www.immobilienbusiness.ch\\\/#\\\/schema\\\/logo\\\/image\\\/\",\"url\":\"https:\\\/\\\/www.immobilienbusiness.ch\\\/wp-content\\\/uploads\\\/2021\\\/07\\\/logo_ib.png\",\"contentUrl\":\"https:\\\/\\\/www.immobilienbusiness.ch\\\/wp-content\\\/uploads\\\/2021\\\/07\\\/logo_ib.png\",\"width\":800,\"height\":181,\"caption\":\"IMMOBILIEN Business\"},\"image\":{\"@id\":\"https:\\\/\\\/www.immobilienbusiness.ch\\\/#\\\/schema\\\/logo\\\/image\\\/\"},\"sameAs\":[\"https:\\\/\\\/www.facebook.com\\\/immobilienbusiness\\\/\"]},{\"@type\":\"Person\",\"@id\":\"https:\\\/\\\/www.immobilienbusiness.ch\\\/#\\\/schema\\\/person\\\/3fc036297b10b9f42d6db5ee932af8c8\",\"name\":\"anja.hall\",\"image\":{\"@type\":\"ImageObject\",\"inLanguage\":\"de\",\"@id\":\"https:\\\/\\\/secure.gravatar.com\\\/avatar\\\/066b5a0d447013502c71a5782f4f3469f03cfe595cc2329fb94652fe47511bfb?s=96&d=mm&r=g\",\"url\":\"https:\\\/\\\/secure.gravatar.com\\\/avatar\\\/066b5a0d447013502c71a5782f4f3469f03cfe595cc2329fb94652fe47511bfb?s=96&d=mm&r=g\",\"contentUrl\":\"https:\\\/\\\/secure.gravatar.com\\\/avatar\\\/066b5a0d447013502c71a5782f4f3469f03cfe595cc2329fb94652fe47511bfb?s=96&d=mm&r=g\",\"caption\":\"anja.hall\"},\"url\":\"https:\\\/\\\/www.immobilienbusiness.ch\\\/de\\\/author\\\/anja-hall\\\/\"}]}<\/script>\n<!-- \/ Yoast SEO plugin. -->","yoast_head_json":{"title":"Valres-Fonds strebt an die B\u00f6rse - IMMOBILIEN Business","description":"Der Valres Swiss Residential Fund plant f\u00fcr Mitte Dezember die Kodierung an der\u00a0SIX Swiss Exchange.\u00a0Auch eine Kapitalerh\u00f6hung soll durchgef\u00fchrt werden.","robots":{"index":"index","follow":"follow","max-snippet":"max-snippet:-1","max-image-preview":"max-image-preview:large","max-video-preview":"max-video-preview:-1"},"canonical":"https:\/\/www.immobilienbusiness.ch\/de\/unternehmen\/2017-10-17\/valres-fonds-strebt-an-die-boerse\/","og_locale":"de_DE","og_type":"article","og_title":"Valres-Fonds strebt an die B\u00f6rse","og_description":"Der Valres Swiss Residential Fund plant f\u00fcr Mitte Dezember die Kodierung an der\u00a0SIX Swiss Exchange.\u00a0Auch eine Kapitalerh\u00f6hung soll durchgef\u00fchrt werden.","og_url":"https:\/\/www.immobilienbusiness.ch\/de\/unternehmen\/2017-10-17\/valres-fonds-strebt-an-die-boerse\/","og_site_name":"IMMOBILIEN Business","article_publisher":"https:\/\/www.facebook.com\/immobilienbusiness\/","article_published_time":"2017-10-17T06:56:54+00:00","og_image":[{"width":1890,"height":1241,"url":"https:\/\/www.immobilienbusiness.ch\/wp-content\/uploads\/2016\/12\/Boersengang-von-Investis-immobilien-business.jpg","type":"image\/jpeg"}],"author":"anja.hall","twitter_card":"summary_large_image","twitter_title":"Valres-Fonds strebt an die B\u00f6rse","twitter_description":"Der Valres Swiss Residential Fund plant f\u00fcr Mitte Dezember die Kodierung an der\u00a0SIX Swiss Exchange.\u00a0Auch eine Kapitalerh\u00f6hung soll durchgef\u00fchrt werden.","twitter_image":"https:\/\/www.immobilienbusiness.ch\/wp-content\/uploads\/2016\/12\/B\u00f6rsengang-von-Investis-immobilien-business.jpg","schema":{"@context":"https:\/\/schema.org","@graph":[{"@type":"Article","@id":"https:\/\/www.immobilienbusiness.ch\/en\/unternehmen\/2017-10-17\/valres-fonds-strebt-an-die-boerse\/#article","isPartOf":{"@id":"https:\/\/www.immobilienbusiness.ch\/en\/unternehmen\/2017-10-17\/valres-fonds-strebt-an-die-boerse\/"},"author":{"name":"anja.hall","@id":"https:\/\/www.immobilienbusiness.ch\/#\/schema\/person\/3fc036297b10b9f42d6db5ee932af8c8"},"headline":"Valres-Fonds strebt an die B\u00f6rse","datePublished":"2017-10-17T06:56:54+00:00","mainEntityOfPage":{"@id":"https:\/\/www.immobilienbusiness.ch\/en\/unternehmen\/2017-10-17\/valres-fonds-strebt-an-die-boerse\/"},"wordCount":115,"commentCount":0,"publisher":{"@id":"https:\/\/www.immobilienbusiness.ch\/#organization"},"image":{"@id":"https:\/\/www.immobilienbusiness.ch\/en\/unternehmen\/2017-10-17\/valres-fonds-strebt-an-die-boerse\/#primaryimage"},"thumbnailUrl":"https:\/\/www.immobilienbusiness.ch\/wp-content\/uploads\/2017\/09\/IB-News-20170919-Peach-Property-begibt-Wandelanleihe_c-Boerse-SIX-Exchange-Hardturmstrasse-Zuerich-Kopie.jpg","keywords":["B\u00f6rsengang","Immobilien-Fonds","Kapitalerh\u00f6hung"],"articleSection":["UNTERNEHMEN"],"inLanguage":"de"},{"@type":"WebPage","@id":"https:\/\/www.immobilienbusiness.ch\/en\/unternehmen\/2017-10-17\/valres-fonds-strebt-an-die-boerse\/","url":"https:\/\/www.immobilienbusiness.ch\/en\/unternehmen\/2017-10-17\/valres-fonds-strebt-an-die-boerse\/","name":"Valres-Fonds strebt an die B\u00f6rse - IMMOBILIEN Business","isPartOf":{"@id":"https:\/\/www.immobilienbusiness.ch\/#website"},"primaryImageOfPage":{"@id":"https:\/\/www.immobilienbusiness.ch\/en\/unternehmen\/2017-10-17\/valres-fonds-strebt-an-die-boerse\/#primaryimage"},"image":{"@id":"https:\/\/www.immobilienbusiness.ch\/en\/unternehmen\/2017-10-17\/valres-fonds-strebt-an-die-boerse\/#primaryimage"},"thumbnailUrl":"https:\/\/www.immobilienbusiness.ch\/wp-content\/uploads\/2017\/09\/IB-News-20170919-Peach-Property-begibt-Wandelanleihe_c-Boerse-SIX-Exchange-Hardturmstrasse-Zuerich-Kopie.jpg","datePublished":"2017-10-17T06:56:54+00:00","description":"Der Valres Swiss Residential Fund plant f\u00fcr Mitte Dezember die Kodierung an der\u00a0SIX Swiss Exchange.\u00a0Auch eine Kapitalerh\u00f6hung soll durchgef\u00fchrt werden.","breadcrumb":{"@id":"https:\/\/www.immobilienbusiness.ch\/en\/unternehmen\/2017-10-17\/valres-fonds-strebt-an-die-boerse\/#breadcrumb"},"inLanguage":"de","potentialAction":[{"@type":"ReadAction","target":["https:\/\/www.immobilienbusiness.ch\/en\/unternehmen\/2017-10-17\/valres-fonds-strebt-an-die-boerse\/"]}]},{"@type":"ImageObject","inLanguage":"de","@id":"https:\/\/www.immobilienbusiness.ch\/en\/unternehmen\/2017-10-17\/valres-fonds-strebt-an-die-boerse\/#primaryimage","url":"https:\/\/www.immobilienbusiness.ch\/wp-content\/uploads\/2017\/09\/IB-News-20170919-Peach-Property-begibt-Wandelanleihe_c-Boerse-SIX-Exchange-Hardturmstrasse-Zuerich-Kopie.jpg","contentUrl":"https:\/\/www.immobilienbusiness.ch\/wp-content\/uploads\/2017\/09\/IB-News-20170919-Peach-Property-begibt-Wandelanleihe_c-Boerse-SIX-Exchange-Hardturmstrasse-Zuerich-Kopie.jpg","width":869,"height":580,"caption":"Der Immobilienfonds Valses Swiss Residential soll noch in diesem Jahr an die B\u00f6rse (Foto: SIX Swiss Exchange)"},{"@type":"BreadcrumbList","@id":"https:\/\/www.immobilienbusiness.ch\/en\/unternehmen\/2017-10-17\/valres-fonds-strebt-an-die-boerse\/#breadcrumb","itemListElement":[{"@type":"ListItem","position":1,"name":"Home","item":"https:\/\/www.immobilienbusiness.ch\/"},{"@type":"ListItem","position":2,"name":"Valres-Fonds strebt an die B\u00f6rse"}]},{"@type":"WebSite","@id":"https:\/\/www.immobilienbusiness.ch\/#website","url":"https:\/\/www.immobilienbusiness.ch\/","name":"IMMOBILIEN Business","description":"Unabh\u00e4ngiges Schweizer Wirtschaftsmagazin mit Fokus auf Immobilien, Architektur- und Bau sowie Investment- und Finanzierung.","publisher":{"@id":"https:\/\/www.immobilienbusiness.ch\/#organization"},"potentialAction":[{"@type":"SearchAction","target":{"@type":"EntryPoint","urlTemplate":"https:\/\/www.immobilienbusiness.ch\/?s={search_term_string}"},"query-input":{"@type":"PropertyValueSpecification","valueRequired":true,"valueName":"search_term_string"}}],"inLanguage":"de"},{"@type":"Organization","@id":"https:\/\/www.immobilienbusiness.ch\/#organization","name":"IMMOBILIEN Business","url":"https:\/\/www.immobilienbusiness.ch\/","logo":{"@type":"ImageObject","inLanguage":"de","@id":"https:\/\/www.immobilienbusiness.ch\/#\/schema\/logo\/image\/","url":"https:\/\/www.immobilienbusiness.ch\/wp-content\/uploads\/2021\/07\/logo_ib.png","contentUrl":"https:\/\/www.immobilienbusiness.ch\/wp-content\/uploads\/2021\/07\/logo_ib.png","width":800,"height":181,"caption":"IMMOBILIEN Business"},"image":{"@id":"https:\/\/www.immobilienbusiness.ch\/#\/schema\/logo\/image\/"},"sameAs":["https:\/\/www.facebook.com\/immobilienbusiness\/"]},{"@type":"Person","@id":"https:\/\/www.immobilienbusiness.ch\/#\/schema\/person\/3fc036297b10b9f42d6db5ee932af8c8","name":"anja.hall","image":{"@type":"ImageObject","inLanguage":"de","@id":"https:\/\/secure.gravatar.com\/avatar\/066b5a0d447013502c71a5782f4f3469f03cfe595cc2329fb94652fe47511bfb?s=96&d=mm&r=g","url":"https:\/\/secure.gravatar.com\/avatar\/066b5a0d447013502c71a5782f4f3469f03cfe595cc2329fb94652fe47511bfb?s=96&d=mm&r=g","contentUrl":"https:\/\/secure.gravatar.com\/avatar\/066b5a0d447013502c71a5782f4f3469f03cfe595cc2329fb94652fe47511bfb?s=96&d=mm&r=g","caption":"anja.hall"},"url":"https:\/\/www.immobilienbusiness.ch\/de\/author\/anja-hall\/"}]}},"_links":{"self":[{"href":"https:\/\/www.immobilienbusiness.ch\/de\/wp-json\/wp\/v2\/posts\/9603","targetHints":{"allow":["GET"]}}],"collection":[{"href":"https:\/\/www.immobilienbusiness.ch\/de\/wp-json\/wp\/v2\/posts"}],"about":[{"href":"https:\/\/www.immobilienbusiness.ch\/de\/wp-json\/wp\/v2\/types\/post"}],"author":[{"embeddable":true,"href":"https:\/\/www.immobilienbusiness.ch\/de\/wp-json\/wp\/v2\/users\/3"}],"replies":[{"embeddable":true,"href":"https:\/\/www.immobilienbusiness.ch\/de\/wp-json\/wp\/v2\/comments?post=9603"}],"version-history":[{"count":0,"href":"https:\/\/www.immobilienbusiness.ch\/de\/wp-json\/wp\/v2\/posts\/9603\/revisions"}],"wp:featuredmedia":[{"embeddable":true,"href":"https:\/\/www.immobilienbusiness.ch\/de\/wp-json\/wp\/v2\/media\/9223"}],"wp:attachment":[{"href":"https:\/\/www.immobilienbusiness.ch\/de\/wp-json\/wp\/v2\/media?parent=9603"}],"wp:term":[{"taxonomy":"category","embeddable":true,"href":"https:\/\/www.immobilienbusiness.ch\/de\/wp-json\/wp\/v2\/categories?post=9603"},{"taxonomy":"post_tag","embeddable":true,"href":"https:\/\/www.immobilienbusiness.ch\/de\/wp-json\/wp\/v2\/tags?post=9603"}],"curies":[{"name":"wp","href":"https:\/\/api.w.org\/{rel}","templated":true}]}}