{"id":9567,"date":"2017-10-16T09:17:47","date_gmt":"2017-10-16T07:17:47","guid":{"rendered":"https:\/\/www.immobilienbusiness.ch\/?p=9567"},"modified":"2017-10-16T09:17:47","modified_gmt":"2017-10-16T07:17:47","slug":"naef-holding-frederic-naef-wird-vr-praesident","status":"publish","type":"post","link":"https:\/\/www.immobilienbusiness.ch\/de\/unternehmen\/2017-10-16\/naef-holding-frederic-naef-wird-vr-praesident\/","title":{"rendered":"Naef Holding: Fr\u00e9d\u00e9ric Naef wird VR-Pr\u00e4sident"},"content":{"rendered":"<figure id=\"attachment_9638\" aria-describedby=\"caption-attachment-9638\" style=\"width: 888px\" class=\"wp-caption alignnone\"><img loading=\"lazy\" decoding=\"async\" class=\"wp-image-9638 size-full\" src=\"https:\/\/www.immobilienbusiness.ch\/wp-content\/uploads\/2017\/10\/IB-News-20171016-Fr\u00e9d\u00e9ric-Naef-Immobilier.png\" alt=\"\" width=\"888\" height=\"588\" \/><figcaption id=\"caption-attachment-9638\" class=\"wp-caption-text\">Fr\u00e9d\u00e9ric Naef wird VR-Pr\u00e4sident der Naef Holding (\u00a9 Naef Immobilier)<\/figcaption><\/figure>\n<p>Fr\u00e9d\u00e9ric Naef folgt auf Alain Peyrot, der seit 1994 der Verwaltungsratspr\u00e4sident der Westschweizer Immobiliengesellschaft war und k\u00fcnftig Mitglied im Verwaltungsrat ist. Die Neubesetzung stehe im Zusammenhang mit einem Generationenwechsel, der seit mehreren Jahren im Verwaltungsrat vorbereitet worden sei, sagt Generaldirektor Etienne Nagy. \u00abFr\u00e9d\u00e9ric Naef repr\u00e4sentiert die vierte Generation der Familie Naef in dem Unternehmen, das von seinem Urgrossvater im Jahr 1881 gegr\u00fcndet wurde\u00bb, f\u00fcgt er hinzu.<\/p>\n<p>Fr\u00e9d\u00e9ric Naef ist bereits seit 2002 als Vertreter der Familie Mitglied im Verwaltungsrat des Unternehmens. Mit seiner Familie f\u00fchrt er ausserdem das Weingut Ch\u00e2teau de Mont, das seit mehr als einem Jahrhundert im Familieneigentum ist.<\/p>\n<p>Pierre Poncet, das neue VR-Mitglied, ist auch als Aktion\u00e4r bei der Gruppe eingestiegen. Er war von 1999 bis 2012 gesch\u00e4ftsf\u00fchrender Gesellschafter der Privatbank Bordier, derzeit ist er Limited Partner des Bankhauses. Zugleich ist Poncet Mitglied der Industrie- und Handelskammer von Genf, deren Pr\u00e4sidentschaft er von 2013 bis April 2017 inne hatte.<\/p>\n<p>Naef Immobilier gilt mit mehr als 300 Mitarbeitenden an sechs Standorten als eine der gr\u00f6ssten Immobiliengesellschaften der Westschweiz.<\/p>\n","protected":false},"excerpt":{"rendered":"<p>Die Naef Holding gibt verschiedene Mutationen in ihrem Verwaltungsrat bekannt. Fr\u00e9d\u00e9ric Naef wird neuer VR-Pr\u00e4sident, Pierre Poncet ist neues Mitglied in dem Gremium.<\/p>\n","protected":false},"author":3,"featured_media":9638,"comment_status":"open","ping_status":"open","sticky":false,"template":"","format":"standard","meta":{"_acf_changed":false,"_yoast_wpseo_focuskw":"Naef Holding","_yoast_wpseo_title":"","_yoast_wpseo_metadesc":"Die Naef Holding gibt verschiedene Mutationen in ihrem Verwaltungsrat bekannt. Fr\u00e9d\u00e9ric Naef wird neuer VR-Pr\u00e4sident, Pierre Poncet neues VR-Mitglied.","_yoast_wpseo_linkdex":69,"pgc_sgb_lightbox_settings":"","footnotes":""},"categories":[988],"tags":[1563,1807,1853],"class_list":["post-9567","post","type-post","status-publish","format-standard","has-post-thumbnail","hentry","category-unternehmen","tag-personalia","tag-unternehmen","tag-westschweiz"],"acf":[],"yoast_head":"<!-- This site is optimized with the Yoast SEO plugin v27.4 - https:\/\/yoast.com\/product\/yoast-seo-wordpress\/ -->\n<title>Naef Holding: Fr\u00e9d\u00e9ric Naef wird VR-Pr\u00e4sident - IMMOBILIEN Business<\/title>\n<meta name=\"description\" content=\"Die Naef Holding gibt verschiedene Mutationen in ihrem Verwaltungsrat bekannt. Fr\u00e9d\u00e9ric Naef wird neuer VR-Pr\u00e4sident, Pierre Poncet neues VR-Mitglied.\" \/>\n<meta name=\"robots\" content=\"index, follow, max-snippet:-1, max-image-preview:large, max-video-preview:-1\" \/>\n<link rel=\"canonical\" href=\"https:\/\/www.immobilienbusiness.ch\/de\/unternehmen\/2017-10-16\/naef-holding-frederic-naef-wird-vr-praesident\/\" \/>\n<meta property=\"og:locale\" content=\"de_DE\" \/>\n<meta property=\"og:type\" content=\"article\" \/>\n<meta property=\"og:title\" content=\"Naef Holding: Fr\u00e9d\u00e9ric Naef wird VR-Pr\u00e4sident\" \/>\n<meta property=\"og:description\" content=\"Die Naef Holding gibt verschiedene Mutationen in ihrem Verwaltungsrat bekannt. Fr\u00e9d\u00e9ric Naef wird neuer VR-Pr\u00e4sident, Pierre Poncet neues VR-Mitglied.\" \/>\n<meta property=\"og:url\" content=\"https:\/\/www.immobilienbusiness.ch\/de\/unternehmen\/2017-10-16\/naef-holding-frederic-naef-wird-vr-praesident\/\" \/>\n<meta property=\"og:site_name\" content=\"IMMOBILIEN Business\" \/>\n<meta property=\"article:publisher\" content=\"https:\/\/www.facebook.com\/immobilienbusiness\/\" \/>\n<meta property=\"article:published_time\" content=\"2017-10-16T07:17:47+00:00\" \/>\n<meta property=\"og:image\" content=\"https:\/\/www.immobilienbusiness.ch\/wp-content\/uploads\/2017\/10\/png-Frederic-Naef-\u00a9Naef-Immobilier-zuschnitt-1024x910.png\" \/>\n\t<meta property=\"og:image:width\" content=\"1024\" \/>\n\t<meta property=\"og:image:height\" content=\"910\" \/>\n\t<meta property=\"og:image:type\" content=\"image\/png\" \/>\n<meta name=\"author\" content=\"anja.hall\" \/>\n<meta name=\"twitter:card\" content=\"summary_large_image\" \/>\n<meta name=\"twitter:title\" content=\"Naef Holding: Fr\u00e9d\u00e9ric Naef wird VR-Pr\u00e4sident\" \/>\n<meta name=\"twitter:description\" content=\"Die Naef Holding gibt verschiedene Mutationen in ihrem Verwaltungsrat bekannt. Fr\u00e9d\u00e9ric Naef wird neuer VR-Pr\u00e4sident, Pierre Poncet neues VR-Mitglied.\" \/>\n<meta name=\"twitter:image\" content=\"https:\/\/www.immobilienbusiness.ch\/wp-content\/uploads\/2017\/10\/png-Fr\u00e9d\u00e9ric-Naef-\u00a9Naef-Immobilier-zuschnitt.png\" \/>\n<script type=\"application\/ld+json\" class=\"yoast-schema-graph\">{\"@context\":\"https:\\\/\\\/schema.org\",\"@graph\":[{\"@type\":\"Article\",\"@id\":\"https:\\\/\\\/www.immobilienbusiness.ch\\\/fr\\\/unternehmen\\\/2017-10-16\\\/naef-holding-frederic-naef-wird-vr-praesident\\\/#article\",\"isPartOf\":{\"@id\":\"https:\\\/\\\/www.immobilienbusiness.ch\\\/fr\\\/unternehmen\\\/2017-10-16\\\/naef-holding-frederic-naef-wird-vr-praesident\\\/\"},\"author\":{\"name\":\"anja.hall\",\"@id\":\"https:\\\/\\\/www.immobilienbusiness.ch\\\/#\\\/schema\\\/person\\\/3fc036297b10b9f42d6db5ee932af8c8\"},\"headline\":\"Naef Holding: Fr\u00e9d\u00e9ric Naef wird VR-Pr\u00e4sident\",\"datePublished\":\"2017-10-16T07:17:47+00:00\",\"mainEntityOfPage\":{\"@id\":\"https:\\\/\\\/www.immobilienbusiness.ch\\\/fr\\\/unternehmen\\\/2017-10-16\\\/naef-holding-frederic-naef-wird-vr-praesident\\\/\"},\"wordCount\":208,\"commentCount\":0,\"publisher\":{\"@id\":\"https:\\\/\\\/www.immobilienbusiness.ch\\\/#organization\"},\"image\":{\"@id\":\"https:\\\/\\\/www.immobilienbusiness.ch\\\/fr\\\/unternehmen\\\/2017-10-16\\\/naef-holding-frederic-naef-wird-vr-praesident\\\/#primaryimage\"},\"thumbnailUrl\":\"https:\\\/\\\/www.immobilienbusiness.ch\\\/wp-content\\\/uploads\\\/2017\\\/10\\\/IB-News-20171016-Frederic-Naef-Immobilier.png\",\"keywords\":[\"Personalia\",\"Unternehmen\",\"westschweiz\"],\"articleSection\":[\"UNTERNEHMEN\"],\"inLanguage\":\"de\"},{\"@type\":\"WebPage\",\"@id\":\"https:\\\/\\\/www.immobilienbusiness.ch\\\/fr\\\/unternehmen\\\/2017-10-16\\\/naef-holding-frederic-naef-wird-vr-praesident\\\/\",\"url\":\"https:\\\/\\\/www.immobilienbusiness.ch\\\/fr\\\/unternehmen\\\/2017-10-16\\\/naef-holding-frederic-naef-wird-vr-praesident\\\/\",\"name\":\"Naef Holding: Fr\u00e9d\u00e9ric Naef wird VR-Pr\u00e4sident - IMMOBILIEN Business\",\"isPartOf\":{\"@id\":\"https:\\\/\\\/www.immobilienbusiness.ch\\\/#website\"},\"primaryImageOfPage\":{\"@id\":\"https:\\\/\\\/www.immobilienbusiness.ch\\\/fr\\\/unternehmen\\\/2017-10-16\\\/naef-holding-frederic-naef-wird-vr-praesident\\\/#primaryimage\"},\"image\":{\"@id\":\"https:\\\/\\\/www.immobilienbusiness.ch\\\/fr\\\/unternehmen\\\/2017-10-16\\\/naef-holding-frederic-naef-wird-vr-praesident\\\/#primaryimage\"},\"thumbnailUrl\":\"https:\\\/\\\/www.immobilienbusiness.ch\\\/wp-content\\\/uploads\\\/2017\\\/10\\\/IB-News-20171016-Frederic-Naef-Immobilier.png\",\"datePublished\":\"2017-10-16T07:17:47+00:00\",\"description\":\"Die Naef Holding gibt verschiedene Mutationen in ihrem Verwaltungsrat bekannt. Fr\u00e9d\u00e9ric Naef wird neuer VR-Pr\u00e4sident, Pierre Poncet neues VR-Mitglied.\",\"breadcrumb\":{\"@id\":\"https:\\\/\\\/www.immobilienbusiness.ch\\\/fr\\\/unternehmen\\\/2017-10-16\\\/naef-holding-frederic-naef-wird-vr-praesident\\\/#breadcrumb\"},\"inLanguage\":\"de\",\"potentialAction\":[{\"@type\":\"ReadAction\",\"target\":[\"https:\\\/\\\/www.immobilienbusiness.ch\\\/fr\\\/unternehmen\\\/2017-10-16\\\/naef-holding-frederic-naef-wird-vr-praesident\\\/\"]}]},{\"@type\":\"ImageObject\",\"inLanguage\":\"de\",\"@id\":\"https:\\\/\\\/www.immobilienbusiness.ch\\\/fr\\\/unternehmen\\\/2017-10-16\\\/naef-holding-frederic-naef-wird-vr-praesident\\\/#primaryimage\",\"url\":\"https:\\\/\\\/www.immobilienbusiness.ch\\\/wp-content\\\/uploads\\\/2017\\\/10\\\/IB-News-20171016-Frederic-Naef-Immobilier.png\",\"contentUrl\":\"https:\\\/\\\/www.immobilienbusiness.ch\\\/wp-content\\\/uploads\\\/2017\\\/10\\\/IB-News-20171016-Frederic-Naef-Immobilier.png\",\"width\":888,\"height\":588,\"caption\":\"Fr\u00e9d\u00e9ric Naef (\u00a9Naef Immobilier)\"},{\"@type\":\"BreadcrumbList\",\"@id\":\"https:\\\/\\\/www.immobilienbusiness.ch\\\/fr\\\/unternehmen\\\/2017-10-16\\\/naef-holding-frederic-naef-wird-vr-praesident\\\/#breadcrumb\",\"itemListElement\":[{\"@type\":\"ListItem\",\"position\":1,\"name\":\"Home\",\"item\":\"https:\\\/\\\/www.immobilienbusiness.ch\\\/\"},{\"@type\":\"ListItem\",\"position\":2,\"name\":\"Naef Holding: Fr\u00e9d\u00e9ric Naef wird VR-Pr\u00e4sident\"}]},{\"@type\":\"WebSite\",\"@id\":\"https:\\\/\\\/www.immobilienbusiness.ch\\\/#website\",\"url\":\"https:\\\/\\\/www.immobilienbusiness.ch\\\/\",\"name\":\"IMMOBILIEN Business\",\"description\":\"Unabh\u00e4ngiges Schweizer Wirtschaftsmagazin mit Fokus auf Immobilien, Architektur- und Bau sowie Investment- und Finanzierung.\",\"publisher\":{\"@id\":\"https:\\\/\\\/www.immobilienbusiness.ch\\\/#organization\"},\"potentialAction\":[{\"@type\":\"SearchAction\",\"target\":{\"@type\":\"EntryPoint\",\"urlTemplate\":\"https:\\\/\\\/www.immobilienbusiness.ch\\\/?s={search_term_string}\"},\"query-input\":{\"@type\":\"PropertyValueSpecification\",\"valueRequired\":true,\"valueName\":\"search_term_string\"}}],\"inLanguage\":\"de\"},{\"@type\":\"Organization\",\"@id\":\"https:\\\/\\\/www.immobilienbusiness.ch\\\/#organization\",\"name\":\"IMMOBILIEN Business\",\"url\":\"https:\\\/\\\/www.immobilienbusiness.ch\\\/\",\"logo\":{\"@type\":\"ImageObject\",\"inLanguage\":\"de\",\"@id\":\"https:\\\/\\\/www.immobilienbusiness.ch\\\/#\\\/schema\\\/logo\\\/image\\\/\",\"url\":\"https:\\\/\\\/www.immobilienbusiness.ch\\\/wp-content\\\/uploads\\\/2021\\\/07\\\/logo_ib.png\",\"contentUrl\":\"https:\\\/\\\/www.immobilienbusiness.ch\\\/wp-content\\\/uploads\\\/2021\\\/07\\\/logo_ib.png\",\"width\":800,\"height\":181,\"caption\":\"IMMOBILIEN Business\"},\"image\":{\"@id\":\"https:\\\/\\\/www.immobilienbusiness.ch\\\/#\\\/schema\\\/logo\\\/image\\\/\"},\"sameAs\":[\"https:\\\/\\\/www.facebook.com\\\/immobilienbusiness\\\/\"]},{\"@type\":\"Person\",\"@id\":\"https:\\\/\\\/www.immobilienbusiness.ch\\\/#\\\/schema\\\/person\\\/3fc036297b10b9f42d6db5ee932af8c8\",\"name\":\"anja.hall\",\"image\":{\"@type\":\"ImageObject\",\"inLanguage\":\"de\",\"@id\":\"https:\\\/\\\/secure.gravatar.com\\\/avatar\\\/066b5a0d447013502c71a5782f4f3469f03cfe595cc2329fb94652fe47511bfb?s=96&d=mm&r=g\",\"url\":\"https:\\\/\\\/secure.gravatar.com\\\/avatar\\\/066b5a0d447013502c71a5782f4f3469f03cfe595cc2329fb94652fe47511bfb?s=96&d=mm&r=g\",\"contentUrl\":\"https:\\\/\\\/secure.gravatar.com\\\/avatar\\\/066b5a0d447013502c71a5782f4f3469f03cfe595cc2329fb94652fe47511bfb?s=96&d=mm&r=g\",\"caption\":\"anja.hall\"},\"url\":\"https:\\\/\\\/www.immobilienbusiness.ch\\\/de\\\/author\\\/anja-hall\\\/\"}]}<\/script>\n<!-- \/ Yoast SEO plugin. -->","yoast_head_json":{"title":"Naef Holding: Fr\u00e9d\u00e9ric Naef wird VR-Pr\u00e4sident - IMMOBILIEN Business","description":"Die Naef Holding gibt verschiedene Mutationen in ihrem Verwaltungsrat bekannt. Fr\u00e9d\u00e9ric Naef wird neuer VR-Pr\u00e4sident, Pierre Poncet neues VR-Mitglied.","robots":{"index":"index","follow":"follow","max-snippet":"max-snippet:-1","max-image-preview":"max-image-preview:large","max-video-preview":"max-video-preview:-1"},"canonical":"https:\/\/www.immobilienbusiness.ch\/de\/unternehmen\/2017-10-16\/naef-holding-frederic-naef-wird-vr-praesident\/","og_locale":"de_DE","og_type":"article","og_title":"Naef Holding: Fr\u00e9d\u00e9ric Naef wird VR-Pr\u00e4sident","og_description":"Die Naef Holding gibt verschiedene Mutationen in ihrem Verwaltungsrat bekannt. Fr\u00e9d\u00e9ric Naef wird neuer VR-Pr\u00e4sident, Pierre Poncet neues VR-Mitglied.","og_url":"https:\/\/www.immobilienbusiness.ch\/de\/unternehmen\/2017-10-16\/naef-holding-frederic-naef-wird-vr-praesident\/","og_site_name":"IMMOBILIEN Business","article_publisher":"https:\/\/www.facebook.com\/immobilienbusiness\/","article_published_time":"2017-10-16T07:17:47+00:00","og_image":[{"width":1024,"height":910,"url":"https:\/\/www.immobilienbusiness.ch\/wp-content\/uploads\/2017\/10\/png-Frederic-Naef-\u00a9Naef-Immobilier-zuschnitt-1024x910.png","type":"image\/png"}],"author":"anja.hall","twitter_card":"summary_large_image","twitter_title":"Naef Holding: Fr\u00e9d\u00e9ric Naef wird VR-Pr\u00e4sident","twitter_description":"Die Naef Holding gibt verschiedene Mutationen in ihrem Verwaltungsrat bekannt. Fr\u00e9d\u00e9ric Naef wird neuer VR-Pr\u00e4sident, Pierre Poncet neues VR-Mitglied.","twitter_image":"https:\/\/www.immobilienbusiness.ch\/wp-content\/uploads\/2017\/10\/png-Fr\u00e9d\u00e9ric-Naef-\u00a9Naef-Immobilier-zuschnitt.png","schema":{"@context":"https:\/\/schema.org","@graph":[{"@type":"Article","@id":"https:\/\/www.immobilienbusiness.ch\/fr\/unternehmen\/2017-10-16\/naef-holding-frederic-naef-wird-vr-praesident\/#article","isPartOf":{"@id":"https:\/\/www.immobilienbusiness.ch\/fr\/unternehmen\/2017-10-16\/naef-holding-frederic-naef-wird-vr-praesident\/"},"author":{"name":"anja.hall","@id":"https:\/\/www.immobilienbusiness.ch\/#\/schema\/person\/3fc036297b10b9f42d6db5ee932af8c8"},"headline":"Naef Holding: Fr\u00e9d\u00e9ric Naef wird VR-Pr\u00e4sident","datePublished":"2017-10-16T07:17:47+00:00","mainEntityOfPage":{"@id":"https:\/\/www.immobilienbusiness.ch\/fr\/unternehmen\/2017-10-16\/naef-holding-frederic-naef-wird-vr-praesident\/"},"wordCount":208,"commentCount":0,"publisher":{"@id":"https:\/\/www.immobilienbusiness.ch\/#organization"},"image":{"@id":"https:\/\/www.immobilienbusiness.ch\/fr\/unternehmen\/2017-10-16\/naef-holding-frederic-naef-wird-vr-praesident\/#primaryimage"},"thumbnailUrl":"https:\/\/www.immobilienbusiness.ch\/wp-content\/uploads\/2017\/10\/IB-News-20171016-Frederic-Naef-Immobilier.png","keywords":["Personalia","Unternehmen","westschweiz"],"articleSection":["UNTERNEHMEN"],"inLanguage":"de"},{"@type":"WebPage","@id":"https:\/\/www.immobilienbusiness.ch\/fr\/unternehmen\/2017-10-16\/naef-holding-frederic-naef-wird-vr-praesident\/","url":"https:\/\/www.immobilienbusiness.ch\/fr\/unternehmen\/2017-10-16\/naef-holding-frederic-naef-wird-vr-praesident\/","name":"Naef Holding: Fr\u00e9d\u00e9ric Naef wird VR-Pr\u00e4sident - IMMOBILIEN Business","isPartOf":{"@id":"https:\/\/www.immobilienbusiness.ch\/#website"},"primaryImageOfPage":{"@id":"https:\/\/www.immobilienbusiness.ch\/fr\/unternehmen\/2017-10-16\/naef-holding-frederic-naef-wird-vr-praesident\/#primaryimage"},"image":{"@id":"https:\/\/www.immobilienbusiness.ch\/fr\/unternehmen\/2017-10-16\/naef-holding-frederic-naef-wird-vr-praesident\/#primaryimage"},"thumbnailUrl":"https:\/\/www.immobilienbusiness.ch\/wp-content\/uploads\/2017\/10\/IB-News-20171016-Frederic-Naef-Immobilier.png","datePublished":"2017-10-16T07:17:47+00:00","description":"Die Naef Holding gibt verschiedene Mutationen in ihrem Verwaltungsrat bekannt. Fr\u00e9d\u00e9ric Naef wird neuer VR-Pr\u00e4sident, Pierre Poncet neues VR-Mitglied.","breadcrumb":{"@id":"https:\/\/www.immobilienbusiness.ch\/fr\/unternehmen\/2017-10-16\/naef-holding-frederic-naef-wird-vr-praesident\/#breadcrumb"},"inLanguage":"de","potentialAction":[{"@type":"ReadAction","target":["https:\/\/www.immobilienbusiness.ch\/fr\/unternehmen\/2017-10-16\/naef-holding-frederic-naef-wird-vr-praesident\/"]}]},{"@type":"ImageObject","inLanguage":"de","@id":"https:\/\/www.immobilienbusiness.ch\/fr\/unternehmen\/2017-10-16\/naef-holding-frederic-naef-wird-vr-praesident\/#primaryimage","url":"https:\/\/www.immobilienbusiness.ch\/wp-content\/uploads\/2017\/10\/IB-News-20171016-Frederic-Naef-Immobilier.png","contentUrl":"https:\/\/www.immobilienbusiness.ch\/wp-content\/uploads\/2017\/10\/IB-News-20171016-Frederic-Naef-Immobilier.png","width":888,"height":588,"caption":"Fr\u00e9d\u00e9ric Naef (\u00a9Naef Immobilier)"},{"@type":"BreadcrumbList","@id":"https:\/\/www.immobilienbusiness.ch\/fr\/unternehmen\/2017-10-16\/naef-holding-frederic-naef-wird-vr-praesident\/#breadcrumb","itemListElement":[{"@type":"ListItem","position":1,"name":"Home","item":"https:\/\/www.immobilienbusiness.ch\/"},{"@type":"ListItem","position":2,"name":"Naef Holding: Fr\u00e9d\u00e9ric Naef wird VR-Pr\u00e4sident"}]},{"@type":"WebSite","@id":"https:\/\/www.immobilienbusiness.ch\/#website","url":"https:\/\/www.immobilienbusiness.ch\/","name":"IMMOBILIEN Business","description":"Unabh\u00e4ngiges Schweizer Wirtschaftsmagazin mit Fokus auf Immobilien, Architektur- und Bau sowie Investment- und Finanzierung.","publisher":{"@id":"https:\/\/www.immobilienbusiness.ch\/#organization"},"potentialAction":[{"@type":"SearchAction","target":{"@type":"EntryPoint","urlTemplate":"https:\/\/www.immobilienbusiness.ch\/?s={search_term_string}"},"query-input":{"@type":"PropertyValueSpecification","valueRequired":true,"valueName":"search_term_string"}}],"inLanguage":"de"},{"@type":"Organization","@id":"https:\/\/www.immobilienbusiness.ch\/#organization","name":"IMMOBILIEN Business","url":"https:\/\/www.immobilienbusiness.ch\/","logo":{"@type":"ImageObject","inLanguage":"de","@id":"https:\/\/www.immobilienbusiness.ch\/#\/schema\/logo\/image\/","url":"https:\/\/www.immobilienbusiness.ch\/wp-content\/uploads\/2021\/07\/logo_ib.png","contentUrl":"https:\/\/www.immobilienbusiness.ch\/wp-content\/uploads\/2021\/07\/logo_ib.png","width":800,"height":181,"caption":"IMMOBILIEN Business"},"image":{"@id":"https:\/\/www.immobilienbusiness.ch\/#\/schema\/logo\/image\/"},"sameAs":["https:\/\/www.facebook.com\/immobilienbusiness\/"]},{"@type":"Person","@id":"https:\/\/www.immobilienbusiness.ch\/#\/schema\/person\/3fc036297b10b9f42d6db5ee932af8c8","name":"anja.hall","image":{"@type":"ImageObject","inLanguage":"de","@id":"https:\/\/secure.gravatar.com\/avatar\/066b5a0d447013502c71a5782f4f3469f03cfe595cc2329fb94652fe47511bfb?s=96&d=mm&r=g","url":"https:\/\/secure.gravatar.com\/avatar\/066b5a0d447013502c71a5782f4f3469f03cfe595cc2329fb94652fe47511bfb?s=96&d=mm&r=g","contentUrl":"https:\/\/secure.gravatar.com\/avatar\/066b5a0d447013502c71a5782f4f3469f03cfe595cc2329fb94652fe47511bfb?s=96&d=mm&r=g","caption":"anja.hall"},"url":"https:\/\/www.immobilienbusiness.ch\/de\/author\/anja-hall\/"}]}},"_links":{"self":[{"href":"https:\/\/www.immobilienbusiness.ch\/de\/wp-json\/wp\/v2\/posts\/9567","targetHints":{"allow":["GET"]}}],"collection":[{"href":"https:\/\/www.immobilienbusiness.ch\/de\/wp-json\/wp\/v2\/posts"}],"about":[{"href":"https:\/\/www.immobilienbusiness.ch\/de\/wp-json\/wp\/v2\/types\/post"}],"author":[{"embeddable":true,"href":"https:\/\/www.immobilienbusiness.ch\/de\/wp-json\/wp\/v2\/users\/3"}],"replies":[{"embeddable":true,"href":"https:\/\/www.immobilienbusiness.ch\/de\/wp-json\/wp\/v2\/comments?post=9567"}],"version-history":[{"count":0,"href":"https:\/\/www.immobilienbusiness.ch\/de\/wp-json\/wp\/v2\/posts\/9567\/revisions"}],"wp:featuredmedia":[{"embeddable":true,"href":"https:\/\/www.immobilienbusiness.ch\/de\/wp-json\/wp\/v2\/media\/9638"}],"wp:attachment":[{"href":"https:\/\/www.immobilienbusiness.ch\/de\/wp-json\/wp\/v2\/media?parent=9567"}],"wp:term":[{"taxonomy":"category","embeddable":true,"href":"https:\/\/www.immobilienbusiness.ch\/de\/wp-json\/wp\/v2\/categories?post=9567"},{"taxonomy":"post_tag","embeddable":true,"href":"https:\/\/www.immobilienbusiness.ch\/de\/wp-json\/wp\/v2\/tags?post=9567"}],"curies":[{"name":"wp","href":"https:\/\/api.w.org\/{rel}","templated":true}]}}