{"id":9481,"date":"2017-10-09T09:15:30","date_gmt":"2017-10-09T07:15:30","guid":{"rendered":"https:\/\/www.immobilienbusiness.ch\/?p=9481"},"modified":"2017-10-09T09:15:30","modified_gmt":"2017-10-09T07:15:30","slug":"empira-legt-wohnimmobilien-spezialfonds-auf","status":"publish","type":"post","link":"https:\/\/www.immobilienbusiness.ch\/de\/unternehmen\/2017-10-09\/empira-legt-wohnimmobilien-spezialfonds-auf\/","title":{"rendered":"Empira legt Wohnimmobilien-Spezialfonds auf"},"content":{"rendered":"<figure id=\"attachment_9482\" aria-describedby=\"caption-attachment-9482\" style=\"width: 3263px\" class=\"wp-caption alignnone\"><img loading=\"lazy\" decoding=\"async\" class=\"size-full wp-image-9482\" src=\"https:\/\/www.immobilienbusiness.ch\/wp-content\/uploads\/2017\/10\/IB-News-20171009-Empira-Neuer-Wohnimmobilienfonds-Lahcen_Knapp.jpg\" alt=\"\" width=\"3263\" height=\"2126\" srcset=\"https:\/\/www.immobilienbusiness.ch\/wp-content\/uploads\/2017\/10\/IB-News-20171009-Empira-Neuer-Wohnimmobilienfonds-Lahcen_Knapp.jpg 2560w, https:\/\/www.immobilienbusiness.ch\/wp-content\/uploads\/2017\/10\/IB-News-20171009-Empira-Neuer-Wohnimmobilienfonds-Lahcen_Knapp-300x195.jpg 300w, https:\/\/www.immobilienbusiness.ch\/wp-content\/uploads\/2017\/10\/IB-News-20171009-Empira-Neuer-Wohnimmobilienfonds-Lahcen_Knapp-1024x667.jpg 1024w, https:\/\/www.immobilienbusiness.ch\/wp-content\/uploads\/2017\/10\/IB-News-20171009-Empira-Neuer-Wohnimmobilienfonds-Lahcen_Knapp-768x500.jpg 768w, https:\/\/www.immobilienbusiness.ch\/wp-content\/uploads\/2017\/10\/IB-News-20171009-Empira-Neuer-Wohnimmobilienfonds-Lahcen_Knapp-1536x1001.jpg 1536w, https:\/\/www.immobilienbusiness.ch\/wp-content\/uploads\/2017\/10\/IB-News-20171009-Empira-Neuer-Wohnimmobilienfonds-Lahcen_Knapp-2048x1334.jpg 2048w, https:\/\/www.immobilienbusiness.ch\/wp-content\/uploads\/2017\/10\/IB-News-20171009-Empira-Neuer-Wohnimmobilienfonds-Lahcen_Knapp-16x10.jpg 16w, https:\/\/www.immobilienbusiness.ch\/wp-content\/uploads\/2017\/10\/IB-News-20171009-Empira-Neuer-Wohnimmobilienfonds-Lahcen_Knapp-269x175.jpg 269w, https:\/\/www.immobilienbusiness.ch\/wp-content\/uploads\/2017\/10\/IB-News-20171009-Empira-Neuer-Wohnimmobilienfonds-Lahcen_Knapp-537x350.jpg 537w, https:\/\/www.immobilienbusiness.ch\/wp-content\/uploads\/2017\/10\/IB-News-20171009-Empira-Neuer-Wohnimmobilienfonds-Lahcen_Knapp-1228x800.jpg 1228w, https:\/\/www.immobilienbusiness.ch\/wp-content\/uploads\/2017\/10\/IB-News-20171009-Empira-Neuer-Wohnimmobilienfonds-Lahcen_Knapp-920x599.jpg 920w, https:\/\/www.immobilienbusiness.ch\/wp-content\/uploads\/2017\/10\/IB-News-20171009-Empira-Neuer-Wohnimmobilienfonds-Lahcen_Knapp-1400x912.jpg 1400w\" sizes=\"auto, (max-width: 3263px) 100vw, 3263px\" \/><figcaption id=\"caption-attachment-9482\" class=\"wp-caption-text\">CEO und VR-Pr\u00e4sident Lahcen Knapp strebt ein Fondsvolumen von 500 Millionen Euro an (Bild: Empira AG)<\/figcaption><\/figure>\n<p>Das neue Produkt mit unbegrenzter Laufzeit legt den Fokus auf definierte A- und B-St\u00e4dte im grossen Nachbarkanton. Hierzu z\u00e4hlen gem\u00e4ss Zuger Unternehmung auch Hauptst\u00e4dte der deutschen Bundesl\u00e4nder sowie Universit\u00e4tsst\u00e4dte. F\u00fcr den Fonds mit seiner Core- und Core-plus-Strategie sei bereits ein \u00abqualitativ hochwertiges Seed-Portfolio mit einem Volumen in H\u00f6he von circa 120 Millionen Euro angekauft worden\u00bb, wie Empira-CEO &#8211; und VR-Pr\u00e4sident Lahcen Knapp sagt.<\/p>\n<p>Das Zielvolumen des neuen Wohnimmobilien-Spezialfonds liegt bei 500 Millionen Euro GAV, wobei der Fremdkapitaleinsatz auf maximal 50 Prozent begrenzt sei, so Knapp. \u00abMit dem Empira Residential Fonds Germany bieten wir unseren Investoren eine \u00e4usserst interessante Anlageoption mit moderatem Risikoprofil, die sich durch stabilen Cashflow und entsprechende Liquidit\u00e4tsrendite auszeichnet.\u00bb<\/p>\n<p>Insbesondere in der DACH-Region seien \u00fcber die letzten Marktzyklen die Ausschl\u00e4ge der Wertentwicklung von Wohnportfolien sehr viel geringer ausgefallen als die anderer Nutzungsarten, heisst es bei Empira. \u00abMit der gezielten Analyse regionaler Faktoren sowie dezidierter Kenntnisse der lokalen M\u00e4rkte gew\u00e4hrleisten wir die Identifikation geeigneter Anlageobjekte\u00bb, sichert der Investmentmanager zu.<\/p>\n","protected":false},"excerpt":{"rendered":"<p>Der Investmentmanager Empira AG (Zug) hat einen Wohnimmobilien-Spezialfonds f\u00fcr institutionelle Investoren aufgelegt. Der Fonds investiert in Core- und Core-plus-Immobilien in Deutschland.<\/p>\n","protected":false},"author":4,"featured_media":9482,"comment_status":"open","ping_status":"open","sticky":false,"template":"","format":"standard","meta":{"_acf_changed":false,"_yoast_wpseo_focuskw":"Empira","_yoast_wpseo_title":"","_yoast_wpseo_metadesc":"Investmentmanager Empira AG (Zug) legt einen Spezialfonds f\u00fcr institutionelle Investoren auf, der in deutsche Core- und Core-plus-Wohnimmobilien investiert.","_yoast_wpseo_linkdex":66,"pgc_sgb_lightbox_settings":"","footnotes":""},"categories":[988],"tags":[1166,1192,1344,1715,1863],"class_list":["post-9481","post","type-post","status-publish","format-standard","has-post-thumbnail","hentry","category-unternehmen","tag-deutschland","tag-empira","tag-immobilienfonds","tag-spezialfonds","tag-wohnimmobilien"],"acf":[],"yoast_head":"<!-- This site is optimized with the Yoast SEO plugin v27.4 - https:\/\/yoast.com\/product\/yoast-seo-wordpress\/ -->\n<title>Empira legt Wohnimmobilien-Spezialfonds auf - IMMOBILIEN Business<\/title>\n<meta name=\"description\" content=\"Investmentmanager Empira AG (Zug) legt einen Spezialfonds f\u00fcr institutionelle Investoren auf, der in deutsche Core- und Core-plus-Wohnimmobilien investiert.\" \/>\n<meta name=\"robots\" content=\"index, follow, max-snippet:-1, max-image-preview:large, max-video-preview:-1\" \/>\n<link rel=\"canonical\" href=\"https:\/\/www.immobilienbusiness.ch\/de\/unternehmen\/2017-10-09\/empira-legt-wohnimmobilien-spezialfonds-auf\/\" \/>\n<meta property=\"og:locale\" content=\"de_DE\" \/>\n<meta property=\"og:type\" content=\"article\" \/>\n<meta property=\"og:title\" content=\"Empira legt Wohnimmobilien-Spezialfonds auf\" \/>\n<meta property=\"og:description\" content=\"Investmentmanager Empira AG (Zug) legt einen Spezialfonds f\u00fcr institutionelle Investoren auf, der in deutsche Core- und Core-plus-Wohnimmobilien investiert.\" \/>\n<meta property=\"og:url\" content=\"https:\/\/www.immobilienbusiness.ch\/de\/unternehmen\/2017-10-09\/empira-legt-wohnimmobilien-spezialfonds-auf\/\" \/>\n<meta property=\"og:site_name\" content=\"IMMOBILIEN Business\" \/>\n<meta property=\"article:publisher\" content=\"https:\/\/www.facebook.com\/immobilienbusiness\/\" \/>\n<meta property=\"article:published_time\" content=\"2017-10-09T07:15:30+00:00\" \/>\n<meta property=\"og:image\" content=\"https:\/\/www.immobilienbusiness.ch\/wp-content\/uploads\/2017\/10\/IB-News-20171009-Empira-Neuer-Wohnimmobilienfonds-Lahcen_Knapp.jpg\" \/>\n\t<meta property=\"og:image:width\" content=\"2560\" \/>\n\t<meta property=\"og:image:height\" content=\"1668\" \/>\n\t<meta property=\"og:image:type\" content=\"image\/jpeg\" \/>\n<meta name=\"author\" content=\"mathias.rinka\" \/>\n<meta name=\"twitter:card\" content=\"summary_large_image\" \/>\n<meta name=\"twitter:title\" content=\"Empira legt Wohnimmobilien-Spezialfonds auf\" \/>\n<meta name=\"twitter:description\" content=\"Investmentmanager Empira AG (Zug) legt einen Spezialfonds f\u00fcr institutionelle Investoren auf, der in deutsche Core- und Core-plus-Wohnimmobilien investiert.\" \/>\n<script type=\"application\/ld+json\" class=\"yoast-schema-graph\">{\"@context\":\"https:\\\/\\\/schema.org\",\"@graph\":[{\"@type\":\"Article\",\"@id\":\"https:\\\/\\\/www.immobilienbusiness.ch\\\/de\\\/unternehmen\\\/2017-10-09\\\/empira-legt-wohnimmobilien-spezialfonds-auf\\\/#article\",\"isPartOf\":{\"@id\":\"https:\\\/\\\/www.immobilienbusiness.ch\\\/de\\\/unternehmen\\\/2017-10-09\\\/empira-legt-wohnimmobilien-spezialfonds-auf\\\/\"},\"author\":{\"name\":\"mathias.rinka\",\"@id\":\"https:\\\/\\\/www.immobilienbusiness.ch\\\/#\\\/schema\\\/person\\\/31be7383261ea656cfe52cad71fdc211\"},\"headline\":\"Empira legt Wohnimmobilien-Spezialfonds auf\",\"datePublished\":\"2017-10-09T07:15:30+00:00\",\"mainEntityOfPage\":{\"@id\":\"https:\\\/\\\/www.immobilienbusiness.ch\\\/de\\\/unternehmen\\\/2017-10-09\\\/empira-legt-wohnimmobilien-spezialfonds-auf\\\/\"},\"wordCount\":198,\"commentCount\":0,\"publisher\":{\"@id\":\"https:\\\/\\\/www.immobilienbusiness.ch\\\/#organization\"},\"image\":{\"@id\":\"https:\\\/\\\/www.immobilienbusiness.ch\\\/de\\\/unternehmen\\\/2017-10-09\\\/empira-legt-wohnimmobilien-spezialfonds-auf\\\/#primaryimage\"},\"thumbnailUrl\":\"https:\\\/\\\/www.immobilienbusiness.ch\\\/wp-content\\\/uploads\\\/2017\\\/10\\\/IB-News-20171009-Empira-Neuer-Wohnimmobilienfonds-Lahcen_Knapp.jpg\",\"keywords\":[\"Deutschland\",\"Empira\",\"Immobilienfonds\",\"Spezialfonds\",\"Wohnimmobilien\"],\"articleSection\":[\"UNTERNEHMEN\"],\"inLanguage\":\"de\"},{\"@type\":\"WebPage\",\"@id\":\"https:\\\/\\\/www.immobilienbusiness.ch\\\/de\\\/unternehmen\\\/2017-10-09\\\/empira-legt-wohnimmobilien-spezialfonds-auf\\\/\",\"url\":\"https:\\\/\\\/www.immobilienbusiness.ch\\\/de\\\/unternehmen\\\/2017-10-09\\\/empira-legt-wohnimmobilien-spezialfonds-auf\\\/\",\"name\":\"Empira legt Wohnimmobilien-Spezialfonds auf - IMMOBILIEN Business\",\"isPartOf\":{\"@id\":\"https:\\\/\\\/www.immobilienbusiness.ch\\\/#website\"},\"primaryImageOfPage\":{\"@id\":\"https:\\\/\\\/www.immobilienbusiness.ch\\\/de\\\/unternehmen\\\/2017-10-09\\\/empira-legt-wohnimmobilien-spezialfonds-auf\\\/#primaryimage\"},\"image\":{\"@id\":\"https:\\\/\\\/www.immobilienbusiness.ch\\\/de\\\/unternehmen\\\/2017-10-09\\\/empira-legt-wohnimmobilien-spezialfonds-auf\\\/#primaryimage\"},\"thumbnailUrl\":\"https:\\\/\\\/www.immobilienbusiness.ch\\\/wp-content\\\/uploads\\\/2017\\\/10\\\/IB-News-20171009-Empira-Neuer-Wohnimmobilienfonds-Lahcen_Knapp.jpg\",\"datePublished\":\"2017-10-09T07:15:30+00:00\",\"description\":\"Investmentmanager Empira AG (Zug) legt einen Spezialfonds f\u00fcr institutionelle Investoren auf, der in deutsche Core- und Core-plus-Wohnimmobilien investiert.\",\"breadcrumb\":{\"@id\":\"https:\\\/\\\/www.immobilienbusiness.ch\\\/de\\\/unternehmen\\\/2017-10-09\\\/empira-legt-wohnimmobilien-spezialfonds-auf\\\/#breadcrumb\"},\"inLanguage\":\"de\",\"potentialAction\":[{\"@type\":\"ReadAction\",\"target\":[\"https:\\\/\\\/www.immobilienbusiness.ch\\\/de\\\/unternehmen\\\/2017-10-09\\\/empira-legt-wohnimmobilien-spezialfonds-auf\\\/\"]}]},{\"@type\":\"ImageObject\",\"inLanguage\":\"de\",\"@id\":\"https:\\\/\\\/www.immobilienbusiness.ch\\\/de\\\/unternehmen\\\/2017-10-09\\\/empira-legt-wohnimmobilien-spezialfonds-auf\\\/#primaryimage\",\"url\":\"https:\\\/\\\/www.immobilienbusiness.ch\\\/wp-content\\\/uploads\\\/2017\\\/10\\\/IB-News-20171009-Empira-Neuer-Wohnimmobilienfonds-Lahcen_Knapp.jpg\",\"contentUrl\":\"https:\\\/\\\/www.immobilienbusiness.ch\\\/wp-content\\\/uploads\\\/2017\\\/10\\\/IB-News-20171009-Empira-Neuer-Wohnimmobilienfonds-Lahcen_Knapp.jpg\",\"width\":2560,\"height\":1668,\"caption\":\"Verwaltungsrat Lahcen Knapp strebt ein Fondsvolumen von 500 Millionen Euro an (Bild: Empira AG)\"},{\"@type\":\"BreadcrumbList\",\"@id\":\"https:\\\/\\\/www.immobilienbusiness.ch\\\/de\\\/unternehmen\\\/2017-10-09\\\/empira-legt-wohnimmobilien-spezialfonds-auf\\\/#breadcrumb\",\"itemListElement\":[{\"@type\":\"ListItem\",\"position\":1,\"name\":\"Home\",\"item\":\"https:\\\/\\\/www.immobilienbusiness.ch\\\/\"},{\"@type\":\"ListItem\",\"position\":2,\"name\":\"Empira legt Wohnimmobilien-Spezialfonds auf\"}]},{\"@type\":\"WebSite\",\"@id\":\"https:\\\/\\\/www.immobilienbusiness.ch\\\/#website\",\"url\":\"https:\\\/\\\/www.immobilienbusiness.ch\\\/\",\"name\":\"IMMOBILIEN Business\",\"description\":\"Unabh\u00e4ngiges Schweizer Wirtschaftsmagazin mit Fokus auf Immobilien, Architektur- und Bau sowie Investment- und Finanzierung.\",\"publisher\":{\"@id\":\"https:\\\/\\\/www.immobilienbusiness.ch\\\/#organization\"},\"potentialAction\":[{\"@type\":\"SearchAction\",\"target\":{\"@type\":\"EntryPoint\",\"urlTemplate\":\"https:\\\/\\\/www.immobilienbusiness.ch\\\/?s={search_term_string}\"},\"query-input\":{\"@type\":\"PropertyValueSpecification\",\"valueRequired\":true,\"valueName\":\"search_term_string\"}}],\"inLanguage\":\"de\"},{\"@type\":\"Organization\",\"@id\":\"https:\\\/\\\/www.immobilienbusiness.ch\\\/#organization\",\"name\":\"IMMOBILIEN Business\",\"url\":\"https:\\\/\\\/www.immobilienbusiness.ch\\\/\",\"logo\":{\"@type\":\"ImageObject\",\"inLanguage\":\"de\",\"@id\":\"https:\\\/\\\/www.immobilienbusiness.ch\\\/#\\\/schema\\\/logo\\\/image\\\/\",\"url\":\"https:\\\/\\\/www.immobilienbusiness.ch\\\/wp-content\\\/uploads\\\/2021\\\/07\\\/logo_ib.png\",\"contentUrl\":\"https:\\\/\\\/www.immobilienbusiness.ch\\\/wp-content\\\/uploads\\\/2021\\\/07\\\/logo_ib.png\",\"width\":800,\"height\":181,\"caption\":\"IMMOBILIEN Business\"},\"image\":{\"@id\":\"https:\\\/\\\/www.immobilienbusiness.ch\\\/#\\\/schema\\\/logo\\\/image\\\/\"},\"sameAs\":[\"https:\\\/\\\/www.facebook.com\\\/immobilienbusiness\\\/\"]},{\"@type\":\"Person\",\"@id\":\"https:\\\/\\\/www.immobilienbusiness.ch\\\/#\\\/schema\\\/person\\\/31be7383261ea656cfe52cad71fdc211\",\"name\":\"mathias.rinka\",\"image\":{\"@type\":\"ImageObject\",\"inLanguage\":\"de\",\"@id\":\"https:\\\/\\\/secure.gravatar.com\\\/avatar\\\/?s=96&d=mm&r=g\",\"url\":\"https:\\\/\\\/secure.gravatar.com\\\/avatar\\\/?s=96&d=mm&r=g\",\"contentUrl\":\"https:\\\/\\\/secure.gravatar.com\\\/avatar\\\/?s=96&d=mm&r=g\",\"caption\":\"mathias.rinka\"},\"url\":\"https:\\\/\\\/www.immobilienbusiness.ch\\\/de\\\/author\\\/mathias-rinka\\\/\"}]}<\/script>\n<!-- \/ Yoast SEO plugin. -->","yoast_head_json":{"title":"Empira legt Wohnimmobilien-Spezialfonds auf - IMMOBILIEN Business","description":"Investmentmanager Empira AG (Zug) legt einen Spezialfonds f\u00fcr institutionelle Investoren auf, der in deutsche Core- und Core-plus-Wohnimmobilien investiert.","robots":{"index":"index","follow":"follow","max-snippet":"max-snippet:-1","max-image-preview":"max-image-preview:large","max-video-preview":"max-video-preview:-1"},"canonical":"https:\/\/www.immobilienbusiness.ch\/de\/unternehmen\/2017-10-09\/empira-legt-wohnimmobilien-spezialfonds-auf\/","og_locale":"de_DE","og_type":"article","og_title":"Empira legt Wohnimmobilien-Spezialfonds auf","og_description":"Investmentmanager Empira AG (Zug) legt einen Spezialfonds f\u00fcr institutionelle Investoren auf, der in deutsche Core- und Core-plus-Wohnimmobilien investiert.","og_url":"https:\/\/www.immobilienbusiness.ch\/de\/unternehmen\/2017-10-09\/empira-legt-wohnimmobilien-spezialfonds-auf\/","og_site_name":"IMMOBILIEN Business","article_publisher":"https:\/\/www.facebook.com\/immobilienbusiness\/","article_published_time":"2017-10-09T07:15:30+00:00","og_image":[{"width":2560,"height":1668,"url":"https:\/\/www.immobilienbusiness.ch\/wp-content\/uploads\/2017\/10\/IB-News-20171009-Empira-Neuer-Wohnimmobilienfonds-Lahcen_Knapp.jpg","type":"image\/jpeg"}],"author":"mathias.rinka","twitter_card":"summary_large_image","twitter_title":"Empira legt Wohnimmobilien-Spezialfonds auf","twitter_description":"Investmentmanager Empira AG (Zug) legt einen Spezialfonds f\u00fcr institutionelle Investoren auf, der in deutsche Core- und Core-plus-Wohnimmobilien investiert.","schema":{"@context":"https:\/\/schema.org","@graph":[{"@type":"Article","@id":"https:\/\/www.immobilienbusiness.ch\/de\/unternehmen\/2017-10-09\/empira-legt-wohnimmobilien-spezialfonds-auf\/#article","isPartOf":{"@id":"https:\/\/www.immobilienbusiness.ch\/de\/unternehmen\/2017-10-09\/empira-legt-wohnimmobilien-spezialfonds-auf\/"},"author":{"name":"mathias.rinka","@id":"https:\/\/www.immobilienbusiness.ch\/#\/schema\/person\/31be7383261ea656cfe52cad71fdc211"},"headline":"Empira legt Wohnimmobilien-Spezialfonds auf","datePublished":"2017-10-09T07:15:30+00:00","mainEntityOfPage":{"@id":"https:\/\/www.immobilienbusiness.ch\/de\/unternehmen\/2017-10-09\/empira-legt-wohnimmobilien-spezialfonds-auf\/"},"wordCount":198,"commentCount":0,"publisher":{"@id":"https:\/\/www.immobilienbusiness.ch\/#organization"},"image":{"@id":"https:\/\/www.immobilienbusiness.ch\/de\/unternehmen\/2017-10-09\/empira-legt-wohnimmobilien-spezialfonds-auf\/#primaryimage"},"thumbnailUrl":"https:\/\/www.immobilienbusiness.ch\/wp-content\/uploads\/2017\/10\/IB-News-20171009-Empira-Neuer-Wohnimmobilienfonds-Lahcen_Knapp.jpg","keywords":["Deutschland","Empira","Immobilienfonds","Spezialfonds","Wohnimmobilien"],"articleSection":["UNTERNEHMEN"],"inLanguage":"de"},{"@type":"WebPage","@id":"https:\/\/www.immobilienbusiness.ch\/de\/unternehmen\/2017-10-09\/empira-legt-wohnimmobilien-spezialfonds-auf\/","url":"https:\/\/www.immobilienbusiness.ch\/de\/unternehmen\/2017-10-09\/empira-legt-wohnimmobilien-spezialfonds-auf\/","name":"Empira legt Wohnimmobilien-Spezialfonds auf - IMMOBILIEN Business","isPartOf":{"@id":"https:\/\/www.immobilienbusiness.ch\/#website"},"primaryImageOfPage":{"@id":"https:\/\/www.immobilienbusiness.ch\/de\/unternehmen\/2017-10-09\/empira-legt-wohnimmobilien-spezialfonds-auf\/#primaryimage"},"image":{"@id":"https:\/\/www.immobilienbusiness.ch\/de\/unternehmen\/2017-10-09\/empira-legt-wohnimmobilien-spezialfonds-auf\/#primaryimage"},"thumbnailUrl":"https:\/\/www.immobilienbusiness.ch\/wp-content\/uploads\/2017\/10\/IB-News-20171009-Empira-Neuer-Wohnimmobilienfonds-Lahcen_Knapp.jpg","datePublished":"2017-10-09T07:15:30+00:00","description":"Investmentmanager Empira AG (Zug) legt einen Spezialfonds f\u00fcr institutionelle Investoren auf, der in deutsche Core- und Core-plus-Wohnimmobilien investiert.","breadcrumb":{"@id":"https:\/\/www.immobilienbusiness.ch\/de\/unternehmen\/2017-10-09\/empira-legt-wohnimmobilien-spezialfonds-auf\/#breadcrumb"},"inLanguage":"de","potentialAction":[{"@type":"ReadAction","target":["https:\/\/www.immobilienbusiness.ch\/de\/unternehmen\/2017-10-09\/empira-legt-wohnimmobilien-spezialfonds-auf\/"]}]},{"@type":"ImageObject","inLanguage":"de","@id":"https:\/\/www.immobilienbusiness.ch\/de\/unternehmen\/2017-10-09\/empira-legt-wohnimmobilien-spezialfonds-auf\/#primaryimage","url":"https:\/\/www.immobilienbusiness.ch\/wp-content\/uploads\/2017\/10\/IB-News-20171009-Empira-Neuer-Wohnimmobilienfonds-Lahcen_Knapp.jpg","contentUrl":"https:\/\/www.immobilienbusiness.ch\/wp-content\/uploads\/2017\/10\/IB-News-20171009-Empira-Neuer-Wohnimmobilienfonds-Lahcen_Knapp.jpg","width":2560,"height":1668,"caption":"Verwaltungsrat Lahcen Knapp strebt ein Fondsvolumen von 500 Millionen Euro an (Bild: Empira AG)"},{"@type":"BreadcrumbList","@id":"https:\/\/www.immobilienbusiness.ch\/de\/unternehmen\/2017-10-09\/empira-legt-wohnimmobilien-spezialfonds-auf\/#breadcrumb","itemListElement":[{"@type":"ListItem","position":1,"name":"Home","item":"https:\/\/www.immobilienbusiness.ch\/"},{"@type":"ListItem","position":2,"name":"Empira legt Wohnimmobilien-Spezialfonds auf"}]},{"@type":"WebSite","@id":"https:\/\/www.immobilienbusiness.ch\/#website","url":"https:\/\/www.immobilienbusiness.ch\/","name":"IMMOBILIEN Business","description":"Unabh\u00e4ngiges Schweizer Wirtschaftsmagazin mit Fokus auf Immobilien, Architektur- und Bau sowie Investment- und Finanzierung.","publisher":{"@id":"https:\/\/www.immobilienbusiness.ch\/#organization"},"potentialAction":[{"@type":"SearchAction","target":{"@type":"EntryPoint","urlTemplate":"https:\/\/www.immobilienbusiness.ch\/?s={search_term_string}"},"query-input":{"@type":"PropertyValueSpecification","valueRequired":true,"valueName":"search_term_string"}}],"inLanguage":"de"},{"@type":"Organization","@id":"https:\/\/www.immobilienbusiness.ch\/#organization","name":"IMMOBILIEN Business","url":"https:\/\/www.immobilienbusiness.ch\/","logo":{"@type":"ImageObject","inLanguage":"de","@id":"https:\/\/www.immobilienbusiness.ch\/#\/schema\/logo\/image\/","url":"https:\/\/www.immobilienbusiness.ch\/wp-content\/uploads\/2021\/07\/logo_ib.png","contentUrl":"https:\/\/www.immobilienbusiness.ch\/wp-content\/uploads\/2021\/07\/logo_ib.png","width":800,"height":181,"caption":"IMMOBILIEN Business"},"image":{"@id":"https:\/\/www.immobilienbusiness.ch\/#\/schema\/logo\/image\/"},"sameAs":["https:\/\/www.facebook.com\/immobilienbusiness\/"]},{"@type":"Person","@id":"https:\/\/www.immobilienbusiness.ch\/#\/schema\/person\/31be7383261ea656cfe52cad71fdc211","name":"mathias.rinka","image":{"@type":"ImageObject","inLanguage":"de","@id":"https:\/\/secure.gravatar.com\/avatar\/?s=96&d=mm&r=g","url":"https:\/\/secure.gravatar.com\/avatar\/?s=96&d=mm&r=g","contentUrl":"https:\/\/secure.gravatar.com\/avatar\/?s=96&d=mm&r=g","caption":"mathias.rinka"},"url":"https:\/\/www.immobilienbusiness.ch\/de\/author\/mathias-rinka\/"}]}},"_links":{"self":[{"href":"https:\/\/www.immobilienbusiness.ch\/de\/wp-json\/wp\/v2\/posts\/9481","targetHints":{"allow":["GET"]}}],"collection":[{"href":"https:\/\/www.immobilienbusiness.ch\/de\/wp-json\/wp\/v2\/posts"}],"about":[{"href":"https:\/\/www.immobilienbusiness.ch\/de\/wp-json\/wp\/v2\/types\/post"}],"author":[{"embeddable":true,"href":"https:\/\/www.immobilienbusiness.ch\/de\/wp-json\/wp\/v2\/users\/4"}],"replies":[{"embeddable":true,"href":"https:\/\/www.immobilienbusiness.ch\/de\/wp-json\/wp\/v2\/comments?post=9481"}],"version-history":[{"count":0,"href":"https:\/\/www.immobilienbusiness.ch\/de\/wp-json\/wp\/v2\/posts\/9481\/revisions"}],"wp:featuredmedia":[{"embeddable":true,"href":"https:\/\/www.immobilienbusiness.ch\/de\/wp-json\/wp\/v2\/media\/9482"}],"wp:attachment":[{"href":"https:\/\/www.immobilienbusiness.ch\/de\/wp-json\/wp\/v2\/media?parent=9481"}],"wp:term":[{"taxonomy":"category","embeddable":true,"href":"https:\/\/www.immobilienbusiness.ch\/de\/wp-json\/wp\/v2\/categories?post=9481"},{"taxonomy":"post_tag","embeddable":true,"href":"https:\/\/www.immobilienbusiness.ch\/de\/wp-json\/wp\/v2\/tags?post=9481"}],"curies":[{"name":"wp","href":"https:\/\/api.w.org\/{rel}","templated":true}]}}