{"id":9438,"date":"2017-10-05T08:49:17","date_gmt":"2017-10-05T06:49:17","guid":{"rendered":"https:\/\/www.immobilienbusiness.ch\/?p=9438"},"modified":"2017-10-05T08:49:17","modified_gmt":"2017-10-05T06:49:17","slug":"ubs-fonds-anfos-plant-kapitalerhoehung","status":"publish","type":"post","link":"https:\/\/www.immobilienbusiness.ch\/de\/unternehmen\/2017-10-05\/ubs-fonds-anfos-plant-kapitalerhoehung\/","title":{"rendered":"UBS-Fonds \u00abAnfos\u00bb: Kapitalerh\u00f6hung geplant"},"content":{"rendered":"<figure id=\"attachment_8786\" aria-describedby=\"caption-attachment-8786\" style=\"width: 680px\" class=\"wp-caption alignnone\"><img loading=\"lazy\" decoding=\"async\" class=\"size-medium wp-image-8786\" src=\"https:\/\/www.immobilienbusiness.ch\/wp-content\/uploads\/2017\/08\/IB-News-22082017-SFPI-vorl\u00e4ufige-Halbjahreszahlen_Depositphotos_64056199.jpg\" alt=\"\" width=\"680\" height=\"455\" \/><figcaption id=\"caption-attachment-8786\" class=\"wp-caption-text\">F\u00fcr den UBS-Immobilienfonds \u00abAnfos\u00bb ist eine Kapitalerh\u00f6hung geplant (Foto: valphoto \u2013 deposit photos)<\/figcaption><\/figure>\n<p>Der UBS (CH) Property Fund \u2013 Swiss Residential \u00abAnfos\u00bb investiert \u00fcberwiegend in Wohngeb\u00e4ude in der Deutschschweiz, wobei sich die Anlagen mehrheitlich auf grosse St\u00e4dte und deren Agglomeration konzentrieren. Ziel der\u00a0 geplanten Kapitalerh\u00f6hung ist es nach Angaben der Fondsleitung, zus\u00e4tzliche Mittel f\u00fcr den Kauf von Liegenschaften, die Finanzierung von Sanierungen und Bauprojekten sowie die R\u00fcckf\u00fchrung von Fremdfinanzierungen zu gewinnen.<\/p>\n<p>Der Emissionspreis wird sich aus dem Inventarwert per Abschluss 30. September 2017 nach Aussch\u00fcttung zuz\u00fcglich der aufgelaufenen Ertr\u00e4ge bis zum Liberierungsdatum sowie der Ausgabekommission zusammensetzen. Die genauen Konditionen der Kapitalerh\u00f6hung sollen Mitte November 2017 bekannt gegeben werden.<\/p>\n","protected":false},"excerpt":{"rendered":"<p>Die UBS Fund Management will Ende November oder Anfang Dezember das Kapital des Immobilienfonds \u00abAnfos\u00bb erh\u00f6hen. Bis zu 122 Millionen CHF sollen bei Investoren eingesammelt werden.<\/p>\n","protected":false},"author":3,"featured_media":8786,"comment_status":"open","ping_status":"open","sticky":false,"template":"","format":"standard","meta":{"_acf_changed":false,"_yoast_wpseo_focuskw":"Anfos","_yoast_wpseo_title":"","_yoast_wpseo_metadesc":"Die UBS Fund Management plant eine Kapitalerh\u00f6hung f\u00fcr den Immobilienfonds \u00abAnfos\u00bb im Volumen von bis zu 122 Millionen CHF.","_yoast_wpseo_linkdex":69,"pgc_sgb_lightbox_settings":"","footnotes":""},"categories":[988],"tags":[1344,1412,1807],"class_list":["post-9438","post","type-post","status-publish","format-standard","has-post-thumbnail","hentry","category-unternehmen","tag-immobilienfonds","tag-kapitalerhoehung","tag-unternehmen"],"acf":[],"yoast_head":"<!-- This site is optimized with the Yoast SEO plugin v27.5 - https:\/\/yoast.com\/product\/yoast-seo-wordpress\/ -->\n<title>UBS-Fonds \u00abAnfos\u00bb: Kapitalerh\u00f6hung geplant - IMMOBILIEN Business<\/title>\n<meta name=\"description\" content=\"Die UBS Fund Management plant eine Kapitalerh\u00f6hung f\u00fcr den Immobilienfonds \u00abAnfos\u00bb im Volumen von bis zu 122 Millionen CHF.\" \/>\n<meta name=\"robots\" content=\"index, follow, max-snippet:-1, max-image-preview:large, max-video-preview:-1\" \/>\n<link rel=\"canonical\" href=\"https:\/\/www.immobilienbusiness.ch\/de\/unternehmen\/2017-10-05\/ubs-fonds-anfos-plant-kapitalerhoehung\/\" \/>\n<meta property=\"og:locale\" content=\"de_DE\" \/>\n<meta property=\"og:type\" content=\"article\" \/>\n<meta property=\"og:title\" content=\"UBS-Fonds \u00abAnfos\u00bb: Kapitalerh\u00f6hung geplant\" \/>\n<meta property=\"og:description\" content=\"Die UBS Fund Management plant eine Kapitalerh\u00f6hung f\u00fcr den Immobilienfonds \u00abAnfos\u00bb im Volumen von bis zu 122 Millionen CHF.\" \/>\n<meta property=\"og:url\" content=\"https:\/\/www.immobilienbusiness.ch\/de\/unternehmen\/2017-10-05\/ubs-fonds-anfos-plant-kapitalerhoehung\/\" \/>\n<meta property=\"og:site_name\" content=\"IMMOBILIEN Business\" \/>\n<meta property=\"article:publisher\" content=\"https:\/\/www.facebook.com\/immobilienbusiness\/\" \/>\n<meta property=\"article:published_time\" content=\"2017-10-05T06:49:17+00:00\" \/>\n<meta property=\"og:image\" content=\"https:\/\/www.immobilienbusiness.ch\/wp-content\/uploads\/2017\/08\/IB-News-22082017-SFPI-vorlaeufige-Halbjahreszahlen_Depositphotos_64056199.jpg\" \/>\n\t<meta property=\"og:image:width\" content=\"680\" \/>\n\t<meta property=\"og:image:height\" content=\"455\" \/>\n\t<meta property=\"og:image:type\" content=\"image\/jpeg\" \/>\n<meta name=\"author\" content=\"anja.hall\" \/>\n<meta name=\"twitter:card\" content=\"summary_large_image\" \/>\n<meta name=\"twitter:title\" content=\"UBS-Fonds \u00abAnfos\u00bb: Kapitalerh\u00f6hung geplant\" \/>\n<meta name=\"twitter:description\" content=\"Die UBS Fund Management plant eine Kapitalerh\u00f6hung f\u00fcr den Immobilienfonds \u00abAnfos\u00bb im Volumen von bis zu 122 Millionen CHF.\" \/>\n<meta name=\"twitter:image\" content=\"https:\/\/www.immobilienbusiness.ch\/wp-content\/uploads\/2017\/08\/IB-News-22082017-SFPI-vorl\u00e4ufige-Halbjahreszahlen_Depositphotos_64056199.jpg\" \/>\n<script type=\"application\/ld+json\" class=\"yoast-schema-graph\">{\"@context\":\"https:\\\/\\\/schema.org\",\"@graph\":[{\"@type\":\"Article\",\"@id\":\"https:\\\/\\\/www.immobilienbusiness.ch\\\/en\\\/unternehmen\\\/2017-10-05\\\/ubs-fonds-anfos-plant-kapitalerhoehung\\\/#article\",\"isPartOf\":{\"@id\":\"https:\\\/\\\/www.immobilienbusiness.ch\\\/en\\\/unternehmen\\\/2017-10-05\\\/ubs-fonds-anfos-plant-kapitalerhoehung\\\/\"},\"author\":{\"name\":\"anja.hall\",\"@id\":\"https:\\\/\\\/www.immobilienbusiness.ch\\\/#\\\/schema\\\/person\\\/3fc036297b10b9f42d6db5ee932af8c8\"},\"headline\":\"UBS-Fonds \u00abAnfos\u00bb: Kapitalerh\u00f6hung geplant\",\"datePublished\":\"2017-10-05T06:49:17+00:00\",\"mainEntityOfPage\":{\"@id\":\"https:\\\/\\\/www.immobilienbusiness.ch\\\/en\\\/unternehmen\\\/2017-10-05\\\/ubs-fonds-anfos-plant-kapitalerhoehung\\\/\"},\"wordCount\":128,\"commentCount\":0,\"publisher\":{\"@id\":\"https:\\\/\\\/www.immobilienbusiness.ch\\\/#organization\"},\"image\":{\"@id\":\"https:\\\/\\\/www.immobilienbusiness.ch\\\/en\\\/unternehmen\\\/2017-10-05\\\/ubs-fonds-anfos-plant-kapitalerhoehung\\\/#primaryimage\"},\"thumbnailUrl\":\"https:\\\/\\\/www.immobilienbusiness.ch\\\/wp-content\\\/uploads\\\/2017\\\/08\\\/IB-News-22082017-SFPI-vorlaeufige-Halbjahreszahlen_Depositphotos_64056199.jpg\",\"keywords\":[\"Immobilienfonds\",\"Kapitalerh\u00f6hung\",\"Unternehmen\"],\"articleSection\":[\"UNTERNEHMEN\"],\"inLanguage\":\"de\"},{\"@type\":\"WebPage\",\"@id\":\"https:\\\/\\\/www.immobilienbusiness.ch\\\/en\\\/unternehmen\\\/2017-10-05\\\/ubs-fonds-anfos-plant-kapitalerhoehung\\\/\",\"url\":\"https:\\\/\\\/www.immobilienbusiness.ch\\\/en\\\/unternehmen\\\/2017-10-05\\\/ubs-fonds-anfos-plant-kapitalerhoehung\\\/\",\"name\":\"UBS-Fonds \u00abAnfos\u00bb: Kapitalerh\u00f6hung geplant - IMMOBILIEN Business\",\"isPartOf\":{\"@id\":\"https:\\\/\\\/www.immobilienbusiness.ch\\\/#website\"},\"primaryImageOfPage\":{\"@id\":\"https:\\\/\\\/www.immobilienbusiness.ch\\\/en\\\/unternehmen\\\/2017-10-05\\\/ubs-fonds-anfos-plant-kapitalerhoehung\\\/#primaryimage\"},\"image\":{\"@id\":\"https:\\\/\\\/www.immobilienbusiness.ch\\\/en\\\/unternehmen\\\/2017-10-05\\\/ubs-fonds-anfos-plant-kapitalerhoehung\\\/#primaryimage\"},\"thumbnailUrl\":\"https:\\\/\\\/www.immobilienbusiness.ch\\\/wp-content\\\/uploads\\\/2017\\\/08\\\/IB-News-22082017-SFPI-vorlaeufige-Halbjahreszahlen_Depositphotos_64056199.jpg\",\"datePublished\":\"2017-10-05T06:49:17+00:00\",\"description\":\"Die UBS Fund Management plant eine Kapitalerh\u00f6hung f\u00fcr den Immobilienfonds \u00abAnfos\u00bb im Volumen von bis zu 122 Millionen CHF.\",\"breadcrumb\":{\"@id\":\"https:\\\/\\\/www.immobilienbusiness.ch\\\/en\\\/unternehmen\\\/2017-10-05\\\/ubs-fonds-anfos-plant-kapitalerhoehung\\\/#breadcrumb\"},\"inLanguage\":\"de\",\"potentialAction\":[{\"@type\":\"ReadAction\",\"target\":[\"https:\\\/\\\/www.immobilienbusiness.ch\\\/en\\\/unternehmen\\\/2017-10-05\\\/ubs-fonds-anfos-plant-kapitalerhoehung\\\/\"]}]},{\"@type\":\"ImageObject\",\"inLanguage\":\"de\",\"@id\":\"https:\\\/\\\/www.immobilienbusiness.ch\\\/en\\\/unternehmen\\\/2017-10-05\\\/ubs-fonds-anfos-plant-kapitalerhoehung\\\/#primaryimage\",\"url\":\"https:\\\/\\\/www.immobilienbusiness.ch\\\/wp-content\\\/uploads\\\/2017\\\/08\\\/IB-News-22082017-SFPI-vorlaeufige-Halbjahreszahlen_Depositphotos_64056199.jpg\",\"contentUrl\":\"https:\\\/\\\/www.immobilienbusiness.ch\\\/wp-content\\\/uploads\\\/2017\\\/08\\\/IB-News-22082017-SFPI-vorlaeufige-Halbjahreszahlen_Depositphotos_64056199.jpg\",\"width\":680,\"height\":455,\"caption\":\"Der Swiss Real Estate Fund von Patrimonium hat seine Jahreszahlen pr\u00e4sentiert (Foto: valphoto \u2013 deposit photos)\"},{\"@type\":\"BreadcrumbList\",\"@id\":\"https:\\\/\\\/www.immobilienbusiness.ch\\\/en\\\/unternehmen\\\/2017-10-05\\\/ubs-fonds-anfos-plant-kapitalerhoehung\\\/#breadcrumb\",\"itemListElement\":[{\"@type\":\"ListItem\",\"position\":1,\"name\":\"Home\",\"item\":\"https:\\\/\\\/www.immobilienbusiness.ch\\\/\"},{\"@type\":\"ListItem\",\"position\":2,\"name\":\"UBS-Fonds \u00abAnfos\u00bb: Kapitalerh\u00f6hung geplant\"}]},{\"@type\":\"WebSite\",\"@id\":\"https:\\\/\\\/www.immobilienbusiness.ch\\\/#website\",\"url\":\"https:\\\/\\\/www.immobilienbusiness.ch\\\/\",\"name\":\"IMMOBILIEN Business\",\"description\":\"Unabh\u00e4ngiges Schweizer Wirtschaftsmagazin mit Fokus auf Immobilien, Architektur- und Bau sowie Investment- und Finanzierung.\",\"publisher\":{\"@id\":\"https:\\\/\\\/www.immobilienbusiness.ch\\\/#organization\"},\"potentialAction\":[{\"@type\":\"SearchAction\",\"target\":{\"@type\":\"EntryPoint\",\"urlTemplate\":\"https:\\\/\\\/www.immobilienbusiness.ch\\\/?s={search_term_string}\"},\"query-input\":{\"@type\":\"PropertyValueSpecification\",\"valueRequired\":true,\"valueName\":\"search_term_string\"}}],\"inLanguage\":\"de\"},{\"@type\":\"Organization\",\"@id\":\"https:\\\/\\\/www.immobilienbusiness.ch\\\/#organization\",\"name\":\"IMMOBILIEN Business\",\"url\":\"https:\\\/\\\/www.immobilienbusiness.ch\\\/\",\"logo\":{\"@type\":\"ImageObject\",\"inLanguage\":\"de\",\"@id\":\"https:\\\/\\\/www.immobilienbusiness.ch\\\/#\\\/schema\\\/logo\\\/image\\\/\",\"url\":\"https:\\\/\\\/www.immobilienbusiness.ch\\\/wp-content\\\/uploads\\\/2021\\\/07\\\/logo_ib.png\",\"contentUrl\":\"https:\\\/\\\/www.immobilienbusiness.ch\\\/wp-content\\\/uploads\\\/2021\\\/07\\\/logo_ib.png\",\"width\":800,\"height\":181,\"caption\":\"IMMOBILIEN Business\"},\"image\":{\"@id\":\"https:\\\/\\\/www.immobilienbusiness.ch\\\/#\\\/schema\\\/logo\\\/image\\\/\"},\"sameAs\":[\"https:\\\/\\\/www.facebook.com\\\/immobilienbusiness\\\/\"]},{\"@type\":\"Person\",\"@id\":\"https:\\\/\\\/www.immobilienbusiness.ch\\\/#\\\/schema\\\/person\\\/3fc036297b10b9f42d6db5ee932af8c8\",\"name\":\"anja.hall\",\"image\":{\"@type\":\"ImageObject\",\"inLanguage\":\"de\",\"@id\":\"https:\\\/\\\/secure.gravatar.com\\\/avatar\\\/066b5a0d447013502c71a5782f4f3469f03cfe595cc2329fb94652fe47511bfb?s=96&d=mm&r=g\",\"url\":\"https:\\\/\\\/secure.gravatar.com\\\/avatar\\\/066b5a0d447013502c71a5782f4f3469f03cfe595cc2329fb94652fe47511bfb?s=96&d=mm&r=g\",\"contentUrl\":\"https:\\\/\\\/secure.gravatar.com\\\/avatar\\\/066b5a0d447013502c71a5782f4f3469f03cfe595cc2329fb94652fe47511bfb?s=96&d=mm&r=g\",\"caption\":\"anja.hall\"},\"url\":\"https:\\\/\\\/www.immobilienbusiness.ch\\\/de\\\/author\\\/anja-hall\\\/\"}]}<\/script>\n<!-- \/ Yoast SEO plugin. -->","yoast_head_json":{"title":"UBS-Fonds \u00abAnfos\u00bb: Kapitalerh\u00f6hung geplant - IMMOBILIEN Business","description":"Die UBS Fund Management plant eine Kapitalerh\u00f6hung f\u00fcr den Immobilienfonds \u00abAnfos\u00bb im Volumen von bis zu 122 Millionen CHF.","robots":{"index":"index","follow":"follow","max-snippet":"max-snippet:-1","max-image-preview":"max-image-preview:large","max-video-preview":"max-video-preview:-1"},"canonical":"https:\/\/www.immobilienbusiness.ch\/de\/unternehmen\/2017-10-05\/ubs-fonds-anfos-plant-kapitalerhoehung\/","og_locale":"de_DE","og_type":"article","og_title":"UBS-Fonds \u00abAnfos\u00bb: Kapitalerh\u00f6hung geplant","og_description":"Die UBS Fund Management plant eine Kapitalerh\u00f6hung f\u00fcr den Immobilienfonds \u00abAnfos\u00bb im Volumen von bis zu 122 Millionen CHF.","og_url":"https:\/\/www.immobilienbusiness.ch\/de\/unternehmen\/2017-10-05\/ubs-fonds-anfos-plant-kapitalerhoehung\/","og_site_name":"IMMOBILIEN Business","article_publisher":"https:\/\/www.facebook.com\/immobilienbusiness\/","article_published_time":"2017-10-05T06:49:17+00:00","og_image":[{"width":680,"height":455,"url":"https:\/\/www.immobilienbusiness.ch\/wp-content\/uploads\/2017\/08\/IB-News-22082017-SFPI-vorlaeufige-Halbjahreszahlen_Depositphotos_64056199.jpg","type":"image\/jpeg"}],"author":"anja.hall","twitter_card":"summary_large_image","twitter_title":"UBS-Fonds \u00abAnfos\u00bb: Kapitalerh\u00f6hung geplant","twitter_description":"Die UBS Fund Management plant eine Kapitalerh\u00f6hung f\u00fcr den Immobilienfonds \u00abAnfos\u00bb im Volumen von bis zu 122 Millionen CHF.","twitter_image":"https:\/\/www.immobilienbusiness.ch\/wp-content\/uploads\/2017\/08\/IB-News-22082017-SFPI-vorl\u00e4ufige-Halbjahreszahlen_Depositphotos_64056199.jpg","schema":{"@context":"https:\/\/schema.org","@graph":[{"@type":"Article","@id":"https:\/\/www.immobilienbusiness.ch\/en\/unternehmen\/2017-10-05\/ubs-fonds-anfos-plant-kapitalerhoehung\/#article","isPartOf":{"@id":"https:\/\/www.immobilienbusiness.ch\/en\/unternehmen\/2017-10-05\/ubs-fonds-anfos-plant-kapitalerhoehung\/"},"author":{"name":"anja.hall","@id":"https:\/\/www.immobilienbusiness.ch\/#\/schema\/person\/3fc036297b10b9f42d6db5ee932af8c8"},"headline":"UBS-Fonds \u00abAnfos\u00bb: Kapitalerh\u00f6hung geplant","datePublished":"2017-10-05T06:49:17+00:00","mainEntityOfPage":{"@id":"https:\/\/www.immobilienbusiness.ch\/en\/unternehmen\/2017-10-05\/ubs-fonds-anfos-plant-kapitalerhoehung\/"},"wordCount":128,"commentCount":0,"publisher":{"@id":"https:\/\/www.immobilienbusiness.ch\/#organization"},"image":{"@id":"https:\/\/www.immobilienbusiness.ch\/en\/unternehmen\/2017-10-05\/ubs-fonds-anfos-plant-kapitalerhoehung\/#primaryimage"},"thumbnailUrl":"https:\/\/www.immobilienbusiness.ch\/wp-content\/uploads\/2017\/08\/IB-News-22082017-SFPI-vorlaeufige-Halbjahreszahlen_Depositphotos_64056199.jpg","keywords":["Immobilienfonds","Kapitalerh\u00f6hung","Unternehmen"],"articleSection":["UNTERNEHMEN"],"inLanguage":"de"},{"@type":"WebPage","@id":"https:\/\/www.immobilienbusiness.ch\/en\/unternehmen\/2017-10-05\/ubs-fonds-anfos-plant-kapitalerhoehung\/","url":"https:\/\/www.immobilienbusiness.ch\/en\/unternehmen\/2017-10-05\/ubs-fonds-anfos-plant-kapitalerhoehung\/","name":"UBS-Fonds \u00abAnfos\u00bb: Kapitalerh\u00f6hung geplant - IMMOBILIEN Business","isPartOf":{"@id":"https:\/\/www.immobilienbusiness.ch\/#website"},"primaryImageOfPage":{"@id":"https:\/\/www.immobilienbusiness.ch\/en\/unternehmen\/2017-10-05\/ubs-fonds-anfos-plant-kapitalerhoehung\/#primaryimage"},"image":{"@id":"https:\/\/www.immobilienbusiness.ch\/en\/unternehmen\/2017-10-05\/ubs-fonds-anfos-plant-kapitalerhoehung\/#primaryimage"},"thumbnailUrl":"https:\/\/www.immobilienbusiness.ch\/wp-content\/uploads\/2017\/08\/IB-News-22082017-SFPI-vorlaeufige-Halbjahreszahlen_Depositphotos_64056199.jpg","datePublished":"2017-10-05T06:49:17+00:00","description":"Die UBS Fund Management plant eine Kapitalerh\u00f6hung f\u00fcr den Immobilienfonds \u00abAnfos\u00bb im Volumen von bis zu 122 Millionen CHF.","breadcrumb":{"@id":"https:\/\/www.immobilienbusiness.ch\/en\/unternehmen\/2017-10-05\/ubs-fonds-anfos-plant-kapitalerhoehung\/#breadcrumb"},"inLanguage":"de","potentialAction":[{"@type":"ReadAction","target":["https:\/\/www.immobilienbusiness.ch\/en\/unternehmen\/2017-10-05\/ubs-fonds-anfos-plant-kapitalerhoehung\/"]}]},{"@type":"ImageObject","inLanguage":"de","@id":"https:\/\/www.immobilienbusiness.ch\/en\/unternehmen\/2017-10-05\/ubs-fonds-anfos-plant-kapitalerhoehung\/#primaryimage","url":"https:\/\/www.immobilienbusiness.ch\/wp-content\/uploads\/2017\/08\/IB-News-22082017-SFPI-vorlaeufige-Halbjahreszahlen_Depositphotos_64056199.jpg","contentUrl":"https:\/\/www.immobilienbusiness.ch\/wp-content\/uploads\/2017\/08\/IB-News-22082017-SFPI-vorlaeufige-Halbjahreszahlen_Depositphotos_64056199.jpg","width":680,"height":455,"caption":"Der Swiss Real Estate Fund von Patrimonium hat seine Jahreszahlen pr\u00e4sentiert (Foto: valphoto \u2013 deposit photos)"},{"@type":"BreadcrumbList","@id":"https:\/\/www.immobilienbusiness.ch\/en\/unternehmen\/2017-10-05\/ubs-fonds-anfos-plant-kapitalerhoehung\/#breadcrumb","itemListElement":[{"@type":"ListItem","position":1,"name":"Home","item":"https:\/\/www.immobilienbusiness.ch\/"},{"@type":"ListItem","position":2,"name":"UBS-Fonds \u00abAnfos\u00bb: Kapitalerh\u00f6hung geplant"}]},{"@type":"WebSite","@id":"https:\/\/www.immobilienbusiness.ch\/#website","url":"https:\/\/www.immobilienbusiness.ch\/","name":"IMMOBILIEN Business","description":"Unabh\u00e4ngiges Schweizer Wirtschaftsmagazin mit Fokus auf Immobilien, Architektur- und Bau sowie Investment- und Finanzierung.","publisher":{"@id":"https:\/\/www.immobilienbusiness.ch\/#organization"},"potentialAction":[{"@type":"SearchAction","target":{"@type":"EntryPoint","urlTemplate":"https:\/\/www.immobilienbusiness.ch\/?s={search_term_string}"},"query-input":{"@type":"PropertyValueSpecification","valueRequired":true,"valueName":"search_term_string"}}],"inLanguage":"de"},{"@type":"Organization","@id":"https:\/\/www.immobilienbusiness.ch\/#organization","name":"IMMOBILIEN Business","url":"https:\/\/www.immobilienbusiness.ch\/","logo":{"@type":"ImageObject","inLanguage":"de","@id":"https:\/\/www.immobilienbusiness.ch\/#\/schema\/logo\/image\/","url":"https:\/\/www.immobilienbusiness.ch\/wp-content\/uploads\/2021\/07\/logo_ib.png","contentUrl":"https:\/\/www.immobilienbusiness.ch\/wp-content\/uploads\/2021\/07\/logo_ib.png","width":800,"height":181,"caption":"IMMOBILIEN Business"},"image":{"@id":"https:\/\/www.immobilienbusiness.ch\/#\/schema\/logo\/image\/"},"sameAs":["https:\/\/www.facebook.com\/immobilienbusiness\/"]},{"@type":"Person","@id":"https:\/\/www.immobilienbusiness.ch\/#\/schema\/person\/3fc036297b10b9f42d6db5ee932af8c8","name":"anja.hall","image":{"@type":"ImageObject","inLanguage":"de","@id":"https:\/\/secure.gravatar.com\/avatar\/066b5a0d447013502c71a5782f4f3469f03cfe595cc2329fb94652fe47511bfb?s=96&d=mm&r=g","url":"https:\/\/secure.gravatar.com\/avatar\/066b5a0d447013502c71a5782f4f3469f03cfe595cc2329fb94652fe47511bfb?s=96&d=mm&r=g","contentUrl":"https:\/\/secure.gravatar.com\/avatar\/066b5a0d447013502c71a5782f4f3469f03cfe595cc2329fb94652fe47511bfb?s=96&d=mm&r=g","caption":"anja.hall"},"url":"https:\/\/www.immobilienbusiness.ch\/de\/author\/anja-hall\/"}]}},"_links":{"self":[{"href":"https:\/\/www.immobilienbusiness.ch\/de\/wp-json\/wp\/v2\/posts\/9438","targetHints":{"allow":["GET"]}}],"collection":[{"href":"https:\/\/www.immobilienbusiness.ch\/de\/wp-json\/wp\/v2\/posts"}],"about":[{"href":"https:\/\/www.immobilienbusiness.ch\/de\/wp-json\/wp\/v2\/types\/post"}],"author":[{"embeddable":true,"href":"https:\/\/www.immobilienbusiness.ch\/de\/wp-json\/wp\/v2\/users\/3"}],"replies":[{"embeddable":true,"href":"https:\/\/www.immobilienbusiness.ch\/de\/wp-json\/wp\/v2\/comments?post=9438"}],"version-history":[{"count":0,"href":"https:\/\/www.immobilienbusiness.ch\/de\/wp-json\/wp\/v2\/posts\/9438\/revisions"}],"wp:featuredmedia":[{"embeddable":true,"href":"https:\/\/www.immobilienbusiness.ch\/de\/wp-json\/wp\/v2\/media\/8786"}],"wp:attachment":[{"href":"https:\/\/www.immobilienbusiness.ch\/de\/wp-json\/wp\/v2\/media?parent=9438"}],"wp:term":[{"taxonomy":"category","embeddable":true,"href":"https:\/\/www.immobilienbusiness.ch\/de\/wp-json\/wp\/v2\/categories?post=9438"},{"taxonomy":"post_tag","embeddable":true,"href":"https:\/\/www.immobilienbusiness.ch\/de\/wp-json\/wp\/v2\/tags?post=9438"}],"curies":[{"name":"wp","href":"https:\/\/api.w.org\/{rel}","templated":true}]}}