{"id":9310,"date":"2017-09-25T09:33:43","date_gmt":"2017-09-25T07:33:43","guid":{"rendered":"https:\/\/www.immobilienbusiness.ch\/?p=9310"},"modified":"2017-09-25T09:33:43","modified_gmt":"2017-09-25T07:33:43","slug":"cbre-verstaerkung-fuers-genfer-team","status":"publish","type":"post","link":"https:\/\/www.immobilienbusiness.ch\/de\/unternehmen\/2017-09-25\/cbre-verstaerkung-fuers-genfer-team\/","title":{"rendered":"CBRE: Verst\u00e4rkung f\u00fcrs Team in der Romandie"},"content":{"rendered":"<figure id=\"attachment_9311\" aria-describedby=\"caption-attachment-9311\" style=\"width: 640px\" class=\"wp-caption alignnone\"><img loading=\"lazy\" decoding=\"async\" class=\"size-full wp-image-9311\" src=\"https:\/\/www.immobilienbusiness.ch\/wp-content\/uploads\/2017\/09\/IB-News-20170925-CBRE-erweitert-Vermietungsteam-Romandie.jpg\" alt=\"\" width=\"640\" height=\"428\" srcset=\"https:\/\/www.immobilienbusiness.ch\/wp-content\/uploads\/2017\/09\/IB-News-20170925-CBRE-erweitert-Vermietungsteam-Romandie.jpg 640w, https:\/\/www.immobilienbusiness.ch\/wp-content\/uploads\/2017\/09\/IB-News-20170925-CBRE-erweitert-Vermietungsteam-Romandie-300x201.jpg 300w, https:\/\/www.immobilienbusiness.ch\/wp-content\/uploads\/2017\/09\/IB-News-20170925-CBRE-erweitert-Vermietungsteam-Romandie-16x12.jpg 16w, https:\/\/www.immobilienbusiness.ch\/wp-content\/uploads\/2017\/09\/IB-News-20170925-CBRE-erweitert-Vermietungsteam-Romandie-262x175.jpg 262w, https:\/\/www.immobilienbusiness.ch\/wp-content\/uploads\/2017\/09\/IB-News-20170925-CBRE-erweitert-Vermietungsteam-Romandie-523x350.jpg 523w\" sizes=\"auto, (max-width: 640px) 100vw, 640px\" \/><figcaption id=\"caption-attachment-9311\" class=\"wp-caption-text\">(v.l.n.r.) Raphael Revol, Virginie Bonin und Rafael Garcia sind neu im Vermietungsteam des Beratungsunternehmens &#8211; im Hintergrund: der neue Standort in Lausanne (Bilder: CBRE)<\/figcaption><\/figure>\n<p>Zum Vermietungsteam beim Immobilienberatungsunternehmen CBRE in der Romandie stossen Raphael Revol, Virginie Bonin und Rafael Garcia hinzu. Schweizweit verf\u00fcgt die Unternehmung nun 14 Experten an den Standorten Z\u00fcrich, Genf und in der <a href=\"https:\/\/www.immobilienbusiness.ch\/cbre-eroeffnet-standort-lausanne\/\">im Juni 2017 er\u00f6ffneten Niederlassung Lausanne<\/a>.<\/p>\n<p>Raphael Revol wird neu als Director f\u00fcr das Vermietungsteam in Genf verantwortlich sein. Er hat in den letzten zw\u00f6lf Jahren Erfahrungen in verschiedenen Assetklassen in den Immobilienm\u00e4rkten Genf und Lausanne gewonnen und war unter anderem f\u00fcr Livit und Comptoir Immobilier in Lausanne t\u00e4tig.<\/p>\n<p>Virginie Bonin verst\u00e4rkt als Associate Director das High-Street Retail Team von CBRE in der Schweiz. Sie ist verantwortlich mit besonderem Fokus auf die Entwicklung, die Beratung von Eigent\u00fcmern und Mietern in Bezug auf Verkaufsfl\u00e4chen in den Innenst\u00e4dten von Genf und Lausanne. Virginie Bonin war zuvor unter anderem f\u00fcr SPG Intercity Genf t\u00e4tig.<\/p>\n<p>Rafael Garcia kommt als Associate Director neu in das Vermietungsteam in Lausanne. Er verf\u00fcgt \u00fcber langj\u00e4hrige Erfahrung in der Immobilienbranche und ist seit \u00fcber zehn Jahren aktiv im Immobilienmarkt in Lausanne t\u00e4tig. Zuvor arbeitete er f\u00fcr AOS Studley, Reso Partners und de Rham.<\/p>\n","protected":false},"excerpt":{"rendered":"<p>CBRE verst\u00e4rkt das Vermietungsteam in der Westschweiz mit drei neuen Mitarbeitern an den Standorten Genf und Lausanne.<\/p>\n","protected":false},"author":4,"featured_media":9311,"comment_status":"open","ping_status":"open","sticky":false,"template":"","format":"standard","meta":{"_acf_changed":false,"_yoast_wpseo_focuskw":"CBRE","_yoast_wpseo_title":"","_yoast_wpseo_metadesc":"Das Immobilienberatungsunternehmen CBRE verst\u00e4rkt das Vermietungsteam in der Westschweiz mit drei neuen Mitarbeitern an den Standorten Genf und Lausanne.","_yoast_wpseo_linkdex":69,"pgc_sgb_lightbox_settings":"","footnotes":""},"categories":[988],"tags":[1125,1260,1272,1335,1438,1563,1643],"class_list":["post-9310","post","type-post","status-publish","format-standard","has-post-thumbnail","hentry","category-unternehmen","tag-cbre","tag-genf","tag-gewerbeimmobilien","tag-immobilienberatung","tag-lausanne","tag-personalia","tag-retail"],"acf":[],"yoast_head":"<!-- This site is optimized with the Yoast SEO plugin v27.4 - https:\/\/yoast.com\/product\/yoast-seo-wordpress\/ -->\n<title>CBRE: Verst\u00e4rkung f\u00fcrs Team in der Romandie - IMMOBILIEN Business<\/title>\n<meta name=\"description\" content=\"Das Immobilienberatungsunternehmen CBRE verst\u00e4rkt das Vermietungsteam in der Westschweiz mit drei neuen Mitarbeitern an den Standorten Genf und Lausanne.\" \/>\n<meta name=\"robots\" content=\"index, follow, max-snippet:-1, max-image-preview:large, max-video-preview:-1\" \/>\n<link rel=\"canonical\" href=\"https:\/\/www.immobilienbusiness.ch\/de\/unternehmen\/2017-09-25\/cbre-verstaerkung-fuers-genfer-team\/\" \/>\n<meta property=\"og:locale\" content=\"de_DE\" \/>\n<meta property=\"og:type\" content=\"article\" \/>\n<meta property=\"og:title\" content=\"CBRE: Verst\u00e4rkung f\u00fcrs Team in der Romandie\" \/>\n<meta property=\"og:description\" content=\"Das Immobilienberatungsunternehmen CBRE verst\u00e4rkt das Vermietungsteam in der Westschweiz mit drei neuen Mitarbeitern an den Standorten Genf und Lausanne.\" \/>\n<meta property=\"og:url\" content=\"https:\/\/www.immobilienbusiness.ch\/de\/unternehmen\/2017-09-25\/cbre-verstaerkung-fuers-genfer-team\/\" \/>\n<meta property=\"og:site_name\" content=\"IMMOBILIEN Business\" \/>\n<meta property=\"article:publisher\" content=\"https:\/\/www.facebook.com\/immobilienbusiness\/\" \/>\n<meta property=\"article:published_time\" content=\"2017-09-25T07:33:43+00:00\" \/>\n<meta property=\"og:image\" content=\"https:\/\/www.immobilienbusiness.ch\/wp-content\/uploads\/2017\/09\/IB-News-20170925-CBRE-erweitert-Vermietungsteam-Romandie.jpg\" \/>\n\t<meta property=\"og:image:width\" content=\"640\" \/>\n\t<meta property=\"og:image:height\" content=\"428\" \/>\n\t<meta property=\"og:image:type\" content=\"image\/jpeg\" \/>\n<meta name=\"author\" content=\"mathias.rinka\" \/>\n<meta name=\"twitter:card\" content=\"summary_large_image\" \/>\n<meta name=\"twitter:title\" content=\"CBRE: Verst\u00e4rkung f\u00fcrs Team in der Romandie\" \/>\n<meta name=\"twitter:description\" content=\"Das Immobilienberatungsunternehmen CBRE verst\u00e4rkt das Vermietungsteam in der Westschweiz mit drei neuen Mitarbeitern an den Standorten Genf und Lausanne.\" \/>\n<script type=\"application\/ld+json\" class=\"yoast-schema-graph\">{\"@context\":\"https:\\\/\\\/schema.org\",\"@graph\":[{\"@type\":\"Article\",\"@id\":\"https:\\\/\\\/www.immobilienbusiness.ch\\\/fr\\\/unternehmen\\\/2017-09-25\\\/cbre-verstaerkung-fuers-genfer-team\\\/#article\",\"isPartOf\":{\"@id\":\"https:\\\/\\\/www.immobilienbusiness.ch\\\/fr\\\/unternehmen\\\/2017-09-25\\\/cbre-verstaerkung-fuers-genfer-team\\\/\"},\"author\":{\"name\":\"mathias.rinka\",\"@id\":\"https:\\\/\\\/www.immobilienbusiness.ch\\\/#\\\/schema\\\/person\\\/31be7383261ea656cfe52cad71fdc211\"},\"headline\":\"CBRE: Verst\u00e4rkung f\u00fcrs Team in der Romandie\",\"datePublished\":\"2017-09-25T07:33:43+00:00\",\"mainEntityOfPage\":{\"@id\":\"https:\\\/\\\/www.immobilienbusiness.ch\\\/fr\\\/unternehmen\\\/2017-09-25\\\/cbre-verstaerkung-fuers-genfer-team\\\/\"},\"wordCount\":235,\"commentCount\":0,\"publisher\":{\"@id\":\"https:\\\/\\\/www.immobilienbusiness.ch\\\/#organization\"},\"image\":{\"@id\":\"https:\\\/\\\/www.immobilienbusiness.ch\\\/fr\\\/unternehmen\\\/2017-09-25\\\/cbre-verstaerkung-fuers-genfer-team\\\/#primaryimage\"},\"thumbnailUrl\":\"https:\\\/\\\/www.immobilienbusiness.ch\\\/wp-content\\\/uploads\\\/2017\\\/09\\\/IB-News-20170925-CBRE-erweitert-Vermietungsteam-Romandie.jpg\",\"keywords\":[\"CBRE\",\"Genf\",\"Gewerbeimmobilien\",\"Immobilienberatung\",\"Lausanne\",\"Personalia\",\"Retail\"],\"articleSection\":[\"UNTERNEHMEN\"],\"inLanguage\":\"de\"},{\"@type\":\"WebPage\",\"@id\":\"https:\\\/\\\/www.immobilienbusiness.ch\\\/fr\\\/unternehmen\\\/2017-09-25\\\/cbre-verstaerkung-fuers-genfer-team\\\/\",\"url\":\"https:\\\/\\\/www.immobilienbusiness.ch\\\/fr\\\/unternehmen\\\/2017-09-25\\\/cbre-verstaerkung-fuers-genfer-team\\\/\",\"name\":\"CBRE: Verst\u00e4rkung f\u00fcrs Team in der Romandie - IMMOBILIEN Business\",\"isPartOf\":{\"@id\":\"https:\\\/\\\/www.immobilienbusiness.ch\\\/#website\"},\"primaryImageOfPage\":{\"@id\":\"https:\\\/\\\/www.immobilienbusiness.ch\\\/fr\\\/unternehmen\\\/2017-09-25\\\/cbre-verstaerkung-fuers-genfer-team\\\/#primaryimage\"},\"image\":{\"@id\":\"https:\\\/\\\/www.immobilienbusiness.ch\\\/fr\\\/unternehmen\\\/2017-09-25\\\/cbre-verstaerkung-fuers-genfer-team\\\/#primaryimage\"},\"thumbnailUrl\":\"https:\\\/\\\/www.immobilienbusiness.ch\\\/wp-content\\\/uploads\\\/2017\\\/09\\\/IB-News-20170925-CBRE-erweitert-Vermietungsteam-Romandie.jpg\",\"datePublished\":\"2017-09-25T07:33:43+00:00\",\"description\":\"Das Immobilienberatungsunternehmen CBRE verst\u00e4rkt das Vermietungsteam in der Westschweiz mit drei neuen Mitarbeitern an den Standorten Genf und Lausanne.\",\"breadcrumb\":{\"@id\":\"https:\\\/\\\/www.immobilienbusiness.ch\\\/fr\\\/unternehmen\\\/2017-09-25\\\/cbre-verstaerkung-fuers-genfer-team\\\/#breadcrumb\"},\"inLanguage\":\"de\",\"potentialAction\":[{\"@type\":\"ReadAction\",\"target\":[\"https:\\\/\\\/www.immobilienbusiness.ch\\\/fr\\\/unternehmen\\\/2017-09-25\\\/cbre-verstaerkung-fuers-genfer-team\\\/\"]}]},{\"@type\":\"ImageObject\",\"inLanguage\":\"de\",\"@id\":\"https:\\\/\\\/www.immobilienbusiness.ch\\\/fr\\\/unternehmen\\\/2017-09-25\\\/cbre-verstaerkung-fuers-genfer-team\\\/#primaryimage\",\"url\":\"https:\\\/\\\/www.immobilienbusiness.ch\\\/wp-content\\\/uploads\\\/2017\\\/09\\\/IB-News-20170925-CBRE-erweitert-Vermietungsteam-Romandie.jpg\",\"contentUrl\":\"https:\\\/\\\/www.immobilienbusiness.ch\\\/wp-content\\\/uploads\\\/2017\\\/09\\\/IB-News-20170925-CBRE-erweitert-Vermietungsteam-Romandie.jpg\",\"width\":640,\"height\":428,\"caption\":\"(v.l.n.r.) Raphael Revol, Virginie Bonin und Rafael Garcia sind neu im Vermietungsteam des Beratungsunternehmens - im Hintergrund: der neue Standort in Lausanne (Bilder: CBRE)\"},{\"@type\":\"BreadcrumbList\",\"@id\":\"https:\\\/\\\/www.immobilienbusiness.ch\\\/fr\\\/unternehmen\\\/2017-09-25\\\/cbre-verstaerkung-fuers-genfer-team\\\/#breadcrumb\",\"itemListElement\":[{\"@type\":\"ListItem\",\"position\":1,\"name\":\"Home\",\"item\":\"https:\\\/\\\/www.immobilienbusiness.ch\\\/\"},{\"@type\":\"ListItem\",\"position\":2,\"name\":\"CBRE: Verst\u00e4rkung f\u00fcrs Team in der Romandie\"}]},{\"@type\":\"WebSite\",\"@id\":\"https:\\\/\\\/www.immobilienbusiness.ch\\\/#website\",\"url\":\"https:\\\/\\\/www.immobilienbusiness.ch\\\/\",\"name\":\"IMMOBILIEN Business\",\"description\":\"Unabh\u00e4ngiges Schweizer Wirtschaftsmagazin mit Fokus auf Immobilien, Architektur- und Bau sowie Investment- und Finanzierung.\",\"publisher\":{\"@id\":\"https:\\\/\\\/www.immobilienbusiness.ch\\\/#organization\"},\"potentialAction\":[{\"@type\":\"SearchAction\",\"target\":{\"@type\":\"EntryPoint\",\"urlTemplate\":\"https:\\\/\\\/www.immobilienbusiness.ch\\\/?s={search_term_string}\"},\"query-input\":{\"@type\":\"PropertyValueSpecification\",\"valueRequired\":true,\"valueName\":\"search_term_string\"}}],\"inLanguage\":\"de\"},{\"@type\":\"Organization\",\"@id\":\"https:\\\/\\\/www.immobilienbusiness.ch\\\/#organization\",\"name\":\"IMMOBILIEN Business\",\"url\":\"https:\\\/\\\/www.immobilienbusiness.ch\\\/\",\"logo\":{\"@type\":\"ImageObject\",\"inLanguage\":\"de\",\"@id\":\"https:\\\/\\\/www.immobilienbusiness.ch\\\/#\\\/schema\\\/logo\\\/image\\\/\",\"url\":\"https:\\\/\\\/www.immobilienbusiness.ch\\\/wp-content\\\/uploads\\\/2021\\\/07\\\/logo_ib.png\",\"contentUrl\":\"https:\\\/\\\/www.immobilienbusiness.ch\\\/wp-content\\\/uploads\\\/2021\\\/07\\\/logo_ib.png\",\"width\":800,\"height\":181,\"caption\":\"IMMOBILIEN Business\"},\"image\":{\"@id\":\"https:\\\/\\\/www.immobilienbusiness.ch\\\/#\\\/schema\\\/logo\\\/image\\\/\"},\"sameAs\":[\"https:\\\/\\\/www.facebook.com\\\/immobilienbusiness\\\/\"]},{\"@type\":\"Person\",\"@id\":\"https:\\\/\\\/www.immobilienbusiness.ch\\\/#\\\/schema\\\/person\\\/31be7383261ea656cfe52cad71fdc211\",\"name\":\"mathias.rinka\",\"image\":{\"@type\":\"ImageObject\",\"inLanguage\":\"de\",\"@id\":\"https:\\\/\\\/secure.gravatar.com\\\/avatar\\\/?s=96&d=mm&r=g\",\"url\":\"https:\\\/\\\/secure.gravatar.com\\\/avatar\\\/?s=96&d=mm&r=g\",\"contentUrl\":\"https:\\\/\\\/secure.gravatar.com\\\/avatar\\\/?s=96&d=mm&r=g\",\"caption\":\"mathias.rinka\"},\"url\":\"https:\\\/\\\/www.immobilienbusiness.ch\\\/de\\\/author\\\/mathias-rinka\\\/\"}]}<\/script>\n<!-- \/ Yoast SEO plugin. -->","yoast_head_json":{"title":"CBRE: Verst\u00e4rkung f\u00fcrs Team in der Romandie - IMMOBILIEN Business","description":"Das Immobilienberatungsunternehmen CBRE verst\u00e4rkt das Vermietungsteam in der Westschweiz mit drei neuen Mitarbeitern an den Standorten Genf und Lausanne.","robots":{"index":"index","follow":"follow","max-snippet":"max-snippet:-1","max-image-preview":"max-image-preview:large","max-video-preview":"max-video-preview:-1"},"canonical":"https:\/\/www.immobilienbusiness.ch\/de\/unternehmen\/2017-09-25\/cbre-verstaerkung-fuers-genfer-team\/","og_locale":"de_DE","og_type":"article","og_title":"CBRE: Verst\u00e4rkung f\u00fcrs Team in der Romandie","og_description":"Das Immobilienberatungsunternehmen CBRE verst\u00e4rkt das Vermietungsteam in der Westschweiz mit drei neuen Mitarbeitern an den Standorten Genf und Lausanne.","og_url":"https:\/\/www.immobilienbusiness.ch\/de\/unternehmen\/2017-09-25\/cbre-verstaerkung-fuers-genfer-team\/","og_site_name":"IMMOBILIEN Business","article_publisher":"https:\/\/www.facebook.com\/immobilienbusiness\/","article_published_time":"2017-09-25T07:33:43+00:00","og_image":[{"width":640,"height":428,"url":"https:\/\/www.immobilienbusiness.ch\/wp-content\/uploads\/2017\/09\/IB-News-20170925-CBRE-erweitert-Vermietungsteam-Romandie.jpg","type":"image\/jpeg"}],"author":"mathias.rinka","twitter_card":"summary_large_image","twitter_title":"CBRE: Verst\u00e4rkung f\u00fcrs Team in der Romandie","twitter_description":"Das Immobilienberatungsunternehmen CBRE verst\u00e4rkt das Vermietungsteam in der Westschweiz mit drei neuen Mitarbeitern an den Standorten Genf und Lausanne.","schema":{"@context":"https:\/\/schema.org","@graph":[{"@type":"Article","@id":"https:\/\/www.immobilienbusiness.ch\/fr\/unternehmen\/2017-09-25\/cbre-verstaerkung-fuers-genfer-team\/#article","isPartOf":{"@id":"https:\/\/www.immobilienbusiness.ch\/fr\/unternehmen\/2017-09-25\/cbre-verstaerkung-fuers-genfer-team\/"},"author":{"name":"mathias.rinka","@id":"https:\/\/www.immobilienbusiness.ch\/#\/schema\/person\/31be7383261ea656cfe52cad71fdc211"},"headline":"CBRE: Verst\u00e4rkung f\u00fcrs Team in der Romandie","datePublished":"2017-09-25T07:33:43+00:00","mainEntityOfPage":{"@id":"https:\/\/www.immobilienbusiness.ch\/fr\/unternehmen\/2017-09-25\/cbre-verstaerkung-fuers-genfer-team\/"},"wordCount":235,"commentCount":0,"publisher":{"@id":"https:\/\/www.immobilienbusiness.ch\/#organization"},"image":{"@id":"https:\/\/www.immobilienbusiness.ch\/fr\/unternehmen\/2017-09-25\/cbre-verstaerkung-fuers-genfer-team\/#primaryimage"},"thumbnailUrl":"https:\/\/www.immobilienbusiness.ch\/wp-content\/uploads\/2017\/09\/IB-News-20170925-CBRE-erweitert-Vermietungsteam-Romandie.jpg","keywords":["CBRE","Genf","Gewerbeimmobilien","Immobilienberatung","Lausanne","Personalia","Retail"],"articleSection":["UNTERNEHMEN"],"inLanguage":"de"},{"@type":"WebPage","@id":"https:\/\/www.immobilienbusiness.ch\/fr\/unternehmen\/2017-09-25\/cbre-verstaerkung-fuers-genfer-team\/","url":"https:\/\/www.immobilienbusiness.ch\/fr\/unternehmen\/2017-09-25\/cbre-verstaerkung-fuers-genfer-team\/","name":"CBRE: Verst\u00e4rkung f\u00fcrs Team in der Romandie - IMMOBILIEN Business","isPartOf":{"@id":"https:\/\/www.immobilienbusiness.ch\/#website"},"primaryImageOfPage":{"@id":"https:\/\/www.immobilienbusiness.ch\/fr\/unternehmen\/2017-09-25\/cbre-verstaerkung-fuers-genfer-team\/#primaryimage"},"image":{"@id":"https:\/\/www.immobilienbusiness.ch\/fr\/unternehmen\/2017-09-25\/cbre-verstaerkung-fuers-genfer-team\/#primaryimage"},"thumbnailUrl":"https:\/\/www.immobilienbusiness.ch\/wp-content\/uploads\/2017\/09\/IB-News-20170925-CBRE-erweitert-Vermietungsteam-Romandie.jpg","datePublished":"2017-09-25T07:33:43+00:00","description":"Das Immobilienberatungsunternehmen CBRE verst\u00e4rkt das Vermietungsteam in der Westschweiz mit drei neuen Mitarbeitern an den Standorten Genf und Lausanne.","breadcrumb":{"@id":"https:\/\/www.immobilienbusiness.ch\/fr\/unternehmen\/2017-09-25\/cbre-verstaerkung-fuers-genfer-team\/#breadcrumb"},"inLanguage":"de","potentialAction":[{"@type":"ReadAction","target":["https:\/\/www.immobilienbusiness.ch\/fr\/unternehmen\/2017-09-25\/cbre-verstaerkung-fuers-genfer-team\/"]}]},{"@type":"ImageObject","inLanguage":"de","@id":"https:\/\/www.immobilienbusiness.ch\/fr\/unternehmen\/2017-09-25\/cbre-verstaerkung-fuers-genfer-team\/#primaryimage","url":"https:\/\/www.immobilienbusiness.ch\/wp-content\/uploads\/2017\/09\/IB-News-20170925-CBRE-erweitert-Vermietungsteam-Romandie.jpg","contentUrl":"https:\/\/www.immobilienbusiness.ch\/wp-content\/uploads\/2017\/09\/IB-News-20170925-CBRE-erweitert-Vermietungsteam-Romandie.jpg","width":640,"height":428,"caption":"(v.l.n.r.) Raphael Revol, Virginie Bonin und Rafael Garcia sind neu im Vermietungsteam des Beratungsunternehmens - im Hintergrund: der neue Standort in Lausanne (Bilder: CBRE)"},{"@type":"BreadcrumbList","@id":"https:\/\/www.immobilienbusiness.ch\/fr\/unternehmen\/2017-09-25\/cbre-verstaerkung-fuers-genfer-team\/#breadcrumb","itemListElement":[{"@type":"ListItem","position":1,"name":"Home","item":"https:\/\/www.immobilienbusiness.ch\/"},{"@type":"ListItem","position":2,"name":"CBRE: Verst\u00e4rkung f\u00fcrs Team in der Romandie"}]},{"@type":"WebSite","@id":"https:\/\/www.immobilienbusiness.ch\/#website","url":"https:\/\/www.immobilienbusiness.ch\/","name":"IMMOBILIEN Business","description":"Unabh\u00e4ngiges Schweizer Wirtschaftsmagazin mit Fokus auf Immobilien, Architektur- und Bau sowie Investment- und Finanzierung.","publisher":{"@id":"https:\/\/www.immobilienbusiness.ch\/#organization"},"potentialAction":[{"@type":"SearchAction","target":{"@type":"EntryPoint","urlTemplate":"https:\/\/www.immobilienbusiness.ch\/?s={search_term_string}"},"query-input":{"@type":"PropertyValueSpecification","valueRequired":true,"valueName":"search_term_string"}}],"inLanguage":"de"},{"@type":"Organization","@id":"https:\/\/www.immobilienbusiness.ch\/#organization","name":"IMMOBILIEN Business","url":"https:\/\/www.immobilienbusiness.ch\/","logo":{"@type":"ImageObject","inLanguage":"de","@id":"https:\/\/www.immobilienbusiness.ch\/#\/schema\/logo\/image\/","url":"https:\/\/www.immobilienbusiness.ch\/wp-content\/uploads\/2021\/07\/logo_ib.png","contentUrl":"https:\/\/www.immobilienbusiness.ch\/wp-content\/uploads\/2021\/07\/logo_ib.png","width":800,"height":181,"caption":"IMMOBILIEN Business"},"image":{"@id":"https:\/\/www.immobilienbusiness.ch\/#\/schema\/logo\/image\/"},"sameAs":["https:\/\/www.facebook.com\/immobilienbusiness\/"]},{"@type":"Person","@id":"https:\/\/www.immobilienbusiness.ch\/#\/schema\/person\/31be7383261ea656cfe52cad71fdc211","name":"mathias.rinka","image":{"@type":"ImageObject","inLanguage":"de","@id":"https:\/\/secure.gravatar.com\/avatar\/?s=96&d=mm&r=g","url":"https:\/\/secure.gravatar.com\/avatar\/?s=96&d=mm&r=g","contentUrl":"https:\/\/secure.gravatar.com\/avatar\/?s=96&d=mm&r=g","caption":"mathias.rinka"},"url":"https:\/\/www.immobilienbusiness.ch\/de\/author\/mathias-rinka\/"}]}},"_links":{"self":[{"href":"https:\/\/www.immobilienbusiness.ch\/de\/wp-json\/wp\/v2\/posts\/9310","targetHints":{"allow":["GET"]}}],"collection":[{"href":"https:\/\/www.immobilienbusiness.ch\/de\/wp-json\/wp\/v2\/posts"}],"about":[{"href":"https:\/\/www.immobilienbusiness.ch\/de\/wp-json\/wp\/v2\/types\/post"}],"author":[{"embeddable":true,"href":"https:\/\/www.immobilienbusiness.ch\/de\/wp-json\/wp\/v2\/users\/4"}],"replies":[{"embeddable":true,"href":"https:\/\/www.immobilienbusiness.ch\/de\/wp-json\/wp\/v2\/comments?post=9310"}],"version-history":[{"count":0,"href":"https:\/\/www.immobilienbusiness.ch\/de\/wp-json\/wp\/v2\/posts\/9310\/revisions"}],"wp:featuredmedia":[{"embeddable":true,"href":"https:\/\/www.immobilienbusiness.ch\/de\/wp-json\/wp\/v2\/media\/9311"}],"wp:attachment":[{"href":"https:\/\/www.immobilienbusiness.ch\/de\/wp-json\/wp\/v2\/media?parent=9310"}],"wp:term":[{"taxonomy":"category","embeddable":true,"href":"https:\/\/www.immobilienbusiness.ch\/de\/wp-json\/wp\/v2\/categories?post=9310"},{"taxonomy":"post_tag","embeddable":true,"href":"https:\/\/www.immobilienbusiness.ch\/de\/wp-json\/wp\/v2\/tags?post=9310"}],"curies":[{"name":"wp","href":"https:\/\/api.w.org\/{rel}","templated":true}]}}