{"id":931,"date":"2015-10-01T09:18:14","date_gmt":"2015-10-01T07:18:14","guid":{"rendered":"http:\/\/dev.immobilienbusiness.ch\/?p=931"},"modified":"2015-10-01T09:18:14","modified_gmt":"2015-10-01T07:18:14","slug":"200-neue-wohnungen-fuer-basler-breite-quartier","status":"publish","type":"post","link":"https:\/\/www.immobilienbusiness.ch\/de\/residential\/2015-10-01\/200-neue-wohnungen-fuer-basler-breite-quartier\/","title":{"rendered":"200 neue Wohnungen f\u00fcr Basler Breite-Quartier"},"content":{"rendered":"<figure id=\"attachment_4882\" aria-describedby=\"caption-attachment-4882\" style=\"width: 680px\" class=\"wp-caption alignnone\"><img loading=\"lazy\" decoding=\"async\" class=\"wp-image-4882 size-medium\" src=\"https:\/\/immobilienbusiness.ch\/wp-content\/uploads\/2015\/10\/200-neue-Wohnungen-f\u00fcr-Basler-Breite-Quartier-immobilien-business.jpg\" width=\"680\" height=\"453\" \/><figcaption id=\"caption-attachment-4882\" class=\"wp-caption-text\">Albanteich-Promenade (Visualisierung: Albanteich-Promenade\/H\u00e4usel Kommunikation)<\/figcaption><\/figure>\n<p>Der Regierungsrat des Kantons Basel Stadt hat die nutzungsplanerischen Massnahmen nun zuhanden des Grossen Rats verabschiedet.<\/p>\n<p>Das Konzept von Morger + Dettli Architekten erm\u00f6gliche eine Verdichtung, die auf dem Bestand aufbaue, im Einklang mit dem historisch wertvollen Ensemble sei und den bestehenden Gr\u00fcnraum weitgehend erhalte, heisst es in einer Medienmitteilung des Regiuerungsrats. Die vier bestehenden Hochh\u00e4user bleiben unver\u00e4ndert, werden jedoch um je einen Anbau erweitert. Die sechs zweigeschossigen Flachbauten entlang der Gellertstrasse k\u00f6nnen gem\u00e4ss Bebauungsplan durch dreigeschossige, im Grundriss leicht gr\u00f6ssere Geb\u00e4ude an gleicher Position ersetzt werden.<\/p>\n<p>Die bestehende, von Suter + Suter Architekten entworfene Siedlung im \u00f6stlichen Breite-Quartier gilt als wichtiges Architekturzeugnis der 1960er Jahre. Die vier Scheibenhochh\u00e4user und sechs Mehrfamilienh\u00e4user liegen inmitten einer parkartigen Umgebung. Die Bebauung wurde 1960 auf dem Areal der Bandfabrik De Bary realisiert. Sie umfasst heute insgesamt rund 570 Wohnungen, Gesch\u00e4fte und einen Kindergarten.<\/p>\n<p>Gegen die Erweiterung liegen f\u00fcnf Einsprachen vor; der Regierungsrat betragt dem Grossen Rat, diese abzuweisen. (ah)<\/p>\n","protected":false},"excerpt":{"rendered":"<p>Der Regierungsrat von Basel Stadt hat gr\u00fcnes Licht f\u00fcr das Projekt \u00abAlbanteich-Promenade\u00bb gegeben. Die drei Eigent\u00fcmer des Areals im Basler Quartier Breite \u2013 die Allianz Suisse Lebensversicherungsgesellschaft AG, die Assetimmo Immobilien-Anlagestiftung und die De Bary &#038; Co AG \u2013 wollen die bestehende Bebauung um rund 200 Wohnungen erweitern.<\/p>\n","protected":false},"author":1,"featured_media":4882,"comment_status":"open","ping_status":"open","sticky":false,"template":"","format":"standard","meta":{"_acf_changed":false,"_yoast_wpseo_focuskw":"Basler Breite-Quartier","_yoast_wpseo_title":"Basler Breite-Quartier: 200 Neue Wohnungen geplant","_yoast_wpseo_metadesc":"Der Regierungsrat von Basel Stadt verabschiedet Pl\u00e4ne f\u00fcr 200 neue Wohnungen im Breite-Quartier, mit Erhalt des historischen Ensembles und Gr\u00fcnraum.","_yoast_wpseo_linkdex":61,"pgc_sgb_lightbox_settings":"","footnotes":""},"categories":[986],"tags":[1069,1601,1639,1862],"class_list":["post-931","post","type-post","status-publish","format-standard","has-post-thumbnail","hentry","category-residential","tag-basel","tag-projektentwicklung","tag-residential","tag-wohnen"],"acf":[],"yoast_head":"<!-- This site is optimized with the Yoast SEO plugin v27.4 - https:\/\/yoast.com\/product\/yoast-seo-wordpress\/ -->\n<title>Basler Breite-Quartier: 200 Neue Wohnungen geplant<\/title>\n<meta name=\"description\" content=\"Der Regierungsrat von Basel Stadt verabschiedet Pl\u00e4ne f\u00fcr 200 neue Wohnungen im Breite-Quartier, mit Erhalt des historischen Ensembles und Gr\u00fcnraum.\" \/>\n<meta name=\"robots\" content=\"index, follow, max-snippet:-1, max-image-preview:large, max-video-preview:-1\" \/>\n<link rel=\"canonical\" href=\"https:\/\/www.immobilienbusiness.ch\/de\/residential\/2015-10-01\/200-neue-wohnungen-fuer-basler-breite-quartier\/\" \/>\n<meta property=\"og:locale\" content=\"de_DE\" \/>\n<meta property=\"og:type\" content=\"article\" \/>\n<meta property=\"og:title\" content=\"200 neue Wohnungen f\u00fcr Basler Breite-Quartier\" \/>\n<meta property=\"og:description\" content=\"Der Regierungsrat von Basel Stadt hat gr\u00fcnes Licht f\u00fcr das Projekt \u00abAlbanteich-Promenade\u00bb gegeben. Die drei Eigent\u00fcmer des Areals im Basler Quartier Breite \u2013 die Allianz Suisse Lebensversicherungsgesellschaft AG, die Assetimmo Immobilien-Anlagestiftung und die De Bary &amp; Co AG \u2013 wollen die bestehende Bebauung um rund 200 Wohnungen erweitern.\" \/>\n<meta property=\"og:url\" content=\"https:\/\/www.immobilienbusiness.ch\/de\/residential\/2015-10-01\/200-neue-wohnungen-fuer-basler-breite-quartier\/\" \/>\n<meta property=\"og:site_name\" content=\"IMMOBILIEN Business\" \/>\n<meta property=\"article:publisher\" content=\"https:\/\/www.facebook.com\/immobilienbusiness\/\" \/>\n<meta property=\"article:published_time\" content=\"2015-10-01T07:18:14+00:00\" \/>\n<meta name=\"author\" content=\"Redaktion\" \/>\n<meta name=\"twitter:card\" content=\"summary_large_image\" \/>\n<meta name=\"twitter:image\" content=\"https:\/\/www.immobilienbusiness.ch\/wp-content\/uploads\/2015\/10\/200-neue-Wohnungen-fuer-Basler-Breite-Quartier-immobilien-business.jpg\" \/>\n<script type=\"application\/ld+json\" class=\"yoast-schema-graph\">{\"@context\":\"https:\\\/\\\/schema.org\",\"@graph\":[{\"@type\":\"Article\",\"@id\":\"https:\\\/\\\/www.immobilienbusiness.ch\\\/residential\\\/2015-10-01\\\/200-neue-wohnungen-fuer-basler-breite-quartier\\\/#article\",\"isPartOf\":{\"@id\":\"https:\\\/\\\/www.immobilienbusiness.ch\\\/residential\\\/2015-10-01\\\/200-neue-wohnungen-fuer-basler-breite-quartier\\\/\"},\"author\":{\"name\":\"Redaktion\",\"@id\":\"https:\\\/\\\/www.immobilienbusiness.ch\\\/#\\\/schema\\\/person\\\/aa2bace6c5c5aad60102004a50c4eb1c\"},\"headline\":\"200 neue Wohnungen f\u00fcr Basler Breite-Quartier\",\"datePublished\":\"2015-10-01T07:18:14+00:00\",\"mainEntityOfPage\":{\"@id\":\"https:\\\/\\\/www.immobilienbusiness.ch\\\/residential\\\/2015-10-01\\\/200-neue-wohnungen-fuer-basler-breite-quartier\\\/\"},\"wordCount\":183,\"commentCount\":0,\"publisher\":{\"@id\":\"https:\\\/\\\/www.immobilienbusiness.ch\\\/#organization\"},\"image\":{\"@id\":\"https:\\\/\\\/www.immobilienbusiness.ch\\\/residential\\\/2015-10-01\\\/200-neue-wohnungen-fuer-basler-breite-quartier\\\/#primaryimage\"},\"thumbnailUrl\":\"https:\\\/\\\/www.immobilienbusiness.ch\\\/wp-content\\\/uploads\\\/2015\\\/10\\\/200-neue-Wohnungen-fuer-Basler-Breite-Quartier-immobilien-business.jpg\",\"keywords\":[\"Basel\",\"Projektentwicklung\",\"Residential\",\"Wohnen\"],\"articleSection\":[\"RESIDENTIAL\"],\"inLanguage\":\"de\"},{\"@type\":\"WebPage\",\"@id\":\"https:\\\/\\\/www.immobilienbusiness.ch\\\/residential\\\/2015-10-01\\\/200-neue-wohnungen-fuer-basler-breite-quartier\\\/\",\"url\":\"https:\\\/\\\/www.immobilienbusiness.ch\\\/residential\\\/2015-10-01\\\/200-neue-wohnungen-fuer-basler-breite-quartier\\\/\",\"name\":\"Basler Breite-Quartier: 200 Neue Wohnungen geplant\",\"isPartOf\":{\"@id\":\"https:\\\/\\\/www.immobilienbusiness.ch\\\/#website\"},\"primaryImageOfPage\":{\"@id\":\"https:\\\/\\\/www.immobilienbusiness.ch\\\/residential\\\/2015-10-01\\\/200-neue-wohnungen-fuer-basler-breite-quartier\\\/#primaryimage\"},\"image\":{\"@id\":\"https:\\\/\\\/www.immobilienbusiness.ch\\\/residential\\\/2015-10-01\\\/200-neue-wohnungen-fuer-basler-breite-quartier\\\/#primaryimage\"},\"thumbnailUrl\":\"https:\\\/\\\/www.immobilienbusiness.ch\\\/wp-content\\\/uploads\\\/2015\\\/10\\\/200-neue-Wohnungen-fuer-Basler-Breite-Quartier-immobilien-business.jpg\",\"datePublished\":\"2015-10-01T07:18:14+00:00\",\"description\":\"Der Regierungsrat von Basel Stadt verabschiedet Pl\u00e4ne f\u00fcr 200 neue Wohnungen im Breite-Quartier, mit Erhalt des historischen Ensembles und Gr\u00fcnraum.\",\"breadcrumb\":{\"@id\":\"https:\\\/\\\/www.immobilienbusiness.ch\\\/residential\\\/2015-10-01\\\/200-neue-wohnungen-fuer-basler-breite-quartier\\\/#breadcrumb\"},\"inLanguage\":\"de\",\"potentialAction\":[{\"@type\":\"ReadAction\",\"target\":[\"https:\\\/\\\/www.immobilienbusiness.ch\\\/residential\\\/2015-10-01\\\/200-neue-wohnungen-fuer-basler-breite-quartier\\\/\"]}]},{\"@type\":\"ImageObject\",\"inLanguage\":\"de\",\"@id\":\"https:\\\/\\\/www.immobilienbusiness.ch\\\/residential\\\/2015-10-01\\\/200-neue-wohnungen-fuer-basler-breite-quartier\\\/#primaryimage\",\"url\":\"https:\\\/\\\/www.immobilienbusiness.ch\\\/wp-content\\\/uploads\\\/2015\\\/10\\\/200-neue-Wohnungen-fuer-Basler-Breite-Quartier-immobilien-business.jpg\",\"contentUrl\":\"https:\\\/\\\/www.immobilienbusiness.ch\\\/wp-content\\\/uploads\\\/2015\\\/10\\\/200-neue-Wohnungen-fuer-Basler-Breite-Quartier-immobilien-business.jpg\",\"width\":2560,\"height\":1707,\"caption\":\"Albanteich-Promenade (Visualisierung: Albanteich-Promenade\\\/H\u00e4usel Kommunikation)\"},{\"@type\":\"BreadcrumbList\",\"@id\":\"https:\\\/\\\/www.immobilienbusiness.ch\\\/residential\\\/2015-10-01\\\/200-neue-wohnungen-fuer-basler-breite-quartier\\\/#breadcrumb\",\"itemListElement\":[{\"@type\":\"ListItem\",\"position\":1,\"name\":\"Home\",\"item\":\"https:\\\/\\\/www.immobilienbusiness.ch\\\/\"},{\"@type\":\"ListItem\",\"position\":2,\"name\":\"200 neue Wohnungen f\u00fcr Basler Breite-Quartier\"}]},{\"@type\":\"WebSite\",\"@id\":\"https:\\\/\\\/www.immobilienbusiness.ch\\\/#website\",\"url\":\"https:\\\/\\\/www.immobilienbusiness.ch\\\/\",\"name\":\"IMMOBILIEN Business\",\"description\":\"Unabh\u00e4ngiges Schweizer Wirtschaftsmagazin mit Fokus auf Immobilien, Architektur- und Bau sowie Investment- und Finanzierung.\",\"publisher\":{\"@id\":\"https:\\\/\\\/www.immobilienbusiness.ch\\\/#organization\"},\"potentialAction\":[{\"@type\":\"SearchAction\",\"target\":{\"@type\":\"EntryPoint\",\"urlTemplate\":\"https:\\\/\\\/www.immobilienbusiness.ch\\\/?s={search_term_string}\"},\"query-input\":{\"@type\":\"PropertyValueSpecification\",\"valueRequired\":true,\"valueName\":\"search_term_string\"}}],\"inLanguage\":\"de\"},{\"@type\":\"Organization\",\"@id\":\"https:\\\/\\\/www.immobilienbusiness.ch\\\/#organization\",\"name\":\"IMMOBILIEN Business\",\"url\":\"https:\\\/\\\/www.immobilienbusiness.ch\\\/\",\"logo\":{\"@type\":\"ImageObject\",\"inLanguage\":\"de\",\"@id\":\"https:\\\/\\\/www.immobilienbusiness.ch\\\/#\\\/schema\\\/logo\\\/image\\\/\",\"url\":\"https:\\\/\\\/www.immobilienbusiness.ch\\\/wp-content\\\/uploads\\\/2021\\\/07\\\/logo_ib.png\",\"contentUrl\":\"https:\\\/\\\/www.immobilienbusiness.ch\\\/wp-content\\\/uploads\\\/2021\\\/07\\\/logo_ib.png\",\"width\":800,\"height\":181,\"caption\":\"IMMOBILIEN Business\"},\"image\":{\"@id\":\"https:\\\/\\\/www.immobilienbusiness.ch\\\/#\\\/schema\\\/logo\\\/image\\\/\"},\"sameAs\":[\"https:\\\/\\\/www.facebook.com\\\/immobilienbusiness\\\/\"]},{\"@type\":\"Person\",\"@id\":\"https:\\\/\\\/www.immobilienbusiness.ch\\\/#\\\/schema\\\/person\\\/aa2bace6c5c5aad60102004a50c4eb1c\",\"name\":\"Redaktion\",\"image\":{\"@type\":\"ImageObject\",\"inLanguage\":\"de\",\"@id\":\"https:\\\/\\\/secure.gravatar.com\\\/avatar\\\/ae2f4d718e6c49043e314ce431e7e645d646302a24a5ef5a8bc8e3f5a032e319?s=96&d=mm&r=g\",\"url\":\"https:\\\/\\\/secure.gravatar.com\\\/avatar\\\/ae2f4d718e6c49043e314ce431e7e645d646302a24a5ef5a8bc8e3f5a032e319?s=96&d=mm&r=g\",\"contentUrl\":\"https:\\\/\\\/secure.gravatar.com\\\/avatar\\\/ae2f4d718e6c49043e314ce431e7e645d646302a24a5ef5a8bc8e3f5a032e319?s=96&d=mm&r=g\",\"caption\":\"Redaktion\"},\"sameAs\":[\"http:\\\/\\\/develop.organisator.galledia.ch\"],\"url\":\"https:\\\/\\\/www.immobilienbusiness.ch\\\/de\\\/author\\\/admin\\\/\"}]}<\/script>\n<!-- \/ Yoast SEO plugin. -->","yoast_head_json":{"title":"Basler Breite-Quartier: 200 Neue Wohnungen geplant","description":"Der Regierungsrat von Basel Stadt verabschiedet Pl\u00e4ne f\u00fcr 200 neue Wohnungen im Breite-Quartier, mit Erhalt des historischen Ensembles und Gr\u00fcnraum.","robots":{"index":"index","follow":"follow","max-snippet":"max-snippet:-1","max-image-preview":"max-image-preview:large","max-video-preview":"max-video-preview:-1"},"canonical":"https:\/\/www.immobilienbusiness.ch\/de\/residential\/2015-10-01\/200-neue-wohnungen-fuer-basler-breite-quartier\/","og_locale":"de_DE","og_type":"article","og_title":"200 neue Wohnungen f\u00fcr Basler Breite-Quartier","og_description":"Der Regierungsrat von Basel Stadt hat gr\u00fcnes Licht f\u00fcr das Projekt \u00abAlbanteich-Promenade\u00bb gegeben. Die drei Eigent\u00fcmer des Areals im Basler Quartier Breite \u2013 die Allianz Suisse Lebensversicherungsgesellschaft AG, die Assetimmo Immobilien-Anlagestiftung und die De Bary & Co AG \u2013 wollen die bestehende Bebauung um rund 200 Wohnungen erweitern.","og_url":"https:\/\/www.immobilienbusiness.ch\/de\/residential\/2015-10-01\/200-neue-wohnungen-fuer-basler-breite-quartier\/","og_site_name":"IMMOBILIEN Business","article_publisher":"https:\/\/www.facebook.com\/immobilienbusiness\/","article_published_time":"2015-10-01T07:18:14+00:00","author":"Redaktion","twitter_card":"summary_large_image","twitter_image":"https:\/\/www.immobilienbusiness.ch\/wp-content\/uploads\/2015\/10\/200-neue-Wohnungen-fuer-Basler-Breite-Quartier-immobilien-business.jpg","schema":{"@context":"https:\/\/schema.org","@graph":[{"@type":"Article","@id":"https:\/\/www.immobilienbusiness.ch\/residential\/2015-10-01\/200-neue-wohnungen-fuer-basler-breite-quartier\/#article","isPartOf":{"@id":"https:\/\/www.immobilienbusiness.ch\/residential\/2015-10-01\/200-neue-wohnungen-fuer-basler-breite-quartier\/"},"author":{"name":"Redaktion","@id":"https:\/\/www.immobilienbusiness.ch\/#\/schema\/person\/aa2bace6c5c5aad60102004a50c4eb1c"},"headline":"200 neue Wohnungen f\u00fcr Basler Breite-Quartier","datePublished":"2015-10-01T07:18:14+00:00","mainEntityOfPage":{"@id":"https:\/\/www.immobilienbusiness.ch\/residential\/2015-10-01\/200-neue-wohnungen-fuer-basler-breite-quartier\/"},"wordCount":183,"commentCount":0,"publisher":{"@id":"https:\/\/www.immobilienbusiness.ch\/#organization"},"image":{"@id":"https:\/\/www.immobilienbusiness.ch\/residential\/2015-10-01\/200-neue-wohnungen-fuer-basler-breite-quartier\/#primaryimage"},"thumbnailUrl":"https:\/\/www.immobilienbusiness.ch\/wp-content\/uploads\/2015\/10\/200-neue-Wohnungen-fuer-Basler-Breite-Quartier-immobilien-business.jpg","keywords":["Basel","Projektentwicklung","Residential","Wohnen"],"articleSection":["RESIDENTIAL"],"inLanguage":"de"},{"@type":"WebPage","@id":"https:\/\/www.immobilienbusiness.ch\/residential\/2015-10-01\/200-neue-wohnungen-fuer-basler-breite-quartier\/","url":"https:\/\/www.immobilienbusiness.ch\/residential\/2015-10-01\/200-neue-wohnungen-fuer-basler-breite-quartier\/","name":"Basler Breite-Quartier: 200 Neue Wohnungen geplant","isPartOf":{"@id":"https:\/\/www.immobilienbusiness.ch\/#website"},"primaryImageOfPage":{"@id":"https:\/\/www.immobilienbusiness.ch\/residential\/2015-10-01\/200-neue-wohnungen-fuer-basler-breite-quartier\/#primaryimage"},"image":{"@id":"https:\/\/www.immobilienbusiness.ch\/residential\/2015-10-01\/200-neue-wohnungen-fuer-basler-breite-quartier\/#primaryimage"},"thumbnailUrl":"https:\/\/www.immobilienbusiness.ch\/wp-content\/uploads\/2015\/10\/200-neue-Wohnungen-fuer-Basler-Breite-Quartier-immobilien-business.jpg","datePublished":"2015-10-01T07:18:14+00:00","description":"Der Regierungsrat von Basel Stadt verabschiedet Pl\u00e4ne f\u00fcr 200 neue Wohnungen im Breite-Quartier, mit Erhalt des historischen Ensembles und Gr\u00fcnraum.","breadcrumb":{"@id":"https:\/\/www.immobilienbusiness.ch\/residential\/2015-10-01\/200-neue-wohnungen-fuer-basler-breite-quartier\/#breadcrumb"},"inLanguage":"de","potentialAction":[{"@type":"ReadAction","target":["https:\/\/www.immobilienbusiness.ch\/residential\/2015-10-01\/200-neue-wohnungen-fuer-basler-breite-quartier\/"]}]},{"@type":"ImageObject","inLanguage":"de","@id":"https:\/\/www.immobilienbusiness.ch\/residential\/2015-10-01\/200-neue-wohnungen-fuer-basler-breite-quartier\/#primaryimage","url":"https:\/\/www.immobilienbusiness.ch\/wp-content\/uploads\/2015\/10\/200-neue-Wohnungen-fuer-Basler-Breite-Quartier-immobilien-business.jpg","contentUrl":"https:\/\/www.immobilienbusiness.ch\/wp-content\/uploads\/2015\/10\/200-neue-Wohnungen-fuer-Basler-Breite-Quartier-immobilien-business.jpg","width":2560,"height":1707,"caption":"Albanteich-Promenade (Visualisierung: Albanteich-Promenade\/H\u00e4usel Kommunikation)"},{"@type":"BreadcrumbList","@id":"https:\/\/www.immobilienbusiness.ch\/residential\/2015-10-01\/200-neue-wohnungen-fuer-basler-breite-quartier\/#breadcrumb","itemListElement":[{"@type":"ListItem","position":1,"name":"Home","item":"https:\/\/www.immobilienbusiness.ch\/"},{"@type":"ListItem","position":2,"name":"200 neue Wohnungen f\u00fcr Basler Breite-Quartier"}]},{"@type":"WebSite","@id":"https:\/\/www.immobilienbusiness.ch\/#website","url":"https:\/\/www.immobilienbusiness.ch\/","name":"IMMOBILIEN Business","description":"Unabh\u00e4ngiges Schweizer Wirtschaftsmagazin mit Fokus auf Immobilien, Architektur- und Bau sowie Investment- und Finanzierung.","publisher":{"@id":"https:\/\/www.immobilienbusiness.ch\/#organization"},"potentialAction":[{"@type":"SearchAction","target":{"@type":"EntryPoint","urlTemplate":"https:\/\/www.immobilienbusiness.ch\/?s={search_term_string}"},"query-input":{"@type":"PropertyValueSpecification","valueRequired":true,"valueName":"search_term_string"}}],"inLanguage":"de"},{"@type":"Organization","@id":"https:\/\/www.immobilienbusiness.ch\/#organization","name":"IMMOBILIEN Business","url":"https:\/\/www.immobilienbusiness.ch\/","logo":{"@type":"ImageObject","inLanguage":"de","@id":"https:\/\/www.immobilienbusiness.ch\/#\/schema\/logo\/image\/","url":"https:\/\/www.immobilienbusiness.ch\/wp-content\/uploads\/2021\/07\/logo_ib.png","contentUrl":"https:\/\/www.immobilienbusiness.ch\/wp-content\/uploads\/2021\/07\/logo_ib.png","width":800,"height":181,"caption":"IMMOBILIEN Business"},"image":{"@id":"https:\/\/www.immobilienbusiness.ch\/#\/schema\/logo\/image\/"},"sameAs":["https:\/\/www.facebook.com\/immobilienbusiness\/"]},{"@type":"Person","@id":"https:\/\/www.immobilienbusiness.ch\/#\/schema\/person\/aa2bace6c5c5aad60102004a50c4eb1c","name":"Redaktion","image":{"@type":"ImageObject","inLanguage":"de","@id":"https:\/\/secure.gravatar.com\/avatar\/ae2f4d718e6c49043e314ce431e7e645d646302a24a5ef5a8bc8e3f5a032e319?s=96&d=mm&r=g","url":"https:\/\/secure.gravatar.com\/avatar\/ae2f4d718e6c49043e314ce431e7e645d646302a24a5ef5a8bc8e3f5a032e319?s=96&d=mm&r=g","contentUrl":"https:\/\/secure.gravatar.com\/avatar\/ae2f4d718e6c49043e314ce431e7e645d646302a24a5ef5a8bc8e3f5a032e319?s=96&d=mm&r=g","caption":"Redaktion"},"sameAs":["http:\/\/develop.organisator.galledia.ch"],"url":"https:\/\/www.immobilienbusiness.ch\/de\/author\/admin\/"}]}},"_links":{"self":[{"href":"https:\/\/www.immobilienbusiness.ch\/de\/wp-json\/wp\/v2\/posts\/931","targetHints":{"allow":["GET"]}}],"collection":[{"href":"https:\/\/www.immobilienbusiness.ch\/de\/wp-json\/wp\/v2\/posts"}],"about":[{"href":"https:\/\/www.immobilienbusiness.ch\/de\/wp-json\/wp\/v2\/types\/post"}],"author":[{"embeddable":true,"href":"https:\/\/www.immobilienbusiness.ch\/de\/wp-json\/wp\/v2\/users\/1"}],"replies":[{"embeddable":true,"href":"https:\/\/www.immobilienbusiness.ch\/de\/wp-json\/wp\/v2\/comments?post=931"}],"version-history":[{"count":0,"href":"https:\/\/www.immobilienbusiness.ch\/de\/wp-json\/wp\/v2\/posts\/931\/revisions"}],"wp:featuredmedia":[{"embeddable":true,"href":"https:\/\/www.immobilienbusiness.ch\/de\/wp-json\/wp\/v2\/media\/4882"}],"wp:attachment":[{"href":"https:\/\/www.immobilienbusiness.ch\/de\/wp-json\/wp\/v2\/media?parent=931"}],"wp:term":[{"taxonomy":"category","embeddable":true,"href":"https:\/\/www.immobilienbusiness.ch\/de\/wp-json\/wp\/v2\/categories?post=931"},{"taxonomy":"post_tag","embeddable":true,"href":"https:\/\/www.immobilienbusiness.ch\/de\/wp-json\/wp\/v2\/tags?post=931"}],"curies":[{"name":"wp","href":"https:\/\/api.w.org\/{rel}","templated":true}]}}