{"id":9236,"date":"2017-09-20T08:01:07","date_gmt":"2017-09-20T06:01:07","guid":{"rendered":"https:\/\/www.immobilienbusiness.ch\/?p=9236"},"modified":"2017-09-20T08:01:07","modified_gmt":"2017-09-20T06:01:07","slug":"baustart-fuer-buelachguss-ueberbauung","status":"publish","type":"post","link":"https:\/\/www.immobilienbusiness.ch\/de\/regionen\/2017-09-20\/baustart-fuer-buelachguss-ueberbauung\/","title":{"rendered":"Baustart f\u00fcr B\u00fclachguss-\u00dcberbauung"},"content":{"rendered":"<figure id=\"attachment_9238\" aria-describedby=\"caption-attachment-9238\" style=\"width: 680px\" class=\"wp-caption alignnone\"><img loading=\"lazy\" decoding=\"async\" class=\"size-medium wp-image-9238\" src=\"https:\/\/www.immobilienbusiness.ch\/wp-content\/uploads\/2017\/09\/B\u00fclachguss.jpg\" alt=\"\" width=\"680\" height=\"509\" \/><figcaption id=\"caption-attachment-9238\" class=\"wp-caption-text\">Das B\u00fclachguss-Areal (Foto: Allreal)<\/figcaption><\/figure>\n<p>Allreal realisiert auf dem ehemals industriell genutzten Areal eine \u00dcberbauung mit 416 Miet- und Eigentumswohnungen, 5.640 qm Fl\u00e4che f\u00fcr B\u00fcro, Dienstleistung und Verkauf sowie einem 4.300 qm grossen, \u00f6ffentlich zug\u00e4nglichen Park. Entworfen wurde das Projekt von Diener &amp; Diener Architekten, die einen st\u00e4dtebaulichen Studienauftrag gewonnen haben. Das Investitionsvolumen liegt bei 310 Millionen CHF.<\/p>\n<p>Die Baubereiche 1, 2, 5 und 6 befinden sich im Eigentum der Credit-Suisse-Immobilienfonds CS REF Green Property und CS REF Siat. Hier sind insgesamt zehn Mehrfamilienh\u00e4user mit 343 Mietwohnungen und der Park geplant. Die Vermarktung der Mietwohnungen startet voraussichtlich im Fr\u00fchling 2018.<\/p>\n<h2>Industriebau wird zum Gesch\u00e4ftshaus<\/h2>\n<p>Das denkmalgesch\u00fctzte Industriegeb\u00e4ude an der Schaffhauserstrasse (Baubereich 1) wird neu als Gesch\u00e4ftshaus mit 5.640 qm Fl\u00e4che f\u00fcr B\u00fcro, Dienstleistung und Verkauf genutzt. Wie Allreal mitteilt, ist ein Grossteil der k\u00fcnftigen Gewerbefl\u00e4chen bereits vermietet. Coop wird als Hauptmieter mit einem Verkaufslokal rund 40 Prozent der Gesamtfl\u00e4che belegen. Auf weiteren 500 qm ist ein Kinderhort geplant. Dar\u00fcber hinaus will die Musikschule Z\u00fcrcher Unterland in das Gewerbehaus ziehen. Neben Schulungsr\u00e4umen will sie in einem schuleigenen Konzertsaal \u00f6ffentlich zug\u00e4ngliche Musikveranstaltungen durchf\u00fchren und den Saal auch an Dritte vermieten. Die Vermarktung der restlichen Gewerbefl\u00e4chen erfolgt durch die Privera AG.<\/p>\n<p>Auf den Baubereichen 3 und 4 erstellt Allreal f\u00fcnf Mehrfamilienh\u00e4user mit 73 Eigentumswohnungen. Die Realisation erfolgt in Etappen ab September 2017. Die Fertigstellung ist f\u00fcr das zweite Halbjahr 2019 geplant. Die Vermarktung der Wohnungen hat bereits begonnen.<\/p>\n<h2>Stadt B\u00fclach entscheidet noch \u00fcber k\u00fcnftige Nutzung ihres Baubereichs<\/h2>\n<p>Eigent\u00fcmerin des 3.720 Quadratmeter grossen Baubereichs 7 ist seit Juni 2017 die Stadt B\u00fclach. Heute befinden sich dort das Eventzentrum Guss39 und das Asylzentrum. \u00dcber die k\u00fcnftige Nutzung wird die Stadt erst noch entscheiden.<\/p>\n<p>Das Grundst\u00fcck an der Fangletenstrasse (Baubereich 8) ist nicht im Gestaltungsplan \u00abB\u00fclachguss\u00bb enthalten und wird darum unabh\u00e4ngig vom Stammareal realisiert. Der Baustart f\u00fcr die dort entstehenden vier Mehrfamilienh\u00e4user mit insgesamt 76 Mietwohnungen, die Allreal in das eigene Portfolio \u00fcbernehmen wird, war bereits im Oktober 2016, die Fertigstellung ist f\u00fcr das zweite Halbjahr 2018 geplant.<\/p>\n","protected":false},"excerpt":{"rendered":"<p>In B\u00fclach-Nord soll ein gemischt genutztes Quartier mit insgesamt mehr als 400 Wohnungen entstehen. Nachdem die Vorbereitungs- und Abbrucharbeiten abgeschlossen sind, erfolgt nun der Baustart f\u00fcr das Grossprojekt.<\/p>\n","protected":false},"author":3,"featured_media":9238,"comment_status":"open","ping_status":"open","sticky":false,"template":"","format":"standard","meta":{"_acf_changed":false,"_yoast_wpseo_focuskw":"B\u00fclachguss","_yoast_wpseo_title":"","_yoast_wpseo_metadesc":"In B\u00fclach-Nord ist ein gemischt genutztes Quartier mit insgesamt mehr als 400 Wohnungen geplant. Der Baustart f\u00fcr das Grossprojekt der Allreal ist erfolgt.","_yoast_wpseo_linkdex":81,"pgc_sgb_lightbox_settings":"","footnotes":""},"categories":[985],"tags":[1343,1599,1629,1863,1888],"class_list":["post-9236","post","type-post","status-publish","format-standard","has-post-thumbnail","hentry","category-regionen","tag-immobilienfo","tag-projekt-in-bau","tag-regionen","tag-wohnimmobilien","tag-zuerich"],"acf":[],"yoast_head":"<!-- This site is optimized with the Yoast SEO plugin v27.4 - https:\/\/yoast.com\/product\/yoast-seo-wordpress\/ -->\n<title>Baustart f\u00fcr B\u00fclachguss-\u00dcberbauung - IMMOBILIEN Business<\/title>\n<meta name=\"description\" content=\"In B\u00fclach-Nord ist ein gemischt genutztes Quartier mit insgesamt mehr als 400 Wohnungen geplant. Der Baustart f\u00fcr das Grossprojekt der Allreal ist erfolgt.\" \/>\n<meta name=\"robots\" content=\"index, follow, max-snippet:-1, max-image-preview:large, max-video-preview:-1\" \/>\n<link rel=\"canonical\" href=\"https:\/\/www.immobilienbusiness.ch\/de\/regionen\/2017-09-20\/baustart-fuer-buelachguss-ueberbauung\/\" \/>\n<meta property=\"og:locale\" content=\"de_DE\" \/>\n<meta property=\"og:type\" content=\"article\" \/>\n<meta property=\"og:title\" content=\"Baustart f\u00fcr B\u00fclachguss-\u00dcberbauung\" \/>\n<meta property=\"og:description\" content=\"In B\u00fclach-Nord ist ein gemischt genutztes Quartier mit insgesamt mehr als 400 Wohnungen geplant. Der Baustart f\u00fcr das Grossprojekt der Allreal ist erfolgt.\" \/>\n<meta property=\"og:url\" content=\"https:\/\/www.immobilienbusiness.ch\/de\/regionen\/2017-09-20\/baustart-fuer-buelachguss-ueberbauung\/\" \/>\n<meta property=\"og:site_name\" content=\"IMMOBILIEN Business\" \/>\n<meta property=\"article:publisher\" content=\"https:\/\/www.facebook.com\/immobilienbusiness\/\" \/>\n<meta property=\"article:published_time\" content=\"2017-09-20T06:01:07+00:00\" \/>\n<meta property=\"og:image\" content=\"https:\/\/www.immobilienbusiness.ch\/wp-content\/uploads\/2017\/09\/Buelachguss.jpg\" \/>\n\t<meta property=\"og:image:width\" content=\"1200\" \/>\n\t<meta property=\"og:image:height\" content=\"899\" \/>\n\t<meta property=\"og:image:type\" content=\"image\/jpeg\" \/>\n<meta name=\"author\" content=\"anja.hall\" \/>\n<meta name=\"twitter:card\" content=\"summary_large_image\" \/>\n<meta name=\"twitter:title\" content=\"Baustart f\u00fcr B\u00fclachguss-\u00dcberbauung\" \/>\n<meta name=\"twitter:description\" content=\"In B\u00fclach-Nord ist ein gemischt genutztes Quartier mit insgesamt mehr als 400 Wohnungen geplant. Der Baustart f\u00fcr das Grossprojekt der Allreal ist erfolgt.\" \/>\n<meta name=\"twitter:image\" content=\"https:\/\/www.immobilienbusiness.ch\/wp-content\/uploads\/2017\/09\/B\u00fclachguss.jpg\" \/>\n<script type=\"application\/ld+json\" class=\"yoast-schema-graph\">{\"@context\":\"https:\\\/\\\/schema.org\",\"@graph\":[{\"@type\":\"Article\",\"@id\":\"https:\\\/\\\/www.immobilienbusiness.ch\\\/it\\\/regionen\\\/2017-09-20\\\/baustart-fuer-buelachguss-ueberbauung\\\/#article\",\"isPartOf\":{\"@id\":\"https:\\\/\\\/www.immobilienbusiness.ch\\\/it\\\/regionen\\\/2017-09-20\\\/baustart-fuer-buelachguss-ueberbauung\\\/\"},\"author\":{\"name\":\"anja.hall\",\"@id\":\"https:\\\/\\\/www.immobilienbusiness.ch\\\/#\\\/schema\\\/person\\\/3fc036297b10b9f42d6db5ee932af8c8\"},\"headline\":\"Baustart f\u00fcr B\u00fclachguss-\u00dcberbauung\",\"datePublished\":\"2017-09-20T06:01:07+00:00\",\"mainEntityOfPage\":{\"@id\":\"https:\\\/\\\/www.immobilienbusiness.ch\\\/it\\\/regionen\\\/2017-09-20\\\/baustart-fuer-buelachguss-ueberbauung\\\/\"},\"wordCount\":356,\"commentCount\":0,\"publisher\":{\"@id\":\"https:\\\/\\\/www.immobilienbusiness.ch\\\/#organization\"},\"image\":{\"@id\":\"https:\\\/\\\/www.immobilienbusiness.ch\\\/it\\\/regionen\\\/2017-09-20\\\/baustart-fuer-buelachguss-ueberbauung\\\/#primaryimage\"},\"thumbnailUrl\":\"https:\\\/\\\/www.immobilienbusiness.ch\\\/wp-content\\\/uploads\\\/2017\\\/09\\\/Buelachguss.jpg\",\"keywords\":[\"Immobilienfo\",\"Projekt in Bau\",\"Regionen\",\"Wohnimmobilien\",\"Z\u00fcrich\"],\"articleSection\":[\"REGIONEN\"],\"inLanguage\":\"de\"},{\"@type\":\"WebPage\",\"@id\":\"https:\\\/\\\/www.immobilienbusiness.ch\\\/it\\\/regionen\\\/2017-09-20\\\/baustart-fuer-buelachguss-ueberbauung\\\/\",\"url\":\"https:\\\/\\\/www.immobilienbusiness.ch\\\/it\\\/regionen\\\/2017-09-20\\\/baustart-fuer-buelachguss-ueberbauung\\\/\",\"name\":\"Baustart f\u00fcr B\u00fclachguss-\u00dcberbauung - IMMOBILIEN Business\",\"isPartOf\":{\"@id\":\"https:\\\/\\\/www.immobilienbusiness.ch\\\/#website\"},\"primaryImageOfPage\":{\"@id\":\"https:\\\/\\\/www.immobilienbusiness.ch\\\/it\\\/regionen\\\/2017-09-20\\\/baustart-fuer-buelachguss-ueberbauung\\\/#primaryimage\"},\"image\":{\"@id\":\"https:\\\/\\\/www.immobilienbusiness.ch\\\/it\\\/regionen\\\/2017-09-20\\\/baustart-fuer-buelachguss-ueberbauung\\\/#primaryimage\"},\"thumbnailUrl\":\"https:\\\/\\\/www.immobilienbusiness.ch\\\/wp-content\\\/uploads\\\/2017\\\/09\\\/Buelachguss.jpg\",\"datePublished\":\"2017-09-20T06:01:07+00:00\",\"description\":\"In B\u00fclach-Nord ist ein gemischt genutztes Quartier mit insgesamt mehr als 400 Wohnungen geplant. Der Baustart f\u00fcr das Grossprojekt der Allreal ist erfolgt.\",\"breadcrumb\":{\"@id\":\"https:\\\/\\\/www.immobilienbusiness.ch\\\/it\\\/regionen\\\/2017-09-20\\\/baustart-fuer-buelachguss-ueberbauung\\\/#breadcrumb\"},\"inLanguage\":\"de\",\"potentialAction\":[{\"@type\":\"ReadAction\",\"target\":[\"https:\\\/\\\/www.immobilienbusiness.ch\\\/it\\\/regionen\\\/2017-09-20\\\/baustart-fuer-buelachguss-ueberbauung\\\/\"]}]},{\"@type\":\"ImageObject\",\"inLanguage\":\"de\",\"@id\":\"https:\\\/\\\/www.immobilienbusiness.ch\\\/it\\\/regionen\\\/2017-09-20\\\/baustart-fuer-buelachguss-ueberbauung\\\/#primaryimage\",\"url\":\"https:\\\/\\\/www.immobilienbusiness.ch\\\/wp-content\\\/uploads\\\/2017\\\/09\\\/Buelachguss.jpg\",\"contentUrl\":\"https:\\\/\\\/www.immobilienbusiness.ch\\\/wp-content\\\/uploads\\\/2017\\\/09\\\/Buelachguss.jpg\",\"width\":1200,\"height\":899,\"caption\":\"Das B\u00fclachguss-Areal (Foto: Allreal)\"},{\"@type\":\"BreadcrumbList\",\"@id\":\"https:\\\/\\\/www.immobilienbusiness.ch\\\/it\\\/regionen\\\/2017-09-20\\\/baustart-fuer-buelachguss-ueberbauung\\\/#breadcrumb\",\"itemListElement\":[{\"@type\":\"ListItem\",\"position\":1,\"name\":\"Home\",\"item\":\"https:\\\/\\\/www.immobilienbusiness.ch\\\/\"},{\"@type\":\"ListItem\",\"position\":2,\"name\":\"Baustart f\u00fcr B\u00fclachguss-\u00dcberbauung\"}]},{\"@type\":\"WebSite\",\"@id\":\"https:\\\/\\\/www.immobilienbusiness.ch\\\/#website\",\"url\":\"https:\\\/\\\/www.immobilienbusiness.ch\\\/\",\"name\":\"IMMOBILIEN Business\",\"description\":\"Unabh\u00e4ngiges Schweizer Wirtschaftsmagazin mit Fokus auf Immobilien, Architektur- und Bau sowie Investment- und Finanzierung.\",\"publisher\":{\"@id\":\"https:\\\/\\\/www.immobilienbusiness.ch\\\/#organization\"},\"potentialAction\":[{\"@type\":\"SearchAction\",\"target\":{\"@type\":\"EntryPoint\",\"urlTemplate\":\"https:\\\/\\\/www.immobilienbusiness.ch\\\/?s={search_term_string}\"},\"query-input\":{\"@type\":\"PropertyValueSpecification\",\"valueRequired\":true,\"valueName\":\"search_term_string\"}}],\"inLanguage\":\"de\"},{\"@type\":\"Organization\",\"@id\":\"https:\\\/\\\/www.immobilienbusiness.ch\\\/#organization\",\"name\":\"IMMOBILIEN Business\",\"url\":\"https:\\\/\\\/www.immobilienbusiness.ch\\\/\",\"logo\":{\"@type\":\"ImageObject\",\"inLanguage\":\"de\",\"@id\":\"https:\\\/\\\/www.immobilienbusiness.ch\\\/#\\\/schema\\\/logo\\\/image\\\/\",\"url\":\"https:\\\/\\\/www.immobilienbusiness.ch\\\/wp-content\\\/uploads\\\/2021\\\/07\\\/logo_ib.png\",\"contentUrl\":\"https:\\\/\\\/www.immobilienbusiness.ch\\\/wp-content\\\/uploads\\\/2021\\\/07\\\/logo_ib.png\",\"width\":800,\"height\":181,\"caption\":\"IMMOBILIEN Business\"},\"image\":{\"@id\":\"https:\\\/\\\/www.immobilienbusiness.ch\\\/#\\\/schema\\\/logo\\\/image\\\/\"},\"sameAs\":[\"https:\\\/\\\/www.facebook.com\\\/immobilienbusiness\\\/\"]},{\"@type\":\"Person\",\"@id\":\"https:\\\/\\\/www.immobilienbusiness.ch\\\/#\\\/schema\\\/person\\\/3fc036297b10b9f42d6db5ee932af8c8\",\"name\":\"anja.hall\",\"image\":{\"@type\":\"ImageObject\",\"inLanguage\":\"de\",\"@id\":\"https:\\\/\\\/secure.gravatar.com\\\/avatar\\\/066b5a0d447013502c71a5782f4f3469f03cfe595cc2329fb94652fe47511bfb?s=96&d=mm&r=g\",\"url\":\"https:\\\/\\\/secure.gravatar.com\\\/avatar\\\/066b5a0d447013502c71a5782f4f3469f03cfe595cc2329fb94652fe47511bfb?s=96&d=mm&r=g\",\"contentUrl\":\"https:\\\/\\\/secure.gravatar.com\\\/avatar\\\/066b5a0d447013502c71a5782f4f3469f03cfe595cc2329fb94652fe47511bfb?s=96&d=mm&r=g\",\"caption\":\"anja.hall\"},\"url\":\"https:\\\/\\\/www.immobilienbusiness.ch\\\/de\\\/author\\\/anja-hall\\\/\"}]}<\/script>\n<!-- \/ Yoast SEO plugin. -->","yoast_head_json":{"title":"Baustart f\u00fcr B\u00fclachguss-\u00dcberbauung - IMMOBILIEN Business","description":"In B\u00fclach-Nord ist ein gemischt genutztes Quartier mit insgesamt mehr als 400 Wohnungen geplant. Der Baustart f\u00fcr das Grossprojekt der Allreal ist erfolgt.","robots":{"index":"index","follow":"follow","max-snippet":"max-snippet:-1","max-image-preview":"max-image-preview:large","max-video-preview":"max-video-preview:-1"},"canonical":"https:\/\/www.immobilienbusiness.ch\/de\/regionen\/2017-09-20\/baustart-fuer-buelachguss-ueberbauung\/","og_locale":"de_DE","og_type":"article","og_title":"Baustart f\u00fcr B\u00fclachguss-\u00dcberbauung","og_description":"In B\u00fclach-Nord ist ein gemischt genutztes Quartier mit insgesamt mehr als 400 Wohnungen geplant. Der Baustart f\u00fcr das Grossprojekt der Allreal ist erfolgt.","og_url":"https:\/\/www.immobilienbusiness.ch\/de\/regionen\/2017-09-20\/baustart-fuer-buelachguss-ueberbauung\/","og_site_name":"IMMOBILIEN Business","article_publisher":"https:\/\/www.facebook.com\/immobilienbusiness\/","article_published_time":"2017-09-20T06:01:07+00:00","og_image":[{"width":1200,"height":899,"url":"https:\/\/www.immobilienbusiness.ch\/wp-content\/uploads\/2017\/09\/Buelachguss.jpg","type":"image\/jpeg"}],"author":"anja.hall","twitter_card":"summary_large_image","twitter_title":"Baustart f\u00fcr B\u00fclachguss-\u00dcberbauung","twitter_description":"In B\u00fclach-Nord ist ein gemischt genutztes Quartier mit insgesamt mehr als 400 Wohnungen geplant. Der Baustart f\u00fcr das Grossprojekt der Allreal ist erfolgt.","twitter_image":"https:\/\/www.immobilienbusiness.ch\/wp-content\/uploads\/2017\/09\/B\u00fclachguss.jpg","schema":{"@context":"https:\/\/schema.org","@graph":[{"@type":"Article","@id":"https:\/\/www.immobilienbusiness.ch\/it\/regionen\/2017-09-20\/baustart-fuer-buelachguss-ueberbauung\/#article","isPartOf":{"@id":"https:\/\/www.immobilienbusiness.ch\/it\/regionen\/2017-09-20\/baustart-fuer-buelachguss-ueberbauung\/"},"author":{"name":"anja.hall","@id":"https:\/\/www.immobilienbusiness.ch\/#\/schema\/person\/3fc036297b10b9f42d6db5ee932af8c8"},"headline":"Baustart f\u00fcr B\u00fclachguss-\u00dcberbauung","datePublished":"2017-09-20T06:01:07+00:00","mainEntityOfPage":{"@id":"https:\/\/www.immobilienbusiness.ch\/it\/regionen\/2017-09-20\/baustart-fuer-buelachguss-ueberbauung\/"},"wordCount":356,"commentCount":0,"publisher":{"@id":"https:\/\/www.immobilienbusiness.ch\/#organization"},"image":{"@id":"https:\/\/www.immobilienbusiness.ch\/it\/regionen\/2017-09-20\/baustart-fuer-buelachguss-ueberbauung\/#primaryimage"},"thumbnailUrl":"https:\/\/www.immobilienbusiness.ch\/wp-content\/uploads\/2017\/09\/Buelachguss.jpg","keywords":["Immobilienfo","Projekt in Bau","Regionen","Wohnimmobilien","Z\u00fcrich"],"articleSection":["REGIONEN"],"inLanguage":"de"},{"@type":"WebPage","@id":"https:\/\/www.immobilienbusiness.ch\/it\/regionen\/2017-09-20\/baustart-fuer-buelachguss-ueberbauung\/","url":"https:\/\/www.immobilienbusiness.ch\/it\/regionen\/2017-09-20\/baustart-fuer-buelachguss-ueberbauung\/","name":"Baustart f\u00fcr B\u00fclachguss-\u00dcberbauung - IMMOBILIEN Business","isPartOf":{"@id":"https:\/\/www.immobilienbusiness.ch\/#website"},"primaryImageOfPage":{"@id":"https:\/\/www.immobilienbusiness.ch\/it\/regionen\/2017-09-20\/baustart-fuer-buelachguss-ueberbauung\/#primaryimage"},"image":{"@id":"https:\/\/www.immobilienbusiness.ch\/it\/regionen\/2017-09-20\/baustart-fuer-buelachguss-ueberbauung\/#primaryimage"},"thumbnailUrl":"https:\/\/www.immobilienbusiness.ch\/wp-content\/uploads\/2017\/09\/Buelachguss.jpg","datePublished":"2017-09-20T06:01:07+00:00","description":"In B\u00fclach-Nord ist ein gemischt genutztes Quartier mit insgesamt mehr als 400 Wohnungen geplant. Der Baustart f\u00fcr das Grossprojekt der Allreal ist erfolgt.","breadcrumb":{"@id":"https:\/\/www.immobilienbusiness.ch\/it\/regionen\/2017-09-20\/baustart-fuer-buelachguss-ueberbauung\/#breadcrumb"},"inLanguage":"de","potentialAction":[{"@type":"ReadAction","target":["https:\/\/www.immobilienbusiness.ch\/it\/regionen\/2017-09-20\/baustart-fuer-buelachguss-ueberbauung\/"]}]},{"@type":"ImageObject","inLanguage":"de","@id":"https:\/\/www.immobilienbusiness.ch\/it\/regionen\/2017-09-20\/baustart-fuer-buelachguss-ueberbauung\/#primaryimage","url":"https:\/\/www.immobilienbusiness.ch\/wp-content\/uploads\/2017\/09\/Buelachguss.jpg","contentUrl":"https:\/\/www.immobilienbusiness.ch\/wp-content\/uploads\/2017\/09\/Buelachguss.jpg","width":1200,"height":899,"caption":"Das B\u00fclachguss-Areal (Foto: Allreal)"},{"@type":"BreadcrumbList","@id":"https:\/\/www.immobilienbusiness.ch\/it\/regionen\/2017-09-20\/baustart-fuer-buelachguss-ueberbauung\/#breadcrumb","itemListElement":[{"@type":"ListItem","position":1,"name":"Home","item":"https:\/\/www.immobilienbusiness.ch\/"},{"@type":"ListItem","position":2,"name":"Baustart f\u00fcr B\u00fclachguss-\u00dcberbauung"}]},{"@type":"WebSite","@id":"https:\/\/www.immobilienbusiness.ch\/#website","url":"https:\/\/www.immobilienbusiness.ch\/","name":"IMMOBILIEN Business","description":"Unabh\u00e4ngiges Schweizer Wirtschaftsmagazin mit Fokus auf Immobilien, Architektur- und Bau sowie Investment- und Finanzierung.","publisher":{"@id":"https:\/\/www.immobilienbusiness.ch\/#organization"},"potentialAction":[{"@type":"SearchAction","target":{"@type":"EntryPoint","urlTemplate":"https:\/\/www.immobilienbusiness.ch\/?s={search_term_string}"},"query-input":{"@type":"PropertyValueSpecification","valueRequired":true,"valueName":"search_term_string"}}],"inLanguage":"de"},{"@type":"Organization","@id":"https:\/\/www.immobilienbusiness.ch\/#organization","name":"IMMOBILIEN Business","url":"https:\/\/www.immobilienbusiness.ch\/","logo":{"@type":"ImageObject","inLanguage":"de","@id":"https:\/\/www.immobilienbusiness.ch\/#\/schema\/logo\/image\/","url":"https:\/\/www.immobilienbusiness.ch\/wp-content\/uploads\/2021\/07\/logo_ib.png","contentUrl":"https:\/\/www.immobilienbusiness.ch\/wp-content\/uploads\/2021\/07\/logo_ib.png","width":800,"height":181,"caption":"IMMOBILIEN Business"},"image":{"@id":"https:\/\/www.immobilienbusiness.ch\/#\/schema\/logo\/image\/"},"sameAs":["https:\/\/www.facebook.com\/immobilienbusiness\/"]},{"@type":"Person","@id":"https:\/\/www.immobilienbusiness.ch\/#\/schema\/person\/3fc036297b10b9f42d6db5ee932af8c8","name":"anja.hall","image":{"@type":"ImageObject","inLanguage":"de","@id":"https:\/\/secure.gravatar.com\/avatar\/066b5a0d447013502c71a5782f4f3469f03cfe595cc2329fb94652fe47511bfb?s=96&d=mm&r=g","url":"https:\/\/secure.gravatar.com\/avatar\/066b5a0d447013502c71a5782f4f3469f03cfe595cc2329fb94652fe47511bfb?s=96&d=mm&r=g","contentUrl":"https:\/\/secure.gravatar.com\/avatar\/066b5a0d447013502c71a5782f4f3469f03cfe595cc2329fb94652fe47511bfb?s=96&d=mm&r=g","caption":"anja.hall"},"url":"https:\/\/www.immobilienbusiness.ch\/de\/author\/anja-hall\/"}]}},"_links":{"self":[{"href":"https:\/\/www.immobilienbusiness.ch\/de\/wp-json\/wp\/v2\/posts\/9236","targetHints":{"allow":["GET"]}}],"collection":[{"href":"https:\/\/www.immobilienbusiness.ch\/de\/wp-json\/wp\/v2\/posts"}],"about":[{"href":"https:\/\/www.immobilienbusiness.ch\/de\/wp-json\/wp\/v2\/types\/post"}],"author":[{"embeddable":true,"href":"https:\/\/www.immobilienbusiness.ch\/de\/wp-json\/wp\/v2\/users\/3"}],"replies":[{"embeddable":true,"href":"https:\/\/www.immobilienbusiness.ch\/de\/wp-json\/wp\/v2\/comments?post=9236"}],"version-history":[{"count":0,"href":"https:\/\/www.immobilienbusiness.ch\/de\/wp-json\/wp\/v2\/posts\/9236\/revisions"}],"wp:featuredmedia":[{"embeddable":true,"href":"https:\/\/www.immobilienbusiness.ch\/de\/wp-json\/wp\/v2\/media\/9238"}],"wp:attachment":[{"href":"https:\/\/www.immobilienbusiness.ch\/de\/wp-json\/wp\/v2\/media?parent=9236"}],"wp:term":[{"taxonomy":"category","embeddable":true,"href":"https:\/\/www.immobilienbusiness.ch\/de\/wp-json\/wp\/v2\/categories?post=9236"},{"taxonomy":"post_tag","embeddable":true,"href":"https:\/\/www.immobilienbusiness.ch\/de\/wp-json\/wp\/v2\/tags?post=9236"}],"curies":[{"name":"wp","href":"https:\/\/api.w.org\/{rel}","templated":true}]}}