{"id":8853,"date":"2017-08-25T08:54:46","date_gmt":"2017-08-25T06:54:46","guid":{"rendered":"https:\/\/www.immobilienbusiness.ch\/?p=8853"},"modified":"2017-08-25T08:54:46","modified_gmt":"2017-08-25T06:54:46","slug":"winterthur-lupk-und-halter-planen-wohnueberbauung","status":"publish","type":"post","link":"https:\/\/www.immobilienbusiness.ch\/de\/regionen\/2017-08-25\/winterthur-lupk-und-halter-planen-wohnueberbauung\/","title":{"rendered":"Winterthur: LUPK und Halter planen Wohn\u00fcberbauung"},"content":{"rendered":"<figure id=\"attachment_8854\" aria-describedby=\"caption-attachment-8854\" style=\"width: 680px\" class=\"wp-caption alignnone\"><img loading=\"lazy\" decoding=\"async\" class=\"size-medium wp-image-8854\" src=\"https:\/\/www.immobilienbusiness.ch\/wp-content\/uploads\/2017\/08\/Toessfeldstrasse_Winterthur-Toess.jpg\" alt=\"\" width=\"680\" height=\"471\" srcset=\"https:\/\/www.immobilienbusiness.ch\/wp-content\/uploads\/2017\/08\/Toessfeldstrasse_Winterthur-Toess.jpg 2560w, https:\/\/www.immobilienbusiness.ch\/wp-content\/uploads\/2017\/08\/Toessfeldstrasse_Winterthur-Toess-300x208.jpg 300w, https:\/\/www.immobilienbusiness.ch\/wp-content\/uploads\/2017\/08\/Toessfeldstrasse_Winterthur-Toess-1024x710.jpg 1024w, https:\/\/www.immobilienbusiness.ch\/wp-content\/uploads\/2017\/08\/Toessfeldstrasse_Winterthur-Toess-768x533.jpg 768w, https:\/\/www.immobilienbusiness.ch\/wp-content\/uploads\/2017\/08\/Toessfeldstrasse_Winterthur-Toess-1536x1065.jpg 1536w, https:\/\/www.immobilienbusiness.ch\/wp-content\/uploads\/2017\/08\/Toessfeldstrasse_Winterthur-Toess-2048x1420.jpg 2048w, https:\/\/www.immobilienbusiness.ch\/wp-content\/uploads\/2017\/08\/Toessfeldstrasse_Winterthur-Toess-16x12.jpg 16w, https:\/\/www.immobilienbusiness.ch\/wp-content\/uploads\/2017\/08\/Toessfeldstrasse_Winterthur-Toess-252x175.jpg 252w, https:\/\/www.immobilienbusiness.ch\/wp-content\/uploads\/2017\/08\/Toessfeldstrasse_Winterthur-Toess-505x350.jpg 505w, https:\/\/www.immobilienbusiness.ch\/wp-content\/uploads\/2017\/08\/Toessfeldstrasse_Winterthur-Toess-1154x800.jpg 1154w, https:\/\/www.immobilienbusiness.ch\/wp-content\/uploads\/2017\/08\/Toessfeldstrasse_Winterthur-Toess-920x638.jpg 920w, https:\/\/www.immobilienbusiness.ch\/wp-content\/uploads\/2017\/08\/Toessfeldstrasse_Winterthur-Toess-1400x971.jpg 1400w, https:\/\/www.immobilienbusiness.ch\/wp-content\/uploads\/2017\/08\/Toessfeldstrasse_Winterthur-Toess-2019x1400.jpg 2019w\" sizes=\"auto, (max-width: 680px) 100vw, 680px\" \/><figcaption id=\"caption-attachment-8854\" class=\"wp-caption-text\">Das Projekt \u00abWegerich\u00bb direkt beim Bahnhof Winterthur-T\u00f6ss (Visualisierung: KilgaPopp Architekten AG)<\/figcaption><\/figure>\n<p>Die Jury hat das Projekt \u00abWegerich\u00bb von KilgaPopp Architekten aus Winterthur einstimmig als Sieger erkoren. Es \u00fcberzeuge mit seinem Gesamtkonzept und \u00a0-erscheinungsbild, den unterschiedlichen Grundrissen und der Integration ins Bahnhofsareal T\u00f6ss, heisst es in der Begr\u00fcndung.<\/p>\n<p>Der Studienwettbewerb f\u00fcr die Parzelle auf dem Bahnhofsareal Winterthur-T\u00f6ss, zwischen der T\u00f6ssfeldstrasse im Norden, den Bahngleisen im S\u00fcden und dem Bahnhofsplatz im Westen sah vor, dass das Neubauprojekt auf die sch\u00fctzenswerten Bauten \u2013 Bahnhofsh\u00e4uschen und G\u00fcterschuppen \u2013 R\u00fccksicht nimmt. Eine weitere Anforderung war, eine Verbindung zwischen Geb\u00e4ude und Aussenraum zu schaffen.<\/p>\n<p>Das Projekt \u00abWegerich\u00bb sieht ein langgestrecktes Geb\u00e4ude vor, das zusammen mit den sch\u00fctzenswerten Bauten auf dem Bahnhofsareal ein neues Ensemble bildet. Zwischen der Stirnseite des Bahnhofsgeb\u00e4udes und dem Neubau entsteht ein \u00f6ffentlicher Platz. Dieser neue Quartiersplatz \u00f6ffnet sich nach S\u00fcdosten in den Vorbereich des neuen Geb\u00e4udes und bindet damit auch den geplanten Perronweg mit ein, der anstelle des Gleis 1 entstehen wird.<\/p>\n<p>Im Geb\u00e4ude entstehen 49 Kleinmietwohnungen mit 1,5, 2,5 oder 3,5 Zimmern sowie rund 530 qm Gewerbefl\u00e4chen. Jedes Apartment verf\u00fcgt entweder \u00fcber eine Terrasse oder einen Balkon. Der Zugang vom Geb\u00e4ude zum Bahnhofsareal sowie zum Wohnquartier entlang der T\u00f6ssfeldstrasse ist durch offene Freitreppen und Erschliessungsterrassen organisiert. Das Geb\u00e4ude verf\u00fcgt \u00fcber vier charakteristische Seiten: nach S\u00fcden mit Verglasungen, nach Norden mit Stufen und Gartenterrassen, nach Osten mit einer Zufahrtsstrasse und nach Westen mit dem Bahnhofsplatzanschluss.<\/p>\n<p>Nun soll das Bauprojekt final ausgearbeitet werden, damit im Herbst dieses Jahres das Baubewilligungsverfahren eingeleitet werden kann. Gem\u00e4ss heutiger Planung soll im Fr\u00fchling 2018 mit dem Bau begonnen werden.<\/p>\n","protected":false},"excerpt":{"rendered":"<p>Die Luzerner Pensionskasse (LUPK) und die Halter AG wollen auf der brachliegenden Parzelle zwischen der T\u00f6ssfeldstrasse und den Bahngleisen in Winterthur-T\u00f6ss einen Neubau mit Wohn- und Gewerbefl\u00e4chen errichten. Der Architekturwettbewerb ist jetzt entschieden.<\/p>\n","protected":false},"author":3,"featured_media":8854,"comment_status":"open","ping_status":"open","sticky":false,"template":"","format":"standard","meta":{"_acf_changed":false,"_yoast_wpseo_focuskw":"Winterthur","_yoast_wpseo_title":"","_yoast_wpseo_metadesc":"Die Luzerner Pensionskasse und die Halter AG planen beim Bahnhof Winterthur-T\u00f6ss ein Wohngeb\u00e4ude errichten. Der Architekturwettbewerb ist jetzt entschieden.","_yoast_wpseo_linkdex":73,"pgc_sgb_lightbox_settings":"","footnotes":""},"categories":[985],"tags":[1600,1858,1863],"class_list":["post-8853","post","type-post","status-publish","format-standard","has-post-thumbnail","hentry","category-regionen","tag-projekt-in-planung","tag-winterthur","tag-wohnimmobilien"],"acf":[],"yoast_head":"<!-- This site is optimized with the Yoast SEO plugin v27.4 - https:\/\/yoast.com\/product\/yoast-seo-wordpress\/ -->\n<title>Winterthur: LUPK und Halter planen Wohn\u00fcberbauung - IMMOBILIEN Business<\/title>\n<meta name=\"description\" content=\"Die Luzerner Pensionskasse und die Halter AG planen beim Bahnhof Winterthur-T\u00f6ss ein Wohngeb\u00e4ude errichten. Der Architekturwettbewerb ist jetzt entschieden.\" \/>\n<meta name=\"robots\" content=\"index, follow, max-snippet:-1, max-image-preview:large, max-video-preview:-1\" \/>\n<link rel=\"canonical\" href=\"https:\/\/www.immobilienbusiness.ch\/de\/regionen\/2017-08-25\/winterthur-lupk-und-halter-planen-wohnueberbauung\/\" \/>\n<meta property=\"og:locale\" content=\"de_DE\" \/>\n<meta property=\"og:type\" content=\"article\" \/>\n<meta property=\"og:title\" content=\"Winterthur: LUPK und Halter planen Wohn\u00fcberbauung\" \/>\n<meta property=\"og:description\" content=\"Die Luzerner Pensionskasse und die Halter AG planen beim Bahnhof Winterthur-T\u00f6ss ein Wohngeb\u00e4ude errichten. Der Architekturwettbewerb ist jetzt entschieden.\" \/>\n<meta property=\"og:url\" content=\"https:\/\/www.immobilienbusiness.ch\/de\/regionen\/2017-08-25\/winterthur-lupk-und-halter-planen-wohnueberbauung\/\" \/>\n<meta property=\"og:site_name\" content=\"IMMOBILIEN Business\" \/>\n<meta property=\"article:publisher\" content=\"https:\/\/www.facebook.com\/immobilienbusiness\/\" \/>\n<meta property=\"article:published_time\" content=\"2017-08-25T06:54:46+00:00\" \/>\n<meta property=\"og:image\" content=\"https:\/\/www.immobilienbusiness.ch\/wp-content\/uploads\/2017\/08\/Toessfeldstrasse_Winterthur-Toess-1024x710.jpg\" \/>\n\t<meta property=\"og:image:width\" content=\"1024\" \/>\n\t<meta property=\"og:image:height\" content=\"710\" \/>\n\t<meta property=\"og:image:type\" content=\"image\/jpeg\" \/>\n<meta name=\"author\" content=\"anja.hall\" \/>\n<meta name=\"twitter:card\" content=\"summary_large_image\" \/>\n<meta name=\"twitter:title\" content=\"Winterthur: LUPK und Halter planen Wohn\u00fcberbauung\" \/>\n<meta name=\"twitter:description\" content=\"Die Luzerner Pensionskasse und die Halter AG planen beim Bahnhof Winterthur-T\u00f6ss ein Wohngeb\u00e4ude errichten. Der Architekturwettbewerb ist jetzt entschieden.\" \/>\n<meta name=\"twitter:image\" content=\"https:\/\/www.immobilienbusiness.ch\/wp-content\/uploads\/2017\/08\/Toessfeldstrasse_Winterthur-Toess.jpg\" \/>\n<script type=\"application\/ld+json\" class=\"yoast-schema-graph\">{\"@context\":\"https:\\\/\\\/schema.org\",\"@graph\":[{\"@type\":\"Article\",\"@id\":\"https:\\\/\\\/www.immobilienbusiness.ch\\\/regionen\\\/2017-08-25\\\/winterthur-lupk-und-halter-planen-wohnueberbauung\\\/#article\",\"isPartOf\":{\"@id\":\"https:\\\/\\\/www.immobilienbusiness.ch\\\/regionen\\\/2017-08-25\\\/winterthur-lupk-und-halter-planen-wohnueberbauung\\\/\"},\"author\":{\"name\":\"anja.hall\",\"@id\":\"https:\\\/\\\/www.immobilienbusiness.ch\\\/#\\\/schema\\\/person\\\/3fc036297b10b9f42d6db5ee932af8c8\"},\"headline\":\"Winterthur: LUPK und Halter planen Wohn\u00fcberbauung\",\"datePublished\":\"2017-08-25T06:54:46+00:00\",\"mainEntityOfPage\":{\"@id\":\"https:\\\/\\\/www.immobilienbusiness.ch\\\/regionen\\\/2017-08-25\\\/winterthur-lupk-und-halter-planen-wohnueberbauung\\\/\"},\"wordCount\":294,\"commentCount\":0,\"publisher\":{\"@id\":\"https:\\\/\\\/www.immobilienbusiness.ch\\\/#organization\"},\"image\":{\"@id\":\"https:\\\/\\\/www.immobilienbusiness.ch\\\/regionen\\\/2017-08-25\\\/winterthur-lupk-und-halter-planen-wohnueberbauung\\\/#primaryimage\"},\"thumbnailUrl\":\"https:\\\/\\\/www.immobilienbusiness.ch\\\/wp-content\\\/uploads\\\/2017\\\/08\\\/Toessfeldstrasse_Winterthur-Toess.jpg\",\"keywords\":[\"Projekt in Planung\",\"Winterthur\",\"Wohnimmobilien\"],\"articleSection\":[\"REGIONEN\"],\"inLanguage\":\"de\"},{\"@type\":\"WebPage\",\"@id\":\"https:\\\/\\\/www.immobilienbusiness.ch\\\/regionen\\\/2017-08-25\\\/winterthur-lupk-und-halter-planen-wohnueberbauung\\\/\",\"url\":\"https:\\\/\\\/www.immobilienbusiness.ch\\\/regionen\\\/2017-08-25\\\/winterthur-lupk-und-halter-planen-wohnueberbauung\\\/\",\"name\":\"Winterthur: LUPK und Halter planen Wohn\u00fcberbauung - IMMOBILIEN Business\",\"isPartOf\":{\"@id\":\"https:\\\/\\\/www.immobilienbusiness.ch\\\/#website\"},\"primaryImageOfPage\":{\"@id\":\"https:\\\/\\\/www.immobilienbusiness.ch\\\/regionen\\\/2017-08-25\\\/winterthur-lupk-und-halter-planen-wohnueberbauung\\\/#primaryimage\"},\"image\":{\"@id\":\"https:\\\/\\\/www.immobilienbusiness.ch\\\/regionen\\\/2017-08-25\\\/winterthur-lupk-und-halter-planen-wohnueberbauung\\\/#primaryimage\"},\"thumbnailUrl\":\"https:\\\/\\\/www.immobilienbusiness.ch\\\/wp-content\\\/uploads\\\/2017\\\/08\\\/Toessfeldstrasse_Winterthur-Toess.jpg\",\"datePublished\":\"2017-08-25T06:54:46+00:00\",\"description\":\"Die Luzerner Pensionskasse und die Halter AG planen beim Bahnhof Winterthur-T\u00f6ss ein Wohngeb\u00e4ude errichten. Der Architekturwettbewerb ist jetzt entschieden.\",\"breadcrumb\":{\"@id\":\"https:\\\/\\\/www.immobilienbusiness.ch\\\/regionen\\\/2017-08-25\\\/winterthur-lupk-und-halter-planen-wohnueberbauung\\\/#breadcrumb\"},\"inLanguage\":\"de\",\"potentialAction\":[{\"@type\":\"ReadAction\",\"target\":[\"https:\\\/\\\/www.immobilienbusiness.ch\\\/regionen\\\/2017-08-25\\\/winterthur-lupk-und-halter-planen-wohnueberbauung\\\/\"]}]},{\"@type\":\"ImageObject\",\"inLanguage\":\"de\",\"@id\":\"https:\\\/\\\/www.immobilienbusiness.ch\\\/regionen\\\/2017-08-25\\\/winterthur-lupk-und-halter-planen-wohnueberbauung\\\/#primaryimage\",\"url\":\"https:\\\/\\\/www.immobilienbusiness.ch\\\/wp-content\\\/uploads\\\/2017\\\/08\\\/Toessfeldstrasse_Winterthur-Toess.jpg\",\"contentUrl\":\"https:\\\/\\\/www.immobilienbusiness.ch\\\/wp-content\\\/uploads\\\/2017\\\/08\\\/Toessfeldstrasse_Winterthur-Toess.jpg\",\"width\":2560,\"height\":1775,\"caption\":\"(Visualisierung: KilgaPopp Architekten AG)\"},{\"@type\":\"BreadcrumbList\",\"@id\":\"https:\\\/\\\/www.immobilienbusiness.ch\\\/regionen\\\/2017-08-25\\\/winterthur-lupk-und-halter-planen-wohnueberbauung\\\/#breadcrumb\",\"itemListElement\":[{\"@type\":\"ListItem\",\"position\":1,\"name\":\"Home\",\"item\":\"https:\\\/\\\/www.immobilienbusiness.ch\\\/\"},{\"@type\":\"ListItem\",\"position\":2,\"name\":\"Winterthur: LUPK und Halter planen Wohn\u00fcberbauung\"}]},{\"@type\":\"WebSite\",\"@id\":\"https:\\\/\\\/www.immobilienbusiness.ch\\\/#website\",\"url\":\"https:\\\/\\\/www.immobilienbusiness.ch\\\/\",\"name\":\"IMMOBILIEN Business\",\"description\":\"Unabh\u00e4ngiges Schweizer Wirtschaftsmagazin mit Fokus auf Immobilien, Architektur- und Bau sowie Investment- und Finanzierung.\",\"publisher\":{\"@id\":\"https:\\\/\\\/www.immobilienbusiness.ch\\\/#organization\"},\"potentialAction\":[{\"@type\":\"SearchAction\",\"target\":{\"@type\":\"EntryPoint\",\"urlTemplate\":\"https:\\\/\\\/www.immobilienbusiness.ch\\\/?s={search_term_string}\"},\"query-input\":{\"@type\":\"PropertyValueSpecification\",\"valueRequired\":true,\"valueName\":\"search_term_string\"}}],\"inLanguage\":\"de\"},{\"@type\":\"Organization\",\"@id\":\"https:\\\/\\\/www.immobilienbusiness.ch\\\/#organization\",\"name\":\"IMMOBILIEN Business\",\"url\":\"https:\\\/\\\/www.immobilienbusiness.ch\\\/\",\"logo\":{\"@type\":\"ImageObject\",\"inLanguage\":\"de\",\"@id\":\"https:\\\/\\\/www.immobilienbusiness.ch\\\/#\\\/schema\\\/logo\\\/image\\\/\",\"url\":\"https:\\\/\\\/www.immobilienbusiness.ch\\\/wp-content\\\/uploads\\\/2021\\\/07\\\/logo_ib.png\",\"contentUrl\":\"https:\\\/\\\/www.immobilienbusiness.ch\\\/wp-content\\\/uploads\\\/2021\\\/07\\\/logo_ib.png\",\"width\":800,\"height\":181,\"caption\":\"IMMOBILIEN Business\"},\"image\":{\"@id\":\"https:\\\/\\\/www.immobilienbusiness.ch\\\/#\\\/schema\\\/logo\\\/image\\\/\"},\"sameAs\":[\"https:\\\/\\\/www.facebook.com\\\/immobilienbusiness\\\/\"]},{\"@type\":\"Person\",\"@id\":\"https:\\\/\\\/www.immobilienbusiness.ch\\\/#\\\/schema\\\/person\\\/3fc036297b10b9f42d6db5ee932af8c8\",\"name\":\"anja.hall\",\"image\":{\"@type\":\"ImageObject\",\"inLanguage\":\"de\",\"@id\":\"https:\\\/\\\/secure.gravatar.com\\\/avatar\\\/066b5a0d447013502c71a5782f4f3469f03cfe595cc2329fb94652fe47511bfb?s=96&d=mm&r=g\",\"url\":\"https:\\\/\\\/secure.gravatar.com\\\/avatar\\\/066b5a0d447013502c71a5782f4f3469f03cfe595cc2329fb94652fe47511bfb?s=96&d=mm&r=g\",\"contentUrl\":\"https:\\\/\\\/secure.gravatar.com\\\/avatar\\\/066b5a0d447013502c71a5782f4f3469f03cfe595cc2329fb94652fe47511bfb?s=96&d=mm&r=g\",\"caption\":\"anja.hall\"},\"url\":\"https:\\\/\\\/www.immobilienbusiness.ch\\\/de\\\/author\\\/anja-hall\\\/\"}]}<\/script>\n<!-- \/ Yoast SEO plugin. -->","yoast_head_json":{"title":"Winterthur: LUPK und Halter planen Wohn\u00fcberbauung - IMMOBILIEN Business","description":"Die Luzerner Pensionskasse und die Halter AG planen beim Bahnhof Winterthur-T\u00f6ss ein Wohngeb\u00e4ude errichten. Der Architekturwettbewerb ist jetzt entschieden.","robots":{"index":"index","follow":"follow","max-snippet":"max-snippet:-1","max-image-preview":"max-image-preview:large","max-video-preview":"max-video-preview:-1"},"canonical":"https:\/\/www.immobilienbusiness.ch\/de\/regionen\/2017-08-25\/winterthur-lupk-und-halter-planen-wohnueberbauung\/","og_locale":"de_DE","og_type":"article","og_title":"Winterthur: LUPK und Halter planen Wohn\u00fcberbauung","og_description":"Die Luzerner Pensionskasse und die Halter AG planen beim Bahnhof Winterthur-T\u00f6ss ein Wohngeb\u00e4ude errichten. Der Architekturwettbewerb ist jetzt entschieden.","og_url":"https:\/\/www.immobilienbusiness.ch\/de\/regionen\/2017-08-25\/winterthur-lupk-und-halter-planen-wohnueberbauung\/","og_site_name":"IMMOBILIEN Business","article_publisher":"https:\/\/www.facebook.com\/immobilienbusiness\/","article_published_time":"2017-08-25T06:54:46+00:00","og_image":[{"width":1024,"height":710,"url":"https:\/\/www.immobilienbusiness.ch\/wp-content\/uploads\/2017\/08\/Toessfeldstrasse_Winterthur-Toess-1024x710.jpg","type":"image\/jpeg"}],"author":"anja.hall","twitter_card":"summary_large_image","twitter_title":"Winterthur: LUPK und Halter planen Wohn\u00fcberbauung","twitter_description":"Die Luzerner Pensionskasse und die Halter AG planen beim Bahnhof Winterthur-T\u00f6ss ein Wohngeb\u00e4ude errichten. Der Architekturwettbewerb ist jetzt entschieden.","twitter_image":"https:\/\/www.immobilienbusiness.ch\/wp-content\/uploads\/2017\/08\/Toessfeldstrasse_Winterthur-Toess.jpg","schema":{"@context":"https:\/\/schema.org","@graph":[{"@type":"Article","@id":"https:\/\/www.immobilienbusiness.ch\/regionen\/2017-08-25\/winterthur-lupk-und-halter-planen-wohnueberbauung\/#article","isPartOf":{"@id":"https:\/\/www.immobilienbusiness.ch\/regionen\/2017-08-25\/winterthur-lupk-und-halter-planen-wohnueberbauung\/"},"author":{"name":"anja.hall","@id":"https:\/\/www.immobilienbusiness.ch\/#\/schema\/person\/3fc036297b10b9f42d6db5ee932af8c8"},"headline":"Winterthur: LUPK und Halter planen Wohn\u00fcberbauung","datePublished":"2017-08-25T06:54:46+00:00","mainEntityOfPage":{"@id":"https:\/\/www.immobilienbusiness.ch\/regionen\/2017-08-25\/winterthur-lupk-und-halter-planen-wohnueberbauung\/"},"wordCount":294,"commentCount":0,"publisher":{"@id":"https:\/\/www.immobilienbusiness.ch\/#organization"},"image":{"@id":"https:\/\/www.immobilienbusiness.ch\/regionen\/2017-08-25\/winterthur-lupk-und-halter-planen-wohnueberbauung\/#primaryimage"},"thumbnailUrl":"https:\/\/www.immobilienbusiness.ch\/wp-content\/uploads\/2017\/08\/Toessfeldstrasse_Winterthur-Toess.jpg","keywords":["Projekt in Planung","Winterthur","Wohnimmobilien"],"articleSection":["REGIONEN"],"inLanguage":"de"},{"@type":"WebPage","@id":"https:\/\/www.immobilienbusiness.ch\/regionen\/2017-08-25\/winterthur-lupk-und-halter-planen-wohnueberbauung\/","url":"https:\/\/www.immobilienbusiness.ch\/regionen\/2017-08-25\/winterthur-lupk-und-halter-planen-wohnueberbauung\/","name":"Winterthur: LUPK und Halter planen Wohn\u00fcberbauung - IMMOBILIEN Business","isPartOf":{"@id":"https:\/\/www.immobilienbusiness.ch\/#website"},"primaryImageOfPage":{"@id":"https:\/\/www.immobilienbusiness.ch\/regionen\/2017-08-25\/winterthur-lupk-und-halter-planen-wohnueberbauung\/#primaryimage"},"image":{"@id":"https:\/\/www.immobilienbusiness.ch\/regionen\/2017-08-25\/winterthur-lupk-und-halter-planen-wohnueberbauung\/#primaryimage"},"thumbnailUrl":"https:\/\/www.immobilienbusiness.ch\/wp-content\/uploads\/2017\/08\/Toessfeldstrasse_Winterthur-Toess.jpg","datePublished":"2017-08-25T06:54:46+00:00","description":"Die Luzerner Pensionskasse und die Halter AG planen beim Bahnhof Winterthur-T\u00f6ss ein Wohngeb\u00e4ude errichten. Der Architekturwettbewerb ist jetzt entschieden.","breadcrumb":{"@id":"https:\/\/www.immobilienbusiness.ch\/regionen\/2017-08-25\/winterthur-lupk-und-halter-planen-wohnueberbauung\/#breadcrumb"},"inLanguage":"de","potentialAction":[{"@type":"ReadAction","target":["https:\/\/www.immobilienbusiness.ch\/regionen\/2017-08-25\/winterthur-lupk-und-halter-planen-wohnueberbauung\/"]}]},{"@type":"ImageObject","inLanguage":"de","@id":"https:\/\/www.immobilienbusiness.ch\/regionen\/2017-08-25\/winterthur-lupk-und-halter-planen-wohnueberbauung\/#primaryimage","url":"https:\/\/www.immobilienbusiness.ch\/wp-content\/uploads\/2017\/08\/Toessfeldstrasse_Winterthur-Toess.jpg","contentUrl":"https:\/\/www.immobilienbusiness.ch\/wp-content\/uploads\/2017\/08\/Toessfeldstrasse_Winterthur-Toess.jpg","width":2560,"height":1775,"caption":"(Visualisierung: KilgaPopp Architekten AG)"},{"@type":"BreadcrumbList","@id":"https:\/\/www.immobilienbusiness.ch\/regionen\/2017-08-25\/winterthur-lupk-und-halter-planen-wohnueberbauung\/#breadcrumb","itemListElement":[{"@type":"ListItem","position":1,"name":"Home","item":"https:\/\/www.immobilienbusiness.ch\/"},{"@type":"ListItem","position":2,"name":"Winterthur: LUPK und Halter planen Wohn\u00fcberbauung"}]},{"@type":"WebSite","@id":"https:\/\/www.immobilienbusiness.ch\/#website","url":"https:\/\/www.immobilienbusiness.ch\/","name":"IMMOBILIEN Business","description":"Unabh\u00e4ngiges Schweizer Wirtschaftsmagazin mit Fokus auf Immobilien, Architektur- und Bau sowie Investment- und Finanzierung.","publisher":{"@id":"https:\/\/www.immobilienbusiness.ch\/#organization"},"potentialAction":[{"@type":"SearchAction","target":{"@type":"EntryPoint","urlTemplate":"https:\/\/www.immobilienbusiness.ch\/?s={search_term_string}"},"query-input":{"@type":"PropertyValueSpecification","valueRequired":true,"valueName":"search_term_string"}}],"inLanguage":"de"},{"@type":"Organization","@id":"https:\/\/www.immobilienbusiness.ch\/#organization","name":"IMMOBILIEN Business","url":"https:\/\/www.immobilienbusiness.ch\/","logo":{"@type":"ImageObject","inLanguage":"de","@id":"https:\/\/www.immobilienbusiness.ch\/#\/schema\/logo\/image\/","url":"https:\/\/www.immobilienbusiness.ch\/wp-content\/uploads\/2021\/07\/logo_ib.png","contentUrl":"https:\/\/www.immobilienbusiness.ch\/wp-content\/uploads\/2021\/07\/logo_ib.png","width":800,"height":181,"caption":"IMMOBILIEN Business"},"image":{"@id":"https:\/\/www.immobilienbusiness.ch\/#\/schema\/logo\/image\/"},"sameAs":["https:\/\/www.facebook.com\/immobilienbusiness\/"]},{"@type":"Person","@id":"https:\/\/www.immobilienbusiness.ch\/#\/schema\/person\/3fc036297b10b9f42d6db5ee932af8c8","name":"anja.hall","image":{"@type":"ImageObject","inLanguage":"de","@id":"https:\/\/secure.gravatar.com\/avatar\/066b5a0d447013502c71a5782f4f3469f03cfe595cc2329fb94652fe47511bfb?s=96&d=mm&r=g","url":"https:\/\/secure.gravatar.com\/avatar\/066b5a0d447013502c71a5782f4f3469f03cfe595cc2329fb94652fe47511bfb?s=96&d=mm&r=g","contentUrl":"https:\/\/secure.gravatar.com\/avatar\/066b5a0d447013502c71a5782f4f3469f03cfe595cc2329fb94652fe47511bfb?s=96&d=mm&r=g","caption":"anja.hall"},"url":"https:\/\/www.immobilienbusiness.ch\/de\/author\/anja-hall\/"}]}},"_links":{"self":[{"href":"https:\/\/www.immobilienbusiness.ch\/de\/wp-json\/wp\/v2\/posts\/8853","targetHints":{"allow":["GET"]}}],"collection":[{"href":"https:\/\/www.immobilienbusiness.ch\/de\/wp-json\/wp\/v2\/posts"}],"about":[{"href":"https:\/\/www.immobilienbusiness.ch\/de\/wp-json\/wp\/v2\/types\/post"}],"author":[{"embeddable":true,"href":"https:\/\/www.immobilienbusiness.ch\/de\/wp-json\/wp\/v2\/users\/3"}],"replies":[{"embeddable":true,"href":"https:\/\/www.immobilienbusiness.ch\/de\/wp-json\/wp\/v2\/comments?post=8853"}],"version-history":[{"count":0,"href":"https:\/\/www.immobilienbusiness.ch\/de\/wp-json\/wp\/v2\/posts\/8853\/revisions"}],"wp:featuredmedia":[{"embeddable":true,"href":"https:\/\/www.immobilienbusiness.ch\/de\/wp-json\/wp\/v2\/media\/8854"}],"wp:attachment":[{"href":"https:\/\/www.immobilienbusiness.ch\/de\/wp-json\/wp\/v2\/media?parent=8853"}],"wp:term":[{"taxonomy":"category","embeddable":true,"href":"https:\/\/www.immobilienbusiness.ch\/de\/wp-json\/wp\/v2\/categories?post=8853"},{"taxonomy":"post_tag","embeddable":true,"href":"https:\/\/www.immobilienbusiness.ch\/de\/wp-json\/wp\/v2\/tags?post=8853"}],"curies":[{"name":"wp","href":"https:\/\/api.w.org\/{rel}","templated":true}]}}