{"id":8369,"date":"2017-07-17T09:12:05","date_gmt":"2017-07-17T07:12:05","guid":{"rendered":"https:\/\/www.immobilienbusiness.ch\/?p=8369"},"modified":"2017-07-17T09:12:05","modified_gmt":"2017-07-17T07:12:05","slug":"akara-fonds-kapitalerhoehung","status":"publish","type":"post","link":"https:\/\/www.immobilienbusiness.ch\/de\/unternehmen\/2017-07-17\/akara-fonds-kapitalerhoehung\/","title":{"rendered":"Akara-Fonds schliesst Kapitalerh\u00f6hung ab"},"content":{"rendered":"<figure id=\"attachment_3095\" aria-describedby=\"caption-attachment-3095\" style=\"width: 680px\" class=\"wp-caption alignnone\"><img loading=\"lazy\" decoding=\"async\" class=\"size-medium wp-image-3095\" src=\"https:\/\/www.immobilienbusiness.ch\/wp-content\/uploads\/2016\/12\/UBS-Sima-erl\u00f6st-370-Millionen-aus-Kapitalerh\u00f6hung-immobilien-business.jpg\" alt=\"\" width=\"680\" height=\"455\" \/><figcaption id=\"caption-attachment-3095\" class=\"wp-caption-text\">Der Fonds Akara Swiss Diversity Property hat seine erste Kapitalerh\u00f6hung abgeschlossen (Foto: Pixabay)<\/figcaption><\/figure>\n<p>Die Kapitalerh\u00f6hung des Akara\u00a0Swiss Diversity Property Fund sei deutlich \u00fcberzeichnet worden, teilt die Akara Funds AG mit.\u00a0\u00abDie bestehenden Anleger haben mehrheitlich ihre Bezugsrechte ausge\u00fcbt, der Anlegerkreis konnte erweitert werden und die geplanten Immobilienk\u00e4ufe und Bauprojekte k\u00f6nnen umgesetzt werden\u00bb, sagt Karl Theiler, CEO der Fondsgesellschaft.<\/p>\n<p>Liberiert werden die neuen Anteile am 29. September 2017. Die entsprechenden Mittel sollen f\u00fcr weitere Investitionen und zum Abbau von Fremdkapital verwendet werden.<\/p>\n<p><a href=\"https:\/\/www.immobilienbusiness.ch\/akara-fund-ist-voll-investiert-und-plant-folge-emission\/\">Der Akara Swiss Diversity Property Fund PK wurde im Oktober 2016 lanciert <\/a>und richtet sich vor allem an Vorsorgeeinrichtungen, Sozialversicherungs- und Ausgleichskassen. Investiert wird in Bestandesliegenschaften sowie in Entwicklungs- und Bauprojekte mit den Nutzungsarten \u00abWohnen und Kommerz\u00bb in der ganzen Schweiz. Die Liegenschaften werden vorwiegend direkt gehalten.<\/p>\n<p>Hinter der Akara Funds AG, die\u00a0im August 2016 gegr\u00fcndet wurde, stehen Karl Theiler (CEO und Partner) sowie Jonathan van Gelder (CIO und Partner). Theiler war bis M\u00e4rz 2014 Leiter Immobilienanlagen bei der Swisscanto Asset Management und verantwortete dort zuletzt einen Immobilienbestand von rund sieben Milliarden CHF. Van Gelder amtete bis Mai 2015 als Leiter Immobilien Direktanlagen der b\u00f6rsenkotierten Swiss Finance &amp; Property Investment AG.<\/p>\n","protected":false},"excerpt":{"rendered":"<p>Der Akara Swiss Diversity Property Fund PK hat seine erste Kapitalerh\u00f6hung erfolgreich hinter sich gebracht. Es wurden Anteile im Umfang von 199,6 Millionen CHF gezeichnet, dem Fonds fliessen Mittel in der H\u00f6he von rund 153 Millionen zu.<\/p>\n","protected":false},"author":3,"featured_media":3095,"comment_status":"open","ping_status":"open","sticky":false,"template":"","format":"standard","meta":{"_acf_changed":false,"_yoast_wpseo_focuskw":"Akara","_yoast_wpseo_title":"","_yoast_wpseo_metadesc":"Dem Akara Swiss Diversity Property Fund PK fliessen nach seiner ersten Kapitalerh\u00f6hung Mittel in der H\u00f6he von rund 153 Millionen zu.","_yoast_wpseo_linkdex":49,"pgc_sgb_lightbox_settings":"","footnotes":""},"categories":[988],"tags":[1332,1412],"class_list":["post-8369","post","type-post","status-publish","format-standard","has-post-thumbnail","hentry","category-unternehmen","tag-immobilien-fonds","tag-kapitalerhoehung"],"acf":[],"yoast_head":"<!-- This site is optimized with the Yoast SEO plugin v27.5 - https:\/\/yoast.com\/product\/yoast-seo-wordpress\/ -->\n<title>Akara-Fonds schliesst Kapitalerh\u00f6hung ab - IMMOBILIEN Business<\/title>\n<meta name=\"description\" content=\"Dem Akara Swiss Diversity Property Fund PK fliessen nach seiner ersten Kapitalerh\u00f6hung Mittel in der H\u00f6he von rund 153 Millionen zu.\" \/>\n<meta name=\"robots\" content=\"index, follow, max-snippet:-1, max-image-preview:large, max-video-preview:-1\" \/>\n<link rel=\"canonical\" href=\"https:\/\/www.immobilienbusiness.ch\/de\/unternehmen\/2017-07-17\/akara-fonds-kapitalerhoehung\/\" \/>\n<meta property=\"og:locale\" content=\"de_DE\" \/>\n<meta property=\"og:type\" content=\"article\" \/>\n<meta property=\"og:title\" content=\"Akara-Fonds schliesst Kapitalerh\u00f6hung ab\" \/>\n<meta property=\"og:description\" content=\"Dem Akara Swiss Diversity Property Fund PK fliessen nach seiner ersten Kapitalerh\u00f6hung Mittel in der H\u00f6he von rund 153 Millionen zu.\" \/>\n<meta property=\"og:url\" content=\"https:\/\/www.immobilienbusiness.ch\/de\/unternehmen\/2017-07-17\/akara-fonds-kapitalerhoehung\/\" \/>\n<meta property=\"og:site_name\" content=\"IMMOBILIEN Business\" \/>\n<meta property=\"article:publisher\" content=\"https:\/\/www.facebook.com\/immobilienbusiness\/\" \/>\n<meta property=\"article:published_time\" content=\"2017-07-17T07:12:05+00:00\" \/>\n<meta property=\"og:image\" content=\"https:\/\/www.immobilienbusiness.ch\/wp-content\/uploads\/2016\/12\/UBS-Sima-erloest-370-Millionen-aus-Kapitalerhoehung-immobilien-business.jpg\" \/>\n\t<meta property=\"og:image:width\" content=\"1280\" \/>\n\t<meta property=\"og:image:height\" content=\"856\" \/>\n\t<meta property=\"og:image:type\" content=\"image\/jpeg\" \/>\n<meta name=\"author\" content=\"anja.hall\" \/>\n<meta name=\"twitter:card\" content=\"summary_large_image\" \/>\n<meta name=\"twitter:title\" content=\"Akara-Fonds schliesst Kapitalerh\u00f6hung ab\" \/>\n<meta name=\"twitter:description\" content=\"Dem Akara Swiss Diversity Property Fund PK fliessen nach seiner ersten Kapitalerh\u00f6hung Mittel in der H\u00f6he von rund 153 Millionen zu.\" \/>\n<meta name=\"twitter:image\" content=\"https:\/\/www.immobilienbusiness.ch\/wp-content\/uploads\/2016\/12\/UBS-Sima-erl\u00f6st-370-Millionen-aus-Kapitalerh\u00f6hung-immobilien-business.jpg\" \/>\n<script type=\"application\/ld+json\" class=\"yoast-schema-graph\">{\"@context\":\"https:\\\/\\\/schema.org\",\"@graph\":[{\"@type\":\"Article\",\"@id\":\"https:\\\/\\\/www.immobilienbusiness.ch\\\/unternehmen\\\/2017-07-17\\\/akara-fonds-kapitalerhoehung\\\/#article\",\"isPartOf\":{\"@id\":\"https:\\\/\\\/www.immobilienbusiness.ch\\\/unternehmen\\\/2017-07-17\\\/akara-fonds-kapitalerhoehung\\\/\"},\"author\":{\"name\":\"anja.hall\",\"@id\":\"https:\\\/\\\/www.immobilienbusiness.ch\\\/#\\\/schema\\\/person\\\/3fc036297b10b9f42d6db5ee932af8c8\"},\"headline\":\"Akara-Fonds schliesst Kapitalerh\u00f6hung ab\",\"datePublished\":\"2017-07-17T07:12:05+00:00\",\"mainEntityOfPage\":{\"@id\":\"https:\\\/\\\/www.immobilienbusiness.ch\\\/unternehmen\\\/2017-07-17\\\/akara-fonds-kapitalerhoehung\\\/\"},\"wordCount\":209,\"commentCount\":0,\"publisher\":{\"@id\":\"https:\\\/\\\/www.immobilienbusiness.ch\\\/#organization\"},\"image\":{\"@id\":\"https:\\\/\\\/www.immobilienbusiness.ch\\\/unternehmen\\\/2017-07-17\\\/akara-fonds-kapitalerhoehung\\\/#primaryimage\"},\"thumbnailUrl\":\"https:\\\/\\\/www.immobilienbusiness.ch\\\/wp-content\\\/uploads\\\/2016\\\/12\\\/UBS-Sima-erloest-370-Millionen-aus-Kapitalerhoehung-immobilien-business.jpg\",\"keywords\":[\"Immobilien-Fonds\",\"Kapitalerh\u00f6hung\"],\"articleSection\":[\"UNTERNEHMEN\"],\"inLanguage\":\"de\"},{\"@type\":\"WebPage\",\"@id\":\"https:\\\/\\\/www.immobilienbusiness.ch\\\/unternehmen\\\/2017-07-17\\\/akara-fonds-kapitalerhoehung\\\/\",\"url\":\"https:\\\/\\\/www.immobilienbusiness.ch\\\/unternehmen\\\/2017-07-17\\\/akara-fonds-kapitalerhoehung\\\/\",\"name\":\"Akara-Fonds schliesst Kapitalerh\u00f6hung ab - IMMOBILIEN Business\",\"isPartOf\":{\"@id\":\"https:\\\/\\\/www.immobilienbusiness.ch\\\/#website\"},\"primaryImageOfPage\":{\"@id\":\"https:\\\/\\\/www.immobilienbusiness.ch\\\/unternehmen\\\/2017-07-17\\\/akara-fonds-kapitalerhoehung\\\/#primaryimage\"},\"image\":{\"@id\":\"https:\\\/\\\/www.immobilienbusiness.ch\\\/unternehmen\\\/2017-07-17\\\/akara-fonds-kapitalerhoehung\\\/#primaryimage\"},\"thumbnailUrl\":\"https:\\\/\\\/www.immobilienbusiness.ch\\\/wp-content\\\/uploads\\\/2016\\\/12\\\/UBS-Sima-erloest-370-Millionen-aus-Kapitalerhoehung-immobilien-business.jpg\",\"datePublished\":\"2017-07-17T07:12:05+00:00\",\"description\":\"Dem Akara Swiss Diversity Property Fund PK fliessen nach seiner ersten Kapitalerh\u00f6hung Mittel in der H\u00f6he von rund 153 Millionen zu.\",\"breadcrumb\":{\"@id\":\"https:\\\/\\\/www.immobilienbusiness.ch\\\/unternehmen\\\/2017-07-17\\\/akara-fonds-kapitalerhoehung\\\/#breadcrumb\"},\"inLanguage\":\"de\",\"potentialAction\":[{\"@type\":\"ReadAction\",\"target\":[\"https:\\\/\\\/www.immobilienbusiness.ch\\\/unternehmen\\\/2017-07-17\\\/akara-fonds-kapitalerhoehung\\\/\"]}]},{\"@type\":\"ImageObject\",\"inLanguage\":\"de\",\"@id\":\"https:\\\/\\\/www.immobilienbusiness.ch\\\/unternehmen\\\/2017-07-17\\\/akara-fonds-kapitalerhoehung\\\/#primaryimage\",\"url\":\"https:\\\/\\\/www.immobilienbusiness.ch\\\/wp-content\\\/uploads\\\/2016\\\/12\\\/UBS-Sima-erloest-370-Millionen-aus-Kapitalerhoehung-immobilien-business.jpg\",\"contentUrl\":\"https:\\\/\\\/www.immobilienbusiness.ch\\\/wp-content\\\/uploads\\\/2016\\\/12\\\/UBS-Sima-erloest-370-Millionen-aus-Kapitalerhoehung-immobilien-business.jpg\",\"width\":1280,\"height\":856,\"caption\":\"Der UBS \u00abSima\u00bb hat eine Kapitalerh\u00f6hung \u00fcber 370 Millionen durchgef\u00fchrt (Foto: Pixabay)\"},{\"@type\":\"BreadcrumbList\",\"@id\":\"https:\\\/\\\/www.immobilienbusiness.ch\\\/unternehmen\\\/2017-07-17\\\/akara-fonds-kapitalerhoehung\\\/#breadcrumb\",\"itemListElement\":[{\"@type\":\"ListItem\",\"position\":1,\"name\":\"Home\",\"item\":\"https:\\\/\\\/www.immobilienbusiness.ch\\\/\"},{\"@type\":\"ListItem\",\"position\":2,\"name\":\"Akara-Fonds schliesst Kapitalerh\u00f6hung ab\"}]},{\"@type\":\"WebSite\",\"@id\":\"https:\\\/\\\/www.immobilienbusiness.ch\\\/#website\",\"url\":\"https:\\\/\\\/www.immobilienbusiness.ch\\\/\",\"name\":\"IMMOBILIEN Business\",\"description\":\"Unabh\u00e4ngiges Schweizer Wirtschaftsmagazin mit Fokus auf Immobilien, Architektur- und Bau sowie Investment- und Finanzierung.\",\"publisher\":{\"@id\":\"https:\\\/\\\/www.immobilienbusiness.ch\\\/#organization\"},\"potentialAction\":[{\"@type\":\"SearchAction\",\"target\":{\"@type\":\"EntryPoint\",\"urlTemplate\":\"https:\\\/\\\/www.immobilienbusiness.ch\\\/?s={search_term_string}\"},\"query-input\":{\"@type\":\"PropertyValueSpecification\",\"valueRequired\":true,\"valueName\":\"search_term_string\"}}],\"inLanguage\":\"de\"},{\"@type\":\"Organization\",\"@id\":\"https:\\\/\\\/www.immobilienbusiness.ch\\\/#organization\",\"name\":\"IMMOBILIEN Business\",\"url\":\"https:\\\/\\\/www.immobilienbusiness.ch\\\/\",\"logo\":{\"@type\":\"ImageObject\",\"inLanguage\":\"de\",\"@id\":\"https:\\\/\\\/www.immobilienbusiness.ch\\\/#\\\/schema\\\/logo\\\/image\\\/\",\"url\":\"https:\\\/\\\/www.immobilienbusiness.ch\\\/wp-content\\\/uploads\\\/2021\\\/07\\\/logo_ib.png\",\"contentUrl\":\"https:\\\/\\\/www.immobilienbusiness.ch\\\/wp-content\\\/uploads\\\/2021\\\/07\\\/logo_ib.png\",\"width\":800,\"height\":181,\"caption\":\"IMMOBILIEN Business\"},\"image\":{\"@id\":\"https:\\\/\\\/www.immobilienbusiness.ch\\\/#\\\/schema\\\/logo\\\/image\\\/\"},\"sameAs\":[\"https:\\\/\\\/www.facebook.com\\\/immobilienbusiness\\\/\"]},{\"@type\":\"Person\",\"@id\":\"https:\\\/\\\/www.immobilienbusiness.ch\\\/#\\\/schema\\\/person\\\/3fc036297b10b9f42d6db5ee932af8c8\",\"name\":\"anja.hall\",\"image\":{\"@type\":\"ImageObject\",\"inLanguage\":\"de\",\"@id\":\"https:\\\/\\\/secure.gravatar.com\\\/avatar\\\/066b5a0d447013502c71a5782f4f3469f03cfe595cc2329fb94652fe47511bfb?s=96&d=mm&r=g\",\"url\":\"https:\\\/\\\/secure.gravatar.com\\\/avatar\\\/066b5a0d447013502c71a5782f4f3469f03cfe595cc2329fb94652fe47511bfb?s=96&d=mm&r=g\",\"contentUrl\":\"https:\\\/\\\/secure.gravatar.com\\\/avatar\\\/066b5a0d447013502c71a5782f4f3469f03cfe595cc2329fb94652fe47511bfb?s=96&d=mm&r=g\",\"caption\":\"anja.hall\"},\"url\":\"https:\\\/\\\/www.immobilienbusiness.ch\\\/de\\\/author\\\/anja-hall\\\/\"}]}<\/script>\n<!-- \/ Yoast SEO plugin. -->","yoast_head_json":{"title":"Akara-Fonds schliesst Kapitalerh\u00f6hung ab - IMMOBILIEN Business","description":"Dem Akara Swiss Diversity Property Fund PK fliessen nach seiner ersten Kapitalerh\u00f6hung Mittel in der H\u00f6he von rund 153 Millionen zu.","robots":{"index":"index","follow":"follow","max-snippet":"max-snippet:-1","max-image-preview":"max-image-preview:large","max-video-preview":"max-video-preview:-1"},"canonical":"https:\/\/www.immobilienbusiness.ch\/de\/unternehmen\/2017-07-17\/akara-fonds-kapitalerhoehung\/","og_locale":"de_DE","og_type":"article","og_title":"Akara-Fonds schliesst Kapitalerh\u00f6hung ab","og_description":"Dem Akara Swiss Diversity Property Fund PK fliessen nach seiner ersten Kapitalerh\u00f6hung Mittel in der H\u00f6he von rund 153 Millionen zu.","og_url":"https:\/\/www.immobilienbusiness.ch\/de\/unternehmen\/2017-07-17\/akara-fonds-kapitalerhoehung\/","og_site_name":"IMMOBILIEN Business","article_publisher":"https:\/\/www.facebook.com\/immobilienbusiness\/","article_published_time":"2017-07-17T07:12:05+00:00","og_image":[{"width":1280,"height":856,"url":"https:\/\/www.immobilienbusiness.ch\/wp-content\/uploads\/2016\/12\/UBS-Sima-erloest-370-Millionen-aus-Kapitalerhoehung-immobilien-business.jpg","type":"image\/jpeg"}],"author":"anja.hall","twitter_card":"summary_large_image","twitter_title":"Akara-Fonds schliesst Kapitalerh\u00f6hung ab","twitter_description":"Dem Akara Swiss Diversity Property Fund PK fliessen nach seiner ersten Kapitalerh\u00f6hung Mittel in der H\u00f6he von rund 153 Millionen zu.","twitter_image":"https:\/\/www.immobilienbusiness.ch\/wp-content\/uploads\/2016\/12\/UBS-Sima-erl\u00f6st-370-Millionen-aus-Kapitalerh\u00f6hung-immobilien-business.jpg","schema":{"@context":"https:\/\/schema.org","@graph":[{"@type":"Article","@id":"https:\/\/www.immobilienbusiness.ch\/unternehmen\/2017-07-17\/akara-fonds-kapitalerhoehung\/#article","isPartOf":{"@id":"https:\/\/www.immobilienbusiness.ch\/unternehmen\/2017-07-17\/akara-fonds-kapitalerhoehung\/"},"author":{"name":"anja.hall","@id":"https:\/\/www.immobilienbusiness.ch\/#\/schema\/person\/3fc036297b10b9f42d6db5ee932af8c8"},"headline":"Akara-Fonds schliesst Kapitalerh\u00f6hung ab","datePublished":"2017-07-17T07:12:05+00:00","mainEntityOfPage":{"@id":"https:\/\/www.immobilienbusiness.ch\/unternehmen\/2017-07-17\/akara-fonds-kapitalerhoehung\/"},"wordCount":209,"commentCount":0,"publisher":{"@id":"https:\/\/www.immobilienbusiness.ch\/#organization"},"image":{"@id":"https:\/\/www.immobilienbusiness.ch\/unternehmen\/2017-07-17\/akara-fonds-kapitalerhoehung\/#primaryimage"},"thumbnailUrl":"https:\/\/www.immobilienbusiness.ch\/wp-content\/uploads\/2016\/12\/UBS-Sima-erloest-370-Millionen-aus-Kapitalerhoehung-immobilien-business.jpg","keywords":["Immobilien-Fonds","Kapitalerh\u00f6hung"],"articleSection":["UNTERNEHMEN"],"inLanguage":"de"},{"@type":"WebPage","@id":"https:\/\/www.immobilienbusiness.ch\/unternehmen\/2017-07-17\/akara-fonds-kapitalerhoehung\/","url":"https:\/\/www.immobilienbusiness.ch\/unternehmen\/2017-07-17\/akara-fonds-kapitalerhoehung\/","name":"Akara-Fonds schliesst Kapitalerh\u00f6hung ab - IMMOBILIEN Business","isPartOf":{"@id":"https:\/\/www.immobilienbusiness.ch\/#website"},"primaryImageOfPage":{"@id":"https:\/\/www.immobilienbusiness.ch\/unternehmen\/2017-07-17\/akara-fonds-kapitalerhoehung\/#primaryimage"},"image":{"@id":"https:\/\/www.immobilienbusiness.ch\/unternehmen\/2017-07-17\/akara-fonds-kapitalerhoehung\/#primaryimage"},"thumbnailUrl":"https:\/\/www.immobilienbusiness.ch\/wp-content\/uploads\/2016\/12\/UBS-Sima-erloest-370-Millionen-aus-Kapitalerhoehung-immobilien-business.jpg","datePublished":"2017-07-17T07:12:05+00:00","description":"Dem Akara Swiss Diversity Property Fund PK fliessen nach seiner ersten Kapitalerh\u00f6hung Mittel in der H\u00f6he von rund 153 Millionen zu.","breadcrumb":{"@id":"https:\/\/www.immobilienbusiness.ch\/unternehmen\/2017-07-17\/akara-fonds-kapitalerhoehung\/#breadcrumb"},"inLanguage":"de","potentialAction":[{"@type":"ReadAction","target":["https:\/\/www.immobilienbusiness.ch\/unternehmen\/2017-07-17\/akara-fonds-kapitalerhoehung\/"]}]},{"@type":"ImageObject","inLanguage":"de","@id":"https:\/\/www.immobilienbusiness.ch\/unternehmen\/2017-07-17\/akara-fonds-kapitalerhoehung\/#primaryimage","url":"https:\/\/www.immobilienbusiness.ch\/wp-content\/uploads\/2016\/12\/UBS-Sima-erloest-370-Millionen-aus-Kapitalerhoehung-immobilien-business.jpg","contentUrl":"https:\/\/www.immobilienbusiness.ch\/wp-content\/uploads\/2016\/12\/UBS-Sima-erloest-370-Millionen-aus-Kapitalerhoehung-immobilien-business.jpg","width":1280,"height":856,"caption":"Der UBS \u00abSima\u00bb hat eine Kapitalerh\u00f6hung \u00fcber 370 Millionen durchgef\u00fchrt (Foto: Pixabay)"},{"@type":"BreadcrumbList","@id":"https:\/\/www.immobilienbusiness.ch\/unternehmen\/2017-07-17\/akara-fonds-kapitalerhoehung\/#breadcrumb","itemListElement":[{"@type":"ListItem","position":1,"name":"Home","item":"https:\/\/www.immobilienbusiness.ch\/"},{"@type":"ListItem","position":2,"name":"Akara-Fonds schliesst Kapitalerh\u00f6hung ab"}]},{"@type":"WebSite","@id":"https:\/\/www.immobilienbusiness.ch\/#website","url":"https:\/\/www.immobilienbusiness.ch\/","name":"IMMOBILIEN Business","description":"Unabh\u00e4ngiges Schweizer Wirtschaftsmagazin mit Fokus auf Immobilien, Architektur- und Bau sowie Investment- und Finanzierung.","publisher":{"@id":"https:\/\/www.immobilienbusiness.ch\/#organization"},"potentialAction":[{"@type":"SearchAction","target":{"@type":"EntryPoint","urlTemplate":"https:\/\/www.immobilienbusiness.ch\/?s={search_term_string}"},"query-input":{"@type":"PropertyValueSpecification","valueRequired":true,"valueName":"search_term_string"}}],"inLanguage":"de"},{"@type":"Organization","@id":"https:\/\/www.immobilienbusiness.ch\/#organization","name":"IMMOBILIEN Business","url":"https:\/\/www.immobilienbusiness.ch\/","logo":{"@type":"ImageObject","inLanguage":"de","@id":"https:\/\/www.immobilienbusiness.ch\/#\/schema\/logo\/image\/","url":"https:\/\/www.immobilienbusiness.ch\/wp-content\/uploads\/2021\/07\/logo_ib.png","contentUrl":"https:\/\/www.immobilienbusiness.ch\/wp-content\/uploads\/2021\/07\/logo_ib.png","width":800,"height":181,"caption":"IMMOBILIEN Business"},"image":{"@id":"https:\/\/www.immobilienbusiness.ch\/#\/schema\/logo\/image\/"},"sameAs":["https:\/\/www.facebook.com\/immobilienbusiness\/"]},{"@type":"Person","@id":"https:\/\/www.immobilienbusiness.ch\/#\/schema\/person\/3fc036297b10b9f42d6db5ee932af8c8","name":"anja.hall","image":{"@type":"ImageObject","inLanguage":"de","@id":"https:\/\/secure.gravatar.com\/avatar\/066b5a0d447013502c71a5782f4f3469f03cfe595cc2329fb94652fe47511bfb?s=96&d=mm&r=g","url":"https:\/\/secure.gravatar.com\/avatar\/066b5a0d447013502c71a5782f4f3469f03cfe595cc2329fb94652fe47511bfb?s=96&d=mm&r=g","contentUrl":"https:\/\/secure.gravatar.com\/avatar\/066b5a0d447013502c71a5782f4f3469f03cfe595cc2329fb94652fe47511bfb?s=96&d=mm&r=g","caption":"anja.hall"},"url":"https:\/\/www.immobilienbusiness.ch\/de\/author\/anja-hall\/"}]}},"_links":{"self":[{"href":"https:\/\/www.immobilienbusiness.ch\/de\/wp-json\/wp\/v2\/posts\/8369","targetHints":{"allow":["GET"]}}],"collection":[{"href":"https:\/\/www.immobilienbusiness.ch\/de\/wp-json\/wp\/v2\/posts"}],"about":[{"href":"https:\/\/www.immobilienbusiness.ch\/de\/wp-json\/wp\/v2\/types\/post"}],"author":[{"embeddable":true,"href":"https:\/\/www.immobilienbusiness.ch\/de\/wp-json\/wp\/v2\/users\/3"}],"replies":[{"embeddable":true,"href":"https:\/\/www.immobilienbusiness.ch\/de\/wp-json\/wp\/v2\/comments?post=8369"}],"version-history":[{"count":0,"href":"https:\/\/www.immobilienbusiness.ch\/de\/wp-json\/wp\/v2\/posts\/8369\/revisions"}],"wp:featuredmedia":[{"embeddable":true,"href":"https:\/\/www.immobilienbusiness.ch\/de\/wp-json\/wp\/v2\/media\/3095"}],"wp:attachment":[{"href":"https:\/\/www.immobilienbusiness.ch\/de\/wp-json\/wp\/v2\/media?parent=8369"}],"wp:term":[{"taxonomy":"category","embeddable":true,"href":"https:\/\/www.immobilienbusiness.ch\/de\/wp-json\/wp\/v2\/categories?post=8369"},{"taxonomy":"post_tag","embeddable":true,"href":"https:\/\/www.immobilienbusiness.ch\/de\/wp-json\/wp\/v2\/tags?post=8369"}],"curies":[{"name":"wp","href":"https:\/\/api.w.org\/{rel}","templated":true}]}}