{"id":8315,"date":"2017-07-12T08:43:54","date_gmt":"2017-07-12T06:43:54","guid":{"rendered":"https:\/\/www.immobilienbusiness.ch\/?p=8315"},"modified":"2017-07-12T08:43:54","modified_gmt":"2017-07-12T06:43:54","slug":"zuerich-vermietung-im-prime-tower","status":"publish","type":"post","link":"https:\/\/www.immobilienbusiness.ch\/de\/regionen\/2017-07-12\/zuerich-vermietung-im-prime-tower\/","title":{"rendered":"Z\u00fcrich: Vermietung im Prime Tower"},"content":{"rendered":"<p>&nbsp;<\/p>\n<figure id=\"attachment_5131\" aria-describedby=\"caption-attachment-5131\" style=\"width: 667px\" class=\"wp-caption alignnone\"><img loading=\"lazy\" decoding=\"async\" class=\"wp-image-5131 size-medium\" src=\"https:\/\/www.immobilienbusiness.ch\/wp-content\/uploads\/2016\/11\/Swiss-Prime-Site-Ertrag-steigt-Gewinn-sinkt-immobilien-business.jpg\" alt=\"\" width=\"667\" height=\"1000\" srcset=\"https:\/\/www.immobilienbusiness.ch\/wp-content\/uploads\/2016\/11\/Swiss-Prime-Site-Ertrag-steigt-Gewinn-sinkt-immobilien-business.jpg 1707w, https:\/\/www.immobilienbusiness.ch\/wp-content\/uploads\/2016\/11\/Swiss-Prime-Site-Ertrag-steigt-Gewinn-sinkt-immobilien-business-200x300.jpg 200w, https:\/\/www.immobilienbusiness.ch\/wp-content\/uploads\/2016\/11\/Swiss-Prime-Site-Ertrag-steigt-Gewinn-sinkt-immobilien-business-683x1024.jpg 683w, https:\/\/www.immobilienbusiness.ch\/wp-content\/uploads\/2016\/11\/Swiss-Prime-Site-Ertrag-steigt-Gewinn-sinkt-immobilien-business-768x1152.jpg 768w, https:\/\/www.immobilienbusiness.ch\/wp-content\/uploads\/2016\/11\/Swiss-Prime-Site-Ertrag-steigt-Gewinn-sinkt-immobilien-business-1024x1536.jpg 1024w, https:\/\/www.immobilienbusiness.ch\/wp-content\/uploads\/2016\/11\/Swiss-Prime-Site-Ertrag-steigt-Gewinn-sinkt-immobilien-business-1365x2048.jpg 1365w, https:\/\/www.immobilienbusiness.ch\/wp-content\/uploads\/2016\/11\/Swiss-Prime-Site-Ertrag-steigt-Gewinn-sinkt-immobilien-business-8x12.jpg 8w, https:\/\/www.immobilienbusiness.ch\/wp-content\/uploads\/2016\/11\/Swiss-Prime-Site-Ertrag-steigt-Gewinn-sinkt-immobilien-business-117x175.jpg 117w, https:\/\/www.immobilienbusiness.ch\/wp-content\/uploads\/2016\/11\/Swiss-Prime-Site-Ertrag-steigt-Gewinn-sinkt-immobilien-business-233x350.jpg 233w, https:\/\/www.immobilienbusiness.ch\/wp-content\/uploads\/2016\/11\/Swiss-Prime-Site-Ertrag-steigt-Gewinn-sinkt-immobilien-business-533x800.jpg 533w, https:\/\/www.immobilienbusiness.ch\/wp-content\/uploads\/2016\/11\/Swiss-Prime-Site-Ertrag-steigt-Gewinn-sinkt-immobilien-business-920x1380.jpg 920w, https:\/\/www.immobilienbusiness.ch\/wp-content\/uploads\/2016\/11\/Swiss-Prime-Site-Ertrag-steigt-Gewinn-sinkt-immobilien-business-1400x2100.jpg 1400w, https:\/\/www.immobilienbusiness.ch\/wp-content\/uploads\/2016\/11\/Swiss-Prime-Site-Ertrag-steigt-Gewinn-sinkt-immobilien-business-933x1400.jpg 933w, https:\/\/www.immobilienbusiness.ch\/wp-content\/uploads\/2016\/11\/Swiss-Prime-Site-Ertrag-steigt-Gewinn-sinkt-immobilien-business-300x450.jpg 300w\" sizes=\"auto, (max-width: 667px) 100vw, 667px\" \/><figcaption id=\"caption-attachment-5131\" class=\"wp-caption-text\">Ein IT-Unternehmen mietet im Prime Tower (Bild: Swiss Prime Site)<\/figcaption><\/figure>\n<p>Wie SPG Intercity mitteilt, will das Grossunternehmen mit Hauptsitz im kalifornischen Silicon Valley zurzeit nicht namentlich erw\u00e4hnt werden. Es hat bereits Standorte in der Schweiz und beauftragte die SPG Intercity Zurich AG exklusiv damit, einen geeigneten Standort f\u00fcr weitere B\u00fcrofl\u00e4chen sowie ein Customer Visit Center zu finden.<\/p>\n<p>Der Prime Tower in Z\u00fcrich-West passe am\u00a0besten zu den Bed\u00fcrfnissen des Kunden, der einen repr\u00e4sentativen Standort mit moderner Infrastruktur suchte, sagte\u00a0Leo Smeets, Head Corporate Solutions and Business Development bei SPG Intercity Zurich.<\/p>\n<p>Das 126 Meter hohe, markante B\u00fcrogeb\u00e4ude wurde 2011 fertiggestellt und beherbergt rund 2.000 Arbeitspl\u00e4tze. Das neue Customer Visit Center sowie B\u00fcrofl\u00e4chen f\u00fcr Software-Entwickler befinden sich in der 17. Etage des insgesamt 36 Stockwerke umfassenden Geb\u00e4udes.<\/p>\n<p>&nbsp;<\/p>\n","protected":false},"excerpt":{"rendered":"<p>Ein grosser Hersteller f\u00fcr Gesch\u00e4ftssoftware und -hardware aus den USA wird einen zus\u00e4tzlichen Schweizer Standort im Z\u00fcrcher Prime Tower beziehen. SPG Intercity vermittelte.<\/p>\n","protected":false},"author":3,"featured_media":5131,"comment_status":"open","ping_status":"open","sticky":false,"template":"","format":"standard","meta":{"_acf_changed":false,"_yoast_wpseo_focuskw":"Prime Tower","_yoast_wpseo_title":"","_yoast_wpseo_metadesc":"Ein IT-Unternehmen aus den USA wird einen zus\u00e4tzlichen Schweizer Standort im Z\u00fcrcher Prime Tower beziehen. SPG Intercity vermittelte.","_yoast_wpseo_linkdex":63,"pgc_sgb_lightbox_settings":"","footnotes":""},"categories":[985],"tags":[1119,1460,1832,1888],"class_list":["post-8315","post","type-post","status-publish","format-standard","has-post-thumbnail","hentry","category-regionen","tag-bueroimmobilien","tag-makler","tag-vermietung","tag-zuerich"],"acf":[],"yoast_head":"<!-- This site is optimized with the Yoast SEO plugin v27.5 - https:\/\/yoast.com\/product\/yoast-seo-wordpress\/ -->\n<title>Z\u00fcrich: Vermietung im Prime Tower - IMMOBILIEN Business<\/title>\n<meta name=\"description\" content=\"Ein IT-Unternehmen aus den USA wird einen zus\u00e4tzlichen Schweizer Standort im Z\u00fcrcher Prime Tower beziehen. SPG Intercity vermittelte.\" \/>\n<meta name=\"robots\" content=\"index, follow, max-snippet:-1, max-image-preview:large, max-video-preview:-1\" \/>\n<link rel=\"canonical\" href=\"https:\/\/www.immobilienbusiness.ch\/de\/regionen\/2017-07-12\/zuerich-vermietung-im-prime-tower\/\" \/>\n<meta property=\"og:locale\" content=\"de_DE\" \/>\n<meta property=\"og:type\" content=\"article\" \/>\n<meta property=\"og:title\" content=\"Z\u00fcrich: Vermietung im Prime Tower\" \/>\n<meta property=\"og:description\" content=\"Ein IT-Unternehmen aus den USA wird einen zus\u00e4tzlichen Schweizer Standort im Z\u00fcrcher Prime Tower beziehen. SPG Intercity vermittelte.\" \/>\n<meta property=\"og:url\" content=\"https:\/\/www.immobilienbusiness.ch\/de\/regionen\/2017-07-12\/zuerich-vermietung-im-prime-tower\/\" \/>\n<meta property=\"og:site_name\" content=\"IMMOBILIEN Business\" \/>\n<meta property=\"article:publisher\" content=\"https:\/\/www.facebook.com\/immobilienbusiness\/\" \/>\n<meta property=\"article:published_time\" content=\"2017-07-12T06:43:54+00:00\" \/>\n<meta property=\"og:image\" content=\"https:\/\/www.immobilienbusiness.ch\/wp-content\/uploads\/2016\/11\/Swiss-Prime-Site-Ertrag-steigt-Gewinn-sinkt-immobilien-business-683x1024.jpg\" \/>\n\t<meta property=\"og:image:width\" content=\"683\" \/>\n\t<meta property=\"og:image:height\" content=\"1024\" \/>\n\t<meta property=\"og:image:type\" content=\"image\/jpeg\" \/>\n<meta name=\"author\" content=\"anja.hall\" \/>\n<meta name=\"twitter:card\" content=\"summary_large_image\" \/>\n<meta name=\"twitter:title\" content=\"Z\u00fcrich: Vermietung im Prime Tower\" \/>\n<meta name=\"twitter:description\" content=\"Ein IT-Unternehmen aus den USA wird einen zus\u00e4tzlichen Schweizer Standort im Z\u00fcrcher Prime Tower beziehen. SPG Intercity vermittelte.\" \/>\n<meta name=\"twitter:image\" content=\"https:\/\/www.immobilienbusiness.ch\/wp-content\/uploads\/2016\/11\/Swiss-Prime-Site-Ertrag-steigt-Gewinn-sinkt-immobilien-business.jpg\" \/>\n<script type=\"application\/ld+json\" class=\"yoast-schema-graph\">{\"@context\":\"https:\\\/\\\/schema.org\",\"@graph\":[{\"@type\":\"Article\",\"@id\":\"https:\\\/\\\/www.immobilienbusiness.ch\\\/de\\\/regionen\\\/2017-07-12\\\/zuerich-vermietung-im-prime-tower\\\/#article\",\"isPartOf\":{\"@id\":\"https:\\\/\\\/www.immobilienbusiness.ch\\\/de\\\/regionen\\\/2017-07-12\\\/zuerich-vermietung-im-prime-tower\\\/\"},\"author\":{\"name\":\"anja.hall\",\"@id\":\"https:\\\/\\\/www.immobilienbusiness.ch\\\/#\\\/schema\\\/person\\\/3fc036297b10b9f42d6db5ee932af8c8\"},\"headline\":\"Z\u00fcrich: Vermietung im Prime Tower\",\"datePublished\":\"2017-07-12T06:43:54+00:00\",\"mainEntityOfPage\":{\"@id\":\"https:\\\/\\\/www.immobilienbusiness.ch\\\/de\\\/regionen\\\/2017-07-12\\\/zuerich-vermietung-im-prime-tower\\\/\"},\"wordCount\":150,\"commentCount\":0,\"publisher\":{\"@id\":\"https:\\\/\\\/www.immobilienbusiness.ch\\\/#organization\"},\"image\":{\"@id\":\"https:\\\/\\\/www.immobilienbusiness.ch\\\/de\\\/regionen\\\/2017-07-12\\\/zuerich-vermietung-im-prime-tower\\\/#primaryimage\"},\"thumbnailUrl\":\"https:\\\/\\\/www.immobilienbusiness.ch\\\/wp-content\\\/uploads\\\/2016\\\/11\\\/Swiss-Prime-Site-Ertrag-steigt-Gewinn-sinkt-immobilien-business.jpg\",\"keywords\":[\"B\u00fcroimmobilien\",\"Makler\",\"Vermietung\",\"Z\u00fcrich\"],\"articleSection\":[\"REGIONEN\"],\"inLanguage\":\"de\"},{\"@type\":\"WebPage\",\"@id\":\"https:\\\/\\\/www.immobilienbusiness.ch\\\/de\\\/regionen\\\/2017-07-12\\\/zuerich-vermietung-im-prime-tower\\\/\",\"url\":\"https:\\\/\\\/www.immobilienbusiness.ch\\\/de\\\/regionen\\\/2017-07-12\\\/zuerich-vermietung-im-prime-tower\\\/\",\"name\":\"Z\u00fcrich: Vermietung im Prime Tower - IMMOBILIEN Business\",\"isPartOf\":{\"@id\":\"https:\\\/\\\/www.immobilienbusiness.ch\\\/#website\"},\"primaryImageOfPage\":{\"@id\":\"https:\\\/\\\/www.immobilienbusiness.ch\\\/de\\\/regionen\\\/2017-07-12\\\/zuerich-vermietung-im-prime-tower\\\/#primaryimage\"},\"image\":{\"@id\":\"https:\\\/\\\/www.immobilienbusiness.ch\\\/de\\\/regionen\\\/2017-07-12\\\/zuerich-vermietung-im-prime-tower\\\/#primaryimage\"},\"thumbnailUrl\":\"https:\\\/\\\/www.immobilienbusiness.ch\\\/wp-content\\\/uploads\\\/2016\\\/11\\\/Swiss-Prime-Site-Ertrag-steigt-Gewinn-sinkt-immobilien-business.jpg\",\"datePublished\":\"2017-07-12T06:43:54+00:00\",\"description\":\"Ein IT-Unternehmen aus den USA wird einen zus\u00e4tzlichen Schweizer Standort im Z\u00fcrcher Prime Tower beziehen. SPG Intercity vermittelte.\",\"breadcrumb\":{\"@id\":\"https:\\\/\\\/www.immobilienbusiness.ch\\\/de\\\/regionen\\\/2017-07-12\\\/zuerich-vermietung-im-prime-tower\\\/#breadcrumb\"},\"inLanguage\":\"de\",\"potentialAction\":[{\"@type\":\"ReadAction\",\"target\":[\"https:\\\/\\\/www.immobilienbusiness.ch\\\/de\\\/regionen\\\/2017-07-12\\\/zuerich-vermietung-im-prime-tower\\\/\"]}]},{\"@type\":\"ImageObject\",\"inLanguage\":\"de\",\"@id\":\"https:\\\/\\\/www.immobilienbusiness.ch\\\/de\\\/regionen\\\/2017-07-12\\\/zuerich-vermietung-im-prime-tower\\\/#primaryimage\",\"url\":\"https:\\\/\\\/www.immobilienbusiness.ch\\\/wp-content\\\/uploads\\\/2016\\\/11\\\/Swiss-Prime-Site-Ertrag-steigt-Gewinn-sinkt-immobilien-business.jpg\",\"contentUrl\":\"https:\\\/\\\/www.immobilienbusiness.ch\\\/wp-content\\\/uploads\\\/2016\\\/11\\\/Swiss-Prime-Site-Ertrag-steigt-Gewinn-sinkt-immobilien-business.jpg\",\"width\":1707,\"height\":2560},{\"@type\":\"BreadcrumbList\",\"@id\":\"https:\\\/\\\/www.immobilienbusiness.ch\\\/de\\\/regionen\\\/2017-07-12\\\/zuerich-vermietung-im-prime-tower\\\/#breadcrumb\",\"itemListElement\":[{\"@type\":\"ListItem\",\"position\":1,\"name\":\"Home\",\"item\":\"https:\\\/\\\/www.immobilienbusiness.ch\\\/\"},{\"@type\":\"ListItem\",\"position\":2,\"name\":\"Z\u00fcrich: Vermietung im Prime Tower\"}]},{\"@type\":\"WebSite\",\"@id\":\"https:\\\/\\\/www.immobilienbusiness.ch\\\/#website\",\"url\":\"https:\\\/\\\/www.immobilienbusiness.ch\\\/\",\"name\":\"IMMOBILIEN Business\",\"description\":\"Unabh\u00e4ngiges Schweizer Wirtschaftsmagazin mit Fokus auf Immobilien, Architektur- und Bau sowie Investment- und Finanzierung.\",\"publisher\":{\"@id\":\"https:\\\/\\\/www.immobilienbusiness.ch\\\/#organization\"},\"potentialAction\":[{\"@type\":\"SearchAction\",\"target\":{\"@type\":\"EntryPoint\",\"urlTemplate\":\"https:\\\/\\\/www.immobilienbusiness.ch\\\/?s={search_term_string}\"},\"query-input\":{\"@type\":\"PropertyValueSpecification\",\"valueRequired\":true,\"valueName\":\"search_term_string\"}}],\"inLanguage\":\"de\"},{\"@type\":\"Organization\",\"@id\":\"https:\\\/\\\/www.immobilienbusiness.ch\\\/#organization\",\"name\":\"IMMOBILIEN Business\",\"url\":\"https:\\\/\\\/www.immobilienbusiness.ch\\\/\",\"logo\":{\"@type\":\"ImageObject\",\"inLanguage\":\"de\",\"@id\":\"https:\\\/\\\/www.immobilienbusiness.ch\\\/#\\\/schema\\\/logo\\\/image\\\/\",\"url\":\"https:\\\/\\\/www.immobilienbusiness.ch\\\/wp-content\\\/uploads\\\/2021\\\/07\\\/logo_ib.png\",\"contentUrl\":\"https:\\\/\\\/www.immobilienbusiness.ch\\\/wp-content\\\/uploads\\\/2021\\\/07\\\/logo_ib.png\",\"width\":800,\"height\":181,\"caption\":\"IMMOBILIEN Business\"},\"image\":{\"@id\":\"https:\\\/\\\/www.immobilienbusiness.ch\\\/#\\\/schema\\\/logo\\\/image\\\/\"},\"sameAs\":[\"https:\\\/\\\/www.facebook.com\\\/immobilienbusiness\\\/\"]},{\"@type\":\"Person\",\"@id\":\"https:\\\/\\\/www.immobilienbusiness.ch\\\/#\\\/schema\\\/person\\\/3fc036297b10b9f42d6db5ee932af8c8\",\"name\":\"anja.hall\",\"image\":{\"@type\":\"ImageObject\",\"inLanguage\":\"de\",\"@id\":\"https:\\\/\\\/secure.gravatar.com\\\/avatar\\\/066b5a0d447013502c71a5782f4f3469f03cfe595cc2329fb94652fe47511bfb?s=96&d=mm&r=g\",\"url\":\"https:\\\/\\\/secure.gravatar.com\\\/avatar\\\/066b5a0d447013502c71a5782f4f3469f03cfe595cc2329fb94652fe47511bfb?s=96&d=mm&r=g\",\"contentUrl\":\"https:\\\/\\\/secure.gravatar.com\\\/avatar\\\/066b5a0d447013502c71a5782f4f3469f03cfe595cc2329fb94652fe47511bfb?s=96&d=mm&r=g\",\"caption\":\"anja.hall\"},\"url\":\"https:\\\/\\\/www.immobilienbusiness.ch\\\/de\\\/author\\\/anja-hall\\\/\"}]}<\/script>\n<!-- \/ Yoast SEO plugin. -->","yoast_head_json":{"title":"Z\u00fcrich: Vermietung im Prime Tower - IMMOBILIEN Business","description":"Ein IT-Unternehmen aus den USA wird einen zus\u00e4tzlichen Schweizer Standort im Z\u00fcrcher Prime Tower beziehen. SPG Intercity vermittelte.","robots":{"index":"index","follow":"follow","max-snippet":"max-snippet:-1","max-image-preview":"max-image-preview:large","max-video-preview":"max-video-preview:-1"},"canonical":"https:\/\/www.immobilienbusiness.ch\/de\/regionen\/2017-07-12\/zuerich-vermietung-im-prime-tower\/","og_locale":"de_DE","og_type":"article","og_title":"Z\u00fcrich: Vermietung im Prime Tower","og_description":"Ein IT-Unternehmen aus den USA wird einen zus\u00e4tzlichen Schweizer Standort im Z\u00fcrcher Prime Tower beziehen. SPG Intercity vermittelte.","og_url":"https:\/\/www.immobilienbusiness.ch\/de\/regionen\/2017-07-12\/zuerich-vermietung-im-prime-tower\/","og_site_name":"IMMOBILIEN Business","article_publisher":"https:\/\/www.facebook.com\/immobilienbusiness\/","article_published_time":"2017-07-12T06:43:54+00:00","og_image":[{"width":683,"height":1024,"url":"https:\/\/www.immobilienbusiness.ch\/wp-content\/uploads\/2016\/11\/Swiss-Prime-Site-Ertrag-steigt-Gewinn-sinkt-immobilien-business-683x1024.jpg","type":"image\/jpeg"}],"author":"anja.hall","twitter_card":"summary_large_image","twitter_title":"Z\u00fcrich: Vermietung im Prime Tower","twitter_description":"Ein IT-Unternehmen aus den USA wird einen zus\u00e4tzlichen Schweizer Standort im Z\u00fcrcher Prime Tower beziehen. SPG Intercity vermittelte.","twitter_image":"https:\/\/www.immobilienbusiness.ch\/wp-content\/uploads\/2016\/11\/Swiss-Prime-Site-Ertrag-steigt-Gewinn-sinkt-immobilien-business.jpg","schema":{"@context":"https:\/\/schema.org","@graph":[{"@type":"Article","@id":"https:\/\/www.immobilienbusiness.ch\/de\/regionen\/2017-07-12\/zuerich-vermietung-im-prime-tower\/#article","isPartOf":{"@id":"https:\/\/www.immobilienbusiness.ch\/de\/regionen\/2017-07-12\/zuerich-vermietung-im-prime-tower\/"},"author":{"name":"anja.hall","@id":"https:\/\/www.immobilienbusiness.ch\/#\/schema\/person\/3fc036297b10b9f42d6db5ee932af8c8"},"headline":"Z\u00fcrich: Vermietung im Prime Tower","datePublished":"2017-07-12T06:43:54+00:00","mainEntityOfPage":{"@id":"https:\/\/www.immobilienbusiness.ch\/de\/regionen\/2017-07-12\/zuerich-vermietung-im-prime-tower\/"},"wordCount":150,"commentCount":0,"publisher":{"@id":"https:\/\/www.immobilienbusiness.ch\/#organization"},"image":{"@id":"https:\/\/www.immobilienbusiness.ch\/de\/regionen\/2017-07-12\/zuerich-vermietung-im-prime-tower\/#primaryimage"},"thumbnailUrl":"https:\/\/www.immobilienbusiness.ch\/wp-content\/uploads\/2016\/11\/Swiss-Prime-Site-Ertrag-steigt-Gewinn-sinkt-immobilien-business.jpg","keywords":["B\u00fcroimmobilien","Makler","Vermietung","Z\u00fcrich"],"articleSection":["REGIONEN"],"inLanguage":"de"},{"@type":"WebPage","@id":"https:\/\/www.immobilienbusiness.ch\/de\/regionen\/2017-07-12\/zuerich-vermietung-im-prime-tower\/","url":"https:\/\/www.immobilienbusiness.ch\/de\/regionen\/2017-07-12\/zuerich-vermietung-im-prime-tower\/","name":"Z\u00fcrich: Vermietung im Prime Tower - IMMOBILIEN Business","isPartOf":{"@id":"https:\/\/www.immobilienbusiness.ch\/#website"},"primaryImageOfPage":{"@id":"https:\/\/www.immobilienbusiness.ch\/de\/regionen\/2017-07-12\/zuerich-vermietung-im-prime-tower\/#primaryimage"},"image":{"@id":"https:\/\/www.immobilienbusiness.ch\/de\/regionen\/2017-07-12\/zuerich-vermietung-im-prime-tower\/#primaryimage"},"thumbnailUrl":"https:\/\/www.immobilienbusiness.ch\/wp-content\/uploads\/2016\/11\/Swiss-Prime-Site-Ertrag-steigt-Gewinn-sinkt-immobilien-business.jpg","datePublished":"2017-07-12T06:43:54+00:00","description":"Ein IT-Unternehmen aus den USA wird einen zus\u00e4tzlichen Schweizer Standort im Z\u00fcrcher Prime Tower beziehen. SPG Intercity vermittelte.","breadcrumb":{"@id":"https:\/\/www.immobilienbusiness.ch\/de\/regionen\/2017-07-12\/zuerich-vermietung-im-prime-tower\/#breadcrumb"},"inLanguage":"de","potentialAction":[{"@type":"ReadAction","target":["https:\/\/www.immobilienbusiness.ch\/de\/regionen\/2017-07-12\/zuerich-vermietung-im-prime-tower\/"]}]},{"@type":"ImageObject","inLanguage":"de","@id":"https:\/\/www.immobilienbusiness.ch\/de\/regionen\/2017-07-12\/zuerich-vermietung-im-prime-tower\/#primaryimage","url":"https:\/\/www.immobilienbusiness.ch\/wp-content\/uploads\/2016\/11\/Swiss-Prime-Site-Ertrag-steigt-Gewinn-sinkt-immobilien-business.jpg","contentUrl":"https:\/\/www.immobilienbusiness.ch\/wp-content\/uploads\/2016\/11\/Swiss-Prime-Site-Ertrag-steigt-Gewinn-sinkt-immobilien-business.jpg","width":1707,"height":2560},{"@type":"BreadcrumbList","@id":"https:\/\/www.immobilienbusiness.ch\/de\/regionen\/2017-07-12\/zuerich-vermietung-im-prime-tower\/#breadcrumb","itemListElement":[{"@type":"ListItem","position":1,"name":"Home","item":"https:\/\/www.immobilienbusiness.ch\/"},{"@type":"ListItem","position":2,"name":"Z\u00fcrich: Vermietung im Prime Tower"}]},{"@type":"WebSite","@id":"https:\/\/www.immobilienbusiness.ch\/#website","url":"https:\/\/www.immobilienbusiness.ch\/","name":"IMMOBILIEN Business","description":"Unabh\u00e4ngiges Schweizer Wirtschaftsmagazin mit Fokus auf Immobilien, Architektur- und Bau sowie Investment- und Finanzierung.","publisher":{"@id":"https:\/\/www.immobilienbusiness.ch\/#organization"},"potentialAction":[{"@type":"SearchAction","target":{"@type":"EntryPoint","urlTemplate":"https:\/\/www.immobilienbusiness.ch\/?s={search_term_string}"},"query-input":{"@type":"PropertyValueSpecification","valueRequired":true,"valueName":"search_term_string"}}],"inLanguage":"de"},{"@type":"Organization","@id":"https:\/\/www.immobilienbusiness.ch\/#organization","name":"IMMOBILIEN Business","url":"https:\/\/www.immobilienbusiness.ch\/","logo":{"@type":"ImageObject","inLanguage":"de","@id":"https:\/\/www.immobilienbusiness.ch\/#\/schema\/logo\/image\/","url":"https:\/\/www.immobilienbusiness.ch\/wp-content\/uploads\/2021\/07\/logo_ib.png","contentUrl":"https:\/\/www.immobilienbusiness.ch\/wp-content\/uploads\/2021\/07\/logo_ib.png","width":800,"height":181,"caption":"IMMOBILIEN Business"},"image":{"@id":"https:\/\/www.immobilienbusiness.ch\/#\/schema\/logo\/image\/"},"sameAs":["https:\/\/www.facebook.com\/immobilienbusiness\/"]},{"@type":"Person","@id":"https:\/\/www.immobilienbusiness.ch\/#\/schema\/person\/3fc036297b10b9f42d6db5ee932af8c8","name":"anja.hall","image":{"@type":"ImageObject","inLanguage":"de","@id":"https:\/\/secure.gravatar.com\/avatar\/066b5a0d447013502c71a5782f4f3469f03cfe595cc2329fb94652fe47511bfb?s=96&d=mm&r=g","url":"https:\/\/secure.gravatar.com\/avatar\/066b5a0d447013502c71a5782f4f3469f03cfe595cc2329fb94652fe47511bfb?s=96&d=mm&r=g","contentUrl":"https:\/\/secure.gravatar.com\/avatar\/066b5a0d447013502c71a5782f4f3469f03cfe595cc2329fb94652fe47511bfb?s=96&d=mm&r=g","caption":"anja.hall"},"url":"https:\/\/www.immobilienbusiness.ch\/de\/author\/anja-hall\/"}]}},"_links":{"self":[{"href":"https:\/\/www.immobilienbusiness.ch\/de\/wp-json\/wp\/v2\/posts\/8315","targetHints":{"allow":["GET"]}}],"collection":[{"href":"https:\/\/www.immobilienbusiness.ch\/de\/wp-json\/wp\/v2\/posts"}],"about":[{"href":"https:\/\/www.immobilienbusiness.ch\/de\/wp-json\/wp\/v2\/types\/post"}],"author":[{"embeddable":true,"href":"https:\/\/www.immobilienbusiness.ch\/de\/wp-json\/wp\/v2\/users\/3"}],"replies":[{"embeddable":true,"href":"https:\/\/www.immobilienbusiness.ch\/de\/wp-json\/wp\/v2\/comments?post=8315"}],"version-history":[{"count":0,"href":"https:\/\/www.immobilienbusiness.ch\/de\/wp-json\/wp\/v2\/posts\/8315\/revisions"}],"wp:featuredmedia":[{"embeddable":true,"href":"https:\/\/www.immobilienbusiness.ch\/de\/wp-json\/wp\/v2\/media\/5131"}],"wp:attachment":[{"href":"https:\/\/www.immobilienbusiness.ch\/de\/wp-json\/wp\/v2\/media?parent=8315"}],"wp:term":[{"taxonomy":"category","embeddable":true,"href":"https:\/\/www.immobilienbusiness.ch\/de\/wp-json\/wp\/v2\/categories?post=8315"},{"taxonomy":"post_tag","embeddable":true,"href":"https:\/\/www.immobilienbusiness.ch\/de\/wp-json\/wp\/v2\/tags?post=8315"}],"curies":[{"name":"wp","href":"https:\/\/api.w.org\/{rel}","templated":true}]}}