{"id":8280,"date":"2017-07-10T09:01:50","date_gmt":"2017-07-10T07:01:50","guid":{"rendered":"https:\/\/www.immobilienbusiness.ch\/?p=8280"},"modified":"2017-07-10T09:01:50","modified_gmt":"2017-07-10T07:01:50","slug":"pax-anlage-ag-dekotierung-im-herbst","status":"publish","type":"post","link":"https:\/\/www.immobilienbusiness.ch\/de\/unternehmen\/2017-07-10\/pax-anlage-ag-dekotierung-im-herbst\/","title":{"rendered":"Pax Anlage AG: Dekotierung im Herbst"},"content":{"rendered":"<figure id=\"attachment_8281\" aria-describedby=\"caption-attachment-8281\" style=\"width: 624px\" class=\"wp-caption alignnone\"><img loading=\"lazy\" decoding=\"async\" class=\"size-full wp-image-8281\" src=\"https:\/\/www.immobilienbusiness.ch\/wp-content\/uploads\/2017\/07\/Immobilien-Business-News-20170710-Dekotierung-Pax-Anlage-AG-c-Alexmit-\u2013-depositphotos.jpg\" alt=\"\" width=\"624\" height=\"392\" srcset=\"https:\/\/www.immobilienbusiness.ch\/wp-content\/uploads\/2017\/07\/Immobilien-Business-News-20170710-Dekotierung-Pax-Anlage-AG-c-Alexmit-\u2013-depositphotos.jpg 624w, https:\/\/www.immobilienbusiness.ch\/wp-content\/uploads\/2017\/07\/Immobilien-Business-News-20170710-Dekotierung-Pax-Anlage-AG-c-Alexmit-\u2013-depositphotos-300x188.jpg 300w, https:\/\/www.immobilienbusiness.ch\/wp-content\/uploads\/2017\/07\/Immobilien-Business-News-20170710-Dekotierung-Pax-Anlage-AG-c-Alexmit-\u2013-depositphotos-16x10.jpg 16w, https:\/\/www.immobilienbusiness.ch\/wp-content\/uploads\/2017\/07\/Immobilien-Business-News-20170710-Dekotierung-Pax-Anlage-AG-c-Alexmit-\u2013-depositphotos-279x175.jpg 279w, https:\/\/www.immobilienbusiness.ch\/wp-content\/uploads\/2017\/07\/Immobilien-Business-News-20170710-Dekotierung-Pax-Anlage-AG-c-Alexmit-\u2013-depositphotos-557x350.jpg 557w\" sizes=\"auto, (max-width: 624px) 100vw, 624px\" \/><figcaption id=\"caption-attachment-8281\" class=\"wp-caption-text\">Die Aktien der Pax Anlage AG verschwinden per 10. Oktober 2017 von der Schweizer B\u00f6rse SIX (Bild: Alexmit \u2013 depositphotos)<\/figcaption><\/figure>\n<p>Die Immobilien-AG hat am 9. Juni 2017 ein Gesuch um Dekotierung ihrer Aktien von der SIX Swiss Exchange sowie um Befreiung von Publizit\u00e4tspflichten zur Aufrechterhaltung der Kotierung bis einschliesslich des letzten Handelstages eingereicht. Mit Entscheid vom 7. Juli 2017 bewilligte die SIX Exchange Regulation die Dekotierung s\u00e4mtlicher Namenaktien mit einem Nennwert von je 100 CHF.<\/p>\n<p>Die Dekotierung der Aktien erfolgt somit am Dienstag, 10. Oktober 2017. Der letzte Handelstag der Pax Anlage Aktien wird Montag, 9. Oktober 2017, sein. Bereits mit Entscheid vom 16. Juni 2017 hatte die SIX Exchange Regulation das Gesuch der AG um Befreiung von Publizit\u00e4tspflichten zur Aufrechterhaltung der Kotierung gut geheissen. Diese sind nunmehr offiziell in Kraft getreten.<\/p>\n<p>Der Versicherungskonzern B\u00e2loise verf\u00fcgt \u00fcber seine Tochtergesellschaft Basler Leben inzwischen \u00fcber mehr als 83 Prozent der Pax Anlage-Valoren und hatte die Unternehmensleitung um die Dekotierung der Aktien (Valoren-Nr. 217834) gebeten. <a href=\"https:\/\/www.immobilienbusiness.ch\/basler-leben-vollzieht-uebernahme-der-pax-anlage\/\">Die \u00dcbernahme war per Ende M\u00e4rz vollzogen worden.<\/a> Gemeinsam mit der B\u00e2loise Wohnbauten AG soll nun eine neue Pax Anlage-Gruppe gebildet werden.<\/p>\n","protected":false},"excerpt":{"rendered":"<p>Die Aktien der Pax Anlage AG werden von der SIX Swiss Exchange dekotiert. Letzter Handelstag ist der 9. Oktober 2017.<\/p>\n","protected":false},"author":4,"featured_media":8281,"comment_status":"open","ping_status":"open","sticky":false,"template":"","format":"standard","meta":{"_acf_changed":false,"_yoast_wpseo_focuskw":"Pax Anlage","_yoast_wpseo_title":"","_yoast_wpseo_metadesc":"Die Aktien der Pax Anlage AG werden per 10. Oktober 2017 von der SIX Swiss Exchange dekotiert. Letzter Handelstag ist der 9. Oktober 2017.","_yoast_wpseo_linkdex":69,"pgc_sgb_lightbox_settings":"","footnotes":""},"categories":[988],"tags":[1010,1162,1329,1557,1862],"class_list":["post-8280","post","type-post","status-publish","format-standard","has-post-thumbnail","hentry","category-unternehmen","tag-aktien","tag-dekotierung","tag-immobilien-ag","tag-pax-anlage","tag-wohnen"],"acf":[],"yoast_head":"<!-- This site is optimized with the Yoast SEO plugin v27.4 - https:\/\/yoast.com\/product\/yoast-seo-wordpress\/ -->\n<title>Pax Anlage AG: Dekotierung im Herbst - IMMOBILIEN Business<\/title>\n<meta name=\"description\" content=\"Die Aktien der Pax Anlage AG werden per 10. Oktober 2017 von der SIX Swiss Exchange dekotiert. Letzter Handelstag ist der 9. Oktober 2017.\" \/>\n<meta name=\"robots\" content=\"index, follow, max-snippet:-1, max-image-preview:large, max-video-preview:-1\" \/>\n<link rel=\"canonical\" href=\"https:\/\/www.immobilienbusiness.ch\/de\/unternehmen\/2017-07-10\/pax-anlage-ag-dekotierung-im-herbst\/\" \/>\n<meta property=\"og:locale\" content=\"de_DE\" \/>\n<meta property=\"og:type\" content=\"article\" \/>\n<meta property=\"og:title\" content=\"Pax Anlage AG: Dekotierung im Herbst\" \/>\n<meta property=\"og:description\" content=\"Die Aktien der Pax Anlage AG werden von der SIX Swiss Exchange dekotiert. Letzter Handelstag ist der 9. Oktober 2017.\" \/>\n<meta property=\"og:url\" content=\"https:\/\/www.immobilienbusiness.ch\/de\/unternehmen\/2017-07-10\/pax-anlage-ag-dekotierung-im-herbst\/\" \/>\n<meta property=\"og:site_name\" content=\"IMMOBILIEN Business\" \/>\n<meta property=\"article:publisher\" content=\"https:\/\/www.facebook.com\/immobilienbusiness\/\" \/>\n<meta property=\"article:published_time\" content=\"2017-07-10T07:01:50+00:00\" \/>\n<meta property=\"og:image\" content=\"https:\/\/www.immobilienbusiness.ch\/wp-content\/uploads\/2017\/07\/Immobilien-Business-News-20170710-Dekotierung-Pax-Anlage-AG-c-Alexmit-\u2013-depositphotos.jpg\" \/>\n\t<meta property=\"og:image:width\" content=\"624\" \/>\n\t<meta property=\"og:image:height\" content=\"392\" \/>\n\t<meta property=\"og:image:type\" content=\"image\/jpeg\" \/>\n<meta name=\"author\" content=\"mathias.rinka\" \/>\n<meta name=\"twitter:card\" content=\"summary_large_image\" \/>\n<meta name=\"twitter:title\" content=\"Pax Anlage AG: Dekotierung im Herbst\" \/>\n<meta name=\"twitter:description\" content=\"Die Aktien der Pax Anlage AG werden von der SIX Swiss Exchange dekotiert. Letzter Handelstag ist der 9. Oktober 2017.\" \/>\n<script type=\"application\/ld+json\" class=\"yoast-schema-graph\">{\"@context\":\"https:\\\/\\\/schema.org\",\"@graph\":[{\"@type\":\"Article\",\"@id\":\"https:\\\/\\\/www.immobilienbusiness.ch\\\/en\\\/unternehmen\\\/2017-07-10\\\/pax-anlage-ag-dekotierung-im-herbst\\\/#article\",\"isPartOf\":{\"@id\":\"https:\\\/\\\/www.immobilienbusiness.ch\\\/en\\\/unternehmen\\\/2017-07-10\\\/pax-anlage-ag-dekotierung-im-herbst\\\/\"},\"author\":{\"name\":\"mathias.rinka\",\"@id\":\"https:\\\/\\\/www.immobilienbusiness.ch\\\/#\\\/schema\\\/person\\\/31be7383261ea656cfe52cad71fdc211\"},\"headline\":\"Pax Anlage AG: Dekotierung im Herbst\",\"datePublished\":\"2017-07-10T07:01:50+00:00\",\"mainEntityOfPage\":{\"@id\":\"https:\\\/\\\/www.immobilienbusiness.ch\\\/en\\\/unternehmen\\\/2017-07-10\\\/pax-anlage-ag-dekotierung-im-herbst\\\/\"},\"wordCount\":189,\"commentCount\":0,\"publisher\":{\"@id\":\"https:\\\/\\\/www.immobilienbusiness.ch\\\/#organization\"},\"image\":{\"@id\":\"https:\\\/\\\/www.immobilienbusiness.ch\\\/en\\\/unternehmen\\\/2017-07-10\\\/pax-anlage-ag-dekotierung-im-herbst\\\/#primaryimage\"},\"thumbnailUrl\":\"https:\\\/\\\/www.immobilienbusiness.ch\\\/wp-content\\\/uploads\\\/2017\\\/07\\\/Immobilien-Business-News-20170710-Dekotierung-Pax-Anlage-AG-c-Alexmit-\u2013-depositphotos.jpg\",\"keywords\":[\"Aktien\",\"Dekotierung\",\"Immobilien-AG\",\"Pax Anlage\",\"Wohnen\"],\"articleSection\":[\"UNTERNEHMEN\"],\"inLanguage\":\"de\"},{\"@type\":\"WebPage\",\"@id\":\"https:\\\/\\\/www.immobilienbusiness.ch\\\/en\\\/unternehmen\\\/2017-07-10\\\/pax-anlage-ag-dekotierung-im-herbst\\\/\",\"url\":\"https:\\\/\\\/www.immobilienbusiness.ch\\\/en\\\/unternehmen\\\/2017-07-10\\\/pax-anlage-ag-dekotierung-im-herbst\\\/\",\"name\":\"Pax Anlage AG: Dekotierung im Herbst - IMMOBILIEN Business\",\"isPartOf\":{\"@id\":\"https:\\\/\\\/www.immobilienbusiness.ch\\\/#website\"},\"primaryImageOfPage\":{\"@id\":\"https:\\\/\\\/www.immobilienbusiness.ch\\\/en\\\/unternehmen\\\/2017-07-10\\\/pax-anlage-ag-dekotierung-im-herbst\\\/#primaryimage\"},\"image\":{\"@id\":\"https:\\\/\\\/www.immobilienbusiness.ch\\\/en\\\/unternehmen\\\/2017-07-10\\\/pax-anlage-ag-dekotierung-im-herbst\\\/#primaryimage\"},\"thumbnailUrl\":\"https:\\\/\\\/www.immobilienbusiness.ch\\\/wp-content\\\/uploads\\\/2017\\\/07\\\/Immobilien-Business-News-20170710-Dekotierung-Pax-Anlage-AG-c-Alexmit-\u2013-depositphotos.jpg\",\"datePublished\":\"2017-07-10T07:01:50+00:00\",\"description\":\"Die Aktien der Pax Anlage AG werden per 10. Oktober 2017 von der SIX Swiss Exchange dekotiert. Letzter Handelstag ist der 9. Oktober 2017.\",\"breadcrumb\":{\"@id\":\"https:\\\/\\\/www.immobilienbusiness.ch\\\/en\\\/unternehmen\\\/2017-07-10\\\/pax-anlage-ag-dekotierung-im-herbst\\\/#breadcrumb\"},\"inLanguage\":\"de\",\"potentialAction\":[{\"@type\":\"ReadAction\",\"target\":[\"https:\\\/\\\/www.immobilienbusiness.ch\\\/en\\\/unternehmen\\\/2017-07-10\\\/pax-anlage-ag-dekotierung-im-herbst\\\/\"]}]},{\"@type\":\"ImageObject\",\"inLanguage\":\"de\",\"@id\":\"https:\\\/\\\/www.immobilienbusiness.ch\\\/en\\\/unternehmen\\\/2017-07-10\\\/pax-anlage-ag-dekotierung-im-herbst\\\/#primaryimage\",\"url\":\"https:\\\/\\\/www.immobilienbusiness.ch\\\/wp-content\\\/uploads\\\/2017\\\/07\\\/Immobilien-Business-News-20170710-Dekotierung-Pax-Anlage-AG-c-Alexmit-\u2013-depositphotos.jpg\",\"contentUrl\":\"https:\\\/\\\/www.immobilienbusiness.ch\\\/wp-content\\\/uploads\\\/2017\\\/07\\\/Immobilien-Business-News-20170710-Dekotierung-Pax-Anlage-AG-c-Alexmit-\u2013-depositphotos.jpg\",\"width\":624,\"height\":392,\"caption\":\"Ecoreal hat ein Quartalsupdate f\u00fcr seine beiden Anlagegruppen vorgelegt (Bild: Alexmit \u2013 depositphotos)\"},{\"@type\":\"BreadcrumbList\",\"@id\":\"https:\\\/\\\/www.immobilienbusiness.ch\\\/en\\\/unternehmen\\\/2017-07-10\\\/pax-anlage-ag-dekotierung-im-herbst\\\/#breadcrumb\",\"itemListElement\":[{\"@type\":\"ListItem\",\"position\":1,\"name\":\"Home\",\"item\":\"https:\\\/\\\/www.immobilienbusiness.ch\\\/\"},{\"@type\":\"ListItem\",\"position\":2,\"name\":\"Pax Anlage AG: Dekotierung im Herbst\"}]},{\"@type\":\"WebSite\",\"@id\":\"https:\\\/\\\/www.immobilienbusiness.ch\\\/#website\",\"url\":\"https:\\\/\\\/www.immobilienbusiness.ch\\\/\",\"name\":\"IMMOBILIEN Business\",\"description\":\"Unabh\u00e4ngiges Schweizer Wirtschaftsmagazin mit Fokus auf Immobilien, Architektur- und Bau sowie Investment- und Finanzierung.\",\"publisher\":{\"@id\":\"https:\\\/\\\/www.immobilienbusiness.ch\\\/#organization\"},\"potentialAction\":[{\"@type\":\"SearchAction\",\"target\":{\"@type\":\"EntryPoint\",\"urlTemplate\":\"https:\\\/\\\/www.immobilienbusiness.ch\\\/?s={search_term_string}\"},\"query-input\":{\"@type\":\"PropertyValueSpecification\",\"valueRequired\":true,\"valueName\":\"search_term_string\"}}],\"inLanguage\":\"de\"},{\"@type\":\"Organization\",\"@id\":\"https:\\\/\\\/www.immobilienbusiness.ch\\\/#organization\",\"name\":\"IMMOBILIEN Business\",\"url\":\"https:\\\/\\\/www.immobilienbusiness.ch\\\/\",\"logo\":{\"@type\":\"ImageObject\",\"inLanguage\":\"de\",\"@id\":\"https:\\\/\\\/www.immobilienbusiness.ch\\\/#\\\/schema\\\/logo\\\/image\\\/\",\"url\":\"https:\\\/\\\/www.immobilienbusiness.ch\\\/wp-content\\\/uploads\\\/2021\\\/07\\\/logo_ib.png\",\"contentUrl\":\"https:\\\/\\\/www.immobilienbusiness.ch\\\/wp-content\\\/uploads\\\/2021\\\/07\\\/logo_ib.png\",\"width\":800,\"height\":181,\"caption\":\"IMMOBILIEN Business\"},\"image\":{\"@id\":\"https:\\\/\\\/www.immobilienbusiness.ch\\\/#\\\/schema\\\/logo\\\/image\\\/\"},\"sameAs\":[\"https:\\\/\\\/www.facebook.com\\\/immobilienbusiness\\\/\"]},{\"@type\":\"Person\",\"@id\":\"https:\\\/\\\/www.immobilienbusiness.ch\\\/#\\\/schema\\\/person\\\/31be7383261ea656cfe52cad71fdc211\",\"name\":\"mathias.rinka\",\"image\":{\"@type\":\"ImageObject\",\"inLanguage\":\"de\",\"@id\":\"https:\\\/\\\/secure.gravatar.com\\\/avatar\\\/?s=96&d=mm&r=g\",\"url\":\"https:\\\/\\\/secure.gravatar.com\\\/avatar\\\/?s=96&d=mm&r=g\",\"contentUrl\":\"https:\\\/\\\/secure.gravatar.com\\\/avatar\\\/?s=96&d=mm&r=g\",\"caption\":\"mathias.rinka\"},\"url\":\"https:\\\/\\\/www.immobilienbusiness.ch\\\/de\\\/author\\\/mathias-rinka\\\/\"}]}<\/script>\n<!-- \/ Yoast SEO plugin. -->","yoast_head_json":{"title":"Pax Anlage AG: Dekotierung im Herbst - IMMOBILIEN Business","description":"Die Aktien der Pax Anlage AG werden per 10. Oktober 2017 von der SIX Swiss Exchange dekotiert. Letzter Handelstag ist der 9. Oktober 2017.","robots":{"index":"index","follow":"follow","max-snippet":"max-snippet:-1","max-image-preview":"max-image-preview:large","max-video-preview":"max-video-preview:-1"},"canonical":"https:\/\/www.immobilienbusiness.ch\/de\/unternehmen\/2017-07-10\/pax-anlage-ag-dekotierung-im-herbst\/","og_locale":"de_DE","og_type":"article","og_title":"Pax Anlage AG: Dekotierung im Herbst","og_description":"Die Aktien der Pax Anlage AG werden von der SIX Swiss Exchange dekotiert. Letzter Handelstag ist der 9. Oktober 2017.","og_url":"https:\/\/www.immobilienbusiness.ch\/de\/unternehmen\/2017-07-10\/pax-anlage-ag-dekotierung-im-herbst\/","og_site_name":"IMMOBILIEN Business","article_publisher":"https:\/\/www.facebook.com\/immobilienbusiness\/","article_published_time":"2017-07-10T07:01:50+00:00","og_image":[{"width":624,"height":392,"url":"https:\/\/www.immobilienbusiness.ch\/wp-content\/uploads\/2017\/07\/Immobilien-Business-News-20170710-Dekotierung-Pax-Anlage-AG-c-Alexmit-\u2013-depositphotos.jpg","type":"image\/jpeg"}],"author":"mathias.rinka","twitter_card":"summary_large_image","twitter_title":"Pax Anlage AG: Dekotierung im Herbst","twitter_description":"Die Aktien der Pax Anlage AG werden von der SIX Swiss Exchange dekotiert. Letzter Handelstag ist der 9. Oktober 2017.","schema":{"@context":"https:\/\/schema.org","@graph":[{"@type":"Article","@id":"https:\/\/www.immobilienbusiness.ch\/en\/unternehmen\/2017-07-10\/pax-anlage-ag-dekotierung-im-herbst\/#article","isPartOf":{"@id":"https:\/\/www.immobilienbusiness.ch\/en\/unternehmen\/2017-07-10\/pax-anlage-ag-dekotierung-im-herbst\/"},"author":{"name":"mathias.rinka","@id":"https:\/\/www.immobilienbusiness.ch\/#\/schema\/person\/31be7383261ea656cfe52cad71fdc211"},"headline":"Pax Anlage AG: Dekotierung im Herbst","datePublished":"2017-07-10T07:01:50+00:00","mainEntityOfPage":{"@id":"https:\/\/www.immobilienbusiness.ch\/en\/unternehmen\/2017-07-10\/pax-anlage-ag-dekotierung-im-herbst\/"},"wordCount":189,"commentCount":0,"publisher":{"@id":"https:\/\/www.immobilienbusiness.ch\/#organization"},"image":{"@id":"https:\/\/www.immobilienbusiness.ch\/en\/unternehmen\/2017-07-10\/pax-anlage-ag-dekotierung-im-herbst\/#primaryimage"},"thumbnailUrl":"https:\/\/www.immobilienbusiness.ch\/wp-content\/uploads\/2017\/07\/Immobilien-Business-News-20170710-Dekotierung-Pax-Anlage-AG-c-Alexmit-\u2013-depositphotos.jpg","keywords":["Aktien","Dekotierung","Immobilien-AG","Pax Anlage","Wohnen"],"articleSection":["UNTERNEHMEN"],"inLanguage":"de"},{"@type":"WebPage","@id":"https:\/\/www.immobilienbusiness.ch\/en\/unternehmen\/2017-07-10\/pax-anlage-ag-dekotierung-im-herbst\/","url":"https:\/\/www.immobilienbusiness.ch\/en\/unternehmen\/2017-07-10\/pax-anlage-ag-dekotierung-im-herbst\/","name":"Pax Anlage AG: Dekotierung im Herbst - IMMOBILIEN Business","isPartOf":{"@id":"https:\/\/www.immobilienbusiness.ch\/#website"},"primaryImageOfPage":{"@id":"https:\/\/www.immobilienbusiness.ch\/en\/unternehmen\/2017-07-10\/pax-anlage-ag-dekotierung-im-herbst\/#primaryimage"},"image":{"@id":"https:\/\/www.immobilienbusiness.ch\/en\/unternehmen\/2017-07-10\/pax-anlage-ag-dekotierung-im-herbst\/#primaryimage"},"thumbnailUrl":"https:\/\/www.immobilienbusiness.ch\/wp-content\/uploads\/2017\/07\/Immobilien-Business-News-20170710-Dekotierung-Pax-Anlage-AG-c-Alexmit-\u2013-depositphotos.jpg","datePublished":"2017-07-10T07:01:50+00:00","description":"Die Aktien der Pax Anlage AG werden per 10. Oktober 2017 von der SIX Swiss Exchange dekotiert. Letzter Handelstag ist der 9. Oktober 2017.","breadcrumb":{"@id":"https:\/\/www.immobilienbusiness.ch\/en\/unternehmen\/2017-07-10\/pax-anlage-ag-dekotierung-im-herbst\/#breadcrumb"},"inLanguage":"de","potentialAction":[{"@type":"ReadAction","target":["https:\/\/www.immobilienbusiness.ch\/en\/unternehmen\/2017-07-10\/pax-anlage-ag-dekotierung-im-herbst\/"]}]},{"@type":"ImageObject","inLanguage":"de","@id":"https:\/\/www.immobilienbusiness.ch\/en\/unternehmen\/2017-07-10\/pax-anlage-ag-dekotierung-im-herbst\/#primaryimage","url":"https:\/\/www.immobilienbusiness.ch\/wp-content\/uploads\/2017\/07\/Immobilien-Business-News-20170710-Dekotierung-Pax-Anlage-AG-c-Alexmit-\u2013-depositphotos.jpg","contentUrl":"https:\/\/www.immobilienbusiness.ch\/wp-content\/uploads\/2017\/07\/Immobilien-Business-News-20170710-Dekotierung-Pax-Anlage-AG-c-Alexmit-\u2013-depositphotos.jpg","width":624,"height":392,"caption":"Ecoreal hat ein Quartalsupdate f\u00fcr seine beiden Anlagegruppen vorgelegt (Bild: Alexmit \u2013 depositphotos)"},{"@type":"BreadcrumbList","@id":"https:\/\/www.immobilienbusiness.ch\/en\/unternehmen\/2017-07-10\/pax-anlage-ag-dekotierung-im-herbst\/#breadcrumb","itemListElement":[{"@type":"ListItem","position":1,"name":"Home","item":"https:\/\/www.immobilienbusiness.ch\/"},{"@type":"ListItem","position":2,"name":"Pax Anlage AG: Dekotierung im Herbst"}]},{"@type":"WebSite","@id":"https:\/\/www.immobilienbusiness.ch\/#website","url":"https:\/\/www.immobilienbusiness.ch\/","name":"IMMOBILIEN Business","description":"Unabh\u00e4ngiges Schweizer Wirtschaftsmagazin mit Fokus auf Immobilien, Architektur- und Bau sowie Investment- und Finanzierung.","publisher":{"@id":"https:\/\/www.immobilienbusiness.ch\/#organization"},"potentialAction":[{"@type":"SearchAction","target":{"@type":"EntryPoint","urlTemplate":"https:\/\/www.immobilienbusiness.ch\/?s={search_term_string}"},"query-input":{"@type":"PropertyValueSpecification","valueRequired":true,"valueName":"search_term_string"}}],"inLanguage":"de"},{"@type":"Organization","@id":"https:\/\/www.immobilienbusiness.ch\/#organization","name":"IMMOBILIEN Business","url":"https:\/\/www.immobilienbusiness.ch\/","logo":{"@type":"ImageObject","inLanguage":"de","@id":"https:\/\/www.immobilienbusiness.ch\/#\/schema\/logo\/image\/","url":"https:\/\/www.immobilienbusiness.ch\/wp-content\/uploads\/2021\/07\/logo_ib.png","contentUrl":"https:\/\/www.immobilienbusiness.ch\/wp-content\/uploads\/2021\/07\/logo_ib.png","width":800,"height":181,"caption":"IMMOBILIEN Business"},"image":{"@id":"https:\/\/www.immobilienbusiness.ch\/#\/schema\/logo\/image\/"},"sameAs":["https:\/\/www.facebook.com\/immobilienbusiness\/"]},{"@type":"Person","@id":"https:\/\/www.immobilienbusiness.ch\/#\/schema\/person\/31be7383261ea656cfe52cad71fdc211","name":"mathias.rinka","image":{"@type":"ImageObject","inLanguage":"de","@id":"https:\/\/secure.gravatar.com\/avatar\/?s=96&d=mm&r=g","url":"https:\/\/secure.gravatar.com\/avatar\/?s=96&d=mm&r=g","contentUrl":"https:\/\/secure.gravatar.com\/avatar\/?s=96&d=mm&r=g","caption":"mathias.rinka"},"url":"https:\/\/www.immobilienbusiness.ch\/de\/author\/mathias-rinka\/"}]}},"_links":{"self":[{"href":"https:\/\/www.immobilienbusiness.ch\/de\/wp-json\/wp\/v2\/posts\/8280","targetHints":{"allow":["GET"]}}],"collection":[{"href":"https:\/\/www.immobilienbusiness.ch\/de\/wp-json\/wp\/v2\/posts"}],"about":[{"href":"https:\/\/www.immobilienbusiness.ch\/de\/wp-json\/wp\/v2\/types\/post"}],"author":[{"embeddable":true,"href":"https:\/\/www.immobilienbusiness.ch\/de\/wp-json\/wp\/v2\/users\/4"}],"replies":[{"embeddable":true,"href":"https:\/\/www.immobilienbusiness.ch\/de\/wp-json\/wp\/v2\/comments?post=8280"}],"version-history":[{"count":0,"href":"https:\/\/www.immobilienbusiness.ch\/de\/wp-json\/wp\/v2\/posts\/8280\/revisions"}],"wp:featuredmedia":[{"embeddable":true,"href":"https:\/\/www.immobilienbusiness.ch\/de\/wp-json\/wp\/v2\/media\/8281"}],"wp:attachment":[{"href":"https:\/\/www.immobilienbusiness.ch\/de\/wp-json\/wp\/v2\/media?parent=8280"}],"wp:term":[{"taxonomy":"category","embeddable":true,"href":"https:\/\/www.immobilienbusiness.ch\/de\/wp-json\/wp\/v2\/categories?post=8280"},{"taxonomy":"post_tag","embeddable":true,"href":"https:\/\/www.immobilienbusiness.ch\/de\/wp-json\/wp\/v2\/tags?post=8280"}],"curies":[{"name":"wp","href":"https:\/\/api.w.org\/{rel}","templated":true}]}}