{"id":8118,"date":"2017-06-28T08:13:50","date_gmt":"2017-06-28T06:13:50","guid":{"rendered":"https:\/\/www.immobilienbusiness.ch\/?p=8118"},"modified":"2017-06-28T08:13:50","modified_gmt":"2017-06-28T06:13:50","slug":"bern-kein-verwaltungsbau-am-forsthaus","status":"publish","type":"post","link":"https:\/\/www.immobilienbusiness.ch\/de\/regionen\/2017-06-28\/bern-kein-verwaltungsbau-am-forsthaus\/","title":{"rendered":"Bern: Kein Verwaltungsbau am Forsthaus"},"content":{"rendered":"<figure id=\"attachment_5686\" aria-describedby=\"caption-attachment-5686\" style=\"width: 680px\" class=\"wp-caption alignnone\"><img loading=\"lazy\" decoding=\"async\" class=\"size-medium wp-image-5686\" src=\"https:\/\/www.immobilienbusiness.ch\/wp-content\/uploads\/2017\/01\/Depositphotos_5878352_l-2015.jpg\" alt=\"\" width=\"680\" height=\"467\" srcset=\"https:\/\/www.immobilienbusiness.ch\/wp-content\/uploads\/2017\/01\/Depositphotos_5878352_l-2015.jpg 1999w, https:\/\/www.immobilienbusiness.ch\/wp-content\/uploads\/2017\/01\/Depositphotos_5878352_l-2015-300x206.jpg 300w, https:\/\/www.immobilienbusiness.ch\/wp-content\/uploads\/2017\/01\/Depositphotos_5878352_l-2015-1024x703.jpg 1024w, https:\/\/www.immobilienbusiness.ch\/wp-content\/uploads\/2017\/01\/Depositphotos_5878352_l-2015-768x527.jpg 768w, https:\/\/www.immobilienbusiness.ch\/wp-content\/uploads\/2017\/01\/Depositphotos_5878352_l-2015-1536x1054.jpg 1536w, https:\/\/www.immobilienbusiness.ch\/wp-content\/uploads\/2017\/01\/Depositphotos_5878352_l-2015-16x12.jpg 16w, https:\/\/www.immobilienbusiness.ch\/wp-content\/uploads\/2017\/01\/Depositphotos_5878352_l-2015-255x175.jpg 255w, https:\/\/www.immobilienbusiness.ch\/wp-content\/uploads\/2017\/01\/Depositphotos_5878352_l-2015-510x350.jpg 510w, https:\/\/www.immobilienbusiness.ch\/wp-content\/uploads\/2017\/01\/Depositphotos_5878352_l-2015-1166x800.jpg 1166w, https:\/\/www.immobilienbusiness.ch\/wp-content\/uploads\/2017\/01\/Depositphotos_5878352_l-2015-920x631.jpg 920w, https:\/\/www.immobilienbusiness.ch\/wp-content\/uploads\/2017\/01\/Depositphotos_5878352_l-2015-1400x961.jpg 1400w\" sizes=\"auto, (max-width: 680px) 100vw, 680px\" \/><figcaption id=\"caption-attachment-5686\" class=\"wp-caption-text\">Der Berner Gemeinderat verzichtet auf einen B\u00fcroneubau am Forsthaus (Foto: Depositphotos)<\/figcaption><\/figure>\n<p>Man werde aufgrund der hohen Investitionskosten nicht wie geplant\u00a0Arbeitspl\u00e4tze der Stadtverwaltung am Standort Forsthaus konzentrieren, teilt der Berner Gemeinderat mit. Der Bau eines neuen Werkhofes, der die Betriebe \u00abBau\u00bb, \u00abKanalnetz\u00bb und \u00abGarage\u00bb des st\u00e4dtischen Tiefbauamts zusammenfasst, sei hingegen notwendig.<\/p>\n<p>Vor einem Jahr wurden die Ergebnisse des zweistufigen Projektwettbewerbs f\u00fcr den kombinierten Bau eines st\u00e4dtischen Werkhofes und eines Verwaltungsgeb\u00e4udes mit bis zu 500 Arbeitspl\u00e4tzen pr\u00e4sentiert. Dabei k\u00fcndete der Gemeinderat mit Blick auf erste Kostensch\u00e4tzungen in der Bandbreite von 85 bis 110 Millionen CHF an, \u00fcber die weiteren Projektschritte erst nach der Durchf\u00fchrung einer Wirtschaftlichkeitsanalyse zu entscheiden.<\/p>\n<h2>\u00ab100-Millionen-Bau ist finanzpolitisch nicht vertretbar\u00bb<\/h2>\n<p>Nun hat der Gemeinderat beschlossen, auf den Bau eines B\u00fcrogeb\u00e4udes am Forsthaus zu verzichten. Angesichts der bereits anstehenden Investitionen in Sport- und Freizeitanlagen sowie im Schulbereich sei ein 100-Millionen-Bau finanzpolitisch nicht vertretbar, teilt er mit. Zudem weise der B\u00fcrobau gegen\u00fcber dem Status quo zu geringe Verbesserungen f\u00fcr die direktions\u00fcbergreifende verwaltungsinterne Zusammenarbeit auf.<\/p>\n<p>Mit dem Neubau eines Werkhofes am Standort Forsthaus k\u00f6nnen hingegen die drei Betriebe \u00abBau\u00bb, \u00abKanalnetz\u00bb und \u00abGarage\u00bb des st\u00e4dtischen Tiefbauamts zusammengelegt werden. Dank Synergien fallen damit j\u00e4hrliche Einsparungen von rund 0,5 Millionen an. Der zonenkonforme Bau wird nach aktuellen Sch\u00e4tzungen etwas \u00fcber 40 Millionen kosten. Im n\u00e4chsten Schritt wird nun ein Raumprogramm f\u00fcr den neuen Werkhof formuliert und ein neues Projekt gestartet. Bis im zweiten Quartal 2018 m\u00f6chte der Gemeinderat \u00fcber einen Projektierungskredit zuhanden des Stadtrats entscheiden k\u00f6nnen.<\/p>\n","protected":false},"excerpt":{"rendered":"<p>Der Gemeinderat von Bern verzichtet aus finanziellen Gr\u00fcnden auf den Bau eines neuen Verwaltungsgeb\u00e4udes am Standort Forsthof. Der geplante neue Werkhof soll dagegen errichtet werden.\u00a0<\/p>\n","protected":false},"author":3,"featured_media":5686,"comment_status":"open","ping_status":"open","sticky":false,"template":"","format":"standard","meta":{"_acf_changed":false,"_yoast_wpseo_focuskw":"Forsthaus","_yoast_wpseo_title":"","_yoast_wpseo_metadesc":"Der Berner Gemeinderat verzichtet aus finanziellen Gr\u00fcnden auf den Bau eines Verwaltungsgeb\u00e4udes am Forsthof. Der geplante Werkhof soll aber gebaut werden.","_yoast_wpseo_linkdex":75,"pgc_sgb_lightbox_settings":"","footnotes":""},"categories":[985],"tags":[1091,1600],"class_list":["post-8118","post","type-post","status-publish","format-standard","has-post-thumbnail","hentry","category-regionen","tag-bern","tag-projekt-in-planung"],"acf":[],"yoast_head":"<!-- This site is optimized with the Yoast SEO plugin v27.5 - https:\/\/yoast.com\/product\/yoast-seo-wordpress\/ -->\n<title>Bern: Kein Verwaltungsbau am Forsthaus - IMMOBILIEN Business<\/title>\n<meta name=\"description\" content=\"Der Berner Gemeinderat verzichtet aus finanziellen Gr\u00fcnden auf den Bau eines Verwaltungsgeb\u00e4udes am Forsthof. Der geplante Werkhof soll aber gebaut werden.\" \/>\n<meta name=\"robots\" content=\"index, follow, max-snippet:-1, max-image-preview:large, max-video-preview:-1\" \/>\n<link rel=\"canonical\" href=\"https:\/\/www.immobilienbusiness.ch\/de\/regionen\/2017-06-28\/bern-kein-verwaltungsbau-am-forsthaus\/\" \/>\n<meta property=\"og:locale\" content=\"de_DE\" \/>\n<meta property=\"og:type\" content=\"article\" \/>\n<meta property=\"og:title\" content=\"Bern: Kein Verwaltungsbau am Forsthaus\" \/>\n<meta property=\"og:description\" content=\"Der Berner Gemeinderat verzichtet aus finanziellen Gr\u00fcnden auf den Bau eines Verwaltungsgeb\u00e4udes am Forsthof. Der geplante Werkhof soll aber gebaut werden.\" \/>\n<meta property=\"og:url\" content=\"https:\/\/www.immobilienbusiness.ch\/de\/regionen\/2017-06-28\/bern-kein-verwaltungsbau-am-forsthaus\/\" \/>\n<meta property=\"og:site_name\" content=\"IMMOBILIEN Business\" \/>\n<meta property=\"article:publisher\" content=\"https:\/\/www.facebook.com\/immobilienbusiness\/\" \/>\n<meta property=\"article:published_time\" content=\"2017-06-28T06:13:50+00:00\" \/>\n<meta property=\"og:image\" content=\"https:\/\/www.immobilienbusiness.ch\/wp-content\/uploads\/2017\/01\/Depositphotos_5878352_l-2015-1024x703.jpg\" \/>\n\t<meta property=\"og:image:width\" content=\"1024\" \/>\n\t<meta property=\"og:image:height\" content=\"703\" \/>\n\t<meta property=\"og:image:type\" content=\"image\/jpeg\" \/>\n<meta name=\"author\" content=\"anja.hall\" \/>\n<meta name=\"twitter:card\" content=\"summary_large_image\" \/>\n<meta name=\"twitter:title\" content=\"Bern: Kein Verwaltungsbau am Forsthaus\" \/>\n<meta name=\"twitter:description\" content=\"Der Berner Gemeinderat verzichtet aus finanziellen Gr\u00fcnden auf den Bau eines Verwaltungsgeb\u00e4udes am Forsthof. Der geplante Werkhof soll aber gebaut werden.\" \/>\n<meta name=\"twitter:image\" content=\"https:\/\/www.immobilienbusiness.ch\/wp-content\/uploads\/2017\/01\/Depositphotos_5878352_l-2015.jpg\" \/>\n<script type=\"application\/ld+json\" class=\"yoast-schema-graph\">{\"@context\":\"https:\\\/\\\/schema.org\",\"@graph\":[{\"@type\":\"Article\",\"@id\":\"https:\\\/\\\/www.immobilienbusiness.ch\\\/regionen\\\/2017-06-28\\\/bern-kein-verwaltungsbau-am-forsthaus\\\/#article\",\"isPartOf\":{\"@id\":\"https:\\\/\\\/www.immobilienbusiness.ch\\\/regionen\\\/2017-06-28\\\/bern-kein-verwaltungsbau-am-forsthaus\\\/\"},\"author\":{\"name\":\"anja.hall\",\"@id\":\"https:\\\/\\\/www.immobilienbusiness.ch\\\/#\\\/schema\\\/person\\\/3fc036297b10b9f42d6db5ee932af8c8\"},\"headline\":\"Bern: Kein Verwaltungsbau am Forsthaus\",\"datePublished\":\"2017-06-28T06:13:50+00:00\",\"mainEntityOfPage\":{\"@id\":\"https:\\\/\\\/www.immobilienbusiness.ch\\\/regionen\\\/2017-06-28\\\/bern-kein-verwaltungsbau-am-forsthaus\\\/\"},\"wordCount\":273,\"commentCount\":0,\"publisher\":{\"@id\":\"https:\\\/\\\/www.immobilienbusiness.ch\\\/#organization\"},\"image\":{\"@id\":\"https:\\\/\\\/www.immobilienbusiness.ch\\\/regionen\\\/2017-06-28\\\/bern-kein-verwaltungsbau-am-forsthaus\\\/#primaryimage\"},\"thumbnailUrl\":\"https:\\\/\\\/www.immobilienbusiness.ch\\\/wp-content\\\/uploads\\\/2017\\\/01\\\/Depositphotos_5878352_l-2015.jpg\",\"keywords\":[\"Bern\",\"Projekt in Planung\"],\"articleSection\":[\"REGIONEN\"],\"inLanguage\":\"de\"},{\"@type\":\"WebPage\",\"@id\":\"https:\\\/\\\/www.immobilienbusiness.ch\\\/regionen\\\/2017-06-28\\\/bern-kein-verwaltungsbau-am-forsthaus\\\/\",\"url\":\"https:\\\/\\\/www.immobilienbusiness.ch\\\/regionen\\\/2017-06-28\\\/bern-kein-verwaltungsbau-am-forsthaus\\\/\",\"name\":\"Bern: Kein Verwaltungsbau am Forsthaus - IMMOBILIEN Business\",\"isPartOf\":{\"@id\":\"https:\\\/\\\/www.immobilienbusiness.ch\\\/#website\"},\"primaryImageOfPage\":{\"@id\":\"https:\\\/\\\/www.immobilienbusiness.ch\\\/regionen\\\/2017-06-28\\\/bern-kein-verwaltungsbau-am-forsthaus\\\/#primaryimage\"},\"image\":{\"@id\":\"https:\\\/\\\/www.immobilienbusiness.ch\\\/regionen\\\/2017-06-28\\\/bern-kein-verwaltungsbau-am-forsthaus\\\/#primaryimage\"},\"thumbnailUrl\":\"https:\\\/\\\/www.immobilienbusiness.ch\\\/wp-content\\\/uploads\\\/2017\\\/01\\\/Depositphotos_5878352_l-2015.jpg\",\"datePublished\":\"2017-06-28T06:13:50+00:00\",\"description\":\"Der Berner Gemeinderat verzichtet aus finanziellen Gr\u00fcnden auf den Bau eines Verwaltungsgeb\u00e4udes am Forsthof. Der geplante Werkhof soll aber gebaut werden.\",\"breadcrumb\":{\"@id\":\"https:\\\/\\\/www.immobilienbusiness.ch\\\/regionen\\\/2017-06-28\\\/bern-kein-verwaltungsbau-am-forsthaus\\\/#breadcrumb\"},\"inLanguage\":\"de\",\"potentialAction\":[{\"@type\":\"ReadAction\",\"target\":[\"https:\\\/\\\/www.immobilienbusiness.ch\\\/regionen\\\/2017-06-28\\\/bern-kein-verwaltungsbau-am-forsthaus\\\/\"]}]},{\"@type\":\"ImageObject\",\"inLanguage\":\"de\",\"@id\":\"https:\\\/\\\/www.immobilienbusiness.ch\\\/regionen\\\/2017-06-28\\\/bern-kein-verwaltungsbau-am-forsthaus\\\/#primaryimage\",\"url\":\"https:\\\/\\\/www.immobilienbusiness.ch\\\/wp-content\\\/uploads\\\/2017\\\/01\\\/Depositphotos_5878352_l-2015.jpg\",\"contentUrl\":\"https:\\\/\\\/www.immobilienbusiness.ch\\\/wp-content\\\/uploads\\\/2017\\\/01\\\/Depositphotos_5878352_l-2015.jpg\",\"width\":1999,\"height\":1372,\"caption\":\"Bern will Zweitwohnungsboom in der Altstadt eind\u00e4mmen (Foto: Depositphotos)\"},{\"@type\":\"BreadcrumbList\",\"@id\":\"https:\\\/\\\/www.immobilienbusiness.ch\\\/regionen\\\/2017-06-28\\\/bern-kein-verwaltungsbau-am-forsthaus\\\/#breadcrumb\",\"itemListElement\":[{\"@type\":\"ListItem\",\"position\":1,\"name\":\"Home\",\"item\":\"https:\\\/\\\/www.immobilienbusiness.ch\\\/\"},{\"@type\":\"ListItem\",\"position\":2,\"name\":\"Bern: Kein Verwaltungsbau am Forsthaus\"}]},{\"@type\":\"WebSite\",\"@id\":\"https:\\\/\\\/www.immobilienbusiness.ch\\\/#website\",\"url\":\"https:\\\/\\\/www.immobilienbusiness.ch\\\/\",\"name\":\"IMMOBILIEN Business\",\"description\":\"Unabh\u00e4ngiges Schweizer Wirtschaftsmagazin mit Fokus auf Immobilien, Architektur- und Bau sowie Investment- und Finanzierung.\",\"publisher\":{\"@id\":\"https:\\\/\\\/www.immobilienbusiness.ch\\\/#organization\"},\"potentialAction\":[{\"@type\":\"SearchAction\",\"target\":{\"@type\":\"EntryPoint\",\"urlTemplate\":\"https:\\\/\\\/www.immobilienbusiness.ch\\\/?s={search_term_string}\"},\"query-input\":{\"@type\":\"PropertyValueSpecification\",\"valueRequired\":true,\"valueName\":\"search_term_string\"}}],\"inLanguage\":\"de\"},{\"@type\":\"Organization\",\"@id\":\"https:\\\/\\\/www.immobilienbusiness.ch\\\/#organization\",\"name\":\"IMMOBILIEN Business\",\"url\":\"https:\\\/\\\/www.immobilienbusiness.ch\\\/\",\"logo\":{\"@type\":\"ImageObject\",\"inLanguage\":\"de\",\"@id\":\"https:\\\/\\\/www.immobilienbusiness.ch\\\/#\\\/schema\\\/logo\\\/image\\\/\",\"url\":\"https:\\\/\\\/www.immobilienbusiness.ch\\\/wp-content\\\/uploads\\\/2021\\\/07\\\/logo_ib.png\",\"contentUrl\":\"https:\\\/\\\/www.immobilienbusiness.ch\\\/wp-content\\\/uploads\\\/2021\\\/07\\\/logo_ib.png\",\"width\":800,\"height\":181,\"caption\":\"IMMOBILIEN Business\"},\"image\":{\"@id\":\"https:\\\/\\\/www.immobilienbusiness.ch\\\/#\\\/schema\\\/logo\\\/image\\\/\"},\"sameAs\":[\"https:\\\/\\\/www.facebook.com\\\/immobilienbusiness\\\/\"]},{\"@type\":\"Person\",\"@id\":\"https:\\\/\\\/www.immobilienbusiness.ch\\\/#\\\/schema\\\/person\\\/3fc036297b10b9f42d6db5ee932af8c8\",\"name\":\"anja.hall\",\"image\":{\"@type\":\"ImageObject\",\"inLanguage\":\"de\",\"@id\":\"https:\\\/\\\/secure.gravatar.com\\\/avatar\\\/066b5a0d447013502c71a5782f4f3469f03cfe595cc2329fb94652fe47511bfb?s=96&d=mm&r=g\",\"url\":\"https:\\\/\\\/secure.gravatar.com\\\/avatar\\\/066b5a0d447013502c71a5782f4f3469f03cfe595cc2329fb94652fe47511bfb?s=96&d=mm&r=g\",\"contentUrl\":\"https:\\\/\\\/secure.gravatar.com\\\/avatar\\\/066b5a0d447013502c71a5782f4f3469f03cfe595cc2329fb94652fe47511bfb?s=96&d=mm&r=g\",\"caption\":\"anja.hall\"},\"url\":\"https:\\\/\\\/www.immobilienbusiness.ch\\\/de\\\/author\\\/anja-hall\\\/\"}]}<\/script>\n<!-- \/ Yoast SEO plugin. -->","yoast_head_json":{"title":"Bern: Kein Verwaltungsbau am Forsthaus - IMMOBILIEN Business","description":"Der Berner Gemeinderat verzichtet aus finanziellen Gr\u00fcnden auf den Bau eines Verwaltungsgeb\u00e4udes am Forsthof. Der geplante Werkhof soll aber gebaut werden.","robots":{"index":"index","follow":"follow","max-snippet":"max-snippet:-1","max-image-preview":"max-image-preview:large","max-video-preview":"max-video-preview:-1"},"canonical":"https:\/\/www.immobilienbusiness.ch\/de\/regionen\/2017-06-28\/bern-kein-verwaltungsbau-am-forsthaus\/","og_locale":"de_DE","og_type":"article","og_title":"Bern: Kein Verwaltungsbau am Forsthaus","og_description":"Der Berner Gemeinderat verzichtet aus finanziellen Gr\u00fcnden auf den Bau eines Verwaltungsgeb\u00e4udes am Forsthof. Der geplante Werkhof soll aber gebaut werden.","og_url":"https:\/\/www.immobilienbusiness.ch\/de\/regionen\/2017-06-28\/bern-kein-verwaltungsbau-am-forsthaus\/","og_site_name":"IMMOBILIEN Business","article_publisher":"https:\/\/www.facebook.com\/immobilienbusiness\/","article_published_time":"2017-06-28T06:13:50+00:00","og_image":[{"width":1024,"height":703,"url":"https:\/\/www.immobilienbusiness.ch\/wp-content\/uploads\/2017\/01\/Depositphotos_5878352_l-2015-1024x703.jpg","type":"image\/jpeg"}],"author":"anja.hall","twitter_card":"summary_large_image","twitter_title":"Bern: Kein Verwaltungsbau am Forsthaus","twitter_description":"Der Berner Gemeinderat verzichtet aus finanziellen Gr\u00fcnden auf den Bau eines Verwaltungsgeb\u00e4udes am Forsthof. Der geplante Werkhof soll aber gebaut werden.","twitter_image":"https:\/\/www.immobilienbusiness.ch\/wp-content\/uploads\/2017\/01\/Depositphotos_5878352_l-2015.jpg","schema":{"@context":"https:\/\/schema.org","@graph":[{"@type":"Article","@id":"https:\/\/www.immobilienbusiness.ch\/regionen\/2017-06-28\/bern-kein-verwaltungsbau-am-forsthaus\/#article","isPartOf":{"@id":"https:\/\/www.immobilienbusiness.ch\/regionen\/2017-06-28\/bern-kein-verwaltungsbau-am-forsthaus\/"},"author":{"name":"anja.hall","@id":"https:\/\/www.immobilienbusiness.ch\/#\/schema\/person\/3fc036297b10b9f42d6db5ee932af8c8"},"headline":"Bern: Kein Verwaltungsbau am Forsthaus","datePublished":"2017-06-28T06:13:50+00:00","mainEntityOfPage":{"@id":"https:\/\/www.immobilienbusiness.ch\/regionen\/2017-06-28\/bern-kein-verwaltungsbau-am-forsthaus\/"},"wordCount":273,"commentCount":0,"publisher":{"@id":"https:\/\/www.immobilienbusiness.ch\/#organization"},"image":{"@id":"https:\/\/www.immobilienbusiness.ch\/regionen\/2017-06-28\/bern-kein-verwaltungsbau-am-forsthaus\/#primaryimage"},"thumbnailUrl":"https:\/\/www.immobilienbusiness.ch\/wp-content\/uploads\/2017\/01\/Depositphotos_5878352_l-2015.jpg","keywords":["Bern","Projekt in Planung"],"articleSection":["REGIONEN"],"inLanguage":"de"},{"@type":"WebPage","@id":"https:\/\/www.immobilienbusiness.ch\/regionen\/2017-06-28\/bern-kein-verwaltungsbau-am-forsthaus\/","url":"https:\/\/www.immobilienbusiness.ch\/regionen\/2017-06-28\/bern-kein-verwaltungsbau-am-forsthaus\/","name":"Bern: Kein Verwaltungsbau am Forsthaus - IMMOBILIEN Business","isPartOf":{"@id":"https:\/\/www.immobilienbusiness.ch\/#website"},"primaryImageOfPage":{"@id":"https:\/\/www.immobilienbusiness.ch\/regionen\/2017-06-28\/bern-kein-verwaltungsbau-am-forsthaus\/#primaryimage"},"image":{"@id":"https:\/\/www.immobilienbusiness.ch\/regionen\/2017-06-28\/bern-kein-verwaltungsbau-am-forsthaus\/#primaryimage"},"thumbnailUrl":"https:\/\/www.immobilienbusiness.ch\/wp-content\/uploads\/2017\/01\/Depositphotos_5878352_l-2015.jpg","datePublished":"2017-06-28T06:13:50+00:00","description":"Der Berner Gemeinderat verzichtet aus finanziellen Gr\u00fcnden auf den Bau eines Verwaltungsgeb\u00e4udes am Forsthof. Der geplante Werkhof soll aber gebaut werden.","breadcrumb":{"@id":"https:\/\/www.immobilienbusiness.ch\/regionen\/2017-06-28\/bern-kein-verwaltungsbau-am-forsthaus\/#breadcrumb"},"inLanguage":"de","potentialAction":[{"@type":"ReadAction","target":["https:\/\/www.immobilienbusiness.ch\/regionen\/2017-06-28\/bern-kein-verwaltungsbau-am-forsthaus\/"]}]},{"@type":"ImageObject","inLanguage":"de","@id":"https:\/\/www.immobilienbusiness.ch\/regionen\/2017-06-28\/bern-kein-verwaltungsbau-am-forsthaus\/#primaryimage","url":"https:\/\/www.immobilienbusiness.ch\/wp-content\/uploads\/2017\/01\/Depositphotos_5878352_l-2015.jpg","contentUrl":"https:\/\/www.immobilienbusiness.ch\/wp-content\/uploads\/2017\/01\/Depositphotos_5878352_l-2015.jpg","width":1999,"height":1372,"caption":"Bern will Zweitwohnungsboom in der Altstadt eind\u00e4mmen (Foto: Depositphotos)"},{"@type":"BreadcrumbList","@id":"https:\/\/www.immobilienbusiness.ch\/regionen\/2017-06-28\/bern-kein-verwaltungsbau-am-forsthaus\/#breadcrumb","itemListElement":[{"@type":"ListItem","position":1,"name":"Home","item":"https:\/\/www.immobilienbusiness.ch\/"},{"@type":"ListItem","position":2,"name":"Bern: Kein Verwaltungsbau am Forsthaus"}]},{"@type":"WebSite","@id":"https:\/\/www.immobilienbusiness.ch\/#website","url":"https:\/\/www.immobilienbusiness.ch\/","name":"IMMOBILIEN Business","description":"Unabh\u00e4ngiges Schweizer Wirtschaftsmagazin mit Fokus auf Immobilien, Architektur- und Bau sowie Investment- und Finanzierung.","publisher":{"@id":"https:\/\/www.immobilienbusiness.ch\/#organization"},"potentialAction":[{"@type":"SearchAction","target":{"@type":"EntryPoint","urlTemplate":"https:\/\/www.immobilienbusiness.ch\/?s={search_term_string}"},"query-input":{"@type":"PropertyValueSpecification","valueRequired":true,"valueName":"search_term_string"}}],"inLanguage":"de"},{"@type":"Organization","@id":"https:\/\/www.immobilienbusiness.ch\/#organization","name":"IMMOBILIEN Business","url":"https:\/\/www.immobilienbusiness.ch\/","logo":{"@type":"ImageObject","inLanguage":"de","@id":"https:\/\/www.immobilienbusiness.ch\/#\/schema\/logo\/image\/","url":"https:\/\/www.immobilienbusiness.ch\/wp-content\/uploads\/2021\/07\/logo_ib.png","contentUrl":"https:\/\/www.immobilienbusiness.ch\/wp-content\/uploads\/2021\/07\/logo_ib.png","width":800,"height":181,"caption":"IMMOBILIEN Business"},"image":{"@id":"https:\/\/www.immobilienbusiness.ch\/#\/schema\/logo\/image\/"},"sameAs":["https:\/\/www.facebook.com\/immobilienbusiness\/"]},{"@type":"Person","@id":"https:\/\/www.immobilienbusiness.ch\/#\/schema\/person\/3fc036297b10b9f42d6db5ee932af8c8","name":"anja.hall","image":{"@type":"ImageObject","inLanguage":"de","@id":"https:\/\/secure.gravatar.com\/avatar\/066b5a0d447013502c71a5782f4f3469f03cfe595cc2329fb94652fe47511bfb?s=96&d=mm&r=g","url":"https:\/\/secure.gravatar.com\/avatar\/066b5a0d447013502c71a5782f4f3469f03cfe595cc2329fb94652fe47511bfb?s=96&d=mm&r=g","contentUrl":"https:\/\/secure.gravatar.com\/avatar\/066b5a0d447013502c71a5782f4f3469f03cfe595cc2329fb94652fe47511bfb?s=96&d=mm&r=g","caption":"anja.hall"},"url":"https:\/\/www.immobilienbusiness.ch\/de\/author\/anja-hall\/"}]}},"_links":{"self":[{"href":"https:\/\/www.immobilienbusiness.ch\/de\/wp-json\/wp\/v2\/posts\/8118","targetHints":{"allow":["GET"]}}],"collection":[{"href":"https:\/\/www.immobilienbusiness.ch\/de\/wp-json\/wp\/v2\/posts"}],"about":[{"href":"https:\/\/www.immobilienbusiness.ch\/de\/wp-json\/wp\/v2\/types\/post"}],"author":[{"embeddable":true,"href":"https:\/\/www.immobilienbusiness.ch\/de\/wp-json\/wp\/v2\/users\/3"}],"replies":[{"embeddable":true,"href":"https:\/\/www.immobilienbusiness.ch\/de\/wp-json\/wp\/v2\/comments?post=8118"}],"version-history":[{"count":0,"href":"https:\/\/www.immobilienbusiness.ch\/de\/wp-json\/wp\/v2\/posts\/8118\/revisions"}],"wp:featuredmedia":[{"embeddable":true,"href":"https:\/\/www.immobilienbusiness.ch\/de\/wp-json\/wp\/v2\/media\/5686"}],"wp:attachment":[{"href":"https:\/\/www.immobilienbusiness.ch\/de\/wp-json\/wp\/v2\/media?parent=8118"}],"wp:term":[{"taxonomy":"category","embeddable":true,"href":"https:\/\/www.immobilienbusiness.ch\/de\/wp-json\/wp\/v2\/categories?post=8118"},{"taxonomy":"post_tag","embeddable":true,"href":"https:\/\/www.immobilienbusiness.ch\/de\/wp-json\/wp\/v2\/tags?post=8118"}],"curies":[{"name":"wp","href":"https:\/\/api.w.org\/{rel}","templated":true}]}}