{"id":8033,"date":"2017-06-20T07:36:38","date_gmt":"2017-06-20T05:36:38","guid":{"rendered":"https:\/\/www.immobilienbusiness.ch\/?p=8033"},"modified":"2017-06-20T07:36:38","modified_gmt":"2017-06-20T05:36:38","slug":"basel-testplanungen-fuer-klybeckplus-liegen-vor","status":"publish","type":"post","link":"https:\/\/www.immobilienbusiness.ch\/de\/regionen\/2017-06-20\/basel-testplanungen-fuer-klybeckplus-liegen-vor\/","title":{"rendered":"Basel: Testplanung f\u00fcr klybeckplus liegt vor"},"content":{"rendered":"<figure id=\"attachment_8034\" aria-describedby=\"caption-attachment-8034\" style=\"width: 680px\" class=\"wp-caption alignnone\"><img loading=\"lazy\" decoding=\"async\" class=\"size-medium wp-image-8034\" src=\"https:\/\/www.immobilienbusiness.ch\/wp-content\/uploads\/2017\/06\/170330_Klybeckplus_Media_Event_305-1.jpg\" alt=\"\" width=\"680\" height=\"453\" srcset=\"https:\/\/www.immobilienbusiness.ch\/wp-content\/uploads\/2017\/06\/170330_Klybeckplus_Media_Event_305-1.jpg 1200w, https:\/\/www.immobilienbusiness.ch\/wp-content\/uploads\/2017\/06\/170330_Klybeckplus_Media_Event_305-1-300x200.jpg 300w, https:\/\/www.immobilienbusiness.ch\/wp-content\/uploads\/2017\/06\/170330_Klybeckplus_Media_Event_305-1-1024x683.jpg 1024w, https:\/\/www.immobilienbusiness.ch\/wp-content\/uploads\/2017\/06\/170330_Klybeckplus_Media_Event_305-1-768x512.jpg 768w, https:\/\/www.immobilienbusiness.ch\/wp-content\/uploads\/2017\/06\/170330_Klybeckplus_Media_Event_305-1-16x12.jpg 16w, https:\/\/www.immobilienbusiness.ch\/wp-content\/uploads\/2017\/06\/170330_Klybeckplus_Media_Event_305-1-263x175.jpg 263w, https:\/\/www.immobilienbusiness.ch\/wp-content\/uploads\/2017\/06\/170330_Klybeckplus_Media_Event_305-1-525x350.jpg 525w, https:\/\/www.immobilienbusiness.ch\/wp-content\/uploads\/2017\/06\/170330_Klybeckplus_Media_Event_305-1-920x613.jpg 920w\" sizes=\"auto, (max-width: 680px) 100vw, 680px\" \/><figcaption id=\"caption-attachment-8034\" class=\"wp-caption-text\">Hier soll das neue Stadtquartier klybeckplus entstehen &#8211; Blick vom Klybeckareal nach Norden\u00a0(Quelle: Pressefoto BASF)<\/figcaption><\/figure>\n<p>Das Klybeckareal wird von BASF und Novartis heute kaum mehr f\u00fcr die industrielle Produktion ben\u00f6tigt. Die Grundeigent\u00fcmer haben sich deshalb im vergangenen Jahr mit dem Kanton Basel-Stadt zusammengeschlossen, um die Zukunft dieser Fl\u00e4che von rund 300.000 qm\u00a0zu planen. Die bislang unzug\u00e4nglichen Industrieareale zwischen Rhein und Wiese sollen\u00a0sich f\u00fcr die Bev\u00f6lkerung \u00f6ffnen und zu einem neuen Stadtquartier wandeln.<\/p>\n<p>Dazu wurden vier\u00a0Planungsteams aus Basel, Berlin, Frankfurt und Rotterdam beauftragt, eine Testplanung zu entwickeln, wie sich die Fl\u00e4chen entwickeln lassen.\u00a0Nun liegen die Ergebnisse vor.<\/p>\n<p>AS+P aus Frankfurt sieht\u00a0vier Bausteine f\u00fcr das neue Stadtviertel klybeckplus vor:\u00a0Ein \u00abWiese-Quartier\u00bb soll Wohnen am Park und kleinteiliges Wohnen entlang der Flusslandschaft mit der Ansiedlung von Wirtschaftsfl\u00e4chen im Kern verbinden. Ein\u00a0\u00abFlussquartier\u00bb nimmt die typischen Blockrandformate der Nachbarquartiere auf und bildet einen neuen Quartiersplatz mit einer m\u00f6glichen Kulturfabrik Klybeck; der \u00abHorburg-Park\u00bb ist als R\u00fcckzugs- und Naherholungsraum geplant und soll mit einer \u00f6ffentlichen Kleinmarkthalle erg\u00e4nzt werden. Ein \u00ab24-Stunden-Quartier \u00bbzwischen der Verl\u00e4ngerung der Mauerstrasse und der Dreirosenbr\u00fccke soll als Labor f\u00fcr k\u00fcnftiges Stadtleben dienen &#8211; mit unterschiedlichen Wohnformen in enger Nachbarschaft zu Arbeitspl\u00e4tzen und Dienstleistungen. Hier sollen auch Aufstockungen und Hochh\u00e4user m\u00f6glich sein.<\/p>\n<h2>Mischung aus Wohnen, Gewerbe und Kultur<\/h2>\n<p>Diener &amp; Diener aus Basel betrachten den \u00abKlybeckplatz\u00bb als\u00a0Herz des neuen Quartiers, hier soll auch ein Verkehrsknoten mit Tramlinien und S-Bahn entstehen. H\u00f6here H\u00e4user fassen den Platz, der\u00a0als Bindeglied zwischen den bestehenden Quartieren dienen soll. Die Architekten stehen das Weiterbauen an einem Stadtquartier mit industriellem Charme, erg\u00e4nzt mit klar gesetzten Neubauten als Ziel ihrer Arealentwicklung. Zwischen dem Klybeckplatz und der Wiese ist eine \u00abIndustriestrasse\u00bb mit Wohnen und Arbeiten geplant. Die Mauerstrasse soll verkehrsbefreit werden und eine\u00a0gr\u00fcne Achse zwischen Rhein und Wiese bilden. In ihrer Verl\u00e4ngerung entsteht ein \u00f6ffentlicher Park am Rhein, der f\u00fcr diverse Freizeitaktivit\u00e4ten genutzt werden kann.<\/p>\n<p>Prof. Hans Kollhoff aus Berlin will die\u00a0vorhandene Stadtstruktur mit ihrer Blockrandbebauung in das neue Quartier weiterf\u00fchren. Neben Wohnen k\u00f6nnen in den Erdgeschossen vielf\u00e4ltige Nutzungen angeboten werden. Im\u00a0\u00ab\u00c9toile\u00bb, dem Zentrum des neuen Quartiers, schl\u00e4gt er ein Hochhausensemble vor. Im Untergeschoss sollen neue Einkaufsm\u00f6glichkeiten die bestehende Quartierversorgung erg\u00e4nzen. \u00dcber eine Baumallee und einen Bootshafen wird das Zentrum des Quartiers\u00a0mit dem\u00a0Rhein verbunden. Eine Br\u00fccke f\u00fcr den Fuss- und Veloverkehr soll\u00a0die Uferpromenade mit der gegen\u00fcberliegenden Rheinpromenade verbinden.<\/p>\n<p>OMA aus Rotterdam will in dem\u00a0neuen Areal die Trennung der bestehenden Quartiere aufl\u00f6sen, indem es einen \u00abBackbone\u00bb, ein Kulturband, entlang der Mauerstrasse f\u00fcr \u00f6ffentliche, soziale und kulturelle Nutzungen einf\u00fcgt. Dieses ist \u00fcber den Aussenraum mit dem restlichen Quartier verwoben. Vorgesehen sind im Quartier zudem verschiedene Teilbereiche, von einem Dienstleistungsbereich \u00fcber das Kulturband bis zu kleinteiligem Wohnen entlang der Wiese und einer \u00f6ffentlichen Veranstaltungsplattform auf dem Rhein.\u00a0Wohnen soll bis ins Erdgeschoss m\u00f6glich sein, mit autofreien Wohnzonen und unterirdischem Parkieren.<\/p>\n<p>Die Ergebnisse der Testplanung wurden mit der interessierten Quartier- und Stadtbev\u00f6lkerung diskutiert. Die Inputs fliessen in die nun anschliessende Planungsphase ein, die dann ihrerseits die Grundlage f\u00fcr den beh\u00f6rdenverbindlichen Stadtteilrichtplan bildet, teilt die Stadt Basel mit.<\/p>\n<p>&nbsp;<\/p>\n","protected":false},"excerpt":{"rendered":"<p>Die Industrieareale im Klybeck sollen zum neuen Basler Stadtquartier klybeckplus werden. Die Ergebnisse der Testplanung liegen nun vor.<\/p>\n","protected":false},"author":3,"featured_media":8034,"comment_status":"open","ping_status":"open","sticky":false,"template":"","format":"standard","meta":{"_acf_changed":false,"_yoast_wpseo_focuskw":"klybeckplus","_yoast_wpseo_title":"","_yoast_wpseo_metadesc":"Die Industrieareale im Klybeck sollen zum neuen Basler Stadtquartier klybeckplus werden. Die Ergebnisse der Testplanung liegen nun vor.","_yoast_wpseo_linkdex":78,"pgc_sgb_lightbox_settings":"","footnotes":""},"categories":[985],"tags":[1069,1600,1724,1726,1863],"class_list":["post-8033","post","type-post","status-publish","format-standard","has-post-thumbnail","hentry","category-regionen","tag-basel","tag-projekt-in-planung","tag-stadtentwicklung","tag-stadtplanung","tag-wohnimmobilien"],"acf":[],"yoast_head":"<!-- This site is optimized with the Yoast SEO plugin v27.4 - https:\/\/yoast.com\/product\/yoast-seo-wordpress\/ -->\n<title>Basel: Testplanung f\u00fcr klybeckplus liegt vor - IMMOBILIEN Business<\/title>\n<meta name=\"description\" content=\"Die Industrieareale im Klybeck sollen zum neuen Basler Stadtquartier klybeckplus werden. Die Ergebnisse der Testplanung liegen nun vor.\" \/>\n<meta name=\"robots\" content=\"index, follow, max-snippet:-1, max-image-preview:large, max-video-preview:-1\" \/>\n<link rel=\"canonical\" href=\"https:\/\/www.immobilienbusiness.ch\/de\/regionen\/2017-06-20\/basel-testplanungen-fuer-klybeckplus-liegen-vor\/\" \/>\n<meta property=\"og:locale\" content=\"de_DE\" \/>\n<meta property=\"og:type\" content=\"article\" \/>\n<meta property=\"og:title\" content=\"Basel: Testplanung f\u00fcr klybeckplus liegt vor\" \/>\n<meta property=\"og:description\" content=\"Die Industrieareale im Klybeck sollen zum neuen Basler Stadtquartier klybeckplus werden. Die Ergebnisse der Testplanung liegen nun vor.\" \/>\n<meta property=\"og:url\" content=\"https:\/\/www.immobilienbusiness.ch\/de\/regionen\/2017-06-20\/basel-testplanungen-fuer-klybeckplus-liegen-vor\/\" \/>\n<meta property=\"og:site_name\" content=\"IMMOBILIEN Business\" \/>\n<meta property=\"article:publisher\" content=\"https:\/\/www.facebook.com\/immobilienbusiness\/\" \/>\n<meta property=\"article:published_time\" content=\"2017-06-20T05:36:38+00:00\" \/>\n<meta property=\"og:image\" content=\"https:\/\/www.immobilienbusiness.ch\/wp-content\/uploads\/2017\/06\/170330_Klybeckplus_Media_Event_305-1.jpg\" \/>\n\t<meta property=\"og:image:width\" content=\"1200\" \/>\n\t<meta property=\"og:image:height\" content=\"800\" \/>\n\t<meta property=\"og:image:type\" content=\"image\/jpeg\" \/>\n<meta name=\"author\" content=\"anja.hall\" \/>\n<meta name=\"twitter:card\" content=\"summary_large_image\" \/>\n<meta name=\"twitter:title\" content=\"Basel: Testplanung f\u00fcr klybeckplus liegt vor\" \/>\n<meta name=\"twitter:description\" content=\"Die Industrieareale im Klybeck sollen zum neuen Basler Stadtquartier klybeckplus werden. Die Ergebnisse der Testplanung liegen nun vor.\" \/>\n<meta name=\"twitter:image\" content=\"https:\/\/www.immobilienbusiness.ch\/wp-content\/uploads\/2017\/06\/170330_Klybeckplus_Media_Event_305-1.jpg\" \/>\n<script type=\"application\/ld+json\" class=\"yoast-schema-graph\">{\"@context\":\"https:\\\/\\\/schema.org\",\"@graph\":[{\"@type\":\"Article\",\"@id\":\"https:\\\/\\\/www.immobilienbusiness.ch\\\/it\\\/regionen\\\/2017-06-20\\\/basel-testplanungen-fuer-klybeckplus-liegen-vor\\\/#article\",\"isPartOf\":{\"@id\":\"https:\\\/\\\/www.immobilienbusiness.ch\\\/it\\\/regionen\\\/2017-06-20\\\/basel-testplanungen-fuer-klybeckplus-liegen-vor\\\/\"},\"author\":{\"name\":\"anja.hall\",\"@id\":\"https:\\\/\\\/www.immobilienbusiness.ch\\\/#\\\/schema\\\/person\\\/3fc036297b10b9f42d6db5ee932af8c8\"},\"headline\":\"Basel: Testplanung f\u00fcr klybeckplus liegt vor\",\"datePublished\":\"2017-06-20T05:36:38+00:00\",\"mainEntityOfPage\":{\"@id\":\"https:\\\/\\\/www.immobilienbusiness.ch\\\/it\\\/regionen\\\/2017-06-20\\\/basel-testplanungen-fuer-klybeckplus-liegen-vor\\\/\"},\"wordCount\":563,\"commentCount\":0,\"publisher\":{\"@id\":\"https:\\\/\\\/www.immobilienbusiness.ch\\\/#organization\"},\"image\":{\"@id\":\"https:\\\/\\\/www.immobilienbusiness.ch\\\/it\\\/regionen\\\/2017-06-20\\\/basel-testplanungen-fuer-klybeckplus-liegen-vor\\\/#primaryimage\"},\"thumbnailUrl\":\"https:\\\/\\\/www.immobilienbusiness.ch\\\/wp-content\\\/uploads\\\/2017\\\/06\\\/170330_Klybeckplus_Media_Event_305-1.jpg\",\"keywords\":[\"Basel\",\"Projekt in Planung\",\"Stadtentwicklung\",\"Stadtplanung\",\"Wohnimmobilien\"],\"articleSection\":[\"REGIONEN\"],\"inLanguage\":\"de\"},{\"@type\":\"WebPage\",\"@id\":\"https:\\\/\\\/www.immobilienbusiness.ch\\\/it\\\/regionen\\\/2017-06-20\\\/basel-testplanungen-fuer-klybeckplus-liegen-vor\\\/\",\"url\":\"https:\\\/\\\/www.immobilienbusiness.ch\\\/it\\\/regionen\\\/2017-06-20\\\/basel-testplanungen-fuer-klybeckplus-liegen-vor\\\/\",\"name\":\"Basel: Testplanung f\u00fcr klybeckplus liegt vor - IMMOBILIEN Business\",\"isPartOf\":{\"@id\":\"https:\\\/\\\/www.immobilienbusiness.ch\\\/#website\"},\"primaryImageOfPage\":{\"@id\":\"https:\\\/\\\/www.immobilienbusiness.ch\\\/it\\\/regionen\\\/2017-06-20\\\/basel-testplanungen-fuer-klybeckplus-liegen-vor\\\/#primaryimage\"},\"image\":{\"@id\":\"https:\\\/\\\/www.immobilienbusiness.ch\\\/it\\\/regionen\\\/2017-06-20\\\/basel-testplanungen-fuer-klybeckplus-liegen-vor\\\/#primaryimage\"},\"thumbnailUrl\":\"https:\\\/\\\/www.immobilienbusiness.ch\\\/wp-content\\\/uploads\\\/2017\\\/06\\\/170330_Klybeckplus_Media_Event_305-1.jpg\",\"datePublished\":\"2017-06-20T05:36:38+00:00\",\"description\":\"Die Industrieareale im Klybeck sollen zum neuen Basler Stadtquartier klybeckplus werden. Die Ergebnisse der Testplanung liegen nun vor.\",\"breadcrumb\":{\"@id\":\"https:\\\/\\\/www.immobilienbusiness.ch\\\/it\\\/regionen\\\/2017-06-20\\\/basel-testplanungen-fuer-klybeckplus-liegen-vor\\\/#breadcrumb\"},\"inLanguage\":\"de\",\"potentialAction\":[{\"@type\":\"ReadAction\",\"target\":[\"https:\\\/\\\/www.immobilienbusiness.ch\\\/it\\\/regionen\\\/2017-06-20\\\/basel-testplanungen-fuer-klybeckplus-liegen-vor\\\/\"]}]},{\"@type\":\"ImageObject\",\"inLanguage\":\"de\",\"@id\":\"https:\\\/\\\/www.immobilienbusiness.ch\\\/it\\\/regionen\\\/2017-06-20\\\/basel-testplanungen-fuer-klybeckplus-liegen-vor\\\/#primaryimage\",\"url\":\"https:\\\/\\\/www.immobilienbusiness.ch\\\/wp-content\\\/uploads\\\/2017\\\/06\\\/170330_Klybeckplus_Media_Event_305-1.jpg\",\"contentUrl\":\"https:\\\/\\\/www.immobilienbusiness.ch\\\/wp-content\\\/uploads\\\/2017\\\/06\\\/170330_Klybeckplus_Media_Event_305-1.jpg\",\"width\":1200,\"height\":800,\"caption\":\"Blick vom Klybeckareal nach Norden (Quelle: Pressefoto BASF)\"},{\"@type\":\"BreadcrumbList\",\"@id\":\"https:\\\/\\\/www.immobilienbusiness.ch\\\/it\\\/regionen\\\/2017-06-20\\\/basel-testplanungen-fuer-klybeckplus-liegen-vor\\\/#breadcrumb\",\"itemListElement\":[{\"@type\":\"ListItem\",\"position\":1,\"name\":\"Home\",\"item\":\"https:\\\/\\\/www.immobilienbusiness.ch\\\/\"},{\"@type\":\"ListItem\",\"position\":2,\"name\":\"Basel: Testplanung f\u00fcr klybeckplus liegt vor\"}]},{\"@type\":\"WebSite\",\"@id\":\"https:\\\/\\\/www.immobilienbusiness.ch\\\/#website\",\"url\":\"https:\\\/\\\/www.immobilienbusiness.ch\\\/\",\"name\":\"IMMOBILIEN Business\",\"description\":\"Unabh\u00e4ngiges Schweizer Wirtschaftsmagazin mit Fokus auf Immobilien, Architektur- und Bau sowie Investment- und Finanzierung.\",\"publisher\":{\"@id\":\"https:\\\/\\\/www.immobilienbusiness.ch\\\/#organization\"},\"potentialAction\":[{\"@type\":\"SearchAction\",\"target\":{\"@type\":\"EntryPoint\",\"urlTemplate\":\"https:\\\/\\\/www.immobilienbusiness.ch\\\/?s={search_term_string}\"},\"query-input\":{\"@type\":\"PropertyValueSpecification\",\"valueRequired\":true,\"valueName\":\"search_term_string\"}}],\"inLanguage\":\"de\"},{\"@type\":\"Organization\",\"@id\":\"https:\\\/\\\/www.immobilienbusiness.ch\\\/#organization\",\"name\":\"IMMOBILIEN Business\",\"url\":\"https:\\\/\\\/www.immobilienbusiness.ch\\\/\",\"logo\":{\"@type\":\"ImageObject\",\"inLanguage\":\"de\",\"@id\":\"https:\\\/\\\/www.immobilienbusiness.ch\\\/#\\\/schema\\\/logo\\\/image\\\/\",\"url\":\"https:\\\/\\\/www.immobilienbusiness.ch\\\/wp-content\\\/uploads\\\/2021\\\/07\\\/logo_ib.png\",\"contentUrl\":\"https:\\\/\\\/www.immobilienbusiness.ch\\\/wp-content\\\/uploads\\\/2021\\\/07\\\/logo_ib.png\",\"width\":800,\"height\":181,\"caption\":\"IMMOBILIEN Business\"},\"image\":{\"@id\":\"https:\\\/\\\/www.immobilienbusiness.ch\\\/#\\\/schema\\\/logo\\\/image\\\/\"},\"sameAs\":[\"https:\\\/\\\/www.facebook.com\\\/immobilienbusiness\\\/\"]},{\"@type\":\"Person\",\"@id\":\"https:\\\/\\\/www.immobilienbusiness.ch\\\/#\\\/schema\\\/person\\\/3fc036297b10b9f42d6db5ee932af8c8\",\"name\":\"anja.hall\",\"image\":{\"@type\":\"ImageObject\",\"inLanguage\":\"de\",\"@id\":\"https:\\\/\\\/secure.gravatar.com\\\/avatar\\\/066b5a0d447013502c71a5782f4f3469f03cfe595cc2329fb94652fe47511bfb?s=96&d=mm&r=g\",\"url\":\"https:\\\/\\\/secure.gravatar.com\\\/avatar\\\/066b5a0d447013502c71a5782f4f3469f03cfe595cc2329fb94652fe47511bfb?s=96&d=mm&r=g\",\"contentUrl\":\"https:\\\/\\\/secure.gravatar.com\\\/avatar\\\/066b5a0d447013502c71a5782f4f3469f03cfe595cc2329fb94652fe47511bfb?s=96&d=mm&r=g\",\"caption\":\"anja.hall\"},\"url\":\"https:\\\/\\\/www.immobilienbusiness.ch\\\/de\\\/author\\\/anja-hall\\\/\"}]}<\/script>\n<!-- \/ Yoast SEO plugin. -->","yoast_head_json":{"title":"Basel: Testplanung f\u00fcr klybeckplus liegt vor - IMMOBILIEN Business","description":"Die Industrieareale im Klybeck sollen zum neuen Basler Stadtquartier klybeckplus werden. Die Ergebnisse der Testplanung liegen nun vor.","robots":{"index":"index","follow":"follow","max-snippet":"max-snippet:-1","max-image-preview":"max-image-preview:large","max-video-preview":"max-video-preview:-1"},"canonical":"https:\/\/www.immobilienbusiness.ch\/de\/regionen\/2017-06-20\/basel-testplanungen-fuer-klybeckplus-liegen-vor\/","og_locale":"de_DE","og_type":"article","og_title":"Basel: Testplanung f\u00fcr klybeckplus liegt vor","og_description":"Die Industrieareale im Klybeck sollen zum neuen Basler Stadtquartier klybeckplus werden. Die Ergebnisse der Testplanung liegen nun vor.","og_url":"https:\/\/www.immobilienbusiness.ch\/de\/regionen\/2017-06-20\/basel-testplanungen-fuer-klybeckplus-liegen-vor\/","og_site_name":"IMMOBILIEN Business","article_publisher":"https:\/\/www.facebook.com\/immobilienbusiness\/","article_published_time":"2017-06-20T05:36:38+00:00","og_image":[{"width":1200,"height":800,"url":"https:\/\/www.immobilienbusiness.ch\/wp-content\/uploads\/2017\/06\/170330_Klybeckplus_Media_Event_305-1.jpg","type":"image\/jpeg"}],"author":"anja.hall","twitter_card":"summary_large_image","twitter_title":"Basel: Testplanung f\u00fcr klybeckplus liegt vor","twitter_description":"Die Industrieareale im Klybeck sollen zum neuen Basler Stadtquartier klybeckplus werden. Die Ergebnisse der Testplanung liegen nun vor.","twitter_image":"https:\/\/www.immobilienbusiness.ch\/wp-content\/uploads\/2017\/06\/170330_Klybeckplus_Media_Event_305-1.jpg","schema":{"@context":"https:\/\/schema.org","@graph":[{"@type":"Article","@id":"https:\/\/www.immobilienbusiness.ch\/it\/regionen\/2017-06-20\/basel-testplanungen-fuer-klybeckplus-liegen-vor\/#article","isPartOf":{"@id":"https:\/\/www.immobilienbusiness.ch\/it\/regionen\/2017-06-20\/basel-testplanungen-fuer-klybeckplus-liegen-vor\/"},"author":{"name":"anja.hall","@id":"https:\/\/www.immobilienbusiness.ch\/#\/schema\/person\/3fc036297b10b9f42d6db5ee932af8c8"},"headline":"Basel: Testplanung f\u00fcr klybeckplus liegt vor","datePublished":"2017-06-20T05:36:38+00:00","mainEntityOfPage":{"@id":"https:\/\/www.immobilienbusiness.ch\/it\/regionen\/2017-06-20\/basel-testplanungen-fuer-klybeckplus-liegen-vor\/"},"wordCount":563,"commentCount":0,"publisher":{"@id":"https:\/\/www.immobilienbusiness.ch\/#organization"},"image":{"@id":"https:\/\/www.immobilienbusiness.ch\/it\/regionen\/2017-06-20\/basel-testplanungen-fuer-klybeckplus-liegen-vor\/#primaryimage"},"thumbnailUrl":"https:\/\/www.immobilienbusiness.ch\/wp-content\/uploads\/2017\/06\/170330_Klybeckplus_Media_Event_305-1.jpg","keywords":["Basel","Projekt in Planung","Stadtentwicklung","Stadtplanung","Wohnimmobilien"],"articleSection":["REGIONEN"],"inLanguage":"de"},{"@type":"WebPage","@id":"https:\/\/www.immobilienbusiness.ch\/it\/regionen\/2017-06-20\/basel-testplanungen-fuer-klybeckplus-liegen-vor\/","url":"https:\/\/www.immobilienbusiness.ch\/it\/regionen\/2017-06-20\/basel-testplanungen-fuer-klybeckplus-liegen-vor\/","name":"Basel: Testplanung f\u00fcr klybeckplus liegt vor - IMMOBILIEN Business","isPartOf":{"@id":"https:\/\/www.immobilienbusiness.ch\/#website"},"primaryImageOfPage":{"@id":"https:\/\/www.immobilienbusiness.ch\/it\/regionen\/2017-06-20\/basel-testplanungen-fuer-klybeckplus-liegen-vor\/#primaryimage"},"image":{"@id":"https:\/\/www.immobilienbusiness.ch\/it\/regionen\/2017-06-20\/basel-testplanungen-fuer-klybeckplus-liegen-vor\/#primaryimage"},"thumbnailUrl":"https:\/\/www.immobilienbusiness.ch\/wp-content\/uploads\/2017\/06\/170330_Klybeckplus_Media_Event_305-1.jpg","datePublished":"2017-06-20T05:36:38+00:00","description":"Die Industrieareale im Klybeck sollen zum neuen Basler Stadtquartier klybeckplus werden. Die Ergebnisse der Testplanung liegen nun vor.","breadcrumb":{"@id":"https:\/\/www.immobilienbusiness.ch\/it\/regionen\/2017-06-20\/basel-testplanungen-fuer-klybeckplus-liegen-vor\/#breadcrumb"},"inLanguage":"de","potentialAction":[{"@type":"ReadAction","target":["https:\/\/www.immobilienbusiness.ch\/it\/regionen\/2017-06-20\/basel-testplanungen-fuer-klybeckplus-liegen-vor\/"]}]},{"@type":"ImageObject","inLanguage":"de","@id":"https:\/\/www.immobilienbusiness.ch\/it\/regionen\/2017-06-20\/basel-testplanungen-fuer-klybeckplus-liegen-vor\/#primaryimage","url":"https:\/\/www.immobilienbusiness.ch\/wp-content\/uploads\/2017\/06\/170330_Klybeckplus_Media_Event_305-1.jpg","contentUrl":"https:\/\/www.immobilienbusiness.ch\/wp-content\/uploads\/2017\/06\/170330_Klybeckplus_Media_Event_305-1.jpg","width":1200,"height":800,"caption":"Blick vom Klybeckareal nach Norden (Quelle: Pressefoto BASF)"},{"@type":"BreadcrumbList","@id":"https:\/\/www.immobilienbusiness.ch\/it\/regionen\/2017-06-20\/basel-testplanungen-fuer-klybeckplus-liegen-vor\/#breadcrumb","itemListElement":[{"@type":"ListItem","position":1,"name":"Home","item":"https:\/\/www.immobilienbusiness.ch\/"},{"@type":"ListItem","position":2,"name":"Basel: Testplanung f\u00fcr klybeckplus liegt vor"}]},{"@type":"WebSite","@id":"https:\/\/www.immobilienbusiness.ch\/#website","url":"https:\/\/www.immobilienbusiness.ch\/","name":"IMMOBILIEN Business","description":"Unabh\u00e4ngiges Schweizer Wirtschaftsmagazin mit Fokus auf Immobilien, Architektur- und Bau sowie Investment- und Finanzierung.","publisher":{"@id":"https:\/\/www.immobilienbusiness.ch\/#organization"},"potentialAction":[{"@type":"SearchAction","target":{"@type":"EntryPoint","urlTemplate":"https:\/\/www.immobilienbusiness.ch\/?s={search_term_string}"},"query-input":{"@type":"PropertyValueSpecification","valueRequired":true,"valueName":"search_term_string"}}],"inLanguage":"de"},{"@type":"Organization","@id":"https:\/\/www.immobilienbusiness.ch\/#organization","name":"IMMOBILIEN Business","url":"https:\/\/www.immobilienbusiness.ch\/","logo":{"@type":"ImageObject","inLanguage":"de","@id":"https:\/\/www.immobilienbusiness.ch\/#\/schema\/logo\/image\/","url":"https:\/\/www.immobilienbusiness.ch\/wp-content\/uploads\/2021\/07\/logo_ib.png","contentUrl":"https:\/\/www.immobilienbusiness.ch\/wp-content\/uploads\/2021\/07\/logo_ib.png","width":800,"height":181,"caption":"IMMOBILIEN Business"},"image":{"@id":"https:\/\/www.immobilienbusiness.ch\/#\/schema\/logo\/image\/"},"sameAs":["https:\/\/www.facebook.com\/immobilienbusiness\/"]},{"@type":"Person","@id":"https:\/\/www.immobilienbusiness.ch\/#\/schema\/person\/3fc036297b10b9f42d6db5ee932af8c8","name":"anja.hall","image":{"@type":"ImageObject","inLanguage":"de","@id":"https:\/\/secure.gravatar.com\/avatar\/066b5a0d447013502c71a5782f4f3469f03cfe595cc2329fb94652fe47511bfb?s=96&d=mm&r=g","url":"https:\/\/secure.gravatar.com\/avatar\/066b5a0d447013502c71a5782f4f3469f03cfe595cc2329fb94652fe47511bfb?s=96&d=mm&r=g","contentUrl":"https:\/\/secure.gravatar.com\/avatar\/066b5a0d447013502c71a5782f4f3469f03cfe595cc2329fb94652fe47511bfb?s=96&d=mm&r=g","caption":"anja.hall"},"url":"https:\/\/www.immobilienbusiness.ch\/de\/author\/anja-hall\/"}]}},"_links":{"self":[{"href":"https:\/\/www.immobilienbusiness.ch\/de\/wp-json\/wp\/v2\/posts\/8033","targetHints":{"allow":["GET"]}}],"collection":[{"href":"https:\/\/www.immobilienbusiness.ch\/de\/wp-json\/wp\/v2\/posts"}],"about":[{"href":"https:\/\/www.immobilienbusiness.ch\/de\/wp-json\/wp\/v2\/types\/post"}],"author":[{"embeddable":true,"href":"https:\/\/www.immobilienbusiness.ch\/de\/wp-json\/wp\/v2\/users\/3"}],"replies":[{"embeddable":true,"href":"https:\/\/www.immobilienbusiness.ch\/de\/wp-json\/wp\/v2\/comments?post=8033"}],"version-history":[{"count":0,"href":"https:\/\/www.immobilienbusiness.ch\/de\/wp-json\/wp\/v2\/posts\/8033\/revisions"}],"wp:featuredmedia":[{"embeddable":true,"href":"https:\/\/www.immobilienbusiness.ch\/de\/wp-json\/wp\/v2\/media\/8034"}],"wp:attachment":[{"href":"https:\/\/www.immobilienbusiness.ch\/de\/wp-json\/wp\/v2\/media?parent=8033"}],"wp:term":[{"taxonomy":"category","embeddable":true,"href":"https:\/\/www.immobilienbusiness.ch\/de\/wp-json\/wp\/v2\/categories?post=8033"},{"taxonomy":"post_tag","embeddable":true,"href":"https:\/\/www.immobilienbusiness.ch\/de\/wp-json\/wp\/v2\/tags?post=8033"}],"curies":[{"name":"wp","href":"https:\/\/api.w.org\/{rel}","templated":true}]}}