{"id":7796,"date":"2017-05-31T09:37:32","date_gmt":"2017-05-31T07:37:32","guid":{"rendered":"https:\/\/www.immobilienbusiness.ch\/?p=7796"},"modified":"2017-05-31T09:37:32","modified_gmt":"2017-05-31T07:37:32","slug":"basel-senioren-umzug-kleinere-wohnungen","status":"publish","type":"post","link":"https:\/\/www.immobilienbusiness.ch\/de\/residential\/2017-05-31\/basel-senioren-umzug-kleinere-wohnungen\/","title":{"rendered":"Basel: Senioren sollen in kleinere Wohnungen ziehen"},"content":{"rendered":"<figure id=\"attachment_7807\" aria-describedby=\"caption-attachment-7807\" style=\"width: 680px\" class=\"wp-caption alignnone\"><img loading=\"lazy\" decoding=\"async\" class=\"size-medium wp-image-7807\" src=\"https:\/\/www.immobilienbusiness.ch\/wp-content\/uploads\/2017\/05\/Depositphotos_8214570_m-2015.jpg\" alt=\"\" width=\"680\" height=\"510\" srcset=\"https:\/\/www.immobilienbusiness.ch\/wp-content\/uploads\/2017\/05\/Depositphotos_8214570_m-2015.jpg 1000w, https:\/\/www.immobilienbusiness.ch\/wp-content\/uploads\/2017\/05\/Depositphotos_8214570_m-2015-300x225.jpg 300w, https:\/\/www.immobilienbusiness.ch\/wp-content\/uploads\/2017\/05\/Depositphotos_8214570_m-2015-768x576.jpg 768w, https:\/\/www.immobilienbusiness.ch\/wp-content\/uploads\/2017\/05\/Depositphotos_8214570_m-2015-16x12.jpg 16w, https:\/\/www.immobilienbusiness.ch\/wp-content\/uploads\/2017\/05\/Depositphotos_8214570_m-2015-233x175.jpg 233w, https:\/\/www.immobilienbusiness.ch\/wp-content\/uploads\/2017\/05\/Depositphotos_8214570_m-2015-467x350.jpg 467w, https:\/\/www.immobilienbusiness.ch\/wp-content\/uploads\/2017\/05\/Depositphotos_8214570_m-2015-920x690.jpg 920w\" sizes=\"auto, (max-width: 680px) 100vw, 680px\" \/><figcaption id=\"caption-attachment-7807\" class=\"wp-caption-text\">In Basel will man Senioren dabei unterst\u00fctzen, in kleinere Wohnungen zu ziehen (Symbolbild: arquiplay77 &#8211; depositphotos)<\/figcaption><\/figure>\n<p>Das neue Modell der Immobilien Basel-Stadt heisst \u00abSicheres Wohnen im Alter\u00bb und ist vorerst auf drei Jahre ausgerichtet. Es gilt ab 1. Juli f\u00fcr Mieter in Wohnungen der Gesellschaft &#8211; also Wohnungen im Finanzverm\u00f6gen des Kantons oder der PKBS -, die das Alter von 65 Jahren erreicht haben.<\/p>\n<p>Hintergrund\u00a0 sei, dass \u00e4ltere Personen mit langj\u00e4hrigen Mietvertr\u00e4gen oft eine sehr g\u00fcnstige monatliche Miete bezahlen, heisst es bei Immobilien Basel-Stadt. Dies habe in einigen F\u00e4llen dazu gef\u00fchrt, dass sie, wenn sie ihre Mietwohnung verlassen m\u00f6chten, etwa wegen fehlendem Lift oder fehlender Barrierefreiheit, kaum eine vergleichbar g\u00fcnstige Wohnung finden. Im heutigen Marktumfeld seien auch kleinere Mietwohnungen oft teurer als die aktuellen Mietzinsen, welche \u00e4ltere Bewohner f\u00fcr ihre langj\u00e4hrige Wohnungen bezahlen.<\/p>\n<p>Nach dem neuen Modell soll nun der aktuelle Mietzins als Grundlage f\u00fcr die Berechnung des neuen Mietzinses dienen. Weil die neue Wohnung mindestens zehn Prozent kleiner sein muss, zahlen die Senioren deshalb nach einem Umzug weniger Miete als bislang.<\/p>\n<p>Immobilien Basel-Stadt verspricht sich von der Neuerung, dass \u00e4ltere Mieter in eine ihren Bed\u00fcrfnissen entsprechende Wohnung umziehen k\u00f6nnen. Es biete zudem den Vorteil, dass die leer werdenden gr\u00f6sseren Wohnungen wieder an Familien vermietet werden k\u00f6nnen.<\/p>\n<p>Im Finanzverm\u00f6gen des Kantons Basel-Stadt befinden sich 2.000 Wohnungen, die PKBS hat 3.900 Einheiten. 15 bis 20 Prozent der Mieter in Wohnungen, die von Immobilien Basel-Stadt verwaltet werden, seien \u00fcber 65 Jahre alt.<\/p>\n","protected":false},"excerpt":{"rendered":"<p>Das Basler Finanzdepartement und die Pensionskasse Basel-Stadt (PKBS) lancieren ein neues Modell, um die Wohnraumnutzung zu steuern: \u00c4ltere Mieter sollen ermuntert werden, in kleinere Wohnungen umzuziehen.<\/p>\n","protected":false},"author":3,"featured_media":7807,"comment_status":"open","ping_status":"open","sticky":false,"template":"","format":"standard","meta":{"_acf_changed":false,"_yoast_wpseo_focuskw":"Basel","_yoast_wpseo_title":"","_yoast_wpseo_metadesc":"Das Basler Finanzdepartement und die Pensionskasse Basel-Stadt (PKBS) wollen \u00e4ltere Mieter dazu ermuntern, in kleinere Wohnungen umzuziehen.","_yoast_wpseo_linkdex":72,"pgc_sgb_lightbox_settings":"","footnotes":""},"categories":[986],"tags":[1069,1630,1862],"class_list":["post-7796","post","type-post","status-publish","format-standard","has-post-thumbnail","hentry","category-residential","tag-basel","tag-regulierung","tag-wohnen"],"acf":[],"yoast_head":"<!-- This site is optimized with the Yoast SEO plugin v27.4 - https:\/\/yoast.com\/product\/yoast-seo-wordpress\/ -->\n<title>Basel: Senioren sollen in kleinere Wohnungen ziehen - IMMOBILIEN Business<\/title>\n<meta name=\"description\" content=\"Das Basler Finanzdepartement und die Pensionskasse Basel-Stadt (PKBS) wollen \u00e4ltere Mieter dazu ermuntern, in kleinere Wohnungen umzuziehen.\" \/>\n<meta name=\"robots\" content=\"index, follow, max-snippet:-1, max-image-preview:large, max-video-preview:-1\" \/>\n<link rel=\"canonical\" href=\"https:\/\/www.immobilienbusiness.ch\/de\/residential\/2017-05-31\/basel-senioren-umzug-kleinere-wohnungen\/\" \/>\n<meta property=\"og:locale\" content=\"de_DE\" \/>\n<meta property=\"og:type\" content=\"article\" \/>\n<meta property=\"og:title\" content=\"Basel: Senioren sollen in kleinere Wohnungen ziehen\" \/>\n<meta property=\"og:description\" content=\"Das Basler Finanzdepartement und die Pensionskasse Basel-Stadt (PKBS) wollen \u00e4ltere Mieter dazu ermuntern, in kleinere Wohnungen umzuziehen.\" \/>\n<meta property=\"og:url\" content=\"https:\/\/www.immobilienbusiness.ch\/de\/residential\/2017-05-31\/basel-senioren-umzug-kleinere-wohnungen\/\" \/>\n<meta property=\"og:site_name\" content=\"IMMOBILIEN Business\" \/>\n<meta property=\"article:publisher\" content=\"https:\/\/www.facebook.com\/immobilienbusiness\/\" \/>\n<meta property=\"article:published_time\" content=\"2017-05-31T07:37:32+00:00\" \/>\n<meta property=\"og:image\" content=\"https:\/\/www.immobilienbusiness.ch\/wp-content\/uploads\/2017\/05\/Depositphotos_8214570_m-2015.jpg\" \/>\n\t<meta property=\"og:image:width\" content=\"1000\" \/>\n\t<meta property=\"og:image:height\" content=\"750\" \/>\n\t<meta property=\"og:image:type\" content=\"image\/jpeg\" \/>\n<meta name=\"author\" content=\"anja.hall\" \/>\n<meta name=\"twitter:card\" content=\"summary_large_image\" \/>\n<meta name=\"twitter:title\" content=\"Basel: Senioren sollen in kleinere Wohnungen ziehen\" \/>\n<meta name=\"twitter:description\" content=\"Das Basler Finanzdepartement und die Pensionskasse Basel-Stadt (PKBS) wollen \u00e4ltere Mieter dazu ermuntern, in kleinere Wohnungen umzuziehen.\" \/>\n<meta name=\"twitter:image\" content=\"https:\/\/www.immobilienbusiness.ch\/wp-content\/uploads\/2017\/05\/Depositphotos_8214570_m-2015.jpg\" \/>\n<script type=\"application\/ld+json\" class=\"yoast-schema-graph\">{\"@context\":\"https:\\\/\\\/schema.org\",\"@graph\":[{\"@type\":\"Article\",\"@id\":\"https:\\\/\\\/www.immobilienbusiness.ch\\\/residential\\\/2017-05-31\\\/basel-senioren-umzug-kleinere-wohnungen\\\/#article\",\"isPartOf\":{\"@id\":\"https:\\\/\\\/www.immobilienbusiness.ch\\\/residential\\\/2017-05-31\\\/basel-senioren-umzug-kleinere-wohnungen\\\/\"},\"author\":{\"name\":\"anja.hall\",\"@id\":\"https:\\\/\\\/www.immobilienbusiness.ch\\\/#\\\/schema\\\/person\\\/3fc036297b10b9f42d6db5ee932af8c8\"},\"headline\":\"Basel: Senioren sollen in kleinere Wohnungen ziehen\",\"datePublished\":\"2017-05-31T07:37:32+00:00\",\"mainEntityOfPage\":{\"@id\":\"https:\\\/\\\/www.immobilienbusiness.ch\\\/residential\\\/2017-05-31\\\/basel-senioren-umzug-kleinere-wohnungen\\\/\"},\"wordCount\":265,\"commentCount\":0,\"publisher\":{\"@id\":\"https:\\\/\\\/www.immobilienbusiness.ch\\\/#organization\"},\"image\":{\"@id\":\"https:\\\/\\\/www.immobilienbusiness.ch\\\/residential\\\/2017-05-31\\\/basel-senioren-umzug-kleinere-wohnungen\\\/#primaryimage\"},\"thumbnailUrl\":\"https:\\\/\\\/www.immobilienbusiness.ch\\\/wp-content\\\/uploads\\\/2017\\\/05\\\/Depositphotos_8214570_m-2015.jpg\",\"keywords\":[\"Basel\",\"Regulierung\",\"Wohnen\"],\"articleSection\":[\"RESIDENTIAL\"],\"inLanguage\":\"de\"},{\"@type\":\"WebPage\",\"@id\":\"https:\\\/\\\/www.immobilienbusiness.ch\\\/residential\\\/2017-05-31\\\/basel-senioren-umzug-kleinere-wohnungen\\\/\",\"url\":\"https:\\\/\\\/www.immobilienbusiness.ch\\\/residential\\\/2017-05-31\\\/basel-senioren-umzug-kleinere-wohnungen\\\/\",\"name\":\"Basel: Senioren sollen in kleinere Wohnungen ziehen - IMMOBILIEN Business\",\"isPartOf\":{\"@id\":\"https:\\\/\\\/www.immobilienbusiness.ch\\\/#website\"},\"primaryImageOfPage\":{\"@id\":\"https:\\\/\\\/www.immobilienbusiness.ch\\\/residential\\\/2017-05-31\\\/basel-senioren-umzug-kleinere-wohnungen\\\/#primaryimage\"},\"image\":{\"@id\":\"https:\\\/\\\/www.immobilienbusiness.ch\\\/residential\\\/2017-05-31\\\/basel-senioren-umzug-kleinere-wohnungen\\\/#primaryimage\"},\"thumbnailUrl\":\"https:\\\/\\\/www.immobilienbusiness.ch\\\/wp-content\\\/uploads\\\/2017\\\/05\\\/Depositphotos_8214570_m-2015.jpg\",\"datePublished\":\"2017-05-31T07:37:32+00:00\",\"description\":\"Das Basler Finanzdepartement und die Pensionskasse Basel-Stadt (PKBS) wollen \u00e4ltere Mieter dazu ermuntern, in kleinere Wohnungen umzuziehen.\",\"breadcrumb\":{\"@id\":\"https:\\\/\\\/www.immobilienbusiness.ch\\\/residential\\\/2017-05-31\\\/basel-senioren-umzug-kleinere-wohnungen\\\/#breadcrumb\"},\"inLanguage\":\"de\",\"potentialAction\":[{\"@type\":\"ReadAction\",\"target\":[\"https:\\\/\\\/www.immobilienbusiness.ch\\\/residential\\\/2017-05-31\\\/basel-senioren-umzug-kleinere-wohnungen\\\/\"]}]},{\"@type\":\"ImageObject\",\"inLanguage\":\"de\",\"@id\":\"https:\\\/\\\/www.immobilienbusiness.ch\\\/residential\\\/2017-05-31\\\/basel-senioren-umzug-kleinere-wohnungen\\\/#primaryimage\",\"url\":\"https:\\\/\\\/www.immobilienbusiness.ch\\\/wp-content\\\/uploads\\\/2017\\\/05\\\/Depositphotos_8214570_m-2015.jpg\",\"contentUrl\":\"https:\\\/\\\/www.immobilienbusiness.ch\\\/wp-content\\\/uploads\\\/2017\\\/05\\\/Depositphotos_8214570_m-2015.jpg\",\"width\":1000,\"height\":750,\"caption\":\"In Basel sollen Senioren dazu ermuntert werden, in kleinere Wohnungen zu ziehen (Symbolbild: arquiplay77 - depositphotos)\"},{\"@type\":\"BreadcrumbList\",\"@id\":\"https:\\\/\\\/www.immobilienbusiness.ch\\\/residential\\\/2017-05-31\\\/basel-senioren-umzug-kleinere-wohnungen\\\/#breadcrumb\",\"itemListElement\":[{\"@type\":\"ListItem\",\"position\":1,\"name\":\"Home\",\"item\":\"https:\\\/\\\/www.immobilienbusiness.ch\\\/\"},{\"@type\":\"ListItem\",\"position\":2,\"name\":\"Basel: Senioren sollen in kleinere Wohnungen ziehen\"}]},{\"@type\":\"WebSite\",\"@id\":\"https:\\\/\\\/www.immobilienbusiness.ch\\\/#website\",\"url\":\"https:\\\/\\\/www.immobilienbusiness.ch\\\/\",\"name\":\"IMMOBILIEN Business\",\"description\":\"Unabh\u00e4ngiges Schweizer Wirtschaftsmagazin mit Fokus auf Immobilien, Architektur- und Bau sowie Investment- und Finanzierung.\",\"publisher\":{\"@id\":\"https:\\\/\\\/www.immobilienbusiness.ch\\\/#organization\"},\"potentialAction\":[{\"@type\":\"SearchAction\",\"target\":{\"@type\":\"EntryPoint\",\"urlTemplate\":\"https:\\\/\\\/www.immobilienbusiness.ch\\\/?s={search_term_string}\"},\"query-input\":{\"@type\":\"PropertyValueSpecification\",\"valueRequired\":true,\"valueName\":\"search_term_string\"}}],\"inLanguage\":\"de\"},{\"@type\":\"Organization\",\"@id\":\"https:\\\/\\\/www.immobilienbusiness.ch\\\/#organization\",\"name\":\"IMMOBILIEN Business\",\"url\":\"https:\\\/\\\/www.immobilienbusiness.ch\\\/\",\"logo\":{\"@type\":\"ImageObject\",\"inLanguage\":\"de\",\"@id\":\"https:\\\/\\\/www.immobilienbusiness.ch\\\/#\\\/schema\\\/logo\\\/image\\\/\",\"url\":\"https:\\\/\\\/www.immobilienbusiness.ch\\\/wp-content\\\/uploads\\\/2021\\\/07\\\/logo_ib.png\",\"contentUrl\":\"https:\\\/\\\/www.immobilienbusiness.ch\\\/wp-content\\\/uploads\\\/2021\\\/07\\\/logo_ib.png\",\"width\":800,\"height\":181,\"caption\":\"IMMOBILIEN Business\"},\"image\":{\"@id\":\"https:\\\/\\\/www.immobilienbusiness.ch\\\/#\\\/schema\\\/logo\\\/image\\\/\"},\"sameAs\":[\"https:\\\/\\\/www.facebook.com\\\/immobilienbusiness\\\/\"]},{\"@type\":\"Person\",\"@id\":\"https:\\\/\\\/www.immobilienbusiness.ch\\\/#\\\/schema\\\/person\\\/3fc036297b10b9f42d6db5ee932af8c8\",\"name\":\"anja.hall\",\"image\":{\"@type\":\"ImageObject\",\"inLanguage\":\"de\",\"@id\":\"https:\\\/\\\/secure.gravatar.com\\\/avatar\\\/066b5a0d447013502c71a5782f4f3469f03cfe595cc2329fb94652fe47511bfb?s=96&d=mm&r=g\",\"url\":\"https:\\\/\\\/secure.gravatar.com\\\/avatar\\\/066b5a0d447013502c71a5782f4f3469f03cfe595cc2329fb94652fe47511bfb?s=96&d=mm&r=g\",\"contentUrl\":\"https:\\\/\\\/secure.gravatar.com\\\/avatar\\\/066b5a0d447013502c71a5782f4f3469f03cfe595cc2329fb94652fe47511bfb?s=96&d=mm&r=g\",\"caption\":\"anja.hall\"},\"url\":\"https:\\\/\\\/www.immobilienbusiness.ch\\\/de\\\/author\\\/anja-hall\\\/\"}]}<\/script>\n<!-- \/ Yoast SEO plugin. -->","yoast_head_json":{"title":"Basel: Senioren sollen in kleinere Wohnungen ziehen - IMMOBILIEN Business","description":"Das Basler Finanzdepartement und die Pensionskasse Basel-Stadt (PKBS) wollen \u00e4ltere Mieter dazu ermuntern, in kleinere Wohnungen umzuziehen.","robots":{"index":"index","follow":"follow","max-snippet":"max-snippet:-1","max-image-preview":"max-image-preview:large","max-video-preview":"max-video-preview:-1"},"canonical":"https:\/\/www.immobilienbusiness.ch\/de\/residential\/2017-05-31\/basel-senioren-umzug-kleinere-wohnungen\/","og_locale":"de_DE","og_type":"article","og_title":"Basel: Senioren sollen in kleinere Wohnungen ziehen","og_description":"Das Basler Finanzdepartement und die Pensionskasse Basel-Stadt (PKBS) wollen \u00e4ltere Mieter dazu ermuntern, in kleinere Wohnungen umzuziehen.","og_url":"https:\/\/www.immobilienbusiness.ch\/de\/residential\/2017-05-31\/basel-senioren-umzug-kleinere-wohnungen\/","og_site_name":"IMMOBILIEN Business","article_publisher":"https:\/\/www.facebook.com\/immobilienbusiness\/","article_published_time":"2017-05-31T07:37:32+00:00","og_image":[{"width":1000,"height":750,"url":"https:\/\/www.immobilienbusiness.ch\/wp-content\/uploads\/2017\/05\/Depositphotos_8214570_m-2015.jpg","type":"image\/jpeg"}],"author":"anja.hall","twitter_card":"summary_large_image","twitter_title":"Basel: Senioren sollen in kleinere Wohnungen ziehen","twitter_description":"Das Basler Finanzdepartement und die Pensionskasse Basel-Stadt (PKBS) wollen \u00e4ltere Mieter dazu ermuntern, in kleinere Wohnungen umzuziehen.","twitter_image":"https:\/\/www.immobilienbusiness.ch\/wp-content\/uploads\/2017\/05\/Depositphotos_8214570_m-2015.jpg","schema":{"@context":"https:\/\/schema.org","@graph":[{"@type":"Article","@id":"https:\/\/www.immobilienbusiness.ch\/residential\/2017-05-31\/basel-senioren-umzug-kleinere-wohnungen\/#article","isPartOf":{"@id":"https:\/\/www.immobilienbusiness.ch\/residential\/2017-05-31\/basel-senioren-umzug-kleinere-wohnungen\/"},"author":{"name":"anja.hall","@id":"https:\/\/www.immobilienbusiness.ch\/#\/schema\/person\/3fc036297b10b9f42d6db5ee932af8c8"},"headline":"Basel: Senioren sollen in kleinere Wohnungen ziehen","datePublished":"2017-05-31T07:37:32+00:00","mainEntityOfPage":{"@id":"https:\/\/www.immobilienbusiness.ch\/residential\/2017-05-31\/basel-senioren-umzug-kleinere-wohnungen\/"},"wordCount":265,"commentCount":0,"publisher":{"@id":"https:\/\/www.immobilienbusiness.ch\/#organization"},"image":{"@id":"https:\/\/www.immobilienbusiness.ch\/residential\/2017-05-31\/basel-senioren-umzug-kleinere-wohnungen\/#primaryimage"},"thumbnailUrl":"https:\/\/www.immobilienbusiness.ch\/wp-content\/uploads\/2017\/05\/Depositphotos_8214570_m-2015.jpg","keywords":["Basel","Regulierung","Wohnen"],"articleSection":["RESIDENTIAL"],"inLanguage":"de"},{"@type":"WebPage","@id":"https:\/\/www.immobilienbusiness.ch\/residential\/2017-05-31\/basel-senioren-umzug-kleinere-wohnungen\/","url":"https:\/\/www.immobilienbusiness.ch\/residential\/2017-05-31\/basel-senioren-umzug-kleinere-wohnungen\/","name":"Basel: Senioren sollen in kleinere Wohnungen ziehen - IMMOBILIEN Business","isPartOf":{"@id":"https:\/\/www.immobilienbusiness.ch\/#website"},"primaryImageOfPage":{"@id":"https:\/\/www.immobilienbusiness.ch\/residential\/2017-05-31\/basel-senioren-umzug-kleinere-wohnungen\/#primaryimage"},"image":{"@id":"https:\/\/www.immobilienbusiness.ch\/residential\/2017-05-31\/basel-senioren-umzug-kleinere-wohnungen\/#primaryimage"},"thumbnailUrl":"https:\/\/www.immobilienbusiness.ch\/wp-content\/uploads\/2017\/05\/Depositphotos_8214570_m-2015.jpg","datePublished":"2017-05-31T07:37:32+00:00","description":"Das Basler Finanzdepartement und die Pensionskasse Basel-Stadt (PKBS) wollen \u00e4ltere Mieter dazu ermuntern, in kleinere Wohnungen umzuziehen.","breadcrumb":{"@id":"https:\/\/www.immobilienbusiness.ch\/residential\/2017-05-31\/basel-senioren-umzug-kleinere-wohnungen\/#breadcrumb"},"inLanguage":"de","potentialAction":[{"@type":"ReadAction","target":["https:\/\/www.immobilienbusiness.ch\/residential\/2017-05-31\/basel-senioren-umzug-kleinere-wohnungen\/"]}]},{"@type":"ImageObject","inLanguage":"de","@id":"https:\/\/www.immobilienbusiness.ch\/residential\/2017-05-31\/basel-senioren-umzug-kleinere-wohnungen\/#primaryimage","url":"https:\/\/www.immobilienbusiness.ch\/wp-content\/uploads\/2017\/05\/Depositphotos_8214570_m-2015.jpg","contentUrl":"https:\/\/www.immobilienbusiness.ch\/wp-content\/uploads\/2017\/05\/Depositphotos_8214570_m-2015.jpg","width":1000,"height":750,"caption":"In Basel sollen Senioren dazu ermuntert werden, in kleinere Wohnungen zu ziehen (Symbolbild: arquiplay77 - depositphotos)"},{"@type":"BreadcrumbList","@id":"https:\/\/www.immobilienbusiness.ch\/residential\/2017-05-31\/basel-senioren-umzug-kleinere-wohnungen\/#breadcrumb","itemListElement":[{"@type":"ListItem","position":1,"name":"Home","item":"https:\/\/www.immobilienbusiness.ch\/"},{"@type":"ListItem","position":2,"name":"Basel: Senioren sollen in kleinere Wohnungen ziehen"}]},{"@type":"WebSite","@id":"https:\/\/www.immobilienbusiness.ch\/#website","url":"https:\/\/www.immobilienbusiness.ch\/","name":"IMMOBILIEN Business","description":"Unabh\u00e4ngiges Schweizer Wirtschaftsmagazin mit Fokus auf Immobilien, Architektur- und Bau sowie Investment- und Finanzierung.","publisher":{"@id":"https:\/\/www.immobilienbusiness.ch\/#organization"},"potentialAction":[{"@type":"SearchAction","target":{"@type":"EntryPoint","urlTemplate":"https:\/\/www.immobilienbusiness.ch\/?s={search_term_string}"},"query-input":{"@type":"PropertyValueSpecification","valueRequired":true,"valueName":"search_term_string"}}],"inLanguage":"de"},{"@type":"Organization","@id":"https:\/\/www.immobilienbusiness.ch\/#organization","name":"IMMOBILIEN Business","url":"https:\/\/www.immobilienbusiness.ch\/","logo":{"@type":"ImageObject","inLanguage":"de","@id":"https:\/\/www.immobilienbusiness.ch\/#\/schema\/logo\/image\/","url":"https:\/\/www.immobilienbusiness.ch\/wp-content\/uploads\/2021\/07\/logo_ib.png","contentUrl":"https:\/\/www.immobilienbusiness.ch\/wp-content\/uploads\/2021\/07\/logo_ib.png","width":800,"height":181,"caption":"IMMOBILIEN Business"},"image":{"@id":"https:\/\/www.immobilienbusiness.ch\/#\/schema\/logo\/image\/"},"sameAs":["https:\/\/www.facebook.com\/immobilienbusiness\/"]},{"@type":"Person","@id":"https:\/\/www.immobilienbusiness.ch\/#\/schema\/person\/3fc036297b10b9f42d6db5ee932af8c8","name":"anja.hall","image":{"@type":"ImageObject","inLanguage":"de","@id":"https:\/\/secure.gravatar.com\/avatar\/066b5a0d447013502c71a5782f4f3469f03cfe595cc2329fb94652fe47511bfb?s=96&d=mm&r=g","url":"https:\/\/secure.gravatar.com\/avatar\/066b5a0d447013502c71a5782f4f3469f03cfe595cc2329fb94652fe47511bfb?s=96&d=mm&r=g","contentUrl":"https:\/\/secure.gravatar.com\/avatar\/066b5a0d447013502c71a5782f4f3469f03cfe595cc2329fb94652fe47511bfb?s=96&d=mm&r=g","caption":"anja.hall"},"url":"https:\/\/www.immobilienbusiness.ch\/de\/author\/anja-hall\/"}]}},"_links":{"self":[{"href":"https:\/\/www.immobilienbusiness.ch\/de\/wp-json\/wp\/v2\/posts\/7796","targetHints":{"allow":["GET"]}}],"collection":[{"href":"https:\/\/www.immobilienbusiness.ch\/de\/wp-json\/wp\/v2\/posts"}],"about":[{"href":"https:\/\/www.immobilienbusiness.ch\/de\/wp-json\/wp\/v2\/types\/post"}],"author":[{"embeddable":true,"href":"https:\/\/www.immobilienbusiness.ch\/de\/wp-json\/wp\/v2\/users\/3"}],"replies":[{"embeddable":true,"href":"https:\/\/www.immobilienbusiness.ch\/de\/wp-json\/wp\/v2\/comments?post=7796"}],"version-history":[{"count":0,"href":"https:\/\/www.immobilienbusiness.ch\/de\/wp-json\/wp\/v2\/posts\/7796\/revisions"}],"wp:featuredmedia":[{"embeddable":true,"href":"https:\/\/www.immobilienbusiness.ch\/de\/wp-json\/wp\/v2\/media\/7807"}],"wp:attachment":[{"href":"https:\/\/www.immobilienbusiness.ch\/de\/wp-json\/wp\/v2\/media?parent=7796"}],"wp:term":[{"taxonomy":"category","embeddable":true,"href":"https:\/\/www.immobilienbusiness.ch\/de\/wp-json\/wp\/v2\/categories?post=7796"},{"taxonomy":"post_tag","embeddable":true,"href":"https:\/\/www.immobilienbusiness.ch\/de\/wp-json\/wp\/v2\/tags?post=7796"}],"curies":[{"name":"wp","href":"https:\/\/api.w.org\/{rel}","templated":true}]}}