{"id":7736,"date":"2017-05-24T08:51:19","date_gmt":"2017-05-24T06:51:19","guid":{"rendered":"https:\/\/www.immobilienbusiness.ch\/?p=7736"},"modified":"2017-05-24T08:51:19","modified_gmt":"2017-05-24T06:51:19","slug":"basel-stadt-will-verdichtung-foerdern","status":"publish","type":"post","link":"https:\/\/www.immobilienbusiness.ch\/de\/regionen\/2017-05-24\/basel-stadt-will-verdichtung-foerdern\/","title":{"rendered":"Basel: Stadt will Verdichtung f\u00f6rdern"},"content":{"rendered":"<figure id=\"attachment_7737\" aria-describedby=\"caption-attachment-7737\" style=\"width: 680px\" class=\"wp-caption alignnone\"><img loading=\"lazy\" decoding=\"async\" class=\"size-medium wp-image-7737\" src=\"https:\/\/www.immobilienbusiness.ch\/wp-content\/uploads\/2017\/05\/Depositphotos_147555719_m-2015.jpg\" alt=\"\" width=\"680\" height=\"291\" srcset=\"https:\/\/www.immobilienbusiness.ch\/wp-content\/uploads\/2017\/05\/Depositphotos_147555719_m-2015.jpg 999w, https:\/\/www.immobilienbusiness.ch\/wp-content\/uploads\/2017\/05\/Depositphotos_147555719_m-2015-300x129.jpg 300w, https:\/\/www.immobilienbusiness.ch\/wp-content\/uploads\/2017\/05\/Depositphotos_147555719_m-2015-768x329.jpg 768w, https:\/\/www.immobilienbusiness.ch\/wp-content\/uploads\/2017\/05\/Depositphotos_147555719_m-2015-16x7.jpg 16w, https:\/\/www.immobilienbusiness.ch\/wp-content\/uploads\/2017\/05\/Depositphotos_147555719_m-2015-375x161.jpg 375w, https:\/\/www.immobilienbusiness.ch\/wp-content\/uploads\/2017\/05\/Depositphotos_147555719_m-2015-760x326.jpg 760w, https:\/\/www.immobilienbusiness.ch\/wp-content\/uploads\/2017\/05\/Depositphotos_147555719_m-2015-920x394.jpg 920w\" sizes=\"auto, (max-width: 680px) 100vw, 680px\" \/><figcaption id=\"caption-attachment-7737\" class=\"wp-caption-text\">Basel soll verdichtet werden (Foto: bloodua &#8211; depositphotos)<\/figcaption><\/figure>\n<p>Es handelt sich dabei konkret um die \u00f6ffentliche Planauflage des zweiten Teils der Zonenplanrevision Basel. Der Schwerpunkt liegt auf Massnahmen zur Verdichtung und St\u00e4rkung der Innenentwicklung mit einem langfristigen theoretischen Potenzial an Wohnraum f\u00fcr bis zu 5.000 zus\u00e4tzliche Einwohner sowie rund 700 neuen Arbeitspl\u00e4tzen.<\/p>\n<p>Wie das Bau- und Verkehrsdepartement mitteilt, sei die Einwohnerzahl Basels in den letzten zehn Jahren um rund 10.000, die Arbeitsplatzzahl sogar um rund 20.000 gestiegen. Angesichts des starken Wirtschaftswachstums bleibe der Bedarf nach neuem Wohnraum auf absehbare Zeit sehr gross. Dies umso mehr, als sich f\u00fcr die Zukunft gr\u00f6ssere Entwicklungspotenziale f\u00fcr neue Arbeitspl\u00e4tze als f\u00fcr neue Wohnungen abzeichnen.<\/p>\n<p>W\u00e4hrend der erste Teil der Zonenplanrevision Stadtrandentwicklungen und die laufenden grossen Arealentwicklungen &#8211; etwa die Hafen- und Stadtentwicklung Kleinh\u00fcningen-Klybeck, Volta Nord oder das Areal Felix Platter \u2013 beinhaltet, geht es im zweiten Teil der Zonenplanrevision um Massnahmen zur Innenentwicklung.<\/p>\n<h2>Vorschl\u00e4ge zur weiteren Verdichtung von Basel<\/h2>\n<p>Die Vorschl\u00e4ge f\u00fcr neue Verdichtungsm\u00f6glichkeiten beinhalten Aufzonungen, die gr\u00f6ssere Geschosszahlen erlauben, und einige Bebauungsplan\u00e4nderungen zugunsten von mehr Dichtespielr\u00e4umen.<\/p>\n<p>Die Massnahmen fokussieren auf Gebiete ausserhalb der bereits sehr dichten Quartiere mit geeigneten Parzellengr\u00f6ssen und gen\u00fcgend grossen Hof- oder Strassenr\u00e4umen. Gebiete mit besonders wertvollen Ortsbildern oder naturr\u00e4umlichen Vernetzungsfunktionen sollen nicht beeintr\u00e4chtigt werden und die unterschiedlichen Qualit\u00e4ten der Quartiere erhalten bleiben, heisst es beim Bau- und Verkehrsdepartement.<\/p>\n<p>Die vorgeschlagenen Massnahmen w\u00fcrden ein langfristiges theoretisches Potenzial f\u00fcr rund 5.000 zus\u00e4tzliche Einwohner sowie f\u00fcr rund 700 Arbeitspl\u00e4tze schaffen. Da es sich nicht um grosse Arealentwicklungen handelt, erwartet das Bau- und Verkehrsdepartement, dass die genannten Potenziale nur langsam und schrittweise realisiert werden. Die Beh\u00f6rde geht davon aus, dass mit diesem Teil der Zonenplanrevision bis zum Jahr 2035 Wohnraum f\u00fcr sch\u00e4tzungsweise rund 2.000 Menschen und Raum f\u00fcr rund 300 Arbeitspl\u00e4tze entstehen k\u00f6nnte.<\/p>\n<p>Nach Abschluss der \u00f6ffentlichen Planauflage werden im Herbst allf\u00e4llige Anregungen und Einsprachen im Planungsamt behandelt. Um den Jahreswechsel 2017\/2018 soll ein Ratschlag mit den bereinigten Vorschl\u00e4gen an den Grossen Rat \u00fcberwiesen werden.<\/p>\n","protected":false},"excerpt":{"rendered":"<p>Die Zahl der Einwohner Basels steigt unaufh\u00f6rlich, und damit auch der Bedarf an Wohnraum. Das Bau- und Verkehrsdepartement hat daher \u00c4nderungen des Zonenplans entwickelt, die ab dem 30. Mai \u00f6ffentlich aufgelegt werden.<\/p>\n","protected":false},"author":3,"featured_media":7737,"comment_status":"open","ping_status":"open","sticky":false,"template":"","format":"standard","meta":{"_acf_changed":false,"_yoast_wpseo_focuskw":"Basel","_yoast_wpseo_title":"","_yoast_wpseo_metadesc":"Die Zahl der Einwohner Basels steigt unaufh\u00f6rlich, und damit auch der Bedarf an Wohnraum. Das Baudepartement hat daher \u00c4nderungen des Zonenplans entwickelt.","_yoast_wpseo_linkdex":80,"pgc_sgb_lightbox_settings":"","footnotes":""},"categories":[985],"tags":[1069,1629,1724,1824],"class_list":["post-7736","post","type-post","status-publish","format-standard","has-post-thumbnail","hentry","category-regionen","tag-basel","tag-regionen","tag-stadtentwicklung","tag-verdichtung"],"acf":[],"yoast_head":"<!-- This site is optimized with the Yoast SEO plugin v27.5 - https:\/\/yoast.com\/product\/yoast-seo-wordpress\/ -->\n<title>Basel: Stadt will Verdichtung f\u00f6rdern - IMMOBILIEN Business<\/title>\n<meta name=\"description\" content=\"Die Zahl der Einwohner Basels steigt unaufh\u00f6rlich, und damit auch der Bedarf an Wohnraum. Das Baudepartement hat daher \u00c4nderungen des Zonenplans entwickelt.\" \/>\n<meta name=\"robots\" content=\"index, follow, max-snippet:-1, max-image-preview:large, max-video-preview:-1\" \/>\n<link rel=\"canonical\" href=\"https:\/\/www.immobilienbusiness.ch\/de\/regionen\/2017-05-24\/basel-stadt-will-verdichtung-foerdern\/\" \/>\n<meta property=\"og:locale\" content=\"de_DE\" \/>\n<meta property=\"og:type\" content=\"article\" \/>\n<meta property=\"og:title\" content=\"Basel: Pl\u00e4ne f\u00fcr weiteres Wachstum\" \/>\n<meta property=\"og:description\" content=\"Die Zahl der Einwohner Basels steigt unaufh\u00f6rlich, und damit auch der Bedarf an Wohnraum. Das Baudepartement hat daher \u00c4nderungen des Zonenplans entwickelt.\" \/>\n<meta property=\"og:url\" content=\"https:\/\/www.immobilienbusiness.ch\/de\/regionen\/2017-05-24\/basel-stadt-will-verdichtung-foerdern\/\" \/>\n<meta property=\"og:site_name\" content=\"IMMOBILIEN Business\" \/>\n<meta property=\"article:publisher\" content=\"https:\/\/www.facebook.com\/immobilienbusiness\/\" \/>\n<meta property=\"article:published_time\" content=\"2017-05-24T06:51:19+00:00\" \/>\n<meta property=\"og:image\" content=\"https:\/\/www.immobilienbusiness.ch\/wp-content\/uploads\/2017\/05\/Depositphotos_147555719_m-2015.jpg\" \/>\n\t<meta property=\"og:image:width\" content=\"999\" \/>\n\t<meta property=\"og:image:height\" content=\"428\" \/>\n\t<meta property=\"og:image:type\" content=\"image\/jpeg\" \/>\n<meta name=\"author\" content=\"anja.hall\" \/>\n<meta name=\"twitter:card\" content=\"summary_large_image\" \/>\n<meta name=\"twitter:title\" content=\"Basel: Pl\u00e4ne f\u00fcr weiteres Wachstum\" \/>\n<meta name=\"twitter:description\" content=\"Die Zahl der Einwohner Basels steigt unaufh\u00f6rlich, und damit auch der Bedarf an Wohnraum. Das Baudepartement hat daher \u00c4nderungen des Zonenplans entwickelt.\" \/>\n<meta name=\"twitter:image\" content=\"https:\/\/www.immobilienbusiness.ch\/wp-content\/uploads\/2017\/05\/Depositphotos_147555719_m-2015.jpg\" \/>\n<script type=\"application\/ld+json\" class=\"yoast-schema-graph\">{\"@context\":\"https:\\\/\\\/schema.org\",\"@graph\":[{\"@type\":\"Article\",\"@id\":\"https:\\\/\\\/www.immobilienbusiness.ch\\\/regionen\\\/2017-05-24\\\/basel-stadt-will-verdichtung-foerdern\\\/#article\",\"isPartOf\":{\"@id\":\"https:\\\/\\\/www.immobilienbusiness.ch\\\/regionen\\\/2017-05-24\\\/basel-stadt-will-verdichtung-foerdern\\\/\"},\"author\":{\"name\":\"anja.hall\",\"@id\":\"https:\\\/\\\/www.immobilienbusiness.ch\\\/#\\\/schema\\\/person\\\/3fc036297b10b9f42d6db5ee932af8c8\"},\"headline\":\"Basel: Stadt will Verdichtung f\u00f6rdern\",\"datePublished\":\"2017-05-24T06:51:19+00:00\",\"mainEntityOfPage\":{\"@id\":\"https:\\\/\\\/www.immobilienbusiness.ch\\\/regionen\\\/2017-05-24\\\/basel-stadt-will-verdichtung-foerdern\\\/\"},\"wordCount\":361,\"commentCount\":0,\"publisher\":{\"@id\":\"https:\\\/\\\/www.immobilienbusiness.ch\\\/#organization\"},\"image\":{\"@id\":\"https:\\\/\\\/www.immobilienbusiness.ch\\\/regionen\\\/2017-05-24\\\/basel-stadt-will-verdichtung-foerdern\\\/#primaryimage\"},\"thumbnailUrl\":\"https:\\\/\\\/www.immobilienbusiness.ch\\\/wp-content\\\/uploads\\\/2017\\\/05\\\/Depositphotos_147555719_m-2015.jpg\",\"keywords\":[\"Basel\",\"Regionen\",\"Stadtentwicklung\",\"Verdichtung\"],\"articleSection\":[\"REGIONEN\"],\"inLanguage\":\"de\"},{\"@type\":\"WebPage\",\"@id\":\"https:\\\/\\\/www.immobilienbusiness.ch\\\/regionen\\\/2017-05-24\\\/basel-stadt-will-verdichtung-foerdern\\\/\",\"url\":\"https:\\\/\\\/www.immobilienbusiness.ch\\\/regionen\\\/2017-05-24\\\/basel-stadt-will-verdichtung-foerdern\\\/\",\"name\":\"Basel: Stadt will Verdichtung f\u00f6rdern - IMMOBILIEN Business\",\"isPartOf\":{\"@id\":\"https:\\\/\\\/www.immobilienbusiness.ch\\\/#website\"},\"primaryImageOfPage\":{\"@id\":\"https:\\\/\\\/www.immobilienbusiness.ch\\\/regionen\\\/2017-05-24\\\/basel-stadt-will-verdichtung-foerdern\\\/#primaryimage\"},\"image\":{\"@id\":\"https:\\\/\\\/www.immobilienbusiness.ch\\\/regionen\\\/2017-05-24\\\/basel-stadt-will-verdichtung-foerdern\\\/#primaryimage\"},\"thumbnailUrl\":\"https:\\\/\\\/www.immobilienbusiness.ch\\\/wp-content\\\/uploads\\\/2017\\\/05\\\/Depositphotos_147555719_m-2015.jpg\",\"datePublished\":\"2017-05-24T06:51:19+00:00\",\"description\":\"Die Zahl der Einwohner Basels steigt unaufh\u00f6rlich, und damit auch der Bedarf an Wohnraum. Das Baudepartement hat daher \u00c4nderungen des Zonenplans entwickelt.\",\"breadcrumb\":{\"@id\":\"https:\\\/\\\/www.immobilienbusiness.ch\\\/regionen\\\/2017-05-24\\\/basel-stadt-will-verdichtung-foerdern\\\/#breadcrumb\"},\"inLanguage\":\"de\",\"potentialAction\":[{\"@type\":\"ReadAction\",\"target\":[\"https:\\\/\\\/www.immobilienbusiness.ch\\\/regionen\\\/2017-05-24\\\/basel-stadt-will-verdichtung-foerdern\\\/\"]}]},{\"@type\":\"ImageObject\",\"inLanguage\":\"de\",\"@id\":\"https:\\\/\\\/www.immobilienbusiness.ch\\\/regionen\\\/2017-05-24\\\/basel-stadt-will-verdichtung-foerdern\\\/#primaryimage\",\"url\":\"https:\\\/\\\/www.immobilienbusiness.ch\\\/wp-content\\\/uploads\\\/2017\\\/05\\\/Depositphotos_147555719_m-2015.jpg\",\"contentUrl\":\"https:\\\/\\\/www.immobilienbusiness.ch\\\/wp-content\\\/uploads\\\/2017\\\/05\\\/Depositphotos_147555719_m-2015.jpg\",\"width\":999,\"height\":428,\"caption\":\"Basel soll verdichtet werden (Foto: bloodua - depositphotos)\"},{\"@type\":\"BreadcrumbList\",\"@id\":\"https:\\\/\\\/www.immobilienbusiness.ch\\\/regionen\\\/2017-05-24\\\/basel-stadt-will-verdichtung-foerdern\\\/#breadcrumb\",\"itemListElement\":[{\"@type\":\"ListItem\",\"position\":1,\"name\":\"Home\",\"item\":\"https:\\\/\\\/www.immobilienbusiness.ch\\\/\"},{\"@type\":\"ListItem\",\"position\":2,\"name\":\"Basel: Stadt will Verdichtung f\u00f6rdern\"}]},{\"@type\":\"WebSite\",\"@id\":\"https:\\\/\\\/www.immobilienbusiness.ch\\\/#website\",\"url\":\"https:\\\/\\\/www.immobilienbusiness.ch\\\/\",\"name\":\"IMMOBILIEN Business\",\"description\":\"Unabh\u00e4ngiges Schweizer Wirtschaftsmagazin mit Fokus auf Immobilien, Architektur- und Bau sowie Investment- und Finanzierung.\",\"publisher\":{\"@id\":\"https:\\\/\\\/www.immobilienbusiness.ch\\\/#organization\"},\"potentialAction\":[{\"@type\":\"SearchAction\",\"target\":{\"@type\":\"EntryPoint\",\"urlTemplate\":\"https:\\\/\\\/www.immobilienbusiness.ch\\\/?s={search_term_string}\"},\"query-input\":{\"@type\":\"PropertyValueSpecification\",\"valueRequired\":true,\"valueName\":\"search_term_string\"}}],\"inLanguage\":\"de\"},{\"@type\":\"Organization\",\"@id\":\"https:\\\/\\\/www.immobilienbusiness.ch\\\/#organization\",\"name\":\"IMMOBILIEN Business\",\"url\":\"https:\\\/\\\/www.immobilienbusiness.ch\\\/\",\"logo\":{\"@type\":\"ImageObject\",\"inLanguage\":\"de\",\"@id\":\"https:\\\/\\\/www.immobilienbusiness.ch\\\/#\\\/schema\\\/logo\\\/image\\\/\",\"url\":\"https:\\\/\\\/www.immobilienbusiness.ch\\\/wp-content\\\/uploads\\\/2021\\\/07\\\/logo_ib.png\",\"contentUrl\":\"https:\\\/\\\/www.immobilienbusiness.ch\\\/wp-content\\\/uploads\\\/2021\\\/07\\\/logo_ib.png\",\"width\":800,\"height\":181,\"caption\":\"IMMOBILIEN Business\"},\"image\":{\"@id\":\"https:\\\/\\\/www.immobilienbusiness.ch\\\/#\\\/schema\\\/logo\\\/image\\\/\"},\"sameAs\":[\"https:\\\/\\\/www.facebook.com\\\/immobilienbusiness\\\/\"]},{\"@type\":\"Person\",\"@id\":\"https:\\\/\\\/www.immobilienbusiness.ch\\\/#\\\/schema\\\/person\\\/3fc036297b10b9f42d6db5ee932af8c8\",\"name\":\"anja.hall\",\"image\":{\"@type\":\"ImageObject\",\"inLanguage\":\"de\",\"@id\":\"https:\\\/\\\/secure.gravatar.com\\\/avatar\\\/066b5a0d447013502c71a5782f4f3469f03cfe595cc2329fb94652fe47511bfb?s=96&d=mm&r=g\",\"url\":\"https:\\\/\\\/secure.gravatar.com\\\/avatar\\\/066b5a0d447013502c71a5782f4f3469f03cfe595cc2329fb94652fe47511bfb?s=96&d=mm&r=g\",\"contentUrl\":\"https:\\\/\\\/secure.gravatar.com\\\/avatar\\\/066b5a0d447013502c71a5782f4f3469f03cfe595cc2329fb94652fe47511bfb?s=96&d=mm&r=g\",\"caption\":\"anja.hall\"},\"url\":\"https:\\\/\\\/www.immobilienbusiness.ch\\\/de\\\/author\\\/anja-hall\\\/\"}]}<\/script>\n<!-- \/ Yoast SEO plugin. -->","yoast_head_json":{"title":"Basel: Stadt will Verdichtung f\u00f6rdern - IMMOBILIEN Business","description":"Die Zahl der Einwohner Basels steigt unaufh\u00f6rlich, und damit auch der Bedarf an Wohnraum. Das Baudepartement hat daher \u00c4nderungen des Zonenplans entwickelt.","robots":{"index":"index","follow":"follow","max-snippet":"max-snippet:-1","max-image-preview":"max-image-preview:large","max-video-preview":"max-video-preview:-1"},"canonical":"https:\/\/www.immobilienbusiness.ch\/de\/regionen\/2017-05-24\/basel-stadt-will-verdichtung-foerdern\/","og_locale":"de_DE","og_type":"article","og_title":"Basel: Pl\u00e4ne f\u00fcr weiteres Wachstum","og_description":"Die Zahl der Einwohner Basels steigt unaufh\u00f6rlich, und damit auch der Bedarf an Wohnraum. Das Baudepartement hat daher \u00c4nderungen des Zonenplans entwickelt.","og_url":"https:\/\/www.immobilienbusiness.ch\/de\/regionen\/2017-05-24\/basel-stadt-will-verdichtung-foerdern\/","og_site_name":"IMMOBILIEN Business","article_publisher":"https:\/\/www.facebook.com\/immobilienbusiness\/","article_published_time":"2017-05-24T06:51:19+00:00","og_image":[{"width":999,"height":428,"url":"https:\/\/www.immobilienbusiness.ch\/wp-content\/uploads\/2017\/05\/Depositphotos_147555719_m-2015.jpg","type":"image\/jpeg"}],"author":"anja.hall","twitter_card":"summary_large_image","twitter_title":"Basel: Pl\u00e4ne f\u00fcr weiteres Wachstum","twitter_description":"Die Zahl der Einwohner Basels steigt unaufh\u00f6rlich, und damit auch der Bedarf an Wohnraum. Das Baudepartement hat daher \u00c4nderungen des Zonenplans entwickelt.","twitter_image":"https:\/\/www.immobilienbusiness.ch\/wp-content\/uploads\/2017\/05\/Depositphotos_147555719_m-2015.jpg","schema":{"@context":"https:\/\/schema.org","@graph":[{"@type":"Article","@id":"https:\/\/www.immobilienbusiness.ch\/regionen\/2017-05-24\/basel-stadt-will-verdichtung-foerdern\/#article","isPartOf":{"@id":"https:\/\/www.immobilienbusiness.ch\/regionen\/2017-05-24\/basel-stadt-will-verdichtung-foerdern\/"},"author":{"name":"anja.hall","@id":"https:\/\/www.immobilienbusiness.ch\/#\/schema\/person\/3fc036297b10b9f42d6db5ee932af8c8"},"headline":"Basel: Stadt will Verdichtung f\u00f6rdern","datePublished":"2017-05-24T06:51:19+00:00","mainEntityOfPage":{"@id":"https:\/\/www.immobilienbusiness.ch\/regionen\/2017-05-24\/basel-stadt-will-verdichtung-foerdern\/"},"wordCount":361,"commentCount":0,"publisher":{"@id":"https:\/\/www.immobilienbusiness.ch\/#organization"},"image":{"@id":"https:\/\/www.immobilienbusiness.ch\/regionen\/2017-05-24\/basel-stadt-will-verdichtung-foerdern\/#primaryimage"},"thumbnailUrl":"https:\/\/www.immobilienbusiness.ch\/wp-content\/uploads\/2017\/05\/Depositphotos_147555719_m-2015.jpg","keywords":["Basel","Regionen","Stadtentwicklung","Verdichtung"],"articleSection":["REGIONEN"],"inLanguage":"de"},{"@type":"WebPage","@id":"https:\/\/www.immobilienbusiness.ch\/regionen\/2017-05-24\/basel-stadt-will-verdichtung-foerdern\/","url":"https:\/\/www.immobilienbusiness.ch\/regionen\/2017-05-24\/basel-stadt-will-verdichtung-foerdern\/","name":"Basel: Stadt will Verdichtung f\u00f6rdern - IMMOBILIEN Business","isPartOf":{"@id":"https:\/\/www.immobilienbusiness.ch\/#website"},"primaryImageOfPage":{"@id":"https:\/\/www.immobilienbusiness.ch\/regionen\/2017-05-24\/basel-stadt-will-verdichtung-foerdern\/#primaryimage"},"image":{"@id":"https:\/\/www.immobilienbusiness.ch\/regionen\/2017-05-24\/basel-stadt-will-verdichtung-foerdern\/#primaryimage"},"thumbnailUrl":"https:\/\/www.immobilienbusiness.ch\/wp-content\/uploads\/2017\/05\/Depositphotos_147555719_m-2015.jpg","datePublished":"2017-05-24T06:51:19+00:00","description":"Die Zahl der Einwohner Basels steigt unaufh\u00f6rlich, und damit auch der Bedarf an Wohnraum. Das Baudepartement hat daher \u00c4nderungen des Zonenplans entwickelt.","breadcrumb":{"@id":"https:\/\/www.immobilienbusiness.ch\/regionen\/2017-05-24\/basel-stadt-will-verdichtung-foerdern\/#breadcrumb"},"inLanguage":"de","potentialAction":[{"@type":"ReadAction","target":["https:\/\/www.immobilienbusiness.ch\/regionen\/2017-05-24\/basel-stadt-will-verdichtung-foerdern\/"]}]},{"@type":"ImageObject","inLanguage":"de","@id":"https:\/\/www.immobilienbusiness.ch\/regionen\/2017-05-24\/basel-stadt-will-verdichtung-foerdern\/#primaryimage","url":"https:\/\/www.immobilienbusiness.ch\/wp-content\/uploads\/2017\/05\/Depositphotos_147555719_m-2015.jpg","contentUrl":"https:\/\/www.immobilienbusiness.ch\/wp-content\/uploads\/2017\/05\/Depositphotos_147555719_m-2015.jpg","width":999,"height":428,"caption":"Basel soll verdichtet werden (Foto: bloodua - depositphotos)"},{"@type":"BreadcrumbList","@id":"https:\/\/www.immobilienbusiness.ch\/regionen\/2017-05-24\/basel-stadt-will-verdichtung-foerdern\/#breadcrumb","itemListElement":[{"@type":"ListItem","position":1,"name":"Home","item":"https:\/\/www.immobilienbusiness.ch\/"},{"@type":"ListItem","position":2,"name":"Basel: Stadt will Verdichtung f\u00f6rdern"}]},{"@type":"WebSite","@id":"https:\/\/www.immobilienbusiness.ch\/#website","url":"https:\/\/www.immobilienbusiness.ch\/","name":"IMMOBILIEN Business","description":"Unabh\u00e4ngiges Schweizer Wirtschaftsmagazin mit Fokus auf Immobilien, Architektur- und Bau sowie Investment- und Finanzierung.","publisher":{"@id":"https:\/\/www.immobilienbusiness.ch\/#organization"},"potentialAction":[{"@type":"SearchAction","target":{"@type":"EntryPoint","urlTemplate":"https:\/\/www.immobilienbusiness.ch\/?s={search_term_string}"},"query-input":{"@type":"PropertyValueSpecification","valueRequired":true,"valueName":"search_term_string"}}],"inLanguage":"de"},{"@type":"Organization","@id":"https:\/\/www.immobilienbusiness.ch\/#organization","name":"IMMOBILIEN Business","url":"https:\/\/www.immobilienbusiness.ch\/","logo":{"@type":"ImageObject","inLanguage":"de","@id":"https:\/\/www.immobilienbusiness.ch\/#\/schema\/logo\/image\/","url":"https:\/\/www.immobilienbusiness.ch\/wp-content\/uploads\/2021\/07\/logo_ib.png","contentUrl":"https:\/\/www.immobilienbusiness.ch\/wp-content\/uploads\/2021\/07\/logo_ib.png","width":800,"height":181,"caption":"IMMOBILIEN Business"},"image":{"@id":"https:\/\/www.immobilienbusiness.ch\/#\/schema\/logo\/image\/"},"sameAs":["https:\/\/www.facebook.com\/immobilienbusiness\/"]},{"@type":"Person","@id":"https:\/\/www.immobilienbusiness.ch\/#\/schema\/person\/3fc036297b10b9f42d6db5ee932af8c8","name":"anja.hall","image":{"@type":"ImageObject","inLanguage":"de","@id":"https:\/\/secure.gravatar.com\/avatar\/066b5a0d447013502c71a5782f4f3469f03cfe595cc2329fb94652fe47511bfb?s=96&d=mm&r=g","url":"https:\/\/secure.gravatar.com\/avatar\/066b5a0d447013502c71a5782f4f3469f03cfe595cc2329fb94652fe47511bfb?s=96&d=mm&r=g","contentUrl":"https:\/\/secure.gravatar.com\/avatar\/066b5a0d447013502c71a5782f4f3469f03cfe595cc2329fb94652fe47511bfb?s=96&d=mm&r=g","caption":"anja.hall"},"url":"https:\/\/www.immobilienbusiness.ch\/de\/author\/anja-hall\/"}]}},"_links":{"self":[{"href":"https:\/\/www.immobilienbusiness.ch\/de\/wp-json\/wp\/v2\/posts\/7736","targetHints":{"allow":["GET"]}}],"collection":[{"href":"https:\/\/www.immobilienbusiness.ch\/de\/wp-json\/wp\/v2\/posts"}],"about":[{"href":"https:\/\/www.immobilienbusiness.ch\/de\/wp-json\/wp\/v2\/types\/post"}],"author":[{"embeddable":true,"href":"https:\/\/www.immobilienbusiness.ch\/de\/wp-json\/wp\/v2\/users\/3"}],"replies":[{"embeddable":true,"href":"https:\/\/www.immobilienbusiness.ch\/de\/wp-json\/wp\/v2\/comments?post=7736"}],"version-history":[{"count":0,"href":"https:\/\/www.immobilienbusiness.ch\/de\/wp-json\/wp\/v2\/posts\/7736\/revisions"}],"wp:featuredmedia":[{"embeddable":true,"href":"https:\/\/www.immobilienbusiness.ch\/de\/wp-json\/wp\/v2\/media\/7737"}],"wp:attachment":[{"href":"https:\/\/www.immobilienbusiness.ch\/de\/wp-json\/wp\/v2\/media?parent=7736"}],"wp:term":[{"taxonomy":"category","embeddable":true,"href":"https:\/\/www.immobilienbusiness.ch\/de\/wp-json\/wp\/v2\/categories?post=7736"},{"taxonomy":"post_tag","embeddable":true,"href":"https:\/\/www.immobilienbusiness.ch\/de\/wp-json\/wp\/v2\/tags?post=7736"}],"curies":[{"name":"wp","href":"https:\/\/api.w.org\/{rel}","templated":true}]}}