{"id":7716,"date":"2017-05-23T08:37:13","date_gmt":"2017-05-23T06:37:13","guid":{"rendered":"https:\/\/www.immobilienbusiness.ch\/?p=7716"},"modified":"2017-05-23T08:37:13","modified_gmt":"2017-05-23T06:37:13","slug":"realstone-kapitalerhoehung-und-boersengang","status":"publish","type":"post","link":"https:\/\/www.immobilienbusiness.ch\/de\/unternehmen\/2017-05-23\/realstone-kapitalerhoehung-und-boersengang\/","title":{"rendered":"Realstone: Kapitalerh\u00f6hung und B\u00f6rsengang"},"content":{"rendered":"<figure id=\"attachment_6749\" aria-describedby=\"caption-attachment-6749\" style=\"width: 680px\" class=\"wp-caption alignnone\"><img loading=\"lazy\" decoding=\"async\" class=\"size-medium wp-image-6749\" src=\"https:\/\/www.immobilienbusiness.ch\/wp-content\/uploads\/2017\/03\/Depositphotos_14941895_m-2015.jpg\" alt=\"\" width=\"680\" height=\"428\" srcset=\"https:\/\/www.immobilienbusiness.ch\/wp-content\/uploads\/2017\/03\/Depositphotos_14941895_m-2015.jpg 1000w, https:\/\/www.immobilienbusiness.ch\/wp-content\/uploads\/2017\/03\/Depositphotos_14941895_m-2015-300x189.jpg 300w, https:\/\/www.immobilienbusiness.ch\/wp-content\/uploads\/2017\/03\/Depositphotos_14941895_m-2015-768x483.jpg 768w, https:\/\/www.immobilienbusiness.ch\/wp-content\/uploads\/2017\/03\/Depositphotos_14941895_m-2015-16x10.jpg 16w, https:\/\/www.immobilienbusiness.ch\/wp-content\/uploads\/2017\/03\/Depositphotos_14941895_m-2015-278x175.jpg 278w, https:\/\/www.immobilienbusiness.ch\/wp-content\/uploads\/2017\/03\/Depositphotos_14941895_m-2015-556x350.jpg 556w, https:\/\/www.immobilienbusiness.ch\/wp-content\/uploads\/2017\/03\/Depositphotos_14941895_m-2015-920x579.jpg 920w\" sizes=\"auto, (max-width: 680px) 100vw, 680px\" \/><figcaption id=\"caption-attachment-6749\" class=\"wp-caption-text\">Der Realstone Development Fund plant eine Kapitalerh\u00f6hung und strebt an die B\u00f6rse. (Bild: Alexmit &#8211; depositphotos)<\/figcaption><\/figure>\n<p>Der Realstone Development Fund hat f\u00fcr Ende Mai bis Anfang Juni eine Kapitalerh\u00f6hung angek\u00fcndigt. Wie der Fonds mitteilt, l\u00e4uft die Zeichnungsfrist vom 29. Mai bis zum 9. Juni 2017. Liberierungsdatum ist der 16. Juni 2017. F\u00fcr zwei alte Anteile kann ein neuer Anteil gezeichnet werden, und der Zeichnungspreis bel\u00e4uft sich auf 128,84 CHF pro Anteil. Insgesamt hat die Emission ein Volumen von bis zu 217 Millionen.<\/p>\n<p>Mit den Mitteln aus der Kapitalerh\u00f6hung will der Fonds sich zum einen neue Gesch\u00e4ftsm\u00f6glichkeiten erschliessen. Zum anderen sollen f\u00fcnf Projektentwicklungen finanziert werden. Neben diesen Projekten im Entwicklungsstadium verf\u00fcgt der Realstone Development Fund \u00fcber sieben bewirtschaftete Immobilienobjekte mit 960 Wohneinheiten.<\/p>\n<p>Die Kotierung des Fonds an der SIX Swiss Exchange ist \u2013 vorbehaltlich der Genehmigung der \u00c4nderungen des Fondsvertrages durch die FINMA und der Genehmigung des Kotierungsgesuches durch die B\u00f6rse \u2013 f\u00fcr Ende Juni vorgesehen.<\/p>\n<p>F\u00fcr das kommende Jahr stellt der Realstone Development Fund ein deutliches Ertragswachstum in Aussicht, unter anderem wegen der \u00ab\u00fcberaus erfolgreichen Vermarktung der j\u00fcngsten, 2016 an den Markt gebrachten Immobilien\u00bb. Durch die laufenden Entwicklungsprojekte sei das Wachstum auch f\u00fcr die n\u00e4chsten f\u00fcnf bis sieben Jahre gew\u00e4hrleistet, so der Fonds weiter.<\/p>\n","protected":false},"excerpt":{"rendered":"<p>Der Realstone Development Fund plant eine Kapitalerh\u00f6hung \u00fcber 217 Millionen CHF und will per Ende Juni auch an die B\u00f6rse.<\/p>\n","protected":false},"author":3,"featured_media":6749,"comment_status":"open","ping_status":"open","sticky":false,"template":"","format":"standard","meta":{"_acf_changed":false,"_yoast_wpseo_focuskw":"Realstone","_yoast_wpseo_title":"","_yoast_wpseo_metadesc":"Der Realstone Development Fund plant eine Kapitalerh\u00f6hung \u00fcber 217 Millionen CHF und will per Ende Juni auch an die B\u00f6rse.","_yoast_wpseo_linkdex":73,"pgc_sgb_lightbox_settings":"","footnotes":""},"categories":[988],"tags":[1108,1344,1412,1807],"class_list":["post-7716","post","type-post","status-publish","format-standard","has-post-thumbnail","hentry","category-unternehmen","tag-boersengang","tag-immobilienfonds","tag-kapitalerhoehung","tag-unternehmen"],"acf":[],"yoast_head":"<!-- This site is optimized with the Yoast SEO plugin v27.4 - https:\/\/yoast.com\/product\/yoast-seo-wordpress\/ -->\n<title>Realstone: Kapitalerh\u00f6hung und B\u00f6rsengang - IMMOBILIEN Business<\/title>\n<meta name=\"description\" content=\"Der Realstone Development Fund plant eine Kapitalerh\u00f6hung \u00fcber 217 Millionen CHF und will per Ende Juni auch an die B\u00f6rse.\" \/>\n<meta name=\"robots\" content=\"index, follow, max-snippet:-1, max-image-preview:large, max-video-preview:-1\" \/>\n<link rel=\"canonical\" href=\"https:\/\/www.immobilienbusiness.ch\/de\/unternehmen\/2017-05-23\/realstone-kapitalerhoehung-und-boersengang\/\" \/>\n<meta property=\"og:locale\" content=\"de_DE\" \/>\n<meta property=\"og:type\" content=\"article\" \/>\n<meta property=\"og:title\" content=\"Realstone: Kapitalerh\u00f6hung und B\u00f6rsengang\" \/>\n<meta property=\"og:description\" content=\"Der Realstone Development Fund plant eine Kapitalerh\u00f6hung \u00fcber 217 Millionen CHF und will per Ende Juni auch an die B\u00f6rse.\" \/>\n<meta property=\"og:url\" content=\"https:\/\/www.immobilienbusiness.ch\/de\/unternehmen\/2017-05-23\/realstone-kapitalerhoehung-und-boersengang\/\" \/>\n<meta property=\"og:site_name\" content=\"IMMOBILIEN Business\" \/>\n<meta property=\"article:publisher\" content=\"https:\/\/www.facebook.com\/immobilienbusiness\/\" \/>\n<meta property=\"article:published_time\" content=\"2017-05-23T06:37:13+00:00\" \/>\n<meta property=\"og:image\" content=\"https:\/\/www.immobilienbusiness.ch\/wp-content\/uploads\/2017\/03\/Depositphotos_14941895_m-2015.jpg\" \/>\n\t<meta property=\"og:image:width\" content=\"1000\" \/>\n\t<meta property=\"og:image:height\" content=\"629\" \/>\n\t<meta property=\"og:image:type\" content=\"image\/jpeg\" \/>\n<meta name=\"author\" content=\"anja.hall\" \/>\n<meta name=\"twitter:card\" content=\"summary_large_image\" \/>\n<meta name=\"twitter:title\" content=\"Realstone: Kapitalerh\u00f6hung und B\u00f6rsengang\" \/>\n<meta name=\"twitter:description\" content=\"Der Realstone Development Fund plant eine Kapitalerh\u00f6hung \u00fcber 217 Millionen CHF und will per Ende Juni auch an die B\u00f6rse.\" \/>\n<meta name=\"twitter:image\" content=\"https:\/\/www.immobilienbusiness.ch\/wp-content\/uploads\/2017\/03\/Depositphotos_14941895_m-2015.jpg\" \/>\n<script type=\"application\/ld+json\" class=\"yoast-schema-graph\">{\"@context\":\"https:\\\/\\\/schema.org\",\"@graph\":[{\"@type\":\"Article\",\"@id\":\"https:\\\/\\\/www.immobilienbusiness.ch\\\/unternehmen\\\/2017-05-23\\\/realstone-kapitalerhoehung-und-boersengang\\\/#article\",\"isPartOf\":{\"@id\":\"https:\\\/\\\/www.immobilienbusiness.ch\\\/unternehmen\\\/2017-05-23\\\/realstone-kapitalerhoehung-und-boersengang\\\/\"},\"author\":{\"name\":\"anja.hall\",\"@id\":\"https:\\\/\\\/www.immobilienbusiness.ch\\\/#\\\/schema\\\/person\\\/3fc036297b10b9f42d6db5ee932af8c8\"},\"headline\":\"Realstone: Kapitalerh\u00f6hung und B\u00f6rsengang\",\"datePublished\":\"2017-05-23T06:37:13+00:00\",\"mainEntityOfPage\":{\"@id\":\"https:\\\/\\\/www.immobilienbusiness.ch\\\/unternehmen\\\/2017-05-23\\\/realstone-kapitalerhoehung-und-boersengang\\\/\"},\"wordCount\":227,\"commentCount\":0,\"publisher\":{\"@id\":\"https:\\\/\\\/www.immobilienbusiness.ch\\\/#organization\"},\"image\":{\"@id\":\"https:\\\/\\\/www.immobilienbusiness.ch\\\/unternehmen\\\/2017-05-23\\\/realstone-kapitalerhoehung-und-boersengang\\\/#primaryimage\"},\"thumbnailUrl\":\"https:\\\/\\\/www.immobilienbusiness.ch\\\/wp-content\\\/uploads\\\/2017\\\/03\\\/Depositphotos_14941895_m-2015.jpg\",\"keywords\":[\"B\u00f6rsengang\",\"Immobilienfonds\",\"Kapitalerh\u00f6hung\",\"Unternehmen\"],\"articleSection\":[\"UNTERNEHMEN\"],\"inLanguage\":\"de\"},{\"@type\":\"WebPage\",\"@id\":\"https:\\\/\\\/www.immobilienbusiness.ch\\\/unternehmen\\\/2017-05-23\\\/realstone-kapitalerhoehung-und-boersengang\\\/\",\"url\":\"https:\\\/\\\/www.immobilienbusiness.ch\\\/unternehmen\\\/2017-05-23\\\/realstone-kapitalerhoehung-und-boersengang\\\/\",\"name\":\"Realstone: Kapitalerh\u00f6hung und B\u00f6rsengang - IMMOBILIEN Business\",\"isPartOf\":{\"@id\":\"https:\\\/\\\/www.immobilienbusiness.ch\\\/#website\"},\"primaryImageOfPage\":{\"@id\":\"https:\\\/\\\/www.immobilienbusiness.ch\\\/unternehmen\\\/2017-05-23\\\/realstone-kapitalerhoehung-und-boersengang\\\/#primaryimage\"},\"image\":{\"@id\":\"https:\\\/\\\/www.immobilienbusiness.ch\\\/unternehmen\\\/2017-05-23\\\/realstone-kapitalerhoehung-und-boersengang\\\/#primaryimage\"},\"thumbnailUrl\":\"https:\\\/\\\/www.immobilienbusiness.ch\\\/wp-content\\\/uploads\\\/2017\\\/03\\\/Depositphotos_14941895_m-2015.jpg\",\"datePublished\":\"2017-05-23T06:37:13+00:00\",\"description\":\"Der Realstone Development Fund plant eine Kapitalerh\u00f6hung \u00fcber 217 Millionen CHF und will per Ende Juni auch an die B\u00f6rse.\",\"breadcrumb\":{\"@id\":\"https:\\\/\\\/www.immobilienbusiness.ch\\\/unternehmen\\\/2017-05-23\\\/realstone-kapitalerhoehung-und-boersengang\\\/#breadcrumb\"},\"inLanguage\":\"de\",\"potentialAction\":[{\"@type\":\"ReadAction\",\"target\":[\"https:\\\/\\\/www.immobilienbusiness.ch\\\/unternehmen\\\/2017-05-23\\\/realstone-kapitalerhoehung-und-boersengang\\\/\"]}]},{\"@type\":\"ImageObject\",\"inLanguage\":\"de\",\"@id\":\"https:\\\/\\\/www.immobilienbusiness.ch\\\/unternehmen\\\/2017-05-23\\\/realstone-kapitalerhoehung-und-boersengang\\\/#primaryimage\",\"url\":\"https:\\\/\\\/www.immobilienbusiness.ch\\\/wp-content\\\/uploads\\\/2017\\\/03\\\/Depositphotos_14941895_m-2015.jpg\",\"contentUrl\":\"https:\\\/\\\/www.immobilienbusiness.ch\\\/wp-content\\\/uploads\\\/2017\\\/03\\\/Depositphotos_14941895_m-2015.jpg\",\"width\":1000,\"height\":629,\"caption\":\"Die Swiss Prime AST hat Halbjahreszahlen f\u00fcr ihre Anlagegruppen vorgelegt (Bild: Alexmit - depositphotos)\"},{\"@type\":\"BreadcrumbList\",\"@id\":\"https:\\\/\\\/www.immobilienbusiness.ch\\\/unternehmen\\\/2017-05-23\\\/realstone-kapitalerhoehung-und-boersengang\\\/#breadcrumb\",\"itemListElement\":[{\"@type\":\"ListItem\",\"position\":1,\"name\":\"Home\",\"item\":\"https:\\\/\\\/www.immobilienbusiness.ch\\\/\"},{\"@type\":\"ListItem\",\"position\":2,\"name\":\"Realstone: Kapitalerh\u00f6hung und B\u00f6rsengang\"}]},{\"@type\":\"WebSite\",\"@id\":\"https:\\\/\\\/www.immobilienbusiness.ch\\\/#website\",\"url\":\"https:\\\/\\\/www.immobilienbusiness.ch\\\/\",\"name\":\"IMMOBILIEN Business\",\"description\":\"Unabh\u00e4ngiges Schweizer Wirtschaftsmagazin mit Fokus auf Immobilien, Architektur- und Bau sowie Investment- und Finanzierung.\",\"publisher\":{\"@id\":\"https:\\\/\\\/www.immobilienbusiness.ch\\\/#organization\"},\"potentialAction\":[{\"@type\":\"SearchAction\",\"target\":{\"@type\":\"EntryPoint\",\"urlTemplate\":\"https:\\\/\\\/www.immobilienbusiness.ch\\\/?s={search_term_string}\"},\"query-input\":{\"@type\":\"PropertyValueSpecification\",\"valueRequired\":true,\"valueName\":\"search_term_string\"}}],\"inLanguage\":\"de\"},{\"@type\":\"Organization\",\"@id\":\"https:\\\/\\\/www.immobilienbusiness.ch\\\/#organization\",\"name\":\"IMMOBILIEN Business\",\"url\":\"https:\\\/\\\/www.immobilienbusiness.ch\\\/\",\"logo\":{\"@type\":\"ImageObject\",\"inLanguage\":\"de\",\"@id\":\"https:\\\/\\\/www.immobilienbusiness.ch\\\/#\\\/schema\\\/logo\\\/image\\\/\",\"url\":\"https:\\\/\\\/www.immobilienbusiness.ch\\\/wp-content\\\/uploads\\\/2021\\\/07\\\/logo_ib.png\",\"contentUrl\":\"https:\\\/\\\/www.immobilienbusiness.ch\\\/wp-content\\\/uploads\\\/2021\\\/07\\\/logo_ib.png\",\"width\":800,\"height\":181,\"caption\":\"IMMOBILIEN Business\"},\"image\":{\"@id\":\"https:\\\/\\\/www.immobilienbusiness.ch\\\/#\\\/schema\\\/logo\\\/image\\\/\"},\"sameAs\":[\"https:\\\/\\\/www.facebook.com\\\/immobilienbusiness\\\/\"]},{\"@type\":\"Person\",\"@id\":\"https:\\\/\\\/www.immobilienbusiness.ch\\\/#\\\/schema\\\/person\\\/3fc036297b10b9f42d6db5ee932af8c8\",\"name\":\"anja.hall\",\"image\":{\"@type\":\"ImageObject\",\"inLanguage\":\"de\",\"@id\":\"https:\\\/\\\/secure.gravatar.com\\\/avatar\\\/066b5a0d447013502c71a5782f4f3469f03cfe595cc2329fb94652fe47511bfb?s=96&d=mm&r=g\",\"url\":\"https:\\\/\\\/secure.gravatar.com\\\/avatar\\\/066b5a0d447013502c71a5782f4f3469f03cfe595cc2329fb94652fe47511bfb?s=96&d=mm&r=g\",\"contentUrl\":\"https:\\\/\\\/secure.gravatar.com\\\/avatar\\\/066b5a0d447013502c71a5782f4f3469f03cfe595cc2329fb94652fe47511bfb?s=96&d=mm&r=g\",\"caption\":\"anja.hall\"},\"url\":\"https:\\\/\\\/www.immobilienbusiness.ch\\\/de\\\/author\\\/anja-hall\\\/\"}]}<\/script>\n<!-- \/ Yoast SEO plugin. -->","yoast_head_json":{"title":"Realstone: Kapitalerh\u00f6hung und B\u00f6rsengang - IMMOBILIEN Business","description":"Der Realstone Development Fund plant eine Kapitalerh\u00f6hung \u00fcber 217 Millionen CHF und will per Ende Juni auch an die B\u00f6rse.","robots":{"index":"index","follow":"follow","max-snippet":"max-snippet:-1","max-image-preview":"max-image-preview:large","max-video-preview":"max-video-preview:-1"},"canonical":"https:\/\/www.immobilienbusiness.ch\/de\/unternehmen\/2017-05-23\/realstone-kapitalerhoehung-und-boersengang\/","og_locale":"de_DE","og_type":"article","og_title":"Realstone: Kapitalerh\u00f6hung und B\u00f6rsengang","og_description":"Der Realstone Development Fund plant eine Kapitalerh\u00f6hung \u00fcber 217 Millionen CHF und will per Ende Juni auch an die B\u00f6rse.","og_url":"https:\/\/www.immobilienbusiness.ch\/de\/unternehmen\/2017-05-23\/realstone-kapitalerhoehung-und-boersengang\/","og_site_name":"IMMOBILIEN Business","article_publisher":"https:\/\/www.facebook.com\/immobilienbusiness\/","article_published_time":"2017-05-23T06:37:13+00:00","og_image":[{"width":1000,"height":629,"url":"https:\/\/www.immobilienbusiness.ch\/wp-content\/uploads\/2017\/03\/Depositphotos_14941895_m-2015.jpg","type":"image\/jpeg"}],"author":"anja.hall","twitter_card":"summary_large_image","twitter_title":"Realstone: Kapitalerh\u00f6hung und B\u00f6rsengang","twitter_description":"Der Realstone Development Fund plant eine Kapitalerh\u00f6hung \u00fcber 217 Millionen CHF und will per Ende Juni auch an die B\u00f6rse.","twitter_image":"https:\/\/www.immobilienbusiness.ch\/wp-content\/uploads\/2017\/03\/Depositphotos_14941895_m-2015.jpg","schema":{"@context":"https:\/\/schema.org","@graph":[{"@type":"Article","@id":"https:\/\/www.immobilienbusiness.ch\/unternehmen\/2017-05-23\/realstone-kapitalerhoehung-und-boersengang\/#article","isPartOf":{"@id":"https:\/\/www.immobilienbusiness.ch\/unternehmen\/2017-05-23\/realstone-kapitalerhoehung-und-boersengang\/"},"author":{"name":"anja.hall","@id":"https:\/\/www.immobilienbusiness.ch\/#\/schema\/person\/3fc036297b10b9f42d6db5ee932af8c8"},"headline":"Realstone: Kapitalerh\u00f6hung und B\u00f6rsengang","datePublished":"2017-05-23T06:37:13+00:00","mainEntityOfPage":{"@id":"https:\/\/www.immobilienbusiness.ch\/unternehmen\/2017-05-23\/realstone-kapitalerhoehung-und-boersengang\/"},"wordCount":227,"commentCount":0,"publisher":{"@id":"https:\/\/www.immobilienbusiness.ch\/#organization"},"image":{"@id":"https:\/\/www.immobilienbusiness.ch\/unternehmen\/2017-05-23\/realstone-kapitalerhoehung-und-boersengang\/#primaryimage"},"thumbnailUrl":"https:\/\/www.immobilienbusiness.ch\/wp-content\/uploads\/2017\/03\/Depositphotos_14941895_m-2015.jpg","keywords":["B\u00f6rsengang","Immobilienfonds","Kapitalerh\u00f6hung","Unternehmen"],"articleSection":["UNTERNEHMEN"],"inLanguage":"de"},{"@type":"WebPage","@id":"https:\/\/www.immobilienbusiness.ch\/unternehmen\/2017-05-23\/realstone-kapitalerhoehung-und-boersengang\/","url":"https:\/\/www.immobilienbusiness.ch\/unternehmen\/2017-05-23\/realstone-kapitalerhoehung-und-boersengang\/","name":"Realstone: Kapitalerh\u00f6hung und B\u00f6rsengang - IMMOBILIEN Business","isPartOf":{"@id":"https:\/\/www.immobilienbusiness.ch\/#website"},"primaryImageOfPage":{"@id":"https:\/\/www.immobilienbusiness.ch\/unternehmen\/2017-05-23\/realstone-kapitalerhoehung-und-boersengang\/#primaryimage"},"image":{"@id":"https:\/\/www.immobilienbusiness.ch\/unternehmen\/2017-05-23\/realstone-kapitalerhoehung-und-boersengang\/#primaryimage"},"thumbnailUrl":"https:\/\/www.immobilienbusiness.ch\/wp-content\/uploads\/2017\/03\/Depositphotos_14941895_m-2015.jpg","datePublished":"2017-05-23T06:37:13+00:00","description":"Der Realstone Development Fund plant eine Kapitalerh\u00f6hung \u00fcber 217 Millionen CHF und will per Ende Juni auch an die B\u00f6rse.","breadcrumb":{"@id":"https:\/\/www.immobilienbusiness.ch\/unternehmen\/2017-05-23\/realstone-kapitalerhoehung-und-boersengang\/#breadcrumb"},"inLanguage":"de","potentialAction":[{"@type":"ReadAction","target":["https:\/\/www.immobilienbusiness.ch\/unternehmen\/2017-05-23\/realstone-kapitalerhoehung-und-boersengang\/"]}]},{"@type":"ImageObject","inLanguage":"de","@id":"https:\/\/www.immobilienbusiness.ch\/unternehmen\/2017-05-23\/realstone-kapitalerhoehung-und-boersengang\/#primaryimage","url":"https:\/\/www.immobilienbusiness.ch\/wp-content\/uploads\/2017\/03\/Depositphotos_14941895_m-2015.jpg","contentUrl":"https:\/\/www.immobilienbusiness.ch\/wp-content\/uploads\/2017\/03\/Depositphotos_14941895_m-2015.jpg","width":1000,"height":629,"caption":"Die Swiss Prime AST hat Halbjahreszahlen f\u00fcr ihre Anlagegruppen vorgelegt (Bild: Alexmit - depositphotos)"},{"@type":"BreadcrumbList","@id":"https:\/\/www.immobilienbusiness.ch\/unternehmen\/2017-05-23\/realstone-kapitalerhoehung-und-boersengang\/#breadcrumb","itemListElement":[{"@type":"ListItem","position":1,"name":"Home","item":"https:\/\/www.immobilienbusiness.ch\/"},{"@type":"ListItem","position":2,"name":"Realstone: Kapitalerh\u00f6hung und B\u00f6rsengang"}]},{"@type":"WebSite","@id":"https:\/\/www.immobilienbusiness.ch\/#website","url":"https:\/\/www.immobilienbusiness.ch\/","name":"IMMOBILIEN Business","description":"Unabh\u00e4ngiges Schweizer Wirtschaftsmagazin mit Fokus auf Immobilien, Architektur- und Bau sowie Investment- und Finanzierung.","publisher":{"@id":"https:\/\/www.immobilienbusiness.ch\/#organization"},"potentialAction":[{"@type":"SearchAction","target":{"@type":"EntryPoint","urlTemplate":"https:\/\/www.immobilienbusiness.ch\/?s={search_term_string}"},"query-input":{"@type":"PropertyValueSpecification","valueRequired":true,"valueName":"search_term_string"}}],"inLanguage":"de"},{"@type":"Organization","@id":"https:\/\/www.immobilienbusiness.ch\/#organization","name":"IMMOBILIEN Business","url":"https:\/\/www.immobilienbusiness.ch\/","logo":{"@type":"ImageObject","inLanguage":"de","@id":"https:\/\/www.immobilienbusiness.ch\/#\/schema\/logo\/image\/","url":"https:\/\/www.immobilienbusiness.ch\/wp-content\/uploads\/2021\/07\/logo_ib.png","contentUrl":"https:\/\/www.immobilienbusiness.ch\/wp-content\/uploads\/2021\/07\/logo_ib.png","width":800,"height":181,"caption":"IMMOBILIEN Business"},"image":{"@id":"https:\/\/www.immobilienbusiness.ch\/#\/schema\/logo\/image\/"},"sameAs":["https:\/\/www.facebook.com\/immobilienbusiness\/"]},{"@type":"Person","@id":"https:\/\/www.immobilienbusiness.ch\/#\/schema\/person\/3fc036297b10b9f42d6db5ee932af8c8","name":"anja.hall","image":{"@type":"ImageObject","inLanguage":"de","@id":"https:\/\/secure.gravatar.com\/avatar\/066b5a0d447013502c71a5782f4f3469f03cfe595cc2329fb94652fe47511bfb?s=96&d=mm&r=g","url":"https:\/\/secure.gravatar.com\/avatar\/066b5a0d447013502c71a5782f4f3469f03cfe595cc2329fb94652fe47511bfb?s=96&d=mm&r=g","contentUrl":"https:\/\/secure.gravatar.com\/avatar\/066b5a0d447013502c71a5782f4f3469f03cfe595cc2329fb94652fe47511bfb?s=96&d=mm&r=g","caption":"anja.hall"},"url":"https:\/\/www.immobilienbusiness.ch\/de\/author\/anja-hall\/"}]}},"_links":{"self":[{"href":"https:\/\/www.immobilienbusiness.ch\/de\/wp-json\/wp\/v2\/posts\/7716","targetHints":{"allow":["GET"]}}],"collection":[{"href":"https:\/\/www.immobilienbusiness.ch\/de\/wp-json\/wp\/v2\/posts"}],"about":[{"href":"https:\/\/www.immobilienbusiness.ch\/de\/wp-json\/wp\/v2\/types\/post"}],"author":[{"embeddable":true,"href":"https:\/\/www.immobilienbusiness.ch\/de\/wp-json\/wp\/v2\/users\/3"}],"replies":[{"embeddable":true,"href":"https:\/\/www.immobilienbusiness.ch\/de\/wp-json\/wp\/v2\/comments?post=7716"}],"version-history":[{"count":0,"href":"https:\/\/www.immobilienbusiness.ch\/de\/wp-json\/wp\/v2\/posts\/7716\/revisions"}],"wp:featuredmedia":[{"embeddable":true,"href":"https:\/\/www.immobilienbusiness.ch\/de\/wp-json\/wp\/v2\/media\/6749"}],"wp:attachment":[{"href":"https:\/\/www.immobilienbusiness.ch\/de\/wp-json\/wp\/v2\/media?parent=7716"}],"wp:term":[{"taxonomy":"category","embeddable":true,"href":"https:\/\/www.immobilienbusiness.ch\/de\/wp-json\/wp\/v2\/categories?post=7716"},{"taxonomy":"post_tag","embeddable":true,"href":"https:\/\/www.immobilienbusiness.ch\/de\/wp-json\/wp\/v2\/tags?post=7716"}],"curies":[{"name":"wp","href":"https:\/\/api.w.org\/{rel}","templated":true}]}}