{"id":7526,"date":"2017-05-11T08:51:51","date_gmt":"2017-05-11T06:51:51","guid":{"rendered":"https:\/\/www.immobilienbusiness.ch\/?p=7526"},"modified":"2017-05-11T08:51:51","modified_gmt":"2017-05-11T06:51:51","slug":"mall-of-switzerland-75-prozent-der-flaechen-sind-vermietet","status":"publish","type":"post","link":"https:\/\/www.immobilienbusiness.ch\/de\/retail\/2017-05-11\/mall-of-switzerland-75-prozent-der-flaechen-sind-vermietet\/","title":{"rendered":"Mall of Switzerland: 75 Prozent der Fl\u00e4chen sind vermietet"},"content":{"rendered":"<figure id=\"attachment_7528\" aria-describedby=\"caption-attachment-7528\" style=\"width: 680px\" class=\"wp-caption alignnone\"><img loading=\"lazy\" decoding=\"async\" class=\"size-medium wp-image-7528\" src=\"https:\/\/www.immobilienbusiness.ch\/wp-content\/uploads\/2017\/05\/mall-of-switzerland-innen.jpg\" alt=\"\" width=\"680\" height=\"454\" srcset=\"https:\/\/www.immobilienbusiness.ch\/wp-content\/uploads\/2017\/05\/mall-of-switzerland-innen.jpg 2560w, https:\/\/www.immobilienbusiness.ch\/wp-content\/uploads\/2017\/05\/mall-of-switzerland-innen-300x200.jpg 300w, https:\/\/www.immobilienbusiness.ch\/wp-content\/uploads\/2017\/05\/mall-of-switzerland-innen-1024x683.jpg 1024w, https:\/\/www.immobilienbusiness.ch\/wp-content\/uploads\/2017\/05\/mall-of-switzerland-innen-768x512.jpg 768w, https:\/\/www.immobilienbusiness.ch\/wp-content\/uploads\/2017\/05\/mall-of-switzerland-innen-1536x1025.jpg 1536w, https:\/\/www.immobilienbusiness.ch\/wp-content\/uploads\/2017\/05\/mall-of-switzerland-innen-2048x1366.jpg 2048w, https:\/\/www.immobilienbusiness.ch\/wp-content\/uploads\/2017\/05\/mall-of-switzerland-innen-16x12.jpg 16w, https:\/\/www.immobilienbusiness.ch\/wp-content\/uploads\/2017\/05\/mall-of-switzerland-innen-262x175.jpg 262w, https:\/\/www.immobilienbusiness.ch\/wp-content\/uploads\/2017\/05\/mall-of-switzerland-innen-525x350.jpg 525w, https:\/\/www.immobilienbusiness.ch\/wp-content\/uploads\/2017\/05\/mall-of-switzerland-innen-1199x800.jpg 1199w, https:\/\/www.immobilienbusiness.ch\/wp-content\/uploads\/2017\/05\/mall-of-switzerland-innen-920x614.jpg 920w, https:\/\/www.immobilienbusiness.ch\/wp-content\/uploads\/2017\/05\/mall-of-switzerland-innen-1400x934.jpg 1400w\" sizes=\"auto, (max-width: 680px) 100vw, 680px\" \/><figcaption id=\"caption-attachment-7528\" class=\"wp-caption-text\">Innenansicht der Mall of Switzerland (Rendering: Mall of Switzerland)<\/figcaption><\/figure>\n<p>Als neue Mieter der Mall stehen unter anderem das britische Schuhlabel \u00abVivobarefoot\u00bb, der Schweizer Spielwarenh\u00e4ndler \u00abSpielkiste\u00bb sowie der lokale Detaillist \u00abPresentini\u00bb fest.<\/p>\n<p>Der \u00abVivobarefoot\u00bb-Store in der Mall of Switzerland wird das erste Gesch\u00e4ft des Unternehmens in der Schweiz sein. Bislang betreibt die englische Firma, die Barfuss-Schuhe produziert und vertreibt, 20 Concept Stores vor allem in europ\u00e4ischen St\u00e4dten. Die \u00abSpielkiste\u00bb gilt als f\u00fchrendes Schweizer Fachgesch\u00e4ft f\u00fcr Spiel und Freizeit. Das Familienunternehmen ist in Tenniken (BL) ans\u00e4ssig und betreibt aktuell zehn Filialen in der Deutschschweiz. Der lokale Detailh\u00e4ndler \u00abPresentini\u00bb hat Geschenke, Weine, Spirituosen und Feinkost im Angebot.<\/p>\n<p>Im Gastronomie-Bereich werden zudem Labels wie Joe &amp; The Juice, WonderWaffel und SUC+ vertreten sein, ausserdem die Ketten McDonald\u2019s, Nooch und Desperados, zudem Gourmetkonzepte aus der Region.<\/p>\n<p>Die Mall of Switzerland soll am 8. November 2017 er\u00f6ffnen. Mit 65.000 qm Gesamtmietfl\u00e4che wird die Mall nach Fertigstellung das zweitgr\u00f6sste Einkaufs- und Freizeitzentrum der Schweiz. Das Shopping Center verf\u00fcgt \u00fcber eine eigene Zug- und Bushaltestelle, einen Autobahnzubringer, der direkt an das Parkhaus f\u00fchrt, sowie eine grosse Veloeinstellhalle. Das Konzept vereint rund 150 Shops und Gastronomiebetriebe mit Freizeit- und Sportangeboten.<\/p>\n","protected":false},"excerpt":{"rendered":"<p>Ein gutes halbes Jahr vor Er\u00f6ffnung der Mall of Switzerland in Ebikon bei Luzern sind rund 75 Prozent der Retailfl\u00e4chen vermietet. F\u00fcr weitere 20 Prozent laufen Verhandlungen, teilen die Projektverantwortlichen mit.<\/p>\n","protected":false},"author":3,"featured_media":7528,"comment_status":"open","ping_status":"open","sticky":false,"template":"","format":"standard","meta":{"_acf_changed":false,"_yoast_wpseo_focuskw":"Mall of Switzerland","_yoast_wpseo_title":"","_yoast_wpseo_metadesc":"Ein gutes halbes Jahr vor Er\u00f6ffnung der Mall of Switzerland in Ebikon bei Luzern sind rund 75 Prozent der Retailfl\u00e4chen vermietet.","_yoast_wpseo_linkdex":56,"pgc_sgb_lightbox_settings":"","footnotes":""},"categories":[987],"tags":[1461,1643,1832],"class_list":["post-7526","post","type-post","status-publish","format-standard","has-post-thumbnail","hentry","category-retail","tag-mall-of-switzerland","tag-retail","tag-vermietung"],"acf":[],"yoast_head":"<!-- This site is optimized with the Yoast SEO plugin v27.5 - https:\/\/yoast.com\/product\/yoast-seo-wordpress\/ -->\n<title>Mall of Switzerland: 75 Prozent der Fl\u00e4chen sind vermietet - IMMOBILIEN Business<\/title>\n<meta name=\"description\" content=\"Ein gutes halbes Jahr vor Er\u00f6ffnung der Mall of Switzerland in Ebikon bei Luzern sind rund 75 Prozent der Retailfl\u00e4chen vermietet.\" \/>\n<meta name=\"robots\" content=\"index, follow, max-snippet:-1, max-image-preview:large, max-video-preview:-1\" \/>\n<link rel=\"canonical\" href=\"https:\/\/www.immobilienbusiness.ch\/de\/retail\/2017-05-11\/mall-of-switzerland-75-prozent-der-flaechen-sind-vermietet\/\" \/>\n<meta property=\"og:locale\" content=\"de_DE\" \/>\n<meta property=\"og:type\" content=\"article\" \/>\n<meta property=\"og:title\" content=\"Mall of Switzerland: 75 Prozent der Fl\u00e4chen sind vermietet\" \/>\n<meta property=\"og:description\" content=\"Ein gutes halbes Jahr vor Er\u00f6ffnung der Mall of Switzerland in Ebikon bei Luzern sind rund 75 Prozent der Retailfl\u00e4chen vermietet.\" \/>\n<meta property=\"og:url\" content=\"https:\/\/www.immobilienbusiness.ch\/de\/retail\/2017-05-11\/mall-of-switzerland-75-prozent-der-flaechen-sind-vermietet\/\" \/>\n<meta property=\"og:site_name\" content=\"IMMOBILIEN Business\" \/>\n<meta property=\"article:publisher\" content=\"https:\/\/www.facebook.com\/immobilienbusiness\/\" \/>\n<meta property=\"article:published_time\" content=\"2017-05-11T06:51:51+00:00\" \/>\n<meta property=\"og:image\" content=\"https:\/\/www.immobilienbusiness.ch\/wp-content\/uploads\/2017\/05\/mall-of-switzerland-innen-1024x683.jpg\" \/>\n\t<meta property=\"og:image:width\" content=\"1024\" \/>\n\t<meta property=\"og:image:height\" content=\"683\" \/>\n\t<meta property=\"og:image:type\" content=\"image\/jpeg\" \/>\n<meta name=\"author\" content=\"anja.hall\" \/>\n<meta name=\"twitter:card\" content=\"summary_large_image\" \/>\n<meta name=\"twitter:title\" content=\"Mall of Switzerland: 75 Prozent der Fl\u00e4chen sind vermietet\" \/>\n<meta name=\"twitter:description\" content=\"Ein gutes halbes Jahr vor Er\u00f6ffnung der Mall of Switzerland in Ebikon bei Luzern sind rund 75 Prozent der Retailfl\u00e4chen vermietet.\" \/>\n<meta name=\"twitter:image\" content=\"https:\/\/www.immobilienbusiness.ch\/wp-content\/uploads\/2017\/05\/mall-of-switzerland-innen.jpg\" \/>\n<script type=\"application\/ld+json\" class=\"yoast-schema-graph\">{\"@context\":\"https:\\\/\\\/schema.org\",\"@graph\":[{\"@type\":\"Article\",\"@id\":\"https:\\\/\\\/www.immobilienbusiness.ch\\\/retail\\\/2017-05-11\\\/mall-of-switzerland-75-prozent-der-flaechen-sind-vermietet\\\/#article\",\"isPartOf\":{\"@id\":\"https:\\\/\\\/www.immobilienbusiness.ch\\\/retail\\\/2017-05-11\\\/mall-of-switzerland-75-prozent-der-flaechen-sind-vermietet\\\/\"},\"author\":{\"name\":\"anja.hall\",\"@id\":\"https:\\\/\\\/www.immobilienbusiness.ch\\\/#\\\/schema\\\/person\\\/3fc036297b10b9f42d6db5ee932af8c8\"},\"headline\":\"Mall of Switzerland: 75 Prozent der Fl\u00e4chen sind vermietet\",\"datePublished\":\"2017-05-11T06:51:51+00:00\",\"mainEntityOfPage\":{\"@id\":\"https:\\\/\\\/www.immobilienbusiness.ch\\\/retail\\\/2017-05-11\\\/mall-of-switzerland-75-prozent-der-flaechen-sind-vermietet\\\/\"},\"wordCount\":218,\"commentCount\":1,\"publisher\":{\"@id\":\"https:\\\/\\\/www.immobilienbusiness.ch\\\/#organization\"},\"image\":{\"@id\":\"https:\\\/\\\/www.immobilienbusiness.ch\\\/retail\\\/2017-05-11\\\/mall-of-switzerland-75-prozent-der-flaechen-sind-vermietet\\\/#primaryimage\"},\"thumbnailUrl\":\"https:\\\/\\\/www.immobilienbusiness.ch\\\/wp-content\\\/uploads\\\/2017\\\/05\\\/mall-of-switzerland-innen.jpg\",\"keywords\":[\"Mall of Switzerland\",\"Retail\",\"Vermietung\"],\"articleSection\":[\"RETAIL\"],\"inLanguage\":\"de\"},{\"@type\":\"WebPage\",\"@id\":\"https:\\\/\\\/www.immobilienbusiness.ch\\\/retail\\\/2017-05-11\\\/mall-of-switzerland-75-prozent-der-flaechen-sind-vermietet\\\/\",\"url\":\"https:\\\/\\\/www.immobilienbusiness.ch\\\/retail\\\/2017-05-11\\\/mall-of-switzerland-75-prozent-der-flaechen-sind-vermietet\\\/\",\"name\":\"Mall of Switzerland: 75 Prozent der Fl\u00e4chen sind vermietet - IMMOBILIEN Business\",\"isPartOf\":{\"@id\":\"https:\\\/\\\/www.immobilienbusiness.ch\\\/#website\"},\"primaryImageOfPage\":{\"@id\":\"https:\\\/\\\/www.immobilienbusiness.ch\\\/retail\\\/2017-05-11\\\/mall-of-switzerland-75-prozent-der-flaechen-sind-vermietet\\\/#primaryimage\"},\"image\":{\"@id\":\"https:\\\/\\\/www.immobilienbusiness.ch\\\/retail\\\/2017-05-11\\\/mall-of-switzerland-75-prozent-der-flaechen-sind-vermietet\\\/#primaryimage\"},\"thumbnailUrl\":\"https:\\\/\\\/www.immobilienbusiness.ch\\\/wp-content\\\/uploads\\\/2017\\\/05\\\/mall-of-switzerland-innen.jpg\",\"datePublished\":\"2017-05-11T06:51:51+00:00\",\"description\":\"Ein gutes halbes Jahr vor Er\u00f6ffnung der Mall of Switzerland in Ebikon bei Luzern sind rund 75 Prozent der Retailfl\u00e4chen vermietet.\",\"breadcrumb\":{\"@id\":\"https:\\\/\\\/www.immobilienbusiness.ch\\\/retail\\\/2017-05-11\\\/mall-of-switzerland-75-prozent-der-flaechen-sind-vermietet\\\/#breadcrumb\"},\"inLanguage\":\"de\",\"potentialAction\":[{\"@type\":\"ReadAction\",\"target\":[\"https:\\\/\\\/www.immobilienbusiness.ch\\\/retail\\\/2017-05-11\\\/mall-of-switzerland-75-prozent-der-flaechen-sind-vermietet\\\/\"]}]},{\"@type\":\"ImageObject\",\"inLanguage\":\"de\",\"@id\":\"https:\\\/\\\/www.immobilienbusiness.ch\\\/retail\\\/2017-05-11\\\/mall-of-switzerland-75-prozent-der-flaechen-sind-vermietet\\\/#primaryimage\",\"url\":\"https:\\\/\\\/www.immobilienbusiness.ch\\\/wp-content\\\/uploads\\\/2017\\\/05\\\/mall-of-switzerland-innen.jpg\",\"contentUrl\":\"https:\\\/\\\/www.immobilienbusiness.ch\\\/wp-content\\\/uploads\\\/2017\\\/05\\\/mall-of-switzerland-innen.jpg\",\"width\":2560,\"height\":1708,\"caption\":\"Innenansicht der Mall of Switzerland (Rendering: Mall of Switzerland\"},{\"@type\":\"BreadcrumbList\",\"@id\":\"https:\\\/\\\/www.immobilienbusiness.ch\\\/retail\\\/2017-05-11\\\/mall-of-switzerland-75-prozent-der-flaechen-sind-vermietet\\\/#breadcrumb\",\"itemListElement\":[{\"@type\":\"ListItem\",\"position\":1,\"name\":\"Home\",\"item\":\"https:\\\/\\\/www.immobilienbusiness.ch\\\/\"},{\"@type\":\"ListItem\",\"position\":2,\"name\":\"Mall of Switzerland: 75 Prozent der Fl\u00e4chen sind vermietet\"}]},{\"@type\":\"WebSite\",\"@id\":\"https:\\\/\\\/www.immobilienbusiness.ch\\\/#website\",\"url\":\"https:\\\/\\\/www.immobilienbusiness.ch\\\/\",\"name\":\"IMMOBILIEN Business\",\"description\":\"Unabh\u00e4ngiges Schweizer Wirtschaftsmagazin mit Fokus auf Immobilien, Architektur- und Bau sowie Investment- und Finanzierung.\",\"publisher\":{\"@id\":\"https:\\\/\\\/www.immobilienbusiness.ch\\\/#organization\"},\"potentialAction\":[{\"@type\":\"SearchAction\",\"target\":{\"@type\":\"EntryPoint\",\"urlTemplate\":\"https:\\\/\\\/www.immobilienbusiness.ch\\\/?s={search_term_string}\"},\"query-input\":{\"@type\":\"PropertyValueSpecification\",\"valueRequired\":true,\"valueName\":\"search_term_string\"}}],\"inLanguage\":\"de\"},{\"@type\":\"Organization\",\"@id\":\"https:\\\/\\\/www.immobilienbusiness.ch\\\/#organization\",\"name\":\"IMMOBILIEN Business\",\"url\":\"https:\\\/\\\/www.immobilienbusiness.ch\\\/\",\"logo\":{\"@type\":\"ImageObject\",\"inLanguage\":\"de\",\"@id\":\"https:\\\/\\\/www.immobilienbusiness.ch\\\/#\\\/schema\\\/logo\\\/image\\\/\",\"url\":\"https:\\\/\\\/www.immobilienbusiness.ch\\\/wp-content\\\/uploads\\\/2021\\\/07\\\/logo_ib.png\",\"contentUrl\":\"https:\\\/\\\/www.immobilienbusiness.ch\\\/wp-content\\\/uploads\\\/2021\\\/07\\\/logo_ib.png\",\"width\":800,\"height\":181,\"caption\":\"IMMOBILIEN Business\"},\"image\":{\"@id\":\"https:\\\/\\\/www.immobilienbusiness.ch\\\/#\\\/schema\\\/logo\\\/image\\\/\"},\"sameAs\":[\"https:\\\/\\\/www.facebook.com\\\/immobilienbusiness\\\/\"]},{\"@type\":\"Person\",\"@id\":\"https:\\\/\\\/www.immobilienbusiness.ch\\\/#\\\/schema\\\/person\\\/3fc036297b10b9f42d6db5ee932af8c8\",\"name\":\"anja.hall\",\"image\":{\"@type\":\"ImageObject\",\"inLanguage\":\"de\",\"@id\":\"https:\\\/\\\/secure.gravatar.com\\\/avatar\\\/066b5a0d447013502c71a5782f4f3469f03cfe595cc2329fb94652fe47511bfb?s=96&d=mm&r=g\",\"url\":\"https:\\\/\\\/secure.gravatar.com\\\/avatar\\\/066b5a0d447013502c71a5782f4f3469f03cfe595cc2329fb94652fe47511bfb?s=96&d=mm&r=g\",\"contentUrl\":\"https:\\\/\\\/secure.gravatar.com\\\/avatar\\\/066b5a0d447013502c71a5782f4f3469f03cfe595cc2329fb94652fe47511bfb?s=96&d=mm&r=g\",\"caption\":\"anja.hall\"},\"url\":\"https:\\\/\\\/www.immobilienbusiness.ch\\\/de\\\/author\\\/anja-hall\\\/\"}]}<\/script>\n<!-- \/ Yoast SEO plugin. -->","yoast_head_json":{"title":"Mall of Switzerland: 75 Prozent der Fl\u00e4chen sind vermietet - IMMOBILIEN Business","description":"Ein gutes halbes Jahr vor Er\u00f6ffnung der Mall of Switzerland in Ebikon bei Luzern sind rund 75 Prozent der Retailfl\u00e4chen vermietet.","robots":{"index":"index","follow":"follow","max-snippet":"max-snippet:-1","max-image-preview":"max-image-preview:large","max-video-preview":"max-video-preview:-1"},"canonical":"https:\/\/www.immobilienbusiness.ch\/de\/retail\/2017-05-11\/mall-of-switzerland-75-prozent-der-flaechen-sind-vermietet\/","og_locale":"de_DE","og_type":"article","og_title":"Mall of Switzerland: 75 Prozent der Fl\u00e4chen sind vermietet","og_description":"Ein gutes halbes Jahr vor Er\u00f6ffnung der Mall of Switzerland in Ebikon bei Luzern sind rund 75 Prozent der Retailfl\u00e4chen vermietet.","og_url":"https:\/\/www.immobilienbusiness.ch\/de\/retail\/2017-05-11\/mall-of-switzerland-75-prozent-der-flaechen-sind-vermietet\/","og_site_name":"IMMOBILIEN Business","article_publisher":"https:\/\/www.facebook.com\/immobilienbusiness\/","article_published_time":"2017-05-11T06:51:51+00:00","og_image":[{"width":1024,"height":683,"url":"https:\/\/www.immobilienbusiness.ch\/wp-content\/uploads\/2017\/05\/mall-of-switzerland-innen-1024x683.jpg","type":"image\/jpeg"}],"author":"anja.hall","twitter_card":"summary_large_image","twitter_title":"Mall of Switzerland: 75 Prozent der Fl\u00e4chen sind vermietet","twitter_description":"Ein gutes halbes Jahr vor Er\u00f6ffnung der Mall of Switzerland in Ebikon bei Luzern sind rund 75 Prozent der Retailfl\u00e4chen vermietet.","twitter_image":"https:\/\/www.immobilienbusiness.ch\/wp-content\/uploads\/2017\/05\/mall-of-switzerland-innen.jpg","schema":{"@context":"https:\/\/schema.org","@graph":[{"@type":"Article","@id":"https:\/\/www.immobilienbusiness.ch\/retail\/2017-05-11\/mall-of-switzerland-75-prozent-der-flaechen-sind-vermietet\/#article","isPartOf":{"@id":"https:\/\/www.immobilienbusiness.ch\/retail\/2017-05-11\/mall-of-switzerland-75-prozent-der-flaechen-sind-vermietet\/"},"author":{"name":"anja.hall","@id":"https:\/\/www.immobilienbusiness.ch\/#\/schema\/person\/3fc036297b10b9f42d6db5ee932af8c8"},"headline":"Mall of Switzerland: 75 Prozent der Fl\u00e4chen sind vermietet","datePublished":"2017-05-11T06:51:51+00:00","mainEntityOfPage":{"@id":"https:\/\/www.immobilienbusiness.ch\/retail\/2017-05-11\/mall-of-switzerland-75-prozent-der-flaechen-sind-vermietet\/"},"wordCount":218,"commentCount":1,"publisher":{"@id":"https:\/\/www.immobilienbusiness.ch\/#organization"},"image":{"@id":"https:\/\/www.immobilienbusiness.ch\/retail\/2017-05-11\/mall-of-switzerland-75-prozent-der-flaechen-sind-vermietet\/#primaryimage"},"thumbnailUrl":"https:\/\/www.immobilienbusiness.ch\/wp-content\/uploads\/2017\/05\/mall-of-switzerland-innen.jpg","keywords":["Mall of Switzerland","Retail","Vermietung"],"articleSection":["RETAIL"],"inLanguage":"de"},{"@type":"WebPage","@id":"https:\/\/www.immobilienbusiness.ch\/retail\/2017-05-11\/mall-of-switzerland-75-prozent-der-flaechen-sind-vermietet\/","url":"https:\/\/www.immobilienbusiness.ch\/retail\/2017-05-11\/mall-of-switzerland-75-prozent-der-flaechen-sind-vermietet\/","name":"Mall of Switzerland: 75 Prozent der Fl\u00e4chen sind vermietet - IMMOBILIEN Business","isPartOf":{"@id":"https:\/\/www.immobilienbusiness.ch\/#website"},"primaryImageOfPage":{"@id":"https:\/\/www.immobilienbusiness.ch\/retail\/2017-05-11\/mall-of-switzerland-75-prozent-der-flaechen-sind-vermietet\/#primaryimage"},"image":{"@id":"https:\/\/www.immobilienbusiness.ch\/retail\/2017-05-11\/mall-of-switzerland-75-prozent-der-flaechen-sind-vermietet\/#primaryimage"},"thumbnailUrl":"https:\/\/www.immobilienbusiness.ch\/wp-content\/uploads\/2017\/05\/mall-of-switzerland-innen.jpg","datePublished":"2017-05-11T06:51:51+00:00","description":"Ein gutes halbes Jahr vor Er\u00f6ffnung der Mall of Switzerland in Ebikon bei Luzern sind rund 75 Prozent der Retailfl\u00e4chen vermietet.","breadcrumb":{"@id":"https:\/\/www.immobilienbusiness.ch\/retail\/2017-05-11\/mall-of-switzerland-75-prozent-der-flaechen-sind-vermietet\/#breadcrumb"},"inLanguage":"de","potentialAction":[{"@type":"ReadAction","target":["https:\/\/www.immobilienbusiness.ch\/retail\/2017-05-11\/mall-of-switzerland-75-prozent-der-flaechen-sind-vermietet\/"]}]},{"@type":"ImageObject","inLanguage":"de","@id":"https:\/\/www.immobilienbusiness.ch\/retail\/2017-05-11\/mall-of-switzerland-75-prozent-der-flaechen-sind-vermietet\/#primaryimage","url":"https:\/\/www.immobilienbusiness.ch\/wp-content\/uploads\/2017\/05\/mall-of-switzerland-innen.jpg","contentUrl":"https:\/\/www.immobilienbusiness.ch\/wp-content\/uploads\/2017\/05\/mall-of-switzerland-innen.jpg","width":2560,"height":1708,"caption":"Innenansicht der Mall of Switzerland (Rendering: Mall of Switzerland"},{"@type":"BreadcrumbList","@id":"https:\/\/www.immobilienbusiness.ch\/retail\/2017-05-11\/mall-of-switzerland-75-prozent-der-flaechen-sind-vermietet\/#breadcrumb","itemListElement":[{"@type":"ListItem","position":1,"name":"Home","item":"https:\/\/www.immobilienbusiness.ch\/"},{"@type":"ListItem","position":2,"name":"Mall of Switzerland: 75 Prozent der Fl\u00e4chen sind vermietet"}]},{"@type":"WebSite","@id":"https:\/\/www.immobilienbusiness.ch\/#website","url":"https:\/\/www.immobilienbusiness.ch\/","name":"IMMOBILIEN Business","description":"Unabh\u00e4ngiges Schweizer Wirtschaftsmagazin mit Fokus auf Immobilien, Architektur- und Bau sowie Investment- und Finanzierung.","publisher":{"@id":"https:\/\/www.immobilienbusiness.ch\/#organization"},"potentialAction":[{"@type":"SearchAction","target":{"@type":"EntryPoint","urlTemplate":"https:\/\/www.immobilienbusiness.ch\/?s={search_term_string}"},"query-input":{"@type":"PropertyValueSpecification","valueRequired":true,"valueName":"search_term_string"}}],"inLanguage":"de"},{"@type":"Organization","@id":"https:\/\/www.immobilienbusiness.ch\/#organization","name":"IMMOBILIEN Business","url":"https:\/\/www.immobilienbusiness.ch\/","logo":{"@type":"ImageObject","inLanguage":"de","@id":"https:\/\/www.immobilienbusiness.ch\/#\/schema\/logo\/image\/","url":"https:\/\/www.immobilienbusiness.ch\/wp-content\/uploads\/2021\/07\/logo_ib.png","contentUrl":"https:\/\/www.immobilienbusiness.ch\/wp-content\/uploads\/2021\/07\/logo_ib.png","width":800,"height":181,"caption":"IMMOBILIEN Business"},"image":{"@id":"https:\/\/www.immobilienbusiness.ch\/#\/schema\/logo\/image\/"},"sameAs":["https:\/\/www.facebook.com\/immobilienbusiness\/"]},{"@type":"Person","@id":"https:\/\/www.immobilienbusiness.ch\/#\/schema\/person\/3fc036297b10b9f42d6db5ee932af8c8","name":"anja.hall","image":{"@type":"ImageObject","inLanguage":"de","@id":"https:\/\/secure.gravatar.com\/avatar\/066b5a0d447013502c71a5782f4f3469f03cfe595cc2329fb94652fe47511bfb?s=96&d=mm&r=g","url":"https:\/\/secure.gravatar.com\/avatar\/066b5a0d447013502c71a5782f4f3469f03cfe595cc2329fb94652fe47511bfb?s=96&d=mm&r=g","contentUrl":"https:\/\/secure.gravatar.com\/avatar\/066b5a0d447013502c71a5782f4f3469f03cfe595cc2329fb94652fe47511bfb?s=96&d=mm&r=g","caption":"anja.hall"},"url":"https:\/\/www.immobilienbusiness.ch\/de\/author\/anja-hall\/"}]}},"_links":{"self":[{"href":"https:\/\/www.immobilienbusiness.ch\/de\/wp-json\/wp\/v2\/posts\/7526","targetHints":{"allow":["GET"]}}],"collection":[{"href":"https:\/\/www.immobilienbusiness.ch\/de\/wp-json\/wp\/v2\/posts"}],"about":[{"href":"https:\/\/www.immobilienbusiness.ch\/de\/wp-json\/wp\/v2\/types\/post"}],"author":[{"embeddable":true,"href":"https:\/\/www.immobilienbusiness.ch\/de\/wp-json\/wp\/v2\/users\/3"}],"replies":[{"embeddable":true,"href":"https:\/\/www.immobilienbusiness.ch\/de\/wp-json\/wp\/v2\/comments?post=7526"}],"version-history":[{"count":0,"href":"https:\/\/www.immobilienbusiness.ch\/de\/wp-json\/wp\/v2\/posts\/7526\/revisions"}],"wp:featuredmedia":[{"embeddable":true,"href":"https:\/\/www.immobilienbusiness.ch\/de\/wp-json\/wp\/v2\/media\/7528"}],"wp:attachment":[{"href":"https:\/\/www.immobilienbusiness.ch\/de\/wp-json\/wp\/v2\/media?parent=7526"}],"wp:term":[{"taxonomy":"category","embeddable":true,"href":"https:\/\/www.immobilienbusiness.ch\/de\/wp-json\/wp\/v2\/categories?post=7526"},{"taxonomy":"post_tag","embeddable":true,"href":"https:\/\/www.immobilienbusiness.ch\/de\/wp-json\/wp\/v2\/tags?post=7526"}],"curies":[{"name":"wp","href":"https:\/\/api.w.org\/{rel}","templated":true}]}}