{"id":7342,"date":"2017-04-28T09:08:33","date_gmt":"2017-04-28T07:08:33","guid":{"rendered":"https:\/\/www.immobilienbusiness.ch\/?p=7342"},"modified":"2017-04-28T09:08:33","modified_gmt":"2017-04-28T07:08:33","slug":"hrs-baut-bereich-kommunikation-aus","status":"publish","type":"post","link":"https:\/\/www.immobilienbusiness.ch\/de\/unternehmen\/2017-04-28\/hrs-baut-bereich-kommunikation-aus\/","title":{"rendered":"HRS baut den Bereich Kommunikation aus"},"content":{"rendered":"<figure id=\"attachment_6166\" aria-describedby=\"caption-attachment-6166\" style=\"width: 680px\" class=\"wp-caption alignnone\"><img loading=\"lazy\" decoding=\"async\" class=\"size-medium wp-image-6166\" src=\"https:\/\/www.immobilienbusiness.ch\/wp-content\/uploads\/2017\/02\/Depositphotos_52470619_l-2015.jpg\" alt=\"\" width=\"680\" height=\"527\" srcset=\"https:\/\/www.immobilienbusiness.ch\/wp-content\/uploads\/2017\/02\/Depositphotos_52470619_l-2015.jpg 2000w, https:\/\/www.immobilienbusiness.ch\/wp-content\/uploads\/2017\/02\/Depositphotos_52470619_l-2015-300x232.jpg 300w, https:\/\/www.immobilienbusiness.ch\/wp-content\/uploads\/2017\/02\/Depositphotos_52470619_l-2015-1024x793.jpg 1024w, https:\/\/www.immobilienbusiness.ch\/wp-content\/uploads\/2017\/02\/Depositphotos_52470619_l-2015-768x595.jpg 768w, https:\/\/www.immobilienbusiness.ch\/wp-content\/uploads\/2017\/02\/Depositphotos_52470619_l-2015-1536x1190.jpg 1536w, https:\/\/www.immobilienbusiness.ch\/wp-content\/uploads\/2017\/02\/Depositphotos_52470619_l-2015-16x12.jpg 16w, https:\/\/www.immobilienbusiness.ch\/wp-content\/uploads\/2017\/02\/Depositphotos_52470619_l-2015-226x175.jpg 226w, https:\/\/www.immobilienbusiness.ch\/wp-content\/uploads\/2017\/02\/Depositphotos_52470619_l-2015-452x350.jpg 452w, https:\/\/www.immobilienbusiness.ch\/wp-content\/uploads\/2017\/02\/Depositphotos_52470619_l-2015-1033x800.jpg 1033w, https:\/\/www.immobilienbusiness.ch\/wp-content\/uploads\/2017\/02\/Depositphotos_52470619_l-2015-920x713.jpg 920w, https:\/\/www.immobilienbusiness.ch\/wp-content\/uploads\/2017\/02\/Depositphotos_52470619_l-2015-1400x1084.jpg 1400w, https:\/\/www.immobilienbusiness.ch\/wp-content\/uploads\/2017\/02\/Depositphotos_52470619_l-2015-1808x1400.jpg 1808w\" sizes=\"auto, (max-width: 680px) 100vw, 680px\" \/><figcaption id=\"caption-attachment-6166\" class=\"wp-caption-text\">HRS stellt den Bereich Kommunikation und Marketing neu auf (Foto: Rawpixel &#8211; depositphotos)<\/figcaption><\/figure>\n<p>Die HRS Real Estate AG verspricht sich von dem neu organisierten Bereich Marketing und Kommunikation zum einen eine bessere Positionierung des Unternehmens, zum anderen eine Entlastung der obersten F\u00fchrungsebene.<\/p>\n<p>Als Leiter des Bereichs wird Andreas Netzle (57) ab August 2017 Mitglied der Gesch\u00e4ftsleitung des inhabergef\u00fchrten Immobilienentwicklers und Totalunternehmers. Patrick Suvada (40) wird neuer Marketingleiter bei der HRS.<\/p>\n<p>Netzle war Chefredaktor verschiedener Tageszeitungen, zuletzt der <em>Thurgauer Zeitung<\/em>, und ist derzeit Stadtpr\u00e4sident von Kreuzlingen. Anfang April k\u00fcndigte er seinen R\u00fccktritt vom politischen Amt an.<\/p>\n<p>Suvada, der neue Marketingleiter im Ressort, verf\u00fcgt \u00fcber langj\u00e4hrige Marketingerfahrung in verschiedenen Branchen und war in gleicher Funktion unter anderem beim Schweizerischen Baumeisterverband (SBV) mit Sitz in Z\u00fcrich t\u00e4tig.<\/p>\n<p>Mit dieser personellen Verst\u00e4rkung wollen sich Martin Kull, Inhaber, Vize-VRP und CEO der HRS, und Rebecca Zuber, Inhaberin, VR-Mitglied und COO, vom Bereich Marketing und Kommunikation entlasten, um sich noch mehr f\u00fcr die Weiterentwicklung des Unternehmens, die Immobilienentwicklung und die Abwicklung der Projekte einsetzen zu k\u00f6nnen, teilt das Unternehmen mit.<\/p>\n<p>HRS hat in diesem Jahr unter anderem den Zuschlag f\u00fcr <a href=\"https:\/\/www.immobilienbusiness.ch\/hrs-baut-zuerichs-neues-polizei-und-justizzentrum\/\">die Realisierung der Grossprojekte Polizei- und Justizzentrum Z\u00fcrich<\/a> und das Flughafenterminal Genf gewonnen. Das Frauenfelder Unternehmen ist in der ganzen Schweiz t\u00e4tig und an 14 Standorten in allen drei Landesteilen sowie in Liechtenstein vertreten.<\/p>\n","protected":false},"excerpt":{"rendered":"<p>Die HRS Real Estate siedelt den Bereich Kommunikation neu auf der Stufe der Gesch\u00e4ftsleitung an. Leiter des Bereichs wird Andreas Netzle.<\/p>\n","protected":false},"author":3,"featured_media":6166,"comment_status":"open","ping_status":"open","sticky":false,"template":"","format":"standard","meta":{"_acf_changed":false,"_yoast_wpseo_focuskw":"HRS","_yoast_wpseo_title":"","_yoast_wpseo_metadesc":"Die HRS Real Estate siedelt den Bereich Kommunikation neu auf der Stufe der Gesch\u00e4ftsleitung an. Leiter des Bereichs wird Andreas Netzle.","_yoast_wpseo_linkdex":90,"pgc_sgb_lightbox_settings":"","footnotes":""},"categories":[988],"tags":[1563,1807],"class_list":["post-7342","post","type-post","status-publish","format-standard","has-post-thumbnail","hentry","category-unternehmen","tag-personalia","tag-unternehmen"],"acf":[],"yoast_head":"<!-- This site is optimized with the Yoast SEO plugin v27.4 - https:\/\/yoast.com\/product\/yoast-seo-wordpress\/ -->\n<title>HRS baut den Bereich Kommunikation aus - IMMOBILIEN Business<\/title>\n<meta name=\"description\" content=\"Die HRS Real Estate siedelt den Bereich Kommunikation neu auf der Stufe der Gesch\u00e4ftsleitung an. Leiter des Bereichs wird Andreas Netzle.\" \/>\n<meta name=\"robots\" content=\"index, follow, max-snippet:-1, max-image-preview:large, max-video-preview:-1\" \/>\n<link rel=\"canonical\" href=\"https:\/\/www.immobilienbusiness.ch\/de\/unternehmen\/2017-04-28\/hrs-baut-bereich-kommunikation-aus\/\" \/>\n<meta property=\"og:locale\" content=\"de_DE\" \/>\n<meta property=\"og:type\" content=\"article\" \/>\n<meta property=\"og:title\" content=\"HRS baut den Bereich Kommunikation aus\" \/>\n<meta property=\"og:description\" content=\"Die HRS Real Estate siedelt den Bereich Kommunikation neu auf der Stufe der Gesch\u00e4ftsleitung an. Leiter des Bereichs wird Andreas Netzle.\" \/>\n<meta property=\"og:url\" content=\"https:\/\/www.immobilienbusiness.ch\/de\/unternehmen\/2017-04-28\/hrs-baut-bereich-kommunikation-aus\/\" \/>\n<meta property=\"og:site_name\" content=\"IMMOBILIEN Business\" \/>\n<meta property=\"article:publisher\" content=\"https:\/\/www.facebook.com\/immobilienbusiness\/\" \/>\n<meta property=\"article:published_time\" content=\"2017-04-28T07:08:33+00:00\" \/>\n<meta property=\"og:image\" content=\"https:\/\/www.immobilienbusiness.ch\/wp-content\/uploads\/2017\/02\/Depositphotos_52470619_l-2015-1024x793.jpg\" \/>\n\t<meta property=\"og:image:width\" content=\"1024\" \/>\n\t<meta property=\"og:image:height\" content=\"793\" \/>\n\t<meta property=\"og:image:type\" content=\"image\/jpeg\" \/>\n<meta name=\"author\" content=\"anja.hall\" \/>\n<meta name=\"twitter:card\" content=\"summary_large_image\" \/>\n<meta name=\"twitter:title\" content=\"HRS baut den Bereich Kommunikation aus\" \/>\n<meta name=\"twitter:description\" content=\"Die HRS Real Estate siedelt den Bereich Kommunikation neu auf der Stufe der Gesch\u00e4ftsleitung an. Leiter des Bereichs wird Andreas Netzle.\" \/>\n<meta name=\"twitter:image\" content=\"https:\/\/www.immobilienbusiness.ch\/wp-content\/uploads\/2017\/02\/Depositphotos_52470619_l-2015.jpg\" \/>\n<script type=\"application\/ld+json\" class=\"yoast-schema-graph\">{\"@context\":\"https:\\\/\\\/schema.org\",\"@graph\":[{\"@type\":\"Article\",\"@id\":\"https:\\\/\\\/www.immobilienbusiness.ch\\\/unternehmen\\\/2017-04-28\\\/hrs-baut-bereich-kommunikation-aus\\\/#article\",\"isPartOf\":{\"@id\":\"https:\\\/\\\/www.immobilienbusiness.ch\\\/unternehmen\\\/2017-04-28\\\/hrs-baut-bereich-kommunikation-aus\\\/\"},\"author\":{\"name\":\"anja.hall\",\"@id\":\"https:\\\/\\\/www.immobilienbusiness.ch\\\/#\\\/schema\\\/person\\\/3fc036297b10b9f42d6db5ee932af8c8\"},\"headline\":\"HRS baut den Bereich Kommunikation aus\",\"datePublished\":\"2017-04-28T07:08:33+00:00\",\"mainEntityOfPage\":{\"@id\":\"https:\\\/\\\/www.immobilienbusiness.ch\\\/unternehmen\\\/2017-04-28\\\/hrs-baut-bereich-kommunikation-aus\\\/\"},\"wordCount\":243,\"commentCount\":0,\"publisher\":{\"@id\":\"https:\\\/\\\/www.immobilienbusiness.ch\\\/#organization\"},\"image\":{\"@id\":\"https:\\\/\\\/www.immobilienbusiness.ch\\\/unternehmen\\\/2017-04-28\\\/hrs-baut-bereich-kommunikation-aus\\\/#primaryimage\"},\"thumbnailUrl\":\"https:\\\/\\\/www.immobilienbusiness.ch\\\/wp-content\\\/uploads\\\/2017\\\/02\\\/Depositphotos_52470619_l-2015.jpg\",\"keywords\":[\"Personalia\",\"Unternehmen\"],\"articleSection\":[\"UNTERNEHMEN\"],\"inLanguage\":\"de\"},{\"@type\":\"WebPage\",\"@id\":\"https:\\\/\\\/www.immobilienbusiness.ch\\\/unternehmen\\\/2017-04-28\\\/hrs-baut-bereich-kommunikation-aus\\\/\",\"url\":\"https:\\\/\\\/www.immobilienbusiness.ch\\\/unternehmen\\\/2017-04-28\\\/hrs-baut-bereich-kommunikation-aus\\\/\",\"name\":\"HRS baut den Bereich Kommunikation aus - IMMOBILIEN Business\",\"isPartOf\":{\"@id\":\"https:\\\/\\\/www.immobilienbusiness.ch\\\/#website\"},\"primaryImageOfPage\":{\"@id\":\"https:\\\/\\\/www.immobilienbusiness.ch\\\/unternehmen\\\/2017-04-28\\\/hrs-baut-bereich-kommunikation-aus\\\/#primaryimage\"},\"image\":{\"@id\":\"https:\\\/\\\/www.immobilienbusiness.ch\\\/unternehmen\\\/2017-04-28\\\/hrs-baut-bereich-kommunikation-aus\\\/#primaryimage\"},\"thumbnailUrl\":\"https:\\\/\\\/www.immobilienbusiness.ch\\\/wp-content\\\/uploads\\\/2017\\\/02\\\/Depositphotos_52470619_l-2015.jpg\",\"datePublished\":\"2017-04-28T07:08:33+00:00\",\"description\":\"Die HRS Real Estate siedelt den Bereich Kommunikation neu auf der Stufe der Gesch\u00e4ftsleitung an. Leiter des Bereichs wird Andreas Netzle.\",\"breadcrumb\":{\"@id\":\"https:\\\/\\\/www.immobilienbusiness.ch\\\/unternehmen\\\/2017-04-28\\\/hrs-baut-bereich-kommunikation-aus\\\/#breadcrumb\"},\"inLanguage\":\"de\",\"potentialAction\":[{\"@type\":\"ReadAction\",\"target\":[\"https:\\\/\\\/www.immobilienbusiness.ch\\\/unternehmen\\\/2017-04-28\\\/hrs-baut-bereich-kommunikation-aus\\\/\"]}]},{\"@type\":\"ImageObject\",\"inLanguage\":\"de\",\"@id\":\"https:\\\/\\\/www.immobilienbusiness.ch\\\/unternehmen\\\/2017-04-28\\\/hrs-baut-bereich-kommunikation-aus\\\/#primaryimage\",\"url\":\"https:\\\/\\\/www.immobilienbusiness.ch\\\/wp-content\\\/uploads\\\/2017\\\/02\\\/Depositphotos_52470619_l-2015.jpg\",\"contentUrl\":\"https:\\\/\\\/www.immobilienbusiness.ch\\\/wp-content\\\/uploads\\\/2017\\\/02\\\/Depositphotos_52470619_l-2015.jpg\",\"width\":2000,\"height\":1549,\"caption\":\"HRS stellt den Bereich Kommunikation und Marketing neu auf (Foto: Rawpixel - depositphotos)\"},{\"@type\":\"BreadcrumbList\",\"@id\":\"https:\\\/\\\/www.immobilienbusiness.ch\\\/unternehmen\\\/2017-04-28\\\/hrs-baut-bereich-kommunikation-aus\\\/#breadcrumb\",\"itemListElement\":[{\"@type\":\"ListItem\",\"position\":1,\"name\":\"Home\",\"item\":\"https:\\\/\\\/www.immobilienbusiness.ch\\\/\"},{\"@type\":\"ListItem\",\"position\":2,\"name\":\"HRS baut den Bereich Kommunikation aus\"}]},{\"@type\":\"WebSite\",\"@id\":\"https:\\\/\\\/www.immobilienbusiness.ch\\\/#website\",\"url\":\"https:\\\/\\\/www.immobilienbusiness.ch\\\/\",\"name\":\"IMMOBILIEN Business\",\"description\":\"Unabh\u00e4ngiges Schweizer Wirtschaftsmagazin mit Fokus auf Immobilien, Architektur- und Bau sowie Investment- und Finanzierung.\",\"publisher\":{\"@id\":\"https:\\\/\\\/www.immobilienbusiness.ch\\\/#organization\"},\"potentialAction\":[{\"@type\":\"SearchAction\",\"target\":{\"@type\":\"EntryPoint\",\"urlTemplate\":\"https:\\\/\\\/www.immobilienbusiness.ch\\\/?s={search_term_string}\"},\"query-input\":{\"@type\":\"PropertyValueSpecification\",\"valueRequired\":true,\"valueName\":\"search_term_string\"}}],\"inLanguage\":\"de\"},{\"@type\":\"Organization\",\"@id\":\"https:\\\/\\\/www.immobilienbusiness.ch\\\/#organization\",\"name\":\"IMMOBILIEN Business\",\"url\":\"https:\\\/\\\/www.immobilienbusiness.ch\\\/\",\"logo\":{\"@type\":\"ImageObject\",\"inLanguage\":\"de\",\"@id\":\"https:\\\/\\\/www.immobilienbusiness.ch\\\/#\\\/schema\\\/logo\\\/image\\\/\",\"url\":\"https:\\\/\\\/www.immobilienbusiness.ch\\\/wp-content\\\/uploads\\\/2021\\\/07\\\/logo_ib.png\",\"contentUrl\":\"https:\\\/\\\/www.immobilienbusiness.ch\\\/wp-content\\\/uploads\\\/2021\\\/07\\\/logo_ib.png\",\"width\":800,\"height\":181,\"caption\":\"IMMOBILIEN Business\"},\"image\":{\"@id\":\"https:\\\/\\\/www.immobilienbusiness.ch\\\/#\\\/schema\\\/logo\\\/image\\\/\"},\"sameAs\":[\"https:\\\/\\\/www.facebook.com\\\/immobilienbusiness\\\/\"]},{\"@type\":\"Person\",\"@id\":\"https:\\\/\\\/www.immobilienbusiness.ch\\\/#\\\/schema\\\/person\\\/3fc036297b10b9f42d6db5ee932af8c8\",\"name\":\"anja.hall\",\"image\":{\"@type\":\"ImageObject\",\"inLanguage\":\"de\",\"@id\":\"https:\\\/\\\/secure.gravatar.com\\\/avatar\\\/066b5a0d447013502c71a5782f4f3469f03cfe595cc2329fb94652fe47511bfb?s=96&d=mm&r=g\",\"url\":\"https:\\\/\\\/secure.gravatar.com\\\/avatar\\\/066b5a0d447013502c71a5782f4f3469f03cfe595cc2329fb94652fe47511bfb?s=96&d=mm&r=g\",\"contentUrl\":\"https:\\\/\\\/secure.gravatar.com\\\/avatar\\\/066b5a0d447013502c71a5782f4f3469f03cfe595cc2329fb94652fe47511bfb?s=96&d=mm&r=g\",\"caption\":\"anja.hall\"},\"url\":\"https:\\\/\\\/www.immobilienbusiness.ch\\\/de\\\/author\\\/anja-hall\\\/\"}]}<\/script>\n<!-- \/ Yoast SEO plugin. -->","yoast_head_json":{"title":"HRS baut den Bereich Kommunikation aus - IMMOBILIEN Business","description":"Die HRS Real Estate siedelt den Bereich Kommunikation neu auf der Stufe der Gesch\u00e4ftsleitung an. Leiter des Bereichs wird Andreas Netzle.","robots":{"index":"index","follow":"follow","max-snippet":"max-snippet:-1","max-image-preview":"max-image-preview:large","max-video-preview":"max-video-preview:-1"},"canonical":"https:\/\/www.immobilienbusiness.ch\/de\/unternehmen\/2017-04-28\/hrs-baut-bereich-kommunikation-aus\/","og_locale":"de_DE","og_type":"article","og_title":"HRS baut den Bereich Kommunikation aus","og_description":"Die HRS Real Estate siedelt den Bereich Kommunikation neu auf der Stufe der Gesch\u00e4ftsleitung an. Leiter des Bereichs wird Andreas Netzle.","og_url":"https:\/\/www.immobilienbusiness.ch\/de\/unternehmen\/2017-04-28\/hrs-baut-bereich-kommunikation-aus\/","og_site_name":"IMMOBILIEN Business","article_publisher":"https:\/\/www.facebook.com\/immobilienbusiness\/","article_published_time":"2017-04-28T07:08:33+00:00","og_image":[{"width":1024,"height":793,"url":"https:\/\/www.immobilienbusiness.ch\/wp-content\/uploads\/2017\/02\/Depositphotos_52470619_l-2015-1024x793.jpg","type":"image\/jpeg"}],"author":"anja.hall","twitter_card":"summary_large_image","twitter_title":"HRS baut den Bereich Kommunikation aus","twitter_description":"Die HRS Real Estate siedelt den Bereich Kommunikation neu auf der Stufe der Gesch\u00e4ftsleitung an. Leiter des Bereichs wird Andreas Netzle.","twitter_image":"https:\/\/www.immobilienbusiness.ch\/wp-content\/uploads\/2017\/02\/Depositphotos_52470619_l-2015.jpg","schema":{"@context":"https:\/\/schema.org","@graph":[{"@type":"Article","@id":"https:\/\/www.immobilienbusiness.ch\/unternehmen\/2017-04-28\/hrs-baut-bereich-kommunikation-aus\/#article","isPartOf":{"@id":"https:\/\/www.immobilienbusiness.ch\/unternehmen\/2017-04-28\/hrs-baut-bereich-kommunikation-aus\/"},"author":{"name":"anja.hall","@id":"https:\/\/www.immobilienbusiness.ch\/#\/schema\/person\/3fc036297b10b9f42d6db5ee932af8c8"},"headline":"HRS baut den Bereich Kommunikation aus","datePublished":"2017-04-28T07:08:33+00:00","mainEntityOfPage":{"@id":"https:\/\/www.immobilienbusiness.ch\/unternehmen\/2017-04-28\/hrs-baut-bereich-kommunikation-aus\/"},"wordCount":243,"commentCount":0,"publisher":{"@id":"https:\/\/www.immobilienbusiness.ch\/#organization"},"image":{"@id":"https:\/\/www.immobilienbusiness.ch\/unternehmen\/2017-04-28\/hrs-baut-bereich-kommunikation-aus\/#primaryimage"},"thumbnailUrl":"https:\/\/www.immobilienbusiness.ch\/wp-content\/uploads\/2017\/02\/Depositphotos_52470619_l-2015.jpg","keywords":["Personalia","Unternehmen"],"articleSection":["UNTERNEHMEN"],"inLanguage":"de"},{"@type":"WebPage","@id":"https:\/\/www.immobilienbusiness.ch\/unternehmen\/2017-04-28\/hrs-baut-bereich-kommunikation-aus\/","url":"https:\/\/www.immobilienbusiness.ch\/unternehmen\/2017-04-28\/hrs-baut-bereich-kommunikation-aus\/","name":"HRS baut den Bereich Kommunikation aus - IMMOBILIEN Business","isPartOf":{"@id":"https:\/\/www.immobilienbusiness.ch\/#website"},"primaryImageOfPage":{"@id":"https:\/\/www.immobilienbusiness.ch\/unternehmen\/2017-04-28\/hrs-baut-bereich-kommunikation-aus\/#primaryimage"},"image":{"@id":"https:\/\/www.immobilienbusiness.ch\/unternehmen\/2017-04-28\/hrs-baut-bereich-kommunikation-aus\/#primaryimage"},"thumbnailUrl":"https:\/\/www.immobilienbusiness.ch\/wp-content\/uploads\/2017\/02\/Depositphotos_52470619_l-2015.jpg","datePublished":"2017-04-28T07:08:33+00:00","description":"Die HRS Real Estate siedelt den Bereich Kommunikation neu auf der Stufe der Gesch\u00e4ftsleitung an. Leiter des Bereichs wird Andreas Netzle.","breadcrumb":{"@id":"https:\/\/www.immobilienbusiness.ch\/unternehmen\/2017-04-28\/hrs-baut-bereich-kommunikation-aus\/#breadcrumb"},"inLanguage":"de","potentialAction":[{"@type":"ReadAction","target":["https:\/\/www.immobilienbusiness.ch\/unternehmen\/2017-04-28\/hrs-baut-bereich-kommunikation-aus\/"]}]},{"@type":"ImageObject","inLanguage":"de","@id":"https:\/\/www.immobilienbusiness.ch\/unternehmen\/2017-04-28\/hrs-baut-bereich-kommunikation-aus\/#primaryimage","url":"https:\/\/www.immobilienbusiness.ch\/wp-content\/uploads\/2017\/02\/Depositphotos_52470619_l-2015.jpg","contentUrl":"https:\/\/www.immobilienbusiness.ch\/wp-content\/uploads\/2017\/02\/Depositphotos_52470619_l-2015.jpg","width":2000,"height":1549,"caption":"HRS stellt den Bereich Kommunikation und Marketing neu auf (Foto: Rawpixel - depositphotos)"},{"@type":"BreadcrumbList","@id":"https:\/\/www.immobilienbusiness.ch\/unternehmen\/2017-04-28\/hrs-baut-bereich-kommunikation-aus\/#breadcrumb","itemListElement":[{"@type":"ListItem","position":1,"name":"Home","item":"https:\/\/www.immobilienbusiness.ch\/"},{"@type":"ListItem","position":2,"name":"HRS baut den Bereich Kommunikation aus"}]},{"@type":"WebSite","@id":"https:\/\/www.immobilienbusiness.ch\/#website","url":"https:\/\/www.immobilienbusiness.ch\/","name":"IMMOBILIEN Business","description":"Unabh\u00e4ngiges Schweizer Wirtschaftsmagazin mit Fokus auf Immobilien, Architektur- und Bau sowie Investment- und Finanzierung.","publisher":{"@id":"https:\/\/www.immobilienbusiness.ch\/#organization"},"potentialAction":[{"@type":"SearchAction","target":{"@type":"EntryPoint","urlTemplate":"https:\/\/www.immobilienbusiness.ch\/?s={search_term_string}"},"query-input":{"@type":"PropertyValueSpecification","valueRequired":true,"valueName":"search_term_string"}}],"inLanguage":"de"},{"@type":"Organization","@id":"https:\/\/www.immobilienbusiness.ch\/#organization","name":"IMMOBILIEN Business","url":"https:\/\/www.immobilienbusiness.ch\/","logo":{"@type":"ImageObject","inLanguage":"de","@id":"https:\/\/www.immobilienbusiness.ch\/#\/schema\/logo\/image\/","url":"https:\/\/www.immobilienbusiness.ch\/wp-content\/uploads\/2021\/07\/logo_ib.png","contentUrl":"https:\/\/www.immobilienbusiness.ch\/wp-content\/uploads\/2021\/07\/logo_ib.png","width":800,"height":181,"caption":"IMMOBILIEN Business"},"image":{"@id":"https:\/\/www.immobilienbusiness.ch\/#\/schema\/logo\/image\/"},"sameAs":["https:\/\/www.facebook.com\/immobilienbusiness\/"]},{"@type":"Person","@id":"https:\/\/www.immobilienbusiness.ch\/#\/schema\/person\/3fc036297b10b9f42d6db5ee932af8c8","name":"anja.hall","image":{"@type":"ImageObject","inLanguage":"de","@id":"https:\/\/secure.gravatar.com\/avatar\/066b5a0d447013502c71a5782f4f3469f03cfe595cc2329fb94652fe47511bfb?s=96&d=mm&r=g","url":"https:\/\/secure.gravatar.com\/avatar\/066b5a0d447013502c71a5782f4f3469f03cfe595cc2329fb94652fe47511bfb?s=96&d=mm&r=g","contentUrl":"https:\/\/secure.gravatar.com\/avatar\/066b5a0d447013502c71a5782f4f3469f03cfe595cc2329fb94652fe47511bfb?s=96&d=mm&r=g","caption":"anja.hall"},"url":"https:\/\/www.immobilienbusiness.ch\/de\/author\/anja-hall\/"}]}},"_links":{"self":[{"href":"https:\/\/www.immobilienbusiness.ch\/de\/wp-json\/wp\/v2\/posts\/7342","targetHints":{"allow":["GET"]}}],"collection":[{"href":"https:\/\/www.immobilienbusiness.ch\/de\/wp-json\/wp\/v2\/posts"}],"about":[{"href":"https:\/\/www.immobilienbusiness.ch\/de\/wp-json\/wp\/v2\/types\/post"}],"author":[{"embeddable":true,"href":"https:\/\/www.immobilienbusiness.ch\/de\/wp-json\/wp\/v2\/users\/3"}],"replies":[{"embeddable":true,"href":"https:\/\/www.immobilienbusiness.ch\/de\/wp-json\/wp\/v2\/comments?post=7342"}],"version-history":[{"count":0,"href":"https:\/\/www.immobilienbusiness.ch\/de\/wp-json\/wp\/v2\/posts\/7342\/revisions"}],"wp:featuredmedia":[{"embeddable":true,"href":"https:\/\/www.immobilienbusiness.ch\/de\/wp-json\/wp\/v2\/media\/6166"}],"wp:attachment":[{"href":"https:\/\/www.immobilienbusiness.ch\/de\/wp-json\/wp\/v2\/media?parent=7342"}],"wp:term":[{"taxonomy":"category","embeddable":true,"href":"https:\/\/www.immobilienbusiness.ch\/de\/wp-json\/wp\/v2\/categories?post=7342"},{"taxonomy":"post_tag","embeddable":true,"href":"https:\/\/www.immobilienbusiness.ch\/de\/wp-json\/wp\/v2\/tags?post=7342"}],"curies":[{"name":"wp","href":"https:\/\/api.w.org\/{rel}","templated":true}]}}