{"id":7322,"date":"2017-04-27T09:31:23","date_gmt":"2017-04-27T07:31:23","guid":{"rendered":"https:\/\/www.immobilienbusiness.ch\/?p=7322"},"modified":"2017-04-27T09:31:23","modified_gmt":"2017-04-27T07:31:23","slug":"solothurn-spa-immobilie-couronne-eroeffnung","status":"publish","type":"post","link":"https:\/\/www.immobilienbusiness.ch\/de\/regionen\/2017-04-27\/solothurn-spa-immobilie-couronne-eroeffnung\/","title":{"rendered":"Solothurn: SPA-Immobilie \u00abCouronne\u00bb er\u00f6ffnet wieder"},"content":{"rendered":"<figure id=\"attachment_7323\" aria-describedby=\"caption-attachment-7323\" style=\"width: 680px\" class=\"wp-caption alignnone\"><img loading=\"lazy\" decoding=\"async\" class=\"wp-image-7323 size-medium\" src=\"https:\/\/www.immobilienbusiness.ch\/wp-content\/uploads\/2017\/04\/Solothurn_Hauptgasse_64.jpg\" alt=\"\" width=\"680\" height=\"510\" srcset=\"https:\/\/www.immobilienbusiness.ch\/wp-content\/uploads\/2017\/04\/Solothurn_Hauptgasse_64.jpg 2560w, https:\/\/www.immobilienbusiness.ch\/wp-content\/uploads\/2017\/04\/Solothurn_Hauptgasse_64-300x225.jpg 300w, https:\/\/www.immobilienbusiness.ch\/wp-content\/uploads\/2017\/04\/Solothurn_Hauptgasse_64-1024x768.jpg 1024w, https:\/\/www.immobilienbusiness.ch\/wp-content\/uploads\/2017\/04\/Solothurn_Hauptgasse_64-768x576.jpg 768w, https:\/\/www.immobilienbusiness.ch\/wp-content\/uploads\/2017\/04\/Solothurn_Hauptgasse_64-1536x1152.jpg 1536w, https:\/\/www.immobilienbusiness.ch\/wp-content\/uploads\/2017\/04\/Solothurn_Hauptgasse_64-2048x1536.jpg 2048w, https:\/\/www.immobilienbusiness.ch\/wp-content\/uploads\/2017\/04\/Solothurn_Hauptgasse_64-16x12.jpg 16w, https:\/\/www.immobilienbusiness.ch\/wp-content\/uploads\/2017\/04\/Solothurn_Hauptgasse_64-233x175.jpg 233w, https:\/\/www.immobilienbusiness.ch\/wp-content\/uploads\/2017\/04\/Solothurn_Hauptgasse_64-467x350.jpg 467w, https:\/\/www.immobilienbusiness.ch\/wp-content\/uploads\/2017\/04\/Solothurn_Hauptgasse_64-1067x800.jpg 1067w, https:\/\/www.immobilienbusiness.ch\/wp-content\/uploads\/2017\/04\/Solothurn_Hauptgasse_64-920x690.jpg 920w, https:\/\/www.immobilienbusiness.ch\/wp-content\/uploads\/2017\/04\/Solothurn_Hauptgasse_64-1400x1050.jpg 1400w, https:\/\/www.immobilienbusiness.ch\/wp-content\/uploads\/2017\/04\/Solothurn_Hauptgasse_64-1867x1400.jpg 1867w\" sizes=\"auto, (max-width: 680px) 100vw, 680px\" \/><figcaption id=\"caption-attachment-7323\" class=\"wp-caption-text\">Die \u00abCouronne\u00bb in Solothurn, hier ein Bild aus dem Jahr 2014, noch vor dem Umbau (Foto: Paebi, CC BY-SA 3.0, Wikimedia Commons)<\/figcaption><\/figure>\n<p>Wie die <em>Solothurner Zeitung<\/em> berichtet, hat die Swiss Prime Anlagestiftung rund 18 Millionen CHF in den Umbau des Hoteltrakts der \u00abCouronne\u00bb sowie des Leistfl\u00fcgels mit acht Wohnungen und Gesch\u00e4ftsfl\u00e4chen investiert.<\/p>\n<p>Im Endausbau mit einer Garage an der Seilergasse wird die Liegenschaft als 4-Sterne-Boutiquehotel ab Ende Jahr 37 Zimmer und Suiten anbieten, davon 28 im Haupttrakt. Zum Hotel geh\u00f6ren auch ein Restaurant und eine Bar. Neben einem grossen Saal, einer Terrasse und der Aussenterrasse (Boulevard) auf die Hauptgasse hinaus, verf\u00fcgt das Haus auch \u00fcber Seminar- und Tagungsr\u00e4ume von bis zu 140 Pl\u00e4tzen.<\/p>\n<p>Die ehemalige \u00abKrone\u00bb z\u00e4hlt zu den \u00e4ltesten Gasth\u00e4usern der Schweiz. Sie wurde vor fast 600 Jahren erstmals urkundlich erw\u00e4hnt. Betreiberin der \u00abCouronne\u00bb ist die Genossenschaft Baseltor, die bereits drei weitere H\u00e4user betreibt. F\u00fcr das Hotel in Solothurn wird bei einer 70-Prozent-Auslastung mit einem Jahresumsatz von f\u00fcnf Millionen CHF gerechnet.<\/p>\n<p>Insgesamt liegt der Vermietungsgrad des Objekts bei 95 Prozent, besonders begehrt waren nach Angaben der SPA die acht Wohnungen im Leist-Fl\u00fcgel.<\/p>\n","protected":false},"excerpt":{"rendered":"<p>Das fr\u00fchere Hotel Krone in Solothurn, seit Ende 2015 im Eigentum der Swiss Prime Anlagestiftung (SPA), er\u00f6ffnet nach einem Umbau als Vier-Sterne-Boutiquehotel \u00abCouronne\u00bb wieder.<\/p>\n","protected":false},"author":3,"featured_media":7323,"comment_status":"open","ping_status":"open","sticky":false,"template":"","format":"standard","meta":{"_acf_changed":false,"_yoast_wpseo_focuskw":"Couronne","_yoast_wpseo_title":"","_yoast_wpseo_metadesc":"Das Hotel \u00abCouronne\u00bb in Solothurn, seit Ende 2015 im Eigentum der Swiss Prime Anlagestiftung, er\u00f6ffnet als Vier-Sterne-Boutiquehotel wieder.","_yoast_wpseo_linkdex":67,"pgc_sgb_lightbox_settings":"","footnotes":""},"categories":[985],"tags":[1030,1205,1317,1629],"class_list":["post-7322","post","type-post","status-publish","format-standard","has-post-thumbnail","hentry","category-regionen","tag-anlagestiftung","tag-espace-mittelland","tag-hotels","tag-regionen"],"acf":[],"yoast_head":"<!-- This site is optimized with the Yoast SEO plugin v27.4 - https:\/\/yoast.com\/product\/yoast-seo-wordpress\/ -->\n<title>Solothurn: SPA-Immobilie \u00abCouronne\u00bb er\u00f6ffnet wieder - IMMOBILIEN Business<\/title>\n<meta name=\"description\" content=\"Das Hotel \u00abCouronne\u00bb in Solothurn, seit Ende 2015 im Eigentum der Swiss Prime Anlagestiftung, er\u00f6ffnet als Vier-Sterne-Boutiquehotel wieder.\" \/>\n<meta name=\"robots\" content=\"index, follow, max-snippet:-1, max-image-preview:large, max-video-preview:-1\" \/>\n<link rel=\"canonical\" href=\"https:\/\/www.immobilienbusiness.ch\/de\/regionen\/2017-04-27\/solothurn-spa-immobilie-couronne-eroeffnung\/\" \/>\n<meta property=\"og:locale\" content=\"de_DE\" \/>\n<meta property=\"og:type\" content=\"article\" \/>\n<meta property=\"og:title\" content=\"Solothurn: SPA-Immobilie \u00abCouronne\u00bb er\u00f6ffnet wieder\" \/>\n<meta property=\"og:description\" content=\"Das Hotel \u00abCouronne\u00bb in Solothurn, seit Ende 2015 im Eigentum der Swiss Prime Anlagestiftung, er\u00f6ffnet als Vier-Sterne-Boutiquehotel wieder.\" \/>\n<meta property=\"og:url\" content=\"https:\/\/www.immobilienbusiness.ch\/de\/regionen\/2017-04-27\/solothurn-spa-immobilie-couronne-eroeffnung\/\" \/>\n<meta property=\"og:site_name\" content=\"IMMOBILIEN Business\" \/>\n<meta property=\"article:publisher\" content=\"https:\/\/www.facebook.com\/immobilienbusiness\/\" \/>\n<meta property=\"article:published_time\" content=\"2017-04-27T07:31:23+00:00\" \/>\n<meta property=\"og:image\" content=\"https:\/\/www.immobilienbusiness.ch\/wp-content\/uploads\/2017\/04\/Solothurn_Hauptgasse_64.jpg\" \/>\n\t<meta property=\"og:image:width\" content=\"2560\" \/>\n\t<meta property=\"og:image:height\" content=\"1920\" \/>\n\t<meta property=\"og:image:type\" content=\"image\/jpeg\" \/>\n<meta name=\"author\" content=\"anja.hall\" \/>\n<meta name=\"twitter:card\" content=\"summary_large_image\" \/>\n<meta name=\"twitter:title\" content=\"Solothurn: SPA-Immobilie \u00abCouronne\u00bb er\u00f6ffnet wieder\" \/>\n<meta name=\"twitter:description\" content=\"Das Hotel \u00abCouronne\u00bb in Solothurn, seit Ende 2015 im Eigentum der Swiss Prime Anlagestiftung, er\u00f6ffnet als Vier-Sterne-Boutiquehotel wieder.\" \/>\n<meta name=\"twitter:image\" content=\"https:\/\/www.immobilienbusiness.ch\/wp-content\/uploads\/2017\/04\/Solothurn_Hauptgasse_64.jpg\" \/>\n<script type=\"application\/ld+json\" class=\"yoast-schema-graph\">{\"@context\":\"https:\\\/\\\/schema.org\",\"@graph\":[{\"@type\":\"Article\",\"@id\":\"https:\\\/\\\/www.immobilienbusiness.ch\\\/regionen\\\/2017-04-27\\\/solothurn-spa-immobilie-couronne-eroeffnung\\\/#article\",\"isPartOf\":{\"@id\":\"https:\\\/\\\/www.immobilienbusiness.ch\\\/regionen\\\/2017-04-27\\\/solothurn-spa-immobilie-couronne-eroeffnung\\\/\"},\"author\":{\"name\":\"anja.hall\",\"@id\":\"https:\\\/\\\/www.immobilienbusiness.ch\\\/#\\\/schema\\\/person\\\/3fc036297b10b9f42d6db5ee932af8c8\"},\"headline\":\"Solothurn: SPA-Immobilie \u00abCouronne\u00bb er\u00f6ffnet wieder\",\"datePublished\":\"2017-04-27T07:31:23+00:00\",\"mainEntityOfPage\":{\"@id\":\"https:\\\/\\\/www.immobilienbusiness.ch\\\/regionen\\\/2017-04-27\\\/solothurn-spa-immobilie-couronne-eroeffnung\\\/\"},\"wordCount\":202,\"commentCount\":0,\"publisher\":{\"@id\":\"https:\\\/\\\/www.immobilienbusiness.ch\\\/#organization\"},\"image\":{\"@id\":\"https:\\\/\\\/www.immobilienbusiness.ch\\\/regionen\\\/2017-04-27\\\/solothurn-spa-immobilie-couronne-eroeffnung\\\/#primaryimage\"},\"thumbnailUrl\":\"https:\\\/\\\/www.immobilienbusiness.ch\\\/wp-content\\\/uploads\\\/2017\\\/04\\\/Solothurn_Hauptgasse_64.jpg\",\"keywords\":[\"Anlagestiftung\",\"Espace Mittelland\",\"Hotels\",\"Regionen\"],\"articleSection\":[\"REGIONEN\"],\"inLanguage\":\"de\"},{\"@type\":\"WebPage\",\"@id\":\"https:\\\/\\\/www.immobilienbusiness.ch\\\/regionen\\\/2017-04-27\\\/solothurn-spa-immobilie-couronne-eroeffnung\\\/\",\"url\":\"https:\\\/\\\/www.immobilienbusiness.ch\\\/regionen\\\/2017-04-27\\\/solothurn-spa-immobilie-couronne-eroeffnung\\\/\",\"name\":\"Solothurn: SPA-Immobilie \u00abCouronne\u00bb er\u00f6ffnet wieder - IMMOBILIEN Business\",\"isPartOf\":{\"@id\":\"https:\\\/\\\/www.immobilienbusiness.ch\\\/#website\"},\"primaryImageOfPage\":{\"@id\":\"https:\\\/\\\/www.immobilienbusiness.ch\\\/regionen\\\/2017-04-27\\\/solothurn-spa-immobilie-couronne-eroeffnung\\\/#primaryimage\"},\"image\":{\"@id\":\"https:\\\/\\\/www.immobilienbusiness.ch\\\/regionen\\\/2017-04-27\\\/solothurn-spa-immobilie-couronne-eroeffnung\\\/#primaryimage\"},\"thumbnailUrl\":\"https:\\\/\\\/www.immobilienbusiness.ch\\\/wp-content\\\/uploads\\\/2017\\\/04\\\/Solothurn_Hauptgasse_64.jpg\",\"datePublished\":\"2017-04-27T07:31:23+00:00\",\"description\":\"Das Hotel \u00abCouronne\u00bb in Solothurn, seit Ende 2015 im Eigentum der Swiss Prime Anlagestiftung, er\u00f6ffnet als Vier-Sterne-Boutiquehotel wieder.\",\"breadcrumb\":{\"@id\":\"https:\\\/\\\/www.immobilienbusiness.ch\\\/regionen\\\/2017-04-27\\\/solothurn-spa-immobilie-couronne-eroeffnung\\\/#breadcrumb\"},\"inLanguage\":\"de\",\"potentialAction\":[{\"@type\":\"ReadAction\",\"target\":[\"https:\\\/\\\/www.immobilienbusiness.ch\\\/regionen\\\/2017-04-27\\\/solothurn-spa-immobilie-couronne-eroeffnung\\\/\"]}]},{\"@type\":\"ImageObject\",\"inLanguage\":\"de\",\"@id\":\"https:\\\/\\\/www.immobilienbusiness.ch\\\/regionen\\\/2017-04-27\\\/solothurn-spa-immobilie-couronne-eroeffnung\\\/#primaryimage\",\"url\":\"https:\\\/\\\/www.immobilienbusiness.ch\\\/wp-content\\\/uploads\\\/2017\\\/04\\\/Solothurn_Hauptgasse_64.jpg\",\"contentUrl\":\"https:\\\/\\\/www.immobilienbusiness.ch\\\/wp-content\\\/uploads\\\/2017\\\/04\\\/Solothurn_Hauptgasse_64.jpg\",\"width\":2560,\"height\":1920},{\"@type\":\"BreadcrumbList\",\"@id\":\"https:\\\/\\\/www.immobilienbusiness.ch\\\/regionen\\\/2017-04-27\\\/solothurn-spa-immobilie-couronne-eroeffnung\\\/#breadcrumb\",\"itemListElement\":[{\"@type\":\"ListItem\",\"position\":1,\"name\":\"Home\",\"item\":\"https:\\\/\\\/www.immobilienbusiness.ch\\\/\"},{\"@type\":\"ListItem\",\"position\":2,\"name\":\"Solothurn: SPA-Immobilie \u00abCouronne\u00bb er\u00f6ffnet wieder\"}]},{\"@type\":\"WebSite\",\"@id\":\"https:\\\/\\\/www.immobilienbusiness.ch\\\/#website\",\"url\":\"https:\\\/\\\/www.immobilienbusiness.ch\\\/\",\"name\":\"IMMOBILIEN Business\",\"description\":\"Unabh\u00e4ngiges Schweizer Wirtschaftsmagazin mit Fokus auf Immobilien, Architektur- und Bau sowie Investment- und Finanzierung.\",\"publisher\":{\"@id\":\"https:\\\/\\\/www.immobilienbusiness.ch\\\/#organization\"},\"potentialAction\":[{\"@type\":\"SearchAction\",\"target\":{\"@type\":\"EntryPoint\",\"urlTemplate\":\"https:\\\/\\\/www.immobilienbusiness.ch\\\/?s={search_term_string}\"},\"query-input\":{\"@type\":\"PropertyValueSpecification\",\"valueRequired\":true,\"valueName\":\"search_term_string\"}}],\"inLanguage\":\"de\"},{\"@type\":\"Organization\",\"@id\":\"https:\\\/\\\/www.immobilienbusiness.ch\\\/#organization\",\"name\":\"IMMOBILIEN Business\",\"url\":\"https:\\\/\\\/www.immobilienbusiness.ch\\\/\",\"logo\":{\"@type\":\"ImageObject\",\"inLanguage\":\"de\",\"@id\":\"https:\\\/\\\/www.immobilienbusiness.ch\\\/#\\\/schema\\\/logo\\\/image\\\/\",\"url\":\"https:\\\/\\\/www.immobilienbusiness.ch\\\/wp-content\\\/uploads\\\/2021\\\/07\\\/logo_ib.png\",\"contentUrl\":\"https:\\\/\\\/www.immobilienbusiness.ch\\\/wp-content\\\/uploads\\\/2021\\\/07\\\/logo_ib.png\",\"width\":800,\"height\":181,\"caption\":\"IMMOBILIEN Business\"},\"image\":{\"@id\":\"https:\\\/\\\/www.immobilienbusiness.ch\\\/#\\\/schema\\\/logo\\\/image\\\/\"},\"sameAs\":[\"https:\\\/\\\/www.facebook.com\\\/immobilienbusiness\\\/\"]},{\"@type\":\"Person\",\"@id\":\"https:\\\/\\\/www.immobilienbusiness.ch\\\/#\\\/schema\\\/person\\\/3fc036297b10b9f42d6db5ee932af8c8\",\"name\":\"anja.hall\",\"image\":{\"@type\":\"ImageObject\",\"inLanguage\":\"de\",\"@id\":\"https:\\\/\\\/secure.gravatar.com\\\/avatar\\\/066b5a0d447013502c71a5782f4f3469f03cfe595cc2329fb94652fe47511bfb?s=96&d=mm&r=g\",\"url\":\"https:\\\/\\\/secure.gravatar.com\\\/avatar\\\/066b5a0d447013502c71a5782f4f3469f03cfe595cc2329fb94652fe47511bfb?s=96&d=mm&r=g\",\"contentUrl\":\"https:\\\/\\\/secure.gravatar.com\\\/avatar\\\/066b5a0d447013502c71a5782f4f3469f03cfe595cc2329fb94652fe47511bfb?s=96&d=mm&r=g\",\"caption\":\"anja.hall\"},\"url\":\"https:\\\/\\\/www.immobilienbusiness.ch\\\/de\\\/author\\\/anja-hall\\\/\"}]}<\/script>\n<!-- \/ Yoast SEO plugin. -->","yoast_head_json":{"title":"Solothurn: SPA-Immobilie \u00abCouronne\u00bb er\u00f6ffnet wieder - IMMOBILIEN Business","description":"Das Hotel \u00abCouronne\u00bb in Solothurn, seit Ende 2015 im Eigentum der Swiss Prime Anlagestiftung, er\u00f6ffnet als Vier-Sterne-Boutiquehotel wieder.","robots":{"index":"index","follow":"follow","max-snippet":"max-snippet:-1","max-image-preview":"max-image-preview:large","max-video-preview":"max-video-preview:-1"},"canonical":"https:\/\/www.immobilienbusiness.ch\/de\/regionen\/2017-04-27\/solothurn-spa-immobilie-couronne-eroeffnung\/","og_locale":"de_DE","og_type":"article","og_title":"Solothurn: SPA-Immobilie \u00abCouronne\u00bb er\u00f6ffnet wieder","og_description":"Das Hotel \u00abCouronne\u00bb in Solothurn, seit Ende 2015 im Eigentum der Swiss Prime Anlagestiftung, er\u00f6ffnet als Vier-Sterne-Boutiquehotel wieder.","og_url":"https:\/\/www.immobilienbusiness.ch\/de\/regionen\/2017-04-27\/solothurn-spa-immobilie-couronne-eroeffnung\/","og_site_name":"IMMOBILIEN Business","article_publisher":"https:\/\/www.facebook.com\/immobilienbusiness\/","article_published_time":"2017-04-27T07:31:23+00:00","og_image":[{"width":2560,"height":1920,"url":"https:\/\/www.immobilienbusiness.ch\/wp-content\/uploads\/2017\/04\/Solothurn_Hauptgasse_64.jpg","type":"image\/jpeg"}],"author":"anja.hall","twitter_card":"summary_large_image","twitter_title":"Solothurn: SPA-Immobilie \u00abCouronne\u00bb er\u00f6ffnet wieder","twitter_description":"Das Hotel \u00abCouronne\u00bb in Solothurn, seit Ende 2015 im Eigentum der Swiss Prime Anlagestiftung, er\u00f6ffnet als Vier-Sterne-Boutiquehotel wieder.","twitter_image":"https:\/\/www.immobilienbusiness.ch\/wp-content\/uploads\/2017\/04\/Solothurn_Hauptgasse_64.jpg","schema":{"@context":"https:\/\/schema.org","@graph":[{"@type":"Article","@id":"https:\/\/www.immobilienbusiness.ch\/regionen\/2017-04-27\/solothurn-spa-immobilie-couronne-eroeffnung\/#article","isPartOf":{"@id":"https:\/\/www.immobilienbusiness.ch\/regionen\/2017-04-27\/solothurn-spa-immobilie-couronne-eroeffnung\/"},"author":{"name":"anja.hall","@id":"https:\/\/www.immobilienbusiness.ch\/#\/schema\/person\/3fc036297b10b9f42d6db5ee932af8c8"},"headline":"Solothurn: SPA-Immobilie \u00abCouronne\u00bb er\u00f6ffnet wieder","datePublished":"2017-04-27T07:31:23+00:00","mainEntityOfPage":{"@id":"https:\/\/www.immobilienbusiness.ch\/regionen\/2017-04-27\/solothurn-spa-immobilie-couronne-eroeffnung\/"},"wordCount":202,"commentCount":0,"publisher":{"@id":"https:\/\/www.immobilienbusiness.ch\/#organization"},"image":{"@id":"https:\/\/www.immobilienbusiness.ch\/regionen\/2017-04-27\/solothurn-spa-immobilie-couronne-eroeffnung\/#primaryimage"},"thumbnailUrl":"https:\/\/www.immobilienbusiness.ch\/wp-content\/uploads\/2017\/04\/Solothurn_Hauptgasse_64.jpg","keywords":["Anlagestiftung","Espace Mittelland","Hotels","Regionen"],"articleSection":["REGIONEN"],"inLanguage":"de"},{"@type":"WebPage","@id":"https:\/\/www.immobilienbusiness.ch\/regionen\/2017-04-27\/solothurn-spa-immobilie-couronne-eroeffnung\/","url":"https:\/\/www.immobilienbusiness.ch\/regionen\/2017-04-27\/solothurn-spa-immobilie-couronne-eroeffnung\/","name":"Solothurn: SPA-Immobilie \u00abCouronne\u00bb er\u00f6ffnet wieder - IMMOBILIEN Business","isPartOf":{"@id":"https:\/\/www.immobilienbusiness.ch\/#website"},"primaryImageOfPage":{"@id":"https:\/\/www.immobilienbusiness.ch\/regionen\/2017-04-27\/solothurn-spa-immobilie-couronne-eroeffnung\/#primaryimage"},"image":{"@id":"https:\/\/www.immobilienbusiness.ch\/regionen\/2017-04-27\/solothurn-spa-immobilie-couronne-eroeffnung\/#primaryimage"},"thumbnailUrl":"https:\/\/www.immobilienbusiness.ch\/wp-content\/uploads\/2017\/04\/Solothurn_Hauptgasse_64.jpg","datePublished":"2017-04-27T07:31:23+00:00","description":"Das Hotel \u00abCouronne\u00bb in Solothurn, seit Ende 2015 im Eigentum der Swiss Prime Anlagestiftung, er\u00f6ffnet als Vier-Sterne-Boutiquehotel wieder.","breadcrumb":{"@id":"https:\/\/www.immobilienbusiness.ch\/regionen\/2017-04-27\/solothurn-spa-immobilie-couronne-eroeffnung\/#breadcrumb"},"inLanguage":"de","potentialAction":[{"@type":"ReadAction","target":["https:\/\/www.immobilienbusiness.ch\/regionen\/2017-04-27\/solothurn-spa-immobilie-couronne-eroeffnung\/"]}]},{"@type":"ImageObject","inLanguage":"de","@id":"https:\/\/www.immobilienbusiness.ch\/regionen\/2017-04-27\/solothurn-spa-immobilie-couronne-eroeffnung\/#primaryimage","url":"https:\/\/www.immobilienbusiness.ch\/wp-content\/uploads\/2017\/04\/Solothurn_Hauptgasse_64.jpg","contentUrl":"https:\/\/www.immobilienbusiness.ch\/wp-content\/uploads\/2017\/04\/Solothurn_Hauptgasse_64.jpg","width":2560,"height":1920},{"@type":"BreadcrumbList","@id":"https:\/\/www.immobilienbusiness.ch\/regionen\/2017-04-27\/solothurn-spa-immobilie-couronne-eroeffnung\/#breadcrumb","itemListElement":[{"@type":"ListItem","position":1,"name":"Home","item":"https:\/\/www.immobilienbusiness.ch\/"},{"@type":"ListItem","position":2,"name":"Solothurn: SPA-Immobilie \u00abCouronne\u00bb er\u00f6ffnet wieder"}]},{"@type":"WebSite","@id":"https:\/\/www.immobilienbusiness.ch\/#website","url":"https:\/\/www.immobilienbusiness.ch\/","name":"IMMOBILIEN Business","description":"Unabh\u00e4ngiges Schweizer Wirtschaftsmagazin mit Fokus auf Immobilien, Architektur- und Bau sowie Investment- und Finanzierung.","publisher":{"@id":"https:\/\/www.immobilienbusiness.ch\/#organization"},"potentialAction":[{"@type":"SearchAction","target":{"@type":"EntryPoint","urlTemplate":"https:\/\/www.immobilienbusiness.ch\/?s={search_term_string}"},"query-input":{"@type":"PropertyValueSpecification","valueRequired":true,"valueName":"search_term_string"}}],"inLanguage":"de"},{"@type":"Organization","@id":"https:\/\/www.immobilienbusiness.ch\/#organization","name":"IMMOBILIEN Business","url":"https:\/\/www.immobilienbusiness.ch\/","logo":{"@type":"ImageObject","inLanguage":"de","@id":"https:\/\/www.immobilienbusiness.ch\/#\/schema\/logo\/image\/","url":"https:\/\/www.immobilienbusiness.ch\/wp-content\/uploads\/2021\/07\/logo_ib.png","contentUrl":"https:\/\/www.immobilienbusiness.ch\/wp-content\/uploads\/2021\/07\/logo_ib.png","width":800,"height":181,"caption":"IMMOBILIEN Business"},"image":{"@id":"https:\/\/www.immobilienbusiness.ch\/#\/schema\/logo\/image\/"},"sameAs":["https:\/\/www.facebook.com\/immobilienbusiness\/"]},{"@type":"Person","@id":"https:\/\/www.immobilienbusiness.ch\/#\/schema\/person\/3fc036297b10b9f42d6db5ee932af8c8","name":"anja.hall","image":{"@type":"ImageObject","inLanguage":"de","@id":"https:\/\/secure.gravatar.com\/avatar\/066b5a0d447013502c71a5782f4f3469f03cfe595cc2329fb94652fe47511bfb?s=96&d=mm&r=g","url":"https:\/\/secure.gravatar.com\/avatar\/066b5a0d447013502c71a5782f4f3469f03cfe595cc2329fb94652fe47511bfb?s=96&d=mm&r=g","contentUrl":"https:\/\/secure.gravatar.com\/avatar\/066b5a0d447013502c71a5782f4f3469f03cfe595cc2329fb94652fe47511bfb?s=96&d=mm&r=g","caption":"anja.hall"},"url":"https:\/\/www.immobilienbusiness.ch\/de\/author\/anja-hall\/"}]}},"_links":{"self":[{"href":"https:\/\/www.immobilienbusiness.ch\/de\/wp-json\/wp\/v2\/posts\/7322","targetHints":{"allow":["GET"]}}],"collection":[{"href":"https:\/\/www.immobilienbusiness.ch\/de\/wp-json\/wp\/v2\/posts"}],"about":[{"href":"https:\/\/www.immobilienbusiness.ch\/de\/wp-json\/wp\/v2\/types\/post"}],"author":[{"embeddable":true,"href":"https:\/\/www.immobilienbusiness.ch\/de\/wp-json\/wp\/v2\/users\/3"}],"replies":[{"embeddable":true,"href":"https:\/\/www.immobilienbusiness.ch\/de\/wp-json\/wp\/v2\/comments?post=7322"}],"version-history":[{"count":0,"href":"https:\/\/www.immobilienbusiness.ch\/de\/wp-json\/wp\/v2\/posts\/7322\/revisions"}],"wp:featuredmedia":[{"embeddable":true,"href":"https:\/\/www.immobilienbusiness.ch\/de\/wp-json\/wp\/v2\/media\/7323"}],"wp:attachment":[{"href":"https:\/\/www.immobilienbusiness.ch\/de\/wp-json\/wp\/v2\/media?parent=7322"}],"wp:term":[{"taxonomy":"category","embeddable":true,"href":"https:\/\/www.immobilienbusiness.ch\/de\/wp-json\/wp\/v2\/categories?post=7322"},{"taxonomy":"post_tag","embeddable":true,"href":"https:\/\/www.immobilienbusiness.ch\/de\/wp-json\/wp\/v2\/tags?post=7322"}],"curies":[{"name":"wp","href":"https:\/\/api.w.org\/{rel}","templated":true}]}}