{"id":7254,"date":"2017-04-24T08:50:18","date_gmt":"2017-04-24T06:50:18","guid":{"rendered":"https:\/\/www.immobilienbusiness.ch\/?p=7254"},"modified":"2017-04-24T08:50:18","modified_gmt":"2017-04-24T06:50:18","slug":"andermatt-grundsteinlegung-apartmenthaus-alpenrose","status":"publish","type":"post","link":"https:\/\/www.immobilienbusiness.ch\/de\/regionen\/2017-04-24\/andermatt-grundsteinlegung-apartmenthaus-alpenrose\/","title":{"rendered":"Andermatt: Grundsteinlegung f\u00fcr weiteres Apartmenthaus"},"content":{"rendered":"<figure id=\"attachment_7255\" aria-describedby=\"caption-attachment-7255\" style=\"width: 680px\" class=\"wp-caption alignnone\"><img loading=\"lazy\" decoding=\"async\" class=\"size-medium wp-image-7255\" src=\"https:\/\/www.immobilienbusiness.ch\/wp-content\/uploads\/2017\/04\/VL_EVT_ASA_3419490.jpg\" alt=\"\" width=\"680\" height=\"453\" srcset=\"https:\/\/www.immobilienbusiness.ch\/wp-content\/uploads\/2017\/04\/VL_EVT_ASA_3419490.jpg 2560w, https:\/\/www.immobilienbusiness.ch\/wp-content\/uploads\/2017\/04\/VL_EVT_ASA_3419490-300x200.jpg 300w, https:\/\/www.immobilienbusiness.ch\/wp-content\/uploads\/2017\/04\/VL_EVT_ASA_3419490-1024x683.jpg 1024w, https:\/\/www.immobilienbusiness.ch\/wp-content\/uploads\/2017\/04\/VL_EVT_ASA_3419490-768x512.jpg 768w, https:\/\/www.immobilienbusiness.ch\/wp-content\/uploads\/2017\/04\/VL_EVT_ASA_3419490-1536x1024.jpg 1536w, https:\/\/www.immobilienbusiness.ch\/wp-content\/uploads\/2017\/04\/VL_EVT_ASA_3419490-2048x1365.jpg 2048w, https:\/\/www.immobilienbusiness.ch\/wp-content\/uploads\/2017\/04\/VL_EVT_ASA_3419490-16x12.jpg 16w, https:\/\/www.immobilienbusiness.ch\/wp-content\/uploads\/2017\/04\/VL_EVT_ASA_3419490-263x175.jpg 263w, https:\/\/www.immobilienbusiness.ch\/wp-content\/uploads\/2017\/04\/VL_EVT_ASA_3419490-525x350.jpg 525w, https:\/\/www.immobilienbusiness.ch\/wp-content\/uploads\/2017\/04\/VL_EVT_ASA_3419490-1200x800.jpg 1200w, https:\/\/www.immobilienbusiness.ch\/wp-content\/uploads\/2017\/04\/VL_EVT_ASA_3419490-920x613.jpg 920w, https:\/\/www.immobilienbusiness.ch\/wp-content\/uploads\/2017\/04\/VL_EVT_ASA_3419490-1400x933.jpg 1400w\" sizes=\"auto, (max-width: 680px) 100vw, 680px\" \/><figcaption id=\"caption-attachment-7255\" class=\"wp-caption-text\">Andermatt: Grundsteinlegung f\u00fcr ein neues Apartmenthaus (Foto: Andermatt Swiss Alps AG)<\/figcaption><\/figure>\n<p>Zentral gelegen und mit Restaurants und Einkaufsm\u00f6glichkeiten soll das Apartmenthaus den architektonischen Abschluss der zentralen Piazza in dem Resort Andermatt Swiss Alps bilden.<\/p>\n<p>Die \u00abAlpenrose\u00bb verf\u00fcgt \u00fcber 20 Apartments mit Fl\u00e4chen zwischen 50 qm und 146 qm. Die Preisspanne reicht von 480.000 bis 2,1 Millionen CHF. Nahezu jede Wohnung hat einen vollgeschossigen Glaserker, der freie Sicht auf die Umgebung zul\u00e4sst. F\u00fcr den Innenausbau stehen zwei Designlinien zur Verf\u00fcgung, die traditionelle alpine Elemente mit einem modernen Chalet-Stil verbinden wollen. \u00dcber ein Smart-Home-System lassen sich Beleuchtung und Heizung steuern, optional auch per Smartphone.<\/p>\n<p>Die Ganter Suisse AG fungiert bei dem Projekt als Generalunternehmer. <a href=\"https:\/\/www.immobilienbusiness.ch\/deutsche-baufirma-steigt-in-andermatt-ein\/\">Das Unternehmen aus Waldkirch im Schwarzwald \u00fcbernimmt nicht nur den Bau, sondern auch den Innenausbau und die M\u00f6blierung des Apartmenthauses. <\/a>Die \u00dcbergabe der Wohnungen an die Eigent\u00fcmer ist f\u00fcr Herbst 2018 geplant.<\/p>\n<p>Das gesamte Resort wird im Endausbau rund 500 Apartments in 42 Geb\u00e4uden, 25 Chalets, Kongresseinrichtungen sowie ein Hallenbad und einen 18-Loch-Golfplatz umfassen. Hinzu kommen sechs Hotels im Vier- und F\u00fcnf-Sterne-Bereich, darunter auch das F\u00fcnf-Sterne-Deluxe-Hotel \u00abThe Chedi\u00bb. Zudem werden zwei Skigebiete zur SkiArena Andermatt-Sedrun zusammengef\u00fchrt.<\/p>\n","protected":false},"excerpt":{"rendered":"<p>Am 21. April wurde in Andermatt die Grundsteinlegung f\u00fcr das Apartmenthaus \u00abAlpenrose\u00bb gefeiert. Die Andermatt Swiss Alps AG realisiert das Vorhaben in einem Joint Venture mit dem deutschen Bauunternehmen Ganter Interior.<\/p>\n","protected":false},"author":3,"featured_media":7255,"comment_status":"open","ping_status":"open","sticky":false,"template":"","format":"standard","meta":{"_acf_changed":false,"_yoast_wpseo_focuskw":"Andermatt","_yoast_wpseo_title":"","_yoast_wpseo_metadesc":"Am 21. April wurde in Andermatt die Grundsteinlegung f\u00fcr das Apartmenthaus \u00abAlpenrose\u00bb gefeiert. Es entstehen 20 Apartments in zentraler Lage im Resort.","_yoast_wpseo_linkdex":63,"pgc_sgb_lightbox_settings":"","footnotes":""},"categories":[985],"tags":[1217,1599,1874],"class_list":["post-7254","post","type-post","status-publish","format-standard","has-post-thumbnail","hentry","category-regionen","tag-ferienimmobilien","tag-projekt-in-bau","tag-zentralschweiz"],"acf":[],"yoast_head":"<!-- This site is optimized with the Yoast SEO plugin v27.5 - https:\/\/yoast.com\/product\/yoast-seo-wordpress\/ -->\n<title>Andermatt: Grundsteinlegung f\u00fcr weiteres Apartmenthaus - IMMOBILIEN Business<\/title>\n<meta name=\"description\" content=\"Am 21. April wurde in Andermatt die Grundsteinlegung f\u00fcr das Apartmenthaus \u00abAlpenrose\u00bb gefeiert. Es entstehen 20 Apartments in zentraler Lage im Resort.\" \/>\n<meta name=\"robots\" content=\"index, follow, max-snippet:-1, max-image-preview:large, max-video-preview:-1\" \/>\n<link rel=\"canonical\" href=\"https:\/\/www.immobilienbusiness.ch\/de\/regionen\/2017-04-24\/andermatt-grundsteinlegung-apartmenthaus-alpenrose\/\" \/>\n<meta property=\"og:locale\" content=\"de_DE\" \/>\n<meta property=\"og:type\" content=\"article\" \/>\n<meta property=\"og:title\" content=\"Andermatt: Grundsteinlegung f\u00fcr weiteres Apartmenthaus\" \/>\n<meta property=\"og:description\" content=\"Am 21. April wurde in Andermatt die Grundsteinlegung f\u00fcr das Apartmenthaus \u00abAlpenrose\u00bb gefeiert. Es entstehen 20 Apartments in zentraler Lage im Resort.\" \/>\n<meta property=\"og:url\" content=\"https:\/\/www.immobilienbusiness.ch\/de\/regionen\/2017-04-24\/andermatt-grundsteinlegung-apartmenthaus-alpenrose\/\" \/>\n<meta property=\"og:site_name\" content=\"IMMOBILIEN Business\" \/>\n<meta property=\"article:publisher\" content=\"https:\/\/www.facebook.com\/immobilienbusiness\/\" \/>\n<meta property=\"article:published_time\" content=\"2017-04-24T06:50:18+00:00\" \/>\n<meta property=\"og:image\" content=\"https:\/\/www.immobilienbusiness.ch\/wp-content\/uploads\/2017\/04\/VL_EVT_ASA_3419490.jpg\" \/>\n\t<meta property=\"og:image:width\" content=\"2560\" \/>\n\t<meta property=\"og:image:height\" content=\"1707\" \/>\n\t<meta property=\"og:image:type\" content=\"image\/jpeg\" \/>\n<meta name=\"author\" content=\"anja.hall\" \/>\n<meta name=\"twitter:card\" content=\"summary_large_image\" \/>\n<meta name=\"twitter:title\" content=\"Andermatt: Grundsteinlegung f\u00fcr weiteres Apartmenthaus\" \/>\n<meta name=\"twitter:description\" content=\"Am 21. April wurde in Andermatt die Grundsteinlegung f\u00fcr das Apartmenthaus \u00abAlpenrose\u00bb gefeiert. Es entstehen 20 Apartments in zentraler Lage im Resort.\" \/>\n<meta name=\"twitter:image\" content=\"https:\/\/www.immobilienbusiness.ch\/wp-content\/uploads\/2017\/04\/VL_EVT_ASA_3419490.jpg\" \/>\n<script type=\"application\/ld+json\" class=\"yoast-schema-graph\">{\"@context\":\"https:\\\/\\\/schema.org\",\"@graph\":[{\"@type\":\"Article\",\"@id\":\"https:\\\/\\\/www.immobilienbusiness.ch\\\/regionen\\\/2017-04-24\\\/andermatt-grundsteinlegung-apartmenthaus-alpenrose\\\/#article\",\"isPartOf\":{\"@id\":\"https:\\\/\\\/www.immobilienbusiness.ch\\\/regionen\\\/2017-04-24\\\/andermatt-grundsteinlegung-apartmenthaus-alpenrose\\\/\"},\"author\":{\"name\":\"anja.hall\",\"@id\":\"https:\\\/\\\/www.immobilienbusiness.ch\\\/#\\\/schema\\\/person\\\/3fc036297b10b9f42d6db5ee932af8c8\"},\"headline\":\"Andermatt: Grundsteinlegung f\u00fcr weiteres Apartmenthaus\",\"datePublished\":\"2017-04-24T06:50:18+00:00\",\"mainEntityOfPage\":{\"@id\":\"https:\\\/\\\/www.immobilienbusiness.ch\\\/regionen\\\/2017-04-24\\\/andermatt-grundsteinlegung-apartmenthaus-alpenrose\\\/\"},\"wordCount\":206,\"commentCount\":0,\"publisher\":{\"@id\":\"https:\\\/\\\/www.immobilienbusiness.ch\\\/#organization\"},\"image\":{\"@id\":\"https:\\\/\\\/www.immobilienbusiness.ch\\\/regionen\\\/2017-04-24\\\/andermatt-grundsteinlegung-apartmenthaus-alpenrose\\\/#primaryimage\"},\"thumbnailUrl\":\"https:\\\/\\\/www.immobilienbusiness.ch\\\/wp-content\\\/uploads\\\/2017\\\/04\\\/VL_EVT_ASA_3419490.jpg\",\"keywords\":[\"Ferienimmobilien\",\"Projekt in Bau\",\"Zentralschweiz\"],\"articleSection\":[\"REGIONEN\"],\"inLanguage\":\"de\"},{\"@type\":\"WebPage\",\"@id\":\"https:\\\/\\\/www.immobilienbusiness.ch\\\/regionen\\\/2017-04-24\\\/andermatt-grundsteinlegung-apartmenthaus-alpenrose\\\/\",\"url\":\"https:\\\/\\\/www.immobilienbusiness.ch\\\/regionen\\\/2017-04-24\\\/andermatt-grundsteinlegung-apartmenthaus-alpenrose\\\/\",\"name\":\"Andermatt: Grundsteinlegung f\u00fcr weiteres Apartmenthaus - IMMOBILIEN Business\",\"isPartOf\":{\"@id\":\"https:\\\/\\\/www.immobilienbusiness.ch\\\/#website\"},\"primaryImageOfPage\":{\"@id\":\"https:\\\/\\\/www.immobilienbusiness.ch\\\/regionen\\\/2017-04-24\\\/andermatt-grundsteinlegung-apartmenthaus-alpenrose\\\/#primaryimage\"},\"image\":{\"@id\":\"https:\\\/\\\/www.immobilienbusiness.ch\\\/regionen\\\/2017-04-24\\\/andermatt-grundsteinlegung-apartmenthaus-alpenrose\\\/#primaryimage\"},\"thumbnailUrl\":\"https:\\\/\\\/www.immobilienbusiness.ch\\\/wp-content\\\/uploads\\\/2017\\\/04\\\/VL_EVT_ASA_3419490.jpg\",\"datePublished\":\"2017-04-24T06:50:18+00:00\",\"description\":\"Am 21. April wurde in Andermatt die Grundsteinlegung f\u00fcr das Apartmenthaus \u00abAlpenrose\u00bb gefeiert. Es entstehen 20 Apartments in zentraler Lage im Resort.\",\"breadcrumb\":{\"@id\":\"https:\\\/\\\/www.immobilienbusiness.ch\\\/regionen\\\/2017-04-24\\\/andermatt-grundsteinlegung-apartmenthaus-alpenrose\\\/#breadcrumb\"},\"inLanguage\":\"de\",\"potentialAction\":[{\"@type\":\"ReadAction\",\"target\":[\"https:\\\/\\\/www.immobilienbusiness.ch\\\/regionen\\\/2017-04-24\\\/andermatt-grundsteinlegung-apartmenthaus-alpenrose\\\/\"]}]},{\"@type\":\"ImageObject\",\"inLanguage\":\"de\",\"@id\":\"https:\\\/\\\/www.immobilienbusiness.ch\\\/regionen\\\/2017-04-24\\\/andermatt-grundsteinlegung-apartmenthaus-alpenrose\\\/#primaryimage\",\"url\":\"https:\\\/\\\/www.immobilienbusiness.ch\\\/wp-content\\\/uploads\\\/2017\\\/04\\\/VL_EVT_ASA_3419490.jpg\",\"contentUrl\":\"https:\\\/\\\/www.immobilienbusiness.ch\\\/wp-content\\\/uploads\\\/2017\\\/04\\\/VL_EVT_ASA_3419490.jpg\",\"width\":2560,\"height\":1707,\"caption\":\"Grundsteinlegung f\u00fcr ein neues Apartmenthaus in Andermatt (Foto: Andermatt Swiss Alps AG)\"},{\"@type\":\"BreadcrumbList\",\"@id\":\"https:\\\/\\\/www.immobilienbusiness.ch\\\/regionen\\\/2017-04-24\\\/andermatt-grundsteinlegung-apartmenthaus-alpenrose\\\/#breadcrumb\",\"itemListElement\":[{\"@type\":\"ListItem\",\"position\":1,\"name\":\"Home\",\"item\":\"https:\\\/\\\/www.immobilienbusiness.ch\\\/\"},{\"@type\":\"ListItem\",\"position\":2,\"name\":\"Andermatt: Grundsteinlegung f\u00fcr weiteres Apartmenthaus\"}]},{\"@type\":\"WebSite\",\"@id\":\"https:\\\/\\\/www.immobilienbusiness.ch\\\/#website\",\"url\":\"https:\\\/\\\/www.immobilienbusiness.ch\\\/\",\"name\":\"IMMOBILIEN Business\",\"description\":\"Unabh\u00e4ngiges Schweizer Wirtschaftsmagazin mit Fokus auf Immobilien, Architektur- und Bau sowie Investment- und Finanzierung.\",\"publisher\":{\"@id\":\"https:\\\/\\\/www.immobilienbusiness.ch\\\/#organization\"},\"potentialAction\":[{\"@type\":\"SearchAction\",\"target\":{\"@type\":\"EntryPoint\",\"urlTemplate\":\"https:\\\/\\\/www.immobilienbusiness.ch\\\/?s={search_term_string}\"},\"query-input\":{\"@type\":\"PropertyValueSpecification\",\"valueRequired\":true,\"valueName\":\"search_term_string\"}}],\"inLanguage\":\"de\"},{\"@type\":\"Organization\",\"@id\":\"https:\\\/\\\/www.immobilienbusiness.ch\\\/#organization\",\"name\":\"IMMOBILIEN Business\",\"url\":\"https:\\\/\\\/www.immobilienbusiness.ch\\\/\",\"logo\":{\"@type\":\"ImageObject\",\"inLanguage\":\"de\",\"@id\":\"https:\\\/\\\/www.immobilienbusiness.ch\\\/#\\\/schema\\\/logo\\\/image\\\/\",\"url\":\"https:\\\/\\\/www.immobilienbusiness.ch\\\/wp-content\\\/uploads\\\/2021\\\/07\\\/logo_ib.png\",\"contentUrl\":\"https:\\\/\\\/www.immobilienbusiness.ch\\\/wp-content\\\/uploads\\\/2021\\\/07\\\/logo_ib.png\",\"width\":800,\"height\":181,\"caption\":\"IMMOBILIEN Business\"},\"image\":{\"@id\":\"https:\\\/\\\/www.immobilienbusiness.ch\\\/#\\\/schema\\\/logo\\\/image\\\/\"},\"sameAs\":[\"https:\\\/\\\/www.facebook.com\\\/immobilienbusiness\\\/\"]},{\"@type\":\"Person\",\"@id\":\"https:\\\/\\\/www.immobilienbusiness.ch\\\/#\\\/schema\\\/person\\\/3fc036297b10b9f42d6db5ee932af8c8\",\"name\":\"anja.hall\",\"image\":{\"@type\":\"ImageObject\",\"inLanguage\":\"de\",\"@id\":\"https:\\\/\\\/secure.gravatar.com\\\/avatar\\\/066b5a0d447013502c71a5782f4f3469f03cfe595cc2329fb94652fe47511bfb?s=96&d=mm&r=g\",\"url\":\"https:\\\/\\\/secure.gravatar.com\\\/avatar\\\/066b5a0d447013502c71a5782f4f3469f03cfe595cc2329fb94652fe47511bfb?s=96&d=mm&r=g\",\"contentUrl\":\"https:\\\/\\\/secure.gravatar.com\\\/avatar\\\/066b5a0d447013502c71a5782f4f3469f03cfe595cc2329fb94652fe47511bfb?s=96&d=mm&r=g\",\"caption\":\"anja.hall\"},\"url\":\"https:\\\/\\\/www.immobilienbusiness.ch\\\/de\\\/author\\\/anja-hall\\\/\"}]}<\/script>\n<!-- \/ Yoast SEO plugin. -->","yoast_head_json":{"title":"Andermatt: Grundsteinlegung f\u00fcr weiteres Apartmenthaus - IMMOBILIEN Business","description":"Am 21. April wurde in Andermatt die Grundsteinlegung f\u00fcr das Apartmenthaus \u00abAlpenrose\u00bb gefeiert. Es entstehen 20 Apartments in zentraler Lage im Resort.","robots":{"index":"index","follow":"follow","max-snippet":"max-snippet:-1","max-image-preview":"max-image-preview:large","max-video-preview":"max-video-preview:-1"},"canonical":"https:\/\/www.immobilienbusiness.ch\/de\/regionen\/2017-04-24\/andermatt-grundsteinlegung-apartmenthaus-alpenrose\/","og_locale":"de_DE","og_type":"article","og_title":"Andermatt: Grundsteinlegung f\u00fcr weiteres Apartmenthaus","og_description":"Am 21. April wurde in Andermatt die Grundsteinlegung f\u00fcr das Apartmenthaus \u00abAlpenrose\u00bb gefeiert. Es entstehen 20 Apartments in zentraler Lage im Resort.","og_url":"https:\/\/www.immobilienbusiness.ch\/de\/regionen\/2017-04-24\/andermatt-grundsteinlegung-apartmenthaus-alpenrose\/","og_site_name":"IMMOBILIEN Business","article_publisher":"https:\/\/www.facebook.com\/immobilienbusiness\/","article_published_time":"2017-04-24T06:50:18+00:00","og_image":[{"width":2560,"height":1707,"url":"https:\/\/www.immobilienbusiness.ch\/wp-content\/uploads\/2017\/04\/VL_EVT_ASA_3419490.jpg","type":"image\/jpeg"}],"author":"anja.hall","twitter_card":"summary_large_image","twitter_title":"Andermatt: Grundsteinlegung f\u00fcr weiteres Apartmenthaus","twitter_description":"Am 21. April wurde in Andermatt die Grundsteinlegung f\u00fcr das Apartmenthaus \u00abAlpenrose\u00bb gefeiert. Es entstehen 20 Apartments in zentraler Lage im Resort.","twitter_image":"https:\/\/www.immobilienbusiness.ch\/wp-content\/uploads\/2017\/04\/VL_EVT_ASA_3419490.jpg","schema":{"@context":"https:\/\/schema.org","@graph":[{"@type":"Article","@id":"https:\/\/www.immobilienbusiness.ch\/regionen\/2017-04-24\/andermatt-grundsteinlegung-apartmenthaus-alpenrose\/#article","isPartOf":{"@id":"https:\/\/www.immobilienbusiness.ch\/regionen\/2017-04-24\/andermatt-grundsteinlegung-apartmenthaus-alpenrose\/"},"author":{"name":"anja.hall","@id":"https:\/\/www.immobilienbusiness.ch\/#\/schema\/person\/3fc036297b10b9f42d6db5ee932af8c8"},"headline":"Andermatt: Grundsteinlegung f\u00fcr weiteres Apartmenthaus","datePublished":"2017-04-24T06:50:18+00:00","mainEntityOfPage":{"@id":"https:\/\/www.immobilienbusiness.ch\/regionen\/2017-04-24\/andermatt-grundsteinlegung-apartmenthaus-alpenrose\/"},"wordCount":206,"commentCount":0,"publisher":{"@id":"https:\/\/www.immobilienbusiness.ch\/#organization"},"image":{"@id":"https:\/\/www.immobilienbusiness.ch\/regionen\/2017-04-24\/andermatt-grundsteinlegung-apartmenthaus-alpenrose\/#primaryimage"},"thumbnailUrl":"https:\/\/www.immobilienbusiness.ch\/wp-content\/uploads\/2017\/04\/VL_EVT_ASA_3419490.jpg","keywords":["Ferienimmobilien","Projekt in Bau","Zentralschweiz"],"articleSection":["REGIONEN"],"inLanguage":"de"},{"@type":"WebPage","@id":"https:\/\/www.immobilienbusiness.ch\/regionen\/2017-04-24\/andermatt-grundsteinlegung-apartmenthaus-alpenrose\/","url":"https:\/\/www.immobilienbusiness.ch\/regionen\/2017-04-24\/andermatt-grundsteinlegung-apartmenthaus-alpenrose\/","name":"Andermatt: Grundsteinlegung f\u00fcr weiteres Apartmenthaus - IMMOBILIEN Business","isPartOf":{"@id":"https:\/\/www.immobilienbusiness.ch\/#website"},"primaryImageOfPage":{"@id":"https:\/\/www.immobilienbusiness.ch\/regionen\/2017-04-24\/andermatt-grundsteinlegung-apartmenthaus-alpenrose\/#primaryimage"},"image":{"@id":"https:\/\/www.immobilienbusiness.ch\/regionen\/2017-04-24\/andermatt-grundsteinlegung-apartmenthaus-alpenrose\/#primaryimage"},"thumbnailUrl":"https:\/\/www.immobilienbusiness.ch\/wp-content\/uploads\/2017\/04\/VL_EVT_ASA_3419490.jpg","datePublished":"2017-04-24T06:50:18+00:00","description":"Am 21. April wurde in Andermatt die Grundsteinlegung f\u00fcr das Apartmenthaus \u00abAlpenrose\u00bb gefeiert. Es entstehen 20 Apartments in zentraler Lage im Resort.","breadcrumb":{"@id":"https:\/\/www.immobilienbusiness.ch\/regionen\/2017-04-24\/andermatt-grundsteinlegung-apartmenthaus-alpenrose\/#breadcrumb"},"inLanguage":"de","potentialAction":[{"@type":"ReadAction","target":["https:\/\/www.immobilienbusiness.ch\/regionen\/2017-04-24\/andermatt-grundsteinlegung-apartmenthaus-alpenrose\/"]}]},{"@type":"ImageObject","inLanguage":"de","@id":"https:\/\/www.immobilienbusiness.ch\/regionen\/2017-04-24\/andermatt-grundsteinlegung-apartmenthaus-alpenrose\/#primaryimage","url":"https:\/\/www.immobilienbusiness.ch\/wp-content\/uploads\/2017\/04\/VL_EVT_ASA_3419490.jpg","contentUrl":"https:\/\/www.immobilienbusiness.ch\/wp-content\/uploads\/2017\/04\/VL_EVT_ASA_3419490.jpg","width":2560,"height":1707,"caption":"Grundsteinlegung f\u00fcr ein neues Apartmenthaus in Andermatt (Foto: Andermatt Swiss Alps AG)"},{"@type":"BreadcrumbList","@id":"https:\/\/www.immobilienbusiness.ch\/regionen\/2017-04-24\/andermatt-grundsteinlegung-apartmenthaus-alpenrose\/#breadcrumb","itemListElement":[{"@type":"ListItem","position":1,"name":"Home","item":"https:\/\/www.immobilienbusiness.ch\/"},{"@type":"ListItem","position":2,"name":"Andermatt: Grundsteinlegung f\u00fcr weiteres Apartmenthaus"}]},{"@type":"WebSite","@id":"https:\/\/www.immobilienbusiness.ch\/#website","url":"https:\/\/www.immobilienbusiness.ch\/","name":"IMMOBILIEN Business","description":"Unabh\u00e4ngiges Schweizer Wirtschaftsmagazin mit Fokus auf Immobilien, Architektur- und Bau sowie Investment- und Finanzierung.","publisher":{"@id":"https:\/\/www.immobilienbusiness.ch\/#organization"},"potentialAction":[{"@type":"SearchAction","target":{"@type":"EntryPoint","urlTemplate":"https:\/\/www.immobilienbusiness.ch\/?s={search_term_string}"},"query-input":{"@type":"PropertyValueSpecification","valueRequired":true,"valueName":"search_term_string"}}],"inLanguage":"de"},{"@type":"Organization","@id":"https:\/\/www.immobilienbusiness.ch\/#organization","name":"IMMOBILIEN Business","url":"https:\/\/www.immobilienbusiness.ch\/","logo":{"@type":"ImageObject","inLanguage":"de","@id":"https:\/\/www.immobilienbusiness.ch\/#\/schema\/logo\/image\/","url":"https:\/\/www.immobilienbusiness.ch\/wp-content\/uploads\/2021\/07\/logo_ib.png","contentUrl":"https:\/\/www.immobilienbusiness.ch\/wp-content\/uploads\/2021\/07\/logo_ib.png","width":800,"height":181,"caption":"IMMOBILIEN Business"},"image":{"@id":"https:\/\/www.immobilienbusiness.ch\/#\/schema\/logo\/image\/"},"sameAs":["https:\/\/www.facebook.com\/immobilienbusiness\/"]},{"@type":"Person","@id":"https:\/\/www.immobilienbusiness.ch\/#\/schema\/person\/3fc036297b10b9f42d6db5ee932af8c8","name":"anja.hall","image":{"@type":"ImageObject","inLanguage":"de","@id":"https:\/\/secure.gravatar.com\/avatar\/066b5a0d447013502c71a5782f4f3469f03cfe595cc2329fb94652fe47511bfb?s=96&d=mm&r=g","url":"https:\/\/secure.gravatar.com\/avatar\/066b5a0d447013502c71a5782f4f3469f03cfe595cc2329fb94652fe47511bfb?s=96&d=mm&r=g","contentUrl":"https:\/\/secure.gravatar.com\/avatar\/066b5a0d447013502c71a5782f4f3469f03cfe595cc2329fb94652fe47511bfb?s=96&d=mm&r=g","caption":"anja.hall"},"url":"https:\/\/www.immobilienbusiness.ch\/de\/author\/anja-hall\/"}]}},"_links":{"self":[{"href":"https:\/\/www.immobilienbusiness.ch\/de\/wp-json\/wp\/v2\/posts\/7254","targetHints":{"allow":["GET"]}}],"collection":[{"href":"https:\/\/www.immobilienbusiness.ch\/de\/wp-json\/wp\/v2\/posts"}],"about":[{"href":"https:\/\/www.immobilienbusiness.ch\/de\/wp-json\/wp\/v2\/types\/post"}],"author":[{"embeddable":true,"href":"https:\/\/www.immobilienbusiness.ch\/de\/wp-json\/wp\/v2\/users\/3"}],"replies":[{"embeddable":true,"href":"https:\/\/www.immobilienbusiness.ch\/de\/wp-json\/wp\/v2\/comments?post=7254"}],"version-history":[{"count":0,"href":"https:\/\/www.immobilienbusiness.ch\/de\/wp-json\/wp\/v2\/posts\/7254\/revisions"}],"wp:featuredmedia":[{"embeddable":true,"href":"https:\/\/www.immobilienbusiness.ch\/de\/wp-json\/wp\/v2\/media\/7255"}],"wp:attachment":[{"href":"https:\/\/www.immobilienbusiness.ch\/de\/wp-json\/wp\/v2\/media?parent=7254"}],"wp:term":[{"taxonomy":"category","embeddable":true,"href":"https:\/\/www.immobilienbusiness.ch\/de\/wp-json\/wp\/v2\/categories?post=7254"},{"taxonomy":"post_tag","embeddable":true,"href":"https:\/\/www.immobilienbusiness.ch\/de\/wp-json\/wp\/v2\/tags?post=7254"}],"curies":[{"name":"wp","href":"https:\/\/api.w.org\/{rel}","templated":true}]}}