{"id":7216,"date":"2017-04-20T08:54:02","date_gmt":"2017-04-20T06:54:02","guid":{"rendered":"https:\/\/www.immobilienbusiness.ch\/?p=7216"},"modified":"2017-04-20T08:54:02","modified_gmt":"2017-04-20T06:54:02","slug":"zuerich-25hours-hotel-eroeffnung","status":"publish","type":"post","link":"https:\/\/www.immobilienbusiness.ch\/de\/regionen\/2017-04-20\/zuerich-25hours-hotel-eroeffnung\/","title":{"rendered":"Z\u00fcrich: 25hours-Hotel ist er\u00f6ffnet"},"content":{"rendered":"<figure id=\"attachment_7217\" aria-describedby=\"caption-attachment-7217\" style=\"width: 680px\" class=\"wp-caption alignnone\"><img loading=\"lazy\" decoding=\"async\" class=\"wp-image-7217 size-medium\" src=\"https:\/\/www.immobilienbusiness.ch\/wp-content\/uploads\/2017\/04\/25hours_Hotel_Zurich_Langstrasse_Reception.jpg\" width=\"680\" height=\"383\" srcset=\"https:\/\/www.immobilienbusiness.ch\/wp-content\/uploads\/2017\/04\/25hours_Hotel_Zurich_Langstrasse_Reception.jpg 2560w, https:\/\/www.immobilienbusiness.ch\/wp-content\/uploads\/2017\/04\/25hours_Hotel_Zurich_Langstrasse_Reception-300x169.jpg 300w, https:\/\/www.immobilienbusiness.ch\/wp-content\/uploads\/2017\/04\/25hours_Hotel_Zurich_Langstrasse_Reception-1024x576.jpg 1024w, https:\/\/www.immobilienbusiness.ch\/wp-content\/uploads\/2017\/04\/25hours_Hotel_Zurich_Langstrasse_Reception-768x432.jpg 768w, https:\/\/www.immobilienbusiness.ch\/wp-content\/uploads\/2017\/04\/25hours_Hotel_Zurich_Langstrasse_Reception-1536x864.jpg 1536w, https:\/\/www.immobilienbusiness.ch\/wp-content\/uploads\/2017\/04\/25hours_Hotel_Zurich_Langstrasse_Reception-2048x1152.jpg 2048w, https:\/\/www.immobilienbusiness.ch\/wp-content\/uploads\/2017\/04\/25hours_Hotel_Zurich_Langstrasse_Reception-16x9.jpg 16w, https:\/\/www.immobilienbusiness.ch\/wp-content\/uploads\/2017\/04\/25hours_Hotel_Zurich_Langstrasse_Reception-311x175.jpg 311w, https:\/\/www.immobilienbusiness.ch\/wp-content\/uploads\/2017\/04\/25hours_Hotel_Zurich_Langstrasse_Reception-622x350.jpg 622w, https:\/\/www.immobilienbusiness.ch\/wp-content\/uploads\/2017\/04\/25hours_Hotel_Zurich_Langstrasse_Reception-1422x800.jpg 1422w, https:\/\/www.immobilienbusiness.ch\/wp-content\/uploads\/2017\/04\/25hours_Hotel_Zurich_Langstrasse_Reception-920x518.jpg 920w, https:\/\/www.immobilienbusiness.ch\/wp-content\/uploads\/2017\/04\/25hours_Hotel_Zurich_Langstrasse_Reception-1400x788.jpg 1400w\" sizes=\"auto, (max-width: 680px) 100vw, 680px\" \/><figcaption id=\"caption-attachment-7217\" class=\"wp-caption-text\">In der Europaallee hat das neue Hotel der Marke 25hours er\u00f6ffnet (Rendering: Stephan Lemke for 25hours Hotels)<\/figcaption><\/figure>\n<p>Das neue 25hours Hotel Langstrasse ist seit 1. April in Betrieb, es liegt an der Ecke Langstrasse\/Lagerstrasse auf dem Baufeld H der Europaallee. Das Haus umfasst 170 G\u00e4stezimmer in f\u00fcnf verschiedenen Kategorien, die ab 270 CHF pro Nacht kosten. Im Erdgeschoss des Geb\u00e4udes sind zudem das Restaurant NENI und die Cinchona-Bar untergebracht. NENI bietet 100 Innenpl\u00e4tze sowie weitere 100 Pl\u00e4tze auf einer Terrasse mit Blick auf die Langstrasse.<\/p>\n<p>Der markante Hotelbau stammt aus der Feder des Architekturb\u00fcros E2A. Die Z\u00fcrcher gewannen 2010 den Wettbewerb f\u00fcr die Gestaltung des gesamten Baufeldes H, das bis Ende des Jahres neben dem Hotel auch B\u00fcrofl\u00e4chen, ein Kino und die R\u00e4ume einer Privatschule beheimaten wird.<\/p>\n<h2>Kreative Innenarchitektur<\/h2>\n<p>Die Inneneinrichtung des neuen 25hours Hotels hat der Berliner Designer Werner Aisslinger verantwortet, der bereits das Berliner Haus der Gruppe mitgestaltet hat. Unter dem Arbeitstitel \u00abPocket Universe\u00bb entwarf er eine Collage aus Schweizer und internationalen Einfl\u00fcssen, unter anderem kuratiert der lokale Kein&amp;Aber-Verlag den Hotelkiosk, und das Taschen-Label Freitag pr\u00e4sentiert eine ungew\u00f6hnliche Installation seiner Produkte.<\/p>\n<p>Eine weitere Besonderheit des Hauses ist das \u00abArtist in Residence\u00bb-Projekt, das von der Z\u00fcrcher Kunstvermittlerin Esther Eppstein kuratiert wird. Ein hoteleigenes Atelier soll regelm\u00e4\u00dfig internationalen K\u00fcnstlern aus verschiedenen Stilrichtungen zur Verf\u00fcgung gestellt werden. Als Vorbilder f\u00fcr dieses Projekt nennt 25hours-CEO Christoph Hoffmann H\u00e4user wie das Chelsea Hotel in New York oder das Colombe D\u2019Or in St.Paul de Vence.<\/p>\n<p>Die 25hours Hotel Company wurde im Jahr 2005 von Stephan Gerhard, Ardi Goldman, Christoph Hoffmann und Kai Hollmann gegr\u00fcndet. Die Gesellschaft betreibt heute acht Hotels im deutschsprachigen Raum, und vier weitere Er\u00f6ffnungen stehen an: In diesem Jahr in M\u00fcnchen, im kommenden Jahr in Paris, D\u00fcsseldorf und K\u00f6ln. Im Herbst 2016 hat das Unternehmen eine strategische Allianz mit AccorHotels geschlossen und verfolgt nun auch weltweit Hotelprojekte.<\/p>\n","protected":false},"excerpt":{"rendered":"<p>In Z\u00fcrichs Europaallee-Quartier hat das 25hours-Hotel er\u00f6ffnet. Es ist das zweite Haus der deutschen Marke in Z\u00fcrich.<\/p>\n","protected":false},"author":3,"featured_media":7217,"comment_status":"open","ping_status":"open","sticky":false,"template":"","format":"standard","meta":{"_acf_changed":false,"_yoast_wpseo_focuskw":"25hours","_yoast_wpseo_title":"","_yoast_wpseo_metadesc":"In Z\u00fcrichs Europaallee-Quartier hat das 25hours-Hotel er\u00f6ffnet. Es ist das zweite Haus der deutschen Marke in Z\u00fcrich.","_yoast_wpseo_linkdex":89,"pgc_sgb_lightbox_settings":"","footnotes":""},"categories":[985],"tags":[1209,1313,1888],"class_list":["post-7216","post","type-post","status-publish","format-standard","has-post-thumbnail","hentry","category-regionen","tag-europaallee","tag-hotel","tag-zuerich"],"acf":[],"yoast_head":"<!-- This site is optimized with the Yoast SEO plugin v27.5 - https:\/\/yoast.com\/product\/yoast-seo-wordpress\/ -->\n<title>Z\u00fcrich: 25hours-Hotel ist er\u00f6ffnet - IMMOBILIEN Business<\/title>\n<meta name=\"description\" content=\"In Z\u00fcrichs Europaallee-Quartier hat das 25hours-Hotel er\u00f6ffnet. Es ist das zweite Haus der deutschen Marke in Z\u00fcrich.\" \/>\n<meta name=\"robots\" content=\"index, follow, max-snippet:-1, max-image-preview:large, max-video-preview:-1\" \/>\n<link rel=\"canonical\" href=\"https:\/\/www.immobilienbusiness.ch\/de\/regionen\/2017-04-20\/zuerich-25hours-hotel-eroeffnung\/\" \/>\n<meta property=\"og:locale\" content=\"de_DE\" \/>\n<meta property=\"og:type\" content=\"article\" \/>\n<meta property=\"og:title\" content=\"Z\u00fcrich: 25hours-Hotel ist er\u00f6ffnet\" \/>\n<meta property=\"og:description\" content=\"In Z\u00fcrichs Europaallee-Quartier hat das 25hours-Hotel er\u00f6ffnet. Es ist das zweite Haus der deutschen Marke in Z\u00fcrich.\" \/>\n<meta property=\"og:url\" content=\"https:\/\/www.immobilienbusiness.ch\/de\/regionen\/2017-04-20\/zuerich-25hours-hotel-eroeffnung\/\" \/>\n<meta property=\"og:site_name\" content=\"IMMOBILIEN Business\" \/>\n<meta property=\"article:publisher\" content=\"https:\/\/www.facebook.com\/immobilienbusiness\/\" \/>\n<meta property=\"article:published_time\" content=\"2017-04-20T06:54:02+00:00\" \/>\n<meta property=\"og:image\" content=\"https:\/\/www.immobilienbusiness.ch\/wp-content\/uploads\/2017\/04\/25hours_Hotel_Zurich_Langstrasse_Reception-1024x576.jpg\" \/>\n\t<meta property=\"og:image:width\" content=\"1024\" \/>\n\t<meta property=\"og:image:height\" content=\"576\" \/>\n\t<meta property=\"og:image:type\" content=\"image\/jpeg\" \/>\n<meta name=\"author\" content=\"anja.hall\" \/>\n<meta name=\"twitter:card\" content=\"summary_large_image\" \/>\n<meta name=\"twitter:title\" content=\"Z\u00fcrich: 25hours-Hotel ist er\u00f6ffnet\" \/>\n<meta name=\"twitter:description\" content=\"In Z\u00fcrichs Europaallee-Quartier hat das 25hours-Hotel er\u00f6ffnet. Es ist das zweite Haus der deutschen Marke in Z\u00fcrich.\" \/>\n<meta name=\"twitter:image\" content=\"https:\/\/www.immobilienbusiness.ch\/wp-content\/uploads\/2017\/04\/25hours_Hotel_Zurich_Langstrasse_Reception.jpg\" \/>\n<script type=\"application\/ld+json\" class=\"yoast-schema-graph\">{\"@context\":\"https:\\\/\\\/schema.org\",\"@graph\":[{\"@type\":\"Article\",\"@id\":\"https:\\\/\\\/www.immobilienbusiness.ch\\\/en\\\/regionen\\\/2017-04-20\\\/zuerich-25hours-hotel-eroeffnung\\\/#article\",\"isPartOf\":{\"@id\":\"https:\\\/\\\/www.immobilienbusiness.ch\\\/en\\\/regionen\\\/2017-04-20\\\/zuerich-25hours-hotel-eroeffnung\\\/\"},\"author\":{\"name\":\"anja.hall\",\"@id\":\"https:\\\/\\\/www.immobilienbusiness.ch\\\/#\\\/schema\\\/person\\\/3fc036297b10b9f42d6db5ee932af8c8\"},\"headline\":\"Z\u00fcrich: 25hours-Hotel ist er\u00f6ffnet\",\"datePublished\":\"2017-04-20T06:54:02+00:00\",\"mainEntityOfPage\":{\"@id\":\"https:\\\/\\\/www.immobilienbusiness.ch\\\/en\\\/regionen\\\/2017-04-20\\\/zuerich-25hours-hotel-eroeffnung\\\/\"},\"wordCount\":344,\"commentCount\":0,\"publisher\":{\"@id\":\"https:\\\/\\\/www.immobilienbusiness.ch\\\/#organization\"},\"image\":{\"@id\":\"https:\\\/\\\/www.immobilienbusiness.ch\\\/en\\\/regionen\\\/2017-04-20\\\/zuerich-25hours-hotel-eroeffnung\\\/#primaryimage\"},\"thumbnailUrl\":\"https:\\\/\\\/www.immobilienbusiness.ch\\\/wp-content\\\/uploads\\\/2017\\\/04\\\/25hours_Hotel_Zurich_Langstrasse_Reception.jpg\",\"keywords\":[\"Europaallee\",\"Hotel\",\"Z\u00fcrich\"],\"articleSection\":[\"REGIONEN\"],\"inLanguage\":\"de\"},{\"@type\":\"WebPage\",\"@id\":\"https:\\\/\\\/www.immobilienbusiness.ch\\\/en\\\/regionen\\\/2017-04-20\\\/zuerich-25hours-hotel-eroeffnung\\\/\",\"url\":\"https:\\\/\\\/www.immobilienbusiness.ch\\\/en\\\/regionen\\\/2017-04-20\\\/zuerich-25hours-hotel-eroeffnung\\\/\",\"name\":\"Z\u00fcrich: 25hours-Hotel ist er\u00f6ffnet - IMMOBILIEN Business\",\"isPartOf\":{\"@id\":\"https:\\\/\\\/www.immobilienbusiness.ch\\\/#website\"},\"primaryImageOfPage\":{\"@id\":\"https:\\\/\\\/www.immobilienbusiness.ch\\\/en\\\/regionen\\\/2017-04-20\\\/zuerich-25hours-hotel-eroeffnung\\\/#primaryimage\"},\"image\":{\"@id\":\"https:\\\/\\\/www.immobilienbusiness.ch\\\/en\\\/regionen\\\/2017-04-20\\\/zuerich-25hours-hotel-eroeffnung\\\/#primaryimage\"},\"thumbnailUrl\":\"https:\\\/\\\/www.immobilienbusiness.ch\\\/wp-content\\\/uploads\\\/2017\\\/04\\\/25hours_Hotel_Zurich_Langstrasse_Reception.jpg\",\"datePublished\":\"2017-04-20T06:54:02+00:00\",\"description\":\"In Z\u00fcrichs Europaallee-Quartier hat das 25hours-Hotel er\u00f6ffnet. Es ist das zweite Haus der deutschen Marke in Z\u00fcrich.\",\"breadcrumb\":{\"@id\":\"https:\\\/\\\/www.immobilienbusiness.ch\\\/en\\\/regionen\\\/2017-04-20\\\/zuerich-25hours-hotel-eroeffnung\\\/#breadcrumb\"},\"inLanguage\":\"de\",\"potentialAction\":[{\"@type\":\"ReadAction\",\"target\":[\"https:\\\/\\\/www.immobilienbusiness.ch\\\/en\\\/regionen\\\/2017-04-20\\\/zuerich-25hours-hotel-eroeffnung\\\/\"]}]},{\"@type\":\"ImageObject\",\"inLanguage\":\"de\",\"@id\":\"https:\\\/\\\/www.immobilienbusiness.ch\\\/en\\\/regionen\\\/2017-04-20\\\/zuerich-25hours-hotel-eroeffnung\\\/#primaryimage\",\"url\":\"https:\\\/\\\/www.immobilienbusiness.ch\\\/wp-content\\\/uploads\\\/2017\\\/04\\\/25hours_Hotel_Zurich_Langstrasse_Reception.jpg\",\"contentUrl\":\"https:\\\/\\\/www.immobilienbusiness.ch\\\/wp-content\\\/uploads\\\/2017\\\/04\\\/25hours_Hotel_Zurich_Langstrasse_Reception.jpg\",\"width\":2560,\"height\":1440,\"caption\":\"In der Europaallee hat das neue Hotel der Marke 25hours er\u00f6ffnet (Rendering:\"},{\"@type\":\"BreadcrumbList\",\"@id\":\"https:\\\/\\\/www.immobilienbusiness.ch\\\/en\\\/regionen\\\/2017-04-20\\\/zuerich-25hours-hotel-eroeffnung\\\/#breadcrumb\",\"itemListElement\":[{\"@type\":\"ListItem\",\"position\":1,\"name\":\"Home\",\"item\":\"https:\\\/\\\/www.immobilienbusiness.ch\\\/\"},{\"@type\":\"ListItem\",\"position\":2,\"name\":\"Z\u00fcrich: 25hours-Hotel ist er\u00f6ffnet\"}]},{\"@type\":\"WebSite\",\"@id\":\"https:\\\/\\\/www.immobilienbusiness.ch\\\/#website\",\"url\":\"https:\\\/\\\/www.immobilienbusiness.ch\\\/\",\"name\":\"IMMOBILIEN Business\",\"description\":\"Unabh\u00e4ngiges Schweizer Wirtschaftsmagazin mit Fokus auf Immobilien, Architektur- und Bau sowie Investment- und Finanzierung.\",\"publisher\":{\"@id\":\"https:\\\/\\\/www.immobilienbusiness.ch\\\/#organization\"},\"potentialAction\":[{\"@type\":\"SearchAction\",\"target\":{\"@type\":\"EntryPoint\",\"urlTemplate\":\"https:\\\/\\\/www.immobilienbusiness.ch\\\/?s={search_term_string}\"},\"query-input\":{\"@type\":\"PropertyValueSpecification\",\"valueRequired\":true,\"valueName\":\"search_term_string\"}}],\"inLanguage\":\"de\"},{\"@type\":\"Organization\",\"@id\":\"https:\\\/\\\/www.immobilienbusiness.ch\\\/#organization\",\"name\":\"IMMOBILIEN Business\",\"url\":\"https:\\\/\\\/www.immobilienbusiness.ch\\\/\",\"logo\":{\"@type\":\"ImageObject\",\"inLanguage\":\"de\",\"@id\":\"https:\\\/\\\/www.immobilienbusiness.ch\\\/#\\\/schema\\\/logo\\\/image\\\/\",\"url\":\"https:\\\/\\\/www.immobilienbusiness.ch\\\/wp-content\\\/uploads\\\/2021\\\/07\\\/logo_ib.png\",\"contentUrl\":\"https:\\\/\\\/www.immobilienbusiness.ch\\\/wp-content\\\/uploads\\\/2021\\\/07\\\/logo_ib.png\",\"width\":800,\"height\":181,\"caption\":\"IMMOBILIEN Business\"},\"image\":{\"@id\":\"https:\\\/\\\/www.immobilienbusiness.ch\\\/#\\\/schema\\\/logo\\\/image\\\/\"},\"sameAs\":[\"https:\\\/\\\/www.facebook.com\\\/immobilienbusiness\\\/\"]},{\"@type\":\"Person\",\"@id\":\"https:\\\/\\\/www.immobilienbusiness.ch\\\/#\\\/schema\\\/person\\\/3fc036297b10b9f42d6db5ee932af8c8\",\"name\":\"anja.hall\",\"image\":{\"@type\":\"ImageObject\",\"inLanguage\":\"de\",\"@id\":\"https:\\\/\\\/secure.gravatar.com\\\/avatar\\\/066b5a0d447013502c71a5782f4f3469f03cfe595cc2329fb94652fe47511bfb?s=96&d=mm&r=g\",\"url\":\"https:\\\/\\\/secure.gravatar.com\\\/avatar\\\/066b5a0d447013502c71a5782f4f3469f03cfe595cc2329fb94652fe47511bfb?s=96&d=mm&r=g\",\"contentUrl\":\"https:\\\/\\\/secure.gravatar.com\\\/avatar\\\/066b5a0d447013502c71a5782f4f3469f03cfe595cc2329fb94652fe47511bfb?s=96&d=mm&r=g\",\"caption\":\"anja.hall\"},\"url\":\"https:\\\/\\\/www.immobilienbusiness.ch\\\/de\\\/author\\\/anja-hall\\\/\"}]}<\/script>\n<!-- \/ Yoast SEO plugin. -->","yoast_head_json":{"title":"Z\u00fcrich: 25hours-Hotel ist er\u00f6ffnet - IMMOBILIEN Business","description":"In Z\u00fcrichs Europaallee-Quartier hat das 25hours-Hotel er\u00f6ffnet. Es ist das zweite Haus der deutschen Marke in Z\u00fcrich.","robots":{"index":"index","follow":"follow","max-snippet":"max-snippet:-1","max-image-preview":"max-image-preview:large","max-video-preview":"max-video-preview:-1"},"canonical":"https:\/\/www.immobilienbusiness.ch\/de\/regionen\/2017-04-20\/zuerich-25hours-hotel-eroeffnung\/","og_locale":"de_DE","og_type":"article","og_title":"Z\u00fcrich: 25hours-Hotel ist er\u00f6ffnet","og_description":"In Z\u00fcrichs Europaallee-Quartier hat das 25hours-Hotel er\u00f6ffnet. Es ist das zweite Haus der deutschen Marke in Z\u00fcrich.","og_url":"https:\/\/www.immobilienbusiness.ch\/de\/regionen\/2017-04-20\/zuerich-25hours-hotel-eroeffnung\/","og_site_name":"IMMOBILIEN Business","article_publisher":"https:\/\/www.facebook.com\/immobilienbusiness\/","article_published_time":"2017-04-20T06:54:02+00:00","og_image":[{"width":1024,"height":576,"url":"https:\/\/www.immobilienbusiness.ch\/wp-content\/uploads\/2017\/04\/25hours_Hotel_Zurich_Langstrasse_Reception-1024x576.jpg","type":"image\/jpeg"}],"author":"anja.hall","twitter_card":"summary_large_image","twitter_title":"Z\u00fcrich: 25hours-Hotel ist er\u00f6ffnet","twitter_description":"In Z\u00fcrichs Europaallee-Quartier hat das 25hours-Hotel er\u00f6ffnet. Es ist das zweite Haus der deutschen Marke in Z\u00fcrich.","twitter_image":"https:\/\/www.immobilienbusiness.ch\/wp-content\/uploads\/2017\/04\/25hours_Hotel_Zurich_Langstrasse_Reception.jpg","schema":{"@context":"https:\/\/schema.org","@graph":[{"@type":"Article","@id":"https:\/\/www.immobilienbusiness.ch\/en\/regionen\/2017-04-20\/zuerich-25hours-hotel-eroeffnung\/#article","isPartOf":{"@id":"https:\/\/www.immobilienbusiness.ch\/en\/regionen\/2017-04-20\/zuerich-25hours-hotel-eroeffnung\/"},"author":{"name":"anja.hall","@id":"https:\/\/www.immobilienbusiness.ch\/#\/schema\/person\/3fc036297b10b9f42d6db5ee932af8c8"},"headline":"Z\u00fcrich: 25hours-Hotel ist er\u00f6ffnet","datePublished":"2017-04-20T06:54:02+00:00","mainEntityOfPage":{"@id":"https:\/\/www.immobilienbusiness.ch\/en\/regionen\/2017-04-20\/zuerich-25hours-hotel-eroeffnung\/"},"wordCount":344,"commentCount":0,"publisher":{"@id":"https:\/\/www.immobilienbusiness.ch\/#organization"},"image":{"@id":"https:\/\/www.immobilienbusiness.ch\/en\/regionen\/2017-04-20\/zuerich-25hours-hotel-eroeffnung\/#primaryimage"},"thumbnailUrl":"https:\/\/www.immobilienbusiness.ch\/wp-content\/uploads\/2017\/04\/25hours_Hotel_Zurich_Langstrasse_Reception.jpg","keywords":["Europaallee","Hotel","Z\u00fcrich"],"articleSection":["REGIONEN"],"inLanguage":"de"},{"@type":"WebPage","@id":"https:\/\/www.immobilienbusiness.ch\/en\/regionen\/2017-04-20\/zuerich-25hours-hotel-eroeffnung\/","url":"https:\/\/www.immobilienbusiness.ch\/en\/regionen\/2017-04-20\/zuerich-25hours-hotel-eroeffnung\/","name":"Z\u00fcrich: 25hours-Hotel ist er\u00f6ffnet - IMMOBILIEN Business","isPartOf":{"@id":"https:\/\/www.immobilienbusiness.ch\/#website"},"primaryImageOfPage":{"@id":"https:\/\/www.immobilienbusiness.ch\/en\/regionen\/2017-04-20\/zuerich-25hours-hotel-eroeffnung\/#primaryimage"},"image":{"@id":"https:\/\/www.immobilienbusiness.ch\/en\/regionen\/2017-04-20\/zuerich-25hours-hotel-eroeffnung\/#primaryimage"},"thumbnailUrl":"https:\/\/www.immobilienbusiness.ch\/wp-content\/uploads\/2017\/04\/25hours_Hotel_Zurich_Langstrasse_Reception.jpg","datePublished":"2017-04-20T06:54:02+00:00","description":"In Z\u00fcrichs Europaallee-Quartier hat das 25hours-Hotel er\u00f6ffnet. Es ist das zweite Haus der deutschen Marke in Z\u00fcrich.","breadcrumb":{"@id":"https:\/\/www.immobilienbusiness.ch\/en\/regionen\/2017-04-20\/zuerich-25hours-hotel-eroeffnung\/#breadcrumb"},"inLanguage":"de","potentialAction":[{"@type":"ReadAction","target":["https:\/\/www.immobilienbusiness.ch\/en\/regionen\/2017-04-20\/zuerich-25hours-hotel-eroeffnung\/"]}]},{"@type":"ImageObject","inLanguage":"de","@id":"https:\/\/www.immobilienbusiness.ch\/en\/regionen\/2017-04-20\/zuerich-25hours-hotel-eroeffnung\/#primaryimage","url":"https:\/\/www.immobilienbusiness.ch\/wp-content\/uploads\/2017\/04\/25hours_Hotel_Zurich_Langstrasse_Reception.jpg","contentUrl":"https:\/\/www.immobilienbusiness.ch\/wp-content\/uploads\/2017\/04\/25hours_Hotel_Zurich_Langstrasse_Reception.jpg","width":2560,"height":1440,"caption":"In der Europaallee hat das neue Hotel der Marke 25hours er\u00f6ffnet (Rendering:"},{"@type":"BreadcrumbList","@id":"https:\/\/www.immobilienbusiness.ch\/en\/regionen\/2017-04-20\/zuerich-25hours-hotel-eroeffnung\/#breadcrumb","itemListElement":[{"@type":"ListItem","position":1,"name":"Home","item":"https:\/\/www.immobilienbusiness.ch\/"},{"@type":"ListItem","position":2,"name":"Z\u00fcrich: 25hours-Hotel ist er\u00f6ffnet"}]},{"@type":"WebSite","@id":"https:\/\/www.immobilienbusiness.ch\/#website","url":"https:\/\/www.immobilienbusiness.ch\/","name":"IMMOBILIEN Business","description":"Unabh\u00e4ngiges Schweizer Wirtschaftsmagazin mit Fokus auf Immobilien, Architektur- und Bau sowie Investment- und Finanzierung.","publisher":{"@id":"https:\/\/www.immobilienbusiness.ch\/#organization"},"potentialAction":[{"@type":"SearchAction","target":{"@type":"EntryPoint","urlTemplate":"https:\/\/www.immobilienbusiness.ch\/?s={search_term_string}"},"query-input":{"@type":"PropertyValueSpecification","valueRequired":true,"valueName":"search_term_string"}}],"inLanguage":"de"},{"@type":"Organization","@id":"https:\/\/www.immobilienbusiness.ch\/#organization","name":"IMMOBILIEN Business","url":"https:\/\/www.immobilienbusiness.ch\/","logo":{"@type":"ImageObject","inLanguage":"de","@id":"https:\/\/www.immobilienbusiness.ch\/#\/schema\/logo\/image\/","url":"https:\/\/www.immobilienbusiness.ch\/wp-content\/uploads\/2021\/07\/logo_ib.png","contentUrl":"https:\/\/www.immobilienbusiness.ch\/wp-content\/uploads\/2021\/07\/logo_ib.png","width":800,"height":181,"caption":"IMMOBILIEN Business"},"image":{"@id":"https:\/\/www.immobilienbusiness.ch\/#\/schema\/logo\/image\/"},"sameAs":["https:\/\/www.facebook.com\/immobilienbusiness\/"]},{"@type":"Person","@id":"https:\/\/www.immobilienbusiness.ch\/#\/schema\/person\/3fc036297b10b9f42d6db5ee932af8c8","name":"anja.hall","image":{"@type":"ImageObject","inLanguage":"de","@id":"https:\/\/secure.gravatar.com\/avatar\/066b5a0d447013502c71a5782f4f3469f03cfe595cc2329fb94652fe47511bfb?s=96&d=mm&r=g","url":"https:\/\/secure.gravatar.com\/avatar\/066b5a0d447013502c71a5782f4f3469f03cfe595cc2329fb94652fe47511bfb?s=96&d=mm&r=g","contentUrl":"https:\/\/secure.gravatar.com\/avatar\/066b5a0d447013502c71a5782f4f3469f03cfe595cc2329fb94652fe47511bfb?s=96&d=mm&r=g","caption":"anja.hall"},"url":"https:\/\/www.immobilienbusiness.ch\/de\/author\/anja-hall\/"}]}},"_links":{"self":[{"href":"https:\/\/www.immobilienbusiness.ch\/de\/wp-json\/wp\/v2\/posts\/7216","targetHints":{"allow":["GET"]}}],"collection":[{"href":"https:\/\/www.immobilienbusiness.ch\/de\/wp-json\/wp\/v2\/posts"}],"about":[{"href":"https:\/\/www.immobilienbusiness.ch\/de\/wp-json\/wp\/v2\/types\/post"}],"author":[{"embeddable":true,"href":"https:\/\/www.immobilienbusiness.ch\/de\/wp-json\/wp\/v2\/users\/3"}],"replies":[{"embeddable":true,"href":"https:\/\/www.immobilienbusiness.ch\/de\/wp-json\/wp\/v2\/comments?post=7216"}],"version-history":[{"count":0,"href":"https:\/\/www.immobilienbusiness.ch\/de\/wp-json\/wp\/v2\/posts\/7216\/revisions"}],"wp:featuredmedia":[{"embeddable":true,"href":"https:\/\/www.immobilienbusiness.ch\/de\/wp-json\/wp\/v2\/media\/7217"}],"wp:attachment":[{"href":"https:\/\/www.immobilienbusiness.ch\/de\/wp-json\/wp\/v2\/media?parent=7216"}],"wp:term":[{"taxonomy":"category","embeddable":true,"href":"https:\/\/www.immobilienbusiness.ch\/de\/wp-json\/wp\/v2\/categories?post=7216"},{"taxonomy":"post_tag","embeddable":true,"href":"https:\/\/www.immobilienbusiness.ch\/de\/wp-json\/wp\/v2\/tags?post=7216"}],"curies":[{"name":"wp","href":"https:\/\/api.w.org\/{rel}","templated":true}]}}