{"id":7097,"date":"2017-04-07T12:40:35","date_gmt":"2017-04-07T10:40:35","guid":{"rendered":"https:\/\/www.immobilienbusiness.ch\/?p=7097"},"modified":"2017-04-07T12:40:35","modified_gmt":"2017-04-07T10:40:35","slug":"beat-schwab-neu-im-pom-vr","status":"publish","type":"post","link":"https:\/\/www.immobilienbusiness.ch\/de\/allgemein\/2017-04-07\/beat-schwab-neu-im-pom-vr\/","title":{"rendered":"pom+: Beat Schwab zieht in VR ein"},"content":{"rendered":"<figure id=\"attachment_7117\" aria-describedby=\"caption-attachment-7117\" style=\"width: 635px\" class=\"wp-caption alignnone\"><img loading=\"lazy\" decoding=\"async\" class=\"size-full wp-image-7117\" src=\"https:\/\/www.immobilienbusiness.ch\/wp-content\/uploads\/2017\/04\/Beat-Schwab-zieht-in-pom-Verwaltungsrat-ein.jpg\" alt=\"\" width=\"635\" height=\"336\" srcset=\"https:\/\/www.immobilienbusiness.ch\/wp-content\/uploads\/2017\/04\/Beat-Schwab-zieht-in-pom-Verwaltungsrat-ein.jpg 635w, https:\/\/www.immobilienbusiness.ch\/wp-content\/uploads\/2017\/04\/Beat-Schwab-zieht-in-pom-Verwaltungsrat-ein-300x159.jpg 300w, https:\/\/www.immobilienbusiness.ch\/wp-content\/uploads\/2017\/04\/Beat-Schwab-zieht-in-pom-Verwaltungsrat-ein-16x8.jpg 16w, https:\/\/www.immobilienbusiness.ch\/wp-content\/uploads\/2017\/04\/Beat-Schwab-zieht-in-pom-Verwaltungsrat-ein-331x175.jpg 331w\" sizes=\"auto, (max-width: 635px) 100vw, 635px\" \/><figcaption id=\"caption-attachment-7117\" class=\"wp-caption-text\">Beat Schwab zieht in den Verwaltungsrat von pom+ ein (Foto: PD)<\/figcaption><\/figure>\n<p>Beat Schwab blickt auf eine lange Karriere im Immobiliensektor zur\u00fcck: Nach T\u00e4tigkeiten als Analyst f\u00fcr Bauwirtschaft und Immobilienm\u00e4rkte bei der UBS und der Credit Suisse First Boston wurde er 1999 Gesch\u00e4ftsf\u00fchrer und Mitinhaber der Sevis AG, einem Dienstleister f\u00fcr integrale Facility Services.<\/p>\n<p>Nach dem Verkauf des Unternehmens an die ISS-Gruppe im Jahr 2004 wurde er Mitglied der Gesch\u00e4ftsleitung der ISS Schweiz AG. Schwab zeichnete von 2007 bis 2012 als CEO der Wincasa AG verantwortlich und wechselte anschliessend als Head Real Estate Asset Management zur Credit Suisse.<\/p>\n<p>Seit Mitte 2017 ist Schwab selbst\u00e4ndiger Immobilien-Unternehmer und aktiver Verwaltungsrat, unter anderem bei der Zug Estates Holding AG, den Schweizerischen Bundesbahnen SBB, der Varia US Properties AG und der Credit Suisse Asset Management (Schweiz) AG.<\/p>\n","protected":false},"excerpt":{"rendered":"<p>Die Immobilienberatungsgesellschaft pom+Consulting AG erg\u00e4nzt ihren Verwaltungsrat. Dr. Beat Schwab wird das Gremium ab dem 15. Mai verst\u00e4rken.<\/p>\n","protected":false},"author":3,"featured_media":7117,"comment_status":"open","ping_status":"open","sticky":false,"template":"","format":"standard","meta":{"_acf_changed":false,"_yoast_wpseo_focuskw":"pom","_yoast_wpseo_title":"","_yoast_wpseo_metadesc":"Die Immobilienberatungsgesellschaft pom+Consulting AG erg\u00e4nzt ihren Verwaltungsrat. Dr. Beat Schwab wird das Gremium ab dem 15. Mai verst\u00e4rken.","_yoast_wpseo_linkdex":74,"pgc_sgb_lightbox_settings":"","footnotes":""},"categories":[1],"tags":[1084,1216,1329,1580,1834],"class_list":["post-7097","post","type-post","status-publish","format-standard","has-post-thumbnail","hentry","category-allgemein","tag-beat-schwab","tag-facility-management","tag-immobilien-ag","tag-pom","tag-verwaltungsrat"],"acf":[],"yoast_head":"<!-- This site is optimized with the Yoast SEO plugin v27.4 - https:\/\/yoast.com\/product\/yoast-seo-wordpress\/ -->\n<title>pom+: Beat Schwab zieht in VR ein - IMMOBILIEN Business<\/title>\n<meta name=\"description\" content=\"Die Immobilienberatungsgesellschaft pom+Consulting AG erg\u00e4nzt ihren Verwaltungsrat. Dr. Beat Schwab wird das Gremium ab dem 15. Mai verst\u00e4rken.\" \/>\n<meta name=\"robots\" content=\"index, follow, max-snippet:-1, max-image-preview:large, max-video-preview:-1\" \/>\n<link rel=\"canonical\" href=\"https:\/\/www.immobilienbusiness.ch\/de\/allgemein\/2017-04-07\/beat-schwab-neu-im-pom-vr\/\" \/>\n<meta property=\"og:locale\" content=\"de_DE\" \/>\n<meta property=\"og:type\" content=\"article\" \/>\n<meta property=\"og:title\" content=\"Beat Schwab zieht in pom+-VR ein\" \/>\n<meta property=\"og:description\" content=\"Die Immobilienberatungsgesellschaft pom+Consulting AG erg\u00e4nzt ihren Verwaltungsrat. Dr. Beat Schwab wird das Gremium ab dem 15. Mai verst\u00e4rken.\" \/>\n<meta property=\"og:url\" content=\"https:\/\/www.immobilienbusiness.ch\/de\/allgemein\/2017-04-07\/beat-schwab-neu-im-pom-vr\/\" \/>\n<meta property=\"og:site_name\" content=\"IMMOBILIEN Business\" \/>\n<meta property=\"article:publisher\" content=\"https:\/\/www.facebook.com\/immobilienbusiness\/\" \/>\n<meta property=\"article:published_time\" content=\"2017-04-07T10:40:35+00:00\" \/>\n<meta property=\"og:image\" content=\"https:\/\/www.immobilienbusiness.ch\/wp-content\/uploads\/2016\/12\/CS-REIM-Beat-Schwab-uebernimmt-von-Timothy-Blackwell-immobilien-business.jpg\" \/>\n\t<meta property=\"og:image:width\" content=\"1104\" \/>\n\t<meta property=\"og:image:height\" content=\"1104\" \/>\n\t<meta property=\"og:image:type\" content=\"image\/jpeg\" \/>\n<meta name=\"author\" content=\"anja.hall\" \/>\n<meta name=\"twitter:card\" content=\"summary_large_image\" \/>\n<meta name=\"twitter:title\" content=\"Beat Schwab zieht in pom+-VR ein\" \/>\n<meta name=\"twitter:description\" content=\"Die Immobilienberatungsgesellschaft pom+Consulting AG erg\u00e4nzt ihren Verwaltungsrat. Dr. Beat Schwab wird das Gremium ab dem 15. Mai verst\u00e4rken.\" \/>\n<meta name=\"twitter:image\" content=\"https:\/\/www.immobilienbusiness.ch\/wp-content\/uploads\/2016\/12\/CS-REIM-Beat-Schwab-\u00fcbernimmt-von-Timothy-Blackwell-immobilien-business.jpg\" \/>\n<script type=\"application\/ld+json\" class=\"yoast-schema-graph\">{\"@context\":\"https:\\\/\\\/schema.org\",\"@graph\":[{\"@type\":\"Article\",\"@id\":\"https:\\\/\\\/www.immobilienbusiness.ch\\\/allgemein\\\/2017-04-07\\\/beat-schwab-neu-im-pom-vr\\\/#article\",\"isPartOf\":{\"@id\":\"https:\\\/\\\/www.immobilienbusiness.ch\\\/allgemein\\\/2017-04-07\\\/beat-schwab-neu-im-pom-vr\\\/\"},\"author\":{\"name\":\"anja.hall\",\"@id\":\"https:\\\/\\\/www.immobilienbusiness.ch\\\/#\\\/schema\\\/person\\\/3fc036297b10b9f42d6db5ee932af8c8\"},\"headline\":\"pom+: Beat Schwab zieht in VR ein\",\"datePublished\":\"2017-04-07T10:40:35+00:00\",\"mainEntityOfPage\":{\"@id\":\"https:\\\/\\\/www.immobilienbusiness.ch\\\/allgemein\\\/2017-04-07\\\/beat-schwab-neu-im-pom-vr\\\/\"},\"wordCount\":150,\"commentCount\":0,\"publisher\":{\"@id\":\"https:\\\/\\\/www.immobilienbusiness.ch\\\/#organization\"},\"image\":{\"@id\":\"https:\\\/\\\/www.immobilienbusiness.ch\\\/allgemein\\\/2017-04-07\\\/beat-schwab-neu-im-pom-vr\\\/#primaryimage\"},\"thumbnailUrl\":\"https:\\\/\\\/www.immobilienbusiness.ch\\\/wp-content\\\/uploads\\\/2017\\\/04\\\/Beat-Schwab-zieht-in-pom-Verwaltungsrat-ein.jpg\",\"keywords\":[\"Beat Schwab\",\"Facility Management\",\"Immobilien-AG\",\"pom+\",\"Verwaltungsrat\"],\"inLanguage\":\"de\"},{\"@type\":\"WebPage\",\"@id\":\"https:\\\/\\\/www.immobilienbusiness.ch\\\/allgemein\\\/2017-04-07\\\/beat-schwab-neu-im-pom-vr\\\/\",\"url\":\"https:\\\/\\\/www.immobilienbusiness.ch\\\/allgemein\\\/2017-04-07\\\/beat-schwab-neu-im-pom-vr\\\/\",\"name\":\"pom+: Beat Schwab zieht in VR ein - IMMOBILIEN Business\",\"isPartOf\":{\"@id\":\"https:\\\/\\\/www.immobilienbusiness.ch\\\/#website\"},\"primaryImageOfPage\":{\"@id\":\"https:\\\/\\\/www.immobilienbusiness.ch\\\/allgemein\\\/2017-04-07\\\/beat-schwab-neu-im-pom-vr\\\/#primaryimage\"},\"image\":{\"@id\":\"https:\\\/\\\/www.immobilienbusiness.ch\\\/allgemein\\\/2017-04-07\\\/beat-schwab-neu-im-pom-vr\\\/#primaryimage\"},\"thumbnailUrl\":\"https:\\\/\\\/www.immobilienbusiness.ch\\\/wp-content\\\/uploads\\\/2017\\\/04\\\/Beat-Schwab-zieht-in-pom-Verwaltungsrat-ein.jpg\",\"datePublished\":\"2017-04-07T10:40:35+00:00\",\"description\":\"Die Immobilienberatungsgesellschaft pom+Consulting AG erg\u00e4nzt ihren Verwaltungsrat. Dr. Beat Schwab wird das Gremium ab dem 15. Mai verst\u00e4rken.\",\"breadcrumb\":{\"@id\":\"https:\\\/\\\/www.immobilienbusiness.ch\\\/allgemein\\\/2017-04-07\\\/beat-schwab-neu-im-pom-vr\\\/#breadcrumb\"},\"inLanguage\":\"de\",\"potentialAction\":[{\"@type\":\"ReadAction\",\"target\":[\"https:\\\/\\\/www.immobilienbusiness.ch\\\/allgemein\\\/2017-04-07\\\/beat-schwab-neu-im-pom-vr\\\/\"]}]},{\"@type\":\"ImageObject\",\"inLanguage\":\"de\",\"@id\":\"https:\\\/\\\/www.immobilienbusiness.ch\\\/allgemein\\\/2017-04-07\\\/beat-schwab-neu-im-pom-vr\\\/#primaryimage\",\"url\":\"https:\\\/\\\/www.immobilienbusiness.ch\\\/wp-content\\\/uploads\\\/2017\\\/04\\\/Beat-Schwab-zieht-in-pom-Verwaltungsrat-ein.jpg\",\"contentUrl\":\"https:\\\/\\\/www.immobilienbusiness.ch\\\/wp-content\\\/uploads\\\/2017\\\/04\\\/Beat-Schwab-zieht-in-pom-Verwaltungsrat-ein.jpg\",\"width\":635,\"height\":336,\"caption\":\"Beat Schwab zieht in den Verwaltungsrat von pom+ ein (Foto: PD)\"},{\"@type\":\"BreadcrumbList\",\"@id\":\"https:\\\/\\\/www.immobilienbusiness.ch\\\/allgemein\\\/2017-04-07\\\/beat-schwab-neu-im-pom-vr\\\/#breadcrumb\",\"itemListElement\":[{\"@type\":\"ListItem\",\"position\":1,\"name\":\"Home\",\"item\":\"https:\\\/\\\/www.immobilienbusiness.ch\\\/\"},{\"@type\":\"ListItem\",\"position\":2,\"name\":\"pom+: Beat Schwab zieht in VR ein\"}]},{\"@type\":\"WebSite\",\"@id\":\"https:\\\/\\\/www.immobilienbusiness.ch\\\/#website\",\"url\":\"https:\\\/\\\/www.immobilienbusiness.ch\\\/\",\"name\":\"IMMOBILIEN Business\",\"description\":\"Unabh\u00e4ngiges Schweizer Wirtschaftsmagazin mit Fokus auf Immobilien, Architektur- und Bau sowie Investment- und Finanzierung.\",\"publisher\":{\"@id\":\"https:\\\/\\\/www.immobilienbusiness.ch\\\/#organization\"},\"potentialAction\":[{\"@type\":\"SearchAction\",\"target\":{\"@type\":\"EntryPoint\",\"urlTemplate\":\"https:\\\/\\\/www.immobilienbusiness.ch\\\/?s={search_term_string}\"},\"query-input\":{\"@type\":\"PropertyValueSpecification\",\"valueRequired\":true,\"valueName\":\"search_term_string\"}}],\"inLanguage\":\"de\"},{\"@type\":\"Organization\",\"@id\":\"https:\\\/\\\/www.immobilienbusiness.ch\\\/#organization\",\"name\":\"IMMOBILIEN Business\",\"url\":\"https:\\\/\\\/www.immobilienbusiness.ch\\\/\",\"logo\":{\"@type\":\"ImageObject\",\"inLanguage\":\"de\",\"@id\":\"https:\\\/\\\/www.immobilienbusiness.ch\\\/#\\\/schema\\\/logo\\\/image\\\/\",\"url\":\"https:\\\/\\\/www.immobilienbusiness.ch\\\/wp-content\\\/uploads\\\/2021\\\/07\\\/logo_ib.png\",\"contentUrl\":\"https:\\\/\\\/www.immobilienbusiness.ch\\\/wp-content\\\/uploads\\\/2021\\\/07\\\/logo_ib.png\",\"width\":800,\"height\":181,\"caption\":\"IMMOBILIEN Business\"},\"image\":{\"@id\":\"https:\\\/\\\/www.immobilienbusiness.ch\\\/#\\\/schema\\\/logo\\\/image\\\/\"},\"sameAs\":[\"https:\\\/\\\/www.facebook.com\\\/immobilienbusiness\\\/\"]},{\"@type\":\"Person\",\"@id\":\"https:\\\/\\\/www.immobilienbusiness.ch\\\/#\\\/schema\\\/person\\\/3fc036297b10b9f42d6db5ee932af8c8\",\"name\":\"anja.hall\",\"image\":{\"@type\":\"ImageObject\",\"inLanguage\":\"de\",\"@id\":\"https:\\\/\\\/secure.gravatar.com\\\/avatar\\\/066b5a0d447013502c71a5782f4f3469f03cfe595cc2329fb94652fe47511bfb?s=96&d=mm&r=g\",\"url\":\"https:\\\/\\\/secure.gravatar.com\\\/avatar\\\/066b5a0d447013502c71a5782f4f3469f03cfe595cc2329fb94652fe47511bfb?s=96&d=mm&r=g\",\"contentUrl\":\"https:\\\/\\\/secure.gravatar.com\\\/avatar\\\/066b5a0d447013502c71a5782f4f3469f03cfe595cc2329fb94652fe47511bfb?s=96&d=mm&r=g\",\"caption\":\"anja.hall\"},\"url\":\"https:\\\/\\\/www.immobilienbusiness.ch\\\/de\\\/author\\\/anja-hall\\\/\"}]}<\/script>\n<!-- \/ Yoast SEO plugin. -->","yoast_head_json":{"title":"pom+: Beat Schwab zieht in VR ein - IMMOBILIEN Business","description":"Die Immobilienberatungsgesellschaft pom+Consulting AG erg\u00e4nzt ihren Verwaltungsrat. Dr. Beat Schwab wird das Gremium ab dem 15. Mai verst\u00e4rken.","robots":{"index":"index","follow":"follow","max-snippet":"max-snippet:-1","max-image-preview":"max-image-preview:large","max-video-preview":"max-video-preview:-1"},"canonical":"https:\/\/www.immobilienbusiness.ch\/de\/allgemein\/2017-04-07\/beat-schwab-neu-im-pom-vr\/","og_locale":"de_DE","og_type":"article","og_title":"Beat Schwab zieht in pom+-VR ein","og_description":"Die Immobilienberatungsgesellschaft pom+Consulting AG erg\u00e4nzt ihren Verwaltungsrat. Dr. Beat Schwab wird das Gremium ab dem 15. Mai verst\u00e4rken.","og_url":"https:\/\/www.immobilienbusiness.ch\/de\/allgemein\/2017-04-07\/beat-schwab-neu-im-pom-vr\/","og_site_name":"IMMOBILIEN Business","article_publisher":"https:\/\/www.facebook.com\/immobilienbusiness\/","article_published_time":"2017-04-07T10:40:35+00:00","og_image":[{"width":1104,"height":1104,"url":"https:\/\/www.immobilienbusiness.ch\/wp-content\/uploads\/2016\/12\/CS-REIM-Beat-Schwab-uebernimmt-von-Timothy-Blackwell-immobilien-business.jpg","type":"image\/jpeg"}],"author":"anja.hall","twitter_card":"summary_large_image","twitter_title":"Beat Schwab zieht in pom+-VR ein","twitter_description":"Die Immobilienberatungsgesellschaft pom+Consulting AG erg\u00e4nzt ihren Verwaltungsrat. Dr. Beat Schwab wird das Gremium ab dem 15. Mai verst\u00e4rken.","twitter_image":"https:\/\/www.immobilienbusiness.ch\/wp-content\/uploads\/2016\/12\/CS-REIM-Beat-Schwab-\u00fcbernimmt-von-Timothy-Blackwell-immobilien-business.jpg","schema":{"@context":"https:\/\/schema.org","@graph":[{"@type":"Article","@id":"https:\/\/www.immobilienbusiness.ch\/allgemein\/2017-04-07\/beat-schwab-neu-im-pom-vr\/#article","isPartOf":{"@id":"https:\/\/www.immobilienbusiness.ch\/allgemein\/2017-04-07\/beat-schwab-neu-im-pom-vr\/"},"author":{"name":"anja.hall","@id":"https:\/\/www.immobilienbusiness.ch\/#\/schema\/person\/3fc036297b10b9f42d6db5ee932af8c8"},"headline":"pom+: Beat Schwab zieht in VR ein","datePublished":"2017-04-07T10:40:35+00:00","mainEntityOfPage":{"@id":"https:\/\/www.immobilienbusiness.ch\/allgemein\/2017-04-07\/beat-schwab-neu-im-pom-vr\/"},"wordCount":150,"commentCount":0,"publisher":{"@id":"https:\/\/www.immobilienbusiness.ch\/#organization"},"image":{"@id":"https:\/\/www.immobilienbusiness.ch\/allgemein\/2017-04-07\/beat-schwab-neu-im-pom-vr\/#primaryimage"},"thumbnailUrl":"https:\/\/www.immobilienbusiness.ch\/wp-content\/uploads\/2017\/04\/Beat-Schwab-zieht-in-pom-Verwaltungsrat-ein.jpg","keywords":["Beat Schwab","Facility Management","Immobilien-AG","pom+","Verwaltungsrat"],"inLanguage":"de"},{"@type":"WebPage","@id":"https:\/\/www.immobilienbusiness.ch\/allgemein\/2017-04-07\/beat-schwab-neu-im-pom-vr\/","url":"https:\/\/www.immobilienbusiness.ch\/allgemein\/2017-04-07\/beat-schwab-neu-im-pom-vr\/","name":"pom+: Beat Schwab zieht in VR ein - IMMOBILIEN Business","isPartOf":{"@id":"https:\/\/www.immobilienbusiness.ch\/#website"},"primaryImageOfPage":{"@id":"https:\/\/www.immobilienbusiness.ch\/allgemein\/2017-04-07\/beat-schwab-neu-im-pom-vr\/#primaryimage"},"image":{"@id":"https:\/\/www.immobilienbusiness.ch\/allgemein\/2017-04-07\/beat-schwab-neu-im-pom-vr\/#primaryimage"},"thumbnailUrl":"https:\/\/www.immobilienbusiness.ch\/wp-content\/uploads\/2017\/04\/Beat-Schwab-zieht-in-pom-Verwaltungsrat-ein.jpg","datePublished":"2017-04-07T10:40:35+00:00","description":"Die Immobilienberatungsgesellschaft pom+Consulting AG erg\u00e4nzt ihren Verwaltungsrat. Dr. Beat Schwab wird das Gremium ab dem 15. Mai verst\u00e4rken.","breadcrumb":{"@id":"https:\/\/www.immobilienbusiness.ch\/allgemein\/2017-04-07\/beat-schwab-neu-im-pom-vr\/#breadcrumb"},"inLanguage":"de","potentialAction":[{"@type":"ReadAction","target":["https:\/\/www.immobilienbusiness.ch\/allgemein\/2017-04-07\/beat-schwab-neu-im-pom-vr\/"]}]},{"@type":"ImageObject","inLanguage":"de","@id":"https:\/\/www.immobilienbusiness.ch\/allgemein\/2017-04-07\/beat-schwab-neu-im-pom-vr\/#primaryimage","url":"https:\/\/www.immobilienbusiness.ch\/wp-content\/uploads\/2017\/04\/Beat-Schwab-zieht-in-pom-Verwaltungsrat-ein.jpg","contentUrl":"https:\/\/www.immobilienbusiness.ch\/wp-content\/uploads\/2017\/04\/Beat-Schwab-zieht-in-pom-Verwaltungsrat-ein.jpg","width":635,"height":336,"caption":"Beat Schwab zieht in den Verwaltungsrat von pom+ ein (Foto: PD)"},{"@type":"BreadcrumbList","@id":"https:\/\/www.immobilienbusiness.ch\/allgemein\/2017-04-07\/beat-schwab-neu-im-pom-vr\/#breadcrumb","itemListElement":[{"@type":"ListItem","position":1,"name":"Home","item":"https:\/\/www.immobilienbusiness.ch\/"},{"@type":"ListItem","position":2,"name":"pom+: Beat Schwab zieht in VR ein"}]},{"@type":"WebSite","@id":"https:\/\/www.immobilienbusiness.ch\/#website","url":"https:\/\/www.immobilienbusiness.ch\/","name":"IMMOBILIEN Business","description":"Unabh\u00e4ngiges Schweizer Wirtschaftsmagazin mit Fokus auf Immobilien, Architektur- und Bau sowie Investment- und Finanzierung.","publisher":{"@id":"https:\/\/www.immobilienbusiness.ch\/#organization"},"potentialAction":[{"@type":"SearchAction","target":{"@type":"EntryPoint","urlTemplate":"https:\/\/www.immobilienbusiness.ch\/?s={search_term_string}"},"query-input":{"@type":"PropertyValueSpecification","valueRequired":true,"valueName":"search_term_string"}}],"inLanguage":"de"},{"@type":"Organization","@id":"https:\/\/www.immobilienbusiness.ch\/#organization","name":"IMMOBILIEN Business","url":"https:\/\/www.immobilienbusiness.ch\/","logo":{"@type":"ImageObject","inLanguage":"de","@id":"https:\/\/www.immobilienbusiness.ch\/#\/schema\/logo\/image\/","url":"https:\/\/www.immobilienbusiness.ch\/wp-content\/uploads\/2021\/07\/logo_ib.png","contentUrl":"https:\/\/www.immobilienbusiness.ch\/wp-content\/uploads\/2021\/07\/logo_ib.png","width":800,"height":181,"caption":"IMMOBILIEN Business"},"image":{"@id":"https:\/\/www.immobilienbusiness.ch\/#\/schema\/logo\/image\/"},"sameAs":["https:\/\/www.facebook.com\/immobilienbusiness\/"]},{"@type":"Person","@id":"https:\/\/www.immobilienbusiness.ch\/#\/schema\/person\/3fc036297b10b9f42d6db5ee932af8c8","name":"anja.hall","image":{"@type":"ImageObject","inLanguage":"de","@id":"https:\/\/secure.gravatar.com\/avatar\/066b5a0d447013502c71a5782f4f3469f03cfe595cc2329fb94652fe47511bfb?s=96&d=mm&r=g","url":"https:\/\/secure.gravatar.com\/avatar\/066b5a0d447013502c71a5782f4f3469f03cfe595cc2329fb94652fe47511bfb?s=96&d=mm&r=g","contentUrl":"https:\/\/secure.gravatar.com\/avatar\/066b5a0d447013502c71a5782f4f3469f03cfe595cc2329fb94652fe47511bfb?s=96&d=mm&r=g","caption":"anja.hall"},"url":"https:\/\/www.immobilienbusiness.ch\/de\/author\/anja-hall\/"}]}},"_links":{"self":[{"href":"https:\/\/www.immobilienbusiness.ch\/de\/wp-json\/wp\/v2\/posts\/7097","targetHints":{"allow":["GET"]}}],"collection":[{"href":"https:\/\/www.immobilienbusiness.ch\/de\/wp-json\/wp\/v2\/posts"}],"about":[{"href":"https:\/\/www.immobilienbusiness.ch\/de\/wp-json\/wp\/v2\/types\/post"}],"author":[{"embeddable":true,"href":"https:\/\/www.immobilienbusiness.ch\/de\/wp-json\/wp\/v2\/users\/3"}],"replies":[{"embeddable":true,"href":"https:\/\/www.immobilienbusiness.ch\/de\/wp-json\/wp\/v2\/comments?post=7097"}],"version-history":[{"count":0,"href":"https:\/\/www.immobilienbusiness.ch\/de\/wp-json\/wp\/v2\/posts\/7097\/revisions"}],"wp:featuredmedia":[{"embeddable":true,"href":"https:\/\/www.immobilienbusiness.ch\/de\/wp-json\/wp\/v2\/media\/7117"}],"wp:attachment":[{"href":"https:\/\/www.immobilienbusiness.ch\/de\/wp-json\/wp\/v2\/media?parent=7097"}],"wp:term":[{"taxonomy":"category","embeddable":true,"href":"https:\/\/www.immobilienbusiness.ch\/de\/wp-json\/wp\/v2\/categories?post=7097"},{"taxonomy":"post_tag","embeddable":true,"href":"https:\/\/www.immobilienbusiness.ch\/de\/wp-json\/wp\/v2\/tags?post=7097"}],"curies":[{"name":"wp","href":"https:\/\/api.w.org\/{rel}","templated":true}]}}