{"id":7038,"date":"2017-04-05T09:12:08","date_gmt":"2017-04-05T07:12:08","guid":{"rendered":"https:\/\/www.immobilienbusiness.ch\/?p=7038"},"modified":"2017-04-05T09:12:08","modified_gmt":"2017-04-05T07:12:08","slug":"risch-rotkreuz-ueberbauung-bahnhofsareal","status":"publish","type":"post","link":"https:\/\/www.immobilienbusiness.ch\/de\/regionen\/2017-04-05\/risch-rotkreuz-ueberbauung-bahnhofsareal\/","title":{"rendered":"Startschuss f\u00fcr die \u00dcberbauung des Bahnhofsareals Risch-Rotkreuz"},"content":{"rendered":"<figure id=\"attachment_5802\" aria-describedby=\"caption-attachment-5802\" style=\"width: 680px\" class=\"wp-caption alignnone\"><img loading=\"lazy\" decoding=\"async\" class=\"wp-image-5802 size-medium\" src=\"https:\/\/www.immobilienbusiness.ch\/wp-content\/uploads\/2017\/01\/Depositphotos_6695177_l-2015.jpg\" width=\"680\" height=\"453\" srcset=\"https:\/\/www.immobilienbusiness.ch\/wp-content\/uploads\/2017\/01\/Depositphotos_6695177_l-2015.jpg 2000w, https:\/\/www.immobilienbusiness.ch\/wp-content\/uploads\/2017\/01\/Depositphotos_6695177_l-2015-300x200.jpg 300w, https:\/\/www.immobilienbusiness.ch\/wp-content\/uploads\/2017\/01\/Depositphotos_6695177_l-2015-1024x682.jpg 1024w, https:\/\/www.immobilienbusiness.ch\/wp-content\/uploads\/2017\/01\/Depositphotos_6695177_l-2015-768x512.jpg 768w, https:\/\/www.immobilienbusiness.ch\/wp-content\/uploads\/2017\/01\/Depositphotos_6695177_l-2015-1536x1024.jpg 1536w, https:\/\/www.immobilienbusiness.ch\/wp-content\/uploads\/2017\/01\/Depositphotos_6695177_l-2015-16x12.jpg 16w, https:\/\/www.immobilienbusiness.ch\/wp-content\/uploads\/2017\/01\/Depositphotos_6695177_l-2015-263x175.jpg 263w, https:\/\/www.immobilienbusiness.ch\/wp-content\/uploads\/2017\/01\/Depositphotos_6695177_l-2015-525x350.jpg 525w, https:\/\/www.immobilienbusiness.ch\/wp-content\/uploads\/2017\/01\/Depositphotos_6695177_l-2015-1200x800.jpg 1200w, https:\/\/www.immobilienbusiness.ch\/wp-content\/uploads\/2017\/01\/Depositphotos_6695177_l-2015-920x613.jpg 920w, https:\/\/www.immobilienbusiness.ch\/wp-content\/uploads\/2017\/01\/Depositphotos_6695177_l-2015-1400x933.jpg 1400w\" sizes=\"auto, (max-width: 680px) 100vw, 680px\" \/><figcaption id=\"caption-attachment-5802\" class=\"wp-caption-text\">Das Areal rund um den Bahnhof Risch-Rotkreuz soll \u00fcberbaut werden (Foto: .shock &#8211; depositphotos)<\/figcaption><\/figure>\n<p>Der Gemeinderat von Risch hat offiziell den Start f\u00fcr die Planung des Areals s\u00fcdlich des Bahnhofs Rotkreuz freigegeben. Eigent\u00fcmerin des rund 2,7 Hektaren\u00a0grossen Areals sind die SBB und zu einem kleinen Teil die Einwohnergemeinde Risch.\u00a0Es\u00a0erstreckt sich von den heute bestehenden Geb\u00e4uden des Bahnhofs Rotkreuz \u00fcber die Park-and-Rail-Anlage, den \u00d6kihof bis zu den Stellwerkgeb\u00e4uden \u00f6stlich des Bahnhofs.<\/p>\n<p>In einem ersten Schritt soll ein qualifiziertes st\u00e4dtebauliches Verfahren (QSV) durchgef\u00fchrt werden, anschliessend will man einen\u00a0Bebauungsplan sowie die notwendige \u00c4nderung der Nutzungsplanung ausarbeiten.\u00a0\u00abMit Beschluss vom 21. M\u00e4rz 2017 hat der Gemeinderat den Eintretensentscheid f\u00fcr das anstehende Bebauungsplanverfahren und somit den Start f\u00fcr die Planungsarbeiten freigegeben\u00bb, erkl\u00e4rt Ruedi Kn\u00fcsel, Vorsteher Planung\/Bau\/Sicherheit. \u00abEine hochwertige Entwicklung s\u00fcdlich des Bahnhofs Rotkreuz soll die Attraktivit\u00e4t des Standorts Rotkreuz zus\u00e4tzlich st\u00e4rken.\u00bb Gekl\u00e4rt werden soll unter anderem, ob sich auf der S\u00fcdseite des Bahnhofs Rotkreuz ein Hochhaus realisieren l\u00e4sst. Mit der aktuell g\u00fcltigen Nutzungsplanung w\u00e4re dies noch nicht m\u00f6glich<\/p>\n<h2>Mischnutzung mit Wohnen und Arbeiten geplant<\/h2>\n<p>Auf dem Areal ist eine Mischnutzung zwischen Wohnen und Arbeiten vorgesehen, wobei die \u00dcberbauung autoarm werden solle.\u00a0Es soll gepr\u00fcft werden, ob die heute bestehende Park-and-Rail-Anlage in ein Parkhaus umgewandelt werden k\u00f6nne.\u00a0Die Planung sieht ferner vor, dass die Kapazit\u00e4ten des Bushofs S\u00fcd erweitert und dieser neu \u00fcber vier Anlegekanten verf\u00fcgen wird.<\/p>\n<p>Die SBB und der Gemeinderat haben vereinbart, dass die Gemeinde ein Recht erh\u00e4lt, in einem der Neubauten auf dem Bahnhofareal Dienstleistungsfl\u00e4chen im Umfang von 1.200 qm zu erwerben. Diese Fl\u00e4chen sollen vermietet werden. Zu einem sp\u00e4teren Zeitpunkt w\u00e4re es denkbar, dass die Gemeinde die Fl\u00e4chen auch selbst nutzt.<\/p>\n<p>Die SBB und die Gemeinde haben sich ausserdem darauf geeinigt, dass die SBB der Gemeinde Risch einen Planungsmehrwert von 16 Prozent abliefern wird. Diese Regelung kommt zum Tragen, sofern keine kantonale Regelung betreffend Mehrwertbeteiligung zum Zeitpunkt des Erlasses des Bebauungsplans vorliegt.<\/p>\n<p>Fr\u00fchestens Ende 2018 werden die Stimmb\u00fcrger \u00fcber das Vorhaben entscheiden.<\/p>\n<p>&nbsp;<\/p>\n","protected":false},"excerpt":{"rendered":"<p>Das Areal rund um den Bahnhof Rotkreuz soll \u00fcberbaut werden. Die Grundeigent\u00fcmer &#8211; SBB und die Gemeinde Risch &#8211; haben sich nun auf erste Schritte geeinigt. <\/p>\n","protected":false},"author":3,"featured_media":5802,"comment_status":"open","ping_status":"open","sticky":false,"template":"","format":"standard","meta":{"_acf_changed":false,"_yoast_wpseo_focuskw":"Risch","_yoast_wpseo_title":"","_yoast_wpseo_metadesc":"Das Areal rund um den Bahnhof Rotkreuz soll \u00fcberbaut werden. Die Grundeigent\u00fcmer SBB und Gemeinde Risch haben sich nun auf erste Schritte geeinigt.","_yoast_wpseo_linkdex":87,"pgc_sgb_lightbox_settings":"","footnotes":""},"categories":[985],"tags":[1600,1666,1884],"class_list":["post-7038","post","type-post","status-publish","format-standard","has-post-thumbnail","hentry","category-regionen","tag-projekt-in-planung","tag-sbb","tag-zug"],"acf":[],"yoast_head":"<!-- This site is optimized with the Yoast SEO plugin v27.4 - https:\/\/yoast.com\/product\/yoast-seo-wordpress\/ -->\n<title>Startschuss f\u00fcr die \u00dcberbauung des Bahnhofsareals Risch-Rotkreuz - IMMOBILIEN Business<\/title>\n<meta name=\"description\" content=\"Das Areal rund um den Bahnhof Rotkreuz soll \u00fcberbaut werden. Die Grundeigent\u00fcmer SBB und Gemeinde Risch haben sich nun auf erste Schritte geeinigt.\" \/>\n<meta name=\"robots\" content=\"index, follow, max-snippet:-1, max-image-preview:large, max-video-preview:-1\" \/>\n<link rel=\"canonical\" href=\"https:\/\/www.immobilienbusiness.ch\/de\/regionen\/2017-04-05\/risch-rotkreuz-ueberbauung-bahnhofsareal\/\" \/>\n<meta property=\"og:locale\" content=\"de_DE\" \/>\n<meta property=\"og:type\" content=\"article\" \/>\n<meta property=\"og:title\" content=\"Risch: \u00dcberbauung auf dem Bahnhofsareal Rotkreuz\" \/>\n<meta property=\"og:description\" content=\"Das Areal rund um den Bahnhof Rotkreuz soll \u00fcberbaut werden. Die Grundeigent\u00fcmer SBB und Gemeinde Risch haben sich nun auf erste Schritte geeinigt.\" \/>\n<meta property=\"og:url\" content=\"https:\/\/www.immobilienbusiness.ch\/de\/regionen\/2017-04-05\/risch-rotkreuz-ueberbauung-bahnhofsareal\/\" \/>\n<meta property=\"og:site_name\" content=\"IMMOBILIEN Business\" \/>\n<meta property=\"article:publisher\" content=\"https:\/\/www.facebook.com\/immobilienbusiness\/\" \/>\n<meta property=\"article:published_time\" content=\"2017-04-05T07:12:08+00:00\" \/>\n<meta property=\"og:image\" content=\"https:\/\/www.immobilienbusiness.ch\/wp-content\/uploads\/2017\/01\/Depositphotos_6695177_l-2015-1024x682.jpg\" \/>\n\t<meta property=\"og:image:width\" content=\"1024\" \/>\n\t<meta property=\"og:image:height\" content=\"682\" \/>\n\t<meta property=\"og:image:type\" content=\"image\/jpeg\" \/>\n<meta name=\"author\" content=\"anja.hall\" \/>\n<meta name=\"twitter:card\" content=\"summary_large_image\" \/>\n<meta name=\"twitter:title\" content=\"Risch: \u00dcberbauung auf dem Bahnhofsareal Rotkreuz\" \/>\n<meta name=\"twitter:description\" content=\"Das Areal rund um den Bahnhof Rotkreuz soll \u00fcberbaut werden. Die Grundeigent\u00fcmer SBB und Gemeinde Risch haben sich nun auf erste Schritte geeinigt.\" \/>\n<meta name=\"twitter:image\" content=\"https:\/\/www.immobilienbusiness.ch\/wp-content\/uploads\/2017\/01\/Depositphotos_6695177_l-2015.jpg\" \/>\n<script type=\"application\/ld+json\" class=\"yoast-schema-graph\">{\"@context\":\"https:\\\/\\\/schema.org\",\"@graph\":[{\"@type\":\"Article\",\"@id\":\"https:\\\/\\\/www.immobilienbusiness.ch\\\/regionen\\\/2017-04-05\\\/risch-rotkreuz-ueberbauung-bahnhofsareal\\\/#article\",\"isPartOf\":{\"@id\":\"https:\\\/\\\/www.immobilienbusiness.ch\\\/regionen\\\/2017-04-05\\\/risch-rotkreuz-ueberbauung-bahnhofsareal\\\/\"},\"author\":{\"name\":\"anja.hall\",\"@id\":\"https:\\\/\\\/www.immobilienbusiness.ch\\\/#\\\/schema\\\/person\\\/3fc036297b10b9f42d6db5ee932af8c8\"},\"headline\":\"Startschuss f\u00fcr die \u00dcberbauung des Bahnhofsareals Risch-Rotkreuz\",\"datePublished\":\"2017-04-05T07:12:08+00:00\",\"mainEntityOfPage\":{\"@id\":\"https:\\\/\\\/www.immobilienbusiness.ch\\\/regionen\\\/2017-04-05\\\/risch-rotkreuz-ueberbauung-bahnhofsareal\\\/\"},\"wordCount\":371,\"commentCount\":0,\"publisher\":{\"@id\":\"https:\\\/\\\/www.immobilienbusiness.ch\\\/#organization\"},\"image\":{\"@id\":\"https:\\\/\\\/www.immobilienbusiness.ch\\\/regionen\\\/2017-04-05\\\/risch-rotkreuz-ueberbauung-bahnhofsareal\\\/#primaryimage\"},\"thumbnailUrl\":\"https:\\\/\\\/www.immobilienbusiness.ch\\\/wp-content\\\/uploads\\\/2017\\\/01\\\/Depositphotos_6695177_l-2015.jpg\",\"keywords\":[\"Projekt in Planung\",\"SBB\",\"Zug\"],\"articleSection\":[\"REGIONEN\"],\"inLanguage\":\"de\"},{\"@type\":\"WebPage\",\"@id\":\"https:\\\/\\\/www.immobilienbusiness.ch\\\/regionen\\\/2017-04-05\\\/risch-rotkreuz-ueberbauung-bahnhofsareal\\\/\",\"url\":\"https:\\\/\\\/www.immobilienbusiness.ch\\\/regionen\\\/2017-04-05\\\/risch-rotkreuz-ueberbauung-bahnhofsareal\\\/\",\"name\":\"Startschuss f\u00fcr die \u00dcberbauung des Bahnhofsareals Risch-Rotkreuz - IMMOBILIEN Business\",\"isPartOf\":{\"@id\":\"https:\\\/\\\/www.immobilienbusiness.ch\\\/#website\"},\"primaryImageOfPage\":{\"@id\":\"https:\\\/\\\/www.immobilienbusiness.ch\\\/regionen\\\/2017-04-05\\\/risch-rotkreuz-ueberbauung-bahnhofsareal\\\/#primaryimage\"},\"image\":{\"@id\":\"https:\\\/\\\/www.immobilienbusiness.ch\\\/regionen\\\/2017-04-05\\\/risch-rotkreuz-ueberbauung-bahnhofsareal\\\/#primaryimage\"},\"thumbnailUrl\":\"https:\\\/\\\/www.immobilienbusiness.ch\\\/wp-content\\\/uploads\\\/2017\\\/01\\\/Depositphotos_6695177_l-2015.jpg\",\"datePublished\":\"2017-04-05T07:12:08+00:00\",\"description\":\"Das Areal rund um den Bahnhof Rotkreuz soll \u00fcberbaut werden. Die Grundeigent\u00fcmer SBB und Gemeinde Risch haben sich nun auf erste Schritte geeinigt.\",\"breadcrumb\":{\"@id\":\"https:\\\/\\\/www.immobilienbusiness.ch\\\/regionen\\\/2017-04-05\\\/risch-rotkreuz-ueberbauung-bahnhofsareal\\\/#breadcrumb\"},\"inLanguage\":\"de\",\"potentialAction\":[{\"@type\":\"ReadAction\",\"target\":[\"https:\\\/\\\/www.immobilienbusiness.ch\\\/regionen\\\/2017-04-05\\\/risch-rotkreuz-ueberbauung-bahnhofsareal\\\/\"]}]},{\"@type\":\"ImageObject\",\"inLanguage\":\"de\",\"@id\":\"https:\\\/\\\/www.immobilienbusiness.ch\\\/regionen\\\/2017-04-05\\\/risch-rotkreuz-ueberbauung-bahnhofsareal\\\/#primaryimage\",\"url\":\"https:\\\/\\\/www.immobilienbusiness.ch\\\/wp-content\\\/uploads\\\/2017\\\/01\\\/Depositphotos_6695177_l-2015.jpg\",\"contentUrl\":\"https:\\\/\\\/www.immobilienbusiness.ch\\\/wp-content\\\/uploads\\\/2017\\\/01\\\/Depositphotos_6695177_l-2015.jpg\",\"width\":2000,\"height\":1333,\"caption\":\"In Thun ist eine \u00dcberbaung mit Wohnungen und Alterswohnen geplant (Foto: .shock - depositphotos)\"},{\"@type\":\"BreadcrumbList\",\"@id\":\"https:\\\/\\\/www.immobilienbusiness.ch\\\/regionen\\\/2017-04-05\\\/risch-rotkreuz-ueberbauung-bahnhofsareal\\\/#breadcrumb\",\"itemListElement\":[{\"@type\":\"ListItem\",\"position\":1,\"name\":\"Home\",\"item\":\"https:\\\/\\\/www.immobilienbusiness.ch\\\/\"},{\"@type\":\"ListItem\",\"position\":2,\"name\":\"Startschuss f\u00fcr die \u00dcberbauung des Bahnhofsareals Risch-Rotkreuz\"}]},{\"@type\":\"WebSite\",\"@id\":\"https:\\\/\\\/www.immobilienbusiness.ch\\\/#website\",\"url\":\"https:\\\/\\\/www.immobilienbusiness.ch\\\/\",\"name\":\"IMMOBILIEN Business\",\"description\":\"Unabh\u00e4ngiges Schweizer Wirtschaftsmagazin mit Fokus auf Immobilien, Architektur- und Bau sowie Investment- und Finanzierung.\",\"publisher\":{\"@id\":\"https:\\\/\\\/www.immobilienbusiness.ch\\\/#organization\"},\"potentialAction\":[{\"@type\":\"SearchAction\",\"target\":{\"@type\":\"EntryPoint\",\"urlTemplate\":\"https:\\\/\\\/www.immobilienbusiness.ch\\\/?s={search_term_string}\"},\"query-input\":{\"@type\":\"PropertyValueSpecification\",\"valueRequired\":true,\"valueName\":\"search_term_string\"}}],\"inLanguage\":\"de\"},{\"@type\":\"Organization\",\"@id\":\"https:\\\/\\\/www.immobilienbusiness.ch\\\/#organization\",\"name\":\"IMMOBILIEN Business\",\"url\":\"https:\\\/\\\/www.immobilienbusiness.ch\\\/\",\"logo\":{\"@type\":\"ImageObject\",\"inLanguage\":\"de\",\"@id\":\"https:\\\/\\\/www.immobilienbusiness.ch\\\/#\\\/schema\\\/logo\\\/image\\\/\",\"url\":\"https:\\\/\\\/www.immobilienbusiness.ch\\\/wp-content\\\/uploads\\\/2021\\\/07\\\/logo_ib.png\",\"contentUrl\":\"https:\\\/\\\/www.immobilienbusiness.ch\\\/wp-content\\\/uploads\\\/2021\\\/07\\\/logo_ib.png\",\"width\":800,\"height\":181,\"caption\":\"IMMOBILIEN Business\"},\"image\":{\"@id\":\"https:\\\/\\\/www.immobilienbusiness.ch\\\/#\\\/schema\\\/logo\\\/image\\\/\"},\"sameAs\":[\"https:\\\/\\\/www.facebook.com\\\/immobilienbusiness\\\/\"]},{\"@type\":\"Person\",\"@id\":\"https:\\\/\\\/www.immobilienbusiness.ch\\\/#\\\/schema\\\/person\\\/3fc036297b10b9f42d6db5ee932af8c8\",\"name\":\"anja.hall\",\"image\":{\"@type\":\"ImageObject\",\"inLanguage\":\"de\",\"@id\":\"https:\\\/\\\/secure.gravatar.com\\\/avatar\\\/066b5a0d447013502c71a5782f4f3469f03cfe595cc2329fb94652fe47511bfb?s=96&d=mm&r=g\",\"url\":\"https:\\\/\\\/secure.gravatar.com\\\/avatar\\\/066b5a0d447013502c71a5782f4f3469f03cfe595cc2329fb94652fe47511bfb?s=96&d=mm&r=g\",\"contentUrl\":\"https:\\\/\\\/secure.gravatar.com\\\/avatar\\\/066b5a0d447013502c71a5782f4f3469f03cfe595cc2329fb94652fe47511bfb?s=96&d=mm&r=g\",\"caption\":\"anja.hall\"},\"url\":\"https:\\\/\\\/www.immobilienbusiness.ch\\\/de\\\/author\\\/anja-hall\\\/\"}]}<\/script>\n<!-- \/ Yoast SEO plugin. -->","yoast_head_json":{"title":"Startschuss f\u00fcr die \u00dcberbauung des Bahnhofsareals Risch-Rotkreuz - IMMOBILIEN Business","description":"Das Areal rund um den Bahnhof Rotkreuz soll \u00fcberbaut werden. Die Grundeigent\u00fcmer SBB und Gemeinde Risch haben sich nun auf erste Schritte geeinigt.","robots":{"index":"index","follow":"follow","max-snippet":"max-snippet:-1","max-image-preview":"max-image-preview:large","max-video-preview":"max-video-preview:-1"},"canonical":"https:\/\/www.immobilienbusiness.ch\/de\/regionen\/2017-04-05\/risch-rotkreuz-ueberbauung-bahnhofsareal\/","og_locale":"de_DE","og_type":"article","og_title":"Risch: \u00dcberbauung auf dem Bahnhofsareal Rotkreuz","og_description":"Das Areal rund um den Bahnhof Rotkreuz soll \u00fcberbaut werden. Die Grundeigent\u00fcmer SBB und Gemeinde Risch haben sich nun auf erste Schritte geeinigt.","og_url":"https:\/\/www.immobilienbusiness.ch\/de\/regionen\/2017-04-05\/risch-rotkreuz-ueberbauung-bahnhofsareal\/","og_site_name":"IMMOBILIEN Business","article_publisher":"https:\/\/www.facebook.com\/immobilienbusiness\/","article_published_time":"2017-04-05T07:12:08+00:00","og_image":[{"width":1024,"height":682,"url":"https:\/\/www.immobilienbusiness.ch\/wp-content\/uploads\/2017\/01\/Depositphotos_6695177_l-2015-1024x682.jpg","type":"image\/jpeg"}],"author":"anja.hall","twitter_card":"summary_large_image","twitter_title":"Risch: \u00dcberbauung auf dem Bahnhofsareal Rotkreuz","twitter_description":"Das Areal rund um den Bahnhof Rotkreuz soll \u00fcberbaut werden. Die Grundeigent\u00fcmer SBB und Gemeinde Risch haben sich nun auf erste Schritte geeinigt.","twitter_image":"https:\/\/www.immobilienbusiness.ch\/wp-content\/uploads\/2017\/01\/Depositphotos_6695177_l-2015.jpg","schema":{"@context":"https:\/\/schema.org","@graph":[{"@type":"Article","@id":"https:\/\/www.immobilienbusiness.ch\/regionen\/2017-04-05\/risch-rotkreuz-ueberbauung-bahnhofsareal\/#article","isPartOf":{"@id":"https:\/\/www.immobilienbusiness.ch\/regionen\/2017-04-05\/risch-rotkreuz-ueberbauung-bahnhofsareal\/"},"author":{"name":"anja.hall","@id":"https:\/\/www.immobilienbusiness.ch\/#\/schema\/person\/3fc036297b10b9f42d6db5ee932af8c8"},"headline":"Startschuss f\u00fcr die \u00dcberbauung des Bahnhofsareals Risch-Rotkreuz","datePublished":"2017-04-05T07:12:08+00:00","mainEntityOfPage":{"@id":"https:\/\/www.immobilienbusiness.ch\/regionen\/2017-04-05\/risch-rotkreuz-ueberbauung-bahnhofsareal\/"},"wordCount":371,"commentCount":0,"publisher":{"@id":"https:\/\/www.immobilienbusiness.ch\/#organization"},"image":{"@id":"https:\/\/www.immobilienbusiness.ch\/regionen\/2017-04-05\/risch-rotkreuz-ueberbauung-bahnhofsareal\/#primaryimage"},"thumbnailUrl":"https:\/\/www.immobilienbusiness.ch\/wp-content\/uploads\/2017\/01\/Depositphotos_6695177_l-2015.jpg","keywords":["Projekt in Planung","SBB","Zug"],"articleSection":["REGIONEN"],"inLanguage":"de"},{"@type":"WebPage","@id":"https:\/\/www.immobilienbusiness.ch\/regionen\/2017-04-05\/risch-rotkreuz-ueberbauung-bahnhofsareal\/","url":"https:\/\/www.immobilienbusiness.ch\/regionen\/2017-04-05\/risch-rotkreuz-ueberbauung-bahnhofsareal\/","name":"Startschuss f\u00fcr die \u00dcberbauung des Bahnhofsareals Risch-Rotkreuz - IMMOBILIEN Business","isPartOf":{"@id":"https:\/\/www.immobilienbusiness.ch\/#website"},"primaryImageOfPage":{"@id":"https:\/\/www.immobilienbusiness.ch\/regionen\/2017-04-05\/risch-rotkreuz-ueberbauung-bahnhofsareal\/#primaryimage"},"image":{"@id":"https:\/\/www.immobilienbusiness.ch\/regionen\/2017-04-05\/risch-rotkreuz-ueberbauung-bahnhofsareal\/#primaryimage"},"thumbnailUrl":"https:\/\/www.immobilienbusiness.ch\/wp-content\/uploads\/2017\/01\/Depositphotos_6695177_l-2015.jpg","datePublished":"2017-04-05T07:12:08+00:00","description":"Das Areal rund um den Bahnhof Rotkreuz soll \u00fcberbaut werden. Die Grundeigent\u00fcmer SBB und Gemeinde Risch haben sich nun auf erste Schritte geeinigt.","breadcrumb":{"@id":"https:\/\/www.immobilienbusiness.ch\/regionen\/2017-04-05\/risch-rotkreuz-ueberbauung-bahnhofsareal\/#breadcrumb"},"inLanguage":"de","potentialAction":[{"@type":"ReadAction","target":["https:\/\/www.immobilienbusiness.ch\/regionen\/2017-04-05\/risch-rotkreuz-ueberbauung-bahnhofsareal\/"]}]},{"@type":"ImageObject","inLanguage":"de","@id":"https:\/\/www.immobilienbusiness.ch\/regionen\/2017-04-05\/risch-rotkreuz-ueberbauung-bahnhofsareal\/#primaryimage","url":"https:\/\/www.immobilienbusiness.ch\/wp-content\/uploads\/2017\/01\/Depositphotos_6695177_l-2015.jpg","contentUrl":"https:\/\/www.immobilienbusiness.ch\/wp-content\/uploads\/2017\/01\/Depositphotos_6695177_l-2015.jpg","width":2000,"height":1333,"caption":"In Thun ist eine \u00dcberbaung mit Wohnungen und Alterswohnen geplant (Foto: .shock - depositphotos)"},{"@type":"BreadcrumbList","@id":"https:\/\/www.immobilienbusiness.ch\/regionen\/2017-04-05\/risch-rotkreuz-ueberbauung-bahnhofsareal\/#breadcrumb","itemListElement":[{"@type":"ListItem","position":1,"name":"Home","item":"https:\/\/www.immobilienbusiness.ch\/"},{"@type":"ListItem","position":2,"name":"Startschuss f\u00fcr die \u00dcberbauung des Bahnhofsareals Risch-Rotkreuz"}]},{"@type":"WebSite","@id":"https:\/\/www.immobilienbusiness.ch\/#website","url":"https:\/\/www.immobilienbusiness.ch\/","name":"IMMOBILIEN Business","description":"Unabh\u00e4ngiges Schweizer Wirtschaftsmagazin mit Fokus auf Immobilien, Architektur- und Bau sowie Investment- und Finanzierung.","publisher":{"@id":"https:\/\/www.immobilienbusiness.ch\/#organization"},"potentialAction":[{"@type":"SearchAction","target":{"@type":"EntryPoint","urlTemplate":"https:\/\/www.immobilienbusiness.ch\/?s={search_term_string}"},"query-input":{"@type":"PropertyValueSpecification","valueRequired":true,"valueName":"search_term_string"}}],"inLanguage":"de"},{"@type":"Organization","@id":"https:\/\/www.immobilienbusiness.ch\/#organization","name":"IMMOBILIEN Business","url":"https:\/\/www.immobilienbusiness.ch\/","logo":{"@type":"ImageObject","inLanguage":"de","@id":"https:\/\/www.immobilienbusiness.ch\/#\/schema\/logo\/image\/","url":"https:\/\/www.immobilienbusiness.ch\/wp-content\/uploads\/2021\/07\/logo_ib.png","contentUrl":"https:\/\/www.immobilienbusiness.ch\/wp-content\/uploads\/2021\/07\/logo_ib.png","width":800,"height":181,"caption":"IMMOBILIEN Business"},"image":{"@id":"https:\/\/www.immobilienbusiness.ch\/#\/schema\/logo\/image\/"},"sameAs":["https:\/\/www.facebook.com\/immobilienbusiness\/"]},{"@type":"Person","@id":"https:\/\/www.immobilienbusiness.ch\/#\/schema\/person\/3fc036297b10b9f42d6db5ee932af8c8","name":"anja.hall","image":{"@type":"ImageObject","inLanguage":"de","@id":"https:\/\/secure.gravatar.com\/avatar\/066b5a0d447013502c71a5782f4f3469f03cfe595cc2329fb94652fe47511bfb?s=96&d=mm&r=g","url":"https:\/\/secure.gravatar.com\/avatar\/066b5a0d447013502c71a5782f4f3469f03cfe595cc2329fb94652fe47511bfb?s=96&d=mm&r=g","contentUrl":"https:\/\/secure.gravatar.com\/avatar\/066b5a0d447013502c71a5782f4f3469f03cfe595cc2329fb94652fe47511bfb?s=96&d=mm&r=g","caption":"anja.hall"},"url":"https:\/\/www.immobilienbusiness.ch\/de\/author\/anja-hall\/"}]}},"_links":{"self":[{"href":"https:\/\/www.immobilienbusiness.ch\/de\/wp-json\/wp\/v2\/posts\/7038","targetHints":{"allow":["GET"]}}],"collection":[{"href":"https:\/\/www.immobilienbusiness.ch\/de\/wp-json\/wp\/v2\/posts"}],"about":[{"href":"https:\/\/www.immobilienbusiness.ch\/de\/wp-json\/wp\/v2\/types\/post"}],"author":[{"embeddable":true,"href":"https:\/\/www.immobilienbusiness.ch\/de\/wp-json\/wp\/v2\/users\/3"}],"replies":[{"embeddable":true,"href":"https:\/\/www.immobilienbusiness.ch\/de\/wp-json\/wp\/v2\/comments?post=7038"}],"version-history":[{"count":0,"href":"https:\/\/www.immobilienbusiness.ch\/de\/wp-json\/wp\/v2\/posts\/7038\/revisions"}],"wp:featuredmedia":[{"embeddable":true,"href":"https:\/\/www.immobilienbusiness.ch\/de\/wp-json\/wp\/v2\/media\/5802"}],"wp:attachment":[{"href":"https:\/\/www.immobilienbusiness.ch\/de\/wp-json\/wp\/v2\/media?parent=7038"}],"wp:term":[{"taxonomy":"category","embeddable":true,"href":"https:\/\/www.immobilienbusiness.ch\/de\/wp-json\/wp\/v2\/categories?post=7038"},{"taxonomy":"post_tag","embeddable":true,"href":"https:\/\/www.immobilienbusiness.ch\/de\/wp-json\/wp\/v2\/tags?post=7038"}],"curies":[{"name":"wp","href":"https:\/\/api.w.org\/{rel}","templated":true}]}}