{"id":7035,"date":"2017-04-05T08:56:45","date_gmt":"2017-04-05T06:56:45","guid":{"rendered":"https:\/\/www.immobilienbusiness.ch\/?p=7035"},"modified":"2017-04-05T08:56:45","modified_gmt":"2017-04-05T06:56:45","slug":"siedlungsentwicklung-hochschule-luzern-mit-modellvorgehen","status":"publish","type":"post","link":"https:\/\/www.immobilienbusiness.ch\/de\/residential\/2017-04-05\/siedlungsentwicklung-hochschule-luzern-mit-modellvorgehen\/","title":{"rendered":"Siedlungsentwicklung: Hochschule Luzern mit Modellvorgehen"},"content":{"rendered":"<figure id=\"attachment_7036\" aria-describedby=\"caption-attachment-7036\" style=\"width: 680px\" class=\"wp-caption alignnone\"><img loading=\"lazy\" decoding=\"async\" class=\"wp-image-7036 size-medium\" src=\"https:\/\/www.immobilienbusiness.ch\/wp-content\/uploads\/2017\/04\/20170403-Bild-mm-Modellvorgehen-Innenentwicklung-\u00a9Ulrike-Alexius.jpg\" width=\"680\" height=\"383\" srcset=\"https:\/\/www.immobilienbusiness.ch\/wp-content\/uploads\/2017\/04\/20170403-Bild-mm-Modellvorgehen-Innenentwicklung-\u00a9Ulrike-Alexius.jpg 2560w, https:\/\/www.immobilienbusiness.ch\/wp-content\/uploads\/2017\/04\/20170403-Bild-mm-Modellvorgehen-Innenentwicklung-\u00a9Ulrike-Alexius-300x169.jpg 300w, https:\/\/www.immobilienbusiness.ch\/wp-content\/uploads\/2017\/04\/20170403-Bild-mm-Modellvorgehen-Innenentwicklung-\u00a9Ulrike-Alexius-1024x576.jpg 1024w, https:\/\/www.immobilienbusiness.ch\/wp-content\/uploads\/2017\/04\/20170403-Bild-mm-Modellvorgehen-Innenentwicklung-\u00a9Ulrike-Alexius-768x432.jpg 768w, https:\/\/www.immobilienbusiness.ch\/wp-content\/uploads\/2017\/04\/20170403-Bild-mm-Modellvorgehen-Innenentwicklung-\u00a9Ulrike-Alexius-1536x864.jpg 1536w, https:\/\/www.immobilienbusiness.ch\/wp-content\/uploads\/2017\/04\/20170403-Bild-mm-Modellvorgehen-Innenentwicklung-\u00a9Ulrike-Alexius-2048x1152.jpg 2048w, https:\/\/www.immobilienbusiness.ch\/wp-content\/uploads\/2017\/04\/20170403-Bild-mm-Modellvorgehen-Innenentwicklung-\u00a9Ulrike-Alexius-16x9.jpg 16w, https:\/\/www.immobilienbusiness.ch\/wp-content\/uploads\/2017\/04\/20170403-Bild-mm-Modellvorgehen-Innenentwicklung-\u00a9Ulrike-Alexius-311x175.jpg 311w, https:\/\/www.immobilienbusiness.ch\/wp-content\/uploads\/2017\/04\/20170403-Bild-mm-Modellvorgehen-Innenentwicklung-\u00a9Ulrike-Alexius-622x350.jpg 622w, https:\/\/www.immobilienbusiness.ch\/wp-content\/uploads\/2017\/04\/20170403-Bild-mm-Modellvorgehen-Innenentwicklung-\u00a9Ulrike-Alexius-1422x800.jpg 1422w, https:\/\/www.immobilienbusiness.ch\/wp-content\/uploads\/2017\/04\/20170403-Bild-mm-Modellvorgehen-Innenentwicklung-\u00a9Ulrike-Alexius-920x518.jpg 920w, https:\/\/www.immobilienbusiness.ch\/wp-content\/uploads\/2017\/04\/20170403-Bild-mm-Modellvorgehen-Innenentwicklung-\u00a9Ulrike-Alexius-1400x788.jpg 1400w\" sizes=\"auto, (max-width: 680px) 100vw, 680px\" \/><figcaption id=\"caption-attachment-7036\" class=\"wp-caption-text\">Die Verdichtung bestehende Siedlungen verl\u00e4uft nicht immer konfliktfrei (Foto: \u00a9 Ulrike Alexius)<\/figcaption><\/figure>\n<p>Das revidierte Raumplanungsgesetz schreibt vor, dass Gemeinden in bereits bebautem Gebiet\u00a0die Reserven aussch\u00f6pfen m\u00fcssen, bevor sie neue Bauzonen ausweisen. Damit soll die weitere\u00a0Zersiedelung der Landschaft einged\u00e4mmt werden. F\u00fcr die Gemeinden bringe dies jedoch\u00a0komplexe Herausforderungen mit sich, auf die sie oft ungen\u00fcgend vorbereitet seien, heisst es in einer Medienmitteilung der Hochschule Luzern.\u00a0Private und\u00a0institutionelle Eigent\u00fcmer\u00a0h\u00e4tten\u00a0eigene Vorstellungen davon, was auf ihren\u00a0Grundst\u00fccken und in ihrer Nachbarschaft geschehen solle. Mit einer Planung \u00fcber die K\u00f6pfe der\u00a0Betroffenen hinweg seien\u00a0Einsprachen und Unstimmigkeiten programmiert, wenn sp\u00e4ter\u00a0tats\u00e4chlich gebaut werden solle.<\/p>\n<p>Die Hochschule Luzern hat deshalb in Zusammenarbeit mit der\u00a0Dienststelle Raum und Wirtschaft des Kantons Luzern und dem Amt f\u00fcr Raumplanung des Kantons\u00a0Basel-Landschaft ein Vorgehensmodell f\u00fcr die Quartierentwicklung innerhalb des bestehenden\u00a0Siedlungsgebiets erarbeitet. Unterst\u00fctzt wurde das Projekt im Rahmen des Bundesprogramms\u00a0\u00abModellvorhaben Nachhaltige Raumentwicklung 2014-18\u00bb vom Bundesamt f\u00fcr Raumentwicklung\u00a0ARE und vom Bundesamt f\u00fcr Landwirtschaft BLW.<\/p>\n<h2>Mehrstufiges Verfahren<\/h2>\n<p>Mit einem mehrstufigen, lokalspezifischen Vorgehen soll sicher gestellt werden, dass die Erwartungen und Anliegen der\u00a0verschiedenen Seiten Geh\u00f6r und Eingang in die Planung finden. In acht Gemeinden wurde das Verfahren\u00a0bereits erprobt. In sieben Gemeinden ist der Prozess abgeschlossen; bei allen haben die Projekte\u00a0einen Schritt in Richtung Verwirklichung gemacht.<\/p>\n<p>Das neue Verfahren eigne sich besonders f\u00fcr Quartiere, in denen zahlreiche \u00a0Eigent\u00fcmer \u2013 institutionelle und private \u2013 mit unterschiedlichen Interessen betroffen\u00a0und daher das Konfliktpotenzial h\u00f6her sei\u00a0als anderswo, so die Hochschule Luzern. In den Gemeinden Sch\u00fcpfheim,\u00a0Ufhusen, Entlebuch, Emmen und Ballwil ging es um das Ortszentrum oder Teile davon, in\u00a0Sempach und Oberwil um ein Wohnquartier. \u00abDie Ausgangsfrage f\u00fcr das Projektteam hiess in\u00a0allen F\u00e4llen: Wie k\u00f6nnen wir Gemeinden helfen, die das Zentrum oder ein Quartier\u00a0weiterentwickeln wollen, die aber alleine zu keiner umsetzbaren L\u00f6sung kommen?\u00bb, sagt\u00a0Ulrike Sturm, Projektleiterin vom Departement Technik &amp; Architektur der Hochschule Luzern.<\/p>\n<p>Zuallererst m\u00fcsse\u00a0ein g\u00e4ngiges Missverst\u00e4ndnis aus dem Weg ger\u00e4umt werden: \u00abPlanung wird in\u00a0diesem Zusammenhang oft falsch verstanden\u00bb, meint\u00a0Sturm. \u00abEs geht nicht darum, dass\u00a0jemand bauen muss. Es geht darum, die M\u00f6glichkeit zu schaffen, dass jemand, der bauen will,\u00a0es auch tun kann, und zwar in Abstimmung mit der Gemeinde und im Einvernehmen mit den<br \/>\n\u00fcbrigen Anwohnenden. Dies geht nur, wenn es m\u00f6glich ist, sich auf ein Gesamtbild f\u00fcr die\u00a0Entwicklung des Gebiets zu verst\u00e4ndigen.\u00bb<\/p>\n<h2>&#8222;Begleitgruppe&#8220; hat zentrale Position<\/h2>\n<p>Zentral im entwickelten Modellvorgehen ist eine f\u00fcr diesen Zweck zusammengesetzte\u00a0Begleitgruppe aus Vertretern der Gemeinde \u2013 Politik und Verwaltung \u2013, Planungsexperten und\u00a0einer neutralen Prozessbegleitung; w\u00e4hrend des Modellvorhabens war dies das interdisziplin\u00e4r\u00a0besetzte Team der Hochschule Luzern. Die Begleitgruppe soll daf\u00fcr sorgen, dass alle Beteiligten in\u00a0Workshops zusammenarbeiten und lokales Wissen und Fachwissen gleichermassen eingebracht\u00a0werden. Hierbei sollen auch die Anliegen und Vorschl\u00e4ge derjenigen geh\u00f6rt werden, die es weniger\u00a0gewohnt sind, sich in einer gr\u00f6sseren Gruppe Geh\u00f6r zu verschaffen, beispielsweise private\u00a0\u00a0Eigent\u00fcmer gegen\u00fcber institutionellen. Angepasst an die jeweilige\u00a0Situation legen Gemeinde und Begleitgruppe das Vorgehen fest. Am Anfang k\u00f6nnten\u00a0telefonische Interviews mit den Grundeigent\u00fcmern stehen, es k\u00f6nne\u00a0aber\u00a0auch mit einer Informationsveranstaltung zum Projekt oder einem Ideenworkshop mit der\u00a0Planungskommission beginnen, heisst es bei den Projektverantwortlichen.<\/p>\n<p>F\u00fcr diesen aufw\u00e4ndigen mehrstufigen Prozess\u00a0gelte\u00a0es nicht nur, die\u00a0Eigent\u00fcmer zu gewinnen, sondern auch die involvierten Planungs- oder Architekturb\u00fcros, die\u00a0sich in eine f\u00fcr sie ungewohnte Rolle begeben: Anders als sonst verhandeln sie nicht nur mit\u00a0ihrem Auftraggeber, sondern m\u00fcssen Vorschl\u00e4ge f\u00fcr direkt Betroffene erarbeiten.\u00a0Sturm, selber Architektin,\u00a0sieht die Aufgabe der Begleitgruppe deswegen durchaus auch darin, den Prozess so zu leiten, dass am\u00a0Ende nicht zu viele Kompromisse die Qualit\u00e4t eines Entwurfs beeintr\u00e4chtigen.<\/p>\n<p>Informationen zum Gesamtprojekt und zum Vorgehen in den einzelnen Gemeinden:\u00a0<a href=\"https:\/\/rawi.lu.ch\/themen\/siedlungsentwicklung\/Netzwerk_Innenentwicklung\">https:\/\/rawi.lu.ch\/themen\/siedlungsentwicklung\/Netzwerk_Innenentwicklung<\/a><\/p>\n","protected":false},"excerpt":{"rendered":"<p>Ein interdisziplin\u00e4res Team der Hochschule Luzern hat ein\u00a0Vorgehen entwickelt, wie bestehende Siedlungen m\u00f6glichst konfliktfrei baulich erweitert und verdichtet werden k\u00f6nnen.<\/p>\n","protected":false},"author":3,"featured_media":7036,"comment_status":"open","ping_status":"open","sticky":false,"template":"","format":"standard","meta":{"_acf_changed":false,"_yoast_wpseo_focuskw":"Hochschule Luzern","_yoast_wpseo_title":"","_yoast_wpseo_metadesc":"Ein interdisziplin\u00e4res Team der Hochschule Luzern hat ein\u00a0Vorgehen entwickelt, wie Siedlungen m\u00f6glichst konfliktfrei baulich erweitert werden k\u00f6nnen.","_yoast_wpseo_linkdex":81,"pgc_sgb_lightbox_settings":"","footnotes":""},"categories":[986],"tags":[1235,1630,1824,1862],"class_list":["post-7035","post","type-post","status-publish","format-standard","has-post-thumbnail","hentry","category-residential","tag-forschung","tag-regulierung","tag-verdichtung","tag-wohnen"],"acf":[],"yoast_head":"<!-- This site is optimized with the Yoast SEO plugin v27.4 - https:\/\/yoast.com\/product\/yoast-seo-wordpress\/ -->\n<title>Siedlungsentwicklung: Hochschule Luzern mit Modellvorgehen - IMMOBILIEN Business<\/title>\n<meta name=\"description\" content=\"Ein interdisziplin\u00e4res Team der Hochschule Luzern hat ein\u00a0Vorgehen entwickelt, wie Siedlungen m\u00f6glichst konfliktfrei baulich erweitert werden k\u00f6nnen.\" \/>\n<meta name=\"robots\" content=\"index, follow, max-snippet:-1, max-image-preview:large, max-video-preview:-1\" \/>\n<link rel=\"canonical\" href=\"https:\/\/www.immobilienbusiness.ch\/de\/residential\/2017-04-05\/siedlungsentwicklung-hochschule-luzern-mit-modellvorgehen\/\" \/>\n<meta property=\"og:locale\" content=\"de_DE\" \/>\n<meta property=\"og:type\" content=\"article\" \/>\n<meta property=\"og:title\" content=\"Siedlungsentwicklung: Hochschule Luzern mit Modellvorgehen\" \/>\n<meta property=\"og:description\" content=\"Ein interdisziplin\u00e4res Team der Hochschule Luzern hat ein\u00a0Vorgehen entwickelt, wie Siedlungen m\u00f6glichst konfliktfrei baulich erweitert werden k\u00f6nnen.\" \/>\n<meta property=\"og:url\" content=\"https:\/\/www.immobilienbusiness.ch\/de\/residential\/2017-04-05\/siedlungsentwicklung-hochschule-luzern-mit-modellvorgehen\/\" \/>\n<meta property=\"og:site_name\" content=\"IMMOBILIEN Business\" \/>\n<meta property=\"article:publisher\" content=\"https:\/\/www.facebook.com\/immobilienbusiness\/\" \/>\n<meta property=\"article:published_time\" content=\"2017-04-05T06:56:45+00:00\" \/>\n<meta property=\"og:image\" content=\"https:\/\/www.immobilienbusiness.ch\/wp-content\/uploads\/2017\/04\/20170403-Bild-mm-Modellvorgehen-Innenentwicklung-\u00a9Ulrike-Alexius-1024x576.jpg\" \/>\n\t<meta property=\"og:image:width\" content=\"1024\" \/>\n\t<meta property=\"og:image:height\" content=\"576\" \/>\n\t<meta property=\"og:image:type\" content=\"image\/jpeg\" \/>\n<meta name=\"author\" content=\"anja.hall\" \/>\n<meta name=\"twitter:card\" content=\"summary_large_image\" \/>\n<meta name=\"twitter:title\" content=\"Siedlungsentwicklung: Hochschule Luzern mit Modellvorgehen\" \/>\n<meta name=\"twitter:description\" content=\"Ein interdisziplin\u00e4res Team der Hochschule Luzern hat ein\u00a0Vorgehen entwickelt, wie Siedlungen m\u00f6glichst konfliktfrei baulich erweitert werden k\u00f6nnen.\" \/>\n<meta name=\"twitter:image\" content=\"https:\/\/www.immobilienbusiness.ch\/wp-content\/uploads\/2017\/04\/20170403-Bild-mm-Modellvorgehen-Innenentwicklung-\u00a9Ulrike-Alexius.jpg\" \/>\n<script type=\"application\/ld+json\" class=\"yoast-schema-graph\">{\"@context\":\"https:\\\/\\\/schema.org\",\"@graph\":[{\"@type\":\"Article\",\"@id\":\"https:\\\/\\\/www.immobilienbusiness.ch\\\/de\\\/residential\\\/2017-04-05\\\/siedlungsentwicklung-hochschule-luzern-mit-modellvorgehen\\\/#article\",\"isPartOf\":{\"@id\":\"https:\\\/\\\/www.immobilienbusiness.ch\\\/de\\\/residential\\\/2017-04-05\\\/siedlungsentwicklung-hochschule-luzern-mit-modellvorgehen\\\/\"},\"author\":{\"name\":\"anja.hall\",\"@id\":\"https:\\\/\\\/www.immobilienbusiness.ch\\\/#\\\/schema\\\/person\\\/3fc036297b10b9f42d6db5ee932af8c8\"},\"headline\":\"Siedlungsentwicklung: Hochschule Luzern mit Modellvorgehen\",\"datePublished\":\"2017-04-05T06:56:45+00:00\",\"mainEntityOfPage\":{\"@id\":\"https:\\\/\\\/www.immobilienbusiness.ch\\\/de\\\/residential\\\/2017-04-05\\\/siedlungsentwicklung-hochschule-luzern-mit-modellvorgehen\\\/\"},\"wordCount\":675,\"commentCount\":0,\"publisher\":{\"@id\":\"https:\\\/\\\/www.immobilienbusiness.ch\\\/#organization\"},\"image\":{\"@id\":\"https:\\\/\\\/www.immobilienbusiness.ch\\\/de\\\/residential\\\/2017-04-05\\\/siedlungsentwicklung-hochschule-luzern-mit-modellvorgehen\\\/#primaryimage\"},\"thumbnailUrl\":\"https:\\\/\\\/www.immobilienbusiness.ch\\\/wp-content\\\/uploads\\\/2017\\\/04\\\/20170403-Bild-mm-Modellvorgehen-Innenentwicklung-\u00a9Ulrike-Alexius.jpg\",\"keywords\":[\"Forschung\",\"Regulierung\",\"Verdichtung\",\"Wohnen\"],\"articleSection\":[\"RESIDENTIAL\"],\"inLanguage\":\"de\"},{\"@type\":\"WebPage\",\"@id\":\"https:\\\/\\\/www.immobilienbusiness.ch\\\/de\\\/residential\\\/2017-04-05\\\/siedlungsentwicklung-hochschule-luzern-mit-modellvorgehen\\\/\",\"url\":\"https:\\\/\\\/www.immobilienbusiness.ch\\\/de\\\/residential\\\/2017-04-05\\\/siedlungsentwicklung-hochschule-luzern-mit-modellvorgehen\\\/\",\"name\":\"Siedlungsentwicklung: Hochschule Luzern mit Modellvorgehen - IMMOBILIEN Business\",\"isPartOf\":{\"@id\":\"https:\\\/\\\/www.immobilienbusiness.ch\\\/#website\"},\"primaryImageOfPage\":{\"@id\":\"https:\\\/\\\/www.immobilienbusiness.ch\\\/de\\\/residential\\\/2017-04-05\\\/siedlungsentwicklung-hochschule-luzern-mit-modellvorgehen\\\/#primaryimage\"},\"image\":{\"@id\":\"https:\\\/\\\/www.immobilienbusiness.ch\\\/de\\\/residential\\\/2017-04-05\\\/siedlungsentwicklung-hochschule-luzern-mit-modellvorgehen\\\/#primaryimage\"},\"thumbnailUrl\":\"https:\\\/\\\/www.immobilienbusiness.ch\\\/wp-content\\\/uploads\\\/2017\\\/04\\\/20170403-Bild-mm-Modellvorgehen-Innenentwicklung-\u00a9Ulrike-Alexius.jpg\",\"datePublished\":\"2017-04-05T06:56:45+00:00\",\"description\":\"Ein interdisziplin\u00e4res Team der Hochschule Luzern hat ein\u00a0Vorgehen entwickelt, wie Siedlungen m\u00f6glichst konfliktfrei baulich erweitert werden k\u00f6nnen.\",\"breadcrumb\":{\"@id\":\"https:\\\/\\\/www.immobilienbusiness.ch\\\/de\\\/residential\\\/2017-04-05\\\/siedlungsentwicklung-hochschule-luzern-mit-modellvorgehen\\\/#breadcrumb\"},\"inLanguage\":\"de\",\"potentialAction\":[{\"@type\":\"ReadAction\",\"target\":[\"https:\\\/\\\/www.immobilienbusiness.ch\\\/de\\\/residential\\\/2017-04-05\\\/siedlungsentwicklung-hochschule-luzern-mit-modellvorgehen\\\/\"]}]},{\"@type\":\"ImageObject\",\"inLanguage\":\"de\",\"@id\":\"https:\\\/\\\/www.immobilienbusiness.ch\\\/de\\\/residential\\\/2017-04-05\\\/siedlungsentwicklung-hochschule-luzern-mit-modellvorgehen\\\/#primaryimage\",\"url\":\"https:\\\/\\\/www.immobilienbusiness.ch\\\/wp-content\\\/uploads\\\/2017\\\/04\\\/20170403-Bild-mm-Modellvorgehen-Innenentwicklung-\u00a9Ulrike-Alexius.jpg\",\"contentUrl\":\"https:\\\/\\\/www.immobilienbusiness.ch\\\/wp-content\\\/uploads\\\/2017\\\/04\\\/20170403-Bild-mm-Modellvorgehen-Innenentwicklung-\u00a9Ulrike-Alexius.jpg\",\"width\":2560,\"height\":1440,\"caption\":\"\u00a9Ulrike Alexius\"},{\"@type\":\"BreadcrumbList\",\"@id\":\"https:\\\/\\\/www.immobilienbusiness.ch\\\/de\\\/residential\\\/2017-04-05\\\/siedlungsentwicklung-hochschule-luzern-mit-modellvorgehen\\\/#breadcrumb\",\"itemListElement\":[{\"@type\":\"ListItem\",\"position\":1,\"name\":\"Home\",\"item\":\"https:\\\/\\\/www.immobilienbusiness.ch\\\/\"},{\"@type\":\"ListItem\",\"position\":2,\"name\":\"Siedlungsentwicklung: Hochschule Luzern mit Modellvorgehen\"}]},{\"@type\":\"WebSite\",\"@id\":\"https:\\\/\\\/www.immobilienbusiness.ch\\\/#website\",\"url\":\"https:\\\/\\\/www.immobilienbusiness.ch\\\/\",\"name\":\"IMMOBILIEN Business\",\"description\":\"Unabh\u00e4ngiges Schweizer Wirtschaftsmagazin mit Fokus auf Immobilien, Architektur- und Bau sowie Investment- und Finanzierung.\",\"publisher\":{\"@id\":\"https:\\\/\\\/www.immobilienbusiness.ch\\\/#organization\"},\"potentialAction\":[{\"@type\":\"SearchAction\",\"target\":{\"@type\":\"EntryPoint\",\"urlTemplate\":\"https:\\\/\\\/www.immobilienbusiness.ch\\\/?s={search_term_string}\"},\"query-input\":{\"@type\":\"PropertyValueSpecification\",\"valueRequired\":true,\"valueName\":\"search_term_string\"}}],\"inLanguage\":\"de\"},{\"@type\":\"Organization\",\"@id\":\"https:\\\/\\\/www.immobilienbusiness.ch\\\/#organization\",\"name\":\"IMMOBILIEN Business\",\"url\":\"https:\\\/\\\/www.immobilienbusiness.ch\\\/\",\"logo\":{\"@type\":\"ImageObject\",\"inLanguage\":\"de\",\"@id\":\"https:\\\/\\\/www.immobilienbusiness.ch\\\/#\\\/schema\\\/logo\\\/image\\\/\",\"url\":\"https:\\\/\\\/www.immobilienbusiness.ch\\\/wp-content\\\/uploads\\\/2021\\\/07\\\/logo_ib.png\",\"contentUrl\":\"https:\\\/\\\/www.immobilienbusiness.ch\\\/wp-content\\\/uploads\\\/2021\\\/07\\\/logo_ib.png\",\"width\":800,\"height\":181,\"caption\":\"IMMOBILIEN Business\"},\"image\":{\"@id\":\"https:\\\/\\\/www.immobilienbusiness.ch\\\/#\\\/schema\\\/logo\\\/image\\\/\"},\"sameAs\":[\"https:\\\/\\\/www.facebook.com\\\/immobilienbusiness\\\/\"]},{\"@type\":\"Person\",\"@id\":\"https:\\\/\\\/www.immobilienbusiness.ch\\\/#\\\/schema\\\/person\\\/3fc036297b10b9f42d6db5ee932af8c8\",\"name\":\"anja.hall\",\"image\":{\"@type\":\"ImageObject\",\"inLanguage\":\"de\",\"@id\":\"https:\\\/\\\/secure.gravatar.com\\\/avatar\\\/066b5a0d447013502c71a5782f4f3469f03cfe595cc2329fb94652fe47511bfb?s=96&d=mm&r=g\",\"url\":\"https:\\\/\\\/secure.gravatar.com\\\/avatar\\\/066b5a0d447013502c71a5782f4f3469f03cfe595cc2329fb94652fe47511bfb?s=96&d=mm&r=g\",\"contentUrl\":\"https:\\\/\\\/secure.gravatar.com\\\/avatar\\\/066b5a0d447013502c71a5782f4f3469f03cfe595cc2329fb94652fe47511bfb?s=96&d=mm&r=g\",\"caption\":\"anja.hall\"},\"url\":\"https:\\\/\\\/www.immobilienbusiness.ch\\\/de\\\/author\\\/anja-hall\\\/\"}]}<\/script>\n<!-- \/ Yoast SEO plugin. -->","yoast_head_json":{"title":"Siedlungsentwicklung: Hochschule Luzern mit Modellvorgehen - IMMOBILIEN Business","description":"Ein interdisziplin\u00e4res Team der Hochschule Luzern hat ein\u00a0Vorgehen entwickelt, wie Siedlungen m\u00f6glichst konfliktfrei baulich erweitert werden k\u00f6nnen.","robots":{"index":"index","follow":"follow","max-snippet":"max-snippet:-1","max-image-preview":"max-image-preview:large","max-video-preview":"max-video-preview:-1"},"canonical":"https:\/\/www.immobilienbusiness.ch\/de\/residential\/2017-04-05\/siedlungsentwicklung-hochschule-luzern-mit-modellvorgehen\/","og_locale":"de_DE","og_type":"article","og_title":"Siedlungsentwicklung: Hochschule Luzern mit Modellvorgehen","og_description":"Ein interdisziplin\u00e4res Team der Hochschule Luzern hat ein\u00a0Vorgehen entwickelt, wie Siedlungen m\u00f6glichst konfliktfrei baulich erweitert werden k\u00f6nnen.","og_url":"https:\/\/www.immobilienbusiness.ch\/de\/residential\/2017-04-05\/siedlungsentwicklung-hochschule-luzern-mit-modellvorgehen\/","og_site_name":"IMMOBILIEN Business","article_publisher":"https:\/\/www.facebook.com\/immobilienbusiness\/","article_published_time":"2017-04-05T06:56:45+00:00","og_image":[{"width":1024,"height":576,"url":"https:\/\/www.immobilienbusiness.ch\/wp-content\/uploads\/2017\/04\/20170403-Bild-mm-Modellvorgehen-Innenentwicklung-\u00a9Ulrike-Alexius-1024x576.jpg","type":"image\/jpeg"}],"author":"anja.hall","twitter_card":"summary_large_image","twitter_title":"Siedlungsentwicklung: Hochschule Luzern mit Modellvorgehen","twitter_description":"Ein interdisziplin\u00e4res Team der Hochschule Luzern hat ein\u00a0Vorgehen entwickelt, wie Siedlungen m\u00f6glichst konfliktfrei baulich erweitert werden k\u00f6nnen.","twitter_image":"https:\/\/www.immobilienbusiness.ch\/wp-content\/uploads\/2017\/04\/20170403-Bild-mm-Modellvorgehen-Innenentwicklung-\u00a9Ulrike-Alexius.jpg","schema":{"@context":"https:\/\/schema.org","@graph":[{"@type":"Article","@id":"https:\/\/www.immobilienbusiness.ch\/de\/residential\/2017-04-05\/siedlungsentwicklung-hochschule-luzern-mit-modellvorgehen\/#article","isPartOf":{"@id":"https:\/\/www.immobilienbusiness.ch\/de\/residential\/2017-04-05\/siedlungsentwicklung-hochschule-luzern-mit-modellvorgehen\/"},"author":{"name":"anja.hall","@id":"https:\/\/www.immobilienbusiness.ch\/#\/schema\/person\/3fc036297b10b9f42d6db5ee932af8c8"},"headline":"Siedlungsentwicklung: Hochschule Luzern mit Modellvorgehen","datePublished":"2017-04-05T06:56:45+00:00","mainEntityOfPage":{"@id":"https:\/\/www.immobilienbusiness.ch\/de\/residential\/2017-04-05\/siedlungsentwicklung-hochschule-luzern-mit-modellvorgehen\/"},"wordCount":675,"commentCount":0,"publisher":{"@id":"https:\/\/www.immobilienbusiness.ch\/#organization"},"image":{"@id":"https:\/\/www.immobilienbusiness.ch\/de\/residential\/2017-04-05\/siedlungsentwicklung-hochschule-luzern-mit-modellvorgehen\/#primaryimage"},"thumbnailUrl":"https:\/\/www.immobilienbusiness.ch\/wp-content\/uploads\/2017\/04\/20170403-Bild-mm-Modellvorgehen-Innenentwicklung-\u00a9Ulrike-Alexius.jpg","keywords":["Forschung","Regulierung","Verdichtung","Wohnen"],"articleSection":["RESIDENTIAL"],"inLanguage":"de"},{"@type":"WebPage","@id":"https:\/\/www.immobilienbusiness.ch\/de\/residential\/2017-04-05\/siedlungsentwicklung-hochschule-luzern-mit-modellvorgehen\/","url":"https:\/\/www.immobilienbusiness.ch\/de\/residential\/2017-04-05\/siedlungsentwicklung-hochschule-luzern-mit-modellvorgehen\/","name":"Siedlungsentwicklung: Hochschule Luzern mit Modellvorgehen - IMMOBILIEN Business","isPartOf":{"@id":"https:\/\/www.immobilienbusiness.ch\/#website"},"primaryImageOfPage":{"@id":"https:\/\/www.immobilienbusiness.ch\/de\/residential\/2017-04-05\/siedlungsentwicklung-hochschule-luzern-mit-modellvorgehen\/#primaryimage"},"image":{"@id":"https:\/\/www.immobilienbusiness.ch\/de\/residential\/2017-04-05\/siedlungsentwicklung-hochschule-luzern-mit-modellvorgehen\/#primaryimage"},"thumbnailUrl":"https:\/\/www.immobilienbusiness.ch\/wp-content\/uploads\/2017\/04\/20170403-Bild-mm-Modellvorgehen-Innenentwicklung-\u00a9Ulrike-Alexius.jpg","datePublished":"2017-04-05T06:56:45+00:00","description":"Ein interdisziplin\u00e4res Team der Hochschule Luzern hat ein\u00a0Vorgehen entwickelt, wie Siedlungen m\u00f6glichst konfliktfrei baulich erweitert werden k\u00f6nnen.","breadcrumb":{"@id":"https:\/\/www.immobilienbusiness.ch\/de\/residential\/2017-04-05\/siedlungsentwicklung-hochschule-luzern-mit-modellvorgehen\/#breadcrumb"},"inLanguage":"de","potentialAction":[{"@type":"ReadAction","target":["https:\/\/www.immobilienbusiness.ch\/de\/residential\/2017-04-05\/siedlungsentwicklung-hochschule-luzern-mit-modellvorgehen\/"]}]},{"@type":"ImageObject","inLanguage":"de","@id":"https:\/\/www.immobilienbusiness.ch\/de\/residential\/2017-04-05\/siedlungsentwicklung-hochschule-luzern-mit-modellvorgehen\/#primaryimage","url":"https:\/\/www.immobilienbusiness.ch\/wp-content\/uploads\/2017\/04\/20170403-Bild-mm-Modellvorgehen-Innenentwicklung-\u00a9Ulrike-Alexius.jpg","contentUrl":"https:\/\/www.immobilienbusiness.ch\/wp-content\/uploads\/2017\/04\/20170403-Bild-mm-Modellvorgehen-Innenentwicklung-\u00a9Ulrike-Alexius.jpg","width":2560,"height":1440,"caption":"\u00a9Ulrike Alexius"},{"@type":"BreadcrumbList","@id":"https:\/\/www.immobilienbusiness.ch\/de\/residential\/2017-04-05\/siedlungsentwicklung-hochschule-luzern-mit-modellvorgehen\/#breadcrumb","itemListElement":[{"@type":"ListItem","position":1,"name":"Home","item":"https:\/\/www.immobilienbusiness.ch\/"},{"@type":"ListItem","position":2,"name":"Siedlungsentwicklung: Hochschule Luzern mit Modellvorgehen"}]},{"@type":"WebSite","@id":"https:\/\/www.immobilienbusiness.ch\/#website","url":"https:\/\/www.immobilienbusiness.ch\/","name":"IMMOBILIEN Business","description":"Unabh\u00e4ngiges Schweizer Wirtschaftsmagazin mit Fokus auf Immobilien, Architektur- und Bau sowie Investment- und Finanzierung.","publisher":{"@id":"https:\/\/www.immobilienbusiness.ch\/#organization"},"potentialAction":[{"@type":"SearchAction","target":{"@type":"EntryPoint","urlTemplate":"https:\/\/www.immobilienbusiness.ch\/?s={search_term_string}"},"query-input":{"@type":"PropertyValueSpecification","valueRequired":true,"valueName":"search_term_string"}}],"inLanguage":"de"},{"@type":"Organization","@id":"https:\/\/www.immobilienbusiness.ch\/#organization","name":"IMMOBILIEN Business","url":"https:\/\/www.immobilienbusiness.ch\/","logo":{"@type":"ImageObject","inLanguage":"de","@id":"https:\/\/www.immobilienbusiness.ch\/#\/schema\/logo\/image\/","url":"https:\/\/www.immobilienbusiness.ch\/wp-content\/uploads\/2021\/07\/logo_ib.png","contentUrl":"https:\/\/www.immobilienbusiness.ch\/wp-content\/uploads\/2021\/07\/logo_ib.png","width":800,"height":181,"caption":"IMMOBILIEN Business"},"image":{"@id":"https:\/\/www.immobilienbusiness.ch\/#\/schema\/logo\/image\/"},"sameAs":["https:\/\/www.facebook.com\/immobilienbusiness\/"]},{"@type":"Person","@id":"https:\/\/www.immobilienbusiness.ch\/#\/schema\/person\/3fc036297b10b9f42d6db5ee932af8c8","name":"anja.hall","image":{"@type":"ImageObject","inLanguage":"de","@id":"https:\/\/secure.gravatar.com\/avatar\/066b5a0d447013502c71a5782f4f3469f03cfe595cc2329fb94652fe47511bfb?s=96&d=mm&r=g","url":"https:\/\/secure.gravatar.com\/avatar\/066b5a0d447013502c71a5782f4f3469f03cfe595cc2329fb94652fe47511bfb?s=96&d=mm&r=g","contentUrl":"https:\/\/secure.gravatar.com\/avatar\/066b5a0d447013502c71a5782f4f3469f03cfe595cc2329fb94652fe47511bfb?s=96&d=mm&r=g","caption":"anja.hall"},"url":"https:\/\/www.immobilienbusiness.ch\/de\/author\/anja-hall\/"}]}},"_links":{"self":[{"href":"https:\/\/www.immobilienbusiness.ch\/de\/wp-json\/wp\/v2\/posts\/7035","targetHints":{"allow":["GET"]}}],"collection":[{"href":"https:\/\/www.immobilienbusiness.ch\/de\/wp-json\/wp\/v2\/posts"}],"about":[{"href":"https:\/\/www.immobilienbusiness.ch\/de\/wp-json\/wp\/v2\/types\/post"}],"author":[{"embeddable":true,"href":"https:\/\/www.immobilienbusiness.ch\/de\/wp-json\/wp\/v2\/users\/3"}],"replies":[{"embeddable":true,"href":"https:\/\/www.immobilienbusiness.ch\/de\/wp-json\/wp\/v2\/comments?post=7035"}],"version-history":[{"count":0,"href":"https:\/\/www.immobilienbusiness.ch\/de\/wp-json\/wp\/v2\/posts\/7035\/revisions"}],"wp:featuredmedia":[{"embeddable":true,"href":"https:\/\/www.immobilienbusiness.ch\/de\/wp-json\/wp\/v2\/media\/7036"}],"wp:attachment":[{"href":"https:\/\/www.immobilienbusiness.ch\/de\/wp-json\/wp\/v2\/media?parent=7035"}],"wp:term":[{"taxonomy":"category","embeddable":true,"href":"https:\/\/www.immobilienbusiness.ch\/de\/wp-json\/wp\/v2\/categories?post=7035"},{"taxonomy":"post_tag","embeddable":true,"href":"https:\/\/www.immobilienbusiness.ch\/de\/wp-json\/wp\/v2\/tags?post=7035"}],"curies":[{"name":"wp","href":"https:\/\/api.w.org\/{rel}","templated":true}]}}