{"id":6986,"date":"2017-04-03T08:29:17","date_gmt":"2017-04-03T06:29:17","guid":{"rendered":"https:\/\/www.immobilienbusiness.ch\/?p=6986"},"modified":"2017-04-03T08:29:17","modified_gmt":"2017-04-03T06:29:17","slug":"pwg-neubau-wohnhaus-zuerich-unterstrass","status":"publish","type":"post","link":"https:\/\/www.immobilienbusiness.ch\/de\/regionen\/2017-04-03\/pwg-neubau-wohnhaus-zuerich-unterstrass\/","title":{"rendered":"PWG baut in Z\u00fcrich-Unterstrass"},"content":{"rendered":"<div class=\"page\" title=\"Page 1\">\n<div class=\"layoutArea\">\n<div class=\"column\">\n<figure id=\"attachment_5838\" aria-describedby=\"caption-attachment-5838\" style=\"width: 680px\" class=\"wp-caption alignnone\"><img loading=\"lazy\" decoding=\"async\" class=\"size-medium wp-image-5838\" src=\"https:\/\/www.immobilienbusiness.ch\/wp-content\/uploads\/2017\/01\/Depositphotos_9296947_l-2015.jpg\" alt=\"\" width=\"680\" height=\"680\" \/><figcaption id=\"caption-attachment-5838\" class=\"wp-caption-text\">Die PWG errichtet in Z\u00fcrich-Unterstrass einen Neubau mit preisg\u00fcnstigen Wohnungen (Foto: gunnar3000 &#8211; depositphotos)<\/figcaption><\/figure>\n<p>Die PWG\u00a0ersetzt am Waldmeisterweg in Z\u00fcrich-Unterstrass ein bestehendes Geb\u00e4ude\u00a0durch einen Neubau. Die 21 neuen Wohnungen richten sich\u00a0speziell an\u00a0Familien und Wohngemeinschaften und sollen 2018 bezugsbereit sein.<\/p>\n<\/div>\n<div class=\"column\">\n<p>Gebaut wird nach Pl\u00e4nen von\u00a0L\u00fctjens Padmanabhan Architekten aus Z\u00fcrich, die den Wettbewerb als Nachwuchsteam gewonnen haben und nun ihr erstes gr\u00f6sseres Projekt ausf\u00fchren. Anfang M\u00e4rz begann der R\u00fcckbau des bestehenden Geb\u00e4udes, das aus dem Jahr 1947 stammt und heutigen Wohn- und Energieanforderungen nicht mehr gerecht wird.\u00a0Am 6. April erfolgt der erste Spatenstich f\u00fcr den Neubau. Das Bauvorhaben\u00a0wird\u00a0rund zw\u00f6lf\u00a0Millionen CHF\u00a0kosten.<\/p>\n<\/div>\n<\/div>\n<div class=\"layoutArea\">\n<div class=\"column\">\n<p>Der Neubau weist viele 4,5-Zimmer-Wohnungen auf, die nach Angaben der PWG in der Stadt Z\u00fcrich rar sind. Zielgruppen sind Familien und Wohngemeinschaften. \u00abDiese Mietergruppen haben es in der Stadt Z\u00fcrich besonders schwer, eine bezahlbare Wohnung zu finden\u00bb, sagt J\u00fcrg Steiner, Gesch\u00e4ftsf\u00fchrer der Stiftung.<\/p>\n<p>Die gemeinn\u00fctzige Stiftung PWG wurde nach einer Volksinitiative im Jahr 1985 gegr\u00fcndet. Die PWG erhielt\u00a0den Auftrag, preisg\u00fcnstige Wohn- und Gewerber\u00e4ume zu erhalten und durch Neubauten zu schaffen. Derzeit bewirtschaftet sie 138 Liegenschaften im Gesamtwert von rund 627 Millionen CHF.<\/p>\n<\/div>\n<\/div>\n<div class=\"section\"><\/div>\n<\/div>\n","protected":false},"excerpt":{"rendered":"<p>Die Stiftung PWG baut\u00a0in Z\u00fcrich-Unterstrass einen Neubau mit\u00a021 preisg\u00fcnstigen Wohnungen. Der Spatenstich wird am 6. April gesetzt.<\/p>\n","protected":false},"author":3,"featured_media":5838,"comment_status":"open","ping_status":"open","sticky":false,"template":"","format":"standard","meta":{"_acf_changed":false,"_yoast_wpseo_focuskw":"PWG","_yoast_wpseo_title":"","_yoast_wpseo_metadesc":"Die Stiftung PWG baut\u00a0in Z\u00fcrich-Unterstrass einen Neubau mit\u00a021 preisg\u00fcnstigen Wohnungen. Der Spatenstich wird am 6. April gesetzt.","_yoast_wpseo_linkdex":50,"pgc_sgb_lightbox_settings":"","footnotes":""},"categories":[985],"tags":[1077,1863,1888],"class_list":["post-6986","post","type-post","status-publish","format-standard","has-post-thumbnail","hentry","category-regionen","tag-baugenossenschaft","tag-wohnimmobilien","tag-zuerich"],"acf":[],"yoast_head":"<!-- This site is optimized with the Yoast SEO plugin v27.4 - https:\/\/yoast.com\/product\/yoast-seo-wordpress\/ -->\n<title>PWG baut in Z\u00fcrich-Unterstrass - IMMOBILIEN Business<\/title>\n<meta name=\"description\" content=\"Die Stiftung PWG baut\u00a0in Z\u00fcrich-Unterstrass einen Neubau mit\u00a021 preisg\u00fcnstigen Wohnungen. Der Spatenstich wird am 6. April gesetzt.\" \/>\n<meta name=\"robots\" content=\"index, follow, max-snippet:-1, max-image-preview:large, max-video-preview:-1\" \/>\n<link rel=\"canonical\" href=\"https:\/\/www.immobilienbusiness.ch\/de\/regionen\/2017-04-03\/pwg-neubau-wohnhaus-zuerich-unterstrass\/\" \/>\n<meta property=\"og:locale\" content=\"de_DE\" \/>\n<meta property=\"og:type\" content=\"article\" \/>\n<meta property=\"og:title\" content=\"PWG baut in Z\u00fcrich-Unterstrass\" \/>\n<meta property=\"og:description\" content=\"Die Stiftung PWG baut\u00a0in Z\u00fcrich-Unterstrass einen Neubau mit\u00a021 preisg\u00fcnstigen Wohnungen. Der Spatenstich wird am 6. April gesetzt.\" \/>\n<meta property=\"og:url\" content=\"https:\/\/www.immobilienbusiness.ch\/de\/regionen\/2017-04-03\/pwg-neubau-wohnhaus-zuerich-unterstrass\/\" \/>\n<meta property=\"og:site_name\" content=\"IMMOBILIEN Business\" \/>\n<meta property=\"article:publisher\" content=\"https:\/\/www.facebook.com\/immobilienbusiness\/\" \/>\n<meta property=\"article:published_time\" content=\"2017-04-03T06:29:17+00:00\" \/>\n<meta name=\"author\" content=\"anja.hall\" \/>\n<meta name=\"twitter:card\" content=\"summary_large_image\" \/>\n<meta name=\"twitter:title\" content=\"PWG baut in Z\u00fcrich-Unterstrass\" \/>\n<meta name=\"twitter:description\" content=\"Die Stiftung PWG baut\u00a0in Z\u00fcrich-Unterstrass einen Neubau mit\u00a021 preisg\u00fcnstigen Wohnungen. Der Spatenstich wird am 6. April gesetzt.\" \/>\n<meta name=\"twitter:image\" content=\"https:\/\/www.immobilienbusiness.ch\/wp-content\/uploads\/2017\/01\/Depositphotos_9296947_l-2015.jpg\" \/>\n<script type=\"application\/ld+json\" class=\"yoast-schema-graph\">{\"@context\":\"https:\\\/\\\/schema.org\",\"@graph\":[{\"@type\":\"Article\",\"@id\":\"https:\\\/\\\/www.immobilienbusiness.ch\\\/fr\\\/regionen\\\/2017-04-03\\\/pwg-neubau-wohnhaus-zuerich-unterstrass\\\/#article\",\"isPartOf\":{\"@id\":\"https:\\\/\\\/www.immobilienbusiness.ch\\\/fr\\\/regionen\\\/2017-04-03\\\/pwg-neubau-wohnhaus-zuerich-unterstrass\\\/\"},\"author\":{\"name\":\"anja.hall\",\"@id\":\"https:\\\/\\\/www.immobilienbusiness.ch\\\/#\\\/schema\\\/person\\\/3fc036297b10b9f42d6db5ee932af8c8\"},\"headline\":\"PWG baut in Z\u00fcrich-Unterstrass\",\"datePublished\":\"2017-04-03T06:29:17+00:00\",\"mainEntityOfPage\":{\"@id\":\"https:\\\/\\\/www.immobilienbusiness.ch\\\/fr\\\/regionen\\\/2017-04-03\\\/pwg-neubau-wohnhaus-zuerich-unterstrass\\\/\"},\"wordCount\":219,\"commentCount\":0,\"publisher\":{\"@id\":\"https:\\\/\\\/www.immobilienbusiness.ch\\\/#organization\"},\"image\":{\"@id\":\"https:\\\/\\\/www.immobilienbusiness.ch\\\/fr\\\/regionen\\\/2017-04-03\\\/pwg-neubau-wohnhaus-zuerich-unterstrass\\\/#primaryimage\"},\"thumbnailUrl\":\"https:\\\/\\\/www.immobilienbusiness.ch\\\/wp-content\\\/uploads\\\/2017\\\/01\\\/Depositphotos_9296947_l-2015-e1563953300326.jpg\",\"keywords\":[\"Baugenossenschaft\",\"Wohnimmobilien\",\"Z\u00fcrich\"],\"articleSection\":[\"REGIONEN\"],\"inLanguage\":\"de\"},{\"@type\":\"WebPage\",\"@id\":\"https:\\\/\\\/www.immobilienbusiness.ch\\\/fr\\\/regionen\\\/2017-04-03\\\/pwg-neubau-wohnhaus-zuerich-unterstrass\\\/\",\"url\":\"https:\\\/\\\/www.immobilienbusiness.ch\\\/fr\\\/regionen\\\/2017-04-03\\\/pwg-neubau-wohnhaus-zuerich-unterstrass\\\/\",\"name\":\"PWG baut in Z\u00fcrich-Unterstrass - IMMOBILIEN Business\",\"isPartOf\":{\"@id\":\"https:\\\/\\\/www.immobilienbusiness.ch\\\/#website\"},\"primaryImageOfPage\":{\"@id\":\"https:\\\/\\\/www.immobilienbusiness.ch\\\/fr\\\/regionen\\\/2017-04-03\\\/pwg-neubau-wohnhaus-zuerich-unterstrass\\\/#primaryimage\"},\"image\":{\"@id\":\"https:\\\/\\\/www.immobilienbusiness.ch\\\/fr\\\/regionen\\\/2017-04-03\\\/pwg-neubau-wohnhaus-zuerich-unterstrass\\\/#primaryimage\"},\"thumbnailUrl\":\"https:\\\/\\\/www.immobilienbusiness.ch\\\/wp-content\\\/uploads\\\/2017\\\/01\\\/Depositphotos_9296947_l-2015-e1563953300326.jpg\",\"datePublished\":\"2017-04-03T06:29:17+00:00\",\"description\":\"Die Stiftung PWG baut\u00a0in Z\u00fcrich-Unterstrass einen Neubau mit\u00a021 preisg\u00fcnstigen Wohnungen. Der Spatenstich wird am 6. April gesetzt.\",\"breadcrumb\":{\"@id\":\"https:\\\/\\\/www.immobilienbusiness.ch\\\/fr\\\/regionen\\\/2017-04-03\\\/pwg-neubau-wohnhaus-zuerich-unterstrass\\\/#breadcrumb\"},\"inLanguage\":\"de\",\"potentialAction\":[{\"@type\":\"ReadAction\",\"target\":[\"https:\\\/\\\/www.immobilienbusiness.ch\\\/fr\\\/regionen\\\/2017-04-03\\\/pwg-neubau-wohnhaus-zuerich-unterstrass\\\/\"]}]},{\"@type\":\"ImageObject\",\"inLanguage\":\"de\",\"@id\":\"https:\\\/\\\/www.immobilienbusiness.ch\\\/fr\\\/regionen\\\/2017-04-03\\\/pwg-neubau-wohnhaus-zuerich-unterstrass\\\/#primaryimage\",\"url\":\"https:\\\/\\\/www.immobilienbusiness.ch\\\/wp-content\\\/uploads\\\/2017\\\/01\\\/Depositphotos_9296947_l-2015-e1563953300326.jpg\",\"contentUrl\":\"https:\\\/\\\/www.immobilienbusiness.ch\\\/wp-content\\\/uploads\\\/2017\\\/01\\\/Depositphotos_9296947_l-2015-e1563953300326.jpg\",\"width\":2000,\"height\":1335,\"caption\":\"Swiss Life plant im Z\u00fcrcher Seefeld den Bau eines neuen Mehrfamilienhauses (Foto: gunnar3000 - depositphotos)\"},{\"@type\":\"BreadcrumbList\",\"@id\":\"https:\\\/\\\/www.immobilienbusiness.ch\\\/fr\\\/regionen\\\/2017-04-03\\\/pwg-neubau-wohnhaus-zuerich-unterstrass\\\/#breadcrumb\",\"itemListElement\":[{\"@type\":\"ListItem\",\"position\":1,\"name\":\"Home\",\"item\":\"https:\\\/\\\/www.immobilienbusiness.ch\\\/\"},{\"@type\":\"ListItem\",\"position\":2,\"name\":\"PWG baut in Z\u00fcrich-Unterstrass\"}]},{\"@type\":\"WebSite\",\"@id\":\"https:\\\/\\\/www.immobilienbusiness.ch\\\/#website\",\"url\":\"https:\\\/\\\/www.immobilienbusiness.ch\\\/\",\"name\":\"IMMOBILIEN Business\",\"description\":\"Unabh\u00e4ngiges Schweizer Wirtschaftsmagazin mit Fokus auf Immobilien, Architektur- und Bau sowie Investment- und Finanzierung.\",\"publisher\":{\"@id\":\"https:\\\/\\\/www.immobilienbusiness.ch\\\/#organization\"},\"potentialAction\":[{\"@type\":\"SearchAction\",\"target\":{\"@type\":\"EntryPoint\",\"urlTemplate\":\"https:\\\/\\\/www.immobilienbusiness.ch\\\/?s={search_term_string}\"},\"query-input\":{\"@type\":\"PropertyValueSpecification\",\"valueRequired\":true,\"valueName\":\"search_term_string\"}}],\"inLanguage\":\"de\"},{\"@type\":\"Organization\",\"@id\":\"https:\\\/\\\/www.immobilienbusiness.ch\\\/#organization\",\"name\":\"IMMOBILIEN Business\",\"url\":\"https:\\\/\\\/www.immobilienbusiness.ch\\\/\",\"logo\":{\"@type\":\"ImageObject\",\"inLanguage\":\"de\",\"@id\":\"https:\\\/\\\/www.immobilienbusiness.ch\\\/#\\\/schema\\\/logo\\\/image\\\/\",\"url\":\"https:\\\/\\\/www.immobilienbusiness.ch\\\/wp-content\\\/uploads\\\/2021\\\/07\\\/logo_ib.png\",\"contentUrl\":\"https:\\\/\\\/www.immobilienbusiness.ch\\\/wp-content\\\/uploads\\\/2021\\\/07\\\/logo_ib.png\",\"width\":800,\"height\":181,\"caption\":\"IMMOBILIEN Business\"},\"image\":{\"@id\":\"https:\\\/\\\/www.immobilienbusiness.ch\\\/#\\\/schema\\\/logo\\\/image\\\/\"},\"sameAs\":[\"https:\\\/\\\/www.facebook.com\\\/immobilienbusiness\\\/\"]},{\"@type\":\"Person\",\"@id\":\"https:\\\/\\\/www.immobilienbusiness.ch\\\/#\\\/schema\\\/person\\\/3fc036297b10b9f42d6db5ee932af8c8\",\"name\":\"anja.hall\",\"image\":{\"@type\":\"ImageObject\",\"inLanguage\":\"de\",\"@id\":\"https:\\\/\\\/secure.gravatar.com\\\/avatar\\\/066b5a0d447013502c71a5782f4f3469f03cfe595cc2329fb94652fe47511bfb?s=96&d=mm&r=g\",\"url\":\"https:\\\/\\\/secure.gravatar.com\\\/avatar\\\/066b5a0d447013502c71a5782f4f3469f03cfe595cc2329fb94652fe47511bfb?s=96&d=mm&r=g\",\"contentUrl\":\"https:\\\/\\\/secure.gravatar.com\\\/avatar\\\/066b5a0d447013502c71a5782f4f3469f03cfe595cc2329fb94652fe47511bfb?s=96&d=mm&r=g\",\"caption\":\"anja.hall\"},\"url\":\"https:\\\/\\\/www.immobilienbusiness.ch\\\/de\\\/author\\\/anja-hall\\\/\"}]}<\/script>\n<!-- \/ Yoast SEO plugin. -->","yoast_head_json":{"title":"PWG baut in Z\u00fcrich-Unterstrass - IMMOBILIEN Business","description":"Die Stiftung PWG baut\u00a0in Z\u00fcrich-Unterstrass einen Neubau mit\u00a021 preisg\u00fcnstigen Wohnungen. Der Spatenstich wird am 6. April gesetzt.","robots":{"index":"index","follow":"follow","max-snippet":"max-snippet:-1","max-image-preview":"max-image-preview:large","max-video-preview":"max-video-preview:-1"},"canonical":"https:\/\/www.immobilienbusiness.ch\/de\/regionen\/2017-04-03\/pwg-neubau-wohnhaus-zuerich-unterstrass\/","og_locale":"de_DE","og_type":"article","og_title":"PWG baut in Z\u00fcrich-Unterstrass","og_description":"Die Stiftung PWG baut\u00a0in Z\u00fcrich-Unterstrass einen Neubau mit\u00a021 preisg\u00fcnstigen Wohnungen. Der Spatenstich wird am 6. April gesetzt.","og_url":"https:\/\/www.immobilienbusiness.ch\/de\/regionen\/2017-04-03\/pwg-neubau-wohnhaus-zuerich-unterstrass\/","og_site_name":"IMMOBILIEN Business","article_publisher":"https:\/\/www.facebook.com\/immobilienbusiness\/","article_published_time":"2017-04-03T06:29:17+00:00","author":"anja.hall","twitter_card":"summary_large_image","twitter_title":"PWG baut in Z\u00fcrich-Unterstrass","twitter_description":"Die Stiftung PWG baut\u00a0in Z\u00fcrich-Unterstrass einen Neubau mit\u00a021 preisg\u00fcnstigen Wohnungen. Der Spatenstich wird am 6. April gesetzt.","twitter_image":"https:\/\/www.immobilienbusiness.ch\/wp-content\/uploads\/2017\/01\/Depositphotos_9296947_l-2015.jpg","schema":{"@context":"https:\/\/schema.org","@graph":[{"@type":"Article","@id":"https:\/\/www.immobilienbusiness.ch\/fr\/regionen\/2017-04-03\/pwg-neubau-wohnhaus-zuerich-unterstrass\/#article","isPartOf":{"@id":"https:\/\/www.immobilienbusiness.ch\/fr\/regionen\/2017-04-03\/pwg-neubau-wohnhaus-zuerich-unterstrass\/"},"author":{"name":"anja.hall","@id":"https:\/\/www.immobilienbusiness.ch\/#\/schema\/person\/3fc036297b10b9f42d6db5ee932af8c8"},"headline":"PWG baut in Z\u00fcrich-Unterstrass","datePublished":"2017-04-03T06:29:17+00:00","mainEntityOfPage":{"@id":"https:\/\/www.immobilienbusiness.ch\/fr\/regionen\/2017-04-03\/pwg-neubau-wohnhaus-zuerich-unterstrass\/"},"wordCount":219,"commentCount":0,"publisher":{"@id":"https:\/\/www.immobilienbusiness.ch\/#organization"},"image":{"@id":"https:\/\/www.immobilienbusiness.ch\/fr\/regionen\/2017-04-03\/pwg-neubau-wohnhaus-zuerich-unterstrass\/#primaryimage"},"thumbnailUrl":"https:\/\/www.immobilienbusiness.ch\/wp-content\/uploads\/2017\/01\/Depositphotos_9296947_l-2015-e1563953300326.jpg","keywords":["Baugenossenschaft","Wohnimmobilien","Z\u00fcrich"],"articleSection":["REGIONEN"],"inLanguage":"de"},{"@type":"WebPage","@id":"https:\/\/www.immobilienbusiness.ch\/fr\/regionen\/2017-04-03\/pwg-neubau-wohnhaus-zuerich-unterstrass\/","url":"https:\/\/www.immobilienbusiness.ch\/fr\/regionen\/2017-04-03\/pwg-neubau-wohnhaus-zuerich-unterstrass\/","name":"PWG baut in Z\u00fcrich-Unterstrass - IMMOBILIEN Business","isPartOf":{"@id":"https:\/\/www.immobilienbusiness.ch\/#website"},"primaryImageOfPage":{"@id":"https:\/\/www.immobilienbusiness.ch\/fr\/regionen\/2017-04-03\/pwg-neubau-wohnhaus-zuerich-unterstrass\/#primaryimage"},"image":{"@id":"https:\/\/www.immobilienbusiness.ch\/fr\/regionen\/2017-04-03\/pwg-neubau-wohnhaus-zuerich-unterstrass\/#primaryimage"},"thumbnailUrl":"https:\/\/www.immobilienbusiness.ch\/wp-content\/uploads\/2017\/01\/Depositphotos_9296947_l-2015-e1563953300326.jpg","datePublished":"2017-04-03T06:29:17+00:00","description":"Die Stiftung PWG baut\u00a0in Z\u00fcrich-Unterstrass einen Neubau mit\u00a021 preisg\u00fcnstigen Wohnungen. Der Spatenstich wird am 6. April gesetzt.","breadcrumb":{"@id":"https:\/\/www.immobilienbusiness.ch\/fr\/regionen\/2017-04-03\/pwg-neubau-wohnhaus-zuerich-unterstrass\/#breadcrumb"},"inLanguage":"de","potentialAction":[{"@type":"ReadAction","target":["https:\/\/www.immobilienbusiness.ch\/fr\/regionen\/2017-04-03\/pwg-neubau-wohnhaus-zuerich-unterstrass\/"]}]},{"@type":"ImageObject","inLanguage":"de","@id":"https:\/\/www.immobilienbusiness.ch\/fr\/regionen\/2017-04-03\/pwg-neubau-wohnhaus-zuerich-unterstrass\/#primaryimage","url":"https:\/\/www.immobilienbusiness.ch\/wp-content\/uploads\/2017\/01\/Depositphotos_9296947_l-2015-e1563953300326.jpg","contentUrl":"https:\/\/www.immobilienbusiness.ch\/wp-content\/uploads\/2017\/01\/Depositphotos_9296947_l-2015-e1563953300326.jpg","width":2000,"height":1335,"caption":"Swiss Life plant im Z\u00fcrcher Seefeld den Bau eines neuen Mehrfamilienhauses (Foto: gunnar3000 - depositphotos)"},{"@type":"BreadcrumbList","@id":"https:\/\/www.immobilienbusiness.ch\/fr\/regionen\/2017-04-03\/pwg-neubau-wohnhaus-zuerich-unterstrass\/#breadcrumb","itemListElement":[{"@type":"ListItem","position":1,"name":"Home","item":"https:\/\/www.immobilienbusiness.ch\/"},{"@type":"ListItem","position":2,"name":"PWG baut in Z\u00fcrich-Unterstrass"}]},{"@type":"WebSite","@id":"https:\/\/www.immobilienbusiness.ch\/#website","url":"https:\/\/www.immobilienbusiness.ch\/","name":"IMMOBILIEN Business","description":"Unabh\u00e4ngiges Schweizer Wirtschaftsmagazin mit Fokus auf Immobilien, Architektur- und Bau sowie Investment- und Finanzierung.","publisher":{"@id":"https:\/\/www.immobilienbusiness.ch\/#organization"},"potentialAction":[{"@type":"SearchAction","target":{"@type":"EntryPoint","urlTemplate":"https:\/\/www.immobilienbusiness.ch\/?s={search_term_string}"},"query-input":{"@type":"PropertyValueSpecification","valueRequired":true,"valueName":"search_term_string"}}],"inLanguage":"de"},{"@type":"Organization","@id":"https:\/\/www.immobilienbusiness.ch\/#organization","name":"IMMOBILIEN Business","url":"https:\/\/www.immobilienbusiness.ch\/","logo":{"@type":"ImageObject","inLanguage":"de","@id":"https:\/\/www.immobilienbusiness.ch\/#\/schema\/logo\/image\/","url":"https:\/\/www.immobilienbusiness.ch\/wp-content\/uploads\/2021\/07\/logo_ib.png","contentUrl":"https:\/\/www.immobilienbusiness.ch\/wp-content\/uploads\/2021\/07\/logo_ib.png","width":800,"height":181,"caption":"IMMOBILIEN Business"},"image":{"@id":"https:\/\/www.immobilienbusiness.ch\/#\/schema\/logo\/image\/"},"sameAs":["https:\/\/www.facebook.com\/immobilienbusiness\/"]},{"@type":"Person","@id":"https:\/\/www.immobilienbusiness.ch\/#\/schema\/person\/3fc036297b10b9f42d6db5ee932af8c8","name":"anja.hall","image":{"@type":"ImageObject","inLanguage":"de","@id":"https:\/\/secure.gravatar.com\/avatar\/066b5a0d447013502c71a5782f4f3469f03cfe595cc2329fb94652fe47511bfb?s=96&d=mm&r=g","url":"https:\/\/secure.gravatar.com\/avatar\/066b5a0d447013502c71a5782f4f3469f03cfe595cc2329fb94652fe47511bfb?s=96&d=mm&r=g","contentUrl":"https:\/\/secure.gravatar.com\/avatar\/066b5a0d447013502c71a5782f4f3469f03cfe595cc2329fb94652fe47511bfb?s=96&d=mm&r=g","caption":"anja.hall"},"url":"https:\/\/www.immobilienbusiness.ch\/de\/author\/anja-hall\/"}]}},"_links":{"self":[{"href":"https:\/\/www.immobilienbusiness.ch\/de\/wp-json\/wp\/v2\/posts\/6986","targetHints":{"allow":["GET"]}}],"collection":[{"href":"https:\/\/www.immobilienbusiness.ch\/de\/wp-json\/wp\/v2\/posts"}],"about":[{"href":"https:\/\/www.immobilienbusiness.ch\/de\/wp-json\/wp\/v2\/types\/post"}],"author":[{"embeddable":true,"href":"https:\/\/www.immobilienbusiness.ch\/de\/wp-json\/wp\/v2\/users\/3"}],"replies":[{"embeddable":true,"href":"https:\/\/www.immobilienbusiness.ch\/de\/wp-json\/wp\/v2\/comments?post=6986"}],"version-history":[{"count":0,"href":"https:\/\/www.immobilienbusiness.ch\/de\/wp-json\/wp\/v2\/posts\/6986\/revisions"}],"wp:featuredmedia":[{"embeddable":true,"href":"https:\/\/www.immobilienbusiness.ch\/de\/wp-json\/wp\/v2\/media\/5838"}],"wp:attachment":[{"href":"https:\/\/www.immobilienbusiness.ch\/de\/wp-json\/wp\/v2\/media?parent=6986"}],"wp:term":[{"taxonomy":"category","embeddable":true,"href":"https:\/\/www.immobilienbusiness.ch\/de\/wp-json\/wp\/v2\/categories?post=6986"},{"taxonomy":"post_tag","embeddable":true,"href":"https:\/\/www.immobilienbusiness.ch\/de\/wp-json\/wp\/v2\/tags?post=6986"}],"curies":[{"name":"wp","href":"https:\/\/api.w.org\/{rel}","templated":true}]}}