{"id":6889,"date":"2017-03-27T08:30:05","date_gmt":"2017-03-27T06:30:05","guid":{"rendered":"https:\/\/www.immobilienbusiness.ch\/?p=6889"},"modified":"2017-03-27T08:30:05","modified_gmt":"2017-03-27T06:30:05","slug":"immo-helvtic-geschaeftsjahr-rekordergebnis","status":"publish","type":"post","link":"https:\/\/www.immobilienbusiness.ch\/de\/unternehmen\/2017-03-27\/immo-helvtic-geschaeftsjahr-rekordergebnis\/","title":{"rendered":"Immo Helvetic mit \u00abbestem Gesch\u00e4ftsjahr aller Zeiten\u00bb"},"content":{"rendered":"<figure id=\"attachment_6030\" aria-describedby=\"caption-attachment-6030\" style=\"width: 680px\" class=\"wp-caption alignnone\"><img loading=\"lazy\" decoding=\"async\" class=\"size-medium wp-image-6030\" src=\"https:\/\/www.immobilienbusiness.ch\/wp-content\/uploads\/2017\/01\/Swiss-Life-REF-Swiss-Properties-Kapitalerh\u00f6hung-erfolgreich_Immobilien_Business_News-_26012017.jpg\" alt=\"\" width=\"680\" height=\"453\" \/><figcaption id=\"caption-attachment-6030\" class=\"wp-caption-text\">Immo Helvetic meldet f\u00fcr 2016 ein Rekordergebnis (Foto: depositphotos)<\/figcaption><\/figure>\n<p>Der Immo Helvetic der Berninvest AG hat im Jahr 2016 eine Performance von 15,04 Prozent und eine Anlagerendite von 5,74 Prozent (Vorjahr: 6,07%) erreicht. Das Gesamtfondsverm\u00f6gen stieg leicht von 933,5 auf 935,6 Millionen CHF.<\/p>\n<p>Die Nettomietzinse erh\u00f6hten sich um rund 6,55 Prozent auf 46,5 Millionen CHF. Grund f\u00fcr die Zunahme seien die Mietzinsertr\u00e4ge der Neubauprojekte in Konolfingen, Laupen (BE) sowie die Mietzinse aus dem verkauften Objekt in Altst\u00e4tten (SG), welche ab dem Gesch\u00e4ftsjahr 2016 vollumf\u00e4nglich Mietzinseinnahmen generierten, teilt Berninvest mit.<\/p>\n<p>Der Nettoertrag betr\u00e4gt rund 27 Millionen und hat gegen\u00fcber dem Vorjahr (rund 26 Mio.) um rund 3,8 Prozent zugenommen.<\/p>\n<p>&nbsp;<\/p>\n<p>&nbsp;<\/p>\n","protected":false},"excerpt":{"rendered":"<p>Der Immobilienfonds Immo Helvetic weist f\u00fcr das Gesch\u00e4ftsjahr 2016 eine Performance von \u00fcber 15 Prozent aus, und auch andere Kennzahlen haben sich positiv entwickelt. Die Fondsleitung spricht daher von dem besten Gesch\u00e4ftsjahr seit Gr\u00fcndung des Fonds.<\/p>\n","protected":false},"author":3,"featured_media":6030,"comment_status":"open","ping_status":"open","sticky":false,"template":"","format":"standard","meta":{"_acf_changed":false,"_yoast_wpseo_focuskw":"Immo Helvetic","_yoast_wpseo_title":"","_yoast_wpseo_metadesc":"Der Immobilienfonds Immo Helvetic weist f\u00fcr das Jahr 2016 eine Performance von 15 Prozent aus, und auch andere Kennzahlen haben sich positiv entwickelt.","_yoast_wpseo_linkdex":61,"pgc_sgb_lightbox_settings":"","footnotes":""},"categories":[988],"tags":[1332,1389],"class_list":["post-6889","post","type-post","status-publish","format-standard","has-post-thumbnail","hentry","category-unternehmen","tag-immobilien-fonds","tag-jahresergebnis"],"acf":[],"yoast_head":"<!-- This site is optimized with the Yoast SEO plugin v27.4 - https:\/\/yoast.com\/product\/yoast-seo-wordpress\/ -->\n<title>Immo Helvetic mit \u00abbestem Gesch\u00e4ftsjahr aller Zeiten\u00bb - IMMOBILIEN Business<\/title>\n<meta name=\"description\" content=\"Der Immobilienfonds Immo Helvetic weist f\u00fcr das Jahr 2016 eine Performance von 15 Prozent aus, und auch andere Kennzahlen haben sich positiv entwickelt.\" \/>\n<meta name=\"robots\" content=\"index, follow, max-snippet:-1, max-image-preview:large, max-video-preview:-1\" \/>\n<link rel=\"canonical\" href=\"https:\/\/www.immobilienbusiness.ch\/de\/unternehmen\/2017-03-27\/immo-helvtic-geschaeftsjahr-rekordergebnis\/\" \/>\n<meta property=\"og:locale\" content=\"de_DE\" \/>\n<meta property=\"og:type\" content=\"article\" \/>\n<meta property=\"og:title\" content=\"Immo Helvetic mit \u00abbestem Gesch\u00e4ftsjahr aller Zeiten\u00bb\" \/>\n<meta property=\"og:description\" content=\"Der Immobilienfonds Immo Helvetic weist f\u00fcr das Jahr 2016 eine Performance von 15 Prozent aus, und auch andere Kennzahlen haben sich positiv entwickelt.\" \/>\n<meta property=\"og:url\" content=\"https:\/\/www.immobilienbusiness.ch\/de\/unternehmen\/2017-03-27\/immo-helvtic-geschaeftsjahr-rekordergebnis\/\" \/>\n<meta property=\"og:site_name\" content=\"IMMOBILIEN Business\" \/>\n<meta property=\"article:publisher\" content=\"https:\/\/www.facebook.com\/immobilienbusiness\/\" \/>\n<meta property=\"article:published_time\" content=\"2017-03-27T06:30:05+00:00\" \/>\n<meta property=\"og:image\" content=\"https:\/\/www.immobilienbusiness.ch\/wp-content\/uploads\/2017\/01\/Swiss-Life-REF-Swiss-Properties-Kapitalerhoehung-erfolgreich_Immobilien_Business_News-_26012017.jpg\" \/>\n\t<meta property=\"og:image:width\" content=\"1280\" \/>\n\t<meta property=\"og:image:height\" content=\"853\" \/>\n\t<meta property=\"og:image:type\" content=\"image\/jpeg\" \/>\n<meta name=\"author\" content=\"anja.hall\" \/>\n<meta name=\"twitter:card\" content=\"summary_large_image\" \/>\n<meta name=\"twitter:title\" content=\"Der Immobilienfonds Immo Helvetic weist f\u00fcr das Jahr 2016 eine Performance von 15 Prozent aus, und auch andere Kennzahlen haben sich positiv entwickelt.\" \/>\n<meta name=\"twitter:description\" content=\"Der Immobilienfonds Immo Helvetic weist f\u00fcr das Jahr 2016 eine Performance von 15 Prozent aus, und auch andere Kennzahlen haben sich positiv entwickelt.\" \/>\n<meta name=\"twitter:image\" content=\"https:\/\/www.immobilienbusiness.ch\/wp-content\/uploads\/2017\/01\/Swiss-Life-REF-Swiss-Properties-Kapitalerh\u00f6hung-erfolgreich_Immobilien_Business_News-_26012017.jpg\" \/>\n<script type=\"application\/ld+json\" class=\"yoast-schema-graph\">{\"@context\":\"https:\\\/\\\/schema.org\",\"@graph\":[{\"@type\":\"Article\",\"@id\":\"https:\\\/\\\/www.immobilienbusiness.ch\\\/unternehmen\\\/2017-03-27\\\/immo-helvtic-geschaeftsjahr-rekordergebnis\\\/#article\",\"isPartOf\":{\"@id\":\"https:\\\/\\\/www.immobilienbusiness.ch\\\/unternehmen\\\/2017-03-27\\\/immo-helvtic-geschaeftsjahr-rekordergebnis\\\/\"},\"author\":{\"name\":\"anja.hall\",\"@id\":\"https:\\\/\\\/www.immobilienbusiness.ch\\\/#\\\/schema\\\/person\\\/3fc036297b10b9f42d6db5ee932af8c8\"},\"headline\":\"Immo Helvetic mit \u00abbestem Gesch\u00e4ftsjahr aller Zeiten\u00bb\",\"datePublished\":\"2017-03-27T06:30:05+00:00\",\"mainEntityOfPage\":{\"@id\":\"https:\\\/\\\/www.immobilienbusiness.ch\\\/unternehmen\\\/2017-03-27\\\/immo-helvtic-geschaeftsjahr-rekordergebnis\\\/\"},\"wordCount\":122,\"commentCount\":0,\"publisher\":{\"@id\":\"https:\\\/\\\/www.immobilienbusiness.ch\\\/#organization\"},\"image\":{\"@id\":\"https:\\\/\\\/www.immobilienbusiness.ch\\\/unternehmen\\\/2017-03-27\\\/immo-helvtic-geschaeftsjahr-rekordergebnis\\\/#primaryimage\"},\"thumbnailUrl\":\"https:\\\/\\\/www.immobilienbusiness.ch\\\/wp-content\\\/uploads\\\/2017\\\/01\\\/Swiss-Life-REF-Swiss-Properties-Kapitalerhoehung-erfolgreich_Immobilien_Business_News-_26012017.jpg\",\"keywords\":[\"Immobilien-Fonds\",\"Jahresergebnis\"],\"articleSection\":[\"UNTERNEHMEN\"],\"inLanguage\":\"de\"},{\"@type\":\"WebPage\",\"@id\":\"https:\\\/\\\/www.immobilienbusiness.ch\\\/unternehmen\\\/2017-03-27\\\/immo-helvtic-geschaeftsjahr-rekordergebnis\\\/\",\"url\":\"https:\\\/\\\/www.immobilienbusiness.ch\\\/unternehmen\\\/2017-03-27\\\/immo-helvtic-geschaeftsjahr-rekordergebnis\\\/\",\"name\":\"Immo Helvetic mit \u00abbestem Gesch\u00e4ftsjahr aller Zeiten\u00bb - IMMOBILIEN Business\",\"isPartOf\":{\"@id\":\"https:\\\/\\\/www.immobilienbusiness.ch\\\/#website\"},\"primaryImageOfPage\":{\"@id\":\"https:\\\/\\\/www.immobilienbusiness.ch\\\/unternehmen\\\/2017-03-27\\\/immo-helvtic-geschaeftsjahr-rekordergebnis\\\/#primaryimage\"},\"image\":{\"@id\":\"https:\\\/\\\/www.immobilienbusiness.ch\\\/unternehmen\\\/2017-03-27\\\/immo-helvtic-geschaeftsjahr-rekordergebnis\\\/#primaryimage\"},\"thumbnailUrl\":\"https:\\\/\\\/www.immobilienbusiness.ch\\\/wp-content\\\/uploads\\\/2017\\\/01\\\/Swiss-Life-REF-Swiss-Properties-Kapitalerhoehung-erfolgreich_Immobilien_Business_News-_26012017.jpg\",\"datePublished\":\"2017-03-27T06:30:05+00:00\",\"description\":\"Der Immobilienfonds Immo Helvetic weist f\u00fcr das Jahr 2016 eine Performance von 15 Prozent aus, und auch andere Kennzahlen haben sich positiv entwickelt.\",\"breadcrumb\":{\"@id\":\"https:\\\/\\\/www.immobilienbusiness.ch\\\/unternehmen\\\/2017-03-27\\\/immo-helvtic-geschaeftsjahr-rekordergebnis\\\/#breadcrumb\"},\"inLanguage\":\"de\",\"potentialAction\":[{\"@type\":\"ReadAction\",\"target\":[\"https:\\\/\\\/www.immobilienbusiness.ch\\\/unternehmen\\\/2017-03-27\\\/immo-helvtic-geschaeftsjahr-rekordergebnis\\\/\"]}]},{\"@type\":\"ImageObject\",\"inLanguage\":\"de\",\"@id\":\"https:\\\/\\\/www.immobilienbusiness.ch\\\/unternehmen\\\/2017-03-27\\\/immo-helvtic-geschaeftsjahr-rekordergebnis\\\/#primaryimage\",\"url\":\"https:\\\/\\\/www.immobilienbusiness.ch\\\/wp-content\\\/uploads\\\/2017\\\/01\\\/Swiss-Life-REF-Swiss-Properties-Kapitalerhoehung-erfolgreich_Immobilien_Business_News-_26012017.jpg\",\"contentUrl\":\"https:\\\/\\\/www.immobilienbusiness.ch\\\/wp-content\\\/uploads\\\/2017\\\/01\\\/Swiss-Life-REF-Swiss-Properties-Kapitalerhoehung-erfolgreich_Immobilien_Business_News-_26012017.jpg\",\"width\":1280,\"height\":853,\"caption\":\"Das Fonds-Portfolio soll einen (Foto: depositphotos)\"},{\"@type\":\"BreadcrumbList\",\"@id\":\"https:\\\/\\\/www.immobilienbusiness.ch\\\/unternehmen\\\/2017-03-27\\\/immo-helvtic-geschaeftsjahr-rekordergebnis\\\/#breadcrumb\",\"itemListElement\":[{\"@type\":\"ListItem\",\"position\":1,\"name\":\"Home\",\"item\":\"https:\\\/\\\/www.immobilienbusiness.ch\\\/\"},{\"@type\":\"ListItem\",\"position\":2,\"name\":\"Immo Helvetic mit \u00abbestem Gesch\u00e4ftsjahr aller Zeiten\u00bb\"}]},{\"@type\":\"WebSite\",\"@id\":\"https:\\\/\\\/www.immobilienbusiness.ch\\\/#website\",\"url\":\"https:\\\/\\\/www.immobilienbusiness.ch\\\/\",\"name\":\"IMMOBILIEN Business\",\"description\":\"Unabh\u00e4ngiges Schweizer Wirtschaftsmagazin mit Fokus auf Immobilien, Architektur- und Bau sowie Investment- und Finanzierung.\",\"publisher\":{\"@id\":\"https:\\\/\\\/www.immobilienbusiness.ch\\\/#organization\"},\"potentialAction\":[{\"@type\":\"SearchAction\",\"target\":{\"@type\":\"EntryPoint\",\"urlTemplate\":\"https:\\\/\\\/www.immobilienbusiness.ch\\\/?s={search_term_string}\"},\"query-input\":{\"@type\":\"PropertyValueSpecification\",\"valueRequired\":true,\"valueName\":\"search_term_string\"}}],\"inLanguage\":\"de\"},{\"@type\":\"Organization\",\"@id\":\"https:\\\/\\\/www.immobilienbusiness.ch\\\/#organization\",\"name\":\"IMMOBILIEN Business\",\"url\":\"https:\\\/\\\/www.immobilienbusiness.ch\\\/\",\"logo\":{\"@type\":\"ImageObject\",\"inLanguage\":\"de\",\"@id\":\"https:\\\/\\\/www.immobilienbusiness.ch\\\/#\\\/schema\\\/logo\\\/image\\\/\",\"url\":\"https:\\\/\\\/www.immobilienbusiness.ch\\\/wp-content\\\/uploads\\\/2021\\\/07\\\/logo_ib.png\",\"contentUrl\":\"https:\\\/\\\/www.immobilienbusiness.ch\\\/wp-content\\\/uploads\\\/2021\\\/07\\\/logo_ib.png\",\"width\":800,\"height\":181,\"caption\":\"IMMOBILIEN Business\"},\"image\":{\"@id\":\"https:\\\/\\\/www.immobilienbusiness.ch\\\/#\\\/schema\\\/logo\\\/image\\\/\"},\"sameAs\":[\"https:\\\/\\\/www.facebook.com\\\/immobilienbusiness\\\/\"]},{\"@type\":\"Person\",\"@id\":\"https:\\\/\\\/www.immobilienbusiness.ch\\\/#\\\/schema\\\/person\\\/3fc036297b10b9f42d6db5ee932af8c8\",\"name\":\"anja.hall\",\"image\":{\"@type\":\"ImageObject\",\"inLanguage\":\"de\",\"@id\":\"https:\\\/\\\/secure.gravatar.com\\\/avatar\\\/066b5a0d447013502c71a5782f4f3469f03cfe595cc2329fb94652fe47511bfb?s=96&d=mm&r=g\",\"url\":\"https:\\\/\\\/secure.gravatar.com\\\/avatar\\\/066b5a0d447013502c71a5782f4f3469f03cfe595cc2329fb94652fe47511bfb?s=96&d=mm&r=g\",\"contentUrl\":\"https:\\\/\\\/secure.gravatar.com\\\/avatar\\\/066b5a0d447013502c71a5782f4f3469f03cfe595cc2329fb94652fe47511bfb?s=96&d=mm&r=g\",\"caption\":\"anja.hall\"},\"url\":\"https:\\\/\\\/www.immobilienbusiness.ch\\\/de\\\/author\\\/anja-hall\\\/\"}]}<\/script>\n<!-- \/ Yoast SEO plugin. -->","yoast_head_json":{"title":"Immo Helvetic mit \u00abbestem Gesch\u00e4ftsjahr aller Zeiten\u00bb - IMMOBILIEN Business","description":"Der Immobilienfonds Immo Helvetic weist f\u00fcr das Jahr 2016 eine Performance von 15 Prozent aus, und auch andere Kennzahlen haben sich positiv entwickelt.","robots":{"index":"index","follow":"follow","max-snippet":"max-snippet:-1","max-image-preview":"max-image-preview:large","max-video-preview":"max-video-preview:-1"},"canonical":"https:\/\/www.immobilienbusiness.ch\/de\/unternehmen\/2017-03-27\/immo-helvtic-geschaeftsjahr-rekordergebnis\/","og_locale":"de_DE","og_type":"article","og_title":"Immo Helvetic mit \u00abbestem Gesch\u00e4ftsjahr aller Zeiten\u00bb","og_description":"Der Immobilienfonds Immo Helvetic weist f\u00fcr das Jahr 2016 eine Performance von 15 Prozent aus, und auch andere Kennzahlen haben sich positiv entwickelt.","og_url":"https:\/\/www.immobilienbusiness.ch\/de\/unternehmen\/2017-03-27\/immo-helvtic-geschaeftsjahr-rekordergebnis\/","og_site_name":"IMMOBILIEN Business","article_publisher":"https:\/\/www.facebook.com\/immobilienbusiness\/","article_published_time":"2017-03-27T06:30:05+00:00","og_image":[{"width":1280,"height":853,"url":"https:\/\/www.immobilienbusiness.ch\/wp-content\/uploads\/2017\/01\/Swiss-Life-REF-Swiss-Properties-Kapitalerhoehung-erfolgreich_Immobilien_Business_News-_26012017.jpg","type":"image\/jpeg"}],"author":"anja.hall","twitter_card":"summary_large_image","twitter_title":"Der Immobilienfonds Immo Helvetic weist f\u00fcr das Jahr 2016 eine Performance von 15 Prozent aus, und auch andere Kennzahlen haben sich positiv entwickelt.","twitter_description":"Der Immobilienfonds Immo Helvetic weist f\u00fcr das Jahr 2016 eine Performance von 15 Prozent aus, und auch andere Kennzahlen haben sich positiv entwickelt.","twitter_image":"https:\/\/www.immobilienbusiness.ch\/wp-content\/uploads\/2017\/01\/Swiss-Life-REF-Swiss-Properties-Kapitalerh\u00f6hung-erfolgreich_Immobilien_Business_News-_26012017.jpg","schema":{"@context":"https:\/\/schema.org","@graph":[{"@type":"Article","@id":"https:\/\/www.immobilienbusiness.ch\/unternehmen\/2017-03-27\/immo-helvtic-geschaeftsjahr-rekordergebnis\/#article","isPartOf":{"@id":"https:\/\/www.immobilienbusiness.ch\/unternehmen\/2017-03-27\/immo-helvtic-geschaeftsjahr-rekordergebnis\/"},"author":{"name":"anja.hall","@id":"https:\/\/www.immobilienbusiness.ch\/#\/schema\/person\/3fc036297b10b9f42d6db5ee932af8c8"},"headline":"Immo Helvetic mit \u00abbestem Gesch\u00e4ftsjahr aller Zeiten\u00bb","datePublished":"2017-03-27T06:30:05+00:00","mainEntityOfPage":{"@id":"https:\/\/www.immobilienbusiness.ch\/unternehmen\/2017-03-27\/immo-helvtic-geschaeftsjahr-rekordergebnis\/"},"wordCount":122,"commentCount":0,"publisher":{"@id":"https:\/\/www.immobilienbusiness.ch\/#organization"},"image":{"@id":"https:\/\/www.immobilienbusiness.ch\/unternehmen\/2017-03-27\/immo-helvtic-geschaeftsjahr-rekordergebnis\/#primaryimage"},"thumbnailUrl":"https:\/\/www.immobilienbusiness.ch\/wp-content\/uploads\/2017\/01\/Swiss-Life-REF-Swiss-Properties-Kapitalerhoehung-erfolgreich_Immobilien_Business_News-_26012017.jpg","keywords":["Immobilien-Fonds","Jahresergebnis"],"articleSection":["UNTERNEHMEN"],"inLanguage":"de"},{"@type":"WebPage","@id":"https:\/\/www.immobilienbusiness.ch\/unternehmen\/2017-03-27\/immo-helvtic-geschaeftsjahr-rekordergebnis\/","url":"https:\/\/www.immobilienbusiness.ch\/unternehmen\/2017-03-27\/immo-helvtic-geschaeftsjahr-rekordergebnis\/","name":"Immo Helvetic mit \u00abbestem Gesch\u00e4ftsjahr aller Zeiten\u00bb - IMMOBILIEN Business","isPartOf":{"@id":"https:\/\/www.immobilienbusiness.ch\/#website"},"primaryImageOfPage":{"@id":"https:\/\/www.immobilienbusiness.ch\/unternehmen\/2017-03-27\/immo-helvtic-geschaeftsjahr-rekordergebnis\/#primaryimage"},"image":{"@id":"https:\/\/www.immobilienbusiness.ch\/unternehmen\/2017-03-27\/immo-helvtic-geschaeftsjahr-rekordergebnis\/#primaryimage"},"thumbnailUrl":"https:\/\/www.immobilienbusiness.ch\/wp-content\/uploads\/2017\/01\/Swiss-Life-REF-Swiss-Properties-Kapitalerhoehung-erfolgreich_Immobilien_Business_News-_26012017.jpg","datePublished":"2017-03-27T06:30:05+00:00","description":"Der Immobilienfonds Immo Helvetic weist f\u00fcr das Jahr 2016 eine Performance von 15 Prozent aus, und auch andere Kennzahlen haben sich positiv entwickelt.","breadcrumb":{"@id":"https:\/\/www.immobilienbusiness.ch\/unternehmen\/2017-03-27\/immo-helvtic-geschaeftsjahr-rekordergebnis\/#breadcrumb"},"inLanguage":"de","potentialAction":[{"@type":"ReadAction","target":["https:\/\/www.immobilienbusiness.ch\/unternehmen\/2017-03-27\/immo-helvtic-geschaeftsjahr-rekordergebnis\/"]}]},{"@type":"ImageObject","inLanguage":"de","@id":"https:\/\/www.immobilienbusiness.ch\/unternehmen\/2017-03-27\/immo-helvtic-geschaeftsjahr-rekordergebnis\/#primaryimage","url":"https:\/\/www.immobilienbusiness.ch\/wp-content\/uploads\/2017\/01\/Swiss-Life-REF-Swiss-Properties-Kapitalerhoehung-erfolgreich_Immobilien_Business_News-_26012017.jpg","contentUrl":"https:\/\/www.immobilienbusiness.ch\/wp-content\/uploads\/2017\/01\/Swiss-Life-REF-Swiss-Properties-Kapitalerhoehung-erfolgreich_Immobilien_Business_News-_26012017.jpg","width":1280,"height":853,"caption":"Das Fonds-Portfolio soll einen (Foto: depositphotos)"},{"@type":"BreadcrumbList","@id":"https:\/\/www.immobilienbusiness.ch\/unternehmen\/2017-03-27\/immo-helvtic-geschaeftsjahr-rekordergebnis\/#breadcrumb","itemListElement":[{"@type":"ListItem","position":1,"name":"Home","item":"https:\/\/www.immobilienbusiness.ch\/"},{"@type":"ListItem","position":2,"name":"Immo Helvetic mit \u00abbestem Gesch\u00e4ftsjahr aller Zeiten\u00bb"}]},{"@type":"WebSite","@id":"https:\/\/www.immobilienbusiness.ch\/#website","url":"https:\/\/www.immobilienbusiness.ch\/","name":"IMMOBILIEN Business","description":"Unabh\u00e4ngiges Schweizer Wirtschaftsmagazin mit Fokus auf Immobilien, Architektur- und Bau sowie Investment- und Finanzierung.","publisher":{"@id":"https:\/\/www.immobilienbusiness.ch\/#organization"},"potentialAction":[{"@type":"SearchAction","target":{"@type":"EntryPoint","urlTemplate":"https:\/\/www.immobilienbusiness.ch\/?s={search_term_string}"},"query-input":{"@type":"PropertyValueSpecification","valueRequired":true,"valueName":"search_term_string"}}],"inLanguage":"de"},{"@type":"Organization","@id":"https:\/\/www.immobilienbusiness.ch\/#organization","name":"IMMOBILIEN Business","url":"https:\/\/www.immobilienbusiness.ch\/","logo":{"@type":"ImageObject","inLanguage":"de","@id":"https:\/\/www.immobilienbusiness.ch\/#\/schema\/logo\/image\/","url":"https:\/\/www.immobilienbusiness.ch\/wp-content\/uploads\/2021\/07\/logo_ib.png","contentUrl":"https:\/\/www.immobilienbusiness.ch\/wp-content\/uploads\/2021\/07\/logo_ib.png","width":800,"height":181,"caption":"IMMOBILIEN Business"},"image":{"@id":"https:\/\/www.immobilienbusiness.ch\/#\/schema\/logo\/image\/"},"sameAs":["https:\/\/www.facebook.com\/immobilienbusiness\/"]},{"@type":"Person","@id":"https:\/\/www.immobilienbusiness.ch\/#\/schema\/person\/3fc036297b10b9f42d6db5ee932af8c8","name":"anja.hall","image":{"@type":"ImageObject","inLanguage":"de","@id":"https:\/\/secure.gravatar.com\/avatar\/066b5a0d447013502c71a5782f4f3469f03cfe595cc2329fb94652fe47511bfb?s=96&d=mm&r=g","url":"https:\/\/secure.gravatar.com\/avatar\/066b5a0d447013502c71a5782f4f3469f03cfe595cc2329fb94652fe47511bfb?s=96&d=mm&r=g","contentUrl":"https:\/\/secure.gravatar.com\/avatar\/066b5a0d447013502c71a5782f4f3469f03cfe595cc2329fb94652fe47511bfb?s=96&d=mm&r=g","caption":"anja.hall"},"url":"https:\/\/www.immobilienbusiness.ch\/de\/author\/anja-hall\/"}]}},"_links":{"self":[{"href":"https:\/\/www.immobilienbusiness.ch\/de\/wp-json\/wp\/v2\/posts\/6889","targetHints":{"allow":["GET"]}}],"collection":[{"href":"https:\/\/www.immobilienbusiness.ch\/de\/wp-json\/wp\/v2\/posts"}],"about":[{"href":"https:\/\/www.immobilienbusiness.ch\/de\/wp-json\/wp\/v2\/types\/post"}],"author":[{"embeddable":true,"href":"https:\/\/www.immobilienbusiness.ch\/de\/wp-json\/wp\/v2\/users\/3"}],"replies":[{"embeddable":true,"href":"https:\/\/www.immobilienbusiness.ch\/de\/wp-json\/wp\/v2\/comments?post=6889"}],"version-history":[{"count":0,"href":"https:\/\/www.immobilienbusiness.ch\/de\/wp-json\/wp\/v2\/posts\/6889\/revisions"}],"wp:featuredmedia":[{"embeddable":true,"href":"https:\/\/www.immobilienbusiness.ch\/de\/wp-json\/wp\/v2\/media\/6030"}],"wp:attachment":[{"href":"https:\/\/www.immobilienbusiness.ch\/de\/wp-json\/wp\/v2\/media?parent=6889"}],"wp:term":[{"taxonomy":"category","embeddable":true,"href":"https:\/\/www.immobilienbusiness.ch\/de\/wp-json\/wp\/v2\/categories?post=6889"},{"taxonomy":"post_tag","embeddable":true,"href":"https:\/\/www.immobilienbusiness.ch\/de\/wp-json\/wp\/v2\/tags?post=6889"}],"curies":[{"name":"wp","href":"https:\/\/api.w.org\/{rel}","templated":true}]}}