{"id":68338,"date":"2026-04-29T08:39:14","date_gmt":"2026-04-29T06:39:14","guid":{"rendered":"https:\/\/www.immobilienbusiness.ch\/?p=68338"},"modified":"2026-04-29T08:39:14","modified_gmt":"2026-04-29T06:39:14","slug":"luzern-neue-plaene-fuer-hermitage-areal","status":"publish","type":"post","link":"https:\/\/www.immobilienbusiness.ch\/de\/regionen\/2026-04-29\/luzern-neue-plaene-fuer-hermitage-areal\/","title":{"rendered":"Luzern: Neue Pl\u00e4ne f\u00fcr Hermitage-Areal"},"content":{"rendered":"<figure id=\"attachment_68339\" aria-describedby=\"caption-attachment-68339\" style=\"width: 768px\" class=\"wp-caption alignnone\"><a href=\"https:\/\/www.immobilienbusiness.ch\/wp-content\/uploads\/2026\/04\/Hermitage-scaled.png\"><img loading=\"lazy\" decoding=\"async\" class=\"size-large wp-image-68339\" src=\"https:\/\/www.immobilienbusiness.ch\/wp-content\/uploads\/2026\/04\/Hermitage-1024x608.png\" alt=\"\" width=\"768\" height=\"456\" srcset=\"https:\/\/www.immobilienbusiness.ch\/wp-content\/uploads\/2026\/04\/Hermitage-1024x608.png 1024w, https:\/\/www.immobilienbusiness.ch\/wp-content\/uploads\/2026\/04\/Hermitage-300x178.png 300w, https:\/\/www.immobilienbusiness.ch\/wp-content\/uploads\/2026\/04\/Hermitage-768x456.png 768w, https:\/\/www.immobilienbusiness.ch\/wp-content\/uploads\/2026\/04\/Hermitage-18x12.png 18w, https:\/\/www.immobilienbusiness.ch\/wp-content\/uploads\/2026\/04\/Hermitage-375x222.png 375w, https:\/\/www.immobilienbusiness.ch\/wp-content\/uploads\/2026\/04\/Hermitage-590x350.png 590w, https:\/\/www.immobilienbusiness.ch\/wp-content\/uploads\/2026\/04\/Hermitage-1000x593.png 1000w, https:\/\/www.immobilienbusiness.ch\/wp-content\/uploads\/2026\/04\/Hermitage-scaled.png 1200w\" sizes=\"auto, (max-width: 768px) 100vw, 768px\" \/><\/a><figcaption id=\"caption-attachment-68339\" class=\"wp-caption-text\">Es liegt ein neuer Gestaltungsplan f\u00fcr das Projekt \u00abNew Hermitage\u00bb vor (Visualisierung: Hermitage Lake Lucerne AG)<\/figcaption><\/figure>\n<p>Die Hermitage Lake Lucerne AG hat einen \u00fcberarbeiteten Gestaltungsplan f\u00fcr ihr knapp 20.000 qm grosses Areal an der Seeburgstrasse 72 in Luzern \u00f6ffentlich vorgestellt. Auf dem Grundst\u00fcck direkt am Vierwaldst\u00e4ttersee sollen nach Pl\u00e4nen von Herzog &amp; de Meuron das Hotel von heute rund 90 auf etwa 100 Zimmer erweitert und erstmals auch Wohnungen realisiert werden. Vorgesehen sind insgesamt rund 36 Einheiten.<\/p>\n<p>Die Wohnnutzung verteilt sich auf zwei Bereiche: Rund zwei Drittel des Areals liegen in der Tourismuszone und lassen erg\u00e4nzend zum Hotelbetrieb eine begrenzte Wohnnutzung mit etwa zw\u00f6lf Wohnungen zu. Das verbleibende Drittel \u2013 das heutige Bellevue auf der gegen\u00fcberliegenden Strassenseite \u2013 befindet sich in der Wohnzone und soll mit rund 24 Wohnungen entwickelt werden. Mit der Verbreiterung der Nutzung will die Eigent\u00fcmerschaft die Abh\u00e4ngigkeit vom Tourismus reduzieren und die wirtschaftliche Basis des Betriebs verbreitern, der seit \u00fcber 70 Jahren in Familienbesitz ist.<\/p>\n<h3>Sechs Volumen statt zwei<\/h3>\n<p>Der nun vorliegende Gestaltungsplan ist eine grundlegend \u00fcberarbeitete Fassung des erstmals 2022 \u00f6ffentlich aufgelegten Projekts. Nach Einsprachen, unter anderem des Landschaftsschutzverbands Vierwaldst\u00e4ttersee, und in Abstimmung mit der Eidgen\u00f6ssischen Natur- und Heimatschutzkommission wurden die urspr\u00fcnglich geplanten zwei grossen Bauk\u00f6rper in sechs deutlich kleinere Volumen \u00fcberf\u00fchrt. Die Bauten gliedern sich in drei Geb\u00e4udegruppen, eingebettet in eine zusammenh\u00e4ngende Parklandschaft. Ein Teil der Neubauten ist als kleinteiliges Ensemble in Anlehnung an einen Innerschweizer Bauernhof konzipiert. Die bestehenden Hotelbauten \u2013 alle zwischen 35 und 70 Jahre alt \u2013 werden aufgestockt und erneuert, eine zentrale neue Eingangssituation soll die Adressbildung st\u00e4rken. Parkpl\u00e4tze werden in unterirdische Einstellhallen verlegt, um den Gr\u00fcnanteil zu erh\u00f6hen, die historische Badeanlage bleibt \u00f6ffentlich zug\u00e4nglich.<\/p>\n<h3>Realisierung fr\u00fchestens Anfang n\u00e4chsten Jahrzehnts<\/h3>\n<p>Nach der laufenden Einsprachefrist rechnet die Bauherrschaft mit einer mehrj\u00e4hrigen Bereinigungsphase und einer Gestaltungsplanbewilligung innerhalb der n\u00e4chsten rund drei Jahre. Die Umsetzung erfolgt etappiert; den Auftakt soll der Neubau des Bellevue machen, weil dieses Geb\u00e4ude den gr\u00f6ssten Erneuerungsbedarf aufweist und den laufenden Hotelbetrieb nicht beeintr\u00e4chtigt. Mit ersten Realisierungsschritten ist nach Angaben der Bauherrschaft fr\u00fchestens Anfang des n\u00e4chsten Jahrzehnts zu rechnen, weitere Etappen h\u00e4ngen von der wirtschaftlichen Entwicklung und dem Erneuerungsbedarf ab.<br \/>\nEine konkrete Investitionssumme nennt die Mitteilung der Hermitage Lake Lucerne AG nicht. \u00abBlick\u00bb und \u00abBilanz\u00bb beziffern die Gesamtkosten unter Berufung auf die Eigent\u00fcmerschaft auf \u00fcber 100 Mio. CHF. Patrick D\u00f6\u00f6s aus der Eigent\u00fcmerfamilie wird in der Mitteilung mit den Worten zitiert, das Hotel m\u00fcsse \u00abwirtschaftlich tragf\u00e4hig bleiben und sich langfristig aus eigener Kraft sichern k\u00f6nnen\u00bb.<\/p>\n<p>Bauherrschaft ist die Hermitage Lake Lucerne AG (vormals Hotel Hermitage Luzern AG); f\u00fcr die Landschaftsarchitektur zeichnet das B\u00fcro Vogt verantwortlich.<\/p>\n","protected":false},"excerpt":{"rendered":"<p>Herzog &#038; de Meuron planen am Vierwaldst\u00e4ttersee 100 Hotelzimmer, 36 Wohnungen und einen Park. Realisierung fr\u00fchestens Anfang n\u00e4chsten Jahrzehnts.<\/p>\n","protected":false},"author":102,"featured_media":68339,"comment_status":"closed","ping_status":"closed","sticky":false,"template":"","format":"standard","meta":{"_acf_changed":false,"_yoast_wpseo_focuskw":"","_yoast_wpseo_title":"","_yoast_wpseo_metadesc":"Herzog & de Meuron planen am Vierwaldst\u00e4ttersee 100 Hotelzimmer, 36 Wohnungen und einen Park. Realisierung fr\u00fchestens Anfang n\u00e4chsten Jahrzehnts.","_yoast_wpseo_linkdex":0,"pgc_sgb_lightbox_settings":"","footnotes":""},"categories":[985],"tags":[],"class_list":["post-68338","post","type-post","status-publish","format-standard","has-post-thumbnail","hentry","category-regionen"],"acf":[],"yoast_head":"<!-- This site is optimized with the Yoast SEO plugin v27.5 - https:\/\/yoast.com\/product\/yoast-seo-wordpress\/ -->\n<title>Luzern: Neue Pl\u00e4ne f\u00fcr Hermitage-Areal - IMMOBILIEN Business<\/title>\n<meta name=\"description\" content=\"Herzog &amp; de Meuron planen am Vierwaldst\u00e4ttersee 100 Hotelzimmer, 36 Wohnungen und einen Park. Realisierung fr\u00fchestens Anfang n\u00e4chsten Jahrzehnts.\" \/>\n<meta name=\"robots\" content=\"index, follow, max-snippet:-1, max-image-preview:large, max-video-preview:-1\" \/>\n<link rel=\"canonical\" href=\"https:\/\/www.immobilienbusiness.ch\/de\/regionen\/2026-04-29\/luzern-neue-plaene-fuer-hermitage-areal\/\" \/>\n<meta property=\"og:locale\" content=\"de_DE\" \/>\n<meta property=\"og:type\" content=\"article\" \/>\n<meta property=\"og:title\" content=\"Luzern: Neue Pl\u00e4ne f\u00fcr Hermitage-Areal - IMMOBILIEN Business\" \/>\n<meta property=\"og:description\" content=\"Herzog &amp; de Meuron planen am Vierwaldst\u00e4ttersee 100 Hotelzimmer, 36 Wohnungen und einen Park. Realisierung fr\u00fchestens Anfang n\u00e4chsten Jahrzehnts.\" \/>\n<meta property=\"og:url\" content=\"https:\/\/www.immobilienbusiness.ch\/de\/regionen\/2026-04-29\/luzern-neue-plaene-fuer-hermitage-areal\/\" \/>\n<meta property=\"og:site_name\" content=\"IMMOBILIEN Business\" \/>\n<meta property=\"article:publisher\" content=\"https:\/\/www.facebook.com\/immobilienbusiness\/\" \/>\n<meta property=\"article:published_time\" content=\"2026-04-29T06:39:14+00:00\" \/>\n<meta property=\"og:image\" content=\"https:\/\/www.immobilienbusiness.ch\/wp-content\/uploads\/2026\/04\/Hermitage-scaled.png\" \/>\n\t<meta property=\"og:image:width\" content=\"1200\" \/>\n\t<meta property=\"og:image:height\" content=\"712\" \/>\n\t<meta property=\"og:image:type\" content=\"image\/png\" \/>\n<meta name=\"author\" content=\"Alexander Wachter\" \/>\n<meta name=\"twitter:card\" content=\"summary_large_image\" \/>\n<script type=\"application\/ld+json\" class=\"yoast-schema-graph\">{\"@context\":\"https:\\\/\\\/schema.org\",\"@graph\":[{\"@type\":\"Article\",\"@id\":\"https:\\\/\\\/www.immobilienbusiness.ch\\\/regionen\\\/2026-04-29\\\/luzern-neue-plaene-fuer-hermitage-areal\\\/#article\",\"isPartOf\":{\"@id\":\"https:\\\/\\\/www.immobilienbusiness.ch\\\/regionen\\\/2026-04-29\\\/luzern-neue-plaene-fuer-hermitage-areal\\\/\"},\"author\":{\"name\":\"Alexander Wachter\",\"@id\":\"https:\\\/\\\/www.immobilienbusiness.ch\\\/#\\\/schema\\\/person\\\/aba8bea2db926aa0c24c08c43fe1fcd5\"},\"headline\":\"Luzern: Neue Pl\u00e4ne f\u00fcr Hermitage-Areal\",\"datePublished\":\"2026-04-29T06:39:14+00:00\",\"mainEntityOfPage\":{\"@id\":\"https:\\\/\\\/www.immobilienbusiness.ch\\\/regionen\\\/2026-04-29\\\/luzern-neue-plaene-fuer-hermitage-areal\\\/\"},\"wordCount\":465,\"publisher\":{\"@id\":\"https:\\\/\\\/www.immobilienbusiness.ch\\\/#organization\"},\"image\":{\"@id\":\"https:\\\/\\\/www.immobilienbusiness.ch\\\/regionen\\\/2026-04-29\\\/luzern-neue-plaene-fuer-hermitage-areal\\\/#primaryimage\"},\"thumbnailUrl\":\"https:\\\/\\\/www.immobilienbusiness.ch\\\/wp-content\\\/uploads\\\/2026\\\/04\\\/Hermitage-scaled.png\",\"articleSection\":[\"REGIONEN\"],\"inLanguage\":\"de\"},{\"@type\":\"WebPage\",\"@id\":\"https:\\\/\\\/www.immobilienbusiness.ch\\\/regionen\\\/2026-04-29\\\/luzern-neue-plaene-fuer-hermitage-areal\\\/\",\"url\":\"https:\\\/\\\/www.immobilienbusiness.ch\\\/regionen\\\/2026-04-29\\\/luzern-neue-plaene-fuer-hermitage-areal\\\/\",\"name\":\"Luzern: Neue Pl\u00e4ne f\u00fcr Hermitage-Areal - IMMOBILIEN Business\",\"isPartOf\":{\"@id\":\"https:\\\/\\\/www.immobilienbusiness.ch\\\/#website\"},\"primaryImageOfPage\":{\"@id\":\"https:\\\/\\\/www.immobilienbusiness.ch\\\/regionen\\\/2026-04-29\\\/luzern-neue-plaene-fuer-hermitage-areal\\\/#primaryimage\"},\"image\":{\"@id\":\"https:\\\/\\\/www.immobilienbusiness.ch\\\/regionen\\\/2026-04-29\\\/luzern-neue-plaene-fuer-hermitage-areal\\\/#primaryimage\"},\"thumbnailUrl\":\"https:\\\/\\\/www.immobilienbusiness.ch\\\/wp-content\\\/uploads\\\/2026\\\/04\\\/Hermitage-scaled.png\",\"datePublished\":\"2026-04-29T06:39:14+00:00\",\"description\":\"Herzog & de Meuron planen am Vierwaldst\u00e4ttersee 100 Hotelzimmer, 36 Wohnungen und einen Park. Realisierung fr\u00fchestens Anfang n\u00e4chsten Jahrzehnts.\",\"breadcrumb\":{\"@id\":\"https:\\\/\\\/www.immobilienbusiness.ch\\\/regionen\\\/2026-04-29\\\/luzern-neue-plaene-fuer-hermitage-areal\\\/#breadcrumb\"},\"inLanguage\":\"de\",\"potentialAction\":[{\"@type\":\"ReadAction\",\"target\":[\"https:\\\/\\\/www.immobilienbusiness.ch\\\/regionen\\\/2026-04-29\\\/luzern-neue-plaene-fuer-hermitage-areal\\\/\"]}]},{\"@type\":\"ImageObject\",\"inLanguage\":\"de\",\"@id\":\"https:\\\/\\\/www.immobilienbusiness.ch\\\/regionen\\\/2026-04-29\\\/luzern-neue-plaene-fuer-hermitage-areal\\\/#primaryimage\",\"url\":\"https:\\\/\\\/www.immobilienbusiness.ch\\\/wp-content\\\/uploads\\\/2026\\\/04\\\/Hermitage-scaled.png\",\"contentUrl\":\"https:\\\/\\\/www.immobilienbusiness.ch\\\/wp-content\\\/uploads\\\/2026\\\/04\\\/Hermitage-scaled.png\",\"width\":1200,\"height\":712,\"caption\":\"Es liegt ein neuer Gestaltungsplan f\u00fcr das Projekt \u00abNew Hermitage\u00bb vor (Visualisierung: Hermitage Lake Lucerne AG)\"},{\"@type\":\"BreadcrumbList\",\"@id\":\"https:\\\/\\\/www.immobilienbusiness.ch\\\/regionen\\\/2026-04-29\\\/luzern-neue-plaene-fuer-hermitage-areal\\\/#breadcrumb\",\"itemListElement\":[{\"@type\":\"ListItem\",\"position\":1,\"name\":\"Home\",\"item\":\"https:\\\/\\\/www.immobilienbusiness.ch\\\/\"},{\"@type\":\"ListItem\",\"position\":2,\"name\":\"Luzern: Neue Pl\u00e4ne f\u00fcr Hermitage-Areal\"}]},{\"@type\":\"WebSite\",\"@id\":\"https:\\\/\\\/www.immobilienbusiness.ch\\\/#website\",\"url\":\"https:\\\/\\\/www.immobilienbusiness.ch\\\/\",\"name\":\"IMMOBILIEN Business\",\"description\":\"Unabh\u00e4ngiges Schweizer Wirtschaftsmagazin mit Fokus auf Immobilien, Architektur- und Bau sowie Investment- und Finanzierung.\",\"publisher\":{\"@id\":\"https:\\\/\\\/www.immobilienbusiness.ch\\\/#organization\"},\"potentialAction\":[{\"@type\":\"SearchAction\",\"target\":{\"@type\":\"EntryPoint\",\"urlTemplate\":\"https:\\\/\\\/www.immobilienbusiness.ch\\\/?s={search_term_string}\"},\"query-input\":{\"@type\":\"PropertyValueSpecification\",\"valueRequired\":true,\"valueName\":\"search_term_string\"}}],\"inLanguage\":\"de\"},{\"@type\":\"Organization\",\"@id\":\"https:\\\/\\\/www.immobilienbusiness.ch\\\/#organization\",\"name\":\"IMMOBILIEN Business\",\"url\":\"https:\\\/\\\/www.immobilienbusiness.ch\\\/\",\"logo\":{\"@type\":\"ImageObject\",\"inLanguage\":\"de\",\"@id\":\"https:\\\/\\\/www.immobilienbusiness.ch\\\/#\\\/schema\\\/logo\\\/image\\\/\",\"url\":\"https:\\\/\\\/www.immobilienbusiness.ch\\\/wp-content\\\/uploads\\\/2021\\\/07\\\/logo_ib.png\",\"contentUrl\":\"https:\\\/\\\/www.immobilienbusiness.ch\\\/wp-content\\\/uploads\\\/2021\\\/07\\\/logo_ib.png\",\"width\":800,\"height\":181,\"caption\":\"IMMOBILIEN Business\"},\"image\":{\"@id\":\"https:\\\/\\\/www.immobilienbusiness.ch\\\/#\\\/schema\\\/logo\\\/image\\\/\"},\"sameAs\":[\"https:\\\/\\\/www.facebook.com\\\/immobilienbusiness\\\/\"]},{\"@type\":\"Person\",\"@id\":\"https:\\\/\\\/www.immobilienbusiness.ch\\\/#\\\/schema\\\/person\\\/aba8bea2db926aa0c24c08c43fe1fcd5\",\"name\":\"Alexander Wachter\",\"image\":{\"@type\":\"ImageObject\",\"inLanguage\":\"de\",\"@id\":\"https:\\\/\\\/secure.gravatar.com\\\/avatar\\\/1a09e471f5389b0e0a6416eac287e0927c7c97a7b77f9e787eba3af7aee281dd?s=96&d=mm&r=g\",\"url\":\"https:\\\/\\\/secure.gravatar.com\\\/avatar\\\/1a09e471f5389b0e0a6416eac287e0927c7c97a7b77f9e787eba3af7aee281dd?s=96&d=mm&r=g\",\"contentUrl\":\"https:\\\/\\\/secure.gravatar.com\\\/avatar\\\/1a09e471f5389b0e0a6416eac287e0927c7c97a7b77f9e787eba3af7aee281dd?s=96&d=mm&r=g\",\"caption\":\"Alexander Wachter\"},\"url\":\"https:\\\/\\\/www.immobilienbusiness.ch\\\/de\\\/author\\\/alexander-wachter\\\/\"}]}<\/script>\n<!-- \/ Yoast SEO plugin. -->","yoast_head_json":{"title":"Luzern: Neue Pl\u00e4ne f\u00fcr Hermitage-Areal - IMMOBILIEN Business","description":"Herzog & de Meuron planen am Vierwaldst\u00e4ttersee 100 Hotelzimmer, 36 Wohnungen und einen Park. Realisierung fr\u00fchestens Anfang n\u00e4chsten Jahrzehnts.","robots":{"index":"index","follow":"follow","max-snippet":"max-snippet:-1","max-image-preview":"max-image-preview:large","max-video-preview":"max-video-preview:-1"},"canonical":"https:\/\/www.immobilienbusiness.ch\/de\/regionen\/2026-04-29\/luzern-neue-plaene-fuer-hermitage-areal\/","og_locale":"de_DE","og_type":"article","og_title":"Luzern: Neue Pl\u00e4ne f\u00fcr Hermitage-Areal - IMMOBILIEN Business","og_description":"Herzog & de Meuron planen am Vierwaldst\u00e4ttersee 100 Hotelzimmer, 36 Wohnungen und einen Park. Realisierung fr\u00fchestens Anfang n\u00e4chsten Jahrzehnts.","og_url":"https:\/\/www.immobilienbusiness.ch\/de\/regionen\/2026-04-29\/luzern-neue-plaene-fuer-hermitage-areal\/","og_site_name":"IMMOBILIEN Business","article_publisher":"https:\/\/www.facebook.com\/immobilienbusiness\/","article_published_time":"2026-04-29T06:39:14+00:00","og_image":[{"width":1200,"height":712,"url":"https:\/\/www.immobilienbusiness.ch\/wp-content\/uploads\/2026\/04\/Hermitage-scaled.png","type":"image\/png"}],"author":"Alexander Wachter","twitter_card":"summary_large_image","schema":{"@context":"https:\/\/schema.org","@graph":[{"@type":"Article","@id":"https:\/\/www.immobilienbusiness.ch\/regionen\/2026-04-29\/luzern-neue-plaene-fuer-hermitage-areal\/#article","isPartOf":{"@id":"https:\/\/www.immobilienbusiness.ch\/regionen\/2026-04-29\/luzern-neue-plaene-fuer-hermitage-areal\/"},"author":{"name":"Alexander Wachter","@id":"https:\/\/www.immobilienbusiness.ch\/#\/schema\/person\/aba8bea2db926aa0c24c08c43fe1fcd5"},"headline":"Luzern: Neue Pl\u00e4ne f\u00fcr Hermitage-Areal","datePublished":"2026-04-29T06:39:14+00:00","mainEntityOfPage":{"@id":"https:\/\/www.immobilienbusiness.ch\/regionen\/2026-04-29\/luzern-neue-plaene-fuer-hermitage-areal\/"},"wordCount":465,"publisher":{"@id":"https:\/\/www.immobilienbusiness.ch\/#organization"},"image":{"@id":"https:\/\/www.immobilienbusiness.ch\/regionen\/2026-04-29\/luzern-neue-plaene-fuer-hermitage-areal\/#primaryimage"},"thumbnailUrl":"https:\/\/www.immobilienbusiness.ch\/wp-content\/uploads\/2026\/04\/Hermitage-scaled.png","articleSection":["REGIONEN"],"inLanguage":"de"},{"@type":"WebPage","@id":"https:\/\/www.immobilienbusiness.ch\/regionen\/2026-04-29\/luzern-neue-plaene-fuer-hermitage-areal\/","url":"https:\/\/www.immobilienbusiness.ch\/regionen\/2026-04-29\/luzern-neue-plaene-fuer-hermitage-areal\/","name":"Luzern: Neue Pl\u00e4ne f\u00fcr Hermitage-Areal - IMMOBILIEN Business","isPartOf":{"@id":"https:\/\/www.immobilienbusiness.ch\/#website"},"primaryImageOfPage":{"@id":"https:\/\/www.immobilienbusiness.ch\/regionen\/2026-04-29\/luzern-neue-plaene-fuer-hermitage-areal\/#primaryimage"},"image":{"@id":"https:\/\/www.immobilienbusiness.ch\/regionen\/2026-04-29\/luzern-neue-plaene-fuer-hermitage-areal\/#primaryimage"},"thumbnailUrl":"https:\/\/www.immobilienbusiness.ch\/wp-content\/uploads\/2026\/04\/Hermitage-scaled.png","datePublished":"2026-04-29T06:39:14+00:00","description":"Herzog & de Meuron planen am Vierwaldst\u00e4ttersee 100 Hotelzimmer, 36 Wohnungen und einen Park. Realisierung fr\u00fchestens Anfang n\u00e4chsten Jahrzehnts.","breadcrumb":{"@id":"https:\/\/www.immobilienbusiness.ch\/regionen\/2026-04-29\/luzern-neue-plaene-fuer-hermitage-areal\/#breadcrumb"},"inLanguage":"de","potentialAction":[{"@type":"ReadAction","target":["https:\/\/www.immobilienbusiness.ch\/regionen\/2026-04-29\/luzern-neue-plaene-fuer-hermitage-areal\/"]}]},{"@type":"ImageObject","inLanguage":"de","@id":"https:\/\/www.immobilienbusiness.ch\/regionen\/2026-04-29\/luzern-neue-plaene-fuer-hermitage-areal\/#primaryimage","url":"https:\/\/www.immobilienbusiness.ch\/wp-content\/uploads\/2026\/04\/Hermitage-scaled.png","contentUrl":"https:\/\/www.immobilienbusiness.ch\/wp-content\/uploads\/2026\/04\/Hermitage-scaled.png","width":1200,"height":712,"caption":"Es liegt ein neuer Gestaltungsplan f\u00fcr das Projekt \u00abNew Hermitage\u00bb vor (Visualisierung: Hermitage Lake Lucerne AG)"},{"@type":"BreadcrumbList","@id":"https:\/\/www.immobilienbusiness.ch\/regionen\/2026-04-29\/luzern-neue-plaene-fuer-hermitage-areal\/#breadcrumb","itemListElement":[{"@type":"ListItem","position":1,"name":"Home","item":"https:\/\/www.immobilienbusiness.ch\/"},{"@type":"ListItem","position":2,"name":"Luzern: Neue Pl\u00e4ne f\u00fcr Hermitage-Areal"}]},{"@type":"WebSite","@id":"https:\/\/www.immobilienbusiness.ch\/#website","url":"https:\/\/www.immobilienbusiness.ch\/","name":"IMMOBILIEN Business","description":"Unabh\u00e4ngiges Schweizer Wirtschaftsmagazin mit Fokus auf Immobilien, Architektur- und Bau sowie Investment- und Finanzierung.","publisher":{"@id":"https:\/\/www.immobilienbusiness.ch\/#organization"},"potentialAction":[{"@type":"SearchAction","target":{"@type":"EntryPoint","urlTemplate":"https:\/\/www.immobilienbusiness.ch\/?s={search_term_string}"},"query-input":{"@type":"PropertyValueSpecification","valueRequired":true,"valueName":"search_term_string"}}],"inLanguage":"de"},{"@type":"Organization","@id":"https:\/\/www.immobilienbusiness.ch\/#organization","name":"IMMOBILIEN Business","url":"https:\/\/www.immobilienbusiness.ch\/","logo":{"@type":"ImageObject","inLanguage":"de","@id":"https:\/\/www.immobilienbusiness.ch\/#\/schema\/logo\/image\/","url":"https:\/\/www.immobilienbusiness.ch\/wp-content\/uploads\/2021\/07\/logo_ib.png","contentUrl":"https:\/\/www.immobilienbusiness.ch\/wp-content\/uploads\/2021\/07\/logo_ib.png","width":800,"height":181,"caption":"IMMOBILIEN Business"},"image":{"@id":"https:\/\/www.immobilienbusiness.ch\/#\/schema\/logo\/image\/"},"sameAs":["https:\/\/www.facebook.com\/immobilienbusiness\/"]},{"@type":"Person","@id":"https:\/\/www.immobilienbusiness.ch\/#\/schema\/person\/aba8bea2db926aa0c24c08c43fe1fcd5","name":"Alexander Wachter","image":{"@type":"ImageObject","inLanguage":"de","@id":"https:\/\/secure.gravatar.com\/avatar\/1a09e471f5389b0e0a6416eac287e0927c7c97a7b77f9e787eba3af7aee281dd?s=96&d=mm&r=g","url":"https:\/\/secure.gravatar.com\/avatar\/1a09e471f5389b0e0a6416eac287e0927c7c97a7b77f9e787eba3af7aee281dd?s=96&d=mm&r=g","contentUrl":"https:\/\/secure.gravatar.com\/avatar\/1a09e471f5389b0e0a6416eac287e0927c7c97a7b77f9e787eba3af7aee281dd?s=96&d=mm&r=g","caption":"Alexander Wachter"},"url":"https:\/\/www.immobilienbusiness.ch\/de\/author\/alexander-wachter\/"}]}},"_links":{"self":[{"href":"https:\/\/www.immobilienbusiness.ch\/de\/wp-json\/wp\/v2\/posts\/68338","targetHints":{"allow":["GET"]}}],"collection":[{"href":"https:\/\/www.immobilienbusiness.ch\/de\/wp-json\/wp\/v2\/posts"}],"about":[{"href":"https:\/\/www.immobilienbusiness.ch\/de\/wp-json\/wp\/v2\/types\/post"}],"author":[{"embeddable":true,"href":"https:\/\/www.immobilienbusiness.ch\/de\/wp-json\/wp\/v2\/users\/102"}],"replies":[{"embeddable":true,"href":"https:\/\/www.immobilienbusiness.ch\/de\/wp-json\/wp\/v2\/comments?post=68338"}],"version-history":[{"count":1,"href":"https:\/\/www.immobilienbusiness.ch\/de\/wp-json\/wp\/v2\/posts\/68338\/revisions"}],"predecessor-version":[{"id":68340,"href":"https:\/\/www.immobilienbusiness.ch\/de\/wp-json\/wp\/v2\/posts\/68338\/revisions\/68340"}],"wp:featuredmedia":[{"embeddable":true,"href":"https:\/\/www.immobilienbusiness.ch\/de\/wp-json\/wp\/v2\/media\/68339"}],"wp:attachment":[{"href":"https:\/\/www.immobilienbusiness.ch\/de\/wp-json\/wp\/v2\/media?parent=68338"}],"wp:term":[{"taxonomy":"category","embeddable":true,"href":"https:\/\/www.immobilienbusiness.ch\/de\/wp-json\/wp\/v2\/categories?post=68338"},{"taxonomy":"post_tag","embeddable":true,"href":"https:\/\/www.immobilienbusiness.ch\/de\/wp-json\/wp\/v2\/tags?post=68338"}],"curies":[{"name":"wp","href":"https:\/\/api.w.org\/{rel}","templated":true}]}}