{"id":68293,"date":"2026-04-27T07:23:36","date_gmt":"2026-04-27T05:23:36","guid":{"rendered":"https:\/\/www.immobilienbusiness.ch\/?p=68293"},"modified":"2026-04-30T10:27:16","modified_gmt":"2026-04-30T08:27:16","slug":"zuerich-ast-ernennt-portfoliomanager-fuer-kommerzielle-anlagegruppe","status":"publish","type":"post","link":"https:\/\/www.immobilienbusiness.ch\/de\/personalia\/2026-04-27\/zuerich-ast-ernennt-portfoliomanager-fuer-kommerzielle-anlagegruppe\/","title":{"rendered":"Z\u00fcrich AST ernennt Portfoliomanager f\u00fcr kommerzielle Anlagegruppe"},"content":{"rendered":"<figure id=\"attachment_68294\" aria-describedby=\"caption-attachment-68294\" style=\"width: 394px\" class=\"wp-caption alignnone\"><a href=\"https:\/\/www.immobilienbusiness.ch\/wp-content\/uploads\/2026\/04\/Francesco_Giardino-zVg-002.jpg\"><img loading=\"lazy\" decoding=\"async\" class=\"size-full wp-image-68294\" src=\"https:\/\/www.immobilienbusiness.ch\/wp-content\/uploads\/2026\/04\/Francesco_Giardino-zVg-002.jpg\" alt=\"\" width=\"394\" height=\"397\" srcset=\"https:\/\/www.immobilienbusiness.ch\/wp-content\/uploads\/2026\/04\/Francesco_Giardino-zVg-002.jpg 394w, https:\/\/www.immobilienbusiness.ch\/wp-content\/uploads\/2026\/04\/Francesco_Giardino-zVg-002-298x300.jpg 298w, https:\/\/www.immobilienbusiness.ch\/wp-content\/uploads\/2026\/04\/Francesco_Giardino-zVg-002-150x150.jpg 150w, https:\/\/www.immobilienbusiness.ch\/wp-content\/uploads\/2026\/04\/Francesco_Giardino-zVg-002-12x12.jpg 12w, https:\/\/www.immobilienbusiness.ch\/wp-content\/uploads\/2026\/04\/Francesco_Giardino-zVg-002-347x350.jpg 347w\" sizes=\"auto, (max-width: 394px) 100vw, 394px\" \/><\/a><figcaption id=\"caption-attachment-68294\" class=\"wp-caption-text\">Francesco Giardino (Bild: zVg)<\/figcaption><\/figure>\n<p>Zurich Invest schafft eine dedizierte Portfoliomanager-Position f\u00fcr die Anlagegruppe \u00abImmobilien Gesch\u00e4ft Schweiz\u00bb. In dieser Funktion hat Francesco Giardino per 1. April die Verantwortung f\u00fcr das Gef\u00e4ss \u00fcbernommen. Er ist seit 2022 Senior Asset Manager bei der Zurich Invest und rapportiert fortan an Marek Dobias, Head Portfolio Management der Z\u00fcrich Anlagestiftung. \u00abMit dieser personellen Verst\u00e4rkung bekr\u00e4ftigt Zurich Invest ihr Engagement f\u00fcr die Weiterentwicklung der Anlagegruppe und deren Wachstumsstrategie\u00bb, kommentiert das Unternehmen die Personalie.<\/p>\n<p>Das Portfolio der Anlagegruppe weist f\u00fcr das Jahr 2025 eine Anlagerendite von 4,74% aus, sie liegt damit 59 Basispunkte \u00fcber dem KGAST-Benchmark. Das Gesamtanlageverm\u00f6genswachstum wuchs um 6,3%.<\/p>\n","protected":false},"excerpt":{"rendered":"<p>Francesco Giardino verantwortet die Entwicklung der Anlagegruppe \u00abImmobilien Gesch\u00e4ft Schweiz\u00bb.<\/p>\n","protected":false},"author":102,"featured_media":19187,"comment_status":"closed","ping_status":"closed","sticky":false,"template":"","format":"standard","meta":{"_acf_changed":false,"_yoast_wpseo_focuskw":"Z\u00fcrich AST","_yoast_wpseo_title":"","_yoast_wpseo_metadesc":"Francesco Giardino verantwortet die Entwicklung der Anlagegruppe \u00abImmobilien Gesch\u00e4ft Schweiz\u00bb.","_yoast_wpseo_linkdex":58,"pgc_sgb_lightbox_settings":"","footnotes":""},"categories":[1912],"tags":[1028,2132,1563,4507],"class_list":["post-68293","post","type-post","status-publish","format-standard","has-post-thumbnail","hentry","category-personalia","tag-anlagegruppe","tag-gewerbe","tag-personalia","tag-zuerich-ast"],"acf":[],"yoast_head":"<!-- This site is optimized with the Yoast SEO plugin v27.5 - https:\/\/yoast.com\/product\/yoast-seo-wordpress\/ -->\n<title>Z\u00fcrich AST ernennt Portfoliomanager f\u00fcr kommerzielle Anlagegruppe - IMMOBILIEN Business<\/title>\n<meta name=\"description\" content=\"Francesco Giardino verantwortet die Entwicklung der Anlagegruppe \u00abImmobilien Gesch\u00e4ft Schweiz\u00bb.\" \/>\n<meta name=\"robots\" content=\"index, follow, max-snippet:-1, max-image-preview:large, max-video-preview:-1\" \/>\n<link rel=\"canonical\" href=\"https:\/\/www.immobilienbusiness.ch\/de\/personalia\/2026-04-27\/zuerich-ast-ernennt-portfoliomanager-fuer-kommerzielle-anlagegruppe\/\" \/>\n<meta property=\"og:locale\" content=\"de_DE\" \/>\n<meta property=\"og:type\" content=\"article\" \/>\n<meta property=\"og:title\" content=\"Z\u00fcrich AST ernennt Portfoliomanager f\u00fcr kommerzielle Anlagegruppe - IMMOBILIEN Business\" \/>\n<meta property=\"og:description\" content=\"Francesco Giardino verantwortet die Entwicklung der Anlagegruppe \u00abImmobilien Gesch\u00e4ft Schweiz\u00bb.\" \/>\n<meta property=\"og:url\" content=\"https:\/\/www.immobilienbusiness.ch\/de\/personalia\/2026-04-27\/zuerich-ast-ernennt-portfoliomanager-fuer-kommerzielle-anlagegruppe\/\" \/>\n<meta property=\"og:site_name\" content=\"IMMOBILIEN Business\" \/>\n<meta property=\"article:publisher\" content=\"https:\/\/www.facebook.com\/immobilienbusiness\/\" \/>\n<meta property=\"article:published_time\" content=\"2026-04-27T05:23:36+00:00\" \/>\n<meta property=\"article:modified_time\" content=\"2026-04-30T08:27:16+00:00\" \/>\n<meta property=\"og:image\" content=\"https:\/\/www.immobilienbusiness.ch\/wp-content\/uploads\/2019\/11\/Depositphotos_71529275_m-2015.jpg\" \/>\n\t<meta property=\"og:image:width\" content=\"1000\" \/>\n\t<meta property=\"og:image:height\" content=\"654\" \/>\n\t<meta property=\"og:image:type\" content=\"image\/jpeg\" \/>\n<meta name=\"author\" content=\"Alexander Wachter\" \/>\n<meta name=\"twitter:card\" content=\"summary_large_image\" \/>\n<script type=\"application\/ld+json\" class=\"yoast-schema-graph\">{\"@context\":\"https:\\\/\\\/schema.org\",\"@graph\":[{\"@type\":\"Article\",\"@id\":\"https:\\\/\\\/www.immobilienbusiness.ch\\\/personalia\\\/2026-04-27\\\/zuerich-ast-ernennt-portfoliomanager-fuer-kommerzielle-anlagegruppe\\\/#article\",\"isPartOf\":{\"@id\":\"https:\\\/\\\/www.immobilienbusiness.ch\\\/personalia\\\/2026-04-27\\\/zuerich-ast-ernennt-portfoliomanager-fuer-kommerzielle-anlagegruppe\\\/\"},\"author\":{\"name\":\"Alexander Wachter\",\"@id\":\"https:\\\/\\\/www.immobilienbusiness.ch\\\/#\\\/schema\\\/person\\\/aba8bea2db926aa0c24c08c43fe1fcd5\"},\"headline\":\"Z\u00fcrich AST ernennt Portfoliomanager f\u00fcr kommerzielle Anlagegruppe\",\"datePublished\":\"2026-04-27T05:23:36+00:00\",\"dateModified\":\"2026-04-30T08:27:16+00:00\",\"mainEntityOfPage\":{\"@id\":\"https:\\\/\\\/www.immobilienbusiness.ch\\\/personalia\\\/2026-04-27\\\/zuerich-ast-ernennt-portfoliomanager-fuer-kommerzielle-anlagegruppe\\\/\"},\"wordCount\":123,\"publisher\":{\"@id\":\"https:\\\/\\\/www.immobilienbusiness.ch\\\/#organization\"},\"image\":{\"@id\":\"https:\\\/\\\/www.immobilienbusiness.ch\\\/personalia\\\/2026-04-27\\\/zuerich-ast-ernennt-portfoliomanager-fuer-kommerzielle-anlagegruppe\\\/#primaryimage\"},\"thumbnailUrl\":\"https:\\\/\\\/www.immobilienbusiness.ch\\\/wp-content\\\/uploads\\\/2019\\\/11\\\/Depositphotos_71529275_m-2015.jpg\",\"keywords\":[\"Anlagegruppe\",\"Gewerbe\",\"Personalia\",\"Z\u00fcrich AST\"],\"articleSection\":[\"PERSONALIA\"],\"inLanguage\":\"de\"},{\"@type\":\"WebPage\",\"@id\":\"https:\\\/\\\/www.immobilienbusiness.ch\\\/personalia\\\/2026-04-27\\\/zuerich-ast-ernennt-portfoliomanager-fuer-kommerzielle-anlagegruppe\\\/\",\"url\":\"https:\\\/\\\/www.immobilienbusiness.ch\\\/personalia\\\/2026-04-27\\\/zuerich-ast-ernennt-portfoliomanager-fuer-kommerzielle-anlagegruppe\\\/\",\"name\":\"Z\u00fcrich AST ernennt Portfoliomanager f\u00fcr kommerzielle Anlagegruppe - IMMOBILIEN Business\",\"isPartOf\":{\"@id\":\"https:\\\/\\\/www.immobilienbusiness.ch\\\/#website\"},\"primaryImageOfPage\":{\"@id\":\"https:\\\/\\\/www.immobilienbusiness.ch\\\/personalia\\\/2026-04-27\\\/zuerich-ast-ernennt-portfoliomanager-fuer-kommerzielle-anlagegruppe\\\/#primaryimage\"},\"image\":{\"@id\":\"https:\\\/\\\/www.immobilienbusiness.ch\\\/personalia\\\/2026-04-27\\\/zuerich-ast-ernennt-portfoliomanager-fuer-kommerzielle-anlagegruppe\\\/#primaryimage\"},\"thumbnailUrl\":\"https:\\\/\\\/www.immobilienbusiness.ch\\\/wp-content\\\/uploads\\\/2019\\\/11\\\/Depositphotos_71529275_m-2015.jpg\",\"datePublished\":\"2026-04-27T05:23:36+00:00\",\"dateModified\":\"2026-04-30T08:27:16+00:00\",\"description\":\"Francesco Giardino verantwortet die Entwicklung der Anlagegruppe \u00abImmobilien Gesch\u00e4ft Schweiz\u00bb.\",\"breadcrumb\":{\"@id\":\"https:\\\/\\\/www.immobilienbusiness.ch\\\/personalia\\\/2026-04-27\\\/zuerich-ast-ernennt-portfoliomanager-fuer-kommerzielle-anlagegruppe\\\/#breadcrumb\"},\"inLanguage\":\"de\",\"potentialAction\":[{\"@type\":\"ReadAction\",\"target\":[\"https:\\\/\\\/www.immobilienbusiness.ch\\\/personalia\\\/2026-04-27\\\/zuerich-ast-ernennt-portfoliomanager-fuer-kommerzielle-anlagegruppe\\\/\"]}]},{\"@type\":\"ImageObject\",\"inLanguage\":\"de\",\"@id\":\"https:\\\/\\\/www.immobilienbusiness.ch\\\/personalia\\\/2026-04-27\\\/zuerich-ast-ernennt-portfoliomanager-fuer-kommerzielle-anlagegruppe\\\/#primaryimage\",\"url\":\"https:\\\/\\\/www.immobilienbusiness.ch\\\/wp-content\\\/uploads\\\/2019\\\/11\\\/Depositphotos_71529275_m-2015.jpg\",\"contentUrl\":\"https:\\\/\\\/www.immobilienbusiness.ch\\\/wp-content\\\/uploads\\\/2019\\\/11\\\/Depositphotos_71529275_m-2015.jpg\",\"width\":1000,\"height\":654,\"caption\":\"Die Z\u00fcrich Anlagestiftung vermeldet eine personelle Ver\u00e4nderung (Bild: Depositphotos)\"},{\"@type\":\"BreadcrumbList\",\"@id\":\"https:\\\/\\\/www.immobilienbusiness.ch\\\/personalia\\\/2026-04-27\\\/zuerich-ast-ernennt-portfoliomanager-fuer-kommerzielle-anlagegruppe\\\/#breadcrumb\",\"itemListElement\":[{\"@type\":\"ListItem\",\"position\":1,\"name\":\"Home\",\"item\":\"https:\\\/\\\/www.immobilienbusiness.ch\\\/\"},{\"@type\":\"ListItem\",\"position\":2,\"name\":\"Z\u00fcrich AST ernennt Portfoliomanager f\u00fcr kommerzielle Anlagegruppe\"}]},{\"@type\":\"WebSite\",\"@id\":\"https:\\\/\\\/www.immobilienbusiness.ch\\\/#website\",\"url\":\"https:\\\/\\\/www.immobilienbusiness.ch\\\/\",\"name\":\"IMMOBILIEN Business\",\"description\":\"Unabh\u00e4ngiges Schweizer Wirtschaftsmagazin mit Fokus auf Immobilien, Architektur- und Bau sowie Investment- und Finanzierung.\",\"publisher\":{\"@id\":\"https:\\\/\\\/www.immobilienbusiness.ch\\\/#organization\"},\"potentialAction\":[{\"@type\":\"SearchAction\",\"target\":{\"@type\":\"EntryPoint\",\"urlTemplate\":\"https:\\\/\\\/www.immobilienbusiness.ch\\\/?s={search_term_string}\"},\"query-input\":{\"@type\":\"PropertyValueSpecification\",\"valueRequired\":true,\"valueName\":\"search_term_string\"}}],\"inLanguage\":\"de\"},{\"@type\":\"Organization\",\"@id\":\"https:\\\/\\\/www.immobilienbusiness.ch\\\/#organization\",\"name\":\"IMMOBILIEN Business\",\"url\":\"https:\\\/\\\/www.immobilienbusiness.ch\\\/\",\"logo\":{\"@type\":\"ImageObject\",\"inLanguage\":\"de\",\"@id\":\"https:\\\/\\\/www.immobilienbusiness.ch\\\/#\\\/schema\\\/logo\\\/image\\\/\",\"url\":\"https:\\\/\\\/www.immobilienbusiness.ch\\\/wp-content\\\/uploads\\\/2021\\\/07\\\/logo_ib.png\",\"contentUrl\":\"https:\\\/\\\/www.immobilienbusiness.ch\\\/wp-content\\\/uploads\\\/2021\\\/07\\\/logo_ib.png\",\"width\":800,\"height\":181,\"caption\":\"IMMOBILIEN Business\"},\"image\":{\"@id\":\"https:\\\/\\\/www.immobilienbusiness.ch\\\/#\\\/schema\\\/logo\\\/image\\\/\"},\"sameAs\":[\"https:\\\/\\\/www.facebook.com\\\/immobilienbusiness\\\/\"]},{\"@type\":\"Person\",\"@id\":\"https:\\\/\\\/www.immobilienbusiness.ch\\\/#\\\/schema\\\/person\\\/aba8bea2db926aa0c24c08c43fe1fcd5\",\"name\":\"Alexander Wachter\",\"image\":{\"@type\":\"ImageObject\",\"inLanguage\":\"de\",\"@id\":\"https:\\\/\\\/secure.gravatar.com\\\/avatar\\\/1a09e471f5389b0e0a6416eac287e0927c7c97a7b77f9e787eba3af7aee281dd?s=96&d=mm&r=g\",\"url\":\"https:\\\/\\\/secure.gravatar.com\\\/avatar\\\/1a09e471f5389b0e0a6416eac287e0927c7c97a7b77f9e787eba3af7aee281dd?s=96&d=mm&r=g\",\"contentUrl\":\"https:\\\/\\\/secure.gravatar.com\\\/avatar\\\/1a09e471f5389b0e0a6416eac287e0927c7c97a7b77f9e787eba3af7aee281dd?s=96&d=mm&r=g\",\"caption\":\"Alexander Wachter\"},\"url\":\"https:\\\/\\\/www.immobilienbusiness.ch\\\/de\\\/author\\\/alexander-wachter\\\/\"}]}<\/script>\n<!-- \/ Yoast SEO plugin. -->","yoast_head_json":{"title":"Z\u00fcrich AST ernennt Portfoliomanager f\u00fcr kommerzielle Anlagegruppe - IMMOBILIEN Business","description":"Francesco Giardino verantwortet die Entwicklung der Anlagegruppe \u00abImmobilien Gesch\u00e4ft Schweiz\u00bb.","robots":{"index":"index","follow":"follow","max-snippet":"max-snippet:-1","max-image-preview":"max-image-preview:large","max-video-preview":"max-video-preview:-1"},"canonical":"https:\/\/www.immobilienbusiness.ch\/de\/personalia\/2026-04-27\/zuerich-ast-ernennt-portfoliomanager-fuer-kommerzielle-anlagegruppe\/","og_locale":"de_DE","og_type":"article","og_title":"Z\u00fcrich AST ernennt Portfoliomanager f\u00fcr kommerzielle Anlagegruppe - IMMOBILIEN Business","og_description":"Francesco Giardino verantwortet die Entwicklung der Anlagegruppe \u00abImmobilien Gesch\u00e4ft Schweiz\u00bb.","og_url":"https:\/\/www.immobilienbusiness.ch\/de\/personalia\/2026-04-27\/zuerich-ast-ernennt-portfoliomanager-fuer-kommerzielle-anlagegruppe\/","og_site_name":"IMMOBILIEN Business","article_publisher":"https:\/\/www.facebook.com\/immobilienbusiness\/","article_published_time":"2026-04-27T05:23:36+00:00","article_modified_time":"2026-04-30T08:27:16+00:00","og_image":[{"width":1000,"height":654,"url":"https:\/\/www.immobilienbusiness.ch\/wp-content\/uploads\/2019\/11\/Depositphotos_71529275_m-2015.jpg","type":"image\/jpeg"}],"author":"Alexander Wachter","twitter_card":"summary_large_image","schema":{"@context":"https:\/\/schema.org","@graph":[{"@type":"Article","@id":"https:\/\/www.immobilienbusiness.ch\/personalia\/2026-04-27\/zuerich-ast-ernennt-portfoliomanager-fuer-kommerzielle-anlagegruppe\/#article","isPartOf":{"@id":"https:\/\/www.immobilienbusiness.ch\/personalia\/2026-04-27\/zuerich-ast-ernennt-portfoliomanager-fuer-kommerzielle-anlagegruppe\/"},"author":{"name":"Alexander Wachter","@id":"https:\/\/www.immobilienbusiness.ch\/#\/schema\/person\/aba8bea2db926aa0c24c08c43fe1fcd5"},"headline":"Z\u00fcrich AST ernennt Portfoliomanager f\u00fcr kommerzielle Anlagegruppe","datePublished":"2026-04-27T05:23:36+00:00","dateModified":"2026-04-30T08:27:16+00:00","mainEntityOfPage":{"@id":"https:\/\/www.immobilienbusiness.ch\/personalia\/2026-04-27\/zuerich-ast-ernennt-portfoliomanager-fuer-kommerzielle-anlagegruppe\/"},"wordCount":123,"publisher":{"@id":"https:\/\/www.immobilienbusiness.ch\/#organization"},"image":{"@id":"https:\/\/www.immobilienbusiness.ch\/personalia\/2026-04-27\/zuerich-ast-ernennt-portfoliomanager-fuer-kommerzielle-anlagegruppe\/#primaryimage"},"thumbnailUrl":"https:\/\/www.immobilienbusiness.ch\/wp-content\/uploads\/2019\/11\/Depositphotos_71529275_m-2015.jpg","keywords":["Anlagegruppe","Gewerbe","Personalia","Z\u00fcrich AST"],"articleSection":["PERSONALIA"],"inLanguage":"de"},{"@type":"WebPage","@id":"https:\/\/www.immobilienbusiness.ch\/personalia\/2026-04-27\/zuerich-ast-ernennt-portfoliomanager-fuer-kommerzielle-anlagegruppe\/","url":"https:\/\/www.immobilienbusiness.ch\/personalia\/2026-04-27\/zuerich-ast-ernennt-portfoliomanager-fuer-kommerzielle-anlagegruppe\/","name":"Z\u00fcrich AST ernennt Portfoliomanager f\u00fcr kommerzielle Anlagegruppe - IMMOBILIEN Business","isPartOf":{"@id":"https:\/\/www.immobilienbusiness.ch\/#website"},"primaryImageOfPage":{"@id":"https:\/\/www.immobilienbusiness.ch\/personalia\/2026-04-27\/zuerich-ast-ernennt-portfoliomanager-fuer-kommerzielle-anlagegruppe\/#primaryimage"},"image":{"@id":"https:\/\/www.immobilienbusiness.ch\/personalia\/2026-04-27\/zuerich-ast-ernennt-portfoliomanager-fuer-kommerzielle-anlagegruppe\/#primaryimage"},"thumbnailUrl":"https:\/\/www.immobilienbusiness.ch\/wp-content\/uploads\/2019\/11\/Depositphotos_71529275_m-2015.jpg","datePublished":"2026-04-27T05:23:36+00:00","dateModified":"2026-04-30T08:27:16+00:00","description":"Francesco Giardino verantwortet die Entwicklung der Anlagegruppe \u00abImmobilien Gesch\u00e4ft Schweiz\u00bb.","breadcrumb":{"@id":"https:\/\/www.immobilienbusiness.ch\/personalia\/2026-04-27\/zuerich-ast-ernennt-portfoliomanager-fuer-kommerzielle-anlagegruppe\/#breadcrumb"},"inLanguage":"de","potentialAction":[{"@type":"ReadAction","target":["https:\/\/www.immobilienbusiness.ch\/personalia\/2026-04-27\/zuerich-ast-ernennt-portfoliomanager-fuer-kommerzielle-anlagegruppe\/"]}]},{"@type":"ImageObject","inLanguage":"de","@id":"https:\/\/www.immobilienbusiness.ch\/personalia\/2026-04-27\/zuerich-ast-ernennt-portfoliomanager-fuer-kommerzielle-anlagegruppe\/#primaryimage","url":"https:\/\/www.immobilienbusiness.ch\/wp-content\/uploads\/2019\/11\/Depositphotos_71529275_m-2015.jpg","contentUrl":"https:\/\/www.immobilienbusiness.ch\/wp-content\/uploads\/2019\/11\/Depositphotos_71529275_m-2015.jpg","width":1000,"height":654,"caption":"Die Z\u00fcrich Anlagestiftung vermeldet eine personelle Ver\u00e4nderung (Bild: Depositphotos)"},{"@type":"BreadcrumbList","@id":"https:\/\/www.immobilienbusiness.ch\/personalia\/2026-04-27\/zuerich-ast-ernennt-portfoliomanager-fuer-kommerzielle-anlagegruppe\/#breadcrumb","itemListElement":[{"@type":"ListItem","position":1,"name":"Home","item":"https:\/\/www.immobilienbusiness.ch\/"},{"@type":"ListItem","position":2,"name":"Z\u00fcrich AST ernennt Portfoliomanager f\u00fcr kommerzielle Anlagegruppe"}]},{"@type":"WebSite","@id":"https:\/\/www.immobilienbusiness.ch\/#website","url":"https:\/\/www.immobilienbusiness.ch\/","name":"IMMOBILIEN Business","description":"Unabh\u00e4ngiges Schweizer Wirtschaftsmagazin mit Fokus auf Immobilien, Architektur- und Bau sowie Investment- und Finanzierung.","publisher":{"@id":"https:\/\/www.immobilienbusiness.ch\/#organization"},"potentialAction":[{"@type":"SearchAction","target":{"@type":"EntryPoint","urlTemplate":"https:\/\/www.immobilienbusiness.ch\/?s={search_term_string}"},"query-input":{"@type":"PropertyValueSpecification","valueRequired":true,"valueName":"search_term_string"}}],"inLanguage":"de"},{"@type":"Organization","@id":"https:\/\/www.immobilienbusiness.ch\/#organization","name":"IMMOBILIEN Business","url":"https:\/\/www.immobilienbusiness.ch\/","logo":{"@type":"ImageObject","inLanguage":"de","@id":"https:\/\/www.immobilienbusiness.ch\/#\/schema\/logo\/image\/","url":"https:\/\/www.immobilienbusiness.ch\/wp-content\/uploads\/2021\/07\/logo_ib.png","contentUrl":"https:\/\/www.immobilienbusiness.ch\/wp-content\/uploads\/2021\/07\/logo_ib.png","width":800,"height":181,"caption":"IMMOBILIEN Business"},"image":{"@id":"https:\/\/www.immobilienbusiness.ch\/#\/schema\/logo\/image\/"},"sameAs":["https:\/\/www.facebook.com\/immobilienbusiness\/"]},{"@type":"Person","@id":"https:\/\/www.immobilienbusiness.ch\/#\/schema\/person\/aba8bea2db926aa0c24c08c43fe1fcd5","name":"Alexander Wachter","image":{"@type":"ImageObject","inLanguage":"de","@id":"https:\/\/secure.gravatar.com\/avatar\/1a09e471f5389b0e0a6416eac287e0927c7c97a7b77f9e787eba3af7aee281dd?s=96&d=mm&r=g","url":"https:\/\/secure.gravatar.com\/avatar\/1a09e471f5389b0e0a6416eac287e0927c7c97a7b77f9e787eba3af7aee281dd?s=96&d=mm&r=g","contentUrl":"https:\/\/secure.gravatar.com\/avatar\/1a09e471f5389b0e0a6416eac287e0927c7c97a7b77f9e787eba3af7aee281dd?s=96&d=mm&r=g","caption":"Alexander Wachter"},"url":"https:\/\/www.immobilienbusiness.ch\/de\/author\/alexander-wachter\/"}]}},"_links":{"self":[{"href":"https:\/\/www.immobilienbusiness.ch\/de\/wp-json\/wp\/v2\/posts\/68293","targetHints":{"allow":["GET"]}}],"collection":[{"href":"https:\/\/www.immobilienbusiness.ch\/de\/wp-json\/wp\/v2\/posts"}],"about":[{"href":"https:\/\/www.immobilienbusiness.ch\/de\/wp-json\/wp\/v2\/types\/post"}],"author":[{"embeddable":true,"href":"https:\/\/www.immobilienbusiness.ch\/de\/wp-json\/wp\/v2\/users\/102"}],"replies":[{"embeddable":true,"href":"https:\/\/www.immobilienbusiness.ch\/de\/wp-json\/wp\/v2\/comments?post=68293"}],"version-history":[{"count":2,"href":"https:\/\/www.immobilienbusiness.ch\/de\/wp-json\/wp\/v2\/posts\/68293\/revisions"}],"predecessor-version":[{"id":68296,"href":"https:\/\/www.immobilienbusiness.ch\/de\/wp-json\/wp\/v2\/posts\/68293\/revisions\/68296"}],"wp:featuredmedia":[{"embeddable":true,"href":"https:\/\/www.immobilienbusiness.ch\/de\/wp-json\/wp\/v2\/media\/19187"}],"wp:attachment":[{"href":"https:\/\/www.immobilienbusiness.ch\/de\/wp-json\/wp\/v2\/media?parent=68293"}],"wp:term":[{"taxonomy":"category","embeddable":true,"href":"https:\/\/www.immobilienbusiness.ch\/de\/wp-json\/wp\/v2\/categories?post=68293"},{"taxonomy":"post_tag","embeddable":true,"href":"https:\/\/www.immobilienbusiness.ch\/de\/wp-json\/wp\/v2\/tags?post=68293"}],"curies":[{"name":"wp","href":"https:\/\/api.w.org\/{rel}","templated":true}]}}