{"id":68286,"date":"2026-04-24T05:40:30","date_gmt":"2026-04-24T03:40:30","guid":{"rendered":"https:\/\/www.immobilienbusiness.ch\/?p=68286"},"modified":"2026-04-30T11:16:45","modified_gmt":"2026-04-30T09:16:45","slug":"pretium-schliesst-kapitalerhoehung-ab","status":"publish","type":"post","link":"https:\/\/www.immobilienbusiness.ch\/de\/unternehmen\/2026-04-24\/pretium-schliesst-kapitalerhoehung-ab\/","title":{"rendered":"Pretium schliesst Kapitalerh\u00f6hung ab"},"content":{"rendered":"<figure id=\"attachment_67803\" aria-describedby=\"caption-attachment-67803\" style=\"width: 768px\" class=\"wp-caption alignnone\"><a href=\"https:\/\/www.immobilienbusiness.ch\/wp-content\/uploads\/2026\/03\/Depositphotos_757232012_L_Fonds-2-scaled.jpg\"><img loading=\"lazy\" decoding=\"async\" class=\"size-large wp-image-67803\" src=\"https:\/\/www.immobilienbusiness.ch\/wp-content\/uploads\/2026\/03\/Depositphotos_757232012_L_Fonds-2-1024x683.jpg\" alt=\"\" width=\"768\" height=\"512\" srcset=\"https:\/\/www.immobilienbusiness.ch\/wp-content\/uploads\/2026\/03\/Depositphotos_757232012_L_Fonds-2-1024x683.jpg 1024w, https:\/\/www.immobilienbusiness.ch\/wp-content\/uploads\/2026\/03\/Depositphotos_757232012_L_Fonds-2-300x200.jpg 300w, https:\/\/www.immobilienbusiness.ch\/wp-content\/uploads\/2026\/03\/Depositphotos_757232012_L_Fonds-2-768x512.jpg 768w, https:\/\/www.immobilienbusiness.ch\/wp-content\/uploads\/2026\/03\/Depositphotos_757232012_L_Fonds-2-1536x1025.jpg 1536w, https:\/\/www.immobilienbusiness.ch\/wp-content\/uploads\/2026\/03\/Depositphotos_757232012_L_Fonds-2-18x12.jpg 18w, https:\/\/www.immobilienbusiness.ch\/wp-content\/uploads\/2026\/03\/Depositphotos_757232012_L_Fonds-2-375x250.jpg 375w, https:\/\/www.immobilienbusiness.ch\/wp-content\/uploads\/2026\/03\/Depositphotos_757232012_L_Fonds-2-525x350.jpg 525w, https:\/\/www.immobilienbusiness.ch\/wp-content\/uploads\/2026\/03\/Depositphotos_757232012_L_Fonds-2-1000x667.jpg 1000w, https:\/\/www.immobilienbusiness.ch\/wp-content\/uploads\/2026\/03\/Depositphotos_757232012_L_Fonds-2-scaled.jpg 1200w\" sizes=\"auto, (max-width: 768px) 100vw, 768px\" \/><\/a><figcaption id=\"caption-attachment-67803\" class=\"wp-caption-text\">Pretium Real Estate ist ein relativ junger Fonds (Bild: Depositphotos)<\/figcaption><\/figure>\n<p>Der Pretium Real Estate Fund hat seine Kapitalerh\u00f6hung mit einem Erl\u00f6s von 47,9 Millionen Franken abgeschlossen. Die Emission war den Angaben zufolge mehrfach \u00fcberzeichnet. Wie die Fondsleitung mitteilt, soll der Emissionserl\u00f6s f\u00fcr die R\u00fcckf\u00fchrung von Fremdkapital sowie f\u00fcr Liegenschaftsk\u00e4ufe eingesetzt werden.<\/p>\n<p>Pretium Invest f\u00fchrte die Kapitalerh\u00f6hung vom 13. bis 21. April 2026 auf \u00abBest effort\u00bb-Basis im Rahmen eines Bezugsangebots durch. Die Liberierung erfolgte am 24. April. Als Lead Manager begleitete die Bank J. Safra Sarasin die Transaktion.<\/p>\n","protected":false},"excerpt":{"rendered":"<p>Der Pretium Real Estate Fund hat sein Emissionsziel erreicht, die Kapitalerh\u00f6hung war den Angaben zufolge \u00fcberzeichnet.<\/p>\n","protected":false},"author":102,"featured_media":67803,"comment_status":"closed","ping_status":"closed","sticky":false,"template":"","format":"standard","meta":{"_acf_changed":false,"_yoast_wpseo_focuskw":"Pretium","_yoast_wpseo_title":"","_yoast_wpseo_metadesc":"Der Pretium Real Estate Fund hat sein Emissionsziel erreicht, die Kapitalerh\u00f6hung war den Angaben zufolge \u00fcberzeichnet.","_yoast_wpseo_linkdex":53,"pgc_sgb_lightbox_settings":"","footnotes":""},"categories":[988],"tags":[1344,1412,4152],"class_list":["post-68286","post","type-post","status-publish","format-standard","has-post-thumbnail","hentry","category-unternehmen","tag-immobilienfonds","tag-kapitalerhoehung","tag-pretium-invest"],"acf":[],"yoast_head":"<!-- This site is optimized with the Yoast SEO plugin v27.5 - https:\/\/yoast.com\/product\/yoast-seo-wordpress\/ -->\n<title>Pretium schliesst Kapitalerh\u00f6hung ab - IMMOBILIEN Business<\/title>\n<meta name=\"description\" content=\"Der Pretium Real Estate Fund hat sein Emissionsziel erreicht, die Kapitalerh\u00f6hung war den Angaben zufolge \u00fcberzeichnet.\" \/>\n<meta name=\"robots\" content=\"index, follow, max-snippet:-1, max-image-preview:large, max-video-preview:-1\" \/>\n<link rel=\"canonical\" href=\"https:\/\/www.immobilienbusiness.ch\/de\/unternehmen\/2026-04-24\/pretium-schliesst-kapitalerhoehung-ab\/\" \/>\n<meta property=\"og:locale\" content=\"de_DE\" \/>\n<meta property=\"og:type\" content=\"article\" \/>\n<meta property=\"og:title\" content=\"Pretium schliesst Kapitalerh\u00f6hung ab - IMMOBILIEN Business\" \/>\n<meta property=\"og:description\" content=\"Der Pretium Real Estate Fund hat sein Emissionsziel erreicht, die Kapitalerh\u00f6hung war den Angaben zufolge \u00fcberzeichnet.\" \/>\n<meta property=\"og:url\" content=\"https:\/\/www.immobilienbusiness.ch\/de\/unternehmen\/2026-04-24\/pretium-schliesst-kapitalerhoehung-ab\/\" \/>\n<meta property=\"og:site_name\" content=\"IMMOBILIEN Business\" \/>\n<meta property=\"article:publisher\" content=\"https:\/\/www.facebook.com\/immobilienbusiness\/\" \/>\n<meta property=\"article:published_time\" content=\"2026-04-24T03:40:30+00:00\" \/>\n<meta property=\"article:modified_time\" content=\"2026-04-30T09:16:45+00:00\" \/>\n<meta property=\"og:image\" content=\"https:\/\/www.immobilienbusiness.ch\/wp-content\/uploads\/2026\/03\/Depositphotos_757232012_L_Fonds-2-scaled.jpg\" \/>\n\t<meta property=\"og:image:width\" content=\"1200\" \/>\n\t<meta property=\"og:image:height\" content=\"801\" \/>\n\t<meta property=\"og:image:type\" content=\"image\/jpeg\" \/>\n<meta name=\"author\" content=\"Alexander Wachter\" \/>\n<meta name=\"twitter:card\" content=\"summary_large_image\" \/>\n<script type=\"application\/ld+json\" class=\"yoast-schema-graph\">{\"@context\":\"https:\\\/\\\/schema.org\",\"@graph\":[{\"@type\":\"Article\",\"@id\":\"https:\\\/\\\/www.immobilienbusiness.ch\\\/unternehmen\\\/2026-04-24\\\/pretium-schliesst-kapitalerhoehung-ab\\\/#article\",\"isPartOf\":{\"@id\":\"https:\\\/\\\/www.immobilienbusiness.ch\\\/unternehmen\\\/2026-04-24\\\/pretium-schliesst-kapitalerhoehung-ab\\\/\"},\"author\":{\"name\":\"Alexander Wachter\",\"@id\":\"https:\\\/\\\/www.immobilienbusiness.ch\\\/#\\\/schema\\\/person\\\/aba8bea2db926aa0c24c08c43fe1fcd5\"},\"headline\":\"Pretium schliesst Kapitalerh\u00f6hung ab\",\"datePublished\":\"2026-04-24T03:40:30+00:00\",\"dateModified\":\"2026-04-30T09:16:45+00:00\",\"mainEntityOfPage\":{\"@id\":\"https:\\\/\\\/www.immobilienbusiness.ch\\\/unternehmen\\\/2026-04-24\\\/pretium-schliesst-kapitalerhoehung-ab\\\/\"},\"wordCount\":105,\"publisher\":{\"@id\":\"https:\\\/\\\/www.immobilienbusiness.ch\\\/#organization\"},\"image\":{\"@id\":\"https:\\\/\\\/www.immobilienbusiness.ch\\\/unternehmen\\\/2026-04-24\\\/pretium-schliesst-kapitalerhoehung-ab\\\/#primaryimage\"},\"thumbnailUrl\":\"https:\\\/\\\/www.immobilienbusiness.ch\\\/wp-content\\\/uploads\\\/2026\\\/03\\\/Depositphotos_757232012_L_Fonds-2-scaled.jpg\",\"keywords\":[\"Immobilienfonds\",\"Kapitalerh\u00f6hung\",\"Pretium Invest\"],\"articleSection\":[\"UNTERNEHMEN\"],\"inLanguage\":\"de\"},{\"@type\":\"WebPage\",\"@id\":\"https:\\\/\\\/www.immobilienbusiness.ch\\\/unternehmen\\\/2026-04-24\\\/pretium-schliesst-kapitalerhoehung-ab\\\/\",\"url\":\"https:\\\/\\\/www.immobilienbusiness.ch\\\/unternehmen\\\/2026-04-24\\\/pretium-schliesst-kapitalerhoehung-ab\\\/\",\"name\":\"Pretium schliesst Kapitalerh\u00f6hung ab - IMMOBILIEN Business\",\"isPartOf\":{\"@id\":\"https:\\\/\\\/www.immobilienbusiness.ch\\\/#website\"},\"primaryImageOfPage\":{\"@id\":\"https:\\\/\\\/www.immobilienbusiness.ch\\\/unternehmen\\\/2026-04-24\\\/pretium-schliesst-kapitalerhoehung-ab\\\/#primaryimage\"},\"image\":{\"@id\":\"https:\\\/\\\/www.immobilienbusiness.ch\\\/unternehmen\\\/2026-04-24\\\/pretium-schliesst-kapitalerhoehung-ab\\\/#primaryimage\"},\"thumbnailUrl\":\"https:\\\/\\\/www.immobilienbusiness.ch\\\/wp-content\\\/uploads\\\/2026\\\/03\\\/Depositphotos_757232012_L_Fonds-2-scaled.jpg\",\"datePublished\":\"2026-04-24T03:40:30+00:00\",\"dateModified\":\"2026-04-30T09:16:45+00:00\",\"description\":\"Der Pretium Real Estate Fund hat sein Emissionsziel erreicht, die Kapitalerh\u00f6hung war den Angaben zufolge \u00fcberzeichnet.\",\"breadcrumb\":{\"@id\":\"https:\\\/\\\/www.immobilienbusiness.ch\\\/unternehmen\\\/2026-04-24\\\/pretium-schliesst-kapitalerhoehung-ab\\\/#breadcrumb\"},\"inLanguage\":\"de\",\"potentialAction\":[{\"@type\":\"ReadAction\",\"target\":[\"https:\\\/\\\/www.immobilienbusiness.ch\\\/unternehmen\\\/2026-04-24\\\/pretium-schliesst-kapitalerhoehung-ab\\\/\"]}]},{\"@type\":\"ImageObject\",\"inLanguage\":\"de\",\"@id\":\"https:\\\/\\\/www.immobilienbusiness.ch\\\/unternehmen\\\/2026-04-24\\\/pretium-schliesst-kapitalerhoehung-ab\\\/#primaryimage\",\"url\":\"https:\\\/\\\/www.immobilienbusiness.ch\\\/wp-content\\\/uploads\\\/2026\\\/03\\\/Depositphotos_757232012_L_Fonds-2-scaled.jpg\",\"contentUrl\":\"https:\\\/\\\/www.immobilienbusiness.ch\\\/wp-content\\\/uploads\\\/2026\\\/03\\\/Depositphotos_757232012_L_Fonds-2-scaled.jpg\",\"width\":1200,\"height\":801,\"caption\":\"Pretium Real Estate ist ein relativ junger Fonds (Bild: Depositphotos)\"},{\"@type\":\"BreadcrumbList\",\"@id\":\"https:\\\/\\\/www.immobilienbusiness.ch\\\/unternehmen\\\/2026-04-24\\\/pretium-schliesst-kapitalerhoehung-ab\\\/#breadcrumb\",\"itemListElement\":[{\"@type\":\"ListItem\",\"position\":1,\"name\":\"Home\",\"item\":\"https:\\\/\\\/www.immobilienbusiness.ch\\\/\"},{\"@type\":\"ListItem\",\"position\":2,\"name\":\"Pretium schliesst Kapitalerh\u00f6hung ab\"}]},{\"@type\":\"WebSite\",\"@id\":\"https:\\\/\\\/www.immobilienbusiness.ch\\\/#website\",\"url\":\"https:\\\/\\\/www.immobilienbusiness.ch\\\/\",\"name\":\"IMMOBILIEN Business\",\"description\":\"Unabh\u00e4ngiges Schweizer Wirtschaftsmagazin mit Fokus auf Immobilien, Architektur- und Bau sowie Investment- und Finanzierung.\",\"publisher\":{\"@id\":\"https:\\\/\\\/www.immobilienbusiness.ch\\\/#organization\"},\"potentialAction\":[{\"@type\":\"SearchAction\",\"target\":{\"@type\":\"EntryPoint\",\"urlTemplate\":\"https:\\\/\\\/www.immobilienbusiness.ch\\\/?s={search_term_string}\"},\"query-input\":{\"@type\":\"PropertyValueSpecification\",\"valueRequired\":true,\"valueName\":\"search_term_string\"}}],\"inLanguage\":\"de\"},{\"@type\":\"Organization\",\"@id\":\"https:\\\/\\\/www.immobilienbusiness.ch\\\/#organization\",\"name\":\"IMMOBILIEN Business\",\"url\":\"https:\\\/\\\/www.immobilienbusiness.ch\\\/\",\"logo\":{\"@type\":\"ImageObject\",\"inLanguage\":\"de\",\"@id\":\"https:\\\/\\\/www.immobilienbusiness.ch\\\/#\\\/schema\\\/logo\\\/image\\\/\",\"url\":\"https:\\\/\\\/www.immobilienbusiness.ch\\\/wp-content\\\/uploads\\\/2021\\\/07\\\/logo_ib.png\",\"contentUrl\":\"https:\\\/\\\/www.immobilienbusiness.ch\\\/wp-content\\\/uploads\\\/2021\\\/07\\\/logo_ib.png\",\"width\":800,\"height\":181,\"caption\":\"IMMOBILIEN Business\"},\"image\":{\"@id\":\"https:\\\/\\\/www.immobilienbusiness.ch\\\/#\\\/schema\\\/logo\\\/image\\\/\"},\"sameAs\":[\"https:\\\/\\\/www.facebook.com\\\/immobilienbusiness\\\/\"]},{\"@type\":\"Person\",\"@id\":\"https:\\\/\\\/www.immobilienbusiness.ch\\\/#\\\/schema\\\/person\\\/aba8bea2db926aa0c24c08c43fe1fcd5\",\"name\":\"Alexander Wachter\",\"image\":{\"@type\":\"ImageObject\",\"inLanguage\":\"de\",\"@id\":\"https:\\\/\\\/secure.gravatar.com\\\/avatar\\\/1a09e471f5389b0e0a6416eac287e0927c7c97a7b77f9e787eba3af7aee281dd?s=96&d=mm&r=g\",\"url\":\"https:\\\/\\\/secure.gravatar.com\\\/avatar\\\/1a09e471f5389b0e0a6416eac287e0927c7c97a7b77f9e787eba3af7aee281dd?s=96&d=mm&r=g\",\"contentUrl\":\"https:\\\/\\\/secure.gravatar.com\\\/avatar\\\/1a09e471f5389b0e0a6416eac287e0927c7c97a7b77f9e787eba3af7aee281dd?s=96&d=mm&r=g\",\"caption\":\"Alexander Wachter\"},\"url\":\"https:\\\/\\\/www.immobilienbusiness.ch\\\/de\\\/author\\\/alexander-wachter\\\/\"}]}<\/script>\n<!-- \/ Yoast SEO plugin. -->","yoast_head_json":{"title":"Pretium schliesst Kapitalerh\u00f6hung ab - IMMOBILIEN Business","description":"Der Pretium Real Estate Fund hat sein Emissionsziel erreicht, die Kapitalerh\u00f6hung war den Angaben zufolge \u00fcberzeichnet.","robots":{"index":"index","follow":"follow","max-snippet":"max-snippet:-1","max-image-preview":"max-image-preview:large","max-video-preview":"max-video-preview:-1"},"canonical":"https:\/\/www.immobilienbusiness.ch\/de\/unternehmen\/2026-04-24\/pretium-schliesst-kapitalerhoehung-ab\/","og_locale":"de_DE","og_type":"article","og_title":"Pretium schliesst Kapitalerh\u00f6hung ab - IMMOBILIEN Business","og_description":"Der Pretium Real Estate Fund hat sein Emissionsziel erreicht, die Kapitalerh\u00f6hung war den Angaben zufolge \u00fcberzeichnet.","og_url":"https:\/\/www.immobilienbusiness.ch\/de\/unternehmen\/2026-04-24\/pretium-schliesst-kapitalerhoehung-ab\/","og_site_name":"IMMOBILIEN Business","article_publisher":"https:\/\/www.facebook.com\/immobilienbusiness\/","article_published_time":"2026-04-24T03:40:30+00:00","article_modified_time":"2026-04-30T09:16:45+00:00","og_image":[{"width":1200,"height":801,"url":"https:\/\/www.immobilienbusiness.ch\/wp-content\/uploads\/2026\/03\/Depositphotos_757232012_L_Fonds-2-scaled.jpg","type":"image\/jpeg"}],"author":"Alexander Wachter","twitter_card":"summary_large_image","schema":{"@context":"https:\/\/schema.org","@graph":[{"@type":"Article","@id":"https:\/\/www.immobilienbusiness.ch\/unternehmen\/2026-04-24\/pretium-schliesst-kapitalerhoehung-ab\/#article","isPartOf":{"@id":"https:\/\/www.immobilienbusiness.ch\/unternehmen\/2026-04-24\/pretium-schliesst-kapitalerhoehung-ab\/"},"author":{"name":"Alexander Wachter","@id":"https:\/\/www.immobilienbusiness.ch\/#\/schema\/person\/aba8bea2db926aa0c24c08c43fe1fcd5"},"headline":"Pretium schliesst Kapitalerh\u00f6hung ab","datePublished":"2026-04-24T03:40:30+00:00","dateModified":"2026-04-30T09:16:45+00:00","mainEntityOfPage":{"@id":"https:\/\/www.immobilienbusiness.ch\/unternehmen\/2026-04-24\/pretium-schliesst-kapitalerhoehung-ab\/"},"wordCount":105,"publisher":{"@id":"https:\/\/www.immobilienbusiness.ch\/#organization"},"image":{"@id":"https:\/\/www.immobilienbusiness.ch\/unternehmen\/2026-04-24\/pretium-schliesst-kapitalerhoehung-ab\/#primaryimage"},"thumbnailUrl":"https:\/\/www.immobilienbusiness.ch\/wp-content\/uploads\/2026\/03\/Depositphotos_757232012_L_Fonds-2-scaled.jpg","keywords":["Immobilienfonds","Kapitalerh\u00f6hung","Pretium Invest"],"articleSection":["UNTERNEHMEN"],"inLanguage":"de"},{"@type":"WebPage","@id":"https:\/\/www.immobilienbusiness.ch\/unternehmen\/2026-04-24\/pretium-schliesst-kapitalerhoehung-ab\/","url":"https:\/\/www.immobilienbusiness.ch\/unternehmen\/2026-04-24\/pretium-schliesst-kapitalerhoehung-ab\/","name":"Pretium schliesst Kapitalerh\u00f6hung ab - IMMOBILIEN Business","isPartOf":{"@id":"https:\/\/www.immobilienbusiness.ch\/#website"},"primaryImageOfPage":{"@id":"https:\/\/www.immobilienbusiness.ch\/unternehmen\/2026-04-24\/pretium-schliesst-kapitalerhoehung-ab\/#primaryimage"},"image":{"@id":"https:\/\/www.immobilienbusiness.ch\/unternehmen\/2026-04-24\/pretium-schliesst-kapitalerhoehung-ab\/#primaryimage"},"thumbnailUrl":"https:\/\/www.immobilienbusiness.ch\/wp-content\/uploads\/2026\/03\/Depositphotos_757232012_L_Fonds-2-scaled.jpg","datePublished":"2026-04-24T03:40:30+00:00","dateModified":"2026-04-30T09:16:45+00:00","description":"Der Pretium Real Estate Fund hat sein Emissionsziel erreicht, die Kapitalerh\u00f6hung war den Angaben zufolge \u00fcberzeichnet.","breadcrumb":{"@id":"https:\/\/www.immobilienbusiness.ch\/unternehmen\/2026-04-24\/pretium-schliesst-kapitalerhoehung-ab\/#breadcrumb"},"inLanguage":"de","potentialAction":[{"@type":"ReadAction","target":["https:\/\/www.immobilienbusiness.ch\/unternehmen\/2026-04-24\/pretium-schliesst-kapitalerhoehung-ab\/"]}]},{"@type":"ImageObject","inLanguage":"de","@id":"https:\/\/www.immobilienbusiness.ch\/unternehmen\/2026-04-24\/pretium-schliesst-kapitalerhoehung-ab\/#primaryimage","url":"https:\/\/www.immobilienbusiness.ch\/wp-content\/uploads\/2026\/03\/Depositphotos_757232012_L_Fonds-2-scaled.jpg","contentUrl":"https:\/\/www.immobilienbusiness.ch\/wp-content\/uploads\/2026\/03\/Depositphotos_757232012_L_Fonds-2-scaled.jpg","width":1200,"height":801,"caption":"Pretium Real Estate ist ein relativ junger Fonds (Bild: Depositphotos)"},{"@type":"BreadcrumbList","@id":"https:\/\/www.immobilienbusiness.ch\/unternehmen\/2026-04-24\/pretium-schliesst-kapitalerhoehung-ab\/#breadcrumb","itemListElement":[{"@type":"ListItem","position":1,"name":"Home","item":"https:\/\/www.immobilienbusiness.ch\/"},{"@type":"ListItem","position":2,"name":"Pretium schliesst Kapitalerh\u00f6hung ab"}]},{"@type":"WebSite","@id":"https:\/\/www.immobilienbusiness.ch\/#website","url":"https:\/\/www.immobilienbusiness.ch\/","name":"IMMOBILIEN Business","description":"Unabh\u00e4ngiges Schweizer Wirtschaftsmagazin mit Fokus auf Immobilien, Architektur- und Bau sowie Investment- und Finanzierung.","publisher":{"@id":"https:\/\/www.immobilienbusiness.ch\/#organization"},"potentialAction":[{"@type":"SearchAction","target":{"@type":"EntryPoint","urlTemplate":"https:\/\/www.immobilienbusiness.ch\/?s={search_term_string}"},"query-input":{"@type":"PropertyValueSpecification","valueRequired":true,"valueName":"search_term_string"}}],"inLanguage":"de"},{"@type":"Organization","@id":"https:\/\/www.immobilienbusiness.ch\/#organization","name":"IMMOBILIEN Business","url":"https:\/\/www.immobilienbusiness.ch\/","logo":{"@type":"ImageObject","inLanguage":"de","@id":"https:\/\/www.immobilienbusiness.ch\/#\/schema\/logo\/image\/","url":"https:\/\/www.immobilienbusiness.ch\/wp-content\/uploads\/2021\/07\/logo_ib.png","contentUrl":"https:\/\/www.immobilienbusiness.ch\/wp-content\/uploads\/2021\/07\/logo_ib.png","width":800,"height":181,"caption":"IMMOBILIEN Business"},"image":{"@id":"https:\/\/www.immobilienbusiness.ch\/#\/schema\/logo\/image\/"},"sameAs":["https:\/\/www.facebook.com\/immobilienbusiness\/"]},{"@type":"Person","@id":"https:\/\/www.immobilienbusiness.ch\/#\/schema\/person\/aba8bea2db926aa0c24c08c43fe1fcd5","name":"Alexander Wachter","image":{"@type":"ImageObject","inLanguage":"de","@id":"https:\/\/secure.gravatar.com\/avatar\/1a09e471f5389b0e0a6416eac287e0927c7c97a7b77f9e787eba3af7aee281dd?s=96&d=mm&r=g","url":"https:\/\/secure.gravatar.com\/avatar\/1a09e471f5389b0e0a6416eac287e0927c7c97a7b77f9e787eba3af7aee281dd?s=96&d=mm&r=g","contentUrl":"https:\/\/secure.gravatar.com\/avatar\/1a09e471f5389b0e0a6416eac287e0927c7c97a7b77f9e787eba3af7aee281dd?s=96&d=mm&r=g","caption":"Alexander Wachter"},"url":"https:\/\/www.immobilienbusiness.ch\/de\/author\/alexander-wachter\/"}]}},"_links":{"self":[{"href":"https:\/\/www.immobilienbusiness.ch\/de\/wp-json\/wp\/v2\/posts\/68286","targetHints":{"allow":["GET"]}}],"collection":[{"href":"https:\/\/www.immobilienbusiness.ch\/de\/wp-json\/wp\/v2\/posts"}],"about":[{"href":"https:\/\/www.immobilienbusiness.ch\/de\/wp-json\/wp\/v2\/types\/post"}],"author":[{"embeddable":true,"href":"https:\/\/www.immobilienbusiness.ch\/de\/wp-json\/wp\/v2\/users\/102"}],"replies":[{"embeddable":true,"href":"https:\/\/www.immobilienbusiness.ch\/de\/wp-json\/wp\/v2\/comments?post=68286"}],"version-history":[{"count":3,"href":"https:\/\/www.immobilienbusiness.ch\/de\/wp-json\/wp\/v2\/posts\/68286\/revisions"}],"predecessor-version":[{"id":68387,"href":"https:\/\/www.immobilienbusiness.ch\/de\/wp-json\/wp\/v2\/posts\/68286\/revisions\/68387"}],"wp:featuredmedia":[{"embeddable":true,"href":"https:\/\/www.immobilienbusiness.ch\/de\/wp-json\/wp\/v2\/media\/67803"}],"wp:attachment":[{"href":"https:\/\/www.immobilienbusiness.ch\/de\/wp-json\/wp\/v2\/media?parent=68286"}],"wp:term":[{"taxonomy":"category","embeddable":true,"href":"https:\/\/www.immobilienbusiness.ch\/de\/wp-json\/wp\/v2\/categories?post=68286"},{"taxonomy":"post_tag","embeddable":true,"href":"https:\/\/www.immobilienbusiness.ch\/de\/wp-json\/wp\/v2\/tags?post=68286"}],"curies":[{"name":"wp","href":"https:\/\/api.w.org\/{rel}","templated":true}]}}