{"id":68284,"date":"2026-04-24T06:25:18","date_gmt":"2026-04-24T04:25:18","guid":{"rendered":"https:\/\/www.immobilienbusiness.ch\/?p=68284"},"modified":"2026-04-30T11:15:21","modified_gmt":"2026-04-30T09:15:21","slug":"erres-fonds-plant-dieses-jahr-kapitalerhoehung-um-bis-zu-450-millionen","status":"publish","type":"post","link":"https:\/\/www.immobilienbusiness.ch\/de\/unternehmen\/2026-04-24\/erres-fonds-plant-dieses-jahr-kapitalerhoehung-um-bis-zu-450-millionen\/","title":{"rendered":"Erres plant dieses Jahr Kapitalerh\u00f6hung um bis zu 450 Millionen"},"content":{"rendered":"<figure id=\"attachment_67945\" aria-describedby=\"caption-attachment-67945\" style=\"width: 768px\" class=\"wp-caption alignnone\"><a href=\"https:\/\/www.immobilienbusiness.ch\/wp-content\/uploads\/2026\/04\/Depositphotos_335234718_L._Kapital-scaled.jpg\"><img loading=\"lazy\" decoding=\"async\" class=\"size-large wp-image-67945\" src=\"https:\/\/www.immobilienbusiness.ch\/wp-content\/uploads\/2026\/04\/Depositphotos_335234718_L._Kapital-1024x687.jpg\" alt=\"\" width=\"768\" height=\"515\" srcset=\"https:\/\/www.immobilienbusiness.ch\/wp-content\/uploads\/2026\/04\/Depositphotos_335234718_L._Kapital-1024x687.jpg 1024w, https:\/\/www.immobilienbusiness.ch\/wp-content\/uploads\/2026\/04\/Depositphotos_335234718_L._Kapital-300x201.jpg 300w, https:\/\/www.immobilienbusiness.ch\/wp-content\/uploads\/2026\/04\/Depositphotos_335234718_L._Kapital-768x515.jpg 768w, https:\/\/www.immobilienbusiness.ch\/wp-content\/uploads\/2026\/04\/Depositphotos_335234718_L._Kapital-1536x1031.jpg 1536w, https:\/\/www.immobilienbusiness.ch\/wp-content\/uploads\/2026\/04\/Depositphotos_335234718_L._Kapital-18x12.jpg 18w, https:\/\/www.immobilienbusiness.ch\/wp-content\/uploads\/2026\/04\/Depositphotos_335234718_L._Kapital-375x252.jpg 375w, https:\/\/www.immobilienbusiness.ch\/wp-content\/uploads\/2026\/04\/Depositphotos_335234718_L._Kapital-522x350.jpg 522w, https:\/\/www.immobilienbusiness.ch\/wp-content\/uploads\/2026\/04\/Depositphotos_335234718_L._Kapital-1000x671.jpg 1000w, https:\/\/www.immobilienbusiness.ch\/wp-content\/uploads\/2026\/04\/Depositphotos_335234718_L._Kapital-scaled.jpg 1200w\" sizes=\"auto, (max-width: 768px) 100vw, 768px\" \/><\/a><figcaption id=\"caption-attachment-67945\" class=\"wp-caption-text\">Der Fonds plant erneut eine grosse Kapitalerh\u00f6hung<br \/>(Bild: Depositphotos)<\/figcaption><\/figure>\n<p>Der Verwaltungsrat des Edmond de Rothschild Real Estate Sivac (Erres Swiss) plant, das Kapital des Fonds im September um einen Betrag zwischen 350 Mio. und 450 Mio. CHF zu erh\u00f6hen. Dadurch sollen \u00abneue, gesicherte Akquisitionen\u00bb finanziert werden. Auch seien die Mittel f\u00fcr laufende Entwicklungs-, Bau- und Sanierungsprojekte und die nachhaltige Reduzierung der Fremdfinanzierungsquote vorgesehen. \u00abDer Verwaltungsrat wird den Betrag bis Ende Juni pr\u00e4zisieren, abh\u00e4ngig von der Entwicklung der Marktbedingungen und der vom Manager gesicherten Pipeline\u00bb, heisst es in einer Mitteilung. Den Gesch\u00e4ftsbericht f\u00fcr das Gesch\u00e4ftsjahr 2025\/26 hat die Fondsleitung f\u00fcr den 24. Juni angek\u00fcndigt.<\/p>\n<p>Auch im letzten Gesch\u00e4ftsjahr hatte der Fonds eine grosse Kapitalerh\u00f6hung gestemmt: Im Rahmen der Emssion, die im Sommer \u00fcber die B\u00fchne ging, kamen knapp 400 Mio. CHF zusammen. Die Mittel waren insbesondere f\u00fcr den Ankauf eines Portfolios f\u00fcr 290,0 Mio. CHF sowie den Erwerb von zehn bereits unterzeichneten Termink\u00e4ufen vorgesehen. Gelder aus der Kapitelerh\u00f6hung flossen zudem in mehrere Renovierungs- und Umnutzungsprojekte <a href=\"https:\/\/www.immobilienbusiness.ch\/de\/unternehmen\/2025-08-07\/erres-fonds-nimmt-400-millionen-franken-fuer-zukaeufe-und-projekte-auf\/\" target=\"_blank\" rel=\"noopener\">(IB berichtete)<\/a>. <em>(aw)<\/em><\/p>\n","protected":false},"excerpt":{"rendered":"<p>Im September will Edmond de Rothschild eine Emission in der Gr\u00f6ssenordnung von 350 bis 450 Millionen Franken \u2013 insbesondere f\u00fcr bereits gesicherte Zuk\u00e4ufe &#8211; lancieren.<\/p>\n","protected":false},"author":102,"featured_media":67945,"comment_status":"closed","ping_status":"closed","sticky":false,"template":"","format":"standard","meta":{"_acf_changed":false,"_yoast_wpseo_focuskw":"Erres","_yoast_wpseo_title":"","_yoast_wpseo_metadesc":"Im September will Edmond de Rothschild eine Emission in der Gr\u00f6ssenordnung von 350 bis 450 Millionen Franken \u2013 insbesondere f\u00fcr bereits gesicherte Zuk\u00e4ufe - lancieren.","_yoast_wpseo_linkdex":62,"pgc_sgb_lightbox_settings":"","footnotes":""},"categories":[988],"tags":[1182,4125,1344,1412],"class_list":["post-68284","post","type-post","status-publish","format-standard","has-post-thumbnail","hentry","category-unternehmen","tag-edmond-de-rothschild","tag-erres","tag-immobilienfonds","tag-kapitalerhoehung"],"acf":[],"yoast_head":"<!-- This site is optimized with the Yoast SEO plugin v27.5 - https:\/\/yoast.com\/product\/yoast-seo-wordpress\/ -->\n<title>Erres plant dieses Jahr Kapitalerh\u00f6hung um bis zu 450 Millionen - IMMOBILIEN Business<\/title>\n<meta name=\"description\" content=\"Im September will Edmond de Rothschild eine Emission in der Gr\u00f6ssenordnung von 350 bis 450 Millionen Franken \u2013 insbesondere f\u00fcr bereits gesicherte Zuk\u00e4ufe - lancieren.\" \/>\n<meta name=\"robots\" content=\"index, follow, max-snippet:-1, max-image-preview:large, max-video-preview:-1\" \/>\n<link rel=\"canonical\" href=\"https:\/\/www.immobilienbusiness.ch\/de\/unternehmen\/2026-04-24\/erres-fonds-plant-dieses-jahr-kapitalerhoehung-um-bis-zu-450-millionen\/\" \/>\n<meta property=\"og:locale\" content=\"de_DE\" \/>\n<meta property=\"og:type\" content=\"article\" \/>\n<meta property=\"og:title\" content=\"Erres plant dieses Jahr Kapitalerh\u00f6hung um bis zu 450 Millionen - IMMOBILIEN Business\" \/>\n<meta property=\"og:description\" content=\"Im September will Edmond de Rothschild eine Emission in der Gr\u00f6ssenordnung von 350 bis 450 Millionen Franken \u2013 insbesondere f\u00fcr bereits gesicherte Zuk\u00e4ufe - lancieren.\" \/>\n<meta property=\"og:url\" content=\"https:\/\/www.immobilienbusiness.ch\/de\/unternehmen\/2026-04-24\/erres-fonds-plant-dieses-jahr-kapitalerhoehung-um-bis-zu-450-millionen\/\" \/>\n<meta property=\"og:site_name\" content=\"IMMOBILIEN Business\" \/>\n<meta property=\"article:publisher\" content=\"https:\/\/www.facebook.com\/immobilienbusiness\/\" \/>\n<meta property=\"article:published_time\" content=\"2026-04-24T04:25:18+00:00\" \/>\n<meta property=\"article:modified_time\" content=\"2026-04-30T09:15:21+00:00\" \/>\n<meta property=\"og:image\" content=\"https:\/\/www.immobilienbusiness.ch\/wp-content\/uploads\/2026\/04\/Depositphotos_335234718_L._Kapital-scaled.jpg\" \/>\n\t<meta property=\"og:image:width\" content=\"1200\" \/>\n\t<meta property=\"og:image:height\" content=\"805\" \/>\n\t<meta property=\"og:image:type\" content=\"image\/jpeg\" \/>\n<meta name=\"author\" content=\"Alexander Wachter\" \/>\n<meta name=\"twitter:card\" content=\"summary_large_image\" \/>\n<script type=\"application\/ld+json\" class=\"yoast-schema-graph\">{\"@context\":\"https:\\\/\\\/schema.org\",\"@graph\":[{\"@type\":\"Article\",\"@id\":\"https:\\\/\\\/www.immobilienbusiness.ch\\\/unternehmen\\\/2026-04-24\\\/erres-fonds-plant-dieses-jahr-kapitalerhoehung-um-bis-zu-450-millionen\\\/#article\",\"isPartOf\":{\"@id\":\"https:\\\/\\\/www.immobilienbusiness.ch\\\/unternehmen\\\/2026-04-24\\\/erres-fonds-plant-dieses-jahr-kapitalerhoehung-um-bis-zu-450-millionen\\\/\"},\"author\":{\"name\":\"Alexander Wachter\",\"@id\":\"https:\\\/\\\/www.immobilienbusiness.ch\\\/#\\\/schema\\\/person\\\/aba8bea2db926aa0c24c08c43fe1fcd5\"},\"headline\":\"Erres plant dieses Jahr Kapitalerh\u00f6hung um bis zu 450 Millionen\",\"datePublished\":\"2026-04-24T04:25:18+00:00\",\"dateModified\":\"2026-04-30T09:15:21+00:00\",\"mainEntityOfPage\":{\"@id\":\"https:\\\/\\\/www.immobilienbusiness.ch\\\/unternehmen\\\/2026-04-24\\\/erres-fonds-plant-dieses-jahr-kapitalerhoehung-um-bis-zu-450-millionen\\\/\"},\"wordCount\":195,\"publisher\":{\"@id\":\"https:\\\/\\\/www.immobilienbusiness.ch\\\/#organization\"},\"image\":{\"@id\":\"https:\\\/\\\/www.immobilienbusiness.ch\\\/unternehmen\\\/2026-04-24\\\/erres-fonds-plant-dieses-jahr-kapitalerhoehung-um-bis-zu-450-millionen\\\/#primaryimage\"},\"thumbnailUrl\":\"https:\\\/\\\/www.immobilienbusiness.ch\\\/wp-content\\\/uploads\\\/2026\\\/04\\\/Depositphotos_335234718_L._Kapital-scaled.jpg\",\"keywords\":[\"Edmond de Rothschild\",\"Erres\",\"Immobilienfonds\",\"Kapitalerh\u00f6hung\"],\"articleSection\":[\"UNTERNEHMEN\"],\"inLanguage\":\"de\"},{\"@type\":\"WebPage\",\"@id\":\"https:\\\/\\\/www.immobilienbusiness.ch\\\/unternehmen\\\/2026-04-24\\\/erres-fonds-plant-dieses-jahr-kapitalerhoehung-um-bis-zu-450-millionen\\\/\",\"url\":\"https:\\\/\\\/www.immobilienbusiness.ch\\\/unternehmen\\\/2026-04-24\\\/erres-fonds-plant-dieses-jahr-kapitalerhoehung-um-bis-zu-450-millionen\\\/\",\"name\":\"Erres plant dieses Jahr Kapitalerh\u00f6hung um bis zu 450 Millionen - IMMOBILIEN Business\",\"isPartOf\":{\"@id\":\"https:\\\/\\\/www.immobilienbusiness.ch\\\/#website\"},\"primaryImageOfPage\":{\"@id\":\"https:\\\/\\\/www.immobilienbusiness.ch\\\/unternehmen\\\/2026-04-24\\\/erres-fonds-plant-dieses-jahr-kapitalerhoehung-um-bis-zu-450-millionen\\\/#primaryimage\"},\"image\":{\"@id\":\"https:\\\/\\\/www.immobilienbusiness.ch\\\/unternehmen\\\/2026-04-24\\\/erres-fonds-plant-dieses-jahr-kapitalerhoehung-um-bis-zu-450-millionen\\\/#primaryimage\"},\"thumbnailUrl\":\"https:\\\/\\\/www.immobilienbusiness.ch\\\/wp-content\\\/uploads\\\/2026\\\/04\\\/Depositphotos_335234718_L._Kapital-scaled.jpg\",\"datePublished\":\"2026-04-24T04:25:18+00:00\",\"dateModified\":\"2026-04-30T09:15:21+00:00\",\"description\":\"Im September will Edmond de Rothschild eine Emission in der Gr\u00f6ssenordnung von 350 bis 450 Millionen Franken \u2013 insbesondere f\u00fcr bereits gesicherte Zuk\u00e4ufe - lancieren.\",\"breadcrumb\":{\"@id\":\"https:\\\/\\\/www.immobilienbusiness.ch\\\/unternehmen\\\/2026-04-24\\\/erres-fonds-plant-dieses-jahr-kapitalerhoehung-um-bis-zu-450-millionen\\\/#breadcrumb\"},\"inLanguage\":\"de\",\"potentialAction\":[{\"@type\":\"ReadAction\",\"target\":[\"https:\\\/\\\/www.immobilienbusiness.ch\\\/unternehmen\\\/2026-04-24\\\/erres-fonds-plant-dieses-jahr-kapitalerhoehung-um-bis-zu-450-millionen\\\/\"]}]},{\"@type\":\"ImageObject\",\"inLanguage\":\"de\",\"@id\":\"https:\\\/\\\/www.immobilienbusiness.ch\\\/unternehmen\\\/2026-04-24\\\/erres-fonds-plant-dieses-jahr-kapitalerhoehung-um-bis-zu-450-millionen\\\/#primaryimage\",\"url\":\"https:\\\/\\\/www.immobilienbusiness.ch\\\/wp-content\\\/uploads\\\/2026\\\/04\\\/Depositphotos_335234718_L._Kapital-scaled.jpg\",\"contentUrl\":\"https:\\\/\\\/www.immobilienbusiness.ch\\\/wp-content\\\/uploads\\\/2026\\\/04\\\/Depositphotos_335234718_L._Kapital-scaled.jpg\",\"width\":1200,\"height\":805,\"caption\":\"Der Fonds plant erneut eine grosse Kapitalerh\u00f6hung (Bild: Depositphotos)\"},{\"@type\":\"BreadcrumbList\",\"@id\":\"https:\\\/\\\/www.immobilienbusiness.ch\\\/unternehmen\\\/2026-04-24\\\/erres-fonds-plant-dieses-jahr-kapitalerhoehung-um-bis-zu-450-millionen\\\/#breadcrumb\",\"itemListElement\":[{\"@type\":\"ListItem\",\"position\":1,\"name\":\"Home\",\"item\":\"https:\\\/\\\/www.immobilienbusiness.ch\\\/\"},{\"@type\":\"ListItem\",\"position\":2,\"name\":\"Erres plant dieses Jahr Kapitalerh\u00f6hung um bis zu 450 Millionen\"}]},{\"@type\":\"WebSite\",\"@id\":\"https:\\\/\\\/www.immobilienbusiness.ch\\\/#website\",\"url\":\"https:\\\/\\\/www.immobilienbusiness.ch\\\/\",\"name\":\"IMMOBILIEN Business\",\"description\":\"Unabh\u00e4ngiges Schweizer Wirtschaftsmagazin mit Fokus auf Immobilien, Architektur- und Bau sowie Investment- und Finanzierung.\",\"publisher\":{\"@id\":\"https:\\\/\\\/www.immobilienbusiness.ch\\\/#organization\"},\"potentialAction\":[{\"@type\":\"SearchAction\",\"target\":{\"@type\":\"EntryPoint\",\"urlTemplate\":\"https:\\\/\\\/www.immobilienbusiness.ch\\\/?s={search_term_string}\"},\"query-input\":{\"@type\":\"PropertyValueSpecification\",\"valueRequired\":true,\"valueName\":\"search_term_string\"}}],\"inLanguage\":\"de\"},{\"@type\":\"Organization\",\"@id\":\"https:\\\/\\\/www.immobilienbusiness.ch\\\/#organization\",\"name\":\"IMMOBILIEN Business\",\"url\":\"https:\\\/\\\/www.immobilienbusiness.ch\\\/\",\"logo\":{\"@type\":\"ImageObject\",\"inLanguage\":\"de\",\"@id\":\"https:\\\/\\\/www.immobilienbusiness.ch\\\/#\\\/schema\\\/logo\\\/image\\\/\",\"url\":\"https:\\\/\\\/www.immobilienbusiness.ch\\\/wp-content\\\/uploads\\\/2021\\\/07\\\/logo_ib.png\",\"contentUrl\":\"https:\\\/\\\/www.immobilienbusiness.ch\\\/wp-content\\\/uploads\\\/2021\\\/07\\\/logo_ib.png\",\"width\":800,\"height\":181,\"caption\":\"IMMOBILIEN Business\"},\"image\":{\"@id\":\"https:\\\/\\\/www.immobilienbusiness.ch\\\/#\\\/schema\\\/logo\\\/image\\\/\"},\"sameAs\":[\"https:\\\/\\\/www.facebook.com\\\/immobilienbusiness\\\/\"]},{\"@type\":\"Person\",\"@id\":\"https:\\\/\\\/www.immobilienbusiness.ch\\\/#\\\/schema\\\/person\\\/aba8bea2db926aa0c24c08c43fe1fcd5\",\"name\":\"Alexander Wachter\",\"image\":{\"@type\":\"ImageObject\",\"inLanguage\":\"de\",\"@id\":\"https:\\\/\\\/secure.gravatar.com\\\/avatar\\\/1a09e471f5389b0e0a6416eac287e0927c7c97a7b77f9e787eba3af7aee281dd?s=96&d=mm&r=g\",\"url\":\"https:\\\/\\\/secure.gravatar.com\\\/avatar\\\/1a09e471f5389b0e0a6416eac287e0927c7c97a7b77f9e787eba3af7aee281dd?s=96&d=mm&r=g\",\"contentUrl\":\"https:\\\/\\\/secure.gravatar.com\\\/avatar\\\/1a09e471f5389b0e0a6416eac287e0927c7c97a7b77f9e787eba3af7aee281dd?s=96&d=mm&r=g\",\"caption\":\"Alexander Wachter\"},\"url\":\"https:\\\/\\\/www.immobilienbusiness.ch\\\/de\\\/author\\\/alexander-wachter\\\/\"}]}<\/script>\n<!-- \/ Yoast SEO plugin. -->","yoast_head_json":{"title":"Erres plant dieses Jahr Kapitalerh\u00f6hung um bis zu 450 Millionen - IMMOBILIEN Business","description":"Im September will Edmond de Rothschild eine Emission in der Gr\u00f6ssenordnung von 350 bis 450 Millionen Franken \u2013 insbesondere f\u00fcr bereits gesicherte Zuk\u00e4ufe - lancieren.","robots":{"index":"index","follow":"follow","max-snippet":"max-snippet:-1","max-image-preview":"max-image-preview:large","max-video-preview":"max-video-preview:-1"},"canonical":"https:\/\/www.immobilienbusiness.ch\/de\/unternehmen\/2026-04-24\/erres-fonds-plant-dieses-jahr-kapitalerhoehung-um-bis-zu-450-millionen\/","og_locale":"de_DE","og_type":"article","og_title":"Erres plant dieses Jahr Kapitalerh\u00f6hung um bis zu 450 Millionen - IMMOBILIEN Business","og_description":"Im September will Edmond de Rothschild eine Emission in der Gr\u00f6ssenordnung von 350 bis 450 Millionen Franken \u2013 insbesondere f\u00fcr bereits gesicherte Zuk\u00e4ufe - lancieren.","og_url":"https:\/\/www.immobilienbusiness.ch\/de\/unternehmen\/2026-04-24\/erres-fonds-plant-dieses-jahr-kapitalerhoehung-um-bis-zu-450-millionen\/","og_site_name":"IMMOBILIEN Business","article_publisher":"https:\/\/www.facebook.com\/immobilienbusiness\/","article_published_time":"2026-04-24T04:25:18+00:00","article_modified_time":"2026-04-30T09:15:21+00:00","og_image":[{"width":1200,"height":805,"url":"https:\/\/www.immobilienbusiness.ch\/wp-content\/uploads\/2026\/04\/Depositphotos_335234718_L._Kapital-scaled.jpg","type":"image\/jpeg"}],"author":"Alexander Wachter","twitter_card":"summary_large_image","schema":{"@context":"https:\/\/schema.org","@graph":[{"@type":"Article","@id":"https:\/\/www.immobilienbusiness.ch\/unternehmen\/2026-04-24\/erres-fonds-plant-dieses-jahr-kapitalerhoehung-um-bis-zu-450-millionen\/#article","isPartOf":{"@id":"https:\/\/www.immobilienbusiness.ch\/unternehmen\/2026-04-24\/erres-fonds-plant-dieses-jahr-kapitalerhoehung-um-bis-zu-450-millionen\/"},"author":{"name":"Alexander Wachter","@id":"https:\/\/www.immobilienbusiness.ch\/#\/schema\/person\/aba8bea2db926aa0c24c08c43fe1fcd5"},"headline":"Erres plant dieses Jahr Kapitalerh\u00f6hung um bis zu 450 Millionen","datePublished":"2026-04-24T04:25:18+00:00","dateModified":"2026-04-30T09:15:21+00:00","mainEntityOfPage":{"@id":"https:\/\/www.immobilienbusiness.ch\/unternehmen\/2026-04-24\/erres-fonds-plant-dieses-jahr-kapitalerhoehung-um-bis-zu-450-millionen\/"},"wordCount":195,"publisher":{"@id":"https:\/\/www.immobilienbusiness.ch\/#organization"},"image":{"@id":"https:\/\/www.immobilienbusiness.ch\/unternehmen\/2026-04-24\/erres-fonds-plant-dieses-jahr-kapitalerhoehung-um-bis-zu-450-millionen\/#primaryimage"},"thumbnailUrl":"https:\/\/www.immobilienbusiness.ch\/wp-content\/uploads\/2026\/04\/Depositphotos_335234718_L._Kapital-scaled.jpg","keywords":["Edmond de Rothschild","Erres","Immobilienfonds","Kapitalerh\u00f6hung"],"articleSection":["UNTERNEHMEN"],"inLanguage":"de"},{"@type":"WebPage","@id":"https:\/\/www.immobilienbusiness.ch\/unternehmen\/2026-04-24\/erres-fonds-plant-dieses-jahr-kapitalerhoehung-um-bis-zu-450-millionen\/","url":"https:\/\/www.immobilienbusiness.ch\/unternehmen\/2026-04-24\/erres-fonds-plant-dieses-jahr-kapitalerhoehung-um-bis-zu-450-millionen\/","name":"Erres plant dieses Jahr Kapitalerh\u00f6hung um bis zu 450 Millionen - IMMOBILIEN Business","isPartOf":{"@id":"https:\/\/www.immobilienbusiness.ch\/#website"},"primaryImageOfPage":{"@id":"https:\/\/www.immobilienbusiness.ch\/unternehmen\/2026-04-24\/erres-fonds-plant-dieses-jahr-kapitalerhoehung-um-bis-zu-450-millionen\/#primaryimage"},"image":{"@id":"https:\/\/www.immobilienbusiness.ch\/unternehmen\/2026-04-24\/erres-fonds-plant-dieses-jahr-kapitalerhoehung-um-bis-zu-450-millionen\/#primaryimage"},"thumbnailUrl":"https:\/\/www.immobilienbusiness.ch\/wp-content\/uploads\/2026\/04\/Depositphotos_335234718_L._Kapital-scaled.jpg","datePublished":"2026-04-24T04:25:18+00:00","dateModified":"2026-04-30T09:15:21+00:00","description":"Im September will Edmond de Rothschild eine Emission in der Gr\u00f6ssenordnung von 350 bis 450 Millionen Franken \u2013 insbesondere f\u00fcr bereits gesicherte Zuk\u00e4ufe - lancieren.","breadcrumb":{"@id":"https:\/\/www.immobilienbusiness.ch\/unternehmen\/2026-04-24\/erres-fonds-plant-dieses-jahr-kapitalerhoehung-um-bis-zu-450-millionen\/#breadcrumb"},"inLanguage":"de","potentialAction":[{"@type":"ReadAction","target":["https:\/\/www.immobilienbusiness.ch\/unternehmen\/2026-04-24\/erres-fonds-plant-dieses-jahr-kapitalerhoehung-um-bis-zu-450-millionen\/"]}]},{"@type":"ImageObject","inLanguage":"de","@id":"https:\/\/www.immobilienbusiness.ch\/unternehmen\/2026-04-24\/erres-fonds-plant-dieses-jahr-kapitalerhoehung-um-bis-zu-450-millionen\/#primaryimage","url":"https:\/\/www.immobilienbusiness.ch\/wp-content\/uploads\/2026\/04\/Depositphotos_335234718_L._Kapital-scaled.jpg","contentUrl":"https:\/\/www.immobilienbusiness.ch\/wp-content\/uploads\/2026\/04\/Depositphotos_335234718_L._Kapital-scaled.jpg","width":1200,"height":805,"caption":"Der Fonds plant erneut eine grosse Kapitalerh\u00f6hung (Bild: Depositphotos)"},{"@type":"BreadcrumbList","@id":"https:\/\/www.immobilienbusiness.ch\/unternehmen\/2026-04-24\/erres-fonds-plant-dieses-jahr-kapitalerhoehung-um-bis-zu-450-millionen\/#breadcrumb","itemListElement":[{"@type":"ListItem","position":1,"name":"Home","item":"https:\/\/www.immobilienbusiness.ch\/"},{"@type":"ListItem","position":2,"name":"Erres plant dieses Jahr Kapitalerh\u00f6hung um bis zu 450 Millionen"}]},{"@type":"WebSite","@id":"https:\/\/www.immobilienbusiness.ch\/#website","url":"https:\/\/www.immobilienbusiness.ch\/","name":"IMMOBILIEN Business","description":"Unabh\u00e4ngiges Schweizer Wirtschaftsmagazin mit Fokus auf Immobilien, Architektur- und Bau sowie Investment- und Finanzierung.","publisher":{"@id":"https:\/\/www.immobilienbusiness.ch\/#organization"},"potentialAction":[{"@type":"SearchAction","target":{"@type":"EntryPoint","urlTemplate":"https:\/\/www.immobilienbusiness.ch\/?s={search_term_string}"},"query-input":{"@type":"PropertyValueSpecification","valueRequired":true,"valueName":"search_term_string"}}],"inLanguage":"de"},{"@type":"Organization","@id":"https:\/\/www.immobilienbusiness.ch\/#organization","name":"IMMOBILIEN Business","url":"https:\/\/www.immobilienbusiness.ch\/","logo":{"@type":"ImageObject","inLanguage":"de","@id":"https:\/\/www.immobilienbusiness.ch\/#\/schema\/logo\/image\/","url":"https:\/\/www.immobilienbusiness.ch\/wp-content\/uploads\/2021\/07\/logo_ib.png","contentUrl":"https:\/\/www.immobilienbusiness.ch\/wp-content\/uploads\/2021\/07\/logo_ib.png","width":800,"height":181,"caption":"IMMOBILIEN Business"},"image":{"@id":"https:\/\/www.immobilienbusiness.ch\/#\/schema\/logo\/image\/"},"sameAs":["https:\/\/www.facebook.com\/immobilienbusiness\/"]},{"@type":"Person","@id":"https:\/\/www.immobilienbusiness.ch\/#\/schema\/person\/aba8bea2db926aa0c24c08c43fe1fcd5","name":"Alexander Wachter","image":{"@type":"ImageObject","inLanguage":"de","@id":"https:\/\/secure.gravatar.com\/avatar\/1a09e471f5389b0e0a6416eac287e0927c7c97a7b77f9e787eba3af7aee281dd?s=96&d=mm&r=g","url":"https:\/\/secure.gravatar.com\/avatar\/1a09e471f5389b0e0a6416eac287e0927c7c97a7b77f9e787eba3af7aee281dd?s=96&d=mm&r=g","contentUrl":"https:\/\/secure.gravatar.com\/avatar\/1a09e471f5389b0e0a6416eac287e0927c7c97a7b77f9e787eba3af7aee281dd?s=96&d=mm&r=g","caption":"Alexander Wachter"},"url":"https:\/\/www.immobilienbusiness.ch\/de\/author\/alexander-wachter\/"}]}},"_links":{"self":[{"href":"https:\/\/www.immobilienbusiness.ch\/de\/wp-json\/wp\/v2\/posts\/68284","targetHints":{"allow":["GET"]}}],"collection":[{"href":"https:\/\/www.immobilienbusiness.ch\/de\/wp-json\/wp\/v2\/posts"}],"about":[{"href":"https:\/\/www.immobilienbusiness.ch\/de\/wp-json\/wp\/v2\/types\/post"}],"author":[{"embeddable":true,"href":"https:\/\/www.immobilienbusiness.ch\/de\/wp-json\/wp\/v2\/users\/102"}],"replies":[{"embeddable":true,"href":"https:\/\/www.immobilienbusiness.ch\/de\/wp-json\/wp\/v2\/comments?post=68284"}],"version-history":[{"count":4,"href":"https:\/\/www.immobilienbusiness.ch\/de\/wp-json\/wp\/v2\/posts\/68284\/revisions"}],"predecessor-version":[{"id":68385,"href":"https:\/\/www.immobilienbusiness.ch\/de\/wp-json\/wp\/v2\/posts\/68284\/revisions\/68385"}],"wp:featuredmedia":[{"embeddable":true,"href":"https:\/\/www.immobilienbusiness.ch\/de\/wp-json\/wp\/v2\/media\/67945"}],"wp:attachment":[{"href":"https:\/\/www.immobilienbusiness.ch\/de\/wp-json\/wp\/v2\/media?parent=68284"}],"wp:term":[{"taxonomy":"category","embeddable":true,"href":"https:\/\/www.immobilienbusiness.ch\/de\/wp-json\/wp\/v2\/categories?post=68284"},{"taxonomy":"post_tag","embeddable":true,"href":"https:\/\/www.immobilienbusiness.ch\/de\/wp-json\/wp\/v2\/tags?post=68284"}],"curies":[{"name":"wp","href":"https:\/\/api.w.org\/{rel}","templated":true}]}}